{"id":18817,"date":"2010-09-04T14:20:32","date_gmt":"2010-09-04T13:20:32","guid":{"rendered":"http:\/\/www.bellunopress.it\/?p=18817"},"modified":"2010-09-04T14:20:32","modified_gmt":"2010-09-04T13:20:32","slug":"voila-sabato-4-settembre-a-feltre","status":"publish","type":"post","link":"https:\/\/www.bellunopress.it\/fr\/2010\/09\/04\/voila-sabato-4-settembre-a-feltre\/","title":{"rendered":"Voil\u00e0 sabato 4 settembre a Feltre"},"content":{"rendered":"<p>Dopo i successi degli appuntamenti frazionali, Voil\u00e0 arriva nel centro di Feltre per un gran sabato dedicato all\u2019arte di strada. Gi\u00e0 dal pomeriggio, dalle 17.00 alle 19.30, si susseguiranno vari spettacoli lungo Via XXXI Ottobre e Largo Castaldi. Si parte con l\u2019antica arte del teatro di figura, in uno spettacolo di marionette, \u201cStorie d\u2019incantesimo\u201d, del brasiliano Edoardo Lopes del Teatro del Molino, che ha anche realizzato pupazzi: un\u2019insieme di piccole semplici storie dove la parola \u00e8 sostituita dalla musica e dal movimento, una comunicazione che si serve del linguaggio universale della poesia. In contemporanea partiranno anche i Dolomiti Unyciclist, un\u2019associazione sportiva feltrina di appassionati del monociclo, che si esibiranno con le loro evoluzioni ciclistiche tutte rigorosamente su una ruota! Coloro che amano la musica si potranno poi dilettare ad ascoltare (e ad applaudire) Luigi Lullo Mosso che interpreta \u201cOmo Ritmo\u201d, un uomo puppet che si anima a comando: canta, suona e balla il tip tap conducendo lo spettatore in un viaggio bizzarro nel mondo del ritmo. In via XXXI Ottobre, ci si potr\u00e0 innamorare della dolcezza di Pass Pass Clown, alias Jean Pierre Bianco, fantasista, acrobata, equilibrista, giocoliere. Un clown, sognatore di professione, che, cercando lo sguardo complice degli spettatori, continua a girovagare alla ricerca del minimo necessario per poter continuare la sua collezione di attimi. Di fronte all\u2019edicola centrale, ritorna, dopo Sanzan, il Bubble Street Circus di Juriy Longhi, con i suoi entusiasmanti virtuosismi tecnici di giocoleria ed equilibrismo. Alle 18.30 un altro grande artista di strada far\u00e0 il suo ingresso nel centro di Feltre: Tobia Circus! Sar\u00e0 uno spettacolo innovativo che lascia da parte i soliti strumenti dell\u2019arte della giocoleria, per dare la scena a uno strumento quotidiano: la scopa! Il protagonista di \u201cEquilibrium Tremens\u201d, affascinato dall\u2019idea dell\u2019equilibrio, vuole sfidare la forza di gravit\u00e0, tra equilibrismi, clownerie e trovate surreali.<br \/>\nDopo una breve pausa per la cena, il ritrovo per tutti \u00e8 fissato in piazza Maggiore. Qui, alle ore 20.30, si esibir\u00e0 ancora, per scaldare il pubblico, Jean Pierre Bianco, con il suo Pass Pass Clown in \u201cCollezionista di attimi\u201d. Seguir\u00e0 lo spettacolo \u201cSenza indirizzo\u201d, vincitore del premio della Federazione Nazionale Arte di Strada: Gaby Corbo, un\u2019acrobata argentina, presenta uno show di circo teatro, dove tra verticali, equilibri, giocoleria, pertica cinese e tante gags, sviluppa una storia di incontri mancati, d\u2019attesa, di desideri, di ricerca. Infine, per chiudere con un sogno, gli Ibonobi presentano \u201cGeriatrix Circus\u201d. Elisa Naike Blecich e Paolo Locci interpretano due vecchi sognatori che si incontrano e cominciano a fantasticare senza freni pensando che volare sia possibile, uno storia di spericolate ed esilaranti acrobazie su di un palo alto 5 metri. Anche in caso di maltempo, quasi tutti gli spettacoli del pomeriggio verranno comunque proposti. Alla sera, invece, se piove, gli spettacoli si terranno direttamente al Palaghiaccio.<br \/>\nLa rassegna Voil\u00e0, giunta ormai alla XII edizione, \u00e8 stata possibile grazie all\u2019accordo di programma con la Regione del Veneto \u201cManifestazioni culturali a Feltre 2010\u201d e al contributo della COOP Adriatica. L\u2019ingresso agli spettacoli \u00e8 libero. Per informazioni: 0439\/885288, <a href=\"mailto:uff.cultura@comune.feltre.bl.it\">uff.cultura@comune.feltre.bl.it<\/a>.<\/p>","protected":false},"excerpt":{"rendered":"<p>Dopo i successi degli appuntamenti frazionali, Voil\u00e0 arriva nel centro di Feltre per un gran sabato dedicato all\u2019arte di strada. Gi\u00e0 dal pomeriggio, dalle 17.00 alle 19.30, si susseguiranno vari spettacoli lungo Via XXXI Ottobre e Largo Castaldi. Si parte con l\u2019antica arte del teatro di figura, in uno spettacolo di marionette, \u201cStorie d\u2019incantesimo\u201d, del [&hellip;]<\/p>\n","protected":false},"author":2,"featured_media":0,"comment_status":"closed","ping_status":"open","sticky":false,"template":"","format":"standard","meta":{"footnotes":""},"categories":[3,25],"tags":[63,302],"class_list":["post-18817","post","type-post","status-publish","format-standard","category-arte-cultura-spettacoli-scienza-archivi","category-pausa-caffe","tag-dolomiti","tag-feltre"],"yoast_head":"<!-- This site is optimized with the Yoast SEO plugin v28.4 - https:\/\/yoast.com\/product\/yoast-seo-wordpress\/ -->\n<title>Voil\u00e0 sabato 4 settembre a Feltre - Bellunopress - Dolomiti<\/title>\n<meta name=\"robots\" content=\"index, follow, max-snippet:-1, max-image-preview:large, max-video-preview:-1\" \/>\n<link rel=\"canonical\" href=\"https:\/\/www.bellunopress.it\/fr\/2010\/09\/04\/voila-sabato-4-settembre-a-feltre\/\" \/>\n<meta property=\"og:locale\" content=\"fr_FR\" \/>\n<meta property=\"og:type\" content=\"article\" \/>\n<meta property=\"og:title\" content=\"Voil\u00e0 sabato 4 settembre a Feltre - Bellunopress - Dolomiti\" \/>\n<meta property=\"og:description\" content=\"Dopo i successi degli appuntamenti frazionali, Voil\u00e0 arriva nel centro di Feltre per un gran sabato dedicato all\u2019arte di strada. Gi\u00e0 dal pomeriggio, dalle 17.00 alle 19.30, si susseguiranno vari spettacoli lungo Via XXXI Ottobre e Largo Castaldi. Si parte con l\u2019antica arte del teatro di figura, in uno spettacolo di marionette, \u201cStorie d\u2019incantesimo\u201d, del [&hellip;]\" \/>\n<meta property=\"og:url\" content=\"https:\/\/www.bellunopress.it\/fr\/2010\/09\/04\/voila-sabato-4-settembre-a-feltre\/\" \/>\n<meta property=\"og:site_name\" content=\"Bellunopress - Dolomiti\" \/>\n<meta property=\"article:publisher\" content=\"https:\/\/www.facebook.com\/profile.php?id=100008943462799\" \/>\n<meta property=\"article:published_time\" content=\"2010-09-04T13:20:32+00:00\" \/>\n<meta property=\"og:image\" content=\"http:\/\/www.bellunopress.it\/wp-content\/uploads\/2012\/07\/logo-bellunopress-250x250-2012.jpg\" \/>\n<meta name=\"author\" content=\"redazione\" \/>\n<meta name=\"twitter:card\" content=\"summary_large_image\" \/>\n<meta name=\"twitter:creator\" content=\"@bellunopress\" \/>\n<meta name=\"twitter:site\" content=\"@bellunopress\" \/>\n<meta name=\"twitter:label1\" content=\"\u00c9crit par\" \/>\n\t<meta name=\"twitter:data1\" content=\"redazione\" \/>\n\t<meta name=\"twitter:label2\" content=\"Dur\u00e9e de lecture estim\u00e9e\" \/>\n\t<meta name=\"twitter:data2\" content=\"3 minutes\" \/>\n<script type=\"application\/ld+json\" class=\"yoast-schema-graph\">{\"@context\":\"https:\\\/\\\/schema.org\",\"@graph\":[{\"@type\":\"Article\",\"@id\":\"https:\\\/\\\/www.bellunopress.it\\\/2010\\\/09\\\/04\\\/voila-sabato-4-settembre-a-feltre\\\/#article\",\"isPartOf\":{\"@id\":\"https:\\\/\\\/www.bellunopress.it\\\/2010\\\/09\\\/04\\\/voila-sabato-4-settembre-a-feltre\\\/\"},\"author\":{\"name\":\"redazione\",\"@id\":\"https:\\\/\\\/www.bellunopress.it\\\/#\\\/schema\\\/person\\\/79bb06722b37ece1c03d3e94beb30d73\"},\"headline\":\"Voil\u00e0 sabato 4 settembre a Feltre\",\"datePublished\":\"2010-09-04T13:20:32+00:00\",\"mainEntityOfPage\":{\"@id\":\"https:\\\/\\\/www.bellunopress.it\\\/2010\\\/09\\\/04\\\/voila-sabato-4-settembre-a-feltre\\\/\"},\"wordCount\":514,\"publisher\":{\"@id\":\"https:\\\/\\\/www.bellunopress.it\\\/#organization\"},\"keywords\":[\"Dolomiti\",\"Feltre\"],\"articleSection\":[\"Arte, Cultura, Spettacoli, Scienza\",\"Pausa Caff\u00e8\"],\"inLanguage\":\"fr-FR\"},{\"@type\":\"WebPage\",\"@id\":\"https:\\\/\\\/www.bellunopress.it\\\/2010\\\/09\\\/04\\\/voila-sabato-4-settembre-a-feltre\\\/\",\"url\":\"https:\\\/\\\/www.bellunopress.it\\\/2010\\\/09\\\/04\\\/voila-sabato-4-settembre-a-feltre\\\/\",\"name\":\"Voil\u00e0 sabato 4 settembre a Feltre - Bellunopress - Dolomiti\",\"isPartOf\":{\"@id\":\"https:\\\/\\\/www.bellunopress.it\\\/#website\"},\"datePublished\":\"2010-09-04T13:20:32+00:00\",\"breadcrumb\":{\"@id\":\"https:\\\/\\\/www.bellunopress.it\\\/2010\\\/09\\\/04\\\/voila-sabato-4-settembre-a-feltre\\\/#breadcrumb\"},\"inLanguage\":\"fr-FR\",\"potentialAction\":[{\"@type\":\"ReadAction\",\"target\":[\"https:\\\/\\\/www.bellunopress.it\\\/2010\\\/09\\\/04\\\/voila-sabato-4-settembre-a-feltre\\\/\"]}]},{\"@type\":\"BreadcrumbList\",\"@id\":\"https:\\\/\\\/www.bellunopress.it\\\/2010\\\/09\\\/04\\\/voila-sabato-4-settembre-a-feltre\\\/#breadcrumb\",\"itemListElement\":[{\"@type\":\"ListItem\",\"position\":1,\"name\":\"Home\",\"item\":\"https:\\\/\\\/www.bellunopress.it\\\/\"},{\"@type\":\"ListItem\",\"position\":2,\"name\":\"Voil\u00e0 sabato 4 settembre a Feltre\"}]},{\"@type\":\"WebSite\",\"@id\":\"https:\\\/\\\/www.bellunopress.it\\\/#website\",\"url\":\"https:\\\/\\\/www.bellunopress.it\\\/\",\"name\":\"Bellunopress - Dolomiti\",\"description\":\"e-mail: redazione@bellunopress.it\",\"publisher\":{\"@id\":\"https:\\\/\\\/www.bellunopress.it\\\/#organization\"},\"potentialAction\":[{\"@type\":\"SearchAction\",\"target\":{\"@type\":\"EntryPoint\",\"urlTemplate\":\"https:\\\/\\\/www.bellunopress.it\\\/?s={search_term_string}\"},\"query-input\":{\"@type\":\"PropertyValueSpecification\",\"valueRequired\":true,\"valueName\":\"search_term_string\"}}],\"inLanguage\":\"fr-FR\"},{\"@type\":\"Organization\",\"@id\":\"https:\\\/\\\/www.bellunopress.it\\\/#organization\",\"name\":\"Bellunopress\",\"url\":\"https:\\\/\\\/www.bellunopress.it\\\/\",\"logo\":{\"@type\":\"ImageObject\",\"inLanguage\":\"fr-FR\",\"@id\":\"https:\\\/\\\/www.bellunopress.it\\\/#\\\/schema\\\/logo\\\/image\\\/\",\"url\":\"https:\\\/\\\/www.bellunopress.it\\\/wp-content\\\/uploads\\\/2011\\\/05\\\/cropped-logo-bellunopress-.jpg\",\"contentUrl\":\"https:\\\/\\\/www.bellunopress.it\\\/wp-content\\\/uploads\\\/2011\\\/05\\\/cropped-logo-bellunopress-.jpg\",\"width\":512,\"height\":512,\"caption\":\"Bellunopress\"},\"image\":{\"@id\":\"https:\\\/\\\/www.bellunopress.it\\\/#\\\/schema\\\/logo\\\/image\\\/\"},\"sameAs\":[\"https:\\\/\\\/www.facebook.com\\\/profile.php?id=100008943462799\",\"https:\\\/\\\/x.com\\\/bellunopress\",\"https:\\\/\\\/www.linkedin.com\\\/hp\\\/?dnr=JBzUWaJfMUw8vbXJJ2tVW5-I3jZKvC4wsoxE&amp;amp;amp;amp;amp;amp;trk=nav_responsive_tab_home\",\"https:\\\/\\\/www.youtube.com\\\/channel\\\/UCxL0wu1uN0_3_7hGG0306cw\"]},{\"@type\":\"Person\",\"@id\":\"https:\\\/\\\/www.bellunopress.it\\\/#\\\/schema\\\/person\\\/79bb06722b37ece1c03d3e94beb30d73\",\"name\":\"redazione\",\"image\":{\"@type\":\"ImageObject\",\"inLanguage\":\"fr-FR\",\"@id\":\"https:\\\/\\\/secure.gravatar.com\\\/avatar\\\/37d968a2e67a6fd04c169c4bdef102d0bc5d31b2546345219e348575eb80e9a0?s=96&d=mm&r=g\",\"url\":\"https:\\\/\\\/secure.gravatar.com\\\/avatar\\\/37d968a2e67a6fd04c169c4bdef102d0bc5d31b2546345219e348575eb80e9a0?s=96&d=mm&r=g\",\"contentUrl\":\"https:\\\/\\\/secure.gravatar.com\\\/avatar\\\/37d968a2e67a6fd04c169c4bdef102d0bc5d31b2546345219e348575eb80e9a0?s=96&d=mm&r=g\",\"caption\":\"redazione\"},\"sameAs\":[\"http:\\\/\\\/www.bellunopress.it\",\"https:\\\/\\\/x.com\\\/bellunopress\"],\"url\":\"https:\\\/\\\/www.bellunopress.it\\\/fr\\\/author\\\/redazione\\\/\"}]}<\/script>\n<!-- \/ Yoast SEO plugin. -->","yoast_head_json":{"title":"Voil\u00e0 sabato 4 settembre a Feltre - Bellunopress - Dolomiti","robots":{"index":"index","follow":"follow","max-snippet":"max-snippet:-1","max-image-preview":"max-image-preview:large","max-video-preview":"max-video-preview:-1"},"canonical":"https:\/\/www.bellunopress.it\/fr\/2010\/09\/04\/voila-sabato-4-settembre-a-feltre\/","og_locale":"fr_FR","og_type":"article","og_title":"Voil\u00e0 sabato 4 settembre a Feltre - Bellunopress - Dolomiti","og_description":"Dopo i successi degli appuntamenti frazionali, Voil\u00e0 arriva nel centro di Feltre per un gran sabato dedicato all\u2019arte di strada. Gi\u00e0 dal pomeriggio, dalle 17.00 alle 19.30, si susseguiranno vari spettacoli lungo Via XXXI Ottobre e Largo Castaldi. Si parte con l\u2019antica arte del teatro di figura, in uno spettacolo di marionette, \u201cStorie d\u2019incantesimo\u201d, del [&hellip;]","og_url":"https:\/\/www.bellunopress.it\/fr\/2010\/09\/04\/voila-sabato-4-settembre-a-feltre\/","og_site_name":"Bellunopress - Dolomiti","article_publisher":"https:\/\/www.facebook.com\/profile.php?id=100008943462799","article_published_time":"2010-09-04T13:20:32+00:00","og_image":[{"url":"http:\/\/www.bellunopress.it\/wp-content\/uploads\/2012\/07\/logo-bellunopress-250x250-2012.jpg","type":"","width":"","height":""}],"author":"redazione","twitter_card":"summary_large_image","twitter_creator":"@bellunopress","twitter_site":"@bellunopress","twitter_misc":{"\u00c9crit par":"redazione","Dur\u00e9e de lecture estim\u00e9e":"3 minutes"},"schema":{"@context":"https:\/\/schema.org","@graph":[{"@type":"Article","@id":"https:\/\/www.bellunopress.it\/2010\/09\/04\/voila-sabato-4-settembre-a-feltre\/#article","isPartOf":{"@id":"https:\/\/www.bellunopress.it\/2010\/09\/04\/voila-sabato-4-settembre-a-feltre\/"},"author":{"name":"redazione","@id":"https:\/\/www.bellunopress.it\/#\/schema\/person\/79bb06722b37ece1c03d3e94beb30d73"},"headline":"Voil\u00e0 sabato 4 settembre a Feltre","datePublished":"2010-09-04T13:20:32+00:00","mainEntityOfPage":{"@id":"https:\/\/www.bellunopress.it\/2010\/09\/04\/voila-sabato-4-settembre-a-feltre\/"},"wordCount":514,"publisher":{"@id":"https:\/\/www.bellunopress.it\/#organization"},"keywords":["Dolomiti","Feltre"],"articleSection":["Arte, Cultura, Spettacoli, Scienza","Pausa Caff\u00e8"],"inLanguage":"fr-FR"},{"@type":"WebPage","@id":"https:\/\/www.bellunopress.it\/2010\/09\/04\/voila-sabato-4-settembre-a-feltre\/","url":"https:\/\/www.bellunopress.it\/2010\/09\/04\/voila-sabato-4-settembre-a-feltre\/","name":"Voil\u00e0 sabato 4 settembre a Feltre - Bellunopress - Dolomiti","isPartOf":{"@id":"https:\/\/www.bellunopress.it\/#website"},"datePublished":"2010-09-04T13:20:32+00:00","breadcrumb":{"@id":"https:\/\/www.bellunopress.it\/2010\/09\/04\/voila-sabato-4-settembre-a-feltre\/#breadcrumb"},"inLanguage":"fr-FR","potentialAction":[{"@type":"ReadAction","target":["https:\/\/www.bellunopress.it\/2010\/09\/04\/voila-sabato-4-settembre-a-feltre\/"]}]},{"@type":"BreadcrumbList","@id":"https:\/\/www.bellunopress.it\/2010\/09\/04\/voila-sabato-4-settembre-a-feltre\/#breadcrumb","itemListElement":[{"@type":"ListItem","position":1,"name":"Home","item":"https:\/\/www.bellunopress.it\/"},{"@type":"ListItem","position":2,"name":"Voil\u00e0 sabato 4 settembre a Feltre"}]},{"@type":"WebSite","@id":"https:\/\/www.bellunopress.it\/#website","url":"https:\/\/www.bellunopress.it\/","name":"Bellunopress - Dolomiti","description":"e-mail: redazione@bellunopress.it","publisher":{"@id":"https:\/\/www.bellunopress.it\/#organization"},"potentialAction":[{"@type":"SearchAction","target":{"@type":"EntryPoint","urlTemplate":"https:\/\/www.bellunopress.it\/?s={search_term_string}"},"query-input":{"@type":"PropertyValueSpecification","valueRequired":true,"valueName":"search_term_string"}}],"inLanguage":"fr-FR"},{"@type":"Organization","@id":"https:\/\/www.bellunopress.it\/#organization","name":"Bellunopress","url":"https:\/\/www.bellunopress.it\/","logo":{"@type":"ImageObject","inLanguage":"fr-FR","@id":"https:\/\/www.bellunopress.it\/#\/schema\/logo\/image\/","url":"https:\/\/www.bellunopress.it\/wp-content\/uploads\/2011\/05\/cropped-logo-bellunopress-.jpg","contentUrl":"https:\/\/www.bellunopress.it\/wp-content\/uploads\/2011\/05\/cropped-logo-bellunopress-.jpg","width":512,"height":512,"caption":"Bellunopress"},"image":{"@id":"https:\/\/www.bellunopress.it\/#\/schema\/logo\/image\/"},"sameAs":["https:\/\/www.facebook.com\/profile.php?id=100008943462799","https:\/\/x.com\/bellunopress","https:\/\/www.linkedin.com\/hp\/?dnr=JBzUWaJfMUw8vbXJJ2tVW5-I3jZKvC4wsoxE&amp;amp;amp;amp;amp;amp;trk=nav_responsive_tab_home","https:\/\/www.youtube.com\/channel\/UCxL0wu1uN0_3_7hGG0306cw"]},{"@type":"Person","@id":"https:\/\/www.bellunopress.it\/#\/schema\/person\/79bb06722b37ece1c03d3e94beb30d73","name":"r\u00e9daction","image":{"@type":"ImageObject","inLanguage":"fr-FR","@id":"https:\/\/secure.gravatar.com\/avatar\/37d968a2e67a6fd04c169c4bdef102d0bc5d31b2546345219e348575eb80e9a0?s=96&d=mm&r=g","url":"https:\/\/secure.gravatar.com\/avatar\/37d968a2e67a6fd04c169c4bdef102d0bc5d31b2546345219e348575eb80e9a0?s=96&d=mm&r=g","contentUrl":"https:\/\/secure.gravatar.com\/avatar\/37d968a2e67a6fd04c169c4bdef102d0bc5d31b2546345219e348575eb80e9a0?s=96&d=mm&r=g","caption":"redazione"},"sameAs":["http:\/\/www.bellunopress.it","https:\/\/x.com\/bellunopress"],"url":"https:\/\/www.bellunopress.it\/fr\/author\/redazione\/"}]}},"_links":{"self":[{"href":"https:\/\/www.bellunopress.it\/fr\/wp-json\/wp\/v2\/posts\/18817","targetHints":{"allow":["GET"]}}],"collection":[{"href":"https:\/\/www.bellunopress.it\/fr\/wp-json\/wp\/v2\/posts"}],"about":[{"href":"https:\/\/www.bellunopress.it\/fr\/wp-json\/wp\/v2\/types\/post"}],"author":[{"embeddable":true,"href":"https:\/\/www.bellunopress.it\/fr\/wp-json\/wp\/v2\/users\/2"}],"replies":[{"embeddable":true,"href":"https:\/\/www.bellunopress.it\/fr\/wp-json\/wp\/v2\/comments?post=18817"}],"version-history":[{"count":1,"href":"https:\/\/www.bellunopress.it\/fr\/wp-json\/wp\/v2\/posts\/18817\/revisions"}],"predecessor-version":[{"id":18818,"href":"https:\/\/www.bellunopress.it\/fr\/wp-json\/wp\/v2\/posts\/18817\/revisions\/18818"}],"wp:attachment":[{"href":"https:\/\/www.bellunopress.it\/fr\/wp-json\/wp\/v2\/media?parent=18817"}],"wp:term":[{"taxonomy":"category","embeddable":true,"href":"https:\/\/www.bellunopress.it\/fr\/wp-json\/wp\/v2\/categories?post=18817"},{"taxonomy":"post_tag","embeddable":true,"href":"https:\/\/www.bellunopress.it\/fr\/wp-json\/wp\/v2\/tags?post=18817"}],"curies":[{"name":"wp","href":"https:\/\/api.w.org\/{rel}","templated":true}]}}