{"id":18735,"date":"2010-09-05T05:49:07","date_gmt":"2010-09-05T04:49:07","guid":{"rendered":"http:\/\/www.bellunopress.it\/?p=18735"},"modified":"2010-09-02T11:51:34","modified_gmt":"2010-09-02T10:51:34","slug":"venerdi-il-convegno-%e2%80%9cgestione-dei-servizi-degli-enti-locali-e-governance-delle-societa-partecipate%e2%80%9d","status":"publish","type":"post","link":"https:\/\/www.bellunopress.it\/fr\/2010\/09\/05\/venerdi-il-convegno-%e2%80%9cgestione-dei-servizi-degli-enti-locali-e-governance-delle-societa-partecipate%e2%80%9d\/","title":{"rendered":"Venerd\u00ec il convegno: \u201cGestione dei servizi degli enti locali e governance delle societ\u00e0 partecipate\u201d"},"content":{"rendered":"<p>Gestione dei servizi degli enti locali e governance delle societ\u00e0 partecipate: questi i temi che il ricercatore e consulente giuridico, dott. Giuseppe Piperata,\u00a0 e il magistrato alla Corte dei Conti, dott. Tiziano Tessaro, approfondiranno nel corso organizzato dal Centro Studi Bellunese, con il contributo del Consorzio Bim Piave Belluno, per venerd\u00ec 10 settembre, dalle 8.30 alle 14.00, nella cornice di Villa Carpenada a Belluno. Dalla privatizzazione degli anni \u201990 alle pi\u00f9 recenti modifiche imposte dal D.L.78\/2010, modificato dalla Legge 122\/2010, i vari modelli di gestione delle societ\u00e0 verranno analizzati e discussi dai relatori, offrendo cos\u00ec un\u2019ampia panoramica sulle possibili governance di enti locali e societ\u00e0 partecipate ad amministrazioni comunali e provinciali, Comunit\u00e0 Montane, organi di controllo e liberi professionisti del settore. \u201cL\u2019evoluzione costante della normativa che regola il servizio pubblico locale e le societ\u00e0 partecipate sono argomenti di pressante attualit\u00e0 per molti soggetti pubblici della nostra provincia che invitiamo fin d\u2019ora ad iscriversi contattando la nostra segreteria allo 0437933736, oppure visitando il sito <a href=\"http:\/\/www.centrostudibellunese.it\">www.centrostudibellunese.it<\/a>\u201d spiega il presidente del Centro Studi Bellunese, Antonio Barattin, che ricorda, nel contempo, come la partecipazione degli amministratori degli enti locali della provincia di Belluno sia gratuita come di consueto.<br \/>\nL\u2019iscrizione dovr\u00e0 pervenire entro mercoled\u00ec 8 settembre.<\/p>","protected":false},"excerpt":{"rendered":"<p>Gestione dei servizi degli enti locali e governance delle societ\u00e0 partecipate: questi i temi che il ricercatore e consulente giuridico, dott. Giuseppe Piperata,\u00a0 e il magistrato alla Corte dei Conti, dott. Tiziano Tessaro, approfondiranno nel corso organizzato dal Centro Studi Bellunese, con il contributo del Consorzio Bim Piave Belluno, per venerd\u00ec 10 settembre, dalle 8.30 [&hellip;]<\/p>\n","protected":false},"author":2,"featured_media":0,"comment_status":"closed","ping_status":"open","sticky":false,"template":"","format":"standard","meta":{"footnotes":""},"categories":[36,25],"tags":[139],"class_list":["post-18735","post","type-post","status-publish","format-standard","category-lavoro-economia","category-pausa-caffe","tag-belluno"],"yoast_head":"<!-- This site is optimized with the Yoast SEO plugin v28.4 - https:\/\/yoast.com\/product\/yoast-seo-wordpress\/ -->\n<title>Venerd\u00ec il convegno: \u201cGestione dei servizi degli enti locali e governance delle societ\u00e0 partecipate\u201d - Bellunopress - Dolomiti<\/title>\n<meta name=\"robots\" content=\"index, follow, max-snippet:-1, max-image-preview:large, max-video-preview:-1\" \/>\n<link rel=\"canonical\" href=\"https:\/\/www.bellunopress.it\/fr\/2010\/09\/05\/venerdi-il-convegno-\u201cgestione-dei-servizi-degli-enti-locali-e-governance-delle-societa-partecipate\u201d\/\" \/>\n<meta property=\"og:locale\" content=\"fr_FR\" \/>\n<meta property=\"og:type\" content=\"article\" \/>\n<meta property=\"og:title\" content=\"Venerd\u00ec il convegno: \u201cGestione dei servizi degli enti locali e governance delle societ\u00e0 partecipate\u201d - Bellunopress - Dolomiti\" \/>\n<meta property=\"og:description\" content=\"Gestione dei servizi degli enti locali e governance delle societ\u00e0 partecipate: questi i temi che il ricercatore e consulente giuridico, dott. Giuseppe Piperata,\u00a0 e il magistrato alla Corte dei Conti, dott. Tiziano Tessaro, approfondiranno nel corso organizzato dal Centro Studi Bellunese, con il contributo del Consorzio Bim Piave Belluno, per venerd\u00ec 10 settembre, dalle 8.30 [&hellip;]\" \/>\n<meta property=\"og:url\" content=\"https:\/\/www.bellunopress.it\/fr\/2010\/09\/05\/venerdi-il-convegno-\u201cgestione-dei-servizi-degli-enti-locali-e-governance-delle-societa-partecipate\u201d\/\" \/>\n<meta property=\"og:site_name\" content=\"Bellunopress - Dolomiti\" \/>\n<meta property=\"article:publisher\" content=\"https:\/\/www.facebook.com\/profile.php?id=100008943462799\" \/>\n<meta property=\"article:published_time\" content=\"2010-09-05T04:49:07+00:00\" \/>\n<meta property=\"og:image\" content=\"http:\/\/www.bellunopress.it\/wp-content\/uploads\/2012\/07\/logo-bellunopress-250x250-2012.jpg\" \/>\n<meta name=\"author\" content=\"redazione\" \/>\n<meta name=\"twitter:card\" content=\"summary_large_image\" \/>\n<meta name=\"twitter:creator\" content=\"@bellunopress\" \/>\n<meta name=\"twitter:site\" content=\"@bellunopress\" \/>\n<meta name=\"twitter:label1\" content=\"\u00c9crit par\" \/>\n\t<meta name=\"twitter:data1\" content=\"redazione\" \/>\n\t<meta name=\"twitter:label2\" content=\"Dur\u00e9e de lecture estim\u00e9e\" \/>\n\t<meta name=\"twitter:data2\" content=\"1 minute\" \/>\n<script type=\"application\/ld+json\" class=\"yoast-schema-graph\">{\"@context\":\"https:\\\/\\\/schema.org\",\"@graph\":[{\"@type\":\"Article\",\"@id\":\"https:\\\/\\\/www.bellunopress.it\\\/2010\\\/09\\\/05\\\/venerdi-il-convegno-%e2%80%9cgestione-dei-servizi-degli-enti-locali-e-governance-delle-societa-partecipate%e2%80%9d\\\/#article\",\"isPartOf\":{\"@id\":\"https:\\\/\\\/www.bellunopress.it\\\/2010\\\/09\\\/05\\\/venerdi-il-convegno-%e2%80%9cgestione-dei-servizi-degli-enti-locali-e-governance-delle-societa-partecipate%e2%80%9d\\\/\"},\"author\":{\"name\":\"redazione\",\"@id\":\"https:\\\/\\\/www.bellunopress.it\\\/#\\\/schema\\\/person\\\/79bb06722b37ece1c03d3e94beb30d73\"},\"headline\":\"Venerd\u00ec il convegno: \u201cGestione dei servizi degli enti locali e governance delle societ\u00e0 partecipate\u201d\",\"datePublished\":\"2010-09-05T04:49:07+00:00\",\"mainEntityOfPage\":{\"@id\":\"https:\\\/\\\/www.bellunopress.it\\\/2010\\\/09\\\/05\\\/venerdi-il-convegno-%e2%80%9cgestione-dei-servizi-degli-enti-locali-e-governance-delle-societa-partecipate%e2%80%9d\\\/\"},\"wordCount\":215,\"publisher\":{\"@id\":\"https:\\\/\\\/www.bellunopress.it\\\/#organization\"},\"keywords\":[\"Belluno\"],\"articleSection\":[\"Lavoro, Economia, Turismo\",\"Pausa Caff\u00e8\"],\"inLanguage\":\"fr-FR\"},{\"@type\":\"WebPage\",\"@id\":\"https:\\\/\\\/www.bellunopress.it\\\/2010\\\/09\\\/05\\\/venerdi-il-convegno-%e2%80%9cgestione-dei-servizi-degli-enti-locali-e-governance-delle-societa-partecipate%e2%80%9d\\\/\",\"url\":\"https:\\\/\\\/www.bellunopress.it\\\/2010\\\/09\\\/05\\\/venerdi-il-convegno-%e2%80%9cgestione-dei-servizi-degli-enti-locali-e-governance-delle-societa-partecipate%e2%80%9d\\\/\",\"name\":\"Venerd\u00ec il convegno: \u201cGestione dei servizi degli enti locali e governance delle societ\u00e0 partecipate\u201d - Bellunopress - Dolomiti\",\"isPartOf\":{\"@id\":\"https:\\\/\\\/www.bellunopress.it\\\/#website\"},\"datePublished\":\"2010-09-05T04:49:07+00:00\",\"breadcrumb\":{\"@id\":\"https:\\\/\\\/www.bellunopress.it\\\/2010\\\/09\\\/05\\\/venerdi-il-convegno-%e2%80%9cgestione-dei-servizi-degli-enti-locali-e-governance-delle-societa-partecipate%e2%80%9d\\\/#breadcrumb\"},\"inLanguage\":\"fr-FR\",\"potentialAction\":[{\"@type\":\"ReadAction\",\"target\":[\"https:\\\/\\\/www.bellunopress.it\\\/2010\\\/09\\\/05\\\/venerdi-il-convegno-%e2%80%9cgestione-dei-servizi-degli-enti-locali-e-governance-delle-societa-partecipate%e2%80%9d\\\/\"]}]},{\"@type\":\"BreadcrumbList\",\"@id\":\"https:\\\/\\\/www.bellunopress.it\\\/2010\\\/09\\\/05\\\/venerdi-il-convegno-%e2%80%9cgestione-dei-servizi-degli-enti-locali-e-governance-delle-societa-partecipate%e2%80%9d\\\/#breadcrumb\",\"itemListElement\":[{\"@type\":\"ListItem\",\"position\":1,\"name\":\"Home\",\"item\":\"https:\\\/\\\/www.bellunopress.it\\\/\"},{\"@type\":\"ListItem\",\"position\":2,\"name\":\"Venerd\u00ec il convegno: \u201cGestione dei servizi degli enti locali e governance delle societ\u00e0 partecipate\u201d\"}]},{\"@type\":\"WebSite\",\"@id\":\"https:\\\/\\\/www.bellunopress.it\\\/#website\",\"url\":\"https:\\\/\\\/www.bellunopress.it\\\/\",\"name\":\"Bellunopress - Dolomiti\",\"description\":\"e-mail: redazione@bellunopress.it\",\"publisher\":{\"@id\":\"https:\\\/\\\/www.bellunopress.it\\\/#organization\"},\"potentialAction\":[{\"@type\":\"SearchAction\",\"target\":{\"@type\":\"EntryPoint\",\"urlTemplate\":\"https:\\\/\\\/www.bellunopress.it\\\/?s={search_term_string}\"},\"query-input\":{\"@type\":\"PropertyValueSpecification\",\"valueRequired\":true,\"valueName\":\"search_term_string\"}}],\"inLanguage\":\"fr-FR\"},{\"@type\":\"Organization\",\"@id\":\"https:\\\/\\\/www.bellunopress.it\\\/#organization\",\"name\":\"Bellunopress\",\"url\":\"https:\\\/\\\/www.bellunopress.it\\\/\",\"logo\":{\"@type\":\"ImageObject\",\"inLanguage\":\"fr-FR\",\"@id\":\"https:\\\/\\\/www.bellunopress.it\\\/#\\\/schema\\\/logo\\\/image\\\/\",\"url\":\"https:\\\/\\\/www.bellunopress.it\\\/wp-content\\\/uploads\\\/2011\\\/05\\\/cropped-logo-bellunopress-.jpg\",\"contentUrl\":\"https:\\\/\\\/www.bellunopress.it\\\/wp-content\\\/uploads\\\/2011\\\/05\\\/cropped-logo-bellunopress-.jpg\",\"width\":512,\"height\":512,\"caption\":\"Bellunopress\"},\"image\":{\"@id\":\"https:\\\/\\\/www.bellunopress.it\\\/#\\\/schema\\\/logo\\\/image\\\/\"},\"sameAs\":[\"https:\\\/\\\/www.facebook.com\\\/profile.php?id=100008943462799\",\"https:\\\/\\\/x.com\\\/bellunopress\",\"https:\\\/\\\/www.linkedin.com\\\/hp\\\/?dnr=JBzUWaJfMUw8vbXJJ2tVW5-I3jZKvC4wsoxE&amp;amp;amp;amp;amp;amp;trk=nav_responsive_tab_home\",\"https:\\\/\\\/www.youtube.com\\\/channel\\\/UCxL0wu1uN0_3_7hGG0306cw\"]},{\"@type\":\"Person\",\"@id\":\"https:\\\/\\\/www.bellunopress.it\\\/#\\\/schema\\\/person\\\/79bb06722b37ece1c03d3e94beb30d73\",\"name\":\"redazione\",\"image\":{\"@type\":\"ImageObject\",\"inLanguage\":\"fr-FR\",\"@id\":\"https:\\\/\\\/secure.gravatar.com\\\/avatar\\\/37d968a2e67a6fd04c169c4bdef102d0bc5d31b2546345219e348575eb80e9a0?s=96&d=mm&r=g\",\"url\":\"https:\\\/\\\/secure.gravatar.com\\\/avatar\\\/37d968a2e67a6fd04c169c4bdef102d0bc5d31b2546345219e348575eb80e9a0?s=96&d=mm&r=g\",\"contentUrl\":\"https:\\\/\\\/secure.gravatar.com\\\/avatar\\\/37d968a2e67a6fd04c169c4bdef102d0bc5d31b2546345219e348575eb80e9a0?s=96&d=mm&r=g\",\"caption\":\"redazione\"},\"sameAs\":[\"http:\\\/\\\/www.bellunopress.it\",\"https:\\\/\\\/x.com\\\/bellunopress\"],\"url\":\"https:\\\/\\\/www.bellunopress.it\\\/fr\\\/author\\\/redazione\\\/\"}]}<\/script>\n<!-- \/ Yoast SEO plugin. -->","yoast_head_json":{"title":"Venerd\u00ec il convegno: \u201cGestione dei servizi degli enti locali e governance delle societ\u00e0 partecipate\u201d - Bellunopress - Dolomiti","robots":{"index":"index","follow":"follow","max-snippet":"max-snippet:-1","max-image-preview":"max-image-preview:large","max-video-preview":"max-video-preview:-1"},"canonical":"https:\/\/www.bellunopress.it\/fr\/2010\/09\/05\/venerdi-il-convegno-\u201cgestione-dei-servizi-degli-enti-locali-e-governance-delle-societa-partecipate\u201d\/","og_locale":"fr_FR","og_type":"article","og_title":"Venerd\u00ec il convegno: \u201cGestione dei servizi degli enti locali e governance delle societ\u00e0 partecipate\u201d - Bellunopress - Dolomiti","og_description":"Gestione dei servizi degli enti locali e governance delle societ\u00e0 partecipate: questi i temi che il ricercatore e consulente giuridico, dott. Giuseppe Piperata,\u00a0 e il magistrato alla Corte dei Conti, dott. Tiziano Tessaro, approfondiranno nel corso organizzato dal Centro Studi Bellunese, con il contributo del Consorzio Bim Piave Belluno, per venerd\u00ec 10 settembre, dalle 8.30 [&hellip;]","og_url":"https:\/\/www.bellunopress.it\/fr\/2010\/09\/05\/venerdi-il-convegno-\u201cgestione-dei-servizi-degli-enti-locali-e-governance-delle-societa-partecipate\u201d\/","og_site_name":"Bellunopress - Dolomiti","article_publisher":"https:\/\/www.facebook.com\/profile.php?id=100008943462799","article_published_time":"2010-09-05T04:49:07+00:00","og_image":[{"url":"http:\/\/www.bellunopress.it\/wp-content\/uploads\/2012\/07\/logo-bellunopress-250x250-2012.jpg","type":"","width":"","height":""}],"author":"redazione","twitter_card":"summary_large_image","twitter_creator":"@bellunopress","twitter_site":"@bellunopress","twitter_misc":{"\u00c9crit par":"redazione","Dur\u00e9e de lecture estim\u00e9e":"1 minute"},"schema":{"@context":"https:\/\/schema.org","@graph":[{"@type":"Article","@id":"https:\/\/www.bellunopress.it\/2010\/09\/05\/venerdi-il-convegno-%e2%80%9cgestione-dei-servizi-degli-enti-locali-e-governance-delle-societa-partecipate%e2%80%9d\/#article","isPartOf":{"@id":"https:\/\/www.bellunopress.it\/2010\/09\/05\/venerdi-il-convegno-%e2%80%9cgestione-dei-servizi-degli-enti-locali-e-governance-delle-societa-partecipate%e2%80%9d\/"},"author":{"name":"redazione","@id":"https:\/\/www.bellunopress.it\/#\/schema\/person\/79bb06722b37ece1c03d3e94beb30d73"},"headline":"Venerd\u00ec il convegno: \u201cGestione dei servizi degli enti locali e governance delle societ\u00e0 partecipate\u201d","datePublished":"2010-09-05T04:49:07+00:00","mainEntityOfPage":{"@id":"https:\/\/www.bellunopress.it\/2010\/09\/05\/venerdi-il-convegno-%e2%80%9cgestione-dei-servizi-degli-enti-locali-e-governance-delle-societa-partecipate%e2%80%9d\/"},"wordCount":215,"publisher":{"@id":"https:\/\/www.bellunopress.it\/#organization"},"keywords":["Belluno"],"articleSection":["Lavoro, Economia, Turismo","Pausa Caff\u00e8"],"inLanguage":"fr-FR"},{"@type":"WebPage","@id":"https:\/\/www.bellunopress.it\/2010\/09\/05\/venerdi-il-convegno-%e2%80%9cgestione-dei-servizi-degli-enti-locali-e-governance-delle-societa-partecipate%e2%80%9d\/","url":"https:\/\/www.bellunopress.it\/2010\/09\/05\/venerdi-il-convegno-%e2%80%9cgestione-dei-servizi-degli-enti-locali-e-governance-delle-societa-partecipate%e2%80%9d\/","name":"Venerd\u00ec il convegno: \u201cGestione dei servizi degli enti locali e governance delle societ\u00e0 partecipate\u201d - Bellunopress - Dolomiti","isPartOf":{"@id":"https:\/\/www.bellunopress.it\/#website"},"datePublished":"2010-09-05T04:49:07+00:00","breadcrumb":{"@id":"https:\/\/www.bellunopress.it\/2010\/09\/05\/venerdi-il-convegno-%e2%80%9cgestione-dei-servizi-degli-enti-locali-e-governance-delle-societa-partecipate%e2%80%9d\/#breadcrumb"},"inLanguage":"fr-FR","potentialAction":[{"@type":"ReadAction","target":["https:\/\/www.bellunopress.it\/2010\/09\/05\/venerdi-il-convegno-%e2%80%9cgestione-dei-servizi-degli-enti-locali-e-governance-delle-societa-partecipate%e2%80%9d\/"]}]},{"@type":"BreadcrumbList","@id":"https:\/\/www.bellunopress.it\/2010\/09\/05\/venerdi-il-convegno-%e2%80%9cgestione-dei-servizi-degli-enti-locali-e-governance-delle-societa-partecipate%e2%80%9d\/#breadcrumb","itemListElement":[{"@type":"ListItem","position":1,"name":"Home","item":"https:\/\/www.bellunopress.it\/"},{"@type":"ListItem","position":2,"name":"Venerd\u00ec il convegno: \u201cGestione dei servizi degli enti locali e governance delle societ\u00e0 partecipate\u201d"}]},{"@type":"WebSite","@id":"https:\/\/www.bellunopress.it\/#website","url":"https:\/\/www.bellunopress.it\/","name":"Bellunopress - Dolomiti","description":"e-mail: redazione@bellunopress.it","publisher":{"@id":"https:\/\/www.bellunopress.it\/#organization"},"potentialAction":[{"@type":"SearchAction","target":{"@type":"EntryPoint","urlTemplate":"https:\/\/www.bellunopress.it\/?s={search_term_string}"},"query-input":{"@type":"PropertyValueSpecification","valueRequired":true,"valueName":"search_term_string"}}],"inLanguage":"fr-FR"},{"@type":"Organization","@id":"https:\/\/www.bellunopress.it\/#organization","name":"Bellunopress","url":"https:\/\/www.bellunopress.it\/","logo":{"@type":"ImageObject","inLanguage":"fr-FR","@id":"https:\/\/www.bellunopress.it\/#\/schema\/logo\/image\/","url":"https:\/\/www.bellunopress.it\/wp-content\/uploads\/2011\/05\/cropped-logo-bellunopress-.jpg","contentUrl":"https:\/\/www.bellunopress.it\/wp-content\/uploads\/2011\/05\/cropped-logo-bellunopress-.jpg","width":512,"height":512,"caption":"Bellunopress"},"image":{"@id":"https:\/\/www.bellunopress.it\/#\/schema\/logo\/image\/"},"sameAs":["https:\/\/www.facebook.com\/profile.php?id=100008943462799","https:\/\/x.com\/bellunopress","https:\/\/www.linkedin.com\/hp\/?dnr=JBzUWaJfMUw8vbXJJ2tVW5-I3jZKvC4wsoxE&amp;amp;amp;amp;amp;amp;trk=nav_responsive_tab_home","https:\/\/www.youtube.com\/channel\/UCxL0wu1uN0_3_7hGG0306cw"]},{"@type":"Person","@id":"https:\/\/www.bellunopress.it\/#\/schema\/person\/79bb06722b37ece1c03d3e94beb30d73","name":"r\u00e9daction","image":{"@type":"ImageObject","inLanguage":"fr-FR","@id":"https:\/\/secure.gravatar.com\/avatar\/37d968a2e67a6fd04c169c4bdef102d0bc5d31b2546345219e348575eb80e9a0?s=96&d=mm&r=g","url":"https:\/\/secure.gravatar.com\/avatar\/37d968a2e67a6fd04c169c4bdef102d0bc5d31b2546345219e348575eb80e9a0?s=96&d=mm&r=g","contentUrl":"https:\/\/secure.gravatar.com\/avatar\/37d968a2e67a6fd04c169c4bdef102d0bc5d31b2546345219e348575eb80e9a0?s=96&d=mm&r=g","caption":"redazione"},"sameAs":["http:\/\/www.bellunopress.it","https:\/\/x.com\/bellunopress"],"url":"https:\/\/www.bellunopress.it\/fr\/author\/redazione\/"}]}},"_links":{"self":[{"href":"https:\/\/www.bellunopress.it\/fr\/wp-json\/wp\/v2\/posts\/18735","targetHints":{"allow":["GET"]}}],"collection":[{"href":"https:\/\/www.bellunopress.it\/fr\/wp-json\/wp\/v2\/posts"}],"about":[{"href":"https:\/\/www.bellunopress.it\/fr\/wp-json\/wp\/v2\/types\/post"}],"author":[{"embeddable":true,"href":"https:\/\/www.bellunopress.it\/fr\/wp-json\/wp\/v2\/users\/2"}],"replies":[{"embeddable":true,"href":"https:\/\/www.bellunopress.it\/fr\/wp-json\/wp\/v2\/comments?post=18735"}],"version-history":[{"count":1,"href":"https:\/\/www.bellunopress.it\/fr\/wp-json\/wp\/v2\/posts\/18735\/revisions"}],"predecessor-version":[{"id":18736,"href":"https:\/\/www.bellunopress.it\/fr\/wp-json\/wp\/v2\/posts\/18735\/revisions\/18736"}],"wp:attachment":[{"href":"https:\/\/www.bellunopress.it\/fr\/wp-json\/wp\/v2\/media?parent=18735"}],"wp:term":[{"taxonomy":"category","embeddable":true,"href":"https:\/\/www.bellunopress.it\/fr\/wp-json\/wp\/v2\/categories?post=18735"},{"taxonomy":"post_tag","embeddable":true,"href":"https:\/\/www.bellunopress.it\/fr\/wp-json\/wp\/v2\/tags?post=18735"}],"curies":[{"name":"wp","href":"https:\/\/api.w.org\/{rel}","templated":true}]}}