{"id":18723,"date":"2010-09-04T21:54:30","date_gmt":"2010-09-04T20:54:30","guid":{"rendered":"http:\/\/www.bellunopress.it\/?p=18723"},"modified":"2010-09-01T22:02:08","modified_gmt":"2010-09-01T21:02:08","slug":"federigo-cavessago-quel-patriota-bellunese-che-combatte-con-garibaldi","status":"publish","type":"post","link":"https:\/\/www.bellunopress.it\/fr\/2010\/09\/04\/federigo-cavessago-quel-patriota-bellunese-che-combatte-con-garibaldi\/","title":{"rendered":"Federigo Cavessago, quel patriota bellunese che combatt\u00e9 con Garibaldi"},"content":{"rendered":"<p><a href=\"http:\/\/www.bellunopress.it\/wp-content\/uploads\/2010\/09\/federigo-cavessago.jpg\"><img loading=\"lazy\" decoding=\"async\" class=\"alignleft size-medium wp-image-18725\" title=\"federigo-cavessago\" src=\"http:\/\/www.bellunopress.it\/wp-content\/uploads\/2010\/09\/federigo-cavessago.jpg\" alt=\"\" width=\"249\" height=\"280\" \/><\/a>Quella di Federigo Cavessago, \u00e8 la storia poco nota di un\u00a0 patriota bellunese che spese i suoi anni migliori per un ideale di patria e libert\u00e0. Nato a Belluno nel 1838 da una famiglia modesta, inizia a lavorare come apprendista nella tipografia di uno zio. Nel 1859 si arruola nel 21mo Reggimento \u201cBrigata Vittorio Emanuele\u201d per combattere l\u2019Austria nella II Guerra d\u2019Indipendenza. Poi \u00e8 inquadrato nel 39mo Reggimento fanteria, con il quale partecipa alle Campagne del 1859-60-61. Nel 1861 \u00e8 nell\u2019Ascolano, con i reparti inviati a reprimere il brigantaggio. Nel corso della battaglia di Mozzano, dove la Sesta compagnia viene quasi accerchiata e cade il capitano Zanettelli, Cavessago viene ferito e fatto prigioniero dai briganti. Insieme a lui vengono catturati anche i suoi amici bellunesi Gaetano Ferigo e Ferdinando Massenz. Riescono tutti a sfuggire alla fucilazione, perch\u00e9 dopo 20 giorni di prigionia vengono liberati dall\u2019intervento delle truppe regolari dell\u2019Esercito a San Martino degli Abruzzi. Cavessago rientra nelle fila del suo reggimento e\u00a0 riprende a combattere il brigantaggio nelle zone di Civitella del Tronto e nella Valle Castellana. Verso la fine del 1861 si congeda e riprende la professione di tipografo a Bologna, quindi a Torino nella tipografia \u201cAugusta\u201d e poi a Firenze. Nel 1866, quando l\u2019Italia riprende le armi per la liberazione del Veneto, si arruola nuovamente con il grado di sergente nel Sesto reggimento garibaldini e partecipa alla Campagna del Trentino, nei combattimenti di Condino, Cimego e Bezzecca, rimanendo ferito nel passaggio del Chiese. Dopodich\u00e9, con la Pace di Vienna ed il plebiscito con cui Napoleone III consegna il Veneto all\u2019Italia, Federigo Cavessago ritorna a Belluno, sposa Rachele Massenz dalla quale avr\u00e0 il figlio Luigi, ed apre la prima edicola per la vendita di giornali. Subito dopo avvia anche una piccola tipografia artigianale, che negli anni cresce e si trasforma in uno degli stabilimenti principali del settore, grazie al suo spirito imprenditoriale e all\u2019acquisizione di sempre nuove macchine. Il tipografo Cavessago ottiene vari riconoscimenti e premi alle esposizioni dove partecipa. Egli si distingue anche nella vita politica e sociale, diventando consigliere, assessore comunale, presidente della Camera di Commercio e delle Arti, consigliere della Banca mutua di Belluno e sindaco di Limana. Il 15 agosto del 1914 in occasione della cerimonia funebre, il cavalier Ferdinando Massenz pronuncer\u00e0 le seguenti parole in memoria dell\u2019amico e compagno d\u2019arme scomparso: \u201dNel 1859, in quattro amici, lasciammo le case paterne, per correre l\u00e0, dove la Patria chiamava e nel non breve tragitto fummo raggiunti da altri bellunesi, cos\u00ec da formare un drappello, e giubilanti raggiungemmo la meta\u201d. Le cronache dell\u2019epoca ricordano che \u201cla salma del compianto Federigo Cavessago, cavaliere al merito del lavoro morto dopo lunga e penosa malattia all\u2019et\u00e0 di 76 anni, venne posta sul carro di secondo ordine. Sopra alla bara c\u2019era la camicia rossa e le decorazioni. Ed il corteo segu\u00ec il percorso di via Carrera, piazza Campitello, piazza Santo Stefano nella quale chiesa ebbero luogo gli uffici funebri\u201d.<br \/>\n(Roberto De Nart)<\/p>","protected":false},"excerpt":{"rendered":"<p>Quella di Federigo Cavessago, \u00e8 la storia poco nota di un\u00a0 patriota bellunese che spese i suoi anni migliori per un ideale di patria e libert\u00e0. Nato a Belluno nel 1838 da una famiglia modesta, inizia a lavorare come apprendista nella tipografia di uno zio. Nel 1859 si arruola nel 21mo Reggimento \u201cBrigata Vittorio Emanuele\u201d [&hellip;]<\/p>\n","protected":false},"author":2,"featured_media":0,"comment_status":"closed","ping_status":"open","sticky":false,"template":"","format":"standard","meta":{"footnotes":""},"categories":[49,26],"tags":[2168],"class_list":["post-18723","post","type-post","status-publish","format-standard","category-speciali","category-prima-pagina","tag-federigo-cavessago"],"yoast_head":"<!-- This site is optimized with the Yoast SEO plugin v28.4 - https:\/\/yoast.com\/product\/yoast-seo-wordpress\/ -->\n<title>Federigo Cavessago, quel patriota bellunese che combatt\u00e9 con Garibaldi - Bellunopress - Dolomiti<\/title>\n<meta name=\"robots\" content=\"index, follow, max-snippet:-1, max-image-preview:large, max-video-preview:-1\" \/>\n<link rel=\"canonical\" href=\"https:\/\/www.bellunopress.it\/fr\/2010\/09\/04\/federigo-cavessago-quel-patriota-bellunese-che-combatte-con-garibaldi\/\" \/>\n<meta property=\"og:locale\" content=\"fr_FR\" \/>\n<meta property=\"og:type\" content=\"article\" \/>\n<meta property=\"og:title\" content=\"Federigo Cavessago, quel patriota bellunese che combatt\u00e9 con Garibaldi - Bellunopress - Dolomiti\" \/>\n<meta property=\"og:description\" content=\"Quella di Federigo Cavessago, \u00e8 la storia poco nota di un\u00a0 patriota bellunese che spese i suoi anni migliori per un ideale di patria e libert\u00e0. Nato a Belluno nel 1838 da una famiglia modesta, inizia a lavorare come apprendista nella tipografia di uno zio. Nel 1859 si arruola nel 21mo Reggimento \u201cBrigata Vittorio Emanuele\u201d [&hellip;]\" \/>\n<meta property=\"og:url\" content=\"https:\/\/www.bellunopress.it\/fr\/2010\/09\/04\/federigo-cavessago-quel-patriota-bellunese-che-combatte-con-garibaldi\/\" \/>\n<meta property=\"og:site_name\" content=\"Bellunopress - Dolomiti\" \/>\n<meta property=\"article:publisher\" content=\"https:\/\/www.facebook.com\/profile.php?id=100008943462799\" \/>\n<meta property=\"article:published_time\" content=\"2010-09-04T20:54:30+00:00\" \/>\n<meta property=\"og:image\" content=\"http:\/\/www.bellunopress.it\/wp-content\/uploads\/2010\/09\/federigo-cavessago.jpg\" \/>\n<meta name=\"author\" content=\"redazione\" \/>\n<meta name=\"twitter:card\" content=\"summary_large_image\" \/>\n<meta name=\"twitter:creator\" content=\"@bellunopress\" \/>\n<meta name=\"twitter:site\" content=\"@bellunopress\" \/>\n<meta name=\"twitter:label1\" content=\"\u00c9crit par\" \/>\n\t<meta name=\"twitter:data1\" content=\"redazione\" \/>\n\t<meta name=\"twitter:label2\" content=\"Dur\u00e9e de lecture estim\u00e9e\" \/>\n\t<meta name=\"twitter:data2\" content=\"2 minutes\" \/>\n<script type=\"application\/ld+json\" class=\"yoast-schema-graph\">{\"@context\":\"https:\\\/\\\/schema.org\",\"@graph\":[{\"@type\":\"Article\",\"@id\":\"https:\\\/\\\/www.bellunopress.it\\\/2010\\\/09\\\/04\\\/federigo-cavessago-quel-patriota-bellunese-che-combatte-con-garibaldi\\\/#article\",\"isPartOf\":{\"@id\":\"https:\\\/\\\/www.bellunopress.it\\\/2010\\\/09\\\/04\\\/federigo-cavessago-quel-patriota-bellunese-che-combatte-con-garibaldi\\\/\"},\"author\":{\"name\":\"redazione\",\"@id\":\"https:\\\/\\\/www.bellunopress.it\\\/#\\\/schema\\\/person\\\/79bb06722b37ece1c03d3e94beb30d73\"},\"headline\":\"Federigo Cavessago, quel patriota bellunese che combatt\u00e9 con Garibaldi\",\"datePublished\":\"2010-09-04T20:54:30+00:00\",\"mainEntityOfPage\":{\"@id\":\"https:\\\/\\\/www.bellunopress.it\\\/2010\\\/09\\\/04\\\/federigo-cavessago-quel-patriota-bellunese-che-combatte-con-garibaldi\\\/\"},\"wordCount\":501,\"publisher\":{\"@id\":\"https:\\\/\\\/www.bellunopress.it\\\/#organization\"},\"image\":{\"@id\":\"https:\\\/\\\/www.bellunopress.it\\\/2010\\\/09\\\/04\\\/federigo-cavessago-quel-patriota-bellunese-che-combatte-con-garibaldi\\\/#primaryimage\"},\"thumbnailUrl\":\"http:\\\/\\\/www.bellunopress.it\\\/wp-content\\\/uploads\\\/2010\\\/09\\\/federigo-cavessago.jpg\",\"keywords\":[\"Federigo Cavessago\"],\"articleSection\":[\"Gli speciali di Bellunopress\",\"Prima Pagina\"],\"inLanguage\":\"fr-FR\"},{\"@type\":\"WebPage\",\"@id\":\"https:\\\/\\\/www.bellunopress.it\\\/2010\\\/09\\\/04\\\/federigo-cavessago-quel-patriota-bellunese-che-combatte-con-garibaldi\\\/\",\"url\":\"https:\\\/\\\/www.bellunopress.it\\\/2010\\\/09\\\/04\\\/federigo-cavessago-quel-patriota-bellunese-che-combatte-con-garibaldi\\\/\",\"name\":\"Federigo Cavessago, quel patriota bellunese che combatt\u00e9 con Garibaldi - Bellunopress - Dolomiti\",\"isPartOf\":{\"@id\":\"https:\\\/\\\/www.bellunopress.it\\\/#website\"},\"primaryImageOfPage\":{\"@id\":\"https:\\\/\\\/www.bellunopress.it\\\/2010\\\/09\\\/04\\\/federigo-cavessago-quel-patriota-bellunese-che-combatte-con-garibaldi\\\/#primaryimage\"},\"image\":{\"@id\":\"https:\\\/\\\/www.bellunopress.it\\\/2010\\\/09\\\/04\\\/federigo-cavessago-quel-patriota-bellunese-che-combatte-con-garibaldi\\\/#primaryimage\"},\"thumbnailUrl\":\"http:\\\/\\\/www.bellunopress.it\\\/wp-content\\\/uploads\\\/2010\\\/09\\\/federigo-cavessago.jpg\",\"datePublished\":\"2010-09-04T20:54:30+00:00\",\"breadcrumb\":{\"@id\":\"https:\\\/\\\/www.bellunopress.it\\\/2010\\\/09\\\/04\\\/federigo-cavessago-quel-patriota-bellunese-che-combatte-con-garibaldi\\\/#breadcrumb\"},\"inLanguage\":\"fr-FR\",\"potentialAction\":[{\"@type\":\"ReadAction\",\"target\":[\"https:\\\/\\\/www.bellunopress.it\\\/2010\\\/09\\\/04\\\/federigo-cavessago-quel-patriota-bellunese-che-combatte-con-garibaldi\\\/\"]}]},{\"@type\":\"ImageObject\",\"inLanguage\":\"fr-FR\",\"@id\":\"https:\\\/\\\/www.bellunopress.it\\\/2010\\\/09\\\/04\\\/federigo-cavessago-quel-patriota-bellunese-che-combatte-con-garibaldi\\\/#primaryimage\",\"url\":\"http:\\\/\\\/www.bellunopress.it\\\/wp-content\\\/uploads\\\/2010\\\/09\\\/federigo-cavessago.jpg\",\"contentUrl\":\"http:\\\/\\\/www.bellunopress.it\\\/wp-content\\\/uploads\\\/2010\\\/09\\\/federigo-cavessago.jpg\"},{\"@type\":\"BreadcrumbList\",\"@id\":\"https:\\\/\\\/www.bellunopress.it\\\/2010\\\/09\\\/04\\\/federigo-cavessago-quel-patriota-bellunese-che-combatte-con-garibaldi\\\/#breadcrumb\",\"itemListElement\":[{\"@type\":\"ListItem\",\"position\":1,\"name\":\"Home\",\"item\":\"https:\\\/\\\/www.bellunopress.it\\\/\"},{\"@type\":\"ListItem\",\"position\":2,\"name\":\"Federigo Cavessago, quel patriota bellunese che combatt\u00e9 con Garibaldi\"}]},{\"@type\":\"WebSite\",\"@id\":\"https:\\\/\\\/www.bellunopress.it\\\/#website\",\"url\":\"https:\\\/\\\/www.bellunopress.it\\\/\",\"name\":\"Bellunopress - Dolomiti\",\"description\":\"e-mail: redazione@bellunopress.it\",\"publisher\":{\"@id\":\"https:\\\/\\\/www.bellunopress.it\\\/#organization\"},\"potentialAction\":[{\"@type\":\"SearchAction\",\"target\":{\"@type\":\"EntryPoint\",\"urlTemplate\":\"https:\\\/\\\/www.bellunopress.it\\\/?s={search_term_string}\"},\"query-input\":{\"@type\":\"PropertyValueSpecification\",\"valueRequired\":true,\"valueName\":\"search_term_string\"}}],\"inLanguage\":\"fr-FR\"},{\"@type\":\"Organization\",\"@id\":\"https:\\\/\\\/www.bellunopress.it\\\/#organization\",\"name\":\"Bellunopress\",\"url\":\"https:\\\/\\\/www.bellunopress.it\\\/\",\"logo\":{\"@type\":\"ImageObject\",\"inLanguage\":\"fr-FR\",\"@id\":\"https:\\\/\\\/www.bellunopress.it\\\/#\\\/schema\\\/logo\\\/image\\\/\",\"url\":\"https:\\\/\\\/www.bellunopress.it\\\/wp-content\\\/uploads\\\/2011\\\/05\\\/cropped-logo-bellunopress-.jpg\",\"contentUrl\":\"https:\\\/\\\/www.bellunopress.it\\\/wp-content\\\/uploads\\\/2011\\\/05\\\/cropped-logo-bellunopress-.jpg\",\"width\":512,\"height\":512,\"caption\":\"Bellunopress\"},\"image\":{\"@id\":\"https:\\\/\\\/www.bellunopress.it\\\/#\\\/schema\\\/logo\\\/image\\\/\"},\"sameAs\":[\"https:\\\/\\\/www.facebook.com\\\/profile.php?id=100008943462799\",\"https:\\\/\\\/x.com\\\/bellunopress\",\"https:\\\/\\\/www.linkedin.com\\\/hp\\\/?dnr=JBzUWaJfMUw8vbXJJ2tVW5-I3jZKvC4wsoxE&amp;amp;amp;amp;amp;amp;trk=nav_responsive_tab_home\",\"https:\\\/\\\/www.youtube.com\\\/channel\\\/UCxL0wu1uN0_3_7hGG0306cw\"]},{\"@type\":\"Person\",\"@id\":\"https:\\\/\\\/www.bellunopress.it\\\/#\\\/schema\\\/person\\\/79bb06722b37ece1c03d3e94beb30d73\",\"name\":\"redazione\",\"image\":{\"@type\":\"ImageObject\",\"inLanguage\":\"fr-FR\",\"@id\":\"https:\\\/\\\/secure.gravatar.com\\\/avatar\\\/37d968a2e67a6fd04c169c4bdef102d0bc5d31b2546345219e348575eb80e9a0?s=96&d=mm&r=g\",\"url\":\"https:\\\/\\\/secure.gravatar.com\\\/avatar\\\/37d968a2e67a6fd04c169c4bdef102d0bc5d31b2546345219e348575eb80e9a0?s=96&d=mm&r=g\",\"contentUrl\":\"https:\\\/\\\/secure.gravatar.com\\\/avatar\\\/37d968a2e67a6fd04c169c4bdef102d0bc5d31b2546345219e348575eb80e9a0?s=96&d=mm&r=g\",\"caption\":\"redazione\"},\"sameAs\":[\"http:\\\/\\\/www.bellunopress.it\",\"https:\\\/\\\/x.com\\\/bellunopress\"],\"url\":\"https:\\\/\\\/www.bellunopress.it\\\/fr\\\/author\\\/redazione\\\/\"}]}<\/script>\n<!-- \/ Yoast SEO plugin. -->","yoast_head_json":{"title":"Federigo Cavessago, quel patriota bellunese che combatt\u00e9 con Garibaldi - Bellunopress - Dolomiti","robots":{"index":"index","follow":"follow","max-snippet":"max-snippet:-1","max-image-preview":"max-image-preview:large","max-video-preview":"max-video-preview:-1"},"canonical":"https:\/\/www.bellunopress.it\/fr\/2010\/09\/04\/federigo-cavessago-quel-patriota-bellunese-che-combatte-con-garibaldi\/","og_locale":"fr_FR","og_type":"article","og_title":"Federigo Cavessago, quel patriota bellunese che combatt\u00e9 con Garibaldi - Bellunopress - Dolomiti","og_description":"Quella di Federigo Cavessago, \u00e8 la storia poco nota di un\u00a0 patriota bellunese che spese i suoi anni migliori per un ideale di patria e libert\u00e0. Nato a Belluno nel 1838 da una famiglia modesta, inizia a lavorare come apprendista nella tipografia di uno zio. Nel 1859 si arruola nel 21mo Reggimento \u201cBrigata Vittorio Emanuele\u201d [&hellip;]","og_url":"https:\/\/www.bellunopress.it\/fr\/2010\/09\/04\/federigo-cavessago-quel-patriota-bellunese-che-combatte-con-garibaldi\/","og_site_name":"Bellunopress - Dolomiti","article_publisher":"https:\/\/www.facebook.com\/profile.php?id=100008943462799","article_published_time":"2010-09-04T20:54:30+00:00","og_image":[{"url":"http:\/\/www.bellunopress.it\/wp-content\/uploads\/2010\/09\/federigo-cavessago.jpg","type":"","width":"","height":""}],"author":"redazione","twitter_card":"summary_large_image","twitter_creator":"@bellunopress","twitter_site":"@bellunopress","twitter_misc":{"\u00c9crit par":"redazione","Dur\u00e9e de lecture estim\u00e9e":"2 minutes"},"schema":{"@context":"https:\/\/schema.org","@graph":[{"@type":"Article","@id":"https:\/\/www.bellunopress.it\/2010\/09\/04\/federigo-cavessago-quel-patriota-bellunese-che-combatte-con-garibaldi\/#article","isPartOf":{"@id":"https:\/\/www.bellunopress.it\/2010\/09\/04\/federigo-cavessago-quel-patriota-bellunese-che-combatte-con-garibaldi\/"},"author":{"name":"redazione","@id":"https:\/\/www.bellunopress.it\/#\/schema\/person\/79bb06722b37ece1c03d3e94beb30d73"},"headline":"Federigo Cavessago, quel patriota bellunese che combatt\u00e9 con Garibaldi","datePublished":"2010-09-04T20:54:30+00:00","mainEntityOfPage":{"@id":"https:\/\/www.bellunopress.it\/2010\/09\/04\/federigo-cavessago-quel-patriota-bellunese-che-combatte-con-garibaldi\/"},"wordCount":501,"publisher":{"@id":"https:\/\/www.bellunopress.it\/#organization"},"image":{"@id":"https:\/\/www.bellunopress.it\/2010\/09\/04\/federigo-cavessago-quel-patriota-bellunese-che-combatte-con-garibaldi\/#primaryimage"},"thumbnailUrl":"http:\/\/www.bellunopress.it\/wp-content\/uploads\/2010\/09\/federigo-cavessago.jpg","keywords":["Federigo Cavessago"],"articleSection":["Gli speciali di Bellunopress","Prima Pagina"],"inLanguage":"fr-FR"},{"@type":"WebPage","@id":"https:\/\/www.bellunopress.it\/2010\/09\/04\/federigo-cavessago-quel-patriota-bellunese-che-combatte-con-garibaldi\/","url":"https:\/\/www.bellunopress.it\/2010\/09\/04\/federigo-cavessago-quel-patriota-bellunese-che-combatte-con-garibaldi\/","name":"Federigo Cavessago, quel patriota bellunese che combatt\u00e9 con Garibaldi - Bellunopress - Dolomiti","isPartOf":{"@id":"https:\/\/www.bellunopress.it\/#website"},"primaryImageOfPage":{"@id":"https:\/\/www.bellunopress.it\/2010\/09\/04\/federigo-cavessago-quel-patriota-bellunese-che-combatte-con-garibaldi\/#primaryimage"},"image":{"@id":"https:\/\/www.bellunopress.it\/2010\/09\/04\/federigo-cavessago-quel-patriota-bellunese-che-combatte-con-garibaldi\/#primaryimage"},"thumbnailUrl":"http:\/\/www.bellunopress.it\/wp-content\/uploads\/2010\/09\/federigo-cavessago.jpg","datePublished":"2010-09-04T20:54:30+00:00","breadcrumb":{"@id":"https:\/\/www.bellunopress.it\/2010\/09\/04\/federigo-cavessago-quel-patriota-bellunese-che-combatte-con-garibaldi\/#breadcrumb"},"inLanguage":"fr-FR","potentialAction":[{"@type":"ReadAction","target":["https:\/\/www.bellunopress.it\/2010\/09\/04\/federigo-cavessago-quel-patriota-bellunese-che-combatte-con-garibaldi\/"]}]},{"@type":"ImageObject","inLanguage":"fr-FR","@id":"https:\/\/www.bellunopress.it\/2010\/09\/04\/federigo-cavessago-quel-patriota-bellunese-che-combatte-con-garibaldi\/#primaryimage","url":"http:\/\/www.bellunopress.it\/wp-content\/uploads\/2010\/09\/federigo-cavessago.jpg","contentUrl":"http:\/\/www.bellunopress.it\/wp-content\/uploads\/2010\/09\/federigo-cavessago.jpg"},{"@type":"BreadcrumbList","@id":"https:\/\/www.bellunopress.it\/2010\/09\/04\/federigo-cavessago-quel-patriota-bellunese-che-combatte-con-garibaldi\/#breadcrumb","itemListElement":[{"@type":"ListItem","position":1,"name":"Home","item":"https:\/\/www.bellunopress.it\/"},{"@type":"ListItem","position":2,"name":"Federigo Cavessago, quel patriota bellunese che combatt\u00e9 con Garibaldi"}]},{"@type":"WebSite","@id":"https:\/\/www.bellunopress.it\/#website","url":"https:\/\/www.bellunopress.it\/","name":"Bellunopress - Dolomiti","description":"e-mail: redazione@bellunopress.it","publisher":{"@id":"https:\/\/www.bellunopress.it\/#organization"},"potentialAction":[{"@type":"SearchAction","target":{"@type":"EntryPoint","urlTemplate":"https:\/\/www.bellunopress.it\/?s={search_term_string}"},"query-input":{"@type":"PropertyValueSpecification","valueRequired":true,"valueName":"search_term_string"}}],"inLanguage":"fr-FR"},{"@type":"Organization","@id":"https:\/\/www.bellunopress.it\/#organization","name":"Bellunopress","url":"https:\/\/www.bellunopress.it\/","logo":{"@type":"ImageObject","inLanguage":"fr-FR","@id":"https:\/\/www.bellunopress.it\/#\/schema\/logo\/image\/","url":"https:\/\/www.bellunopress.it\/wp-content\/uploads\/2011\/05\/cropped-logo-bellunopress-.jpg","contentUrl":"https:\/\/www.bellunopress.it\/wp-content\/uploads\/2011\/05\/cropped-logo-bellunopress-.jpg","width":512,"height":512,"caption":"Bellunopress"},"image":{"@id":"https:\/\/www.bellunopress.it\/#\/schema\/logo\/image\/"},"sameAs":["https:\/\/www.facebook.com\/profile.php?id=100008943462799","https:\/\/x.com\/bellunopress","https:\/\/www.linkedin.com\/hp\/?dnr=JBzUWaJfMUw8vbXJJ2tVW5-I3jZKvC4wsoxE&amp;amp;amp;amp;amp;amp;trk=nav_responsive_tab_home","https:\/\/www.youtube.com\/channel\/UCxL0wu1uN0_3_7hGG0306cw"]},{"@type":"Person","@id":"https:\/\/www.bellunopress.it\/#\/schema\/person\/79bb06722b37ece1c03d3e94beb30d73","name":"r\u00e9daction","image":{"@type":"ImageObject","inLanguage":"fr-FR","@id":"https:\/\/secure.gravatar.com\/avatar\/37d968a2e67a6fd04c169c4bdef102d0bc5d31b2546345219e348575eb80e9a0?s=96&d=mm&r=g","url":"https:\/\/secure.gravatar.com\/avatar\/37d968a2e67a6fd04c169c4bdef102d0bc5d31b2546345219e348575eb80e9a0?s=96&d=mm&r=g","contentUrl":"https:\/\/secure.gravatar.com\/avatar\/37d968a2e67a6fd04c169c4bdef102d0bc5d31b2546345219e348575eb80e9a0?s=96&d=mm&r=g","caption":"redazione"},"sameAs":["http:\/\/www.bellunopress.it","https:\/\/x.com\/bellunopress"],"url":"https:\/\/www.bellunopress.it\/fr\/author\/redazione\/"}]}},"_links":{"self":[{"href":"https:\/\/www.bellunopress.it\/fr\/wp-json\/wp\/v2\/posts\/18723","targetHints":{"allow":["GET"]}}],"collection":[{"href":"https:\/\/www.bellunopress.it\/fr\/wp-json\/wp\/v2\/posts"}],"about":[{"href":"https:\/\/www.bellunopress.it\/fr\/wp-json\/wp\/v2\/types\/post"}],"author":[{"embeddable":true,"href":"https:\/\/www.bellunopress.it\/fr\/wp-json\/wp\/v2\/users\/2"}],"replies":[{"embeddable":true,"href":"https:\/\/www.bellunopress.it\/fr\/wp-json\/wp\/v2\/comments?post=18723"}],"version-history":[{"count":1,"href":"https:\/\/www.bellunopress.it\/fr\/wp-json\/wp\/v2\/posts\/18723\/revisions"}],"predecessor-version":[{"id":18726,"href":"https:\/\/www.bellunopress.it\/fr\/wp-json\/wp\/v2\/posts\/18723\/revisions\/18726"}],"wp:attachment":[{"href":"https:\/\/www.bellunopress.it\/fr\/wp-json\/wp\/v2\/media?parent=18723"}],"wp:term":[{"taxonomy":"category","embeddable":true,"href":"https:\/\/www.bellunopress.it\/fr\/wp-json\/wp\/v2\/categories?post=18723"},{"taxonomy":"post_tag","embeddable":true,"href":"https:\/\/www.bellunopress.it\/fr\/wp-json\/wp\/v2\/tags?post=18723"}],"curies":[{"name":"wp","href":"https:\/\/api.w.org\/{rel}","templated":true}]}}