{"id":18652,"date":"2010-08-31T07:51:38","date_gmt":"2010-08-31T06:51:38","guid":{"rendered":"http:\/\/www.bellunopress.it\/?p=18652"},"modified":"2010-08-31T07:51:38","modified_gmt":"2010-08-31T06:51:38","slug":"il-day-service-pediatrico-allospedale-san-martino-a-belluno","status":"publish","type":"post","link":"https:\/\/www.bellunopress.it\/fr\/2010\/08\/31\/il-day-service-pediatrico-allospedale-san-martino-a-belluno\/","title":{"rendered":"Il Day Service pediatrico all&#8217;ospedale San Martino a Belluno"},"content":{"rendered":"<p>Dal 23 agosto \u00e8 iniziata l\u2019attivit\u00e0 di Day Service Ambulatoriale (DSA) presso l&#8217;U.O. di Pediatria dell&#8217;Ospedale San Martino di Belluno. Il DSA \u00e8 un modello di assistenza ambulatoriale complessa, integrata e interdisciplinare, funzionale alla necessit\u00e0 di gestione di alcune situazioni cliniche complesse, tali da richiedere una presa in carico del paziente per un inquadramento globale e una definizione della relativa gestione assistenziale in tempi necessariamente brevi, ma per le quali il ricovero, in regime ordinario e\/o in Day Hospital, risulta inappropriato.<br \/>\nL&#8217;istituzione del DSA viene a garantire continuit\u00e0 e razionalit\u00e0 di gestione assistenziale nei percorsi (efficienza), una maggior attenzione alle specificit\u00e0 dei bisogni di salute individuali (efficacia) e una riduzione dei tempi di attesa delle attivit\u00e0 ambulatoriali e diagnostiche.<br \/>\nAttualmente la Regione Veneto,\u00a0 in considerazione della rilevanza quali-quantitativa nel nostro ambito territoriale,\u00a0 ha approvato per la Pediatria di Belluno\u00a0 12 \u201cpacchetti\u201d per patologie la cui gestione assistenziale prevede la messa in rete di competenze specialistiche e l\u2019utilizzo integrato di risorse tecnologiche, diagnostiche strumentali e laboratoristiche: epilessia, cefalea, obesit\u00e0, endocrinopatie, allergie alimentari, bambino adottato, ecc\u2026<br \/>\nPer ogni percorso, che richieda degli interventi multidisciplinari, \u00e8 stato individuato uno specialista ospedaliero (delle Unit\u00e0 Operativa di Pediatria o di Neuropsichiatria Infantile) che gestisce il caso clinico, prendendo in carico il paziente, coordinandone la gestione, come per un paziente ricoverato, allo scopo di formulare in tempi brevi diagnosi e proporre delle\u00a0 terapie.<br \/>\nIn altre parole la novit\u00e0 della proposta consiste nell\u2019impostazione organizzativa del modello: se il pediatra di famiglia ha la necessit\u00e0 di far eseguire al piccolo paziente\u00a0 degli accertamenti specifici per una determinata condizione clinica, d\u2019ora in poi sar\u00e0 possibile affidare al pediatra ospedaliero e\/o al neuropsichiatria infantile, specialista per quella particolare condizione clinica, il compito di farsi carico di organizzare gli accertamenti in tempi rapidi, razionalizzando l\u2019uso delle risorse nei percorsi, semplificando l\u2019accesso negli stessi percorsi.<br \/>\nLa visita pediatrica specialistica pu\u00f2 essere richiesta alla segreteria dell&#8217;U.O. di Pediatria, come una normale visita ambulatoriale; la caposala o l&#8217;infermiera preposta provveder\u00e0 alla prenotazione delle prestazioni previste dal percorso con richiesta ai servizi e agli specialisti con apposita modulistica.\u00a0\u00a0 Il Day Service, prevede il pagamento del relativo ticket, se non esenti, presso l&#8217;ufficio cassa dell&#8217;ospedale.<br \/>\nIl medico specialista, una volta raccolta la documentazione, stiler\u00e0 la lettera di dimissione e dar\u00e0 le informazioni necessarie al genitore ed al pediatra di famiglia.<\/p>","protected":false},"excerpt":{"rendered":"<p>Dal 23 agosto \u00e8 iniziata l\u2019attivit\u00e0 di Day Service Ambulatoriale (DSA) presso l&#8217;U.O. di Pediatria dell&#8217;Ospedale San Martino di Belluno. Il DSA \u00e8 un modello di assistenza ambulatoriale complessa, integrata e interdisciplinare, funzionale alla necessit\u00e0 di gestione di alcune situazioni cliniche complesse, tali da richiedere una presa in carico del paziente per un inquadramento globale [&hellip;]<\/p>\n","protected":false},"author":2,"featured_media":0,"comment_status":"closed","ping_status":"open","sticky":false,"template":"","format":"standard","meta":{"footnotes":""},"categories":[26,17],"tags":[139],"class_list":["post-18652","post","type-post","status-publish","format-standard","category-prima-pagina","category-sanita","tag-belluno"],"yoast_head":"<!-- This site is optimized with the Yoast SEO plugin v28.4 - https:\/\/yoast.com\/product\/yoast-seo-wordpress\/ -->\n<title>Il Day Service pediatrico all&#039;ospedale San Martino a Belluno - Bellunopress - Dolomiti<\/title>\n<meta name=\"robots\" content=\"index, follow, max-snippet:-1, max-image-preview:large, max-video-preview:-1\" \/>\n<link rel=\"canonical\" href=\"https:\/\/www.bellunopress.it\/fr\/2010\/08\/31\/il-day-service-pediatrico-allospedale-san-martino-a-belluno\/\" \/>\n<meta property=\"og:locale\" content=\"fr_FR\" \/>\n<meta property=\"og:type\" content=\"article\" \/>\n<meta property=\"og:title\" content=\"Il Day Service pediatrico all&#039;ospedale San Martino a Belluno - Bellunopress - Dolomiti\" \/>\n<meta property=\"og:description\" content=\"Dal 23 agosto \u00e8 iniziata l\u2019attivit\u00e0 di Day Service Ambulatoriale (DSA) presso l&#8217;U.O. di Pediatria dell&#8217;Ospedale San Martino di Belluno. Il DSA \u00e8 un modello di assistenza ambulatoriale complessa, integrata e interdisciplinare, funzionale alla necessit\u00e0 di gestione di alcune situazioni cliniche complesse, tali da richiedere una presa in carico del paziente per un inquadramento globale [&hellip;]\" \/>\n<meta property=\"og:url\" content=\"https:\/\/www.bellunopress.it\/fr\/2010\/08\/31\/il-day-service-pediatrico-allospedale-san-martino-a-belluno\/\" \/>\n<meta property=\"og:site_name\" content=\"Bellunopress - Dolomiti\" \/>\n<meta property=\"article:publisher\" content=\"https:\/\/www.facebook.com\/profile.php?id=100008943462799\" \/>\n<meta property=\"article:published_time\" content=\"2010-08-31T06:51:38+00:00\" \/>\n<meta property=\"og:image\" content=\"http:\/\/www.bellunopress.it\/wp-content\/uploads\/2012\/07\/logo-bellunopress-250x250-2012.jpg\" \/>\n<meta name=\"author\" content=\"redazione\" \/>\n<meta name=\"twitter:card\" content=\"summary_large_image\" \/>\n<meta name=\"twitter:creator\" content=\"@bellunopress\" \/>\n<meta name=\"twitter:site\" content=\"@bellunopress\" \/>\n<meta name=\"twitter:label1\" content=\"\u00c9crit par\" \/>\n\t<meta name=\"twitter:data1\" content=\"redazione\" \/>\n\t<meta name=\"twitter:label2\" content=\"Dur\u00e9e de lecture estim\u00e9e\" \/>\n\t<meta name=\"twitter:data2\" content=\"2 minutes\" \/>\n<script type=\"application\/ld+json\" class=\"yoast-schema-graph\">{\"@context\":\"https:\\\/\\\/schema.org\",\"@graph\":[{\"@type\":\"Article\",\"@id\":\"https:\\\/\\\/www.bellunopress.it\\\/2010\\\/08\\\/31\\\/il-day-service-pediatrico-allospedale-san-martino-a-belluno\\\/#article\",\"isPartOf\":{\"@id\":\"https:\\\/\\\/www.bellunopress.it\\\/2010\\\/08\\\/31\\\/il-day-service-pediatrico-allospedale-san-martino-a-belluno\\\/\"},\"author\":{\"name\":\"redazione\",\"@id\":\"https:\\\/\\\/www.bellunopress.it\\\/#\\\/schema\\\/person\\\/79bb06722b37ece1c03d3e94beb30d73\"},\"headline\":\"Il Day Service pediatrico all&#8217;ospedale San Martino a Belluno\",\"datePublished\":\"2010-08-31T06:51:38+00:00\",\"mainEntityOfPage\":{\"@id\":\"https:\\\/\\\/www.bellunopress.it\\\/2010\\\/08\\\/31\\\/il-day-service-pediatrico-allospedale-san-martino-a-belluno\\\/\"},\"wordCount\":406,\"publisher\":{\"@id\":\"https:\\\/\\\/www.bellunopress.it\\\/#organization\"},\"keywords\":[\"Belluno\"],\"articleSection\":[\"Prima Pagina\",\"Sanit\u00e0 Medicina\"],\"inLanguage\":\"fr-FR\"},{\"@type\":\"WebPage\",\"@id\":\"https:\\\/\\\/www.bellunopress.it\\\/2010\\\/08\\\/31\\\/il-day-service-pediatrico-allospedale-san-martino-a-belluno\\\/\",\"url\":\"https:\\\/\\\/www.bellunopress.it\\\/2010\\\/08\\\/31\\\/il-day-service-pediatrico-allospedale-san-martino-a-belluno\\\/\",\"name\":\"Il Day Service pediatrico all'ospedale San Martino a Belluno - Bellunopress - Dolomiti\",\"isPartOf\":{\"@id\":\"https:\\\/\\\/www.bellunopress.it\\\/#website\"},\"datePublished\":\"2010-08-31T06:51:38+00:00\",\"breadcrumb\":{\"@id\":\"https:\\\/\\\/www.bellunopress.it\\\/2010\\\/08\\\/31\\\/il-day-service-pediatrico-allospedale-san-martino-a-belluno\\\/#breadcrumb\"},\"inLanguage\":\"fr-FR\",\"potentialAction\":[{\"@type\":\"ReadAction\",\"target\":[\"https:\\\/\\\/www.bellunopress.it\\\/2010\\\/08\\\/31\\\/il-day-service-pediatrico-allospedale-san-martino-a-belluno\\\/\"]}]},{\"@type\":\"BreadcrumbList\",\"@id\":\"https:\\\/\\\/www.bellunopress.it\\\/2010\\\/08\\\/31\\\/il-day-service-pediatrico-allospedale-san-martino-a-belluno\\\/#breadcrumb\",\"itemListElement\":[{\"@type\":\"ListItem\",\"position\":1,\"name\":\"Home\",\"item\":\"https:\\\/\\\/www.bellunopress.it\\\/\"},{\"@type\":\"ListItem\",\"position\":2,\"name\":\"Il Day Service pediatrico all&#8217;ospedale San Martino a Belluno\"}]},{\"@type\":\"WebSite\",\"@id\":\"https:\\\/\\\/www.bellunopress.it\\\/#website\",\"url\":\"https:\\\/\\\/www.bellunopress.it\\\/\",\"name\":\"Bellunopress - Dolomiti\",\"description\":\"e-mail: redazione@bellunopress.it\",\"publisher\":{\"@id\":\"https:\\\/\\\/www.bellunopress.it\\\/#organization\"},\"potentialAction\":[{\"@type\":\"SearchAction\",\"target\":{\"@type\":\"EntryPoint\",\"urlTemplate\":\"https:\\\/\\\/www.bellunopress.it\\\/?s={search_term_string}\"},\"query-input\":{\"@type\":\"PropertyValueSpecification\",\"valueRequired\":true,\"valueName\":\"search_term_string\"}}],\"inLanguage\":\"fr-FR\"},{\"@type\":\"Organization\",\"@id\":\"https:\\\/\\\/www.bellunopress.it\\\/#organization\",\"name\":\"Bellunopress\",\"url\":\"https:\\\/\\\/www.bellunopress.it\\\/\",\"logo\":{\"@type\":\"ImageObject\",\"inLanguage\":\"fr-FR\",\"@id\":\"https:\\\/\\\/www.bellunopress.it\\\/#\\\/schema\\\/logo\\\/image\\\/\",\"url\":\"https:\\\/\\\/www.bellunopress.it\\\/wp-content\\\/uploads\\\/2011\\\/05\\\/cropped-logo-bellunopress-.jpg\",\"contentUrl\":\"https:\\\/\\\/www.bellunopress.it\\\/wp-content\\\/uploads\\\/2011\\\/05\\\/cropped-logo-bellunopress-.jpg\",\"width\":512,\"height\":512,\"caption\":\"Bellunopress\"},\"image\":{\"@id\":\"https:\\\/\\\/www.bellunopress.it\\\/#\\\/schema\\\/logo\\\/image\\\/\"},\"sameAs\":[\"https:\\\/\\\/www.facebook.com\\\/profile.php?id=100008943462799\",\"https:\\\/\\\/x.com\\\/bellunopress\",\"https:\\\/\\\/www.linkedin.com\\\/hp\\\/?dnr=JBzUWaJfMUw8vbXJJ2tVW5-I3jZKvC4wsoxE&amp;amp;amp;amp;amp;amp;trk=nav_responsive_tab_home\",\"https:\\\/\\\/www.youtube.com\\\/channel\\\/UCxL0wu1uN0_3_7hGG0306cw\"]},{\"@type\":\"Person\",\"@id\":\"https:\\\/\\\/www.bellunopress.it\\\/#\\\/schema\\\/person\\\/79bb06722b37ece1c03d3e94beb30d73\",\"name\":\"redazione\",\"image\":{\"@type\":\"ImageObject\",\"inLanguage\":\"fr-FR\",\"@id\":\"https:\\\/\\\/secure.gravatar.com\\\/avatar\\\/37d968a2e67a6fd04c169c4bdef102d0bc5d31b2546345219e348575eb80e9a0?s=96&d=mm&r=g\",\"url\":\"https:\\\/\\\/secure.gravatar.com\\\/avatar\\\/37d968a2e67a6fd04c169c4bdef102d0bc5d31b2546345219e348575eb80e9a0?s=96&d=mm&r=g\",\"contentUrl\":\"https:\\\/\\\/secure.gravatar.com\\\/avatar\\\/37d968a2e67a6fd04c169c4bdef102d0bc5d31b2546345219e348575eb80e9a0?s=96&d=mm&r=g\",\"caption\":\"redazione\"},\"sameAs\":[\"http:\\\/\\\/www.bellunopress.it\",\"https:\\\/\\\/x.com\\\/bellunopress\"],\"url\":\"https:\\\/\\\/www.bellunopress.it\\\/fr\\\/author\\\/redazione\\\/\"}]}<\/script>\n<!-- \/ Yoast SEO plugin. -->","yoast_head_json":{"title":"Il Day Service pediatrico all'ospedale San Martino a Belluno - Bellunopress - Dolomiti","robots":{"index":"index","follow":"follow","max-snippet":"max-snippet:-1","max-image-preview":"max-image-preview:large","max-video-preview":"max-video-preview:-1"},"canonical":"https:\/\/www.bellunopress.it\/fr\/2010\/08\/31\/il-day-service-pediatrico-allospedale-san-martino-a-belluno\/","og_locale":"fr_FR","og_type":"article","og_title":"Il Day Service pediatrico all'ospedale San Martino a Belluno - Bellunopress - Dolomiti","og_description":"Dal 23 agosto \u00e8 iniziata l\u2019attivit\u00e0 di Day Service Ambulatoriale (DSA) presso l&#8217;U.O. di Pediatria dell&#8217;Ospedale San Martino di Belluno. Il DSA \u00e8 un modello di assistenza ambulatoriale complessa, integrata e interdisciplinare, funzionale alla necessit\u00e0 di gestione di alcune situazioni cliniche complesse, tali da richiedere una presa in carico del paziente per un inquadramento globale [&hellip;]","og_url":"https:\/\/www.bellunopress.it\/fr\/2010\/08\/31\/il-day-service-pediatrico-allospedale-san-martino-a-belluno\/","og_site_name":"Bellunopress - Dolomiti","article_publisher":"https:\/\/www.facebook.com\/profile.php?id=100008943462799","article_published_time":"2010-08-31T06:51:38+00:00","og_image":[{"url":"http:\/\/www.bellunopress.it\/wp-content\/uploads\/2012\/07\/logo-bellunopress-250x250-2012.jpg","type":"","width":"","height":""}],"author":"redazione","twitter_card":"summary_large_image","twitter_creator":"@bellunopress","twitter_site":"@bellunopress","twitter_misc":{"\u00c9crit par":"redazione","Dur\u00e9e de lecture estim\u00e9e":"2 minutes"},"schema":{"@context":"https:\/\/schema.org","@graph":[{"@type":"Article","@id":"https:\/\/www.bellunopress.it\/2010\/08\/31\/il-day-service-pediatrico-allospedale-san-martino-a-belluno\/#article","isPartOf":{"@id":"https:\/\/www.bellunopress.it\/2010\/08\/31\/il-day-service-pediatrico-allospedale-san-martino-a-belluno\/"},"author":{"name":"redazione","@id":"https:\/\/www.bellunopress.it\/#\/schema\/person\/79bb06722b37ece1c03d3e94beb30d73"},"headline":"Il Day Service pediatrico all&#8217;ospedale San Martino a Belluno","datePublished":"2010-08-31T06:51:38+00:00","mainEntityOfPage":{"@id":"https:\/\/www.bellunopress.it\/2010\/08\/31\/il-day-service-pediatrico-allospedale-san-martino-a-belluno\/"},"wordCount":406,"publisher":{"@id":"https:\/\/www.bellunopress.it\/#organization"},"keywords":["Belluno"],"articleSection":["Prima Pagina","Sanit\u00e0 Medicina"],"inLanguage":"fr-FR"},{"@type":"WebPage","@id":"https:\/\/www.bellunopress.it\/2010\/08\/31\/il-day-service-pediatrico-allospedale-san-martino-a-belluno\/","url":"https:\/\/www.bellunopress.it\/2010\/08\/31\/il-day-service-pediatrico-allospedale-san-martino-a-belluno\/","name":"Il Day Service pediatrico all'ospedale San Martino a Belluno - Bellunopress - Dolomiti","isPartOf":{"@id":"https:\/\/www.bellunopress.it\/#website"},"datePublished":"2010-08-31T06:51:38+00:00","breadcrumb":{"@id":"https:\/\/www.bellunopress.it\/2010\/08\/31\/il-day-service-pediatrico-allospedale-san-martino-a-belluno\/#breadcrumb"},"inLanguage":"fr-FR","potentialAction":[{"@type":"ReadAction","target":["https:\/\/www.bellunopress.it\/2010\/08\/31\/il-day-service-pediatrico-allospedale-san-martino-a-belluno\/"]}]},{"@type":"BreadcrumbList","@id":"https:\/\/www.bellunopress.it\/2010\/08\/31\/il-day-service-pediatrico-allospedale-san-martino-a-belluno\/#breadcrumb","itemListElement":[{"@type":"ListItem","position":1,"name":"Home","item":"https:\/\/www.bellunopress.it\/"},{"@type":"ListItem","position":2,"name":"Il Day Service pediatrico all&#8217;ospedale San Martino a Belluno"}]},{"@type":"WebSite","@id":"https:\/\/www.bellunopress.it\/#website","url":"https:\/\/www.bellunopress.it\/","name":"Bellunopress - Dolomiti","description":"e-mail: redazione@bellunopress.it","publisher":{"@id":"https:\/\/www.bellunopress.it\/#organization"},"potentialAction":[{"@type":"SearchAction","target":{"@type":"EntryPoint","urlTemplate":"https:\/\/www.bellunopress.it\/?s={search_term_string}"},"query-input":{"@type":"PropertyValueSpecification","valueRequired":true,"valueName":"search_term_string"}}],"inLanguage":"fr-FR"},{"@type":"Organization","@id":"https:\/\/www.bellunopress.it\/#organization","name":"Bellunopress","url":"https:\/\/www.bellunopress.it\/","logo":{"@type":"ImageObject","inLanguage":"fr-FR","@id":"https:\/\/www.bellunopress.it\/#\/schema\/logo\/image\/","url":"https:\/\/www.bellunopress.it\/wp-content\/uploads\/2011\/05\/cropped-logo-bellunopress-.jpg","contentUrl":"https:\/\/www.bellunopress.it\/wp-content\/uploads\/2011\/05\/cropped-logo-bellunopress-.jpg","width":512,"height":512,"caption":"Bellunopress"},"image":{"@id":"https:\/\/www.bellunopress.it\/#\/schema\/logo\/image\/"},"sameAs":["https:\/\/www.facebook.com\/profile.php?id=100008943462799","https:\/\/x.com\/bellunopress","https:\/\/www.linkedin.com\/hp\/?dnr=JBzUWaJfMUw8vbXJJ2tVW5-I3jZKvC4wsoxE&amp;amp;amp;amp;amp;amp;trk=nav_responsive_tab_home","https:\/\/www.youtube.com\/channel\/UCxL0wu1uN0_3_7hGG0306cw"]},{"@type":"Person","@id":"https:\/\/www.bellunopress.it\/#\/schema\/person\/79bb06722b37ece1c03d3e94beb30d73","name":"r\u00e9daction","image":{"@type":"ImageObject","inLanguage":"fr-FR","@id":"https:\/\/secure.gravatar.com\/avatar\/37d968a2e67a6fd04c169c4bdef102d0bc5d31b2546345219e348575eb80e9a0?s=96&d=mm&r=g","url":"https:\/\/secure.gravatar.com\/avatar\/37d968a2e67a6fd04c169c4bdef102d0bc5d31b2546345219e348575eb80e9a0?s=96&d=mm&r=g","contentUrl":"https:\/\/secure.gravatar.com\/avatar\/37d968a2e67a6fd04c169c4bdef102d0bc5d31b2546345219e348575eb80e9a0?s=96&d=mm&r=g","caption":"redazione"},"sameAs":["http:\/\/www.bellunopress.it","https:\/\/x.com\/bellunopress"],"url":"https:\/\/www.bellunopress.it\/fr\/author\/redazione\/"}]}},"_links":{"self":[{"href":"https:\/\/www.bellunopress.it\/fr\/wp-json\/wp\/v2\/posts\/18652","targetHints":{"allow":["GET"]}}],"collection":[{"href":"https:\/\/www.bellunopress.it\/fr\/wp-json\/wp\/v2\/posts"}],"about":[{"href":"https:\/\/www.bellunopress.it\/fr\/wp-json\/wp\/v2\/types\/post"}],"author":[{"embeddable":true,"href":"https:\/\/www.bellunopress.it\/fr\/wp-json\/wp\/v2\/users\/2"}],"replies":[{"embeddable":true,"href":"https:\/\/www.bellunopress.it\/fr\/wp-json\/wp\/v2\/comments?post=18652"}],"version-history":[{"count":1,"href":"https:\/\/www.bellunopress.it\/fr\/wp-json\/wp\/v2\/posts\/18652\/revisions"}],"predecessor-version":[{"id":18653,"href":"https:\/\/www.bellunopress.it\/fr\/wp-json\/wp\/v2\/posts\/18652\/revisions\/18653"}],"wp:attachment":[{"href":"https:\/\/www.bellunopress.it\/fr\/wp-json\/wp\/v2\/media?parent=18652"}],"wp:term":[{"taxonomy":"category","embeddable":true,"href":"https:\/\/www.bellunopress.it\/fr\/wp-json\/wp\/v2\/categories?post=18652"},{"taxonomy":"post_tag","embeddable":true,"href":"https:\/\/www.bellunopress.it\/fr\/wp-json\/wp\/v2\/tags?post=18652"}],"curies":[{"name":"wp","href":"https:\/\/api.w.org\/{rel}","templated":true}]}}