{"id":18581,"date":"2010-08-28T11:16:27","date_gmt":"2010-08-28T10:16:27","guid":{"rendered":"http:\/\/www.bellunopress.it\/?p=18581"},"modified":"2010-08-28T11:16:27","modified_gmt":"2010-08-28T10:16:27","slug":"bellissimo-pastore-tedesco-abbandonato-e-messo-in-salvo-dalla-polizia-provinciale-a-farra-d%e2%80%99alpago","status":"publish","type":"post","link":"https:\/\/www.bellunopress.it\/fr\/2010\/08\/28\/bellissimo-pastore-tedesco-abbandonato-e-messo-in-salvo-dalla-polizia-provinciale-a-farra-d%e2%80%99alpago\/","title":{"rendered":"Bellissimo pastore tedesco abbandonato e messo in salvo dalla Polizia provinciale a Farra d\u2019Alpago"},"content":{"rendered":"<p><a href=\"http:\/\/www.bellunopress.it\/wp-content\/uploads\/2010\/08\/pastore-tedesco.jpg\"><img loading=\"lazy\" decoding=\"async\" class=\"alignleft size-medium wp-image-18584\" title=\"pastore-tedesco\" src=\"http:\/\/www.bellunopress.it\/wp-content\/uploads\/2010\/08\/pastore-tedesco.jpg\" alt=\"\" width=\"238\" height=\"280\" \/><\/a>Gli agenti della Polizia Provinciale hanno portato in salvo, nel canile di Belluno, il pastore tedesco che da almeno dieci giorni si aggirava randagio nella zona di Farra d\u2019Alpago. Ora si indaga sui \u201cproprietari\u201d colpevoli di averlo abbandonato. Non ha il microchip n\u00e9 il tatuaggio di riconoscimento previsti per legge, ma gli uomini della Polizia Provinciale di Palazzo Piloni stanno comunque cercando di risalire a chi ha abbandonato questo bell\u2019esemplare di pastore tedesco di circa cinque anni. Del caso si era gi\u00e0 occupata la Polizia Locale di Farra d&#8217;Alpago, che era stata interessata per prima al problema; il comandante aveva provveduto a chiamare il canile ed il servizio veterinario dell&#8217;ULSS n\u00b01, poich\u00e9 &#8211; da circa dieci giorni &#8211; nella frazione di Poiatte si aggirava fra le case un cane lupo randagio che di notte ululava ed abbaiava in continuazione, creando disturbo alla popolazione locale ed un giustificato timore per l&#8217;incolumit\u00e0 di bambini e persone circolanti nei prati e boschi circostanti.\u00a0I primi tentativi di cattura degli accalappiacani avevano dato esito negativo in quanto l&#8217;animale si dimostrava schivo e diffidente nei confronti di chiunque tentasse di avvicinarsi, dileguandosi velocemente. Contattati gli agenti della Polizia Provinciale, dopo un monitoraggio e diversi sopralluoghi effettuati dalla Squadra Catture, il cane \u00e8 stato scovato mentre si aggirava a circa 150 m dall&#8217;abitato di Poiatte. Valutata la situazione, e sotto controllo del veterinario competente, si \u00e8 deciso di intervenire con l&#8217;ausilio del lanciasiringhe in dotazione alla Polizia Provinciale di Belluno, somministrando all&#8217;animale una dose di sedativo anestetizzante. Ottenuto l&#8217;effetto desiderato, il cane \u00e8 stato raccolto con le cautele del caso e consegnato agli addetti dell&#8217;ULSS di Belluno (presenti sul posto) per l&#8217;accompagnamento al canile di Belluno per i successivi accertamenti. \u00abIl cane \u00e8 spaventato ma in buona salute &#8211; riferiscono dalla Polizia Provinciale &#8211; . Purtroppo, dobbiamo segnalare come, ancora una volta, il periodo estivo sembra far dimenticare a &#8220;certi proprietari&#8221; le responsabilit\u00e0 che si assumono con l&#8217;acquisto di un animale. Ora stiamo svolgendo le dovute indagini per risalire all&#8217;autore, per ora ancora ignoto, dell&#8217;abbandono\u00bb.<\/p>","protected":false},"excerpt":{"rendered":"<p>Gli agenti della Polizia Provinciale hanno portato in salvo, nel canile di Belluno, il pastore tedesco che da almeno dieci giorni si aggirava randagio nella zona di Farra d\u2019Alpago. Ora si indaga sui \u201cproprietari\u201d colpevoli di averlo abbandonato. Non ha il microchip n\u00e9 il tatuaggio di riconoscimento previsti per legge, ma gli uomini della Polizia [&hellip;]<\/p>\n","protected":false},"author":2,"featured_media":0,"comment_status":"closed","ping_status":"open","sticky":false,"template":"","format":"standard","meta":{"footnotes":""},"categories":[5,26],"tags":[139],"class_list":["post-18581","post","type-post","status-publish","format-standard","category-cronaca","category-prima-pagina","tag-belluno"],"yoast_head":"<!-- This site is optimized with the Yoast SEO plugin v28.4 - https:\/\/yoast.com\/product\/yoast-seo-wordpress\/ -->\n<title>Bellissimo pastore tedesco abbandonato e messo in salvo dalla Polizia provinciale a Farra d\u2019Alpago - Bellunopress - Dolomiti<\/title>\n<meta name=\"robots\" content=\"index, follow, max-snippet:-1, max-image-preview:large, max-video-preview:-1\" \/>\n<link rel=\"canonical\" href=\"https:\/\/www.bellunopress.it\/fr\/2010\/08\/28\/bellissimo-pastore-tedesco-abbandonato-e-messo-in-salvo-dalla-polizia-provinciale-a-farra-d\u2019alpago\/\" \/>\n<meta property=\"og:locale\" content=\"fr_FR\" \/>\n<meta property=\"og:type\" content=\"article\" \/>\n<meta property=\"og:title\" content=\"Bellissimo pastore tedesco abbandonato e messo in salvo dalla Polizia provinciale a Farra d\u2019Alpago - Bellunopress - Dolomiti\" \/>\n<meta property=\"og:description\" content=\"Gli agenti della Polizia Provinciale hanno portato in salvo, nel canile di Belluno, il pastore tedesco che da almeno dieci giorni si aggirava randagio nella zona di Farra d\u2019Alpago. Ora si indaga sui \u201cproprietari\u201d colpevoli di averlo abbandonato. Non ha il microchip n\u00e9 il tatuaggio di riconoscimento previsti per legge, ma gli uomini della Polizia [&hellip;]\" \/>\n<meta property=\"og:url\" content=\"https:\/\/www.bellunopress.it\/fr\/2010\/08\/28\/bellissimo-pastore-tedesco-abbandonato-e-messo-in-salvo-dalla-polizia-provinciale-a-farra-d\u2019alpago\/\" \/>\n<meta property=\"og:site_name\" content=\"Bellunopress - Dolomiti\" \/>\n<meta property=\"article:publisher\" content=\"https:\/\/www.facebook.com\/profile.php?id=100008943462799\" \/>\n<meta property=\"article:published_time\" content=\"2010-08-28T10:16:27+00:00\" \/>\n<meta property=\"og:image\" content=\"http:\/\/www.bellunopress.it\/wp-content\/uploads\/2010\/08\/pastore-tedesco.jpg\" \/>\n<meta name=\"author\" content=\"redazione\" \/>\n<meta name=\"twitter:card\" content=\"summary_large_image\" \/>\n<meta name=\"twitter:creator\" content=\"@bellunopress\" \/>\n<meta name=\"twitter:site\" content=\"@bellunopress\" \/>\n<meta name=\"twitter:label1\" content=\"\u00c9crit par\" \/>\n\t<meta name=\"twitter:data1\" content=\"redazione\" \/>\n\t<meta name=\"twitter:label2\" content=\"Dur\u00e9e de lecture estim\u00e9e\" \/>\n\t<meta name=\"twitter:data2\" content=\"2 minutes\" \/>\n<script type=\"application\/ld+json\" class=\"yoast-schema-graph\">{\"@context\":\"https:\\\/\\\/schema.org\",\"@graph\":[{\"@type\":\"Article\",\"@id\":\"https:\\\/\\\/www.bellunopress.it\\\/2010\\\/08\\\/28\\\/bellissimo-pastore-tedesco-abbandonato-e-messo-in-salvo-dalla-polizia-provinciale-a-farra-d%e2%80%99alpago\\\/#article\",\"isPartOf\":{\"@id\":\"https:\\\/\\\/www.bellunopress.it\\\/2010\\\/08\\\/28\\\/bellissimo-pastore-tedesco-abbandonato-e-messo-in-salvo-dalla-polizia-provinciale-a-farra-d%e2%80%99alpago\\\/\"},\"author\":{\"name\":\"redazione\",\"@id\":\"https:\\\/\\\/www.bellunopress.it\\\/#\\\/schema\\\/person\\\/79bb06722b37ece1c03d3e94beb30d73\"},\"headline\":\"Bellissimo pastore tedesco abbandonato e messo in salvo dalla Polizia provinciale a Farra d\u2019Alpago\",\"datePublished\":\"2010-08-28T10:16:27+00:00\",\"mainEntityOfPage\":{\"@id\":\"https:\\\/\\\/www.bellunopress.it\\\/2010\\\/08\\\/28\\\/bellissimo-pastore-tedesco-abbandonato-e-messo-in-salvo-dalla-polizia-provinciale-a-farra-d%e2%80%99alpago\\\/\"},\"wordCount\":363,\"publisher\":{\"@id\":\"https:\\\/\\\/www.bellunopress.it\\\/#organization\"},\"image\":{\"@id\":\"https:\\\/\\\/www.bellunopress.it\\\/2010\\\/08\\\/28\\\/bellissimo-pastore-tedesco-abbandonato-e-messo-in-salvo-dalla-polizia-provinciale-a-farra-d%e2%80%99alpago\\\/#primaryimage\"},\"thumbnailUrl\":\"http:\\\/\\\/www.bellunopress.it\\\/wp-content\\\/uploads\\\/2010\\\/08\\\/pastore-tedesco.jpg\",\"keywords\":[\"Belluno\"],\"articleSection\":[\"Cronaca\\\/Politica\",\"Prima Pagina\"],\"inLanguage\":\"fr-FR\"},{\"@type\":\"WebPage\",\"@id\":\"https:\\\/\\\/www.bellunopress.it\\\/2010\\\/08\\\/28\\\/bellissimo-pastore-tedesco-abbandonato-e-messo-in-salvo-dalla-polizia-provinciale-a-farra-d%e2%80%99alpago\\\/\",\"url\":\"https:\\\/\\\/www.bellunopress.it\\\/2010\\\/08\\\/28\\\/bellissimo-pastore-tedesco-abbandonato-e-messo-in-salvo-dalla-polizia-provinciale-a-farra-d%e2%80%99alpago\\\/\",\"name\":\"Bellissimo pastore tedesco abbandonato e messo in salvo dalla Polizia provinciale a Farra d\u2019Alpago - Bellunopress - Dolomiti\",\"isPartOf\":{\"@id\":\"https:\\\/\\\/www.bellunopress.it\\\/#website\"},\"primaryImageOfPage\":{\"@id\":\"https:\\\/\\\/www.bellunopress.it\\\/2010\\\/08\\\/28\\\/bellissimo-pastore-tedesco-abbandonato-e-messo-in-salvo-dalla-polizia-provinciale-a-farra-d%e2%80%99alpago\\\/#primaryimage\"},\"image\":{\"@id\":\"https:\\\/\\\/www.bellunopress.it\\\/2010\\\/08\\\/28\\\/bellissimo-pastore-tedesco-abbandonato-e-messo-in-salvo-dalla-polizia-provinciale-a-farra-d%e2%80%99alpago\\\/#primaryimage\"},\"thumbnailUrl\":\"http:\\\/\\\/www.bellunopress.it\\\/wp-content\\\/uploads\\\/2010\\\/08\\\/pastore-tedesco.jpg\",\"datePublished\":\"2010-08-28T10:16:27+00:00\",\"breadcrumb\":{\"@id\":\"https:\\\/\\\/www.bellunopress.it\\\/2010\\\/08\\\/28\\\/bellissimo-pastore-tedesco-abbandonato-e-messo-in-salvo-dalla-polizia-provinciale-a-farra-d%e2%80%99alpago\\\/#breadcrumb\"},\"inLanguage\":\"fr-FR\",\"potentialAction\":[{\"@type\":\"ReadAction\",\"target\":[\"https:\\\/\\\/www.bellunopress.it\\\/2010\\\/08\\\/28\\\/bellissimo-pastore-tedesco-abbandonato-e-messo-in-salvo-dalla-polizia-provinciale-a-farra-d%e2%80%99alpago\\\/\"]}]},{\"@type\":\"ImageObject\",\"inLanguage\":\"fr-FR\",\"@id\":\"https:\\\/\\\/www.bellunopress.it\\\/2010\\\/08\\\/28\\\/bellissimo-pastore-tedesco-abbandonato-e-messo-in-salvo-dalla-polizia-provinciale-a-farra-d%e2%80%99alpago\\\/#primaryimage\",\"url\":\"http:\\\/\\\/www.bellunopress.it\\\/wp-content\\\/uploads\\\/2010\\\/08\\\/pastore-tedesco.jpg\",\"contentUrl\":\"http:\\\/\\\/www.bellunopress.it\\\/wp-content\\\/uploads\\\/2010\\\/08\\\/pastore-tedesco.jpg\"},{\"@type\":\"BreadcrumbList\",\"@id\":\"https:\\\/\\\/www.bellunopress.it\\\/2010\\\/08\\\/28\\\/bellissimo-pastore-tedesco-abbandonato-e-messo-in-salvo-dalla-polizia-provinciale-a-farra-d%e2%80%99alpago\\\/#breadcrumb\",\"itemListElement\":[{\"@type\":\"ListItem\",\"position\":1,\"name\":\"Home\",\"item\":\"https:\\\/\\\/www.bellunopress.it\\\/\"},{\"@type\":\"ListItem\",\"position\":2,\"name\":\"Bellissimo pastore tedesco abbandonato e messo in salvo dalla Polizia provinciale a Farra d\u2019Alpago\"}]},{\"@type\":\"WebSite\",\"@id\":\"https:\\\/\\\/www.bellunopress.it\\\/#website\",\"url\":\"https:\\\/\\\/www.bellunopress.it\\\/\",\"name\":\"Bellunopress - Dolomiti\",\"description\":\"e-mail: redazione@bellunopress.it\",\"publisher\":{\"@id\":\"https:\\\/\\\/www.bellunopress.it\\\/#organization\"},\"potentialAction\":[{\"@type\":\"SearchAction\",\"target\":{\"@type\":\"EntryPoint\",\"urlTemplate\":\"https:\\\/\\\/www.bellunopress.it\\\/?s={search_term_string}\"},\"query-input\":{\"@type\":\"PropertyValueSpecification\",\"valueRequired\":true,\"valueName\":\"search_term_string\"}}],\"inLanguage\":\"fr-FR\"},{\"@type\":\"Organization\",\"@id\":\"https:\\\/\\\/www.bellunopress.it\\\/#organization\",\"name\":\"Bellunopress\",\"url\":\"https:\\\/\\\/www.bellunopress.it\\\/\",\"logo\":{\"@type\":\"ImageObject\",\"inLanguage\":\"fr-FR\",\"@id\":\"https:\\\/\\\/www.bellunopress.it\\\/#\\\/schema\\\/logo\\\/image\\\/\",\"url\":\"https:\\\/\\\/www.bellunopress.it\\\/wp-content\\\/uploads\\\/2011\\\/05\\\/cropped-logo-bellunopress-.jpg\",\"contentUrl\":\"https:\\\/\\\/www.bellunopress.it\\\/wp-content\\\/uploads\\\/2011\\\/05\\\/cropped-logo-bellunopress-.jpg\",\"width\":512,\"height\":512,\"caption\":\"Bellunopress\"},\"image\":{\"@id\":\"https:\\\/\\\/www.bellunopress.it\\\/#\\\/schema\\\/logo\\\/image\\\/\"},\"sameAs\":[\"https:\\\/\\\/www.facebook.com\\\/profile.php?id=100008943462799\",\"https:\\\/\\\/x.com\\\/bellunopress\",\"https:\\\/\\\/www.linkedin.com\\\/hp\\\/?dnr=JBzUWaJfMUw8vbXJJ2tVW5-I3jZKvC4wsoxE&amp;amp;amp;amp;amp;amp;trk=nav_responsive_tab_home\",\"https:\\\/\\\/www.youtube.com\\\/channel\\\/UCxL0wu1uN0_3_7hGG0306cw\"]},{\"@type\":\"Person\",\"@id\":\"https:\\\/\\\/www.bellunopress.it\\\/#\\\/schema\\\/person\\\/79bb06722b37ece1c03d3e94beb30d73\",\"name\":\"redazione\",\"image\":{\"@type\":\"ImageObject\",\"inLanguage\":\"fr-FR\",\"@id\":\"https:\\\/\\\/secure.gravatar.com\\\/avatar\\\/37d968a2e67a6fd04c169c4bdef102d0bc5d31b2546345219e348575eb80e9a0?s=96&d=mm&r=g\",\"url\":\"https:\\\/\\\/secure.gravatar.com\\\/avatar\\\/37d968a2e67a6fd04c169c4bdef102d0bc5d31b2546345219e348575eb80e9a0?s=96&d=mm&r=g\",\"contentUrl\":\"https:\\\/\\\/secure.gravatar.com\\\/avatar\\\/37d968a2e67a6fd04c169c4bdef102d0bc5d31b2546345219e348575eb80e9a0?s=96&d=mm&r=g\",\"caption\":\"redazione\"},\"sameAs\":[\"http:\\\/\\\/www.bellunopress.it\",\"https:\\\/\\\/x.com\\\/bellunopress\"],\"url\":\"https:\\\/\\\/www.bellunopress.it\\\/fr\\\/author\\\/redazione\\\/\"}]}<\/script>\n<!-- \/ Yoast SEO plugin. -->","yoast_head_json":{"title":"Bellissimo pastore tedesco abbandonato e messo in salvo dalla Polizia provinciale a Farra d\u2019Alpago - Bellunopress - Dolomiti","robots":{"index":"index","follow":"follow","max-snippet":"max-snippet:-1","max-image-preview":"max-image-preview:large","max-video-preview":"max-video-preview:-1"},"canonical":"https:\/\/www.bellunopress.it\/fr\/2010\/08\/28\/bellissimo-pastore-tedesco-abbandonato-e-messo-in-salvo-dalla-polizia-provinciale-a-farra-d\u2019alpago\/","og_locale":"fr_FR","og_type":"article","og_title":"Bellissimo pastore tedesco abbandonato e messo in salvo dalla Polizia provinciale a Farra d\u2019Alpago - Bellunopress - Dolomiti","og_description":"Gli agenti della Polizia Provinciale hanno portato in salvo, nel canile di Belluno, il pastore tedesco che da almeno dieci giorni si aggirava randagio nella zona di Farra d\u2019Alpago. Ora si indaga sui \u201cproprietari\u201d colpevoli di averlo abbandonato. Non ha il microchip n\u00e9 il tatuaggio di riconoscimento previsti per legge, ma gli uomini della Polizia [&hellip;]","og_url":"https:\/\/www.bellunopress.it\/fr\/2010\/08\/28\/bellissimo-pastore-tedesco-abbandonato-e-messo-in-salvo-dalla-polizia-provinciale-a-farra-d\u2019alpago\/","og_site_name":"Bellunopress - Dolomiti","article_publisher":"https:\/\/www.facebook.com\/profile.php?id=100008943462799","article_published_time":"2010-08-28T10:16:27+00:00","og_image":[{"url":"http:\/\/www.bellunopress.it\/wp-content\/uploads\/2010\/08\/pastore-tedesco.jpg","type":"","width":"","height":""}],"author":"redazione","twitter_card":"summary_large_image","twitter_creator":"@bellunopress","twitter_site":"@bellunopress","twitter_misc":{"\u00c9crit par":"redazione","Dur\u00e9e de lecture estim\u00e9e":"2 minutes"},"schema":{"@context":"https:\/\/schema.org","@graph":[{"@type":"Article","@id":"https:\/\/www.bellunopress.it\/2010\/08\/28\/bellissimo-pastore-tedesco-abbandonato-e-messo-in-salvo-dalla-polizia-provinciale-a-farra-d%e2%80%99alpago\/#article","isPartOf":{"@id":"https:\/\/www.bellunopress.it\/2010\/08\/28\/bellissimo-pastore-tedesco-abbandonato-e-messo-in-salvo-dalla-polizia-provinciale-a-farra-d%e2%80%99alpago\/"},"author":{"name":"redazione","@id":"https:\/\/www.bellunopress.it\/#\/schema\/person\/79bb06722b37ece1c03d3e94beb30d73"},"headline":"Bellissimo pastore tedesco abbandonato e messo in salvo dalla Polizia provinciale a Farra d\u2019Alpago","datePublished":"2010-08-28T10:16:27+00:00","mainEntityOfPage":{"@id":"https:\/\/www.bellunopress.it\/2010\/08\/28\/bellissimo-pastore-tedesco-abbandonato-e-messo-in-salvo-dalla-polizia-provinciale-a-farra-d%e2%80%99alpago\/"},"wordCount":363,"publisher":{"@id":"https:\/\/www.bellunopress.it\/#organization"},"image":{"@id":"https:\/\/www.bellunopress.it\/2010\/08\/28\/bellissimo-pastore-tedesco-abbandonato-e-messo-in-salvo-dalla-polizia-provinciale-a-farra-d%e2%80%99alpago\/#primaryimage"},"thumbnailUrl":"http:\/\/www.bellunopress.it\/wp-content\/uploads\/2010\/08\/pastore-tedesco.jpg","keywords":["Belluno"],"articleSection":["Cronaca\/Politica","Prima Pagina"],"inLanguage":"fr-FR"},{"@type":"WebPage","@id":"https:\/\/www.bellunopress.it\/2010\/08\/28\/bellissimo-pastore-tedesco-abbandonato-e-messo-in-salvo-dalla-polizia-provinciale-a-farra-d%e2%80%99alpago\/","url":"https:\/\/www.bellunopress.it\/2010\/08\/28\/bellissimo-pastore-tedesco-abbandonato-e-messo-in-salvo-dalla-polizia-provinciale-a-farra-d%e2%80%99alpago\/","name":"Bellissimo pastore tedesco abbandonato e messo in salvo dalla Polizia provinciale a Farra d\u2019Alpago - Bellunopress - Dolomiti","isPartOf":{"@id":"https:\/\/www.bellunopress.it\/#website"},"primaryImageOfPage":{"@id":"https:\/\/www.bellunopress.it\/2010\/08\/28\/bellissimo-pastore-tedesco-abbandonato-e-messo-in-salvo-dalla-polizia-provinciale-a-farra-d%e2%80%99alpago\/#primaryimage"},"image":{"@id":"https:\/\/www.bellunopress.it\/2010\/08\/28\/bellissimo-pastore-tedesco-abbandonato-e-messo-in-salvo-dalla-polizia-provinciale-a-farra-d%e2%80%99alpago\/#primaryimage"},"thumbnailUrl":"http:\/\/www.bellunopress.it\/wp-content\/uploads\/2010\/08\/pastore-tedesco.jpg","datePublished":"2010-08-28T10:16:27+00:00","breadcrumb":{"@id":"https:\/\/www.bellunopress.it\/2010\/08\/28\/bellissimo-pastore-tedesco-abbandonato-e-messo-in-salvo-dalla-polizia-provinciale-a-farra-d%e2%80%99alpago\/#breadcrumb"},"inLanguage":"fr-FR","potentialAction":[{"@type":"ReadAction","target":["https:\/\/www.bellunopress.it\/2010\/08\/28\/bellissimo-pastore-tedesco-abbandonato-e-messo-in-salvo-dalla-polizia-provinciale-a-farra-d%e2%80%99alpago\/"]}]},{"@type":"ImageObject","inLanguage":"fr-FR","@id":"https:\/\/www.bellunopress.it\/2010\/08\/28\/bellissimo-pastore-tedesco-abbandonato-e-messo-in-salvo-dalla-polizia-provinciale-a-farra-d%e2%80%99alpago\/#primaryimage","url":"http:\/\/www.bellunopress.it\/wp-content\/uploads\/2010\/08\/pastore-tedesco.jpg","contentUrl":"http:\/\/www.bellunopress.it\/wp-content\/uploads\/2010\/08\/pastore-tedesco.jpg"},{"@type":"BreadcrumbList","@id":"https:\/\/www.bellunopress.it\/2010\/08\/28\/bellissimo-pastore-tedesco-abbandonato-e-messo-in-salvo-dalla-polizia-provinciale-a-farra-d%e2%80%99alpago\/#breadcrumb","itemListElement":[{"@type":"ListItem","position":1,"name":"Home","item":"https:\/\/www.bellunopress.it\/"},{"@type":"ListItem","position":2,"name":"Bellissimo pastore tedesco abbandonato e messo in salvo dalla Polizia provinciale a Farra d\u2019Alpago"}]},{"@type":"WebSite","@id":"https:\/\/www.bellunopress.it\/#website","url":"https:\/\/www.bellunopress.it\/","name":"Bellunopress - Dolomiti","description":"e-mail: redazione@bellunopress.it","publisher":{"@id":"https:\/\/www.bellunopress.it\/#organization"},"potentialAction":[{"@type":"SearchAction","target":{"@type":"EntryPoint","urlTemplate":"https:\/\/www.bellunopress.it\/?s={search_term_string}"},"query-input":{"@type":"PropertyValueSpecification","valueRequired":true,"valueName":"search_term_string"}}],"inLanguage":"fr-FR"},{"@type":"Organization","@id":"https:\/\/www.bellunopress.it\/#organization","name":"Bellunopress","url":"https:\/\/www.bellunopress.it\/","logo":{"@type":"ImageObject","inLanguage":"fr-FR","@id":"https:\/\/www.bellunopress.it\/#\/schema\/logo\/image\/","url":"https:\/\/www.bellunopress.it\/wp-content\/uploads\/2011\/05\/cropped-logo-bellunopress-.jpg","contentUrl":"https:\/\/www.bellunopress.it\/wp-content\/uploads\/2011\/05\/cropped-logo-bellunopress-.jpg","width":512,"height":512,"caption":"Bellunopress"},"image":{"@id":"https:\/\/www.bellunopress.it\/#\/schema\/logo\/image\/"},"sameAs":["https:\/\/www.facebook.com\/profile.php?id=100008943462799","https:\/\/x.com\/bellunopress","https:\/\/www.linkedin.com\/hp\/?dnr=JBzUWaJfMUw8vbXJJ2tVW5-I3jZKvC4wsoxE&amp;amp;amp;amp;amp;amp;trk=nav_responsive_tab_home","https:\/\/www.youtube.com\/channel\/UCxL0wu1uN0_3_7hGG0306cw"]},{"@type":"Person","@id":"https:\/\/www.bellunopress.it\/#\/schema\/person\/79bb06722b37ece1c03d3e94beb30d73","name":"r\u00e9daction","image":{"@type":"ImageObject","inLanguage":"fr-FR","@id":"https:\/\/secure.gravatar.com\/avatar\/37d968a2e67a6fd04c169c4bdef102d0bc5d31b2546345219e348575eb80e9a0?s=96&d=mm&r=g","url":"https:\/\/secure.gravatar.com\/avatar\/37d968a2e67a6fd04c169c4bdef102d0bc5d31b2546345219e348575eb80e9a0?s=96&d=mm&r=g","contentUrl":"https:\/\/secure.gravatar.com\/avatar\/37d968a2e67a6fd04c169c4bdef102d0bc5d31b2546345219e348575eb80e9a0?s=96&d=mm&r=g","caption":"redazione"},"sameAs":["http:\/\/www.bellunopress.it","https:\/\/x.com\/bellunopress"],"url":"https:\/\/www.bellunopress.it\/fr\/author\/redazione\/"}]}},"_links":{"self":[{"href":"https:\/\/www.bellunopress.it\/fr\/wp-json\/wp\/v2\/posts\/18581","targetHints":{"allow":["GET"]}}],"collection":[{"href":"https:\/\/www.bellunopress.it\/fr\/wp-json\/wp\/v2\/posts"}],"about":[{"href":"https:\/\/www.bellunopress.it\/fr\/wp-json\/wp\/v2\/types\/post"}],"author":[{"embeddable":true,"href":"https:\/\/www.bellunopress.it\/fr\/wp-json\/wp\/v2\/users\/2"}],"replies":[{"embeddable":true,"href":"https:\/\/www.bellunopress.it\/fr\/wp-json\/wp\/v2\/comments?post=18581"}],"version-history":[{"count":1,"href":"https:\/\/www.bellunopress.it\/fr\/wp-json\/wp\/v2\/posts\/18581\/revisions"}],"predecessor-version":[{"id":18585,"href":"https:\/\/www.bellunopress.it\/fr\/wp-json\/wp\/v2\/posts\/18581\/revisions\/18585"}],"wp:attachment":[{"href":"https:\/\/www.bellunopress.it\/fr\/wp-json\/wp\/v2\/media?parent=18581"}],"wp:term":[{"taxonomy":"category","embeddable":true,"href":"https:\/\/www.bellunopress.it\/fr\/wp-json\/wp\/v2\/categories?post=18581"},{"taxonomy":"post_tag","embeddable":true,"href":"https:\/\/www.bellunopress.it\/fr\/wp-json\/wp\/v2\/tags?post=18581"}],"curies":[{"name":"wp","href":"https:\/\/api.w.org\/{rel}","templated":true}]}}