{"id":18574,"date":"2010-08-28T11:01:18","date_gmt":"2010-08-28T10:01:18","guid":{"rendered":"http:\/\/www.bellunopress.it\/?p=18574"},"modified":"2010-08-28T16:04:54","modified_gmt":"2010-08-28T15:04:54","slug":"due-appuntamenti-da-non-perdere-nel-giardino-di-palazzo-minciotti-villa-francesca-a-camino-al-tagliamento","status":"publish","type":"post","link":"https:\/\/www.bellunopress.it\/fr\/2010\/08\/28\/due-appuntamenti-da-non-perdere-nel-giardino-di-palazzo-minciotti-villa-francesca-a-camino-al-tagliamento\/","title":{"rendered":"Due appuntamenti da non perdere nel giardino di palazzo Minciotti (Villa Francesca), a Camino al Tagliamento"},"content":{"rendered":"<p>Luned\u00ec 6 settembre (alle 21) , nella magnifica cornice di Villa Francesca, va in scena lo sport\u00a0 \u201cvero\u201d, con la proiezione del film <strong>Zemanlandia<\/strong> di Giuseppe Sansonna, ospite Bruno Pizzul, e marted\u00ec 7 settembre (alle 21) grande musica (piano e voce) con il <strong>duo Laura Torto e Glauco Venier<\/strong>. Una prina assoluta di due grandi artisti inserita nel caleidoscopico circuito culturale varato quest&#8217;estate dalla Puglia e intitolato Terre dell\u2019Uomo. \u201cQuesta prima edizione di Terre dell\u2019Uomo\u00a0 nasce sotto gli auspici di una fraterna\u00a0 compenetrazione tra culture che \u201cresistono\u201d. Ed \u00e8 proprio per sollecitare il riconoscimento dell\u2019affinit\u00e0 dentro la differenza che si \u00e8 voluto iniziare dalla Puglia, che non diversamente dal Friuli Venezia Giulia \u00e8 terra carsica e di frontiera, sbilanciata sul mare, punto d\u2019intersezione tra Oriente e Occidente, storico epicentro di flussi migratori; territorio geograficamente esposto alla suggestione culturale del confine, e malgrado ci\u00f2 &#8211; o forse proprio per questo &#8211; modello esemplare di un\u2019identit\u00e0 tanto pi\u00f9 \u201ctenace\u201d quanto pi\u00f9 modellata nel tempo attraverso un incessante dialogo con l\u2019esterno.<br \/>\nMarco Rossitti, direttore artistico della manifestazione<br \/>\n<strong>LUNEDI 6 SETTEMBRE<br \/>\nCAMINO AL TAGLIAMENTO<\/strong><br \/>\nCorte di Palazzo Minciotti* ore 21.00<br \/>\nCinemambulante<br \/>\n<strong>ZEMANLANDIA<\/strong><br \/>\n(2009, 55\u2019) di Giuseppe Sansonna<br \/>\nal termine della proiezione incontro con Bruno Pizzul<br \/>\nconducono<br \/>\nNicola Angeli giornalista sportivo<br \/>\nRiccardo Costantini Cinemazero<br \/>\nAll\u2019inizio degli anni Novanta una scalcinata squadra di provincia irrompe<br \/>\na sorpresa in serie A e sconvolge il sonnacchioso panorama del calcio<br \/>\nitaliano. \u00c8 il Foggia di Zdenek Zeman. Il boemo, infliggendo ai giocatori<br \/>\nallenamenti estenuanti, forgia un manipolo di agguerriti e invincibili<br \/>\nsconosciuti, reclutati per un tozzo di pane nelle serie minori; e loro<br \/>\nprovocano sudori freddi ai pi\u00f9 blasonati squadroni costati miliardi.<br \/>\nSegnano e incassano valanghe di gol. Divertono e si divertono. E lui,<br \/>\nl\u2019uomo di Praga, gongola sempre pi\u00f9 sornione. Trench alla Bogart, sigaretta<br \/>\nappesa al labbro e palpebra a mezz\u2019asta, Zeman spiazza la stampa<br \/>\ncon pause interminabili e risposte impassibili. Ma Zeman diventer\u00e0<br \/>\nanche l\u2019uomo (scomodo) contro il Palazzo e contro il doping, fra i pochi<br \/>\na credere davvero nell\u2019integrit\u00e0 dello sport. Impreziosito dal calcio giocato<br \/>\ne da materiali di repertorio delle rampanti televisioni private, il film<br \/>\nannovera anche l\u2019intervista pi\u00f9 lunga che Zeman abbia mai rilasciato.<\/p>\n<p><strong>GIUSEPPE SANSONNA <\/strong>Classe 1977, \u00e8 nato ad Asti da genitori pugliesi. Laureatosi al Dams di Torino con una tesi sull\u2019opera cinematografica di Carmelo Bene, ha esordito alla regia nel 2001 con il cortometraggio La quiete, presentato al Festival di Torino del 2003. Nel2007 ha girato il documentario Frammenti di Nairobi, un reportage sulle spaventose condizioni di vita degli abitanti della bidonville di Korogocho.<br \/>\n* in caso di maltempo: Teatro Comunale di Camino al Tagliamento<br \/>\n<strong>BRUNO PIZZUL<\/strong> Nato a Udine nel 1938, \u00e8 uno dei pi\u00f9 noti telecronisti RAI di<br \/>\nsempre. Con un passato da calciatore professionista (Catania,<br \/>\nCremonese, Ischia, poi un grave infortunio al ginocchio), si<br \/>\nlaurea in giurisprudenza e, dopo aver insegnato materie letterarie<br \/>\nnelle scuole medie superiori, viene assunto in RAI nel<br \/>\n1968. Il 9 aprile del 1970 commenta la sua prima partita<br \/>\n(Juventus-Bologna, spareggio di Coppa Italia). A partire dai<br \/>\nMondiali 1986 gli viene affidato l\u2019incarico di telecronista ufficiale<br \/>\ndelle partite disputate dalla nazionale italiana. Pizzul<br \/>\nmantiene questo ruolo fino al 20 agosto 2002, quando commenta<br \/>\nla sua ultima partita dell\u2019Italia, l\u2019amichevole giocata a<br \/>\nTrieste contro la Slovenia. Oggi continua a essere attivo nel<br \/>\ncampo del giornalismo sportivo, sia per la televisione che per<br \/>\nla carta stampata.<br \/>\n<strong>MARTEDI 7 SETTEMBRE<br \/>\nCAMINO AL TAGLIAMENTO<\/strong><br \/>\nCorte di Palazzo Minciotti* ore 21.00<br \/>\nEvento speciale &#8211; Prima assoluta<br \/>\n<strong>DIANA TORTO &amp; GLAUCO VENIER DUO<br \/>\n\u201cINCJANS\u201d. CONCERTO PER PIANO E VOCE<\/strong><br \/>\nuna produzione di \u201cTerre dell\u2019uomo\u201d<br \/>\ncon il contributo di Bluenergy Group<br \/>\nCon Incjans due artisti di fama internazionale, la vocalist abruzzese Diana<br \/>\nTorto e il pianista e compositore friulano Glauco Venier, coronano il loro<br \/>\nsodalizio artistico &#8211; incentrato sulla comune passione nei confronti della<br \/>\ntradizione musicale popolare friulana. Si cimenteranno in una performance<br \/>\ninedita incentrata sul concetto di \u201cfolklore immaginario\u201d e basata<br \/>\nsull\u2019esecuzione di partiture ispirate a testi in lingua friulana di diversi<br \/>\npoeti contemporanei: Pier Paolo Pasolini, Federico Tavan, Novella<br \/>\nCantarutti, Amedeo Giacomini ed Elio Bartolini. Incjans rappresenta<br \/>\nsenza dubbio una tappa significativa, quasi una svolta, nell\u2019itinerario<br \/>\nartistico del celebre musicista friulano: mentre i suoi precedenti lavori<br \/>\nsono basati sull\u2019arrangiamento e la riarmonizzazione di materiali preesistenti,<br \/>\ncon Incjans Venier ha deciso di cimentarsi con la composizione di<br \/>\npartiture autografe. Una scrittura eclettica, la sua, capace di destreggiarsi<br \/>\nabilmente tra i vari riferimenti stilistici della sua formazione &#8211; dalla<br \/>\nclassica contemporanea al jazz europeo, fino a certe suggestioni rock -,<br \/>\nche si amalgamano armoniosamente grazie al comune radicamento nel<br \/>\nsostrato della musica tradizionale. Mentre ribadisce la vitalit\u00e0 della tradizione,<br \/>\nIncjans le dischiude cos\u00ec al contempo la possibilit\u00e0 di un dialogo<br \/>\ncon scenari e registri espressivi pi\u00f9 vasti e pi\u00f9 contemporanei.<br \/>\n<strong>Nel corso della serata verr\u00e0 presentato il progetto umanitario Africa Salutes<br \/>\nYou. Grazie Mandela promosso da Cre-attivi e dal nipote di Nelson Mandela.<\/strong><br \/>\n* in caso di maltempo: Teatro Comunale di Camino al Tagliamento<\/p>\n<p><strong>DIANA TORTO<\/strong> Cantante di estrazione jazzistica, Diana Torto ha collaborato<a href=\"http:\/\/www.bellunopress.it\/wp-content\/uploads\/2010\/08\/diana-torto1.jpg\"><img loading=\"lazy\" decoding=\"async\" class=\"alignright size-medium wp-image-18575\" title=\"diana-torto1\" src=\"http:\/\/www.bellunopress.it\/wp-content\/uploads\/2010\/08\/diana-torto1-300x129.jpg\" alt=\"\" width=\"300\" height=\"129\" srcset=\"https:\/\/www.bellunopress.it\/wp-content\/uploads\/2010\/08\/diana-torto1-300x129.jpg 300w, https:\/\/www.bellunopress.it\/wp-content\/uploads\/2010\/08\/diana-torto1.jpg 593w\" sizes=\"auto, (max-width: 300px) 100vw, 300px\" \/><\/a>con alcuni tra i pi\u00f9 prestigiosi musicisti italiani e stranieri.Tra gli altri: Kenny Wheeler, John Taylor, Enrico Rava, Paolo Fresu, Vince Mendoza, Mike Stern, Steve Coleman, Uri Caine, Enrico Pieranunzi, Gino Paoli. Nel corso della sua carrieraha tenuto concerti in Francia, Svizzera, Inghilterra, Germania, Austria, Polonia, Svezia, Norvegia, Olanda, Lussemburgo. Docente di canto e improvvisazione nei Conservatori di Milano, Bologna, Frosinone, Adria, Parma e all\u2019Accademia Musicale Pescarese, tiene inoltre numerose masterclass in Italia. Particolarmente proficuo il suo sodalizio col jazzista italiano Paolo Damiani, avviato nel 1998 con Sconcerto, progetto di Damiani e Stefano Benni poi pubblicato in cd dall\u2019etichetta Materiali Musicali-Il Manifesto, e proseguito, nel 2004, con l\u2019incisione del cd di Paolo Damiani Ensemble Ladybird (2004), votato secondo Miglior disco italiano dell\u2019anno dalla rivista Musica Jazz. Successo bissato con il successivo Al tempo che verr\u00e0, sempre intestato al Paolo Damiani Ensemble, votato Miglior cd del 2007 sia da Musica Jazz, che da Jazz Magazine. Negli ultimi anni Diana Torto ha<br \/>\ninoltre collezionato altre prestigiose collaborazioni. La prima<br \/>\nl\u2019ha vista al fianco del leggendario trombettista canadese<br \/>\nKenny Wheeler. La seconda, col pianista britannico John<br \/>\nTaylor, \u00e8 stata suggellata dall\u2019incisione del cd Triangoli (2009),<br \/>\na proposito del quale l\u2019autorevole critico del Guardian John<br \/>\nFordham ha scritto: \u00abDiana Torto \u00e8 una cantante di immensa<br \/>\nclasse e di sottile forza emozionale\u00bb. Nel maggio del 2011, il<br \/>\nduo Torto-Taylor si esibir\u00e0 alla Wimore Hall nell\u2019ambito della<br \/>\nnuova rassegna jazz diretta da Brad Meldhau.<br \/>\n<strong>GLAUCO VENIER<\/strong><br \/>\nDiplomatosi in organo e composizione al Conservatorio di <a href=\"http:\/\/www.bellunopress.it\/wp-content\/uploads\/2010\/08\/glauco-venier2.jpg\"><img loading=\"lazy\" decoding=\"async\" class=\"alignright size-medium wp-image-18589\" title=\"glauco-venier2\" src=\"http:\/\/www.bellunopress.it\/wp-content\/uploads\/2010\/08\/glauco-venier2-300x129.jpg\" alt=\"\" width=\"300\" height=\"129\" srcset=\"https:\/\/www.bellunopress.it\/wp-content\/uploads\/2010\/08\/glauco-venier2-300x129.jpg 300w, https:\/\/www.bellunopress.it\/wp-content\/uploads\/2010\/08\/glauco-venier2.jpg 594w\" sizes=\"auto, (max-width: 300px) 100vw, 300px\" \/><\/a>Udine nel 1985, Glauco Venier si \u00e8 successivamente avvicinato<br \/>\nalla musica jazz, che ha studiato a Milano e negli Stati Uniti.<br \/>\nOggi docente presso il Conservatorio \u201cTomadini\u201d di Udine, ha<br \/>\ninciso una decina di dischi a proprio nome e una trentina in qualit\u00e0di sideman e ha tenuto numerose masterclass in molti paesi europei. Ha intrapreso tourn\u00e9e in Italia, Austria, Germania,Francia, Belgio, Spagna, Svizzera, Inghilterra, Repubblica Ceca, Slovenia e Croazia, Russia, Israele e USA.<br \/>\nTra le numerose collaborazioni al suo attivo, in duo o in trio,<br \/>\nspiccano quelle con jazzisti di fama internazionale come Kenny<br \/>\nWheeler, Lee Konitz, Enrico Rava, Paolo Fresu, Joey Baron e molti altri.<\/p>\n<p>Tra le sue pi\u00f9 rilevanti esperienze professionali vanno<br \/>\ncitati due importanti lavori in qualit\u00e0 di arrangiatore: un omaggio<br \/>\na Frank Zappa commissionato dal Teatro Comunale di Modena in occasione del decimo anniversario della scomparsa del compositore americano e un secondo lavoro dedicato al compositore<br \/>\nrinascimentale friulano Giorgio Mainerio, presentato con grande successo al Mittelfest di Cividale 2003. Fra i suoi numerosi progetti discografici \u00e8 doveroso ricordare il cd Chamber Music, in trio con Norma Winstone e Klaus Gesing, pubblicato dalla Universal nel 2004. La collaborazione si \u00e8 rinnovata nel 2008 con l\u2019incisione del nuovo Distances, licenziato dalla leggendaria etichetta tedesca ECM, che ha ricevuto una nomination ai<br \/>\nGrammy Awards 2009 nella categoria \u201cVocal Jazz\u201d.<a href=\"http:\/\/www.bellunopress.it\/wp-content\/uploads\/2010\/08\/terre-delluomo-for-africa-of-mandela-leggera.jpg\"><img loading=\"lazy\" decoding=\"async\" class=\"alignright size-medium wp-image-18601\" title=\"terre-delluomo-for-africa-of-mandela-leggera\" src=\"http:\/\/www.bellunopress.it\/wp-content\/uploads\/2010\/08\/terre-delluomo-for-africa-of-mandela-leggera-227x300.jpg\" alt=\"\" width=\"227\" height=\"300\" srcset=\"https:\/\/www.bellunopress.it\/wp-content\/uploads\/2010\/08\/terre-delluomo-for-africa-of-mandela-leggera-227x300.jpg 227w, https:\/\/www.bellunopress.it\/wp-content\/uploads\/2010\/08\/terre-delluomo-for-africa-of-mandela-leggera.jpg 250w\" sizes=\"auto, (max-width: 227px) 100vw, 227px\" \/><\/a><\/p>\n<p><a href=\"http:\/\/www.bellunopress.it\/wp-content\/uploads\/2010\/08\/africa-salutes-you-leggera.jpg\"><img loading=\"lazy\" decoding=\"async\" class=\"alignleft size-medium wp-image-18600\" title=\"africa-salutes-you-leggera\" src=\"http:\/\/www.bellunopress.it\/wp-content\/uploads\/2010\/08\/africa-salutes-you-leggera.jpg\" alt=\"\" width=\"300\" height=\"223\" \/><\/a><\/p>","protected":false},"excerpt":{"rendered":"<p>Luned\u00ec 6 settembre (alle 21) , nella magnifica cornice di Villa Francesca, va in scena lo sport\u00a0 \u201cvero\u201d, con la proiezione del film Zemanlandia di Giuseppe Sansonna, ospite Bruno Pizzul, e marted\u00ec 7 settembre (alle 21) grande musica (piano e voce) con il duo Laura Torto e Glauco Venier. Una prina assoluta di due grandi [&hellip;]<\/p>\n","protected":false},"author":2,"featured_media":0,"comment_status":"closed","ping_status":"open","sticky":false,"template":"","format":"standard","meta":{"footnotes":""},"categories":[3,25,50],"tags":[139],"class_list":["post-18574","post","type-post","status-publish","format-standard","category-arte-cultura-spettacoli-scienza-archivi","category-pausa-caffe","category-pubbliredazionali","tag-belluno"],"yoast_head":"<!-- This site is optimized with the Yoast SEO plugin v28.4 - https:\/\/yoast.com\/product\/yoast-seo-wordpress\/ -->\n<title>Due appuntamenti da non perdere nel giardino di palazzo Minciotti (Villa Francesca), a Camino al Tagliamento - Bellunopress - Dolomiti<\/title>\n<meta name=\"robots\" content=\"index, follow, max-snippet:-1, max-image-preview:large, max-video-preview:-1\" \/>\n<link rel=\"canonical\" href=\"https:\/\/www.bellunopress.it\/fr\/2010\/08\/28\/due-appuntamenti-da-non-perdere-nel-giardino-di-palazzo-minciotti-villa-francesca-a-camino-al-tagliamento\/\" \/>\n<meta property=\"og:locale\" content=\"fr_FR\" \/>\n<meta property=\"og:type\" content=\"article\" \/>\n<meta property=\"og:title\" content=\"Due appuntamenti da non perdere nel giardino di palazzo Minciotti (Villa Francesca), a Camino al Tagliamento - Bellunopress - Dolomiti\" \/>\n<meta property=\"og:description\" content=\"Luned\u00ec 6 settembre (alle 21) , nella magnifica cornice di Villa Francesca, va in scena lo sport\u00a0 \u201cvero\u201d, con la proiezione del film Zemanlandia di Giuseppe Sansonna, ospite Bruno Pizzul, e marted\u00ec 7 settembre (alle 21) grande musica (piano e voce) con il duo Laura Torto e Glauco Venier. Una prina assoluta di due grandi [&hellip;]\" \/>\n<meta property=\"og:url\" content=\"https:\/\/www.bellunopress.it\/fr\/2010\/08\/28\/due-appuntamenti-da-non-perdere-nel-giardino-di-palazzo-minciotti-villa-francesca-a-camino-al-tagliamento\/\" \/>\n<meta property=\"og:site_name\" content=\"Bellunopress - Dolomiti\" \/>\n<meta property=\"article:publisher\" content=\"https:\/\/www.facebook.com\/profile.php?id=100008943462799\" \/>\n<meta property=\"article:published_time\" content=\"2010-08-28T10:01:18+00:00\" \/>\n<meta property=\"article:modified_time\" content=\"2010-08-28T15:04:54+00:00\" \/>\n<meta property=\"og:image\" content=\"http:\/\/www.bellunopress.it\/wp-content\/uploads\/2010\/08\/diana-torto1-300x129.jpg\" \/>\n<meta name=\"author\" content=\"redazione\" \/>\n<meta name=\"twitter:card\" content=\"summary_large_image\" \/>\n<meta name=\"twitter:creator\" content=\"@bellunopress\" \/>\n<meta name=\"twitter:site\" content=\"@bellunopress\" \/>\n<meta name=\"twitter:label1\" content=\"\u00c9crit par\" \/>\n\t<meta name=\"twitter:data1\" content=\"redazione\" \/>\n\t<meta name=\"twitter:label2\" content=\"Dur\u00e9e de lecture estim\u00e9e\" \/>\n\t<meta name=\"twitter:data2\" content=\"6 minutes\" \/>\n<script type=\"application\/ld+json\" class=\"yoast-schema-graph\">{\"@context\":\"https:\\\/\\\/schema.org\",\"@graph\":[{\"@type\":\"Article\",\"@id\":\"https:\\\/\\\/www.bellunopress.it\\\/2010\\\/08\\\/28\\\/due-appuntamenti-da-non-perdere-nel-giardino-di-palazzo-minciotti-villa-francesca-a-camino-al-tagliamento\\\/#article\",\"isPartOf\":{\"@id\":\"https:\\\/\\\/www.bellunopress.it\\\/2010\\\/08\\\/28\\\/due-appuntamenti-da-non-perdere-nel-giardino-di-palazzo-minciotti-villa-francesca-a-camino-al-tagliamento\\\/\"},\"author\":{\"name\":\"redazione\",\"@id\":\"https:\\\/\\\/www.bellunopress.it\\\/#\\\/schema\\\/person\\\/79bb06722b37ece1c03d3e94beb30d73\"},\"headline\":\"Due appuntamenti da non perdere nel giardino di palazzo Minciotti (Villa Francesca), a Camino al Tagliamento\",\"datePublished\":\"2010-08-28T10:01:18+00:00\",\"dateModified\":\"2010-08-28T15:04:54+00:00\",\"mainEntityOfPage\":{\"@id\":\"https:\\\/\\\/www.bellunopress.it\\\/2010\\\/08\\\/28\\\/due-appuntamenti-da-non-perdere-nel-giardino-di-palazzo-minciotti-villa-francesca-a-camino-al-tagliamento\\\/\"},\"wordCount\":1306,\"publisher\":{\"@id\":\"https:\\\/\\\/www.bellunopress.it\\\/#organization\"},\"image\":{\"@id\":\"https:\\\/\\\/www.bellunopress.it\\\/2010\\\/08\\\/28\\\/due-appuntamenti-da-non-perdere-nel-giardino-di-palazzo-minciotti-villa-francesca-a-camino-al-tagliamento\\\/#primaryimage\"},\"thumbnailUrl\":\"http:\\\/\\\/www.bellunopress.it\\\/wp-content\\\/uploads\\\/2010\\\/08\\\/diana-torto1-300x129.jpg\",\"keywords\":[\"Belluno\"],\"articleSection\":[\"Arte, Cultura, Spettacoli, Scienza\",\"Pausa Caff\u00e8\",\"Pubbliredazionali\"],\"inLanguage\":\"fr-FR\"},{\"@type\":\"WebPage\",\"@id\":\"https:\\\/\\\/www.bellunopress.it\\\/2010\\\/08\\\/28\\\/due-appuntamenti-da-non-perdere-nel-giardino-di-palazzo-minciotti-villa-francesca-a-camino-al-tagliamento\\\/\",\"url\":\"https:\\\/\\\/www.bellunopress.it\\\/2010\\\/08\\\/28\\\/due-appuntamenti-da-non-perdere-nel-giardino-di-palazzo-minciotti-villa-francesca-a-camino-al-tagliamento\\\/\",\"name\":\"Due appuntamenti da non perdere nel giardino di palazzo Minciotti (Villa Francesca), a Camino al Tagliamento - Bellunopress - Dolomiti\",\"isPartOf\":{\"@id\":\"https:\\\/\\\/www.bellunopress.it\\\/#website\"},\"primaryImageOfPage\":{\"@id\":\"https:\\\/\\\/www.bellunopress.it\\\/2010\\\/08\\\/28\\\/due-appuntamenti-da-non-perdere-nel-giardino-di-palazzo-minciotti-villa-francesca-a-camino-al-tagliamento\\\/#primaryimage\"},\"image\":{\"@id\":\"https:\\\/\\\/www.bellunopress.it\\\/2010\\\/08\\\/28\\\/due-appuntamenti-da-non-perdere-nel-giardino-di-palazzo-minciotti-villa-francesca-a-camino-al-tagliamento\\\/#primaryimage\"},\"thumbnailUrl\":\"http:\\\/\\\/www.bellunopress.it\\\/wp-content\\\/uploads\\\/2010\\\/08\\\/diana-torto1-300x129.jpg\",\"datePublished\":\"2010-08-28T10:01:18+00:00\",\"dateModified\":\"2010-08-28T15:04:54+00:00\",\"breadcrumb\":{\"@id\":\"https:\\\/\\\/www.bellunopress.it\\\/2010\\\/08\\\/28\\\/due-appuntamenti-da-non-perdere-nel-giardino-di-palazzo-minciotti-villa-francesca-a-camino-al-tagliamento\\\/#breadcrumb\"},\"inLanguage\":\"fr-FR\",\"potentialAction\":[{\"@type\":\"ReadAction\",\"target\":[\"https:\\\/\\\/www.bellunopress.it\\\/2010\\\/08\\\/28\\\/due-appuntamenti-da-non-perdere-nel-giardino-di-palazzo-minciotti-villa-francesca-a-camino-al-tagliamento\\\/\"]}]},{\"@type\":\"ImageObject\",\"inLanguage\":\"fr-FR\",\"@id\":\"https:\\\/\\\/www.bellunopress.it\\\/2010\\\/08\\\/28\\\/due-appuntamenti-da-non-perdere-nel-giardino-di-palazzo-minciotti-villa-francesca-a-camino-al-tagliamento\\\/#primaryimage\",\"url\":\"http:\\\/\\\/www.bellunopress.it\\\/wp-content\\\/uploads\\\/2010\\\/08\\\/diana-torto1-300x129.jpg\",\"contentUrl\":\"http:\\\/\\\/www.bellunopress.it\\\/wp-content\\\/uploads\\\/2010\\\/08\\\/diana-torto1-300x129.jpg\"},{\"@type\":\"BreadcrumbList\",\"@id\":\"https:\\\/\\\/www.bellunopress.it\\\/2010\\\/08\\\/28\\\/due-appuntamenti-da-non-perdere-nel-giardino-di-palazzo-minciotti-villa-francesca-a-camino-al-tagliamento\\\/#breadcrumb\",\"itemListElement\":[{\"@type\":\"ListItem\",\"position\":1,\"name\":\"Home\",\"item\":\"https:\\\/\\\/www.bellunopress.it\\\/\"},{\"@type\":\"ListItem\",\"position\":2,\"name\":\"Due appuntamenti da non perdere nel giardino di palazzo Minciotti (Villa Francesca), a Camino al Tagliamento\"}]},{\"@type\":\"WebSite\",\"@id\":\"https:\\\/\\\/www.bellunopress.it\\\/#website\",\"url\":\"https:\\\/\\\/www.bellunopress.it\\\/\",\"name\":\"Bellunopress - Dolomiti\",\"description\":\"e-mail: redazione@bellunopress.it\",\"publisher\":{\"@id\":\"https:\\\/\\\/www.bellunopress.it\\\/#organization\"},\"potentialAction\":[{\"@type\":\"SearchAction\",\"target\":{\"@type\":\"EntryPoint\",\"urlTemplate\":\"https:\\\/\\\/www.bellunopress.it\\\/?s={search_term_string}\"},\"query-input\":{\"@type\":\"PropertyValueSpecification\",\"valueRequired\":true,\"valueName\":\"search_term_string\"}}],\"inLanguage\":\"fr-FR\"},{\"@type\":\"Organization\",\"@id\":\"https:\\\/\\\/www.bellunopress.it\\\/#organization\",\"name\":\"Bellunopress\",\"url\":\"https:\\\/\\\/www.bellunopress.it\\\/\",\"logo\":{\"@type\":\"ImageObject\",\"inLanguage\":\"fr-FR\",\"@id\":\"https:\\\/\\\/www.bellunopress.it\\\/#\\\/schema\\\/logo\\\/image\\\/\",\"url\":\"https:\\\/\\\/www.bellunopress.it\\\/wp-content\\\/uploads\\\/2011\\\/05\\\/cropped-logo-bellunopress-.jpg\",\"contentUrl\":\"https:\\\/\\\/www.bellunopress.it\\\/wp-content\\\/uploads\\\/2011\\\/05\\\/cropped-logo-bellunopress-.jpg\",\"width\":512,\"height\":512,\"caption\":\"Bellunopress\"},\"image\":{\"@id\":\"https:\\\/\\\/www.bellunopress.it\\\/#\\\/schema\\\/logo\\\/image\\\/\"},\"sameAs\":[\"https:\\\/\\\/www.facebook.com\\\/profile.php?id=100008943462799\",\"https:\\\/\\\/x.com\\\/bellunopress\",\"https:\\\/\\\/www.linkedin.com\\\/hp\\\/?dnr=JBzUWaJfMUw8vbXJJ2tVW5-I3jZKvC4wsoxE&amp;amp;amp;amp;amp;amp;trk=nav_responsive_tab_home\",\"https:\\\/\\\/www.youtube.com\\\/channel\\\/UCxL0wu1uN0_3_7hGG0306cw\"]},{\"@type\":\"Person\",\"@id\":\"https:\\\/\\\/www.bellunopress.it\\\/#\\\/schema\\\/person\\\/79bb06722b37ece1c03d3e94beb30d73\",\"name\":\"redazione\",\"image\":{\"@type\":\"ImageObject\",\"inLanguage\":\"fr-FR\",\"@id\":\"https:\\\/\\\/secure.gravatar.com\\\/avatar\\\/37d968a2e67a6fd04c169c4bdef102d0bc5d31b2546345219e348575eb80e9a0?s=96&d=mm&r=g\",\"url\":\"https:\\\/\\\/secure.gravatar.com\\\/avatar\\\/37d968a2e67a6fd04c169c4bdef102d0bc5d31b2546345219e348575eb80e9a0?s=96&d=mm&r=g\",\"contentUrl\":\"https:\\\/\\\/secure.gravatar.com\\\/avatar\\\/37d968a2e67a6fd04c169c4bdef102d0bc5d31b2546345219e348575eb80e9a0?s=96&d=mm&r=g\",\"caption\":\"redazione\"},\"sameAs\":[\"http:\\\/\\\/www.bellunopress.it\",\"https:\\\/\\\/x.com\\\/bellunopress\"],\"url\":\"https:\\\/\\\/www.bellunopress.it\\\/fr\\\/author\\\/redazione\\\/\"}]}<\/script>\n<!-- \/ Yoast SEO plugin. -->","yoast_head_json":{"title":"Due appuntamenti da non perdere nel giardino di palazzo Minciotti (Villa Francesca), a Camino al Tagliamento - Bellunopress - Dolomiti","robots":{"index":"index","follow":"follow","max-snippet":"max-snippet:-1","max-image-preview":"max-image-preview:large","max-video-preview":"max-video-preview:-1"},"canonical":"https:\/\/www.bellunopress.it\/fr\/2010\/08\/28\/due-appuntamenti-da-non-perdere-nel-giardino-di-palazzo-minciotti-villa-francesca-a-camino-al-tagliamento\/","og_locale":"fr_FR","og_type":"article","og_title":"Due appuntamenti da non perdere nel giardino di palazzo Minciotti (Villa Francesca), a Camino al Tagliamento - Bellunopress - Dolomiti","og_description":"Luned\u00ec 6 settembre (alle 21) , nella magnifica cornice di Villa Francesca, va in scena lo sport\u00a0 \u201cvero\u201d, con la proiezione del film Zemanlandia di Giuseppe Sansonna, ospite Bruno Pizzul, e marted\u00ec 7 settembre (alle 21) grande musica (piano e voce) con il duo Laura Torto e Glauco Venier. Una prina assoluta di due grandi [&hellip;]","og_url":"https:\/\/www.bellunopress.it\/fr\/2010\/08\/28\/due-appuntamenti-da-non-perdere-nel-giardino-di-palazzo-minciotti-villa-francesca-a-camino-al-tagliamento\/","og_site_name":"Bellunopress - Dolomiti","article_publisher":"https:\/\/www.facebook.com\/profile.php?id=100008943462799","article_published_time":"2010-08-28T10:01:18+00:00","article_modified_time":"2010-08-28T15:04:54+00:00","og_image":[{"url":"http:\/\/www.bellunopress.it\/wp-content\/uploads\/2010\/08\/diana-torto1-300x129.jpg","type":"","width":"","height":""}],"author":"redazione","twitter_card":"summary_large_image","twitter_creator":"@bellunopress","twitter_site":"@bellunopress","twitter_misc":{"\u00c9crit par":"redazione","Dur\u00e9e de lecture estim\u00e9e":"6 minutes"},"schema":{"@context":"https:\/\/schema.org","@graph":[{"@type":"Article","@id":"https:\/\/www.bellunopress.it\/2010\/08\/28\/due-appuntamenti-da-non-perdere-nel-giardino-di-palazzo-minciotti-villa-francesca-a-camino-al-tagliamento\/#article","isPartOf":{"@id":"https:\/\/www.bellunopress.it\/2010\/08\/28\/due-appuntamenti-da-non-perdere-nel-giardino-di-palazzo-minciotti-villa-francesca-a-camino-al-tagliamento\/"},"author":{"name":"redazione","@id":"https:\/\/www.bellunopress.it\/#\/schema\/person\/79bb06722b37ece1c03d3e94beb30d73"},"headline":"Due appuntamenti da non perdere nel giardino di palazzo Minciotti (Villa Francesca), a Camino al Tagliamento","datePublished":"2010-08-28T10:01:18+00:00","dateModified":"2010-08-28T15:04:54+00:00","mainEntityOfPage":{"@id":"https:\/\/www.bellunopress.it\/2010\/08\/28\/due-appuntamenti-da-non-perdere-nel-giardino-di-palazzo-minciotti-villa-francesca-a-camino-al-tagliamento\/"},"wordCount":1306,"publisher":{"@id":"https:\/\/www.bellunopress.it\/#organization"},"image":{"@id":"https:\/\/www.bellunopress.it\/2010\/08\/28\/due-appuntamenti-da-non-perdere-nel-giardino-di-palazzo-minciotti-villa-francesca-a-camino-al-tagliamento\/#primaryimage"},"thumbnailUrl":"http:\/\/www.bellunopress.it\/wp-content\/uploads\/2010\/08\/diana-torto1-300x129.jpg","keywords":["Belluno"],"articleSection":["Arte, Cultura, Spettacoli, Scienza","Pausa Caff\u00e8","Pubbliredazionali"],"inLanguage":"fr-FR"},{"@type":"WebPage","@id":"https:\/\/www.bellunopress.it\/2010\/08\/28\/due-appuntamenti-da-non-perdere-nel-giardino-di-palazzo-minciotti-villa-francesca-a-camino-al-tagliamento\/","url":"https:\/\/www.bellunopress.it\/2010\/08\/28\/due-appuntamenti-da-non-perdere-nel-giardino-di-palazzo-minciotti-villa-francesca-a-camino-al-tagliamento\/","name":"Due appuntamenti da non perdere nel giardino di palazzo Minciotti (Villa Francesca), a Camino al Tagliamento - Bellunopress - Dolomiti","isPartOf":{"@id":"https:\/\/www.bellunopress.it\/#website"},"primaryImageOfPage":{"@id":"https:\/\/www.bellunopress.it\/2010\/08\/28\/due-appuntamenti-da-non-perdere-nel-giardino-di-palazzo-minciotti-villa-francesca-a-camino-al-tagliamento\/#primaryimage"},"image":{"@id":"https:\/\/www.bellunopress.it\/2010\/08\/28\/due-appuntamenti-da-non-perdere-nel-giardino-di-palazzo-minciotti-villa-francesca-a-camino-al-tagliamento\/#primaryimage"},"thumbnailUrl":"http:\/\/www.bellunopress.it\/wp-content\/uploads\/2010\/08\/diana-torto1-300x129.jpg","datePublished":"2010-08-28T10:01:18+00:00","dateModified":"2010-08-28T15:04:54+00:00","breadcrumb":{"@id":"https:\/\/www.bellunopress.it\/2010\/08\/28\/due-appuntamenti-da-non-perdere-nel-giardino-di-palazzo-minciotti-villa-francesca-a-camino-al-tagliamento\/#breadcrumb"},"inLanguage":"fr-FR","potentialAction":[{"@type":"ReadAction","target":["https:\/\/www.bellunopress.it\/2010\/08\/28\/due-appuntamenti-da-non-perdere-nel-giardino-di-palazzo-minciotti-villa-francesca-a-camino-al-tagliamento\/"]}]},{"@type":"ImageObject","inLanguage":"fr-FR","@id":"https:\/\/www.bellunopress.it\/2010\/08\/28\/due-appuntamenti-da-non-perdere-nel-giardino-di-palazzo-minciotti-villa-francesca-a-camino-al-tagliamento\/#primaryimage","url":"http:\/\/www.bellunopress.it\/wp-content\/uploads\/2010\/08\/diana-torto1-300x129.jpg","contentUrl":"http:\/\/www.bellunopress.it\/wp-content\/uploads\/2010\/08\/diana-torto1-300x129.jpg"},{"@type":"BreadcrumbList","@id":"https:\/\/www.bellunopress.it\/2010\/08\/28\/due-appuntamenti-da-non-perdere-nel-giardino-di-palazzo-minciotti-villa-francesca-a-camino-al-tagliamento\/#breadcrumb","itemListElement":[{"@type":"ListItem","position":1,"name":"Home","item":"https:\/\/www.bellunopress.it\/"},{"@type":"ListItem","position":2,"name":"Due appuntamenti da non perdere nel giardino di palazzo Minciotti (Villa Francesca), a Camino al Tagliamento"}]},{"@type":"WebSite","@id":"https:\/\/www.bellunopress.it\/#website","url":"https:\/\/www.bellunopress.it\/","name":"Bellunopress - Dolomiti","description":"e-mail: redazione@bellunopress.it","publisher":{"@id":"https:\/\/www.bellunopress.it\/#organization"},"potentialAction":[{"@type":"SearchAction","target":{"@type":"EntryPoint","urlTemplate":"https:\/\/www.bellunopress.it\/?s={search_term_string}"},"query-input":{"@type":"PropertyValueSpecification","valueRequired":true,"valueName":"search_term_string"}}],"inLanguage":"fr-FR"},{"@type":"Organization","@id":"https:\/\/www.bellunopress.it\/#organization","name":"Bellunopress","url":"https:\/\/www.bellunopress.it\/","logo":{"@type":"ImageObject","inLanguage":"fr-FR","@id":"https:\/\/www.bellunopress.it\/#\/schema\/logo\/image\/","url":"https:\/\/www.bellunopress.it\/wp-content\/uploads\/2011\/05\/cropped-logo-bellunopress-.jpg","contentUrl":"https:\/\/www.bellunopress.it\/wp-content\/uploads\/2011\/05\/cropped-logo-bellunopress-.jpg","width":512,"height":512,"caption":"Bellunopress"},"image":{"@id":"https:\/\/www.bellunopress.it\/#\/schema\/logo\/image\/"},"sameAs":["https:\/\/www.facebook.com\/profile.php?id=100008943462799","https:\/\/x.com\/bellunopress","https:\/\/www.linkedin.com\/hp\/?dnr=JBzUWaJfMUw8vbXJJ2tVW5-I3jZKvC4wsoxE&amp;amp;amp;amp;amp;amp;trk=nav_responsive_tab_home","https:\/\/www.youtube.com\/channel\/UCxL0wu1uN0_3_7hGG0306cw"]},{"@type":"Person","@id":"https:\/\/www.bellunopress.it\/#\/schema\/person\/79bb06722b37ece1c03d3e94beb30d73","name":"r\u00e9daction","image":{"@type":"ImageObject","inLanguage":"fr-FR","@id":"https:\/\/secure.gravatar.com\/avatar\/37d968a2e67a6fd04c169c4bdef102d0bc5d31b2546345219e348575eb80e9a0?s=96&d=mm&r=g","url":"https:\/\/secure.gravatar.com\/avatar\/37d968a2e67a6fd04c169c4bdef102d0bc5d31b2546345219e348575eb80e9a0?s=96&d=mm&r=g","contentUrl":"https:\/\/secure.gravatar.com\/avatar\/37d968a2e67a6fd04c169c4bdef102d0bc5d31b2546345219e348575eb80e9a0?s=96&d=mm&r=g","caption":"redazione"},"sameAs":["http:\/\/www.bellunopress.it","https:\/\/x.com\/bellunopress"],"url":"https:\/\/www.bellunopress.it\/fr\/author\/redazione\/"}]}},"_links":{"self":[{"href":"https:\/\/www.bellunopress.it\/fr\/wp-json\/wp\/v2\/posts\/18574","targetHints":{"allow":["GET"]}}],"collection":[{"href":"https:\/\/www.bellunopress.it\/fr\/wp-json\/wp\/v2\/posts"}],"about":[{"href":"https:\/\/www.bellunopress.it\/fr\/wp-json\/wp\/v2\/types\/post"}],"author":[{"embeddable":true,"href":"https:\/\/www.bellunopress.it\/fr\/wp-json\/wp\/v2\/users\/2"}],"replies":[{"embeddable":true,"href":"https:\/\/www.bellunopress.it\/fr\/wp-json\/wp\/v2\/comments?post=18574"}],"version-history":[{"count":9,"href":"https:\/\/www.bellunopress.it\/fr\/wp-json\/wp\/v2\/posts\/18574\/revisions"}],"predecessor-version":[{"id":18602,"href":"https:\/\/www.bellunopress.it\/fr\/wp-json\/wp\/v2\/posts\/18574\/revisions\/18602"}],"wp:attachment":[{"href":"https:\/\/www.bellunopress.it\/fr\/wp-json\/wp\/v2\/media?parent=18574"}],"wp:term":[{"taxonomy":"category","embeddable":true,"href":"https:\/\/www.bellunopress.it\/fr\/wp-json\/wp\/v2\/categories?post=18574"},{"taxonomy":"post_tag","embeddable":true,"href":"https:\/\/www.bellunopress.it\/fr\/wp-json\/wp\/v2\/tags?post=18574"}],"curies":[{"name":"wp","href":"https:\/\/api.w.org\/{rel}","templated":true}]}}