{"id":18567,"date":"2010-08-28T07:59:27","date_gmt":"2010-08-28T06:59:27","guid":{"rendered":"http:\/\/www.bellunopress.it\/?p=18567"},"modified":"2010-08-28T11:23:57","modified_gmt":"2010-08-28T10:23:57","slug":"e-in-atto-una-manovra-per-affibbiare-ai-bellunesi-lo-scomodissimo-palazzaccio-di-via-tiziano-vecellio-per-alcuni-servizi-della-usl-il-consiglio-comunale-e-allo-scuro-di-tutto-a-chi-giova","status":"publish","type":"post","link":"https:\/\/www.bellunopress.it\/fr\/2010\/08\/28\/e-in-atto-una-manovra-per-affibbiare-ai-bellunesi-lo-scomodissimo-palazzaccio-di-via-tiziano-vecellio-per-alcuni-servizi-della-usl-il-consiglio-comunale-e-allo-scuro-di-tutto-a-chi-giova\/","title":{"rendered":"E&#8217; in atto una manovra da 18 milioni di euro per affibbiare ai bellunesi lo scomodissimo palazzaccio di via Tiziano Vecellio per alcuni servizi della Usl. Il Consiglio comunale \u00e8 allo scuro di tutto. A chi giova?"},"content":{"rendered":"<p><a href=\"http:\/\/www.bellunopress.it\/wp-content\/uploads\/2010\/08\/palazzo-via-vecellio.jpg\"><img loading=\"lazy\" decoding=\"async\" class=\"alignleft size-medium wp-image-18568\" title=\"palazzo-via-vecellio\" src=\"http:\/\/www.bellunopress.it\/wp-content\/uploads\/2010\/08\/palazzo-via-vecellio.jpg\" alt=\"\" width=\"290\" height=\"193\" \/><\/a>Il Protocollo d\u2019Intesa a firma del sindaco di Belluno e del direttore generale della Usl n.1 di Belluno del 5 novembre 2004 stabiliva che la Usl si impegnava a \u201criorganizzare e concentrare nell\u2019area ospedaliera il complesso di attivit\u00e0 e funzioni ora svolte all\u2019esterno, negli edifici di via Feltre, via S. Andrea e piazzale Marconi\u201d. Tuttavia, dal mese di marzo 2010, la Usl ha dato il via a una serie di azioni unilaterali che disattendono l&#8217;impegno sottoscritto nel Protocollo del 2004. Il primo segnale forte inizia con la Conferenza dei capigruppo del 2 marzo, dove cominciano a definirsi i contorni della manovra che coinvolge l\u2019ex convento di via San Gervasio, la villa Dal Fabbro, nonch\u00e9 l\u2019attivazione di una nuova struttura per i malati di Alzheimer da 80 posti letto. Il tutto avvallato dalla giunta Prade, che con 5 assessori presenti e 4 assenti, di fatto d\u00e0 il proprio benestare all&#8217;operazione. A giugno la Usl effettua una rilevazione dei dati di accesso sulle strutture di via Feltre (132 dipendenti) e di via Sant&#8217;Andrea (44 dipendenti), ossia in quei fabbricati che verrebbero sacrificati in permuta con il palazzaccio di via Tiziano Vecellio. Va ricordato che non a caso abbiamo soprannominato palazzaccio l&#8217;edificio oggetto del desiderio della direzione Usl, infatti l&#8217;immobile venne scartato anni fa da un&#8217;importante associazione di categoria, perch\u00e9 le perizie tecniche effettuate dimostravano la mediocre qualit\u00e0 della costruzione. C&#8217;\u00e8 di pi\u00f9. Ora due dipendenti del Comune di Belluno stanno predisponendo i progetti per questa permuta. E il\u00a0 20 agosto 2010 la Sovrintendenza ha effettuato un sopralluogo al convento di via San Gervasio, sempre in relazione alla permuta come se fosse gi\u00e0 cosa fatta. E&#8217; evidente, insomma, che 5 membri della giunta Prade e la direzione Usl hanno scavalcato il Consiglio comunale di Belluno escludendolo da qualsivoglia forma di coinvolgimento. Del resto un&#8217;operazione simile era gi\u00e0 stata fatta con la piscina di Belluno (900mila euro di lavori effettuati\u00a0 senza regolare gara d&#8217;appalto, utilizzando l&#8217;escamotage della \u201csomma urgenza\u201d). Questa volont\u00e0 di escludere dalle decisioni dei rappresentanti eletti dai cittadini \u00e8 dimostrata dal fatto che al Consiglio comunale di Belluno non \u00e8 stato trasmesso nessun piano per questa grande operazione del valore di 18 milioni di euro. I consiglieri comunali non sono nemmeno a conoscenza di tutti i particolari di questa colossale operazione che condizioner\u00e0 bilanci futuri e abitudini di chi dovr\u00e0 rivolgersi ai servizi Usl. Non si conoscono i particolari e i costi (e da chi saranno finanziati) della ristrutturazione dell&#8217;ex convento di San Gervasio, della ristrutturazione di Villa Dal Fabbro, della destinazione del canile in via Cappellari e dei fabbricati di Cusighe. Buio totale e una gran fretta di concludere sembra essere il metodo di lavoro adottato. Il Consiglio comunale \u00e8 allo scuro anche di chi si accoller\u00e0 le rette dei nuovi 80 posti letto del \u201cnuovo centro Alzheimer\u201d, sulle quali, ad oggi, non c&#8217;\u00e8 alcun formale impegno della Regione e non esiste alcuna pronuncia della Conferenza dei Sindaci. Non si conosce nemmeno se la gestione del padiglione Alzheimer sar\u00e0 assegnato alla Sersa, che gi\u00e0 si occupa della Casa di riposo, oppure se\u00a0 verr\u00e0 affidata all&#8217;esterno. Non si conosce se\u00a0 di fronte alla necessit\u00e0 futura rappresentata dalla Usl, di costruire un nuovo ospedale da 400 posti letto, saranno effettuati i lavori di sopraelevazione per i reparti di Ginecologia e Pediatria. Non si conosce\u00a0 la destinazione del fabbricato oggi sede del reparto Materno-infantile. Troppe cose, insomma, non si conoscono su un&#8217;operazione da 18 milioni di euro i cui benefici per i cittadini sono alquanto dubbi.<\/p>","protected":false},"excerpt":{"rendered":"<p>Il Protocollo d\u2019Intesa a firma del sindaco di Belluno e del direttore generale della Usl n.1 di Belluno del 5 novembre 2004 stabiliva che la Usl si impegnava a \u201criorganizzare e concentrare nell\u2019area ospedaliera il complesso di attivit\u00e0 e funzioni ora svolte all\u2019esterno, negli edifici di via Feltre, via S. Andrea e piazzale Marconi\u201d. Tuttavia, [&hellip;]<\/p>\n","protected":false},"author":2,"featured_media":0,"comment_status":"closed","ping_status":"open","sticky":false,"template":"","format":"standard","meta":{"footnotes":""},"categories":[5,17],"tags":[139,302],"class_list":["post-18567","post","type-post","status-publish","format-standard","category-cronaca","category-sanita","tag-belluno","tag-feltre"],"yoast_head":"<!-- This site is optimized with the Yoast SEO plugin v28.4 - https:\/\/yoast.com\/product\/yoast-seo-wordpress\/ -->\n<title>E&#039; in atto una manovra da 18 milioni di euro per affibbiare ai bellunesi lo scomodissimo palazzaccio di via Tiziano Vecellio per alcuni servizi della Usl. Il Consiglio comunale \u00e8 allo scuro di tutto. A chi giova? - Bellunopress - Dolomiti<\/title>\n<meta name=\"robots\" content=\"index, follow, max-snippet:-1, max-image-preview:large, max-video-preview:-1\" \/>\n<link rel=\"canonical\" href=\"https:\/\/www.bellunopress.it\/fr\/2010\/08\/28\/e-in-atto-una-manovra-per-affibbiare-ai-bellunesi-lo-scomodissimo-palazzaccio-di-via-tiziano-vecellio-per-alcuni-servizi-della-usl-il-consiglio-comunale-e-allo-scuro-di-tutto-a-chi-giova\/\" \/>\n<meta property=\"og:locale\" content=\"fr_FR\" \/>\n<meta property=\"og:type\" content=\"article\" \/>\n<meta property=\"og:title\" content=\"E&#039; in atto una manovra da 18 milioni di euro per affibbiare ai bellunesi lo scomodissimo palazzaccio di via Tiziano Vecellio per alcuni servizi della Usl. Il Consiglio comunale \u00e8 allo scuro di tutto. A chi giova? - Bellunopress - Dolomiti\" \/>\n<meta property=\"og:description\" content=\"Il Protocollo d\u2019Intesa a firma del sindaco di Belluno e del direttore generale della Usl n.1 di Belluno del 5 novembre 2004 stabiliva che la Usl si impegnava a \u201criorganizzare e concentrare nell\u2019area ospedaliera il complesso di attivit\u00e0 e funzioni ora svolte all\u2019esterno, negli edifici di via Feltre, via S. Andrea e piazzale Marconi\u201d. Tuttavia, [&hellip;]\" \/>\n<meta property=\"og:url\" content=\"https:\/\/www.bellunopress.it\/fr\/2010\/08\/28\/e-in-atto-una-manovra-per-affibbiare-ai-bellunesi-lo-scomodissimo-palazzaccio-di-via-tiziano-vecellio-per-alcuni-servizi-della-usl-il-consiglio-comunale-e-allo-scuro-di-tutto-a-chi-giova\/\" \/>\n<meta property=\"og:site_name\" content=\"Bellunopress - Dolomiti\" \/>\n<meta property=\"article:publisher\" content=\"https:\/\/www.facebook.com\/profile.php?id=100008943462799\" \/>\n<meta property=\"article:published_time\" content=\"2010-08-28T06:59:27+00:00\" \/>\n<meta property=\"article:modified_time\" content=\"2010-08-28T10:23:57+00:00\" \/>\n<meta property=\"og:image\" content=\"http:\/\/www.bellunopress.it\/wp-content\/uploads\/2010\/08\/palazzo-via-vecellio.jpg\" \/>\n<meta name=\"author\" content=\"redazione\" \/>\n<meta name=\"twitter:card\" content=\"summary_large_image\" \/>\n<meta name=\"twitter:creator\" content=\"@bellunopress\" \/>\n<meta name=\"twitter:site\" content=\"@bellunopress\" \/>\n<meta name=\"twitter:label1\" content=\"\u00c9crit par\" \/>\n\t<meta name=\"twitter:data1\" content=\"redazione\" \/>\n\t<meta name=\"twitter:label2\" content=\"Dur\u00e9e de lecture estim\u00e9e\" \/>\n\t<meta name=\"twitter:data2\" content=\"3 minutes\" \/>\n<script type=\"application\/ld+json\" class=\"yoast-schema-graph\">{\"@context\":\"https:\\\/\\\/schema.org\",\"@graph\":[{\"@type\":\"Article\",\"@id\":\"https:\\\/\\\/www.bellunopress.it\\\/2010\\\/08\\\/28\\\/e-in-atto-una-manovra-per-affibbiare-ai-bellunesi-lo-scomodissimo-palazzaccio-di-via-tiziano-vecellio-per-alcuni-servizi-della-usl-il-consiglio-comunale-e-allo-scuro-di-tutto-a-chi-giova\\\/#article\",\"isPartOf\":{\"@id\":\"https:\\\/\\\/www.bellunopress.it\\\/2010\\\/08\\\/28\\\/e-in-atto-una-manovra-per-affibbiare-ai-bellunesi-lo-scomodissimo-palazzaccio-di-via-tiziano-vecellio-per-alcuni-servizi-della-usl-il-consiglio-comunale-e-allo-scuro-di-tutto-a-chi-giova\\\/\"},\"author\":{\"name\":\"redazione\",\"@id\":\"https:\\\/\\\/www.bellunopress.it\\\/#\\\/schema\\\/person\\\/79bb06722b37ece1c03d3e94beb30d73\"},\"headline\":\"E&#8217; in atto una manovra da 18 milioni di euro per affibbiare ai bellunesi lo scomodissimo palazzaccio di via Tiziano Vecellio per alcuni servizi della Usl. Il Consiglio comunale \u00e8 allo scuro di tutto. A chi giova?\",\"datePublished\":\"2010-08-28T06:59:27+00:00\",\"dateModified\":\"2010-08-28T10:23:57+00:00\",\"mainEntityOfPage\":{\"@id\":\"https:\\\/\\\/www.bellunopress.it\\\/2010\\\/08\\\/28\\\/e-in-atto-una-manovra-per-affibbiare-ai-bellunesi-lo-scomodissimo-palazzaccio-di-via-tiziano-vecellio-per-alcuni-servizi-della-usl-il-consiglio-comunale-e-allo-scuro-di-tutto-a-chi-giova\\\/\"},\"wordCount\":614,\"publisher\":{\"@id\":\"https:\\\/\\\/www.bellunopress.it\\\/#organization\"},\"image\":{\"@id\":\"https:\\\/\\\/www.bellunopress.it\\\/2010\\\/08\\\/28\\\/e-in-atto-una-manovra-per-affibbiare-ai-bellunesi-lo-scomodissimo-palazzaccio-di-via-tiziano-vecellio-per-alcuni-servizi-della-usl-il-consiglio-comunale-e-allo-scuro-di-tutto-a-chi-giova\\\/#primaryimage\"},\"thumbnailUrl\":\"http:\\\/\\\/www.bellunopress.it\\\/wp-content\\\/uploads\\\/2010\\\/08\\\/palazzo-via-vecellio.jpg\",\"keywords\":[\"Belluno\",\"Feltre\"],\"articleSection\":[\"Cronaca\\\/Politica\",\"Sanit\u00e0 Medicina\"],\"inLanguage\":\"fr-FR\"},{\"@type\":\"WebPage\",\"@id\":\"https:\\\/\\\/www.bellunopress.it\\\/2010\\\/08\\\/28\\\/e-in-atto-una-manovra-per-affibbiare-ai-bellunesi-lo-scomodissimo-palazzaccio-di-via-tiziano-vecellio-per-alcuni-servizi-della-usl-il-consiglio-comunale-e-allo-scuro-di-tutto-a-chi-giova\\\/\",\"url\":\"https:\\\/\\\/www.bellunopress.it\\\/2010\\\/08\\\/28\\\/e-in-atto-una-manovra-per-affibbiare-ai-bellunesi-lo-scomodissimo-palazzaccio-di-via-tiziano-vecellio-per-alcuni-servizi-della-usl-il-consiglio-comunale-e-allo-scuro-di-tutto-a-chi-giova\\\/\",\"name\":\"E' in atto una manovra da 18 milioni di euro per affibbiare ai bellunesi lo scomodissimo palazzaccio di via Tiziano Vecellio per alcuni servizi della Usl. Il Consiglio comunale \u00e8 allo scuro di tutto. A chi giova? - Bellunopress - Dolomiti\",\"isPartOf\":{\"@id\":\"https:\\\/\\\/www.bellunopress.it\\\/#website\"},\"primaryImageOfPage\":{\"@id\":\"https:\\\/\\\/www.bellunopress.it\\\/2010\\\/08\\\/28\\\/e-in-atto-una-manovra-per-affibbiare-ai-bellunesi-lo-scomodissimo-palazzaccio-di-via-tiziano-vecellio-per-alcuni-servizi-della-usl-il-consiglio-comunale-e-allo-scuro-di-tutto-a-chi-giova\\\/#primaryimage\"},\"image\":{\"@id\":\"https:\\\/\\\/www.bellunopress.it\\\/2010\\\/08\\\/28\\\/e-in-atto-una-manovra-per-affibbiare-ai-bellunesi-lo-scomodissimo-palazzaccio-di-via-tiziano-vecellio-per-alcuni-servizi-della-usl-il-consiglio-comunale-e-allo-scuro-di-tutto-a-chi-giova\\\/#primaryimage\"},\"thumbnailUrl\":\"http:\\\/\\\/www.bellunopress.it\\\/wp-content\\\/uploads\\\/2010\\\/08\\\/palazzo-via-vecellio.jpg\",\"datePublished\":\"2010-08-28T06:59:27+00:00\",\"dateModified\":\"2010-08-28T10:23:57+00:00\",\"breadcrumb\":{\"@id\":\"https:\\\/\\\/www.bellunopress.it\\\/2010\\\/08\\\/28\\\/e-in-atto-una-manovra-per-affibbiare-ai-bellunesi-lo-scomodissimo-palazzaccio-di-via-tiziano-vecellio-per-alcuni-servizi-della-usl-il-consiglio-comunale-e-allo-scuro-di-tutto-a-chi-giova\\\/#breadcrumb\"},\"inLanguage\":\"fr-FR\",\"potentialAction\":[{\"@type\":\"ReadAction\",\"target\":[\"https:\\\/\\\/www.bellunopress.it\\\/2010\\\/08\\\/28\\\/e-in-atto-una-manovra-per-affibbiare-ai-bellunesi-lo-scomodissimo-palazzaccio-di-via-tiziano-vecellio-per-alcuni-servizi-della-usl-il-consiglio-comunale-e-allo-scuro-di-tutto-a-chi-giova\\\/\"]}]},{\"@type\":\"ImageObject\",\"inLanguage\":\"fr-FR\",\"@id\":\"https:\\\/\\\/www.bellunopress.it\\\/2010\\\/08\\\/28\\\/e-in-atto-una-manovra-per-affibbiare-ai-bellunesi-lo-scomodissimo-palazzaccio-di-via-tiziano-vecellio-per-alcuni-servizi-della-usl-il-consiglio-comunale-e-allo-scuro-di-tutto-a-chi-giova\\\/#primaryimage\",\"url\":\"http:\\\/\\\/www.bellunopress.it\\\/wp-content\\\/uploads\\\/2010\\\/08\\\/palazzo-via-vecellio.jpg\",\"contentUrl\":\"http:\\\/\\\/www.bellunopress.it\\\/wp-content\\\/uploads\\\/2010\\\/08\\\/palazzo-via-vecellio.jpg\"},{\"@type\":\"BreadcrumbList\",\"@id\":\"https:\\\/\\\/www.bellunopress.it\\\/2010\\\/08\\\/28\\\/e-in-atto-una-manovra-per-affibbiare-ai-bellunesi-lo-scomodissimo-palazzaccio-di-via-tiziano-vecellio-per-alcuni-servizi-della-usl-il-consiglio-comunale-e-allo-scuro-di-tutto-a-chi-giova\\\/#breadcrumb\",\"itemListElement\":[{\"@type\":\"ListItem\",\"position\":1,\"name\":\"Home\",\"item\":\"https:\\\/\\\/www.bellunopress.it\\\/\"},{\"@type\":\"ListItem\",\"position\":2,\"name\":\"E&#8217; in atto una manovra da 18 milioni di euro per affibbiare ai bellunesi lo scomodissimo palazzaccio di via Tiziano Vecellio per alcuni servizi della Usl. Il Consiglio comunale \u00e8 allo scuro di tutto. A chi giova?\"}]},{\"@type\":\"WebSite\",\"@id\":\"https:\\\/\\\/www.bellunopress.it\\\/#website\",\"url\":\"https:\\\/\\\/www.bellunopress.it\\\/\",\"name\":\"Bellunopress - Dolomiti\",\"description\":\"e-mail: redazione@bellunopress.it\",\"publisher\":{\"@id\":\"https:\\\/\\\/www.bellunopress.it\\\/#organization\"},\"potentialAction\":[{\"@type\":\"SearchAction\",\"target\":{\"@type\":\"EntryPoint\",\"urlTemplate\":\"https:\\\/\\\/www.bellunopress.it\\\/?s={search_term_string}\"},\"query-input\":{\"@type\":\"PropertyValueSpecification\",\"valueRequired\":true,\"valueName\":\"search_term_string\"}}],\"inLanguage\":\"fr-FR\"},{\"@type\":\"Organization\",\"@id\":\"https:\\\/\\\/www.bellunopress.it\\\/#organization\",\"name\":\"Bellunopress\",\"url\":\"https:\\\/\\\/www.bellunopress.it\\\/\",\"logo\":{\"@type\":\"ImageObject\",\"inLanguage\":\"fr-FR\",\"@id\":\"https:\\\/\\\/www.bellunopress.it\\\/#\\\/schema\\\/logo\\\/image\\\/\",\"url\":\"https:\\\/\\\/www.bellunopress.it\\\/wp-content\\\/uploads\\\/2011\\\/05\\\/cropped-logo-bellunopress-.jpg\",\"contentUrl\":\"https:\\\/\\\/www.bellunopress.it\\\/wp-content\\\/uploads\\\/2011\\\/05\\\/cropped-logo-bellunopress-.jpg\",\"width\":512,\"height\":512,\"caption\":\"Bellunopress\"},\"image\":{\"@id\":\"https:\\\/\\\/www.bellunopress.it\\\/#\\\/schema\\\/logo\\\/image\\\/\"},\"sameAs\":[\"https:\\\/\\\/www.facebook.com\\\/profile.php?id=100008943462799\",\"https:\\\/\\\/x.com\\\/bellunopress\",\"https:\\\/\\\/www.linkedin.com\\\/hp\\\/?dnr=JBzUWaJfMUw8vbXJJ2tVW5-I3jZKvC4wsoxE&amp;amp;amp;amp;amp;amp;trk=nav_responsive_tab_home\",\"https:\\\/\\\/www.youtube.com\\\/channel\\\/UCxL0wu1uN0_3_7hGG0306cw\"]},{\"@type\":\"Person\",\"@id\":\"https:\\\/\\\/www.bellunopress.it\\\/#\\\/schema\\\/person\\\/79bb06722b37ece1c03d3e94beb30d73\",\"name\":\"redazione\",\"image\":{\"@type\":\"ImageObject\",\"inLanguage\":\"fr-FR\",\"@id\":\"https:\\\/\\\/secure.gravatar.com\\\/avatar\\\/37d968a2e67a6fd04c169c4bdef102d0bc5d31b2546345219e348575eb80e9a0?s=96&d=mm&r=g\",\"url\":\"https:\\\/\\\/secure.gravatar.com\\\/avatar\\\/37d968a2e67a6fd04c169c4bdef102d0bc5d31b2546345219e348575eb80e9a0?s=96&d=mm&r=g\",\"contentUrl\":\"https:\\\/\\\/secure.gravatar.com\\\/avatar\\\/37d968a2e67a6fd04c169c4bdef102d0bc5d31b2546345219e348575eb80e9a0?s=96&d=mm&r=g\",\"caption\":\"redazione\"},\"sameAs\":[\"http:\\\/\\\/www.bellunopress.it\",\"https:\\\/\\\/x.com\\\/bellunopress\"],\"url\":\"https:\\\/\\\/www.bellunopress.it\\\/fr\\\/author\\\/redazione\\\/\"}]}<\/script>\n<!-- \/ Yoast SEO plugin. -->","yoast_head_json":{"title":"E' in atto una manovra da 18 milioni di euro per affibbiare ai bellunesi lo scomodissimo palazzaccio di via Tiziano Vecellio per alcuni servizi della Usl. Il Consiglio comunale \u00e8 allo scuro di tutto. A chi giova? - Bellunopress - Dolomiti","robots":{"index":"index","follow":"follow","max-snippet":"max-snippet:-1","max-image-preview":"max-image-preview:large","max-video-preview":"max-video-preview:-1"},"canonical":"https:\/\/www.bellunopress.it\/fr\/2010\/08\/28\/e-in-atto-una-manovra-per-affibbiare-ai-bellunesi-lo-scomodissimo-palazzaccio-di-via-tiziano-vecellio-per-alcuni-servizi-della-usl-il-consiglio-comunale-e-allo-scuro-di-tutto-a-chi-giova\/","og_locale":"fr_FR","og_type":"article","og_title":"E' in atto una manovra da 18 milioni di euro per affibbiare ai bellunesi lo scomodissimo palazzaccio di via Tiziano Vecellio per alcuni servizi della Usl. Il Consiglio comunale \u00e8 allo scuro di tutto. A chi giova? - Bellunopress - Dolomiti","og_description":"Il Protocollo d\u2019Intesa a firma del sindaco di Belluno e del direttore generale della Usl n.1 di Belluno del 5 novembre 2004 stabiliva che la Usl si impegnava a \u201criorganizzare e concentrare nell\u2019area ospedaliera il complesso di attivit\u00e0 e funzioni ora svolte all\u2019esterno, negli edifici di via Feltre, via S. Andrea e piazzale Marconi\u201d. Tuttavia, [&hellip;]","og_url":"https:\/\/www.bellunopress.it\/fr\/2010\/08\/28\/e-in-atto-una-manovra-per-affibbiare-ai-bellunesi-lo-scomodissimo-palazzaccio-di-via-tiziano-vecellio-per-alcuni-servizi-della-usl-il-consiglio-comunale-e-allo-scuro-di-tutto-a-chi-giova\/","og_site_name":"Bellunopress - Dolomiti","article_publisher":"https:\/\/www.facebook.com\/profile.php?id=100008943462799","article_published_time":"2010-08-28T06:59:27+00:00","article_modified_time":"2010-08-28T10:23:57+00:00","og_image":[{"url":"http:\/\/www.bellunopress.it\/wp-content\/uploads\/2010\/08\/palazzo-via-vecellio.jpg","type":"","width":"","height":""}],"author":"redazione","twitter_card":"summary_large_image","twitter_creator":"@bellunopress","twitter_site":"@bellunopress","twitter_misc":{"\u00c9crit par":"redazione","Dur\u00e9e de lecture estim\u00e9e":"3 minutes"},"schema":{"@context":"https:\/\/schema.org","@graph":[{"@type":"Article","@id":"https:\/\/www.bellunopress.it\/2010\/08\/28\/e-in-atto-una-manovra-per-affibbiare-ai-bellunesi-lo-scomodissimo-palazzaccio-di-via-tiziano-vecellio-per-alcuni-servizi-della-usl-il-consiglio-comunale-e-allo-scuro-di-tutto-a-chi-giova\/#article","isPartOf":{"@id":"https:\/\/www.bellunopress.it\/2010\/08\/28\/e-in-atto-una-manovra-per-affibbiare-ai-bellunesi-lo-scomodissimo-palazzaccio-di-via-tiziano-vecellio-per-alcuni-servizi-della-usl-il-consiglio-comunale-e-allo-scuro-di-tutto-a-chi-giova\/"},"author":{"name":"redazione","@id":"https:\/\/www.bellunopress.it\/#\/schema\/person\/79bb06722b37ece1c03d3e94beb30d73"},"headline":"E&#8217; in atto una manovra da 18 milioni di euro per affibbiare ai bellunesi lo scomodissimo palazzaccio di via Tiziano Vecellio per alcuni servizi della Usl. Il Consiglio comunale \u00e8 allo scuro di tutto. A chi giova?","datePublished":"2010-08-28T06:59:27+00:00","dateModified":"2010-08-28T10:23:57+00:00","mainEntityOfPage":{"@id":"https:\/\/www.bellunopress.it\/2010\/08\/28\/e-in-atto-una-manovra-per-affibbiare-ai-bellunesi-lo-scomodissimo-palazzaccio-di-via-tiziano-vecellio-per-alcuni-servizi-della-usl-il-consiglio-comunale-e-allo-scuro-di-tutto-a-chi-giova\/"},"wordCount":614,"publisher":{"@id":"https:\/\/www.bellunopress.it\/#organization"},"image":{"@id":"https:\/\/www.bellunopress.it\/2010\/08\/28\/e-in-atto-una-manovra-per-affibbiare-ai-bellunesi-lo-scomodissimo-palazzaccio-di-via-tiziano-vecellio-per-alcuni-servizi-della-usl-il-consiglio-comunale-e-allo-scuro-di-tutto-a-chi-giova\/#primaryimage"},"thumbnailUrl":"http:\/\/www.bellunopress.it\/wp-content\/uploads\/2010\/08\/palazzo-via-vecellio.jpg","keywords":["Belluno","Feltre"],"articleSection":["Cronaca\/Politica","Sanit\u00e0 Medicina"],"inLanguage":"fr-FR"},{"@type":"WebPage","@id":"https:\/\/www.bellunopress.it\/2010\/08\/28\/e-in-atto-una-manovra-per-affibbiare-ai-bellunesi-lo-scomodissimo-palazzaccio-di-via-tiziano-vecellio-per-alcuni-servizi-della-usl-il-consiglio-comunale-e-allo-scuro-di-tutto-a-chi-giova\/","url":"https:\/\/www.bellunopress.it\/2010\/08\/28\/e-in-atto-una-manovra-per-affibbiare-ai-bellunesi-lo-scomodissimo-palazzaccio-di-via-tiziano-vecellio-per-alcuni-servizi-della-usl-il-consiglio-comunale-e-allo-scuro-di-tutto-a-chi-giova\/","name":"E' in atto una manovra da 18 milioni di euro per affibbiare ai bellunesi lo scomodissimo palazzaccio di via Tiziano Vecellio per alcuni servizi della Usl. Il Consiglio comunale \u00e8 allo scuro di tutto. A chi giova? - Bellunopress - Dolomiti","isPartOf":{"@id":"https:\/\/www.bellunopress.it\/#website"},"primaryImageOfPage":{"@id":"https:\/\/www.bellunopress.it\/2010\/08\/28\/e-in-atto-una-manovra-per-affibbiare-ai-bellunesi-lo-scomodissimo-palazzaccio-di-via-tiziano-vecellio-per-alcuni-servizi-della-usl-il-consiglio-comunale-e-allo-scuro-di-tutto-a-chi-giova\/#primaryimage"},"image":{"@id":"https:\/\/www.bellunopress.it\/2010\/08\/28\/e-in-atto-una-manovra-per-affibbiare-ai-bellunesi-lo-scomodissimo-palazzaccio-di-via-tiziano-vecellio-per-alcuni-servizi-della-usl-il-consiglio-comunale-e-allo-scuro-di-tutto-a-chi-giova\/#primaryimage"},"thumbnailUrl":"http:\/\/www.bellunopress.it\/wp-content\/uploads\/2010\/08\/palazzo-via-vecellio.jpg","datePublished":"2010-08-28T06:59:27+00:00","dateModified":"2010-08-28T10:23:57+00:00","breadcrumb":{"@id":"https:\/\/www.bellunopress.it\/2010\/08\/28\/e-in-atto-una-manovra-per-affibbiare-ai-bellunesi-lo-scomodissimo-palazzaccio-di-via-tiziano-vecellio-per-alcuni-servizi-della-usl-il-consiglio-comunale-e-allo-scuro-di-tutto-a-chi-giova\/#breadcrumb"},"inLanguage":"fr-FR","potentialAction":[{"@type":"ReadAction","target":["https:\/\/www.bellunopress.it\/2010\/08\/28\/e-in-atto-una-manovra-per-affibbiare-ai-bellunesi-lo-scomodissimo-palazzaccio-di-via-tiziano-vecellio-per-alcuni-servizi-della-usl-il-consiglio-comunale-e-allo-scuro-di-tutto-a-chi-giova\/"]}]},{"@type":"ImageObject","inLanguage":"fr-FR","@id":"https:\/\/www.bellunopress.it\/2010\/08\/28\/e-in-atto-una-manovra-per-affibbiare-ai-bellunesi-lo-scomodissimo-palazzaccio-di-via-tiziano-vecellio-per-alcuni-servizi-della-usl-il-consiglio-comunale-e-allo-scuro-di-tutto-a-chi-giova\/#primaryimage","url":"http:\/\/www.bellunopress.it\/wp-content\/uploads\/2010\/08\/palazzo-via-vecellio.jpg","contentUrl":"http:\/\/www.bellunopress.it\/wp-content\/uploads\/2010\/08\/palazzo-via-vecellio.jpg"},{"@type":"BreadcrumbList","@id":"https:\/\/www.bellunopress.it\/2010\/08\/28\/e-in-atto-una-manovra-per-affibbiare-ai-bellunesi-lo-scomodissimo-palazzaccio-di-via-tiziano-vecellio-per-alcuni-servizi-della-usl-il-consiglio-comunale-e-allo-scuro-di-tutto-a-chi-giova\/#breadcrumb","itemListElement":[{"@type":"ListItem","position":1,"name":"Home","item":"https:\/\/www.bellunopress.it\/"},{"@type":"ListItem","position":2,"name":"E&#8217; in atto una manovra da 18 milioni di euro per affibbiare ai bellunesi lo scomodissimo palazzaccio di via Tiziano Vecellio per alcuni servizi della Usl. Il Consiglio comunale \u00e8 allo scuro di tutto. A chi giova?"}]},{"@type":"WebSite","@id":"https:\/\/www.bellunopress.it\/#website","url":"https:\/\/www.bellunopress.it\/","name":"Bellunopress - Dolomiti","description":"e-mail: redazione@bellunopress.it","publisher":{"@id":"https:\/\/www.bellunopress.it\/#organization"},"potentialAction":[{"@type":"SearchAction","target":{"@type":"EntryPoint","urlTemplate":"https:\/\/www.bellunopress.it\/?s={search_term_string}"},"query-input":{"@type":"PropertyValueSpecification","valueRequired":true,"valueName":"search_term_string"}}],"inLanguage":"fr-FR"},{"@type":"Organization","@id":"https:\/\/www.bellunopress.it\/#organization","name":"Bellunopress","url":"https:\/\/www.bellunopress.it\/","logo":{"@type":"ImageObject","inLanguage":"fr-FR","@id":"https:\/\/www.bellunopress.it\/#\/schema\/logo\/image\/","url":"https:\/\/www.bellunopress.it\/wp-content\/uploads\/2011\/05\/cropped-logo-bellunopress-.jpg","contentUrl":"https:\/\/www.bellunopress.it\/wp-content\/uploads\/2011\/05\/cropped-logo-bellunopress-.jpg","width":512,"height":512,"caption":"Bellunopress"},"image":{"@id":"https:\/\/www.bellunopress.it\/#\/schema\/logo\/image\/"},"sameAs":["https:\/\/www.facebook.com\/profile.php?id=100008943462799","https:\/\/x.com\/bellunopress","https:\/\/www.linkedin.com\/hp\/?dnr=JBzUWaJfMUw8vbXJJ2tVW5-I3jZKvC4wsoxE&amp;amp;amp;amp;amp;amp;trk=nav_responsive_tab_home","https:\/\/www.youtube.com\/channel\/UCxL0wu1uN0_3_7hGG0306cw"]},{"@type":"Person","@id":"https:\/\/www.bellunopress.it\/#\/schema\/person\/79bb06722b37ece1c03d3e94beb30d73","name":"r\u00e9daction","image":{"@type":"ImageObject","inLanguage":"fr-FR","@id":"https:\/\/secure.gravatar.com\/avatar\/37d968a2e67a6fd04c169c4bdef102d0bc5d31b2546345219e348575eb80e9a0?s=96&d=mm&r=g","url":"https:\/\/secure.gravatar.com\/avatar\/37d968a2e67a6fd04c169c4bdef102d0bc5d31b2546345219e348575eb80e9a0?s=96&d=mm&r=g","contentUrl":"https:\/\/secure.gravatar.com\/avatar\/37d968a2e67a6fd04c169c4bdef102d0bc5d31b2546345219e348575eb80e9a0?s=96&d=mm&r=g","caption":"redazione"},"sameAs":["http:\/\/www.bellunopress.it","https:\/\/x.com\/bellunopress"],"url":"https:\/\/www.bellunopress.it\/fr\/author\/redazione\/"}]}},"_links":{"self":[{"href":"https:\/\/www.bellunopress.it\/fr\/wp-json\/wp\/v2\/posts\/18567","targetHints":{"allow":["GET"]}}],"collection":[{"href":"https:\/\/www.bellunopress.it\/fr\/wp-json\/wp\/v2\/posts"}],"about":[{"href":"https:\/\/www.bellunopress.it\/fr\/wp-json\/wp\/v2\/types\/post"}],"author":[{"embeddable":true,"href":"https:\/\/www.bellunopress.it\/fr\/wp-json\/wp\/v2\/users\/2"}],"replies":[{"embeddable":true,"href":"https:\/\/www.bellunopress.it\/fr\/wp-json\/wp\/v2\/comments?post=18567"}],"version-history":[{"count":2,"href":"https:\/\/www.bellunopress.it\/fr\/wp-json\/wp\/v2\/posts\/18567\/revisions"}],"predecessor-version":[{"id":18592,"href":"https:\/\/www.bellunopress.it\/fr\/wp-json\/wp\/v2\/posts\/18567\/revisions\/18592"}],"wp:attachment":[{"href":"https:\/\/www.bellunopress.it\/fr\/wp-json\/wp\/v2\/media?parent=18567"}],"wp:term":[{"taxonomy":"category","embeddable":true,"href":"https:\/\/www.bellunopress.it\/fr\/wp-json\/wp\/v2\/categories?post=18567"},{"taxonomy":"post_tag","embeddable":true,"href":"https:\/\/www.bellunopress.it\/fr\/wp-json\/wp\/v2\/tags?post=18567"}],"curies":[{"name":"wp","href":"https:\/\/api.w.org\/{rel}","templated":true}]}}