{"id":18440,"date":"2010-08-24T06:14:22","date_gmt":"2010-08-24T05:14:22","guid":{"rendered":"http:\/\/www.bellunopress.it\/?p=18440"},"modified":"2010-08-24T08:08:30","modified_gmt":"2010-08-24T07:08:30","slug":"un-tragico-errore-di-un-bracconiere-ha-causato-la-morte-di-don-francesco-cassol","status":"publish","type":"post","link":"https:\/\/www.bellunopress.it\/fr\/2010\/08\/24\/un-tragico-errore-di-un-bracconiere-ha-causato-la-morte-di-don-francesco-cassol\/","title":{"rendered":"Un tragico errore di un bracconiere ha causato la morte di don Francesco Cassol"},"content":{"rendered":"<figure id=\"attachment_18407\" aria-describedby=\"caption-attachment-18407\" style=\"width: 216px\" class=\"wp-caption alignleft\"><a href=\"http:\/\/www.bellunopress.it\/wp-content\/uploads\/2010\/08\/francesco_cassol.jpg\"><img loading=\"lazy\" decoding=\"async\" class=\"size-medium wp-image-18407\" title=\"francesco_cassol\" src=\"http:\/\/www.bellunopress.it\/wp-content\/uploads\/2010\/08\/francesco_cassol.jpg\" alt=\"don Francesco Cassol\" width=\"216\" height=\"270\" \/><\/a><figcaption id=\"caption-attachment-18407\" class=\"wp-caption-text\">don Francesco Cassol<\/figcaption><\/figure>\n<p>\u00abEro convinto di sparare a un branco di cinghiali\u00bb. E&#8217; quanto ha detto ieri mattina Giovanni\u00a0Converso Ardino, operaio 51enne di Altamura dinanzi ai militari dell&#8217;Arma, nella caserma dove si \u00e8 recato a costituirsi, accompagnato dal suo avvocato. I carabinieri stavano gi\u00e0 stringendo il cerchio delle indagini, con il controllo dei possessori di carabine calibro 30.06 (corrispondente al\u00a07,62\u00a0 Nato &#8211; che per\u00f2 \u00e8 leggermente pi\u00f9 corto &#8211; \u00a0la vecchia munizione standard del Patto atlantico usata nel Garand,\u00a0Fal, Mg42)\u00a0arma analoga a quella usata la notte tra sabato e domenica nella Murgia barese, dove un proiettile ha trafitto il corpo di don Francesco Cassol. Il ritrovamento del bossolo, infatti, \u00e8 stato determinante nello svolgimento delle indagini preliminari. Il 51enne di Altamura si \u00e8 difeso dicendo di essere fuggito per paura di quanto accaduto, anche perch\u00e9 in questo periodo c&#8217;\u00e8 il divieto di caccia e temeva le conseguenze penali. Ora l&#8217;uomo\u00a0si trova agli arresti domiciliari ad Altamura, nella sua abitazione.<\/p>","protected":false},"excerpt":{"rendered":"<p>\u00abEro convinto di sparare a un branco di cinghiali\u00bb. E&#8217; quanto ha detto ieri mattina Giovanni\u00a0Converso Ardino, operaio 51enne di Altamura dinanzi ai militari dell&#8217;Arma, nella caserma dove si \u00e8 recato a costituirsi, accompagnato dal suo avvocato. I carabinieri stavano gi\u00e0 stringendo il cerchio delle indagini, con il controllo dei possessori di carabine calibro 30.06 [&hellip;]<\/p>\n","protected":false},"author":2,"featured_media":0,"comment_status":"closed","ping_status":"open","sticky":false,"template":"","format":"standard","meta":{"footnotes":""},"categories":[5,26],"tags":[139],"class_list":["post-18440","post","type-post","status-publish","format-standard","category-cronaca","category-prima-pagina","tag-belluno"],"yoast_head":"<!-- This site is optimized with the Yoast SEO plugin v28.4 - https:\/\/yoast.com\/product\/yoast-seo-wordpress\/ -->\n<title>Un tragico errore di un bracconiere ha causato la morte di don Francesco Cassol - Bellunopress - Dolomiti<\/title>\n<meta name=\"robots\" content=\"index, follow, max-snippet:-1, max-image-preview:large, max-video-preview:-1\" \/>\n<link rel=\"canonical\" href=\"https:\/\/www.bellunopress.it\/fr\/2010\/08\/24\/un-tragico-errore-di-un-bracconiere-ha-causato-la-morte-di-don-francesco-cassol\/\" \/>\n<meta property=\"og:locale\" content=\"fr_FR\" \/>\n<meta property=\"og:type\" content=\"article\" \/>\n<meta property=\"og:title\" content=\"Un tragico errore di un bracconiere ha causato la morte di don Francesco Cassol - Bellunopress - Dolomiti\" \/>\n<meta property=\"og:description\" content=\"\u00abEro convinto di sparare a un branco di cinghiali\u00bb. E&#8217; quanto ha detto ieri mattina Giovanni\u00a0Converso Ardino, operaio 51enne di Altamura dinanzi ai militari dell&#8217;Arma, nella caserma dove si \u00e8 recato a costituirsi, accompagnato dal suo avvocato. I carabinieri stavano gi\u00e0 stringendo il cerchio delle indagini, con il controllo dei possessori di carabine calibro 30.06 [&hellip;]\" \/>\n<meta property=\"og:url\" content=\"https:\/\/www.bellunopress.it\/fr\/2010\/08\/24\/un-tragico-errore-di-un-bracconiere-ha-causato-la-morte-di-don-francesco-cassol\/\" \/>\n<meta property=\"og:site_name\" content=\"Bellunopress - Dolomiti\" \/>\n<meta property=\"article:publisher\" content=\"https:\/\/www.facebook.com\/profile.php?id=100008943462799\" \/>\n<meta property=\"article:published_time\" content=\"2010-08-24T05:14:22+00:00\" \/>\n<meta property=\"article:modified_time\" content=\"2010-08-24T07:08:30+00:00\" \/>\n<meta property=\"og:image\" content=\"http:\/\/www.bellunopress.it\/wp-content\/uploads\/2010\/08\/francesco_cassol.jpg\" \/>\n<meta name=\"author\" content=\"redazione\" \/>\n<meta name=\"twitter:card\" content=\"summary_large_image\" \/>\n<meta name=\"twitter:creator\" content=\"@bellunopress\" \/>\n<meta name=\"twitter:site\" content=\"@bellunopress\" \/>\n<meta name=\"twitter:label1\" content=\"\u00c9crit par\" \/>\n\t<meta name=\"twitter:data1\" content=\"redazione\" \/>\n\t<meta name=\"twitter:label2\" content=\"Dur\u00e9e de lecture estim\u00e9e\" \/>\n\t<meta name=\"twitter:data2\" content=\"1 minute\" \/>\n<script type=\"application\/ld+json\" class=\"yoast-schema-graph\">{\"@context\":\"https:\\\/\\\/schema.org\",\"@graph\":[{\"@type\":\"Article\",\"@id\":\"https:\\\/\\\/www.bellunopress.it\\\/2010\\\/08\\\/24\\\/un-tragico-errore-di-un-bracconiere-ha-causato-la-morte-di-don-francesco-cassol\\\/#article\",\"isPartOf\":{\"@id\":\"https:\\\/\\\/www.bellunopress.it\\\/2010\\\/08\\\/24\\\/un-tragico-errore-di-un-bracconiere-ha-causato-la-morte-di-don-francesco-cassol\\\/\"},\"author\":{\"name\":\"redazione\",\"@id\":\"https:\\\/\\\/www.bellunopress.it\\\/#\\\/schema\\\/person\\\/79bb06722b37ece1c03d3e94beb30d73\"},\"headline\":\"Un tragico errore di un bracconiere ha causato la morte di don Francesco Cassol\",\"datePublished\":\"2010-08-24T05:14:22+00:00\",\"dateModified\":\"2010-08-24T07:08:30+00:00\",\"mainEntityOfPage\":{\"@id\":\"https:\\\/\\\/www.bellunopress.it\\\/2010\\\/08\\\/24\\\/un-tragico-errore-di-un-bracconiere-ha-causato-la-morte-di-don-francesco-cassol\\\/\"},\"wordCount\":182,\"publisher\":{\"@id\":\"https:\\\/\\\/www.bellunopress.it\\\/#organization\"},\"image\":{\"@id\":\"https:\\\/\\\/www.bellunopress.it\\\/2010\\\/08\\\/24\\\/un-tragico-errore-di-un-bracconiere-ha-causato-la-morte-di-don-francesco-cassol\\\/#primaryimage\"},\"thumbnailUrl\":\"http:\\\/\\\/www.bellunopress.it\\\/wp-content\\\/uploads\\\/2010\\\/08\\\/francesco_cassol.jpg\",\"keywords\":[\"Belluno\"],\"articleSection\":[\"Cronaca\\\/Politica\",\"Prima Pagina\"],\"inLanguage\":\"fr-FR\"},{\"@type\":\"WebPage\",\"@id\":\"https:\\\/\\\/www.bellunopress.it\\\/2010\\\/08\\\/24\\\/un-tragico-errore-di-un-bracconiere-ha-causato-la-morte-di-don-francesco-cassol\\\/\",\"url\":\"https:\\\/\\\/www.bellunopress.it\\\/2010\\\/08\\\/24\\\/un-tragico-errore-di-un-bracconiere-ha-causato-la-morte-di-don-francesco-cassol\\\/\",\"name\":\"Un tragico errore di un bracconiere ha causato la morte di don Francesco Cassol - Bellunopress - Dolomiti\",\"isPartOf\":{\"@id\":\"https:\\\/\\\/www.bellunopress.it\\\/#website\"},\"primaryImageOfPage\":{\"@id\":\"https:\\\/\\\/www.bellunopress.it\\\/2010\\\/08\\\/24\\\/un-tragico-errore-di-un-bracconiere-ha-causato-la-morte-di-don-francesco-cassol\\\/#primaryimage\"},\"image\":{\"@id\":\"https:\\\/\\\/www.bellunopress.it\\\/2010\\\/08\\\/24\\\/un-tragico-errore-di-un-bracconiere-ha-causato-la-morte-di-don-francesco-cassol\\\/#primaryimage\"},\"thumbnailUrl\":\"http:\\\/\\\/www.bellunopress.it\\\/wp-content\\\/uploads\\\/2010\\\/08\\\/francesco_cassol.jpg\",\"datePublished\":\"2010-08-24T05:14:22+00:00\",\"dateModified\":\"2010-08-24T07:08:30+00:00\",\"breadcrumb\":{\"@id\":\"https:\\\/\\\/www.bellunopress.it\\\/2010\\\/08\\\/24\\\/un-tragico-errore-di-un-bracconiere-ha-causato-la-morte-di-don-francesco-cassol\\\/#breadcrumb\"},\"inLanguage\":\"fr-FR\",\"potentialAction\":[{\"@type\":\"ReadAction\",\"target\":[\"https:\\\/\\\/www.bellunopress.it\\\/2010\\\/08\\\/24\\\/un-tragico-errore-di-un-bracconiere-ha-causato-la-morte-di-don-francesco-cassol\\\/\"]}]},{\"@type\":\"ImageObject\",\"inLanguage\":\"fr-FR\",\"@id\":\"https:\\\/\\\/www.bellunopress.it\\\/2010\\\/08\\\/24\\\/un-tragico-errore-di-un-bracconiere-ha-causato-la-morte-di-don-francesco-cassol\\\/#primaryimage\",\"url\":\"http:\\\/\\\/www.bellunopress.it\\\/wp-content\\\/uploads\\\/2010\\\/08\\\/francesco_cassol.jpg\",\"contentUrl\":\"http:\\\/\\\/www.bellunopress.it\\\/wp-content\\\/uploads\\\/2010\\\/08\\\/francesco_cassol.jpg\"},{\"@type\":\"BreadcrumbList\",\"@id\":\"https:\\\/\\\/www.bellunopress.it\\\/2010\\\/08\\\/24\\\/un-tragico-errore-di-un-bracconiere-ha-causato-la-morte-di-don-francesco-cassol\\\/#breadcrumb\",\"itemListElement\":[{\"@type\":\"ListItem\",\"position\":1,\"name\":\"Home\",\"item\":\"https:\\\/\\\/www.bellunopress.it\\\/\"},{\"@type\":\"ListItem\",\"position\":2,\"name\":\"Un tragico errore di un bracconiere ha causato la morte di don Francesco Cassol\"}]},{\"@type\":\"WebSite\",\"@id\":\"https:\\\/\\\/www.bellunopress.it\\\/#website\",\"url\":\"https:\\\/\\\/www.bellunopress.it\\\/\",\"name\":\"Bellunopress - Dolomiti\",\"description\":\"e-mail: redazione@bellunopress.it\",\"publisher\":{\"@id\":\"https:\\\/\\\/www.bellunopress.it\\\/#organization\"},\"potentialAction\":[{\"@type\":\"SearchAction\",\"target\":{\"@type\":\"EntryPoint\",\"urlTemplate\":\"https:\\\/\\\/www.bellunopress.it\\\/?s={search_term_string}\"},\"query-input\":{\"@type\":\"PropertyValueSpecification\",\"valueRequired\":true,\"valueName\":\"search_term_string\"}}],\"inLanguage\":\"fr-FR\"},{\"@type\":\"Organization\",\"@id\":\"https:\\\/\\\/www.bellunopress.it\\\/#organization\",\"name\":\"Bellunopress\",\"url\":\"https:\\\/\\\/www.bellunopress.it\\\/\",\"logo\":{\"@type\":\"ImageObject\",\"inLanguage\":\"fr-FR\",\"@id\":\"https:\\\/\\\/www.bellunopress.it\\\/#\\\/schema\\\/logo\\\/image\\\/\",\"url\":\"https:\\\/\\\/www.bellunopress.it\\\/wp-content\\\/uploads\\\/2011\\\/05\\\/cropped-logo-bellunopress-.jpg\",\"contentUrl\":\"https:\\\/\\\/www.bellunopress.it\\\/wp-content\\\/uploads\\\/2011\\\/05\\\/cropped-logo-bellunopress-.jpg\",\"width\":512,\"height\":512,\"caption\":\"Bellunopress\"},\"image\":{\"@id\":\"https:\\\/\\\/www.bellunopress.it\\\/#\\\/schema\\\/logo\\\/image\\\/\"},\"sameAs\":[\"https:\\\/\\\/www.facebook.com\\\/profile.php?id=100008943462799\",\"https:\\\/\\\/x.com\\\/bellunopress\",\"https:\\\/\\\/www.linkedin.com\\\/hp\\\/?dnr=JBzUWaJfMUw8vbXJJ2tVW5-I3jZKvC4wsoxE&amp;amp;amp;amp;amp;amp;trk=nav_responsive_tab_home\",\"https:\\\/\\\/www.youtube.com\\\/channel\\\/UCxL0wu1uN0_3_7hGG0306cw\"]},{\"@type\":\"Person\",\"@id\":\"https:\\\/\\\/www.bellunopress.it\\\/#\\\/schema\\\/person\\\/79bb06722b37ece1c03d3e94beb30d73\",\"name\":\"redazione\",\"image\":{\"@type\":\"ImageObject\",\"inLanguage\":\"fr-FR\",\"@id\":\"https:\\\/\\\/secure.gravatar.com\\\/avatar\\\/37d968a2e67a6fd04c169c4bdef102d0bc5d31b2546345219e348575eb80e9a0?s=96&d=mm&r=g\",\"url\":\"https:\\\/\\\/secure.gravatar.com\\\/avatar\\\/37d968a2e67a6fd04c169c4bdef102d0bc5d31b2546345219e348575eb80e9a0?s=96&d=mm&r=g\",\"contentUrl\":\"https:\\\/\\\/secure.gravatar.com\\\/avatar\\\/37d968a2e67a6fd04c169c4bdef102d0bc5d31b2546345219e348575eb80e9a0?s=96&d=mm&r=g\",\"caption\":\"redazione\"},\"sameAs\":[\"http:\\\/\\\/www.bellunopress.it\",\"https:\\\/\\\/x.com\\\/bellunopress\"],\"url\":\"https:\\\/\\\/www.bellunopress.it\\\/fr\\\/author\\\/redazione\\\/\"}]}<\/script>\n<!-- \/ Yoast SEO plugin. -->","yoast_head_json":{"title":"Un tragico errore di un bracconiere ha causato la morte di don Francesco Cassol - Bellunopress - Dolomiti","robots":{"index":"index","follow":"follow","max-snippet":"max-snippet:-1","max-image-preview":"max-image-preview:large","max-video-preview":"max-video-preview:-1"},"canonical":"https:\/\/www.bellunopress.it\/fr\/2010\/08\/24\/un-tragico-errore-di-un-bracconiere-ha-causato-la-morte-di-don-francesco-cassol\/","og_locale":"fr_FR","og_type":"article","og_title":"Un tragico errore di un bracconiere ha causato la morte di don Francesco Cassol - Bellunopress - Dolomiti","og_description":"\u00abEro convinto di sparare a un branco di cinghiali\u00bb. E&#8217; quanto ha detto ieri mattina Giovanni\u00a0Converso Ardino, operaio 51enne di Altamura dinanzi ai militari dell&#8217;Arma, nella caserma dove si \u00e8 recato a costituirsi, accompagnato dal suo avvocato. I carabinieri stavano gi\u00e0 stringendo il cerchio delle indagini, con il controllo dei possessori di carabine calibro 30.06 [&hellip;]","og_url":"https:\/\/www.bellunopress.it\/fr\/2010\/08\/24\/un-tragico-errore-di-un-bracconiere-ha-causato-la-morte-di-don-francesco-cassol\/","og_site_name":"Bellunopress - Dolomiti","article_publisher":"https:\/\/www.facebook.com\/profile.php?id=100008943462799","article_published_time":"2010-08-24T05:14:22+00:00","article_modified_time":"2010-08-24T07:08:30+00:00","og_image":[{"url":"http:\/\/www.bellunopress.it\/wp-content\/uploads\/2010\/08\/francesco_cassol.jpg","type":"","width":"","height":""}],"author":"redazione","twitter_card":"summary_large_image","twitter_creator":"@bellunopress","twitter_site":"@bellunopress","twitter_misc":{"\u00c9crit par":"redazione","Dur\u00e9e de lecture estim\u00e9e":"1 minute"},"schema":{"@context":"https:\/\/schema.org","@graph":[{"@type":"Article","@id":"https:\/\/www.bellunopress.it\/2010\/08\/24\/un-tragico-errore-di-un-bracconiere-ha-causato-la-morte-di-don-francesco-cassol\/#article","isPartOf":{"@id":"https:\/\/www.bellunopress.it\/2010\/08\/24\/un-tragico-errore-di-un-bracconiere-ha-causato-la-morte-di-don-francesco-cassol\/"},"author":{"name":"redazione","@id":"https:\/\/www.bellunopress.it\/#\/schema\/person\/79bb06722b37ece1c03d3e94beb30d73"},"headline":"Un tragico errore di un bracconiere ha causato la morte di don Francesco Cassol","datePublished":"2010-08-24T05:14:22+00:00","dateModified":"2010-08-24T07:08:30+00:00","mainEntityOfPage":{"@id":"https:\/\/www.bellunopress.it\/2010\/08\/24\/un-tragico-errore-di-un-bracconiere-ha-causato-la-morte-di-don-francesco-cassol\/"},"wordCount":182,"publisher":{"@id":"https:\/\/www.bellunopress.it\/#organization"},"image":{"@id":"https:\/\/www.bellunopress.it\/2010\/08\/24\/un-tragico-errore-di-un-bracconiere-ha-causato-la-morte-di-don-francesco-cassol\/#primaryimage"},"thumbnailUrl":"http:\/\/www.bellunopress.it\/wp-content\/uploads\/2010\/08\/francesco_cassol.jpg","keywords":["Belluno"],"articleSection":["Cronaca\/Politica","Prima Pagina"],"inLanguage":"fr-FR"},{"@type":"WebPage","@id":"https:\/\/www.bellunopress.it\/2010\/08\/24\/un-tragico-errore-di-un-bracconiere-ha-causato-la-morte-di-don-francesco-cassol\/","url":"https:\/\/www.bellunopress.it\/2010\/08\/24\/un-tragico-errore-di-un-bracconiere-ha-causato-la-morte-di-don-francesco-cassol\/","name":"Un tragico errore di un bracconiere ha causato la morte di don Francesco Cassol - Bellunopress - Dolomiti","isPartOf":{"@id":"https:\/\/www.bellunopress.it\/#website"},"primaryImageOfPage":{"@id":"https:\/\/www.bellunopress.it\/2010\/08\/24\/un-tragico-errore-di-un-bracconiere-ha-causato-la-morte-di-don-francesco-cassol\/#primaryimage"},"image":{"@id":"https:\/\/www.bellunopress.it\/2010\/08\/24\/un-tragico-errore-di-un-bracconiere-ha-causato-la-morte-di-don-francesco-cassol\/#primaryimage"},"thumbnailUrl":"http:\/\/www.bellunopress.it\/wp-content\/uploads\/2010\/08\/francesco_cassol.jpg","datePublished":"2010-08-24T05:14:22+00:00","dateModified":"2010-08-24T07:08:30+00:00","breadcrumb":{"@id":"https:\/\/www.bellunopress.it\/2010\/08\/24\/un-tragico-errore-di-un-bracconiere-ha-causato-la-morte-di-don-francesco-cassol\/#breadcrumb"},"inLanguage":"fr-FR","potentialAction":[{"@type":"ReadAction","target":["https:\/\/www.bellunopress.it\/2010\/08\/24\/un-tragico-errore-di-un-bracconiere-ha-causato-la-morte-di-don-francesco-cassol\/"]}]},{"@type":"ImageObject","inLanguage":"fr-FR","@id":"https:\/\/www.bellunopress.it\/2010\/08\/24\/un-tragico-errore-di-un-bracconiere-ha-causato-la-morte-di-don-francesco-cassol\/#primaryimage","url":"http:\/\/www.bellunopress.it\/wp-content\/uploads\/2010\/08\/francesco_cassol.jpg","contentUrl":"http:\/\/www.bellunopress.it\/wp-content\/uploads\/2010\/08\/francesco_cassol.jpg"},{"@type":"BreadcrumbList","@id":"https:\/\/www.bellunopress.it\/2010\/08\/24\/un-tragico-errore-di-un-bracconiere-ha-causato-la-morte-di-don-francesco-cassol\/#breadcrumb","itemListElement":[{"@type":"ListItem","position":1,"name":"Home","item":"https:\/\/www.bellunopress.it\/"},{"@type":"ListItem","position":2,"name":"Un tragico errore di un bracconiere ha causato la morte di don Francesco Cassol"}]},{"@type":"WebSite","@id":"https:\/\/www.bellunopress.it\/#website","url":"https:\/\/www.bellunopress.it\/","name":"Bellunopress - Dolomiti","description":"e-mail: redazione@bellunopress.it","publisher":{"@id":"https:\/\/www.bellunopress.it\/#organization"},"potentialAction":[{"@type":"SearchAction","target":{"@type":"EntryPoint","urlTemplate":"https:\/\/www.bellunopress.it\/?s={search_term_string}"},"query-input":{"@type":"PropertyValueSpecification","valueRequired":true,"valueName":"search_term_string"}}],"inLanguage":"fr-FR"},{"@type":"Organization","@id":"https:\/\/www.bellunopress.it\/#organization","name":"Bellunopress","url":"https:\/\/www.bellunopress.it\/","logo":{"@type":"ImageObject","inLanguage":"fr-FR","@id":"https:\/\/www.bellunopress.it\/#\/schema\/logo\/image\/","url":"https:\/\/www.bellunopress.it\/wp-content\/uploads\/2011\/05\/cropped-logo-bellunopress-.jpg","contentUrl":"https:\/\/www.bellunopress.it\/wp-content\/uploads\/2011\/05\/cropped-logo-bellunopress-.jpg","width":512,"height":512,"caption":"Bellunopress"},"image":{"@id":"https:\/\/www.bellunopress.it\/#\/schema\/logo\/image\/"},"sameAs":["https:\/\/www.facebook.com\/profile.php?id=100008943462799","https:\/\/x.com\/bellunopress","https:\/\/www.linkedin.com\/hp\/?dnr=JBzUWaJfMUw8vbXJJ2tVW5-I3jZKvC4wsoxE&amp;amp;amp;amp;amp;amp;trk=nav_responsive_tab_home","https:\/\/www.youtube.com\/channel\/UCxL0wu1uN0_3_7hGG0306cw"]},{"@type":"Person","@id":"https:\/\/www.bellunopress.it\/#\/schema\/person\/79bb06722b37ece1c03d3e94beb30d73","name":"r\u00e9daction","image":{"@type":"ImageObject","inLanguage":"fr-FR","@id":"https:\/\/secure.gravatar.com\/avatar\/37d968a2e67a6fd04c169c4bdef102d0bc5d31b2546345219e348575eb80e9a0?s=96&d=mm&r=g","url":"https:\/\/secure.gravatar.com\/avatar\/37d968a2e67a6fd04c169c4bdef102d0bc5d31b2546345219e348575eb80e9a0?s=96&d=mm&r=g","contentUrl":"https:\/\/secure.gravatar.com\/avatar\/37d968a2e67a6fd04c169c4bdef102d0bc5d31b2546345219e348575eb80e9a0?s=96&d=mm&r=g","caption":"redazione"},"sameAs":["http:\/\/www.bellunopress.it","https:\/\/x.com\/bellunopress"],"url":"https:\/\/www.bellunopress.it\/fr\/author\/redazione\/"}]}},"_links":{"self":[{"href":"https:\/\/www.bellunopress.it\/fr\/wp-json\/wp\/v2\/posts\/18440","targetHints":{"allow":["GET"]}}],"collection":[{"href":"https:\/\/www.bellunopress.it\/fr\/wp-json\/wp\/v2\/posts"}],"about":[{"href":"https:\/\/www.bellunopress.it\/fr\/wp-json\/wp\/v2\/types\/post"}],"author":[{"embeddable":true,"href":"https:\/\/www.bellunopress.it\/fr\/wp-json\/wp\/v2\/users\/2"}],"replies":[{"embeddable":true,"href":"https:\/\/www.bellunopress.it\/fr\/wp-json\/wp\/v2\/comments?post=18440"}],"version-history":[{"count":10,"href":"https:\/\/www.bellunopress.it\/fr\/wp-json\/wp\/v2\/posts\/18440\/revisions"}],"predecessor-version":[{"id":18443,"href":"https:\/\/www.bellunopress.it\/fr\/wp-json\/wp\/v2\/posts\/18440\/revisions\/18443"}],"wp:attachment":[{"href":"https:\/\/www.bellunopress.it\/fr\/wp-json\/wp\/v2\/media?parent=18440"}],"wp:term":[{"taxonomy":"category","embeddable":true,"href":"https:\/\/www.bellunopress.it\/fr\/wp-json\/wp\/v2\/categories?post=18440"},{"taxonomy":"post_tag","embeddable":true,"href":"https:\/\/www.bellunopress.it\/fr\/wp-json\/wp\/v2\/tags?post=18440"}],"curies":[{"name":"wp","href":"https:\/\/api.w.org\/{rel}","templated":true}]}}