{"id":18433,"date":"2010-08-23T22:53:15","date_gmt":"2010-08-23T21:53:15","guid":{"rendered":"http:\/\/www.bellunopress.it\/?p=18433"},"modified":"2010-08-23T22:53:15","modified_gmt":"2010-08-23T21:53:15","slug":"cortina-7-note-per-28-bande","status":"publish","type":"post","link":"https:\/\/www.bellunopress.it\/fr\/2010\/08\/23\/cortina-7-note-per-28-bande\/","title":{"rendered":"Cortina: 7 note per 28 bande"},"content":{"rendered":"<p>Appuntamento fino al 29 agosto con la 34\u00b0 Festa delle Bande. Un evento attesissimo dagli abitanti della citt\u00e0 e dai turisti che, da molti anni, accorrono al richiamo della trascinante musica, riempiendo le vie del centro. La manifestazione propone diverse occasioni musicali che coinvolgono il Corpo Musicale locale e varie formazioni nazionali e internazionali. Il Corpo Musicale di Cortina ha aperto ufficialmente con il concerto di ieri sera in\u00a0 piazza Venezia la 34\u00b0 Edizione della Festa delle Bande, uno degli eventi pi\u00f9 attesi da turisti. Anche quest\u2019anno \u201cl&#8217;anima di un paese in festa\u201d si conferma essere ancora una volta il motto pi\u00f9 adatto a descrivere la festa che, per sette giorni, riempie le vie del centro della Regina delle Dolomiti di musica, folklore\u00a0 e tradizione. Sar\u00e0 proprio il centro di Cortina il teatro di questa manifestazione che raccoglie diverse occasioni musicali, coinvolgendo il Corpo Musicale e varie formazioni ospiti in concerti e festosi cortei: un unico \u2018cuore\u2019 che pulsa a tempo di suoni e immagini in un contesto di allegria e amicizia. Un autentico salto nel passato, specialmente durante le sfilate folcloristiche, dove saranno protagonisti le associazioni e i gruppi del paese, le tradizionali insegne, i carri tipici e gli abiti tramandati di generazione in generazione, indossati dai componenti delle bande. Una manifestazione che mette in luce il forte legame tra la cittadinanza, la sua cultura e il mondo della musica. Impossibile non rimanere affascinati dalle esibizioni del Corpo Musicale di Cortina, anche per la particolarit\u00e0 dei costumi e dei colori. Tutti i componenti della banda indossano infatti il tradizionale vestito all\u2019ampezzana \u2013 un tempo di uso quotidiano &#8211; che si \u00e8 tramandato dalla met\u00e0 del \u2018700.<br \/>\nPer tutta la settimana, si alterneranno ogni sera sul coreografico palcoscenico offerto dalla Conchiglia le esibizioni delle formazioni musicali ospiti, per un percorso tra diverse sonorit\u00e0, costumi e tradizioni musicali: da Belluno a Bolzano, dalla Slovenia a Perugia, per arrivare fino all\u2019Austria.<br \/>\nAspettando la grande sfilata di domenica, appuntamento in Piazza Venezia sabato 28 agosto, alle ore 11.00, con l\u2019aperitivo in musica organizzato grazie alla collaborazione del bar La Suite. Immancabile la presenza dell\u2019accompagnamento musicale, affidato al Trio Denis Novato di Lubiana.\u00a0<br \/>\nPer il gran finale di domenica 29 agosto, oltre alla spettacolare e caleidoscopica sfilata lungo Corso Italia e al concertone che vedr\u00e0 coinvolte tutte le 28 formazioni musicali ospiti, il programma si preannuncia ricco di esibizioni, concerti, sfilate e piccoli intrattenimenti musicali.<br \/>\nIl programma completo:<br \/>\nLuned\u00ec 23 agosto<br \/>\nore 21.15, concerto del Corpo Musicale Valboite. Piazza Venezia.<br \/>\nMarted\u00ec 24 agosto<br \/>\nore 21.15, concerto del Coro Cortina. Piazza Venezia.<br \/>\nore 21.45, esibizione de Ra Filodramatica d\u2019Anpezo. Piazza Venezia.<br \/>\nMercoled\u00ec 25 agosto<br \/>\nore 21.15, concerto della Banda Musicale di Versciaco (BZ). Piazza Venezia.<br \/>\nGioved\u00ec 26 agosto<br \/>\nore 21.15, concerto della Mujiga de Badia (BZ). Piazza Venezia.<br \/>\nVenerd\u00ec 27 agosto<br \/>\nore 21.15, concerto della Banda Musicale di Perca. Piazza Venezia.<br \/>\nSabato 28 agosto<br \/>\nore 11.00, esibizione del Trio Denis Novato (SLO) in\u00a0 Piazza Venezia ed aperitivo in collaborazione con il bar La Suite.<br \/>\nore 18.00, concerto della Banda Musicale di Umbertide (PG). Piazza Venezia.<br \/>\nore 21.15, concerto della Polizeimusik Salzburg (Austria). Piazza Venezia.<br \/>\nDomenica 29 agosto<br \/>\nore 08.30, sveglia in musica del Corpo Musicale di Cortina in Corso Italia.<br \/>\nore 10.00, Santa Messa.<br \/>\nore 11.00, concerti in Piazza Venezia, palco Hotel Aquila, palco Hotel Royal, palco Municipio e terrazza Verni.<br \/>\nore 14.00, Grande Sfilata Folklorostica in Corso Italia.<br \/>\nore 15.30, Concertone con tutte le bande partecipanti in Largo Poste.<br \/>\ndalle 16.00 alle 19.00, concerti in Piazza Venezia, palco Hotel Aquila, palco Hotel Royal, palco Municipio, palco Municipio e terrazza Verni;<br \/>\nore 19.30, arrivederci in musica con la sfilata del Corpo Musicale di Cortina in Corso Italia.<br \/>\nInfo: <a href=\"http:\/\/www.corpomusicalecortina.it\">www.corpomusicalecortina.it<\/a>\u00a0 &#8211; tel. 0436\/3231<\/p>","protected":false},"excerpt":{"rendered":"<p>Appuntamento fino al 29 agosto con la 34\u00b0 Festa delle Bande. Un evento attesissimo dagli abitanti della citt\u00e0 e dai turisti che, da molti anni, accorrono al richiamo della trascinante musica, riempiendo le vie del centro. La manifestazione propone diverse occasioni musicali che coinvolgono il Corpo Musicale locale e varie formazioni nazionali e internazionali. Il [&hellip;]<\/p>\n","protected":false},"author":2,"featured_media":0,"comment_status":"closed","ping_status":"open","sticky":false,"template":"","format":"standard","meta":{"footnotes":""},"categories":[27,25],"tags":[139,63],"class_list":["post-18433","post","type-post","status-publish","format-standard","category-appuntamenti","category-pausa-caffe","tag-belluno","tag-dolomiti"],"yoast_head":"<!-- This site is optimized with the Yoast SEO plugin v28.4 - https:\/\/yoast.com\/product\/yoast-seo-wordpress\/ -->\n<title>Cortina: 7 note per 28 bande  - Bellunopress - Dolomiti<\/title>\n<meta name=\"robots\" content=\"index, follow, max-snippet:-1, max-image-preview:large, max-video-preview:-1\" \/>\n<link rel=\"canonical\" href=\"https:\/\/www.bellunopress.it\/fr\/2010\/08\/23\/cortina-7-note-per-28-bande\/\" \/>\n<meta property=\"og:locale\" content=\"fr_FR\" \/>\n<meta property=\"og:type\" content=\"article\" \/>\n<meta property=\"og:title\" content=\"Cortina: 7 note per 28 bande  - Bellunopress - Dolomiti\" \/>\n<meta property=\"og:description\" content=\"Appuntamento fino al 29 agosto con la 34\u00b0 Festa delle Bande. Un evento attesissimo dagli abitanti della citt\u00e0 e dai turisti che, da molti anni, accorrono al richiamo della trascinante musica, riempiendo le vie del centro. La manifestazione propone diverse occasioni musicali che coinvolgono il Corpo Musicale locale e varie formazioni nazionali e internazionali. Il [&hellip;]\" \/>\n<meta property=\"og:url\" content=\"https:\/\/www.bellunopress.it\/fr\/2010\/08\/23\/cortina-7-note-per-28-bande\/\" \/>\n<meta property=\"og:site_name\" content=\"Bellunopress - Dolomiti\" \/>\n<meta property=\"article:publisher\" content=\"https:\/\/www.facebook.com\/profile.php?id=100008943462799\" \/>\n<meta property=\"article:published_time\" content=\"2010-08-23T21:53:15+00:00\" \/>\n<meta property=\"og:image\" content=\"http:\/\/www.bellunopress.it\/wp-content\/uploads\/2012\/07\/logo-bellunopress-250x250-2012.jpg\" \/>\n<meta name=\"author\" content=\"redazione\" \/>\n<meta name=\"twitter:card\" content=\"summary_large_image\" \/>\n<meta name=\"twitter:creator\" content=\"@bellunopress\" \/>\n<meta name=\"twitter:site\" content=\"@bellunopress\" \/>\n<meta name=\"twitter:label1\" content=\"\u00c9crit par\" \/>\n\t<meta name=\"twitter:data1\" content=\"redazione\" \/>\n\t<meta name=\"twitter:label2\" content=\"Dur\u00e9e de lecture estim\u00e9e\" \/>\n\t<meta name=\"twitter:data2\" content=\"3 minutes\" \/>\n<script type=\"application\/ld+json\" class=\"yoast-schema-graph\">{\"@context\":\"https:\\\/\\\/schema.org\",\"@graph\":[{\"@type\":\"Article\",\"@id\":\"https:\\\/\\\/www.bellunopress.it\\\/2010\\\/08\\\/23\\\/cortina-7-note-per-28-bande\\\/#article\",\"isPartOf\":{\"@id\":\"https:\\\/\\\/www.bellunopress.it\\\/2010\\\/08\\\/23\\\/cortina-7-note-per-28-bande\\\/\"},\"author\":{\"name\":\"redazione\",\"@id\":\"https:\\\/\\\/www.bellunopress.it\\\/#\\\/schema\\\/person\\\/79bb06722b37ece1c03d3e94beb30d73\"},\"headline\":\"Cortina: 7 note per 28 bande\",\"datePublished\":\"2010-08-23T21:53:15+00:00\",\"mainEntityOfPage\":{\"@id\":\"https:\\\/\\\/www.bellunopress.it\\\/2010\\\/08\\\/23\\\/cortina-7-note-per-28-bande\\\/\"},\"wordCount\":595,\"publisher\":{\"@id\":\"https:\\\/\\\/www.bellunopress.it\\\/#organization\"},\"keywords\":[\"Belluno\",\"Dolomiti\"],\"articleSection\":[\"Appuntamenti, Eventi\",\"Pausa Caff\u00e8\"],\"inLanguage\":\"fr-FR\"},{\"@type\":\"WebPage\",\"@id\":\"https:\\\/\\\/www.bellunopress.it\\\/2010\\\/08\\\/23\\\/cortina-7-note-per-28-bande\\\/\",\"url\":\"https:\\\/\\\/www.bellunopress.it\\\/2010\\\/08\\\/23\\\/cortina-7-note-per-28-bande\\\/\",\"name\":\"Cortina: 7 note per 28 bande - Bellunopress - Dolomiti\",\"isPartOf\":{\"@id\":\"https:\\\/\\\/www.bellunopress.it\\\/#website\"},\"datePublished\":\"2010-08-23T21:53:15+00:00\",\"breadcrumb\":{\"@id\":\"https:\\\/\\\/www.bellunopress.it\\\/2010\\\/08\\\/23\\\/cortina-7-note-per-28-bande\\\/#breadcrumb\"},\"inLanguage\":\"fr-FR\",\"potentialAction\":[{\"@type\":\"ReadAction\",\"target\":[\"https:\\\/\\\/www.bellunopress.it\\\/2010\\\/08\\\/23\\\/cortina-7-note-per-28-bande\\\/\"]}]},{\"@type\":\"BreadcrumbList\",\"@id\":\"https:\\\/\\\/www.bellunopress.it\\\/2010\\\/08\\\/23\\\/cortina-7-note-per-28-bande\\\/#breadcrumb\",\"itemListElement\":[{\"@type\":\"ListItem\",\"position\":1,\"name\":\"Home\",\"item\":\"https:\\\/\\\/www.bellunopress.it\\\/\"},{\"@type\":\"ListItem\",\"position\":2,\"name\":\"Cortina: 7 note per 28 bande\"}]},{\"@type\":\"WebSite\",\"@id\":\"https:\\\/\\\/www.bellunopress.it\\\/#website\",\"url\":\"https:\\\/\\\/www.bellunopress.it\\\/\",\"name\":\"Bellunopress - Dolomiti\",\"description\":\"e-mail: redazione@bellunopress.it\",\"publisher\":{\"@id\":\"https:\\\/\\\/www.bellunopress.it\\\/#organization\"},\"potentialAction\":[{\"@type\":\"SearchAction\",\"target\":{\"@type\":\"EntryPoint\",\"urlTemplate\":\"https:\\\/\\\/www.bellunopress.it\\\/?s={search_term_string}\"},\"query-input\":{\"@type\":\"PropertyValueSpecification\",\"valueRequired\":true,\"valueName\":\"search_term_string\"}}],\"inLanguage\":\"fr-FR\"},{\"@type\":\"Organization\",\"@id\":\"https:\\\/\\\/www.bellunopress.it\\\/#organization\",\"name\":\"Bellunopress\",\"url\":\"https:\\\/\\\/www.bellunopress.it\\\/\",\"logo\":{\"@type\":\"ImageObject\",\"inLanguage\":\"fr-FR\",\"@id\":\"https:\\\/\\\/www.bellunopress.it\\\/#\\\/schema\\\/logo\\\/image\\\/\",\"url\":\"https:\\\/\\\/www.bellunopress.it\\\/wp-content\\\/uploads\\\/2011\\\/05\\\/cropped-logo-bellunopress-.jpg\",\"contentUrl\":\"https:\\\/\\\/www.bellunopress.it\\\/wp-content\\\/uploads\\\/2011\\\/05\\\/cropped-logo-bellunopress-.jpg\",\"width\":512,\"height\":512,\"caption\":\"Bellunopress\"},\"image\":{\"@id\":\"https:\\\/\\\/www.bellunopress.it\\\/#\\\/schema\\\/logo\\\/image\\\/\"},\"sameAs\":[\"https:\\\/\\\/www.facebook.com\\\/profile.php?id=100008943462799\",\"https:\\\/\\\/x.com\\\/bellunopress\",\"https:\\\/\\\/www.linkedin.com\\\/hp\\\/?dnr=JBzUWaJfMUw8vbXJJ2tVW5-I3jZKvC4wsoxE&amp;amp;amp;amp;amp;amp;trk=nav_responsive_tab_home\",\"https:\\\/\\\/www.youtube.com\\\/channel\\\/UCxL0wu1uN0_3_7hGG0306cw\"]},{\"@type\":\"Person\",\"@id\":\"https:\\\/\\\/www.bellunopress.it\\\/#\\\/schema\\\/person\\\/79bb06722b37ece1c03d3e94beb30d73\",\"name\":\"redazione\",\"image\":{\"@type\":\"ImageObject\",\"inLanguage\":\"fr-FR\",\"@id\":\"https:\\\/\\\/secure.gravatar.com\\\/avatar\\\/37d968a2e67a6fd04c169c4bdef102d0bc5d31b2546345219e348575eb80e9a0?s=96&d=mm&r=g\",\"url\":\"https:\\\/\\\/secure.gravatar.com\\\/avatar\\\/37d968a2e67a6fd04c169c4bdef102d0bc5d31b2546345219e348575eb80e9a0?s=96&d=mm&r=g\",\"contentUrl\":\"https:\\\/\\\/secure.gravatar.com\\\/avatar\\\/37d968a2e67a6fd04c169c4bdef102d0bc5d31b2546345219e348575eb80e9a0?s=96&d=mm&r=g\",\"caption\":\"redazione\"},\"sameAs\":[\"http:\\\/\\\/www.bellunopress.it\",\"https:\\\/\\\/x.com\\\/bellunopress\"],\"url\":\"https:\\\/\\\/www.bellunopress.it\\\/fr\\\/author\\\/redazione\\\/\"}]}<\/script>\n<!-- \/ Yoast SEO plugin. -->","yoast_head_json":{"title":"Cortina: 7 note per 28 bande  - Bellunopress - Dolomiti","robots":{"index":"index","follow":"follow","max-snippet":"max-snippet:-1","max-image-preview":"max-image-preview:large","max-video-preview":"max-video-preview:-1"},"canonical":"https:\/\/www.bellunopress.it\/fr\/2010\/08\/23\/cortina-7-note-per-28-bande\/","og_locale":"fr_FR","og_type":"article","og_title":"Cortina: 7 note per 28 bande  - Bellunopress - Dolomiti","og_description":"Appuntamento fino al 29 agosto con la 34\u00b0 Festa delle Bande. Un evento attesissimo dagli abitanti della citt\u00e0 e dai turisti che, da molti anni, accorrono al richiamo della trascinante musica, riempiendo le vie del centro. La manifestazione propone diverse occasioni musicali che coinvolgono il Corpo Musicale locale e varie formazioni nazionali e internazionali. Il [&hellip;]","og_url":"https:\/\/www.bellunopress.it\/fr\/2010\/08\/23\/cortina-7-note-per-28-bande\/","og_site_name":"Bellunopress - Dolomiti","article_publisher":"https:\/\/www.facebook.com\/profile.php?id=100008943462799","article_published_time":"2010-08-23T21:53:15+00:00","og_image":[{"url":"http:\/\/www.bellunopress.it\/wp-content\/uploads\/2012\/07\/logo-bellunopress-250x250-2012.jpg","type":"","width":"","height":""}],"author":"redazione","twitter_card":"summary_large_image","twitter_creator":"@bellunopress","twitter_site":"@bellunopress","twitter_misc":{"\u00c9crit par":"redazione","Dur\u00e9e de lecture estim\u00e9e":"3 minutes"},"schema":{"@context":"https:\/\/schema.org","@graph":[{"@type":"Article","@id":"https:\/\/www.bellunopress.it\/2010\/08\/23\/cortina-7-note-per-28-bande\/#article","isPartOf":{"@id":"https:\/\/www.bellunopress.it\/2010\/08\/23\/cortina-7-note-per-28-bande\/"},"author":{"name":"redazione","@id":"https:\/\/www.bellunopress.it\/#\/schema\/person\/79bb06722b37ece1c03d3e94beb30d73"},"headline":"Cortina: 7 note per 28 bande","datePublished":"2010-08-23T21:53:15+00:00","mainEntityOfPage":{"@id":"https:\/\/www.bellunopress.it\/2010\/08\/23\/cortina-7-note-per-28-bande\/"},"wordCount":595,"publisher":{"@id":"https:\/\/www.bellunopress.it\/#organization"},"keywords":["Belluno","Dolomiti"],"articleSection":["Appuntamenti, Eventi","Pausa Caff\u00e8"],"inLanguage":"fr-FR"},{"@type":"WebPage","@id":"https:\/\/www.bellunopress.it\/2010\/08\/23\/cortina-7-note-per-28-bande\/","url":"https:\/\/www.bellunopress.it\/2010\/08\/23\/cortina-7-note-per-28-bande\/","name":"Cortina: 7 note per 28 bande - Bellunopress - Dolomiti","isPartOf":{"@id":"https:\/\/www.bellunopress.it\/#website"},"datePublished":"2010-08-23T21:53:15+00:00","breadcrumb":{"@id":"https:\/\/www.bellunopress.it\/2010\/08\/23\/cortina-7-note-per-28-bande\/#breadcrumb"},"inLanguage":"fr-FR","potentialAction":[{"@type":"ReadAction","target":["https:\/\/www.bellunopress.it\/2010\/08\/23\/cortina-7-note-per-28-bande\/"]}]},{"@type":"BreadcrumbList","@id":"https:\/\/www.bellunopress.it\/2010\/08\/23\/cortina-7-note-per-28-bande\/#breadcrumb","itemListElement":[{"@type":"ListItem","position":1,"name":"Home","item":"https:\/\/www.bellunopress.it\/"},{"@type":"ListItem","position":2,"name":"Cortina: 7 note per 28 bande"}]},{"@type":"WebSite","@id":"https:\/\/www.bellunopress.it\/#website","url":"https:\/\/www.bellunopress.it\/","name":"Bellunopress - Dolomiti","description":"e-mail: redazione@bellunopress.it","publisher":{"@id":"https:\/\/www.bellunopress.it\/#organization"},"potentialAction":[{"@type":"SearchAction","target":{"@type":"EntryPoint","urlTemplate":"https:\/\/www.bellunopress.it\/?s={search_term_string}"},"query-input":{"@type":"PropertyValueSpecification","valueRequired":true,"valueName":"search_term_string"}}],"inLanguage":"fr-FR"},{"@type":"Organization","@id":"https:\/\/www.bellunopress.it\/#organization","name":"Bellunopress","url":"https:\/\/www.bellunopress.it\/","logo":{"@type":"ImageObject","inLanguage":"fr-FR","@id":"https:\/\/www.bellunopress.it\/#\/schema\/logo\/image\/","url":"https:\/\/www.bellunopress.it\/wp-content\/uploads\/2011\/05\/cropped-logo-bellunopress-.jpg","contentUrl":"https:\/\/www.bellunopress.it\/wp-content\/uploads\/2011\/05\/cropped-logo-bellunopress-.jpg","width":512,"height":512,"caption":"Bellunopress"},"image":{"@id":"https:\/\/www.bellunopress.it\/#\/schema\/logo\/image\/"},"sameAs":["https:\/\/www.facebook.com\/profile.php?id=100008943462799","https:\/\/x.com\/bellunopress","https:\/\/www.linkedin.com\/hp\/?dnr=JBzUWaJfMUw8vbXJJ2tVW5-I3jZKvC4wsoxE&amp;amp;amp;amp;amp;amp;trk=nav_responsive_tab_home","https:\/\/www.youtube.com\/channel\/UCxL0wu1uN0_3_7hGG0306cw"]},{"@type":"Person","@id":"https:\/\/www.bellunopress.it\/#\/schema\/person\/79bb06722b37ece1c03d3e94beb30d73","name":"r\u00e9daction","image":{"@type":"ImageObject","inLanguage":"fr-FR","@id":"https:\/\/secure.gravatar.com\/avatar\/37d968a2e67a6fd04c169c4bdef102d0bc5d31b2546345219e348575eb80e9a0?s=96&d=mm&r=g","url":"https:\/\/secure.gravatar.com\/avatar\/37d968a2e67a6fd04c169c4bdef102d0bc5d31b2546345219e348575eb80e9a0?s=96&d=mm&r=g","contentUrl":"https:\/\/secure.gravatar.com\/avatar\/37d968a2e67a6fd04c169c4bdef102d0bc5d31b2546345219e348575eb80e9a0?s=96&d=mm&r=g","caption":"redazione"},"sameAs":["http:\/\/www.bellunopress.it","https:\/\/x.com\/bellunopress"],"url":"https:\/\/www.bellunopress.it\/fr\/author\/redazione\/"}]}},"_links":{"self":[{"href":"https:\/\/www.bellunopress.it\/fr\/wp-json\/wp\/v2\/posts\/18433","targetHints":{"allow":["GET"]}}],"collection":[{"href":"https:\/\/www.bellunopress.it\/fr\/wp-json\/wp\/v2\/posts"}],"about":[{"href":"https:\/\/www.bellunopress.it\/fr\/wp-json\/wp\/v2\/types\/post"}],"author":[{"embeddable":true,"href":"https:\/\/www.bellunopress.it\/fr\/wp-json\/wp\/v2\/users\/2"}],"replies":[{"embeddable":true,"href":"https:\/\/www.bellunopress.it\/fr\/wp-json\/wp\/v2\/comments?post=18433"}],"version-history":[{"count":1,"href":"https:\/\/www.bellunopress.it\/fr\/wp-json\/wp\/v2\/posts\/18433\/revisions"}],"predecessor-version":[{"id":18434,"href":"https:\/\/www.bellunopress.it\/fr\/wp-json\/wp\/v2\/posts\/18433\/revisions\/18434"}],"wp:attachment":[{"href":"https:\/\/www.bellunopress.it\/fr\/wp-json\/wp\/v2\/media?parent=18433"}],"wp:term":[{"taxonomy":"category","embeddable":true,"href":"https:\/\/www.bellunopress.it\/fr\/wp-json\/wp\/v2\/categories?post=18433"},{"taxonomy":"post_tag","embeddable":true,"href":"https:\/\/www.bellunopress.it\/fr\/wp-json\/wp\/v2\/tags?post=18433"}],"curies":[{"name":"wp","href":"https:\/\/api.w.org\/{rel}","templated":true}]}}