{"id":18425,"date":"2010-08-23T16:50:13","date_gmt":"2010-08-23T15:50:13","guid":{"rendered":"http:\/\/www.bellunopress.it\/?p=18425"},"modified":"2010-08-23T17:05:05","modified_gmt":"2010-08-23T16:05:05","slug":"feltre-sospensione-dellerogazione-dellacqua-mercoledi-ritorna-potabile-a-vallada-caviola-falcade-canale-dagordo","status":"publish","type":"post","link":"https:\/\/www.bellunopress.it\/fr\/2010\/08\/23\/feltre-sospensione-dellerogazione-dellacqua-mercoledi-ritorna-potabile-a-vallada-caviola-falcade-canale-dagordo\/","title":{"rendered":"Feltre e Lozzo di Cadore: sospensione dell&#8217;erogazione dell&#8217;acqua mercoled\u00ec. Ritorna potabile a Vallada, Caviola, Falcade, Canale d&#8217;Agordo"},"content":{"rendered":"<p><a href=\"http:\/\/www.bellunopress.it\/wp-content\/uploads\/2009\/08\/gsp-gestione-servizi-pubblici.jpg\"><img loading=\"lazy\" decoding=\"async\" class=\"alignleft size-medium wp-image-6957\" title=\"gsp-gestione-servizi-pubblici\" src=\"http:\/\/www.bellunopress.it\/wp-content\/uploads\/2009\/08\/gsp-gestione-servizi-pubblici.jpg\" alt=\"\" width=\"140\" height=\"89\" \/><\/a>Gestione Servizi Pubblici informa che a Feltre il giorno 25 agosto dalle 8.30 alle 12.30 circa verr\u00e0 sospesa l\u2019erogazione dell\u2019acqua nelle vie Bagnols sur Ceze, B. Bellati, Ligont e Piazzale Tancredi Parmeggiani. L\u2019interruzione, che interessa circa 250 utenze, si rende necessaria per consentire la riparazione di una perdita individuata in Via B. Bellati. Il personale addetto operer\u00e0, nei limiti dettati dalle esigenze operative, per limitare il pi\u00f9 possibile i disagi alla popolazione. Per informazioni \u00e8 possibile contattare il Servizio Clienti ai numeri 840 000 032 (da rete fissa) oppure 0437 938002 (da mobile o per chiamate via internet). Per emergenze il numero del Pronto Intervento \u00e8 800 757678.<\/p>\n<p>Gestione Servizi Pubblici informa che, per lavori alla rete acquedottistica comunale, a Lozzo di Cadore il giorno 25 agosto dalle 9 alle 17 circa potrebbe mancare l\u2019acqua in tutto il Comune, in particolare nella zona artigianale di Sant\u2019Anna. Nel corso della giornata sar\u00e0, infatti, effettuato lo spostamento di un tratto di condotta di adduzione collegata al serbatoio acquedottistico San Rocco. Il personale addetto operer\u00e0 per limitare il pi\u00f9 possibile i disagi alla popolazione. Per eventuali informazioni \u00e8 possibile contattare il Servizio Clienti ai numeri 840 000 032 (da rete fissa) oppure 0437 938002 (da cellulare), mentre per emergenze \u00e8 disponibile il Pronto Intervento al numero 800 757678.<\/p>\n<p><strong>Sospensione erogazione a Lozzo di Cadore<\/strong><\/p>\n<p>Gestione Servizi Pubblici informa che, per lavori alla rete acquedottistica comunale, a Lozzo di Cadore il giorno 25 agosto dalle 9 alle 17 circa potrebbe mancare l\u2019acqua in tutto il Comune, in particolare nella zona artigianale di Sant\u2019Anna. Nel corso della giornata sar\u00e0, infatti, effettuato lo spostamento di un tratto di condotta di adduzione collegata al serbatoio acquedottistico San Rocco. Il personale addetto operer\u00e0 per limitare il pi\u00f9 possibile i disagi alla popolazione. Per eventuali informazioni \u00e8 possibile contattare il Servizio Clienti ai numeri 840 000 032 (da rete fissa) oppure 0437 938002 (da cellulare), mentre per emergenze \u00e8 disponibile il Pronto Intervento al numero 800 757678.<\/p>\n<p><strong>Di nuovo potabile a Vallada, Caviola, Falcade, Canale d&#8217;Agordo<\/strong><br \/>\nE&#8217; di nuovo potabile l\u2019acqua distribuita dalle reti idriche nelle zone di Vallada (intero Comune), Caviola &#8211; Falcade Alto \u2013 Villotta \u2013 Somor \u2013 Ganz &#8211; Costa in comune di Falcade, Gares \u2013 Carfon &#8211; Fregona &#8211; Feder a Canale d\u2019Agordo. Lo ha confermato oggi pomeriggio il Servizio di Igiene Alimenti e Nutrizione dell\u2019Ulss di Belluno: hanno dato esito favorevole, quindi, gli ulteriori accertamenti effettuati dall\u2019azienda sanitaria il 20 agosto scorso a seguito degli interventi di clorazione e disinfezione attuati da GSP. Eliminata la contaminazione batterica, ora l\u2019acqua \u00e8 nuovamente utilizzabile anche per uso alimentare.<\/p>","protected":false},"excerpt":{"rendered":"<p>Gestione Servizi Pubblici informa che a Feltre il giorno 25 agosto dalle 8.30 alle 12.30 circa verr\u00e0 sospesa l\u2019erogazione dell\u2019acqua nelle vie Bagnols sur Ceze, B. Bellati, Ligont e Piazzale Tancredi Parmeggiani. L\u2019interruzione, che interessa circa 250 utenze, si rende necessaria per consentire la riparazione di una perdita individuata in Via B. Bellati. Il personale [&hellip;]<\/p>\n","protected":false},"author":2,"featured_media":0,"comment_status":"closed","ping_status":"open","sticky":false,"template":"","format":"standard","meta":{"footnotes":""},"categories":[5,26],"tags":[139,151,302],"class_list":["post-18425","post","type-post","status-publish","format-standard","category-cronaca","category-prima-pagina","tag-belluno","tag-cadore","tag-feltre"],"yoast_head":"<!-- This site is optimized with the Yoast SEO plugin v28.4 - https:\/\/yoast.com\/product\/yoast-seo-wordpress\/ -->\n<title>Feltre e Lozzo di Cadore: sospensione dell&#039;erogazione dell&#039;acqua mercoled\u00ec. Ritorna potabile a Vallada, Caviola, Falcade, Canale d&#039;Agordo - Bellunopress - Dolomiti<\/title>\n<meta name=\"robots\" content=\"index, follow, max-snippet:-1, max-image-preview:large, max-video-preview:-1\" \/>\n<link rel=\"canonical\" href=\"https:\/\/www.bellunopress.it\/fr\/2010\/08\/23\/feltre-sospensione-dellerogazione-dellacqua-mercoledi-ritorna-potabile-a-vallada-caviola-falcade-canale-dagordo\/\" \/>\n<meta property=\"og:locale\" content=\"fr_FR\" \/>\n<meta property=\"og:type\" content=\"article\" \/>\n<meta property=\"og:title\" content=\"Feltre e Lozzo di Cadore: sospensione dell&#039;erogazione dell&#039;acqua mercoled\u00ec. Ritorna potabile a Vallada, Caviola, Falcade, Canale d&#039;Agordo - Bellunopress - Dolomiti\" \/>\n<meta property=\"og:description\" content=\"Gestione Servizi Pubblici informa che a Feltre il giorno 25 agosto dalle 8.30 alle 12.30 circa verr\u00e0 sospesa l\u2019erogazione dell\u2019acqua nelle vie Bagnols sur Ceze, B. Bellati, Ligont e Piazzale Tancredi Parmeggiani. L\u2019interruzione, che interessa circa 250 utenze, si rende necessaria per consentire la riparazione di una perdita individuata in Via B. Bellati. Il personale [&hellip;]\" \/>\n<meta property=\"og:url\" content=\"https:\/\/www.bellunopress.it\/fr\/2010\/08\/23\/feltre-sospensione-dellerogazione-dellacqua-mercoledi-ritorna-potabile-a-vallada-caviola-falcade-canale-dagordo\/\" \/>\n<meta property=\"og:site_name\" content=\"Bellunopress - Dolomiti\" \/>\n<meta property=\"article:publisher\" content=\"https:\/\/www.facebook.com\/profile.php?id=100008943462799\" \/>\n<meta property=\"article:published_time\" content=\"2010-08-23T15:50:13+00:00\" \/>\n<meta property=\"article:modified_time\" content=\"2010-08-23T16:05:05+00:00\" \/>\n<meta property=\"og:image\" content=\"http:\/\/www.bellunopress.it\/wp-content\/uploads\/2009\/08\/gsp-gestione-servizi-pubblici.jpg\" \/>\n<meta name=\"author\" content=\"redazione\" \/>\n<meta name=\"twitter:card\" content=\"summary_large_image\" \/>\n<meta name=\"twitter:creator\" content=\"@bellunopress\" \/>\n<meta name=\"twitter:site\" content=\"@bellunopress\" \/>\n<meta name=\"twitter:label1\" content=\"\u00c9crit par\" \/>\n\t<meta name=\"twitter:data1\" content=\"redazione\" \/>\n\t<meta name=\"twitter:label2\" content=\"Dur\u00e9e de lecture estim\u00e9e\" \/>\n\t<meta name=\"twitter:data2\" content=\"2 minutes\" \/>\n<script type=\"application\/ld+json\" class=\"yoast-schema-graph\">{\"@context\":\"https:\\\/\\\/schema.org\",\"@graph\":[{\"@type\":\"Article\",\"@id\":\"https:\\\/\\\/www.bellunopress.it\\\/2010\\\/08\\\/23\\\/feltre-sospensione-dellerogazione-dellacqua-mercoledi-ritorna-potabile-a-vallada-caviola-falcade-canale-dagordo\\\/#article\",\"isPartOf\":{\"@id\":\"https:\\\/\\\/www.bellunopress.it\\\/2010\\\/08\\\/23\\\/feltre-sospensione-dellerogazione-dellacqua-mercoledi-ritorna-potabile-a-vallada-caviola-falcade-canale-dagordo\\\/\"},\"author\":{\"name\":\"redazione\",\"@id\":\"https:\\\/\\\/www.bellunopress.it\\\/#\\\/schema\\\/person\\\/79bb06722b37ece1c03d3e94beb30d73\"},\"headline\":\"Feltre e Lozzo di Cadore: sospensione dell&#8217;erogazione dell&#8217;acqua mercoled\u00ec. Ritorna potabile a Vallada, Caviola, Falcade, Canale d&#8217;Agordo\",\"datePublished\":\"2010-08-23T15:50:13+00:00\",\"dateModified\":\"2010-08-23T16:05:05+00:00\",\"mainEntityOfPage\":{\"@id\":\"https:\\\/\\\/www.bellunopress.it\\\/2010\\\/08\\\/23\\\/feltre-sospensione-dellerogazione-dellacqua-mercoledi-ritorna-potabile-a-vallada-caviola-falcade-canale-dagordo\\\/\"},\"wordCount\":422,\"publisher\":{\"@id\":\"https:\\\/\\\/www.bellunopress.it\\\/#organization\"},\"image\":{\"@id\":\"https:\\\/\\\/www.bellunopress.it\\\/2010\\\/08\\\/23\\\/feltre-sospensione-dellerogazione-dellacqua-mercoledi-ritorna-potabile-a-vallada-caviola-falcade-canale-dagordo\\\/#primaryimage\"},\"thumbnailUrl\":\"http:\\\/\\\/www.bellunopress.it\\\/wp-content\\\/uploads\\\/2009\\\/08\\\/gsp-gestione-servizi-pubblici.jpg\",\"keywords\":[\"Belluno\",\"Cadore\",\"Feltre\"],\"articleSection\":[\"Cronaca\\\/Politica\",\"Prima Pagina\"],\"inLanguage\":\"fr-FR\"},{\"@type\":\"WebPage\",\"@id\":\"https:\\\/\\\/www.bellunopress.it\\\/2010\\\/08\\\/23\\\/feltre-sospensione-dellerogazione-dellacqua-mercoledi-ritorna-potabile-a-vallada-caviola-falcade-canale-dagordo\\\/\",\"url\":\"https:\\\/\\\/www.bellunopress.it\\\/2010\\\/08\\\/23\\\/feltre-sospensione-dellerogazione-dellacqua-mercoledi-ritorna-potabile-a-vallada-caviola-falcade-canale-dagordo\\\/\",\"name\":\"Feltre e Lozzo di Cadore: sospensione dell'erogazione dell'acqua mercoled\u00ec. Ritorna potabile a Vallada, Caviola, Falcade, Canale d'Agordo - Bellunopress - Dolomiti\",\"isPartOf\":{\"@id\":\"https:\\\/\\\/www.bellunopress.it\\\/#website\"},\"primaryImageOfPage\":{\"@id\":\"https:\\\/\\\/www.bellunopress.it\\\/2010\\\/08\\\/23\\\/feltre-sospensione-dellerogazione-dellacqua-mercoledi-ritorna-potabile-a-vallada-caviola-falcade-canale-dagordo\\\/#primaryimage\"},\"image\":{\"@id\":\"https:\\\/\\\/www.bellunopress.it\\\/2010\\\/08\\\/23\\\/feltre-sospensione-dellerogazione-dellacqua-mercoledi-ritorna-potabile-a-vallada-caviola-falcade-canale-dagordo\\\/#primaryimage\"},\"thumbnailUrl\":\"http:\\\/\\\/www.bellunopress.it\\\/wp-content\\\/uploads\\\/2009\\\/08\\\/gsp-gestione-servizi-pubblici.jpg\",\"datePublished\":\"2010-08-23T15:50:13+00:00\",\"dateModified\":\"2010-08-23T16:05:05+00:00\",\"breadcrumb\":{\"@id\":\"https:\\\/\\\/www.bellunopress.it\\\/2010\\\/08\\\/23\\\/feltre-sospensione-dellerogazione-dellacqua-mercoledi-ritorna-potabile-a-vallada-caviola-falcade-canale-dagordo\\\/#breadcrumb\"},\"inLanguage\":\"fr-FR\",\"potentialAction\":[{\"@type\":\"ReadAction\",\"target\":[\"https:\\\/\\\/www.bellunopress.it\\\/2010\\\/08\\\/23\\\/feltre-sospensione-dellerogazione-dellacqua-mercoledi-ritorna-potabile-a-vallada-caviola-falcade-canale-dagordo\\\/\"]}]},{\"@type\":\"ImageObject\",\"inLanguage\":\"fr-FR\",\"@id\":\"https:\\\/\\\/www.bellunopress.it\\\/2010\\\/08\\\/23\\\/feltre-sospensione-dellerogazione-dellacqua-mercoledi-ritorna-potabile-a-vallada-caviola-falcade-canale-dagordo\\\/#primaryimage\",\"url\":\"http:\\\/\\\/www.bellunopress.it\\\/wp-content\\\/uploads\\\/2009\\\/08\\\/gsp-gestione-servizi-pubblici.jpg\",\"contentUrl\":\"http:\\\/\\\/www.bellunopress.it\\\/wp-content\\\/uploads\\\/2009\\\/08\\\/gsp-gestione-servizi-pubblici.jpg\"},{\"@type\":\"BreadcrumbList\",\"@id\":\"https:\\\/\\\/www.bellunopress.it\\\/2010\\\/08\\\/23\\\/feltre-sospensione-dellerogazione-dellacqua-mercoledi-ritorna-potabile-a-vallada-caviola-falcade-canale-dagordo\\\/#breadcrumb\",\"itemListElement\":[{\"@type\":\"ListItem\",\"position\":1,\"name\":\"Home\",\"item\":\"https:\\\/\\\/www.bellunopress.it\\\/\"},{\"@type\":\"ListItem\",\"position\":2,\"name\":\"Feltre e Lozzo di Cadore: sospensione dell&#8217;erogazione dell&#8217;acqua mercoled\u00ec. Ritorna potabile a Vallada, Caviola, Falcade, Canale d&#8217;Agordo\"}]},{\"@type\":\"WebSite\",\"@id\":\"https:\\\/\\\/www.bellunopress.it\\\/#website\",\"url\":\"https:\\\/\\\/www.bellunopress.it\\\/\",\"name\":\"Bellunopress - Dolomiti\",\"description\":\"e-mail: redazione@bellunopress.it\",\"publisher\":{\"@id\":\"https:\\\/\\\/www.bellunopress.it\\\/#organization\"},\"potentialAction\":[{\"@type\":\"SearchAction\",\"target\":{\"@type\":\"EntryPoint\",\"urlTemplate\":\"https:\\\/\\\/www.bellunopress.it\\\/?s={search_term_string}\"},\"query-input\":{\"@type\":\"PropertyValueSpecification\",\"valueRequired\":true,\"valueName\":\"search_term_string\"}}],\"inLanguage\":\"fr-FR\"},{\"@type\":\"Organization\",\"@id\":\"https:\\\/\\\/www.bellunopress.it\\\/#organization\",\"name\":\"Bellunopress\",\"url\":\"https:\\\/\\\/www.bellunopress.it\\\/\",\"logo\":{\"@type\":\"ImageObject\",\"inLanguage\":\"fr-FR\",\"@id\":\"https:\\\/\\\/www.bellunopress.it\\\/#\\\/schema\\\/logo\\\/image\\\/\",\"url\":\"https:\\\/\\\/www.bellunopress.it\\\/wp-content\\\/uploads\\\/2011\\\/05\\\/cropped-logo-bellunopress-.jpg\",\"contentUrl\":\"https:\\\/\\\/www.bellunopress.it\\\/wp-content\\\/uploads\\\/2011\\\/05\\\/cropped-logo-bellunopress-.jpg\",\"width\":512,\"height\":512,\"caption\":\"Bellunopress\"},\"image\":{\"@id\":\"https:\\\/\\\/www.bellunopress.it\\\/#\\\/schema\\\/logo\\\/image\\\/\"},\"sameAs\":[\"https:\\\/\\\/www.facebook.com\\\/profile.php?id=100008943462799\",\"https:\\\/\\\/x.com\\\/bellunopress\",\"https:\\\/\\\/www.linkedin.com\\\/hp\\\/?dnr=JBzUWaJfMUw8vbXJJ2tVW5-I3jZKvC4wsoxE&amp;amp;amp;amp;amp;amp;trk=nav_responsive_tab_home\",\"https:\\\/\\\/www.youtube.com\\\/channel\\\/UCxL0wu1uN0_3_7hGG0306cw\"]},{\"@type\":\"Person\",\"@id\":\"https:\\\/\\\/www.bellunopress.it\\\/#\\\/schema\\\/person\\\/79bb06722b37ece1c03d3e94beb30d73\",\"name\":\"redazione\",\"image\":{\"@type\":\"ImageObject\",\"inLanguage\":\"fr-FR\",\"@id\":\"https:\\\/\\\/secure.gravatar.com\\\/avatar\\\/37d968a2e67a6fd04c169c4bdef102d0bc5d31b2546345219e348575eb80e9a0?s=96&d=mm&r=g\",\"url\":\"https:\\\/\\\/secure.gravatar.com\\\/avatar\\\/37d968a2e67a6fd04c169c4bdef102d0bc5d31b2546345219e348575eb80e9a0?s=96&d=mm&r=g\",\"contentUrl\":\"https:\\\/\\\/secure.gravatar.com\\\/avatar\\\/37d968a2e67a6fd04c169c4bdef102d0bc5d31b2546345219e348575eb80e9a0?s=96&d=mm&r=g\",\"caption\":\"redazione\"},\"sameAs\":[\"http:\\\/\\\/www.bellunopress.it\",\"https:\\\/\\\/x.com\\\/bellunopress\"],\"url\":\"https:\\\/\\\/www.bellunopress.it\\\/fr\\\/author\\\/redazione\\\/\"}]}<\/script>\n<!-- \/ Yoast SEO plugin. -->","yoast_head_json":{"title":"Feltre e Lozzo di Cadore: sospensione dell'erogazione dell'acqua mercoled\u00ec. Ritorna potabile a Vallada, Caviola, Falcade, Canale d'Agordo - Bellunopress - Dolomiti","robots":{"index":"index","follow":"follow","max-snippet":"max-snippet:-1","max-image-preview":"max-image-preview:large","max-video-preview":"max-video-preview:-1"},"canonical":"https:\/\/www.bellunopress.it\/fr\/2010\/08\/23\/feltre-sospensione-dellerogazione-dellacqua-mercoledi-ritorna-potabile-a-vallada-caviola-falcade-canale-dagordo\/","og_locale":"fr_FR","og_type":"article","og_title":"Feltre e Lozzo di Cadore: sospensione dell'erogazione dell'acqua mercoled\u00ec. Ritorna potabile a Vallada, Caviola, Falcade, Canale d'Agordo - Bellunopress - Dolomiti","og_description":"Gestione Servizi Pubblici informa che a Feltre il giorno 25 agosto dalle 8.30 alle 12.30 circa verr\u00e0 sospesa l\u2019erogazione dell\u2019acqua nelle vie Bagnols sur Ceze, B. Bellati, Ligont e Piazzale Tancredi Parmeggiani. L\u2019interruzione, che interessa circa 250 utenze, si rende necessaria per consentire la riparazione di una perdita individuata in Via B. Bellati. Il personale [&hellip;]","og_url":"https:\/\/www.bellunopress.it\/fr\/2010\/08\/23\/feltre-sospensione-dellerogazione-dellacqua-mercoledi-ritorna-potabile-a-vallada-caviola-falcade-canale-dagordo\/","og_site_name":"Bellunopress - Dolomiti","article_publisher":"https:\/\/www.facebook.com\/profile.php?id=100008943462799","article_published_time":"2010-08-23T15:50:13+00:00","article_modified_time":"2010-08-23T16:05:05+00:00","og_image":[{"url":"http:\/\/www.bellunopress.it\/wp-content\/uploads\/2009\/08\/gsp-gestione-servizi-pubblici.jpg","type":"","width":"","height":""}],"author":"redazione","twitter_card":"summary_large_image","twitter_creator":"@bellunopress","twitter_site":"@bellunopress","twitter_misc":{"\u00c9crit par":"redazione","Dur\u00e9e de lecture estim\u00e9e":"2 minutes"},"schema":{"@context":"https:\/\/schema.org","@graph":[{"@type":"Article","@id":"https:\/\/www.bellunopress.it\/2010\/08\/23\/feltre-sospensione-dellerogazione-dellacqua-mercoledi-ritorna-potabile-a-vallada-caviola-falcade-canale-dagordo\/#article","isPartOf":{"@id":"https:\/\/www.bellunopress.it\/2010\/08\/23\/feltre-sospensione-dellerogazione-dellacqua-mercoledi-ritorna-potabile-a-vallada-caviola-falcade-canale-dagordo\/"},"author":{"name":"redazione","@id":"https:\/\/www.bellunopress.it\/#\/schema\/person\/79bb06722b37ece1c03d3e94beb30d73"},"headline":"Feltre e Lozzo di Cadore: sospensione dell&#8217;erogazione dell&#8217;acqua mercoled\u00ec. Ritorna potabile a Vallada, Caviola, Falcade, Canale d&#8217;Agordo","datePublished":"2010-08-23T15:50:13+00:00","dateModified":"2010-08-23T16:05:05+00:00","mainEntityOfPage":{"@id":"https:\/\/www.bellunopress.it\/2010\/08\/23\/feltre-sospensione-dellerogazione-dellacqua-mercoledi-ritorna-potabile-a-vallada-caviola-falcade-canale-dagordo\/"},"wordCount":422,"publisher":{"@id":"https:\/\/www.bellunopress.it\/#organization"},"image":{"@id":"https:\/\/www.bellunopress.it\/2010\/08\/23\/feltre-sospensione-dellerogazione-dellacqua-mercoledi-ritorna-potabile-a-vallada-caviola-falcade-canale-dagordo\/#primaryimage"},"thumbnailUrl":"http:\/\/www.bellunopress.it\/wp-content\/uploads\/2009\/08\/gsp-gestione-servizi-pubblici.jpg","keywords":["Belluno","Cadore","Feltre"],"articleSection":["Cronaca\/Politica","Prima Pagina"],"inLanguage":"fr-FR"},{"@type":"WebPage","@id":"https:\/\/www.bellunopress.it\/2010\/08\/23\/feltre-sospensione-dellerogazione-dellacqua-mercoledi-ritorna-potabile-a-vallada-caviola-falcade-canale-dagordo\/","url":"https:\/\/www.bellunopress.it\/2010\/08\/23\/feltre-sospensione-dellerogazione-dellacqua-mercoledi-ritorna-potabile-a-vallada-caviola-falcade-canale-dagordo\/","name":"Feltre e Lozzo di Cadore: sospensione dell'erogazione dell'acqua mercoled\u00ec. Ritorna potabile a Vallada, Caviola, Falcade, Canale d'Agordo - Bellunopress - Dolomiti","isPartOf":{"@id":"https:\/\/www.bellunopress.it\/#website"},"primaryImageOfPage":{"@id":"https:\/\/www.bellunopress.it\/2010\/08\/23\/feltre-sospensione-dellerogazione-dellacqua-mercoledi-ritorna-potabile-a-vallada-caviola-falcade-canale-dagordo\/#primaryimage"},"image":{"@id":"https:\/\/www.bellunopress.it\/2010\/08\/23\/feltre-sospensione-dellerogazione-dellacqua-mercoledi-ritorna-potabile-a-vallada-caviola-falcade-canale-dagordo\/#primaryimage"},"thumbnailUrl":"http:\/\/www.bellunopress.it\/wp-content\/uploads\/2009\/08\/gsp-gestione-servizi-pubblici.jpg","datePublished":"2010-08-23T15:50:13+00:00","dateModified":"2010-08-23T16:05:05+00:00","breadcrumb":{"@id":"https:\/\/www.bellunopress.it\/2010\/08\/23\/feltre-sospensione-dellerogazione-dellacqua-mercoledi-ritorna-potabile-a-vallada-caviola-falcade-canale-dagordo\/#breadcrumb"},"inLanguage":"fr-FR","potentialAction":[{"@type":"ReadAction","target":["https:\/\/www.bellunopress.it\/2010\/08\/23\/feltre-sospensione-dellerogazione-dellacqua-mercoledi-ritorna-potabile-a-vallada-caviola-falcade-canale-dagordo\/"]}]},{"@type":"ImageObject","inLanguage":"fr-FR","@id":"https:\/\/www.bellunopress.it\/2010\/08\/23\/feltre-sospensione-dellerogazione-dellacqua-mercoledi-ritorna-potabile-a-vallada-caviola-falcade-canale-dagordo\/#primaryimage","url":"http:\/\/www.bellunopress.it\/wp-content\/uploads\/2009\/08\/gsp-gestione-servizi-pubblici.jpg","contentUrl":"http:\/\/www.bellunopress.it\/wp-content\/uploads\/2009\/08\/gsp-gestione-servizi-pubblici.jpg"},{"@type":"BreadcrumbList","@id":"https:\/\/www.bellunopress.it\/2010\/08\/23\/feltre-sospensione-dellerogazione-dellacqua-mercoledi-ritorna-potabile-a-vallada-caviola-falcade-canale-dagordo\/#breadcrumb","itemListElement":[{"@type":"ListItem","position":1,"name":"Home","item":"https:\/\/www.bellunopress.it\/"},{"@type":"ListItem","position":2,"name":"Feltre e Lozzo di Cadore: sospensione dell&#8217;erogazione dell&#8217;acqua mercoled\u00ec. Ritorna potabile a Vallada, Caviola, Falcade, Canale d&#8217;Agordo"}]},{"@type":"WebSite","@id":"https:\/\/www.bellunopress.it\/#website","url":"https:\/\/www.bellunopress.it\/","name":"Bellunopress - Dolomiti","description":"e-mail: redazione@bellunopress.it","publisher":{"@id":"https:\/\/www.bellunopress.it\/#organization"},"potentialAction":[{"@type":"SearchAction","target":{"@type":"EntryPoint","urlTemplate":"https:\/\/www.bellunopress.it\/?s={search_term_string}"},"query-input":{"@type":"PropertyValueSpecification","valueRequired":true,"valueName":"search_term_string"}}],"inLanguage":"fr-FR"},{"@type":"Organization","@id":"https:\/\/www.bellunopress.it\/#organization","name":"Bellunopress","url":"https:\/\/www.bellunopress.it\/","logo":{"@type":"ImageObject","inLanguage":"fr-FR","@id":"https:\/\/www.bellunopress.it\/#\/schema\/logo\/image\/","url":"https:\/\/www.bellunopress.it\/wp-content\/uploads\/2011\/05\/cropped-logo-bellunopress-.jpg","contentUrl":"https:\/\/www.bellunopress.it\/wp-content\/uploads\/2011\/05\/cropped-logo-bellunopress-.jpg","width":512,"height":512,"caption":"Bellunopress"},"image":{"@id":"https:\/\/www.bellunopress.it\/#\/schema\/logo\/image\/"},"sameAs":["https:\/\/www.facebook.com\/profile.php?id=100008943462799","https:\/\/x.com\/bellunopress","https:\/\/www.linkedin.com\/hp\/?dnr=JBzUWaJfMUw8vbXJJ2tVW5-I3jZKvC4wsoxE&amp;amp;amp;amp;amp;amp;trk=nav_responsive_tab_home","https:\/\/www.youtube.com\/channel\/UCxL0wu1uN0_3_7hGG0306cw"]},{"@type":"Person","@id":"https:\/\/www.bellunopress.it\/#\/schema\/person\/79bb06722b37ece1c03d3e94beb30d73","name":"r\u00e9daction","image":{"@type":"ImageObject","inLanguage":"fr-FR","@id":"https:\/\/secure.gravatar.com\/avatar\/37d968a2e67a6fd04c169c4bdef102d0bc5d31b2546345219e348575eb80e9a0?s=96&d=mm&r=g","url":"https:\/\/secure.gravatar.com\/avatar\/37d968a2e67a6fd04c169c4bdef102d0bc5d31b2546345219e348575eb80e9a0?s=96&d=mm&r=g","contentUrl":"https:\/\/secure.gravatar.com\/avatar\/37d968a2e67a6fd04c169c4bdef102d0bc5d31b2546345219e348575eb80e9a0?s=96&d=mm&r=g","caption":"redazione"},"sameAs":["http:\/\/www.bellunopress.it","https:\/\/x.com\/bellunopress"],"url":"https:\/\/www.bellunopress.it\/fr\/author\/redazione\/"}]}},"_links":{"self":[{"href":"https:\/\/www.bellunopress.it\/fr\/wp-json\/wp\/v2\/posts\/18425","targetHints":{"allow":["GET"]}}],"collection":[{"href":"https:\/\/www.bellunopress.it\/fr\/wp-json\/wp\/v2\/posts"}],"about":[{"href":"https:\/\/www.bellunopress.it\/fr\/wp-json\/wp\/v2\/types\/post"}],"author":[{"embeddable":true,"href":"https:\/\/www.bellunopress.it\/fr\/wp-json\/wp\/v2\/users\/2"}],"replies":[{"embeddable":true,"href":"https:\/\/www.bellunopress.it\/fr\/wp-json\/wp\/v2\/comments?post=18425"}],"version-history":[{"count":3,"href":"https:\/\/www.bellunopress.it\/fr\/wp-json\/wp\/v2\/posts\/18425\/revisions"}],"predecessor-version":[{"id":18427,"href":"https:\/\/www.bellunopress.it\/fr\/wp-json\/wp\/v2\/posts\/18425\/revisions\/18427"}],"wp:attachment":[{"href":"https:\/\/www.bellunopress.it\/fr\/wp-json\/wp\/v2\/media?parent=18425"}],"wp:term":[{"taxonomy":"category","embeddable":true,"href":"https:\/\/www.bellunopress.it\/fr\/wp-json\/wp\/v2\/categories?post=18425"},{"taxonomy":"post_tag","embeddable":true,"href":"https:\/\/www.bellunopress.it\/fr\/wp-json\/wp\/v2\/tags?post=18425"}],"curies":[{"name":"wp","href":"https:\/\/api.w.org\/{rel}","templated":true}]}}