{"id":18423,"date":"2010-08-23T16:13:45","date_gmt":"2010-08-23T15:13:45","guid":{"rendered":"http:\/\/www.bellunopress.it\/?p=18423"},"modified":"2010-08-23T16:13:45","modified_gmt":"2010-08-23T15:13:45","slug":"%e2%80%9cgiro-d%e2%80%99italia%e2%80%9d-a-belluno-bottacin-%c2%abho-gia-coinvolto-la-regione%c2%bb","status":"publish","type":"post","link":"https:\/\/www.bellunopress.it\/fr\/2010\/08\/23\/%e2%80%9cgiro-d%e2%80%99italia%e2%80%9d-a-belluno-bottacin-%c2%abho-gia-coinvolto-la-regione%c2%bb\/","title":{"rendered":"\u201cGiro d\u2019Italia\u201d a Belluno? Bottacin: \u00abHo gi\u00e0 coinvolto la Regione\u00bb."},"content":{"rendered":"<figure id=\"attachment_17791\" aria-describedby=\"caption-attachment-17791\" style=\"width: 280px\" class=\"wp-caption alignleft\"><a href=\"http:\/\/www.bellunopress.it\/wp-content\/uploads\/2010\/08\/gianpaolo-bottacin-280x280.jpg\"><img loading=\"lazy\" decoding=\"async\" class=\"size-medium wp-image-17791\" title=\"gianpaolo-bottacin-280x280\" src=\"http:\/\/www.bellunopress.it\/wp-content\/uploads\/2010\/08\/gianpaolo-bottacin-280x280.jpg\" alt=\"Gianpaolo Bottacin\" width=\"280\" height=\"280\" srcset=\"https:\/\/www.bellunopress.it\/wp-content\/uploads\/2010\/08\/gianpaolo-bottacin-280x280.jpg 280w, https:\/\/www.bellunopress.it\/wp-content\/uploads\/2010\/08\/gianpaolo-bottacin-280x280-150x150.jpg 150w\" sizes=\"auto, (max-width: 280px) 100vw, 280px\" \/><\/a><figcaption id=\"caption-attachment-17791\" class=\"wp-caption-text\">Gianpaolo Bottacin<\/figcaption><\/figure>\n<p>Dopo il clamoroso equivoco dei finanziamenti per il traforo di Col Cavalier, il teatrino estivo\u00a0del centrodestra mette in scena il Giro d&#8217;Italia. \u00abSe Bond lo sostiene, vuol dire che non mancher\u00e0 di far arrivare i fondi necessari\u00bb. Gianpaolo Bottacin, presidente della Provincia di Belluno, sulla possibilit\u00e0 della rassegna nel territorio: \u00abIl \u201cGiro d\u2019Italia\u201d nel Bellunese? Gi\u00e0 da tempo ho scritto alla Regione per avviare il progetto: ora sono certo che Dario Bond lo sosterr\u00e0\u00bb. \u00abApprendo con soddisfazione che il consigliere regionale del Pdl, Dario Bond, sostiene la mia idea del possibile passaggio di un prossimo \u201cGiro d\u2019Italia\u201d nel Bellunese &#8211; ha commentato Bottacin &#8211; . Gi\u00e0 da tempo avevo scritto alla Regione Veneto presentando un progetto sviluppabile in quattro anni: in esso veniva ipotizzata anche una tappa a cronometro ed un arrivo (nel 2013) nel Comune di Longarone\u00bb.<br \/>\n\u00abAlcuni mesi fa, avevo gi\u00e0 chiesto ed ottenuto la disponibilit\u00e0 del patron della manifestazione ciclistica, Angelo Zomegnan, a sviluppare l\u2019idea &#8211; ha concluso il presidente &#8211; . A questo punto, sapere che anche il capogruppo regionale del Pdl sta dalla nostra parte non solo mi rassicura sul suo pieno appoggio, ma anche &#8211; alla luce delle sue recenti preoccupazioni sui fondi disponibili per le iniziative nel territorio &#8211; sulla certezza che i soldi per il Giro d\u2019Italia siano gi\u00e0 in cassa\u00bb.<\/p>","protected":false},"excerpt":{"rendered":"<p>Dopo il clamoroso equivoco dei finanziamenti per il traforo di Col Cavalier, il teatrino estivo\u00a0del centrodestra mette in scena il Giro d&#8217;Italia. \u00abSe Bond lo sostiene, vuol dire che non mancher\u00e0 di far arrivare i fondi necessari\u00bb. Gianpaolo Bottacin, presidente della Provincia di Belluno, sulla possibilit\u00e0 della rassegna nel territorio: \u00abIl \u201cGiro d\u2019Italia\u201d nel Bellunese? [&hellip;]<\/p>\n","protected":false},"author":2,"featured_media":0,"comment_status":"closed","ping_status":"open","sticky":false,"template":"","format":"standard","meta":{"footnotes":""},"categories":[5],"tags":[139],"class_list":["post-18423","post","type-post","status-publish","format-standard","category-cronaca","tag-belluno"],"yoast_head":"<!-- This site is optimized with the Yoast SEO plugin v28.4 - https:\/\/yoast.com\/product\/yoast-seo-wordpress\/ -->\n<title>\u201cGiro d\u2019Italia\u201d a Belluno? Bottacin: \u00abHo gi\u00e0 coinvolto la Regione\u00bb. - Bellunopress - Dolomiti<\/title>\n<meta name=\"robots\" content=\"index, follow, max-snippet:-1, max-image-preview:large, max-video-preview:-1\" \/>\n<link rel=\"canonical\" href=\"https:\/\/www.bellunopress.it\/fr\/2010\/08\/23\/\u201cgiro-d\u2019italia\u201d-a-belluno-bottacin-\u00abho-gia-coinvolto-la-regione\u00bb\/\" \/>\n<meta property=\"og:locale\" content=\"fr_FR\" \/>\n<meta property=\"og:type\" content=\"article\" \/>\n<meta property=\"og:title\" content=\"\u201cGiro d\u2019Italia\u201d a Belluno? Bottacin: \u00abHo gi\u00e0 coinvolto la Regione\u00bb. - Bellunopress - Dolomiti\" \/>\n<meta property=\"og:description\" content=\"Dopo il clamoroso equivoco dei finanziamenti per il traforo di Col Cavalier, il teatrino estivo\u00a0del centrodestra mette in scena il Giro d&#8217;Italia. \u00abSe Bond lo sostiene, vuol dire che non mancher\u00e0 di far arrivare i fondi necessari\u00bb. Gianpaolo Bottacin, presidente della Provincia di Belluno, sulla possibilit\u00e0 della rassegna nel territorio: \u00abIl \u201cGiro d\u2019Italia\u201d nel Bellunese? [&hellip;]\" \/>\n<meta property=\"og:url\" content=\"https:\/\/www.bellunopress.it\/fr\/2010\/08\/23\/\u201cgiro-d\u2019italia\u201d-a-belluno-bottacin-\u00abho-gia-coinvolto-la-regione\u00bb\/\" \/>\n<meta property=\"og:site_name\" content=\"Bellunopress - Dolomiti\" \/>\n<meta property=\"article:publisher\" content=\"https:\/\/www.facebook.com\/profile.php?id=100008943462799\" \/>\n<meta property=\"article:published_time\" content=\"2010-08-23T15:13:45+00:00\" \/>\n<meta property=\"og:image\" content=\"http:\/\/www.bellunopress.it\/wp-content\/uploads\/2010\/08\/gianpaolo-bottacin-280x280.jpg\" \/>\n<meta name=\"author\" content=\"redazione\" \/>\n<meta name=\"twitter:card\" content=\"summary_large_image\" \/>\n<meta name=\"twitter:creator\" content=\"@bellunopress\" \/>\n<meta name=\"twitter:site\" content=\"@bellunopress\" \/>\n<meta name=\"twitter:label1\" content=\"\u00c9crit par\" \/>\n\t<meta name=\"twitter:data1\" content=\"redazione\" \/>\n\t<meta name=\"twitter:label2\" content=\"Dur\u00e9e de lecture estim\u00e9e\" \/>\n\t<meta name=\"twitter:data2\" content=\"1 minute\" \/>\n<script type=\"application\/ld+json\" class=\"yoast-schema-graph\">{\"@context\":\"https:\\\/\\\/schema.org\",\"@graph\":[{\"@type\":\"Article\",\"@id\":\"https:\\\/\\\/www.bellunopress.it\\\/2010\\\/08\\\/23\\\/%e2%80%9cgiro-d%e2%80%99italia%e2%80%9d-a-belluno-bottacin-%c2%abho-gia-coinvolto-la-regione%c2%bb\\\/#article\",\"isPartOf\":{\"@id\":\"https:\\\/\\\/www.bellunopress.it\\\/2010\\\/08\\\/23\\\/%e2%80%9cgiro-d%e2%80%99italia%e2%80%9d-a-belluno-bottacin-%c2%abho-gia-coinvolto-la-regione%c2%bb\\\/\"},\"author\":{\"name\":\"redazione\",\"@id\":\"https:\\\/\\\/www.bellunopress.it\\\/#\\\/schema\\\/person\\\/79bb06722b37ece1c03d3e94beb30d73\"},\"headline\":\"\u201cGiro d\u2019Italia\u201d a Belluno? Bottacin: \u00abHo gi\u00e0 coinvolto la Regione\u00bb.\",\"datePublished\":\"2010-08-23T15:13:45+00:00\",\"mainEntityOfPage\":{\"@id\":\"https:\\\/\\\/www.bellunopress.it\\\/2010\\\/08\\\/23\\\/%e2%80%9cgiro-d%e2%80%99italia%e2%80%9d-a-belluno-bottacin-%c2%abho-gia-coinvolto-la-regione%c2%bb\\\/\"},\"wordCount\":243,\"publisher\":{\"@id\":\"https:\\\/\\\/www.bellunopress.it\\\/#organization\"},\"image\":{\"@id\":\"https:\\\/\\\/www.bellunopress.it\\\/2010\\\/08\\\/23\\\/%e2%80%9cgiro-d%e2%80%99italia%e2%80%9d-a-belluno-bottacin-%c2%abho-gia-coinvolto-la-regione%c2%bb\\\/#primaryimage\"},\"thumbnailUrl\":\"http:\\\/\\\/www.bellunopress.it\\\/wp-content\\\/uploads\\\/2010\\\/08\\\/gianpaolo-bottacin-280x280.jpg\",\"keywords\":[\"Belluno\"],\"articleSection\":[\"Cronaca\\\/Politica\"],\"inLanguage\":\"fr-FR\"},{\"@type\":\"WebPage\",\"@id\":\"https:\\\/\\\/www.bellunopress.it\\\/2010\\\/08\\\/23\\\/%e2%80%9cgiro-d%e2%80%99italia%e2%80%9d-a-belluno-bottacin-%c2%abho-gia-coinvolto-la-regione%c2%bb\\\/\",\"url\":\"https:\\\/\\\/www.bellunopress.it\\\/2010\\\/08\\\/23\\\/%e2%80%9cgiro-d%e2%80%99italia%e2%80%9d-a-belluno-bottacin-%c2%abho-gia-coinvolto-la-regione%c2%bb\\\/\",\"name\":\"\u201cGiro d\u2019Italia\u201d a Belluno? Bottacin: \u00abHo gi\u00e0 coinvolto la Regione\u00bb. - Bellunopress - Dolomiti\",\"isPartOf\":{\"@id\":\"https:\\\/\\\/www.bellunopress.it\\\/#website\"},\"primaryImageOfPage\":{\"@id\":\"https:\\\/\\\/www.bellunopress.it\\\/2010\\\/08\\\/23\\\/%e2%80%9cgiro-d%e2%80%99italia%e2%80%9d-a-belluno-bottacin-%c2%abho-gia-coinvolto-la-regione%c2%bb\\\/#primaryimage\"},\"image\":{\"@id\":\"https:\\\/\\\/www.bellunopress.it\\\/2010\\\/08\\\/23\\\/%e2%80%9cgiro-d%e2%80%99italia%e2%80%9d-a-belluno-bottacin-%c2%abho-gia-coinvolto-la-regione%c2%bb\\\/#primaryimage\"},\"thumbnailUrl\":\"http:\\\/\\\/www.bellunopress.it\\\/wp-content\\\/uploads\\\/2010\\\/08\\\/gianpaolo-bottacin-280x280.jpg\",\"datePublished\":\"2010-08-23T15:13:45+00:00\",\"breadcrumb\":{\"@id\":\"https:\\\/\\\/www.bellunopress.it\\\/2010\\\/08\\\/23\\\/%e2%80%9cgiro-d%e2%80%99italia%e2%80%9d-a-belluno-bottacin-%c2%abho-gia-coinvolto-la-regione%c2%bb\\\/#breadcrumb\"},\"inLanguage\":\"fr-FR\",\"potentialAction\":[{\"@type\":\"ReadAction\",\"target\":[\"https:\\\/\\\/www.bellunopress.it\\\/2010\\\/08\\\/23\\\/%e2%80%9cgiro-d%e2%80%99italia%e2%80%9d-a-belluno-bottacin-%c2%abho-gia-coinvolto-la-regione%c2%bb\\\/\"]}]},{\"@type\":\"ImageObject\",\"inLanguage\":\"fr-FR\",\"@id\":\"https:\\\/\\\/www.bellunopress.it\\\/2010\\\/08\\\/23\\\/%e2%80%9cgiro-d%e2%80%99italia%e2%80%9d-a-belluno-bottacin-%c2%abho-gia-coinvolto-la-regione%c2%bb\\\/#primaryimage\",\"url\":\"http:\\\/\\\/www.bellunopress.it\\\/wp-content\\\/uploads\\\/2010\\\/08\\\/gianpaolo-bottacin-280x280.jpg\",\"contentUrl\":\"http:\\\/\\\/www.bellunopress.it\\\/wp-content\\\/uploads\\\/2010\\\/08\\\/gianpaolo-bottacin-280x280.jpg\"},{\"@type\":\"BreadcrumbList\",\"@id\":\"https:\\\/\\\/www.bellunopress.it\\\/2010\\\/08\\\/23\\\/%e2%80%9cgiro-d%e2%80%99italia%e2%80%9d-a-belluno-bottacin-%c2%abho-gia-coinvolto-la-regione%c2%bb\\\/#breadcrumb\",\"itemListElement\":[{\"@type\":\"ListItem\",\"position\":1,\"name\":\"Home\",\"item\":\"https:\\\/\\\/www.bellunopress.it\\\/\"},{\"@type\":\"ListItem\",\"position\":2,\"name\":\"\u201cGiro d\u2019Italia\u201d a Belluno? Bottacin: \u00abHo gi\u00e0 coinvolto la Regione\u00bb.\"}]},{\"@type\":\"WebSite\",\"@id\":\"https:\\\/\\\/www.bellunopress.it\\\/#website\",\"url\":\"https:\\\/\\\/www.bellunopress.it\\\/\",\"name\":\"Bellunopress - Dolomiti\",\"description\":\"e-mail: redazione@bellunopress.it\",\"publisher\":{\"@id\":\"https:\\\/\\\/www.bellunopress.it\\\/#organization\"},\"potentialAction\":[{\"@type\":\"SearchAction\",\"target\":{\"@type\":\"EntryPoint\",\"urlTemplate\":\"https:\\\/\\\/www.bellunopress.it\\\/?s={search_term_string}\"},\"query-input\":{\"@type\":\"PropertyValueSpecification\",\"valueRequired\":true,\"valueName\":\"search_term_string\"}}],\"inLanguage\":\"fr-FR\"},{\"@type\":\"Organization\",\"@id\":\"https:\\\/\\\/www.bellunopress.it\\\/#organization\",\"name\":\"Bellunopress\",\"url\":\"https:\\\/\\\/www.bellunopress.it\\\/\",\"logo\":{\"@type\":\"ImageObject\",\"inLanguage\":\"fr-FR\",\"@id\":\"https:\\\/\\\/www.bellunopress.it\\\/#\\\/schema\\\/logo\\\/image\\\/\",\"url\":\"https:\\\/\\\/www.bellunopress.it\\\/wp-content\\\/uploads\\\/2011\\\/05\\\/cropped-logo-bellunopress-.jpg\",\"contentUrl\":\"https:\\\/\\\/www.bellunopress.it\\\/wp-content\\\/uploads\\\/2011\\\/05\\\/cropped-logo-bellunopress-.jpg\",\"width\":512,\"height\":512,\"caption\":\"Bellunopress\"},\"image\":{\"@id\":\"https:\\\/\\\/www.bellunopress.it\\\/#\\\/schema\\\/logo\\\/image\\\/\"},\"sameAs\":[\"https:\\\/\\\/www.facebook.com\\\/profile.php?id=100008943462799\",\"https:\\\/\\\/x.com\\\/bellunopress\",\"https:\\\/\\\/www.linkedin.com\\\/hp\\\/?dnr=JBzUWaJfMUw8vbXJJ2tVW5-I3jZKvC4wsoxE&amp;amp;amp;amp;amp;amp;trk=nav_responsive_tab_home\",\"https:\\\/\\\/www.youtube.com\\\/channel\\\/UCxL0wu1uN0_3_7hGG0306cw\"]},{\"@type\":\"Person\",\"@id\":\"https:\\\/\\\/www.bellunopress.it\\\/#\\\/schema\\\/person\\\/79bb06722b37ece1c03d3e94beb30d73\",\"name\":\"redazione\",\"image\":{\"@type\":\"ImageObject\",\"inLanguage\":\"fr-FR\",\"@id\":\"https:\\\/\\\/secure.gravatar.com\\\/avatar\\\/37d968a2e67a6fd04c169c4bdef102d0bc5d31b2546345219e348575eb80e9a0?s=96&d=mm&r=g\",\"url\":\"https:\\\/\\\/secure.gravatar.com\\\/avatar\\\/37d968a2e67a6fd04c169c4bdef102d0bc5d31b2546345219e348575eb80e9a0?s=96&d=mm&r=g\",\"contentUrl\":\"https:\\\/\\\/secure.gravatar.com\\\/avatar\\\/37d968a2e67a6fd04c169c4bdef102d0bc5d31b2546345219e348575eb80e9a0?s=96&d=mm&r=g\",\"caption\":\"redazione\"},\"sameAs\":[\"http:\\\/\\\/www.bellunopress.it\",\"https:\\\/\\\/x.com\\\/bellunopress\"],\"url\":\"https:\\\/\\\/www.bellunopress.it\\\/fr\\\/author\\\/redazione\\\/\"}]}<\/script>\n<!-- \/ Yoast SEO plugin. -->","yoast_head_json":{"title":"\u201cGiro d\u2019Italia\u201d a Belluno? Bottacin: \u00abHo gi\u00e0 coinvolto la Regione\u00bb. - Bellunopress - Dolomiti","robots":{"index":"index","follow":"follow","max-snippet":"max-snippet:-1","max-image-preview":"max-image-preview:large","max-video-preview":"max-video-preview:-1"},"canonical":"https:\/\/www.bellunopress.it\/fr\/2010\/08\/23\/\u201cgiro-d\u2019italia\u201d-a-belluno-bottacin-\u00abho-gia-coinvolto-la-regione\u00bb\/","og_locale":"fr_FR","og_type":"article","og_title":"\u201cGiro d\u2019Italia\u201d a Belluno? Bottacin: \u00abHo gi\u00e0 coinvolto la Regione\u00bb. - Bellunopress - Dolomiti","og_description":"Dopo il clamoroso equivoco dei finanziamenti per il traforo di Col Cavalier, il teatrino estivo\u00a0del centrodestra mette in scena il Giro d&#8217;Italia. \u00abSe Bond lo sostiene, vuol dire che non mancher\u00e0 di far arrivare i fondi necessari\u00bb. Gianpaolo Bottacin, presidente della Provincia di Belluno, sulla possibilit\u00e0 della rassegna nel territorio: \u00abIl \u201cGiro d\u2019Italia\u201d nel Bellunese? [&hellip;]","og_url":"https:\/\/www.bellunopress.it\/fr\/2010\/08\/23\/\u201cgiro-d\u2019italia\u201d-a-belluno-bottacin-\u00abho-gia-coinvolto-la-regione\u00bb\/","og_site_name":"Bellunopress - Dolomiti","article_publisher":"https:\/\/www.facebook.com\/profile.php?id=100008943462799","article_published_time":"2010-08-23T15:13:45+00:00","og_image":[{"url":"http:\/\/www.bellunopress.it\/wp-content\/uploads\/2010\/08\/gianpaolo-bottacin-280x280.jpg","type":"","width":"","height":""}],"author":"redazione","twitter_card":"summary_large_image","twitter_creator":"@bellunopress","twitter_site":"@bellunopress","twitter_misc":{"\u00c9crit par":"redazione","Dur\u00e9e de lecture estim\u00e9e":"1 minute"},"schema":{"@context":"https:\/\/schema.org","@graph":[{"@type":"Article","@id":"https:\/\/www.bellunopress.it\/2010\/08\/23\/%e2%80%9cgiro-d%e2%80%99italia%e2%80%9d-a-belluno-bottacin-%c2%abho-gia-coinvolto-la-regione%c2%bb\/#article","isPartOf":{"@id":"https:\/\/www.bellunopress.it\/2010\/08\/23\/%e2%80%9cgiro-d%e2%80%99italia%e2%80%9d-a-belluno-bottacin-%c2%abho-gia-coinvolto-la-regione%c2%bb\/"},"author":{"name":"redazione","@id":"https:\/\/www.bellunopress.it\/#\/schema\/person\/79bb06722b37ece1c03d3e94beb30d73"},"headline":"\u201cGiro d\u2019Italia\u201d a Belluno? Bottacin: \u00abHo gi\u00e0 coinvolto la Regione\u00bb.","datePublished":"2010-08-23T15:13:45+00:00","mainEntityOfPage":{"@id":"https:\/\/www.bellunopress.it\/2010\/08\/23\/%e2%80%9cgiro-d%e2%80%99italia%e2%80%9d-a-belluno-bottacin-%c2%abho-gia-coinvolto-la-regione%c2%bb\/"},"wordCount":243,"publisher":{"@id":"https:\/\/www.bellunopress.it\/#organization"},"image":{"@id":"https:\/\/www.bellunopress.it\/2010\/08\/23\/%e2%80%9cgiro-d%e2%80%99italia%e2%80%9d-a-belluno-bottacin-%c2%abho-gia-coinvolto-la-regione%c2%bb\/#primaryimage"},"thumbnailUrl":"http:\/\/www.bellunopress.it\/wp-content\/uploads\/2010\/08\/gianpaolo-bottacin-280x280.jpg","keywords":["Belluno"],"articleSection":["Cronaca\/Politica"],"inLanguage":"fr-FR"},{"@type":"WebPage","@id":"https:\/\/www.bellunopress.it\/2010\/08\/23\/%e2%80%9cgiro-d%e2%80%99italia%e2%80%9d-a-belluno-bottacin-%c2%abho-gia-coinvolto-la-regione%c2%bb\/","url":"https:\/\/www.bellunopress.it\/2010\/08\/23\/%e2%80%9cgiro-d%e2%80%99italia%e2%80%9d-a-belluno-bottacin-%c2%abho-gia-coinvolto-la-regione%c2%bb\/","name":"\u201cGiro d\u2019Italia\u201d a Belluno? Bottacin: \u00abHo gi\u00e0 coinvolto la Regione\u00bb. - Bellunopress - Dolomiti","isPartOf":{"@id":"https:\/\/www.bellunopress.it\/#website"},"primaryImageOfPage":{"@id":"https:\/\/www.bellunopress.it\/2010\/08\/23\/%e2%80%9cgiro-d%e2%80%99italia%e2%80%9d-a-belluno-bottacin-%c2%abho-gia-coinvolto-la-regione%c2%bb\/#primaryimage"},"image":{"@id":"https:\/\/www.bellunopress.it\/2010\/08\/23\/%e2%80%9cgiro-d%e2%80%99italia%e2%80%9d-a-belluno-bottacin-%c2%abho-gia-coinvolto-la-regione%c2%bb\/#primaryimage"},"thumbnailUrl":"http:\/\/www.bellunopress.it\/wp-content\/uploads\/2010\/08\/gianpaolo-bottacin-280x280.jpg","datePublished":"2010-08-23T15:13:45+00:00","breadcrumb":{"@id":"https:\/\/www.bellunopress.it\/2010\/08\/23\/%e2%80%9cgiro-d%e2%80%99italia%e2%80%9d-a-belluno-bottacin-%c2%abho-gia-coinvolto-la-regione%c2%bb\/#breadcrumb"},"inLanguage":"fr-FR","potentialAction":[{"@type":"ReadAction","target":["https:\/\/www.bellunopress.it\/2010\/08\/23\/%e2%80%9cgiro-d%e2%80%99italia%e2%80%9d-a-belluno-bottacin-%c2%abho-gia-coinvolto-la-regione%c2%bb\/"]}]},{"@type":"ImageObject","inLanguage":"fr-FR","@id":"https:\/\/www.bellunopress.it\/2010\/08\/23\/%e2%80%9cgiro-d%e2%80%99italia%e2%80%9d-a-belluno-bottacin-%c2%abho-gia-coinvolto-la-regione%c2%bb\/#primaryimage","url":"http:\/\/www.bellunopress.it\/wp-content\/uploads\/2010\/08\/gianpaolo-bottacin-280x280.jpg","contentUrl":"http:\/\/www.bellunopress.it\/wp-content\/uploads\/2010\/08\/gianpaolo-bottacin-280x280.jpg"},{"@type":"BreadcrumbList","@id":"https:\/\/www.bellunopress.it\/2010\/08\/23\/%e2%80%9cgiro-d%e2%80%99italia%e2%80%9d-a-belluno-bottacin-%c2%abho-gia-coinvolto-la-regione%c2%bb\/#breadcrumb","itemListElement":[{"@type":"ListItem","position":1,"name":"Home","item":"https:\/\/www.bellunopress.it\/"},{"@type":"ListItem","position":2,"name":"\u201cGiro d\u2019Italia\u201d a Belluno? Bottacin: \u00abHo gi\u00e0 coinvolto la Regione\u00bb."}]},{"@type":"WebSite","@id":"https:\/\/www.bellunopress.it\/#website","url":"https:\/\/www.bellunopress.it\/","name":"Bellunopress - Dolomiti","description":"e-mail: redazione@bellunopress.it","publisher":{"@id":"https:\/\/www.bellunopress.it\/#organization"},"potentialAction":[{"@type":"SearchAction","target":{"@type":"EntryPoint","urlTemplate":"https:\/\/www.bellunopress.it\/?s={search_term_string}"},"query-input":{"@type":"PropertyValueSpecification","valueRequired":true,"valueName":"search_term_string"}}],"inLanguage":"fr-FR"},{"@type":"Organization","@id":"https:\/\/www.bellunopress.it\/#organization","name":"Bellunopress","url":"https:\/\/www.bellunopress.it\/","logo":{"@type":"ImageObject","inLanguage":"fr-FR","@id":"https:\/\/www.bellunopress.it\/#\/schema\/logo\/image\/","url":"https:\/\/www.bellunopress.it\/wp-content\/uploads\/2011\/05\/cropped-logo-bellunopress-.jpg","contentUrl":"https:\/\/www.bellunopress.it\/wp-content\/uploads\/2011\/05\/cropped-logo-bellunopress-.jpg","width":512,"height":512,"caption":"Bellunopress"},"image":{"@id":"https:\/\/www.bellunopress.it\/#\/schema\/logo\/image\/"},"sameAs":["https:\/\/www.facebook.com\/profile.php?id=100008943462799","https:\/\/x.com\/bellunopress","https:\/\/www.linkedin.com\/hp\/?dnr=JBzUWaJfMUw8vbXJJ2tVW5-I3jZKvC4wsoxE&amp;amp;amp;amp;amp;amp;trk=nav_responsive_tab_home","https:\/\/www.youtube.com\/channel\/UCxL0wu1uN0_3_7hGG0306cw"]},{"@type":"Person","@id":"https:\/\/www.bellunopress.it\/#\/schema\/person\/79bb06722b37ece1c03d3e94beb30d73","name":"r\u00e9daction","image":{"@type":"ImageObject","inLanguage":"fr-FR","@id":"https:\/\/secure.gravatar.com\/avatar\/37d968a2e67a6fd04c169c4bdef102d0bc5d31b2546345219e348575eb80e9a0?s=96&d=mm&r=g","url":"https:\/\/secure.gravatar.com\/avatar\/37d968a2e67a6fd04c169c4bdef102d0bc5d31b2546345219e348575eb80e9a0?s=96&d=mm&r=g","contentUrl":"https:\/\/secure.gravatar.com\/avatar\/37d968a2e67a6fd04c169c4bdef102d0bc5d31b2546345219e348575eb80e9a0?s=96&d=mm&r=g","caption":"redazione"},"sameAs":["http:\/\/www.bellunopress.it","https:\/\/x.com\/bellunopress"],"url":"https:\/\/www.bellunopress.it\/fr\/author\/redazione\/"}]}},"_links":{"self":[{"href":"https:\/\/www.bellunopress.it\/fr\/wp-json\/wp\/v2\/posts\/18423","targetHints":{"allow":["GET"]}}],"collection":[{"href":"https:\/\/www.bellunopress.it\/fr\/wp-json\/wp\/v2\/posts"}],"about":[{"href":"https:\/\/www.bellunopress.it\/fr\/wp-json\/wp\/v2\/types\/post"}],"author":[{"embeddable":true,"href":"https:\/\/www.bellunopress.it\/fr\/wp-json\/wp\/v2\/users\/2"}],"replies":[{"embeddable":true,"href":"https:\/\/www.bellunopress.it\/fr\/wp-json\/wp\/v2\/comments?post=18423"}],"version-history":[{"count":1,"href":"https:\/\/www.bellunopress.it\/fr\/wp-json\/wp\/v2\/posts\/18423\/revisions"}],"predecessor-version":[{"id":18424,"href":"https:\/\/www.bellunopress.it\/fr\/wp-json\/wp\/v2\/posts\/18423\/revisions\/18424"}],"wp:attachment":[{"href":"https:\/\/www.bellunopress.it\/fr\/wp-json\/wp\/v2\/media?parent=18423"}],"wp:term":[{"taxonomy":"category","embeddable":true,"href":"https:\/\/www.bellunopress.it\/fr\/wp-json\/wp\/v2\/categories?post=18423"},{"taxonomy":"post_tag","embeddable":true,"href":"https:\/\/www.bellunopress.it\/fr\/wp-json\/wp\/v2\/tags?post=18423"}],"curies":[{"name":"wp","href":"https:\/\/api.w.org\/{rel}","templated":true}]}}