{"id":18421,"date":"2010-08-23T15:56:40","date_gmt":"2010-08-23T14:56:40","guid":{"rendered":"http:\/\/www.bellunopress.it\/?p=18421"},"modified":"2010-08-23T15:56:40","modified_gmt":"2010-08-23T14:56:40","slug":"bretella-autostradale-pianzano-zaia-dove-sono-quelli-che-dicevano-che-non-lavremmo-mai-fatta","status":"publish","type":"post","link":"https:\/\/www.bellunopress.it\/fr\/2010\/08\/23\/bretella-autostradale-pianzano-zaia-dove-sono-quelli-che-dicevano-che-non-lavremmo-mai-fatta\/","title":{"rendered":"Bretella autostradale Pianzano. Zaia: Dove sono quelli che dicevano che non l&#8217;avremmo mai fatta?"},"content":{"rendered":"<p><a href=\"http:\/\/www.bellunopress.it\/wp-content\/uploads\/2010\/02\/zaia.jpg\"><img loading=\"lazy\" decoding=\"async\" class=\"alignleft size-medium wp-image-12829\" title=\"zaia\" src=\"http:\/\/www.bellunopress.it\/wp-content\/uploads\/2010\/02\/zaia.jpg\" alt=\"\" width=\"270\" height=\"270\" srcset=\"https:\/\/www.bellunopress.it\/wp-content\/uploads\/2010\/02\/zaia.jpg 270w, https:\/\/www.bellunopress.it\/wp-content\/uploads\/2010\/02\/zaia-150x150.jpg 150w\" sizes=\"auto, (max-width: 270px) 100vw, 270px\" \/><\/a>\u201cOggi vedo centinaia di concittadini di Godega, li saluto e li ringrazio per essere qui con noi a festeggiare quest\u2019opera, anche se forse dovremmo solo scusarci con loro, sia pure per delle colpe che non abbiamo. Non vedo infatti nessuno di quelli che dicevano che mai questa strada sarebbe portata a termine. Mi chiedo dove sono. Mi sarei aspettato che venissero qui a chiedere loro scusa a cittadini, che hanno aspettato anni per avere questa strada. Be\u2019, eccoci qui, ad aprirla al traffico\u201d. Si \u00e8 voluto levare qualche sassolino dalla scarpe il presidente del Veneto Luca Zaia, intervenendo alla cerimonia inaugurale della Bretella di Pianzano.<br \/>\n\u201cNoi per quella gente siamo i devastatori \u2013 ha aggiunto Zaia \u2013 mentre avevamo una sola preoccupazione: realizzare le opere che servono per far muovere meglio le persone in sicurezza. A causa del mancato completamento dell\u2019A28 \u2013 ha ricordato \u2013 sono morte troppe persone sulla Pontebbana, che registra 7,29 incidenti al chilometro l\u2019anno. La pi\u00f9 grande offesa che certa gente ha fatto a tutti noi \u00e8 stata quella di aver sostenuto pubblicamente che raccontavamo le bugie\u201d. \u201cEcco perch\u00e9 oggi una rivoluzione la dobbiamo fare \u2013 ha detto Zaia \u2013 e chiediamo una regionalizzazione della legge obiettivo, chiediamo pieni poteri, per fare bene, presto, spendendo meglio e senza contenziosi. Non abbiamo avuto cause per gli espropri relativi a questa strada, non abbiamo avuto comitati contro, ma facinorosi che non volevano questa viabilit\u00e0\u201d.<br \/>\n\u201cRingrazio i cittadini per la pazienza, le imprese e tutti i lavoratori che hanno faticato per darci quest\u2019opera \u2013 ha concluso il presidente del Veneto \u2013 ora con questa strada completeremo il casello e finalmente avremo in questa zona una viabilit\u00e0 di collegamento ottimale con il Friuli Venezia Giulia\u201d.<\/p>","protected":false},"excerpt":{"rendered":"<p>\u201cOggi vedo centinaia di concittadini di Godega, li saluto e li ringrazio per essere qui con noi a festeggiare quest\u2019opera, anche se forse dovremmo solo scusarci con loro, sia pure per delle colpe che non abbiamo. Non vedo infatti nessuno di quelli che dicevano che mai questa strada sarebbe portata a termine. Mi chiedo dove [&hellip;]<\/p>\n","protected":false},"author":2,"featured_media":0,"comment_status":"closed","ping_status":"open","sticky":false,"template":"","format":"standard","meta":{"footnotes":""},"categories":[5,26],"tags":[139],"class_list":["post-18421","post","type-post","status-publish","format-standard","category-cronaca","category-prima-pagina","tag-belluno"],"yoast_head":"<!-- This site is optimized with the Yoast SEO plugin v28.4 - https:\/\/yoast.com\/product\/yoast-seo-wordpress\/ -->\n<title>Bretella autostradale Pianzano. Zaia: Dove sono quelli che dicevano che non l&#039;avremmo mai fatta? - Bellunopress - Dolomiti<\/title>\n<meta name=\"robots\" content=\"index, follow, max-snippet:-1, max-image-preview:large, max-video-preview:-1\" \/>\n<link rel=\"canonical\" href=\"https:\/\/www.bellunopress.it\/fr\/2010\/08\/23\/bretella-autostradale-pianzano-zaia-dove-sono-quelli-che-dicevano-che-non-lavremmo-mai-fatta\/\" \/>\n<meta property=\"og:locale\" content=\"fr_FR\" \/>\n<meta property=\"og:type\" content=\"article\" \/>\n<meta property=\"og:title\" content=\"Bretella autostradale Pianzano. Zaia: Dove sono quelli che dicevano che non l&#039;avremmo mai fatta? - Bellunopress - Dolomiti\" \/>\n<meta property=\"og:description\" content=\"\u201cOggi vedo centinaia di concittadini di Godega, li saluto e li ringrazio per essere qui con noi a festeggiare quest\u2019opera, anche se forse dovremmo solo scusarci con loro, sia pure per delle colpe che non abbiamo. Non vedo infatti nessuno di quelli che dicevano che mai questa strada sarebbe portata a termine. Mi chiedo dove [&hellip;]\" \/>\n<meta property=\"og:url\" content=\"https:\/\/www.bellunopress.it\/fr\/2010\/08\/23\/bretella-autostradale-pianzano-zaia-dove-sono-quelli-che-dicevano-che-non-lavremmo-mai-fatta\/\" \/>\n<meta property=\"og:site_name\" content=\"Bellunopress - Dolomiti\" \/>\n<meta property=\"article:publisher\" content=\"https:\/\/www.facebook.com\/profile.php?id=100008943462799\" \/>\n<meta property=\"article:published_time\" content=\"2010-08-23T14:56:40+00:00\" \/>\n<meta property=\"og:image\" content=\"http:\/\/www.bellunopress.it\/wp-content\/uploads\/2010\/02\/zaia.jpg\" \/>\n<meta name=\"author\" content=\"redazione\" \/>\n<meta name=\"twitter:card\" content=\"summary_large_image\" \/>\n<meta name=\"twitter:creator\" content=\"@bellunopress\" \/>\n<meta name=\"twitter:site\" content=\"@bellunopress\" \/>\n<meta name=\"twitter:label1\" content=\"\u00c9crit par\" \/>\n\t<meta name=\"twitter:data1\" content=\"redazione\" \/>\n\t<meta name=\"twitter:label2\" content=\"Dur\u00e9e de lecture estim\u00e9e\" \/>\n\t<meta name=\"twitter:data2\" content=\"1 minute\" \/>\n<script type=\"application\/ld+json\" class=\"yoast-schema-graph\">{\"@context\":\"https:\\\/\\\/schema.org\",\"@graph\":[{\"@type\":\"Article\",\"@id\":\"https:\\\/\\\/www.bellunopress.it\\\/2010\\\/08\\\/23\\\/bretella-autostradale-pianzano-zaia-dove-sono-quelli-che-dicevano-che-non-lavremmo-mai-fatta\\\/#article\",\"isPartOf\":{\"@id\":\"https:\\\/\\\/www.bellunopress.it\\\/2010\\\/08\\\/23\\\/bretella-autostradale-pianzano-zaia-dove-sono-quelli-che-dicevano-che-non-lavremmo-mai-fatta\\\/\"},\"author\":{\"name\":\"redazione\",\"@id\":\"https:\\\/\\\/www.bellunopress.it\\\/#\\\/schema\\\/person\\\/79bb06722b37ece1c03d3e94beb30d73\"},\"headline\":\"Bretella autostradale Pianzano. Zaia: Dove sono quelli che dicevano che non l&#8217;avremmo mai fatta?\",\"datePublished\":\"2010-08-23T14:56:40+00:00\",\"mainEntityOfPage\":{\"@id\":\"https:\\\/\\\/www.bellunopress.it\\\/2010\\\/08\\\/23\\\/bretella-autostradale-pianzano-zaia-dove-sono-quelli-che-dicevano-che-non-lavremmo-mai-fatta\\\/\"},\"wordCount\":293,\"publisher\":{\"@id\":\"https:\\\/\\\/www.bellunopress.it\\\/#organization\"},\"image\":{\"@id\":\"https:\\\/\\\/www.bellunopress.it\\\/2010\\\/08\\\/23\\\/bretella-autostradale-pianzano-zaia-dove-sono-quelli-che-dicevano-che-non-lavremmo-mai-fatta\\\/#primaryimage\"},\"thumbnailUrl\":\"http:\\\/\\\/www.bellunopress.it\\\/wp-content\\\/uploads\\\/2010\\\/02\\\/zaia.jpg\",\"keywords\":[\"Belluno\"],\"articleSection\":[\"Cronaca\\\/Politica\",\"Prima Pagina\"],\"inLanguage\":\"fr-FR\"},{\"@type\":\"WebPage\",\"@id\":\"https:\\\/\\\/www.bellunopress.it\\\/2010\\\/08\\\/23\\\/bretella-autostradale-pianzano-zaia-dove-sono-quelli-che-dicevano-che-non-lavremmo-mai-fatta\\\/\",\"url\":\"https:\\\/\\\/www.bellunopress.it\\\/2010\\\/08\\\/23\\\/bretella-autostradale-pianzano-zaia-dove-sono-quelli-che-dicevano-che-non-lavremmo-mai-fatta\\\/\",\"name\":\"Bretella autostradale Pianzano. Zaia: Dove sono quelli che dicevano che non l'avremmo mai fatta? - Bellunopress - Dolomiti\",\"isPartOf\":{\"@id\":\"https:\\\/\\\/www.bellunopress.it\\\/#website\"},\"primaryImageOfPage\":{\"@id\":\"https:\\\/\\\/www.bellunopress.it\\\/2010\\\/08\\\/23\\\/bretella-autostradale-pianzano-zaia-dove-sono-quelli-che-dicevano-che-non-lavremmo-mai-fatta\\\/#primaryimage\"},\"image\":{\"@id\":\"https:\\\/\\\/www.bellunopress.it\\\/2010\\\/08\\\/23\\\/bretella-autostradale-pianzano-zaia-dove-sono-quelli-che-dicevano-che-non-lavremmo-mai-fatta\\\/#primaryimage\"},\"thumbnailUrl\":\"http:\\\/\\\/www.bellunopress.it\\\/wp-content\\\/uploads\\\/2010\\\/02\\\/zaia.jpg\",\"datePublished\":\"2010-08-23T14:56:40+00:00\",\"breadcrumb\":{\"@id\":\"https:\\\/\\\/www.bellunopress.it\\\/2010\\\/08\\\/23\\\/bretella-autostradale-pianzano-zaia-dove-sono-quelli-che-dicevano-che-non-lavremmo-mai-fatta\\\/#breadcrumb\"},\"inLanguage\":\"fr-FR\",\"potentialAction\":[{\"@type\":\"ReadAction\",\"target\":[\"https:\\\/\\\/www.bellunopress.it\\\/2010\\\/08\\\/23\\\/bretella-autostradale-pianzano-zaia-dove-sono-quelli-che-dicevano-che-non-lavremmo-mai-fatta\\\/\"]}]},{\"@type\":\"ImageObject\",\"inLanguage\":\"fr-FR\",\"@id\":\"https:\\\/\\\/www.bellunopress.it\\\/2010\\\/08\\\/23\\\/bretella-autostradale-pianzano-zaia-dove-sono-quelli-che-dicevano-che-non-lavremmo-mai-fatta\\\/#primaryimage\",\"url\":\"http:\\\/\\\/www.bellunopress.it\\\/wp-content\\\/uploads\\\/2010\\\/02\\\/zaia.jpg\",\"contentUrl\":\"http:\\\/\\\/www.bellunopress.it\\\/wp-content\\\/uploads\\\/2010\\\/02\\\/zaia.jpg\"},{\"@type\":\"BreadcrumbList\",\"@id\":\"https:\\\/\\\/www.bellunopress.it\\\/2010\\\/08\\\/23\\\/bretella-autostradale-pianzano-zaia-dove-sono-quelli-che-dicevano-che-non-lavremmo-mai-fatta\\\/#breadcrumb\",\"itemListElement\":[{\"@type\":\"ListItem\",\"position\":1,\"name\":\"Home\",\"item\":\"https:\\\/\\\/www.bellunopress.it\\\/\"},{\"@type\":\"ListItem\",\"position\":2,\"name\":\"Bretella autostradale Pianzano. Zaia: Dove sono quelli che dicevano che non l&#8217;avremmo mai fatta?\"}]},{\"@type\":\"WebSite\",\"@id\":\"https:\\\/\\\/www.bellunopress.it\\\/#website\",\"url\":\"https:\\\/\\\/www.bellunopress.it\\\/\",\"name\":\"Bellunopress - Dolomiti\",\"description\":\"e-mail: redazione@bellunopress.it\",\"publisher\":{\"@id\":\"https:\\\/\\\/www.bellunopress.it\\\/#organization\"},\"potentialAction\":[{\"@type\":\"SearchAction\",\"target\":{\"@type\":\"EntryPoint\",\"urlTemplate\":\"https:\\\/\\\/www.bellunopress.it\\\/?s={search_term_string}\"},\"query-input\":{\"@type\":\"PropertyValueSpecification\",\"valueRequired\":true,\"valueName\":\"search_term_string\"}}],\"inLanguage\":\"fr-FR\"},{\"@type\":\"Organization\",\"@id\":\"https:\\\/\\\/www.bellunopress.it\\\/#organization\",\"name\":\"Bellunopress\",\"url\":\"https:\\\/\\\/www.bellunopress.it\\\/\",\"logo\":{\"@type\":\"ImageObject\",\"inLanguage\":\"fr-FR\",\"@id\":\"https:\\\/\\\/www.bellunopress.it\\\/#\\\/schema\\\/logo\\\/image\\\/\",\"url\":\"https:\\\/\\\/www.bellunopress.it\\\/wp-content\\\/uploads\\\/2011\\\/05\\\/cropped-logo-bellunopress-.jpg\",\"contentUrl\":\"https:\\\/\\\/www.bellunopress.it\\\/wp-content\\\/uploads\\\/2011\\\/05\\\/cropped-logo-bellunopress-.jpg\",\"width\":512,\"height\":512,\"caption\":\"Bellunopress\"},\"image\":{\"@id\":\"https:\\\/\\\/www.bellunopress.it\\\/#\\\/schema\\\/logo\\\/image\\\/\"},\"sameAs\":[\"https:\\\/\\\/www.facebook.com\\\/profile.php?id=100008943462799\",\"https:\\\/\\\/x.com\\\/bellunopress\",\"https:\\\/\\\/www.linkedin.com\\\/hp\\\/?dnr=JBzUWaJfMUw8vbXJJ2tVW5-I3jZKvC4wsoxE&amp;amp;amp;amp;amp;amp;trk=nav_responsive_tab_home\",\"https:\\\/\\\/www.youtube.com\\\/channel\\\/UCxL0wu1uN0_3_7hGG0306cw\"]},{\"@type\":\"Person\",\"@id\":\"https:\\\/\\\/www.bellunopress.it\\\/#\\\/schema\\\/person\\\/79bb06722b37ece1c03d3e94beb30d73\",\"name\":\"redazione\",\"image\":{\"@type\":\"ImageObject\",\"inLanguage\":\"fr-FR\",\"@id\":\"https:\\\/\\\/secure.gravatar.com\\\/avatar\\\/37d968a2e67a6fd04c169c4bdef102d0bc5d31b2546345219e348575eb80e9a0?s=96&d=mm&r=g\",\"url\":\"https:\\\/\\\/secure.gravatar.com\\\/avatar\\\/37d968a2e67a6fd04c169c4bdef102d0bc5d31b2546345219e348575eb80e9a0?s=96&d=mm&r=g\",\"contentUrl\":\"https:\\\/\\\/secure.gravatar.com\\\/avatar\\\/37d968a2e67a6fd04c169c4bdef102d0bc5d31b2546345219e348575eb80e9a0?s=96&d=mm&r=g\",\"caption\":\"redazione\"},\"sameAs\":[\"http:\\\/\\\/www.bellunopress.it\",\"https:\\\/\\\/x.com\\\/bellunopress\"],\"url\":\"https:\\\/\\\/www.bellunopress.it\\\/fr\\\/author\\\/redazione\\\/\"}]}<\/script>\n<!-- \/ Yoast SEO plugin. -->","yoast_head_json":{"title":"Bretella autostradale Pianzano. Zaia: Dove sono quelli che dicevano che non l'avremmo mai fatta? - Bellunopress - Dolomiti","robots":{"index":"index","follow":"follow","max-snippet":"max-snippet:-1","max-image-preview":"max-image-preview:large","max-video-preview":"max-video-preview:-1"},"canonical":"https:\/\/www.bellunopress.it\/fr\/2010\/08\/23\/bretella-autostradale-pianzano-zaia-dove-sono-quelli-che-dicevano-che-non-lavremmo-mai-fatta\/","og_locale":"fr_FR","og_type":"article","og_title":"Bretella autostradale Pianzano. Zaia: Dove sono quelli che dicevano che non l'avremmo mai fatta? - Bellunopress - Dolomiti","og_description":"\u201cOggi vedo centinaia di concittadini di Godega, li saluto e li ringrazio per essere qui con noi a festeggiare quest\u2019opera, anche se forse dovremmo solo scusarci con loro, sia pure per delle colpe che non abbiamo. Non vedo infatti nessuno di quelli che dicevano che mai questa strada sarebbe portata a termine. Mi chiedo dove [&hellip;]","og_url":"https:\/\/www.bellunopress.it\/fr\/2010\/08\/23\/bretella-autostradale-pianzano-zaia-dove-sono-quelli-che-dicevano-che-non-lavremmo-mai-fatta\/","og_site_name":"Bellunopress - Dolomiti","article_publisher":"https:\/\/www.facebook.com\/profile.php?id=100008943462799","article_published_time":"2010-08-23T14:56:40+00:00","og_image":[{"url":"http:\/\/www.bellunopress.it\/wp-content\/uploads\/2010\/02\/zaia.jpg","type":"","width":"","height":""}],"author":"redazione","twitter_card":"summary_large_image","twitter_creator":"@bellunopress","twitter_site":"@bellunopress","twitter_misc":{"\u00c9crit par":"redazione","Dur\u00e9e de lecture estim\u00e9e":"1 minute"},"schema":{"@context":"https:\/\/schema.org","@graph":[{"@type":"Article","@id":"https:\/\/www.bellunopress.it\/2010\/08\/23\/bretella-autostradale-pianzano-zaia-dove-sono-quelli-che-dicevano-che-non-lavremmo-mai-fatta\/#article","isPartOf":{"@id":"https:\/\/www.bellunopress.it\/2010\/08\/23\/bretella-autostradale-pianzano-zaia-dove-sono-quelli-che-dicevano-che-non-lavremmo-mai-fatta\/"},"author":{"name":"redazione","@id":"https:\/\/www.bellunopress.it\/#\/schema\/person\/79bb06722b37ece1c03d3e94beb30d73"},"headline":"Bretella autostradale Pianzano. Zaia: Dove sono quelli che dicevano che non l&#8217;avremmo mai fatta?","datePublished":"2010-08-23T14:56:40+00:00","mainEntityOfPage":{"@id":"https:\/\/www.bellunopress.it\/2010\/08\/23\/bretella-autostradale-pianzano-zaia-dove-sono-quelli-che-dicevano-che-non-lavremmo-mai-fatta\/"},"wordCount":293,"publisher":{"@id":"https:\/\/www.bellunopress.it\/#organization"},"image":{"@id":"https:\/\/www.bellunopress.it\/2010\/08\/23\/bretella-autostradale-pianzano-zaia-dove-sono-quelli-che-dicevano-che-non-lavremmo-mai-fatta\/#primaryimage"},"thumbnailUrl":"http:\/\/www.bellunopress.it\/wp-content\/uploads\/2010\/02\/zaia.jpg","keywords":["Belluno"],"articleSection":["Cronaca\/Politica","Prima Pagina"],"inLanguage":"fr-FR"},{"@type":"WebPage","@id":"https:\/\/www.bellunopress.it\/2010\/08\/23\/bretella-autostradale-pianzano-zaia-dove-sono-quelli-che-dicevano-che-non-lavremmo-mai-fatta\/","url":"https:\/\/www.bellunopress.it\/2010\/08\/23\/bretella-autostradale-pianzano-zaia-dove-sono-quelli-che-dicevano-che-non-lavremmo-mai-fatta\/","name":"Bretella autostradale Pianzano. Zaia: Dove sono quelli che dicevano che non l'avremmo mai fatta? - Bellunopress - Dolomiti","isPartOf":{"@id":"https:\/\/www.bellunopress.it\/#website"},"primaryImageOfPage":{"@id":"https:\/\/www.bellunopress.it\/2010\/08\/23\/bretella-autostradale-pianzano-zaia-dove-sono-quelli-che-dicevano-che-non-lavremmo-mai-fatta\/#primaryimage"},"image":{"@id":"https:\/\/www.bellunopress.it\/2010\/08\/23\/bretella-autostradale-pianzano-zaia-dove-sono-quelli-che-dicevano-che-non-lavremmo-mai-fatta\/#primaryimage"},"thumbnailUrl":"http:\/\/www.bellunopress.it\/wp-content\/uploads\/2010\/02\/zaia.jpg","datePublished":"2010-08-23T14:56:40+00:00","breadcrumb":{"@id":"https:\/\/www.bellunopress.it\/2010\/08\/23\/bretella-autostradale-pianzano-zaia-dove-sono-quelli-che-dicevano-che-non-lavremmo-mai-fatta\/#breadcrumb"},"inLanguage":"fr-FR","potentialAction":[{"@type":"ReadAction","target":["https:\/\/www.bellunopress.it\/2010\/08\/23\/bretella-autostradale-pianzano-zaia-dove-sono-quelli-che-dicevano-che-non-lavremmo-mai-fatta\/"]}]},{"@type":"ImageObject","inLanguage":"fr-FR","@id":"https:\/\/www.bellunopress.it\/2010\/08\/23\/bretella-autostradale-pianzano-zaia-dove-sono-quelli-che-dicevano-che-non-lavremmo-mai-fatta\/#primaryimage","url":"http:\/\/www.bellunopress.it\/wp-content\/uploads\/2010\/02\/zaia.jpg","contentUrl":"http:\/\/www.bellunopress.it\/wp-content\/uploads\/2010\/02\/zaia.jpg"},{"@type":"BreadcrumbList","@id":"https:\/\/www.bellunopress.it\/2010\/08\/23\/bretella-autostradale-pianzano-zaia-dove-sono-quelli-che-dicevano-che-non-lavremmo-mai-fatta\/#breadcrumb","itemListElement":[{"@type":"ListItem","position":1,"name":"Home","item":"https:\/\/www.bellunopress.it\/"},{"@type":"ListItem","position":2,"name":"Bretella autostradale Pianzano. Zaia: Dove sono quelli che dicevano che non l&#8217;avremmo mai fatta?"}]},{"@type":"WebSite","@id":"https:\/\/www.bellunopress.it\/#website","url":"https:\/\/www.bellunopress.it\/","name":"Bellunopress - Dolomiti","description":"e-mail: redazione@bellunopress.it","publisher":{"@id":"https:\/\/www.bellunopress.it\/#organization"},"potentialAction":[{"@type":"SearchAction","target":{"@type":"EntryPoint","urlTemplate":"https:\/\/www.bellunopress.it\/?s={search_term_string}"},"query-input":{"@type":"PropertyValueSpecification","valueRequired":true,"valueName":"search_term_string"}}],"inLanguage":"fr-FR"},{"@type":"Organization","@id":"https:\/\/www.bellunopress.it\/#organization","name":"Bellunopress","url":"https:\/\/www.bellunopress.it\/","logo":{"@type":"ImageObject","inLanguage":"fr-FR","@id":"https:\/\/www.bellunopress.it\/#\/schema\/logo\/image\/","url":"https:\/\/www.bellunopress.it\/wp-content\/uploads\/2011\/05\/cropped-logo-bellunopress-.jpg","contentUrl":"https:\/\/www.bellunopress.it\/wp-content\/uploads\/2011\/05\/cropped-logo-bellunopress-.jpg","width":512,"height":512,"caption":"Bellunopress"},"image":{"@id":"https:\/\/www.bellunopress.it\/#\/schema\/logo\/image\/"},"sameAs":["https:\/\/www.facebook.com\/profile.php?id=100008943462799","https:\/\/x.com\/bellunopress","https:\/\/www.linkedin.com\/hp\/?dnr=JBzUWaJfMUw8vbXJJ2tVW5-I3jZKvC4wsoxE&amp;amp;amp;amp;amp;amp;trk=nav_responsive_tab_home","https:\/\/www.youtube.com\/channel\/UCxL0wu1uN0_3_7hGG0306cw"]},{"@type":"Person","@id":"https:\/\/www.bellunopress.it\/#\/schema\/person\/79bb06722b37ece1c03d3e94beb30d73","name":"r\u00e9daction","image":{"@type":"ImageObject","inLanguage":"fr-FR","@id":"https:\/\/secure.gravatar.com\/avatar\/37d968a2e67a6fd04c169c4bdef102d0bc5d31b2546345219e348575eb80e9a0?s=96&d=mm&r=g","url":"https:\/\/secure.gravatar.com\/avatar\/37d968a2e67a6fd04c169c4bdef102d0bc5d31b2546345219e348575eb80e9a0?s=96&d=mm&r=g","contentUrl":"https:\/\/secure.gravatar.com\/avatar\/37d968a2e67a6fd04c169c4bdef102d0bc5d31b2546345219e348575eb80e9a0?s=96&d=mm&r=g","caption":"redazione"},"sameAs":["http:\/\/www.bellunopress.it","https:\/\/x.com\/bellunopress"],"url":"https:\/\/www.bellunopress.it\/fr\/author\/redazione\/"}]}},"_links":{"self":[{"href":"https:\/\/www.bellunopress.it\/fr\/wp-json\/wp\/v2\/posts\/18421","targetHints":{"allow":["GET"]}}],"collection":[{"href":"https:\/\/www.bellunopress.it\/fr\/wp-json\/wp\/v2\/posts"}],"about":[{"href":"https:\/\/www.bellunopress.it\/fr\/wp-json\/wp\/v2\/types\/post"}],"author":[{"embeddable":true,"href":"https:\/\/www.bellunopress.it\/fr\/wp-json\/wp\/v2\/users\/2"}],"replies":[{"embeddable":true,"href":"https:\/\/www.bellunopress.it\/fr\/wp-json\/wp\/v2\/comments?post=18421"}],"version-history":[{"count":1,"href":"https:\/\/www.bellunopress.it\/fr\/wp-json\/wp\/v2\/posts\/18421\/revisions"}],"predecessor-version":[{"id":18422,"href":"https:\/\/www.bellunopress.it\/fr\/wp-json\/wp\/v2\/posts\/18421\/revisions\/18422"}],"wp:attachment":[{"href":"https:\/\/www.bellunopress.it\/fr\/wp-json\/wp\/v2\/media?parent=18421"}],"wp:term":[{"taxonomy":"category","embeddable":true,"href":"https:\/\/www.bellunopress.it\/fr\/wp-json\/wp\/v2\/categories?post=18421"},{"taxonomy":"post_tag","embeddable":true,"href":"https:\/\/www.bellunopress.it\/fr\/wp-json\/wp\/v2\/tags?post=18421"}],"curies":[{"name":"wp","href":"https:\/\/api.w.org\/{rel}","templated":true}]}}