{"id":18396,"date":"2010-08-22T08:27:17","date_gmt":"2010-08-22T07:27:17","guid":{"rendered":"http:\/\/www.bellunopress.it\/?p=18396"},"modified":"2026-04-22T06:29:02","modified_gmt":"2026-04-22T04:29:02","slug":"gaetano-ferigo-quellindustriale-bellunese-che-nell800-combatte-per-litalia","status":"publish","type":"post","link":"https:\/\/www.bellunopress.it\/fr\/2010\/08\/22\/gaetano-ferigo-quellindustriale-bellunese-che-nell800-combatte-per-litalia\/","title":{"rendered":"Gaetano Ferigo, quell&#8217;industriale bellunese che nell&#8217;800 combatt\u00e9 per l&#8217;Italia"},"content":{"rendered":"<figure id=\"attachment_18400\" aria-describedby=\"caption-attachment-18400\" style=\"width: 208px\" class=\"wp-caption alignleft\"><a href=\"http:\/\/www.bellunopress.it\/wp-content\/uploads\/2010\/08\/gaetano-ferigo-1837-1909.jpg\"><img loading=\"lazy\" decoding=\"async\" class=\"size-medium wp-image-18400\" title=\"gaetano-ferigo-1837-1909\" src=\"http:\/\/www.bellunopress.it\/wp-content\/uploads\/2010\/08\/gaetano-ferigo-1837-1909.jpg\" alt=\"Gaetano Ferigo\" width=\"208\" height=\"290\" \/><\/a><figcaption id=\"caption-attachment-18400\" class=\"wp-caption-text\">Gaetano Ferigo<\/figcaption><\/figure>\n<p>Tra i documenti storici della Biblioteca Civica di Belluno, vi sono i verbali delle assemblee dei patrioti bellunesi dell\u2019800 che riportano i dati contabili ed i resoconti delle assemblee tenutesi dal 1896 al 1928 dal direttivo dell\u2019associazione. Sfogliando le pagine ingiallite dello storico documento, c&#8217;\u00e8 il nome di Ferdinando Massenz, nominato presidente del sodalizio nel 1905. Ebbene, c\u2019\u00e8 una storia che lega Massenz ad altri tre bellunesi, Federigo Cavessago, Gaetano Ferigo, ed un quarto uomo non identificato. I quattro amici riuscirono ad evadere dalle carceri cittadine, all\u2019epoca in cui Belluno era sotto il dominio austriaco, e a raggiungere l\u2019Appennino dove combatterono nelle Guerre d\u2019Indipendenza. Dopo l\u2019Unit\u00e0 d\u2019Italia, i quattro intrapresero strade diverse, ma giurarono di ritrovarsi ogni anno per festeggiare l\u2019evasione. Cosa che fecero puntualmente, sedendosi a tavola in una locanda del centro di Belluno (a fianco alla Cassa di Risparmio del Veneto dove oggi c&#8217;\u00e8 ancora un bar) davanti ad un piatto di minestrone e, quando andava bene, un arrosto di coniglio. Vi raccontiamo la storia di uno dei quattro, Gaetano Ferigo geniale artigiano e piccolo imprenditore, autore tra l&#8217;altro del portone in legno di Palazzo Rosso. Nato a Belluno nel 1837, Ferigo trascorre la sua giovinezza nel rumore delle rivoluzioni e delle battaglie, assimilando gli ideali di Patria e Libert\u00e0. E\u2019 tra i primi che nel 1859 corrono a cacciare gli austriaci dalla Lombardia e dal Veneto nella II Guerra d\u2019indipendenza. Arrestato \u00e8 tradotto di carcere in carcere fino a quello di Belluno, da dove riesce ad evadere con i due amici. Raggiunge quindi Bologna, pronto nuovamente a combattere per la Patria. Ma l\u201911 luglio del 1859 sopraggiunge l\u2019armistizio di Villafranca tra i due imperatori Napoleone III e Francesco Giuseppe, che lascia delusi i patrioti. Ferigo nel frattempo si arruola nell\u2019Esercito italiano e prende parte nel 1859 agli avamposti contro i papalini e sul Po fronteggia il ritorno delle truppe del Duca di Modena. Inquadrato nel 39mo Reggimento, partecipa alla Campagna delle Marche e dell\u2019Umbria del 1860-61, dando prova di coraggio e guadagnandosi una medaglia nella presa di Ancona. Nel gennaio del 1861 \u00e8 impegnato nell\u2019azione di repressione del brigantaggio ad Ascoli e nel combattimento di Mozzano \u00e8 fatto prigioniero insieme a Federico Cavessago e Ferdinando Massenz. Dopo 20 giorni di prigionia sfuggono alla fucilazione grazie all\u2019intervento delle truppe regolari dell\u2019Esercito a San Martino degli Abruzzi. Compiuta la ferma militare, per\u00f2, Gaetano Ferigo non pu\u00f2 far ritorno a Belluno perch\u00e9 la citt\u00e0 \u00e8 ancora dominata dagli Asburgo ed egli \u00e8 ancora ricercato come evaso.Rimane dunque a Piacenza, guadagnandosi da vivere come falegname. Qui conosce e sposa Ersilia Vandelli. E dopo il 1866, con la Pace di Vienna ed il plebiscito con cui Napoleone III consegna il Veneto all\u2019Italia, Ferigo pu\u00f2 finalmente ritornare a Belluno con la famiglia, proseguendo nella sua attivit\u00e0 di falegname. Nel 1873 apre a San Francesco un laboratorio per la lavorazione meccanica del legname ottenendo i primi riconoscimenti dalla Camera di Commercio di Belluno, poi dell\u2019Istituto Veneto di Scienze, Lettere e Arti che gli assegna il III premio in una gara fra industrie del Veneto. <a href=\"http:\/\/www.bellunopress.it\/wp-content\/uploads\/2010\/08\/ditta-gaetano-ferigo-1924.jpg\"><img loading=\"lazy\" decoding=\"async\" class=\"alignleft size-medium wp-image-18398\" title=\"ditta-gaetano-ferigo-1924\" src=\"http:\/\/www.bellunopress.it\/wp-content\/uploads\/2010\/08\/ditta-gaetano-ferigo-1924.jpg\" alt=\"\" width=\"193\" height=\"290\" \/><\/a>Nel 1884 trasferisce l\u2019opificio in locali pi\u00f9 ampi presso il Ponte nuovo sull\u2019Ardo, dove realizza su suo progetto un motore idraulico per la lavorazione del legno. Riesce ad abbinare la tecnologia moderna delle macchine all\u2019arte. I suoi parchetti di legno sono apprezzati ovunque per l\u2019originalit\u00e0 dei disegni, l\u2019armonica disposizione dei colori e la buona solidit\u00e0 di costruzione. All\u2019Esposizione di Belluno del 1895 gli viene assegnata la medaglia di bronzo. Premio che il Ferigo rifiuta, ritenendolo insufficiente alle sue aspettative. Non aveva torto. Infatti, all\u2019esposizione di Torino del 1898, il suo grande armadio da sala \u00e8 giudicato un capolavoro. Nel 1904, all\u2019Esposizione di Perugia, vince il Gran premio e la medaglia d\u2019oro. E l\u2019anno seguente, all\u2019Esposizione regionale delle Marche, tenutasi a Macerata, i suoi parchetti ottengono la medaglia d\u2019argento del Ministero dell\u2019Agricoltura industriale e del Commercio, ossia la pi\u00f9 alta onorificenza nel settore dell\u2019epoca. Alla sua morte, avvenuta all\u2019et\u00e0 di 72 anni, 300 famiglie bellunesi gli dedicarono il seguente epitaffio: \u201cCuore di patriota fervente, giovanetto ancora, varc\u00f2 il Po quando era delitto varcarlo, combatt\u00e9 da prode fra i volontari nel 1859, nella Milizia regolare nel 1860-61, contro i nemici esterni ed interni d\u2019Italia, soffrendo privazioni e carcere per la Patria diletta\u201d.<\/p>\n<p>Roberto De Nart<\/p>","protected":false},"excerpt":{"rendered":"<p>Tra i documenti storici della Biblioteca Civica di Belluno, vi sono i verbali delle assemblee dei patrioti bellunesi dell\u2019800 che riportano i dati contabili ed i resoconti delle assemblee tenutesi dal 1896 al 1928 dal direttivo dell\u2019associazione. Sfogliando le pagine ingiallite dello storico documento, c&#8217;\u00e8 il nome di Ferdinando Massenz, nominato presidente del sodalizio nel [&hellip;]<\/p>\n","protected":false},"author":2,"featured_media":0,"comment_status":"closed","ping_status":"open","sticky":false,"template":"","format":"standard","meta":{"footnotes":""},"categories":[49,26],"tags":[2155,2156],"class_list":["post-18396","post","type-post","status-publish","format-standard","category-speciali","category-prima-pagina","tag-gaetano-ferigo","tag-patriota"],"yoast_head":"<!-- This site is optimized with the Yoast SEO plugin v28.4 - https:\/\/yoast.com\/product\/yoast-seo-wordpress\/ -->\n<title>Gaetano Ferigo, quell&#039;industriale bellunese che nell&#039;800 combatt\u00e9 per l&#039;Italia - Bellunopress - Dolomiti<\/title>\n<meta name=\"robots\" content=\"index, follow, max-snippet:-1, max-image-preview:large, max-video-preview:-1\" \/>\n<link rel=\"canonical\" href=\"https:\/\/www.bellunopress.it\/fr\/2010\/08\/22\/gaetano-ferigo-quellindustriale-bellunese-che-nell800-combatte-per-litalia\/\" \/>\n<meta property=\"og:locale\" content=\"fr_FR\" \/>\n<meta property=\"og:type\" content=\"article\" \/>\n<meta property=\"og:title\" content=\"Gaetano Ferigo, quell&#039;industriale bellunese che nell&#039;800 combatt\u00e9 per l&#039;Italia - Bellunopress - Dolomiti\" \/>\n<meta property=\"og:description\" content=\"Tra i documenti storici della Biblioteca Civica di Belluno, vi sono i verbali delle assemblee dei patrioti bellunesi dell\u2019800 che riportano i dati contabili ed i resoconti delle assemblee tenutesi dal 1896 al 1928 dal direttivo dell\u2019associazione. Sfogliando le pagine ingiallite dello storico documento, c&#8217;\u00e8 il nome di Ferdinando Massenz, nominato presidente del sodalizio nel [&hellip;]\" \/>\n<meta property=\"og:url\" content=\"https:\/\/www.bellunopress.it\/fr\/2010\/08\/22\/gaetano-ferigo-quellindustriale-bellunese-che-nell800-combatte-per-litalia\/\" \/>\n<meta property=\"og:site_name\" content=\"Bellunopress - Dolomiti\" \/>\n<meta property=\"article:publisher\" content=\"https:\/\/www.facebook.com\/profile.php?id=100008943462799\" \/>\n<meta property=\"article:published_time\" content=\"2010-08-22T07:27:17+00:00\" \/>\n<meta property=\"article:modified_time\" content=\"2026-04-22T04:29:02+00:00\" \/>\n<meta property=\"og:image\" content=\"http:\/\/www.bellunopress.it\/wp-content\/uploads\/2010\/08\/gaetano-ferigo-1837-1909.jpg\" \/>\n<meta name=\"author\" content=\"redazione\" \/>\n<meta name=\"twitter:card\" content=\"summary_large_image\" \/>\n<meta name=\"twitter:creator\" content=\"@bellunopress\" \/>\n<meta name=\"twitter:site\" content=\"@bellunopress\" \/>\n<meta name=\"twitter:label1\" content=\"\u00c9crit par\" \/>\n\t<meta name=\"twitter:data1\" content=\"redazione\" \/>\n\t<meta name=\"twitter:label2\" content=\"Dur\u00e9e de lecture estim\u00e9e\" \/>\n\t<meta name=\"twitter:data2\" content=\"4 minutes\" \/>\n<script type=\"application\/ld+json\" class=\"yoast-schema-graph\">{\"@context\":\"https:\\\/\\\/schema.org\",\"@graph\":[{\"@type\":\"Article\",\"@id\":\"https:\\\/\\\/www.bellunopress.it\\\/2010\\\/08\\\/22\\\/gaetano-ferigo-quellindustriale-bellunese-che-nell800-combatte-per-litalia\\\/#article\",\"isPartOf\":{\"@id\":\"https:\\\/\\\/www.bellunopress.it\\\/2010\\\/08\\\/22\\\/gaetano-ferigo-quellindustriale-bellunese-che-nell800-combatte-per-litalia\\\/\"},\"author\":{\"name\":\"redazione\",\"@id\":\"https:\\\/\\\/www.bellunopress.it\\\/#\\\/schema\\\/person\\\/79bb06722b37ece1c03d3e94beb30d73\"},\"headline\":\"Gaetano Ferigo, quell&#8217;industriale bellunese che nell&#8217;800 combatt\u00e9 per l&#8217;Italia\",\"datePublished\":\"2010-08-22T07:27:17+00:00\",\"dateModified\":\"2026-04-22T04:29:02+00:00\",\"mainEntityOfPage\":{\"@id\":\"https:\\\/\\\/www.bellunopress.it\\\/2010\\\/08\\\/22\\\/gaetano-ferigo-quellindustriale-bellunese-che-nell800-combatte-per-litalia\\\/\"},\"wordCount\":743,\"publisher\":{\"@id\":\"https:\\\/\\\/www.bellunopress.it\\\/#organization\"},\"image\":{\"@id\":\"https:\\\/\\\/www.bellunopress.it\\\/2010\\\/08\\\/22\\\/gaetano-ferigo-quellindustriale-bellunese-che-nell800-combatte-per-litalia\\\/#primaryimage\"},\"thumbnailUrl\":\"http:\\\/\\\/www.bellunopress.it\\\/wp-content\\\/uploads\\\/2010\\\/08\\\/gaetano-ferigo-1837-1909.jpg\",\"keywords\":[\"Gaetano Ferigo\",\"patriota\"],\"articleSection\":[\"Gli speciali di Bellunopress\",\"Prima Pagina\"],\"inLanguage\":\"fr-FR\"},{\"@type\":\"WebPage\",\"@id\":\"https:\\\/\\\/www.bellunopress.it\\\/2010\\\/08\\\/22\\\/gaetano-ferigo-quellindustriale-bellunese-che-nell800-combatte-per-litalia\\\/\",\"url\":\"https:\\\/\\\/www.bellunopress.it\\\/2010\\\/08\\\/22\\\/gaetano-ferigo-quellindustriale-bellunese-che-nell800-combatte-per-litalia\\\/\",\"name\":\"Gaetano Ferigo, quell'industriale bellunese che nell'800 combatt\u00e9 per l'Italia - Bellunopress - Dolomiti\",\"isPartOf\":{\"@id\":\"https:\\\/\\\/www.bellunopress.it\\\/#website\"},\"primaryImageOfPage\":{\"@id\":\"https:\\\/\\\/www.bellunopress.it\\\/2010\\\/08\\\/22\\\/gaetano-ferigo-quellindustriale-bellunese-che-nell800-combatte-per-litalia\\\/#primaryimage\"},\"image\":{\"@id\":\"https:\\\/\\\/www.bellunopress.it\\\/2010\\\/08\\\/22\\\/gaetano-ferigo-quellindustriale-bellunese-che-nell800-combatte-per-litalia\\\/#primaryimage\"},\"thumbnailUrl\":\"http:\\\/\\\/www.bellunopress.it\\\/wp-content\\\/uploads\\\/2010\\\/08\\\/gaetano-ferigo-1837-1909.jpg\",\"datePublished\":\"2010-08-22T07:27:17+00:00\",\"dateModified\":\"2026-04-22T04:29:02+00:00\",\"breadcrumb\":{\"@id\":\"https:\\\/\\\/www.bellunopress.it\\\/2010\\\/08\\\/22\\\/gaetano-ferigo-quellindustriale-bellunese-che-nell800-combatte-per-litalia\\\/#breadcrumb\"},\"inLanguage\":\"fr-FR\",\"potentialAction\":[{\"@type\":\"ReadAction\",\"target\":[\"https:\\\/\\\/www.bellunopress.it\\\/2010\\\/08\\\/22\\\/gaetano-ferigo-quellindustriale-bellunese-che-nell800-combatte-per-litalia\\\/\"]}]},{\"@type\":\"ImageObject\",\"inLanguage\":\"fr-FR\",\"@id\":\"https:\\\/\\\/www.bellunopress.it\\\/2010\\\/08\\\/22\\\/gaetano-ferigo-quellindustriale-bellunese-che-nell800-combatte-per-litalia\\\/#primaryimage\",\"url\":\"http:\\\/\\\/www.bellunopress.it\\\/wp-content\\\/uploads\\\/2010\\\/08\\\/gaetano-ferigo-1837-1909.jpg\",\"contentUrl\":\"http:\\\/\\\/www.bellunopress.it\\\/wp-content\\\/uploads\\\/2010\\\/08\\\/gaetano-ferigo-1837-1909.jpg\"},{\"@type\":\"BreadcrumbList\",\"@id\":\"https:\\\/\\\/www.bellunopress.it\\\/2010\\\/08\\\/22\\\/gaetano-ferigo-quellindustriale-bellunese-che-nell800-combatte-per-litalia\\\/#breadcrumb\",\"itemListElement\":[{\"@type\":\"ListItem\",\"position\":1,\"name\":\"Home\",\"item\":\"https:\\\/\\\/www.bellunopress.it\\\/\"},{\"@type\":\"ListItem\",\"position\":2,\"name\":\"Gaetano Ferigo, quell&#8217;industriale bellunese che nell&#8217;800 combatt\u00e9 per l&#8217;Italia\"}]},{\"@type\":\"WebSite\",\"@id\":\"https:\\\/\\\/www.bellunopress.it\\\/#website\",\"url\":\"https:\\\/\\\/www.bellunopress.it\\\/\",\"name\":\"Bellunopress - Dolomiti\",\"description\":\"e-mail: redazione@bellunopress.it\",\"publisher\":{\"@id\":\"https:\\\/\\\/www.bellunopress.it\\\/#organization\"},\"potentialAction\":[{\"@type\":\"SearchAction\",\"target\":{\"@type\":\"EntryPoint\",\"urlTemplate\":\"https:\\\/\\\/www.bellunopress.it\\\/?s={search_term_string}\"},\"query-input\":{\"@type\":\"PropertyValueSpecification\",\"valueRequired\":true,\"valueName\":\"search_term_string\"}}],\"inLanguage\":\"fr-FR\"},{\"@type\":\"Organization\",\"@id\":\"https:\\\/\\\/www.bellunopress.it\\\/#organization\",\"name\":\"Bellunopress\",\"url\":\"https:\\\/\\\/www.bellunopress.it\\\/\",\"logo\":{\"@type\":\"ImageObject\",\"inLanguage\":\"fr-FR\",\"@id\":\"https:\\\/\\\/www.bellunopress.it\\\/#\\\/schema\\\/logo\\\/image\\\/\",\"url\":\"https:\\\/\\\/www.bellunopress.it\\\/wp-content\\\/uploads\\\/2011\\\/05\\\/cropped-logo-bellunopress-.jpg\",\"contentUrl\":\"https:\\\/\\\/www.bellunopress.it\\\/wp-content\\\/uploads\\\/2011\\\/05\\\/cropped-logo-bellunopress-.jpg\",\"width\":512,\"height\":512,\"caption\":\"Bellunopress\"},\"image\":{\"@id\":\"https:\\\/\\\/www.bellunopress.it\\\/#\\\/schema\\\/logo\\\/image\\\/\"},\"sameAs\":[\"https:\\\/\\\/www.facebook.com\\\/profile.php?id=100008943462799\",\"https:\\\/\\\/x.com\\\/bellunopress\",\"https:\\\/\\\/www.linkedin.com\\\/hp\\\/?dnr=JBzUWaJfMUw8vbXJJ2tVW5-I3jZKvC4wsoxE&amp;amp;amp;amp;amp;amp;trk=nav_responsive_tab_home\",\"https:\\\/\\\/www.youtube.com\\\/channel\\\/UCxL0wu1uN0_3_7hGG0306cw\"]},{\"@type\":\"Person\",\"@id\":\"https:\\\/\\\/www.bellunopress.it\\\/#\\\/schema\\\/person\\\/79bb06722b37ece1c03d3e94beb30d73\",\"name\":\"redazione\",\"image\":{\"@type\":\"ImageObject\",\"inLanguage\":\"fr-FR\",\"@id\":\"https:\\\/\\\/secure.gravatar.com\\\/avatar\\\/37d968a2e67a6fd04c169c4bdef102d0bc5d31b2546345219e348575eb80e9a0?s=96&d=mm&r=g\",\"url\":\"https:\\\/\\\/secure.gravatar.com\\\/avatar\\\/37d968a2e67a6fd04c169c4bdef102d0bc5d31b2546345219e348575eb80e9a0?s=96&d=mm&r=g\",\"contentUrl\":\"https:\\\/\\\/secure.gravatar.com\\\/avatar\\\/37d968a2e67a6fd04c169c4bdef102d0bc5d31b2546345219e348575eb80e9a0?s=96&d=mm&r=g\",\"caption\":\"redazione\"},\"sameAs\":[\"http:\\\/\\\/www.bellunopress.it\",\"https:\\\/\\\/x.com\\\/bellunopress\"],\"url\":\"https:\\\/\\\/www.bellunopress.it\\\/fr\\\/author\\\/redazione\\\/\"}]}<\/script>\n<!-- \/ Yoast SEO plugin. -->","yoast_head_json":{"title":"Gaetano Ferigo, quell'industriale bellunese che nell'800 combatt\u00e9 per l'Italia - Bellunopress - Dolomiti","robots":{"index":"index","follow":"follow","max-snippet":"max-snippet:-1","max-image-preview":"max-image-preview:large","max-video-preview":"max-video-preview:-1"},"canonical":"https:\/\/www.bellunopress.it\/fr\/2010\/08\/22\/gaetano-ferigo-quellindustriale-bellunese-che-nell800-combatte-per-litalia\/","og_locale":"fr_FR","og_type":"article","og_title":"Gaetano Ferigo, quell'industriale bellunese che nell'800 combatt\u00e9 per l'Italia - Bellunopress - Dolomiti","og_description":"Tra i documenti storici della Biblioteca Civica di Belluno, vi sono i verbali delle assemblee dei patrioti bellunesi dell\u2019800 che riportano i dati contabili ed i resoconti delle assemblee tenutesi dal 1896 al 1928 dal direttivo dell\u2019associazione. Sfogliando le pagine ingiallite dello storico documento, c&#8217;\u00e8 il nome di Ferdinando Massenz, nominato presidente del sodalizio nel [&hellip;]","og_url":"https:\/\/www.bellunopress.it\/fr\/2010\/08\/22\/gaetano-ferigo-quellindustriale-bellunese-che-nell800-combatte-per-litalia\/","og_site_name":"Bellunopress - Dolomiti","article_publisher":"https:\/\/www.facebook.com\/profile.php?id=100008943462799","article_published_time":"2010-08-22T07:27:17+00:00","article_modified_time":"2026-04-22T04:29:02+00:00","og_image":[{"url":"http:\/\/www.bellunopress.it\/wp-content\/uploads\/2010\/08\/gaetano-ferigo-1837-1909.jpg","type":"","width":"","height":""}],"author":"redazione","twitter_card":"summary_large_image","twitter_creator":"@bellunopress","twitter_site":"@bellunopress","twitter_misc":{"\u00c9crit par":"redazione","Dur\u00e9e de lecture estim\u00e9e":"4 minutes"},"schema":{"@context":"https:\/\/schema.org","@graph":[{"@type":"Article","@id":"https:\/\/www.bellunopress.it\/2010\/08\/22\/gaetano-ferigo-quellindustriale-bellunese-che-nell800-combatte-per-litalia\/#article","isPartOf":{"@id":"https:\/\/www.bellunopress.it\/2010\/08\/22\/gaetano-ferigo-quellindustriale-bellunese-che-nell800-combatte-per-litalia\/"},"author":{"name":"redazione","@id":"https:\/\/www.bellunopress.it\/#\/schema\/person\/79bb06722b37ece1c03d3e94beb30d73"},"headline":"Gaetano Ferigo, quell&#8217;industriale bellunese che nell&#8217;800 combatt\u00e9 per l&#8217;Italia","datePublished":"2010-08-22T07:27:17+00:00","dateModified":"2026-04-22T04:29:02+00:00","mainEntityOfPage":{"@id":"https:\/\/www.bellunopress.it\/2010\/08\/22\/gaetano-ferigo-quellindustriale-bellunese-che-nell800-combatte-per-litalia\/"},"wordCount":743,"publisher":{"@id":"https:\/\/www.bellunopress.it\/#organization"},"image":{"@id":"https:\/\/www.bellunopress.it\/2010\/08\/22\/gaetano-ferigo-quellindustriale-bellunese-che-nell800-combatte-per-litalia\/#primaryimage"},"thumbnailUrl":"http:\/\/www.bellunopress.it\/wp-content\/uploads\/2010\/08\/gaetano-ferigo-1837-1909.jpg","keywords":["Gaetano Ferigo","patriota"],"articleSection":["Gli speciali di Bellunopress","Prima Pagina"],"inLanguage":"fr-FR"},{"@type":"WebPage","@id":"https:\/\/www.bellunopress.it\/2010\/08\/22\/gaetano-ferigo-quellindustriale-bellunese-che-nell800-combatte-per-litalia\/","url":"https:\/\/www.bellunopress.it\/2010\/08\/22\/gaetano-ferigo-quellindustriale-bellunese-che-nell800-combatte-per-litalia\/","name":"Gaetano Ferigo, quell'industriale bellunese che nell'800 combatt\u00e9 per l'Italia - Bellunopress - Dolomiti","isPartOf":{"@id":"https:\/\/www.bellunopress.it\/#website"},"primaryImageOfPage":{"@id":"https:\/\/www.bellunopress.it\/2010\/08\/22\/gaetano-ferigo-quellindustriale-bellunese-che-nell800-combatte-per-litalia\/#primaryimage"},"image":{"@id":"https:\/\/www.bellunopress.it\/2010\/08\/22\/gaetano-ferigo-quellindustriale-bellunese-che-nell800-combatte-per-litalia\/#primaryimage"},"thumbnailUrl":"http:\/\/www.bellunopress.it\/wp-content\/uploads\/2010\/08\/gaetano-ferigo-1837-1909.jpg","datePublished":"2010-08-22T07:27:17+00:00","dateModified":"2026-04-22T04:29:02+00:00","breadcrumb":{"@id":"https:\/\/www.bellunopress.it\/2010\/08\/22\/gaetano-ferigo-quellindustriale-bellunese-che-nell800-combatte-per-litalia\/#breadcrumb"},"inLanguage":"fr-FR","potentialAction":[{"@type":"ReadAction","target":["https:\/\/www.bellunopress.it\/2010\/08\/22\/gaetano-ferigo-quellindustriale-bellunese-che-nell800-combatte-per-litalia\/"]}]},{"@type":"ImageObject","inLanguage":"fr-FR","@id":"https:\/\/www.bellunopress.it\/2010\/08\/22\/gaetano-ferigo-quellindustriale-bellunese-che-nell800-combatte-per-litalia\/#primaryimage","url":"http:\/\/www.bellunopress.it\/wp-content\/uploads\/2010\/08\/gaetano-ferigo-1837-1909.jpg","contentUrl":"http:\/\/www.bellunopress.it\/wp-content\/uploads\/2010\/08\/gaetano-ferigo-1837-1909.jpg"},{"@type":"BreadcrumbList","@id":"https:\/\/www.bellunopress.it\/2010\/08\/22\/gaetano-ferigo-quellindustriale-bellunese-che-nell800-combatte-per-litalia\/#breadcrumb","itemListElement":[{"@type":"ListItem","position":1,"name":"Home","item":"https:\/\/www.bellunopress.it\/"},{"@type":"ListItem","position":2,"name":"Gaetano Ferigo, quell&#8217;industriale bellunese che nell&#8217;800 combatt\u00e9 per l&#8217;Italia"}]},{"@type":"WebSite","@id":"https:\/\/www.bellunopress.it\/#website","url":"https:\/\/www.bellunopress.it\/","name":"Bellunopress - Dolomiti","description":"e-mail: redazione@bellunopress.it","publisher":{"@id":"https:\/\/www.bellunopress.it\/#organization"},"potentialAction":[{"@type":"SearchAction","target":{"@type":"EntryPoint","urlTemplate":"https:\/\/www.bellunopress.it\/?s={search_term_string}"},"query-input":{"@type":"PropertyValueSpecification","valueRequired":true,"valueName":"search_term_string"}}],"inLanguage":"fr-FR"},{"@type":"Organization","@id":"https:\/\/www.bellunopress.it\/#organization","name":"Bellunopress","url":"https:\/\/www.bellunopress.it\/","logo":{"@type":"ImageObject","inLanguage":"fr-FR","@id":"https:\/\/www.bellunopress.it\/#\/schema\/logo\/image\/","url":"https:\/\/www.bellunopress.it\/wp-content\/uploads\/2011\/05\/cropped-logo-bellunopress-.jpg","contentUrl":"https:\/\/www.bellunopress.it\/wp-content\/uploads\/2011\/05\/cropped-logo-bellunopress-.jpg","width":512,"height":512,"caption":"Bellunopress"},"image":{"@id":"https:\/\/www.bellunopress.it\/#\/schema\/logo\/image\/"},"sameAs":["https:\/\/www.facebook.com\/profile.php?id=100008943462799","https:\/\/x.com\/bellunopress","https:\/\/www.linkedin.com\/hp\/?dnr=JBzUWaJfMUw8vbXJJ2tVW5-I3jZKvC4wsoxE&amp;amp;amp;amp;amp;amp;trk=nav_responsive_tab_home","https:\/\/www.youtube.com\/channel\/UCxL0wu1uN0_3_7hGG0306cw"]},{"@type":"Person","@id":"https:\/\/www.bellunopress.it\/#\/schema\/person\/79bb06722b37ece1c03d3e94beb30d73","name":"r\u00e9daction","image":{"@type":"ImageObject","inLanguage":"fr-FR","@id":"https:\/\/secure.gravatar.com\/avatar\/37d968a2e67a6fd04c169c4bdef102d0bc5d31b2546345219e348575eb80e9a0?s=96&d=mm&r=g","url":"https:\/\/secure.gravatar.com\/avatar\/37d968a2e67a6fd04c169c4bdef102d0bc5d31b2546345219e348575eb80e9a0?s=96&d=mm&r=g","contentUrl":"https:\/\/secure.gravatar.com\/avatar\/37d968a2e67a6fd04c169c4bdef102d0bc5d31b2546345219e348575eb80e9a0?s=96&d=mm&r=g","caption":"redazione"},"sameAs":["http:\/\/www.bellunopress.it","https:\/\/x.com\/bellunopress"],"url":"https:\/\/www.bellunopress.it\/fr\/author\/redazione\/"}]}},"_links":{"self":[{"href":"https:\/\/www.bellunopress.it\/fr\/wp-json\/wp\/v2\/posts\/18396","targetHints":{"allow":["GET"]}}],"collection":[{"href":"https:\/\/www.bellunopress.it\/fr\/wp-json\/wp\/v2\/posts"}],"about":[{"href":"https:\/\/www.bellunopress.it\/fr\/wp-json\/wp\/v2\/types\/post"}],"author":[{"embeddable":true,"href":"https:\/\/www.bellunopress.it\/fr\/wp-json\/wp\/v2\/users\/2"}],"replies":[{"embeddable":true,"href":"https:\/\/www.bellunopress.it\/fr\/wp-json\/wp\/v2\/comments?post=18396"}],"version-history":[{"count":3,"href":"https:\/\/www.bellunopress.it\/fr\/wp-json\/wp\/v2\/posts\/18396\/revisions"}],"predecessor-version":[{"id":169363,"href":"https:\/\/www.bellunopress.it\/fr\/wp-json\/wp\/v2\/posts\/18396\/revisions\/169363"}],"wp:attachment":[{"href":"https:\/\/www.bellunopress.it\/fr\/wp-json\/wp\/v2\/media?parent=18396"}],"wp:term":[{"taxonomy":"category","embeddable":true,"href":"https:\/\/www.bellunopress.it\/fr\/wp-json\/wp\/v2\/categories?post=18396"},{"taxonomy":"post_tag","embeddable":true,"href":"https:\/\/www.bellunopress.it\/fr\/wp-json\/wp\/v2\/tags?post=18396"}],"curies":[{"name":"wp","href":"https:\/\/api.w.org\/{rel}","templated":true}]}}