{"id":18392,"date":"2010-08-21T23:33:11","date_gmt":"2010-08-21T22:33:11","guid":{"rendered":"http:\/\/www.bellunopress.it\/?p=18392"},"modified":"2010-08-21T14:37:47","modified_gmt":"2010-08-21T13:37:47","slug":"%e2%80%9cirriducibili-supporters-belluno%e2%80%9d-dona-un-pacco-alimentare-al-centro-servizi-alla-persona-di-ponte-nelle-alpi","status":"publish","type":"post","link":"https:\/\/www.bellunopress.it\/fr\/2010\/08\/21\/%e2%80%9cirriducibili-supporters-belluno%e2%80%9d-dona-un-pacco-alimentare-al-centro-servizi-alla-persona-di-ponte-nelle-alpi\/","title":{"rendered":"\u201cIrriducibili Supporters Belluno\u201d dona un pacco alimentare al Centro Servizi alla persona di Ponte nelle Alpi"},"content":{"rendered":"<p><a href=\"http:\/\/www.bellunopress.it\/wp-content\/uploads\/2010\/08\/pacco-dono-130x130.jpg\"><img loading=\"lazy\" decoding=\"async\" class=\"alignleft size-medium wp-image-18393\" title=\"pacco-dono-130x130\" src=\"http:\/\/www.bellunopress.it\/wp-content\/uploads\/2010\/08\/pacco-dono-130x130.jpg\" alt=\"\" width=\"130\" height=\"130\" \/><\/a>Un bel gesto di generosit\u00e0 da parte dei tifosi del Belluno, capeggiati dal pontalpino Ivo Salvador, che nei giorni scorsi hanno donato un pacco alimentare al centro servizi alla persona di Ponte nelle Alpi.\u00a0\u00a0Gli \u201cIrriducibili Belluno\u201d si erano aggiudicati il pacco per aver partecipato al Giro del Lago &#8211; il giorno di ferragosto &#8211; in qualit\u00e0 di gruppo pi\u00f9 numeroso con ben 350 iscritti.\u00a0\u00a0Da qui la decisione di devolverlo in beneficenza, come ormai da loro tradizione in questi ultimi anni.\u00a0\u00a0I servizi sociali di Ponte nelle Alpi lo metteranno a disposizione delle famiglie bisognose che vengono assistite, in alcuni casi, anche con la fornitura di generi alimentari.\u00a0\u00a0Da parte dell\u2019amministrazione comunale il ringraziamento agli amici tifosi del Belluno per questo dono.<\/p>","protected":false},"excerpt":{"rendered":"<p>Un bel gesto di generosit\u00e0 da parte dei tifosi del Belluno, capeggiati dal pontalpino Ivo Salvador, che nei giorni scorsi hanno donato un pacco alimentare al centro servizi alla persona di Ponte nelle Alpi.\u00a0\u00a0Gli \u201cIrriducibili Belluno\u201d si erano aggiudicati il pacco per aver partecipato al Giro del Lago &#8211; il giorno di ferragosto &#8211; in [&hellip;]<\/p>\n","protected":false},"author":2,"featured_media":0,"comment_status":"closed","ping_status":"open","sticky":false,"template":"","format":"standard","meta":{"footnotes":""},"categories":[5,26],"tags":[139],"class_list":["post-18392","post","type-post","status-publish","format-standard","category-cronaca","category-prima-pagina","tag-belluno"],"yoast_head":"<!-- This site is optimized with the Yoast SEO plugin v28.4 - https:\/\/yoast.com\/product\/yoast-seo-wordpress\/ -->\n<title>\u201cIrriducibili Supporters Belluno\u201d dona un pacco alimentare al Centro Servizi alla persona di Ponte nelle Alpi - Bellunopress - Dolomiti<\/title>\n<meta name=\"robots\" content=\"index, follow, max-snippet:-1, max-image-preview:large, max-video-preview:-1\" \/>\n<link rel=\"canonical\" href=\"https:\/\/www.bellunopress.it\/fr\/2010\/08\/21\/\u201cirriducibili-supporters-belluno\u201d-dona-un-pacco-alimentare-al-centro-servizi-alla-persona-di-ponte-nelle-alpi\/\" \/>\n<meta property=\"og:locale\" content=\"fr_FR\" \/>\n<meta property=\"og:type\" content=\"article\" \/>\n<meta property=\"og:title\" content=\"\u201cIrriducibili Supporters Belluno\u201d dona un pacco alimentare al Centro Servizi alla persona di Ponte nelle Alpi - Bellunopress - Dolomiti\" \/>\n<meta property=\"og:description\" content=\"Un bel gesto di generosit\u00e0 da parte dei tifosi del Belluno, capeggiati dal pontalpino Ivo Salvador, che nei giorni scorsi hanno donato un pacco alimentare al centro servizi alla persona di Ponte nelle Alpi.\u00a0\u00a0Gli \u201cIrriducibili Belluno\u201d si erano aggiudicati il pacco per aver partecipato al Giro del Lago &#8211; il giorno di ferragosto &#8211; in [&hellip;]\" \/>\n<meta property=\"og:url\" content=\"https:\/\/www.bellunopress.it\/fr\/2010\/08\/21\/\u201cirriducibili-supporters-belluno\u201d-dona-un-pacco-alimentare-al-centro-servizi-alla-persona-di-ponte-nelle-alpi\/\" \/>\n<meta property=\"og:site_name\" content=\"Bellunopress - Dolomiti\" \/>\n<meta property=\"article:publisher\" content=\"https:\/\/www.facebook.com\/profile.php?id=100008943462799\" \/>\n<meta property=\"article:published_time\" content=\"2010-08-21T22:33:11+00:00\" \/>\n<meta property=\"og:image\" content=\"http:\/\/www.bellunopress.it\/wp-content\/uploads\/2010\/08\/pacco-dono-130x130.jpg\" \/>\n<meta name=\"author\" content=\"redazione\" \/>\n<meta name=\"twitter:card\" content=\"summary_large_image\" \/>\n<meta name=\"twitter:creator\" content=\"@bellunopress\" \/>\n<meta name=\"twitter:site\" content=\"@bellunopress\" \/>\n<meta name=\"twitter:label1\" content=\"\u00c9crit par\" \/>\n\t<meta name=\"twitter:data1\" content=\"redazione\" \/>\n\t<meta name=\"twitter:label2\" content=\"Dur\u00e9e de lecture estim\u00e9e\" \/>\n\t<meta name=\"twitter:data2\" content=\"1 minute\" \/>\n<script type=\"application\/ld+json\" class=\"yoast-schema-graph\">{\"@context\":\"https:\\\/\\\/schema.org\",\"@graph\":[{\"@type\":\"Article\",\"@id\":\"https:\\\/\\\/www.bellunopress.it\\\/2010\\\/08\\\/21\\\/%e2%80%9cirriducibili-supporters-belluno%e2%80%9d-dona-un-pacco-alimentare-al-centro-servizi-alla-persona-di-ponte-nelle-alpi\\\/#article\",\"isPartOf\":{\"@id\":\"https:\\\/\\\/www.bellunopress.it\\\/2010\\\/08\\\/21\\\/%e2%80%9cirriducibili-supporters-belluno%e2%80%9d-dona-un-pacco-alimentare-al-centro-servizi-alla-persona-di-ponte-nelle-alpi\\\/\"},\"author\":{\"name\":\"redazione\",\"@id\":\"https:\\\/\\\/www.bellunopress.it\\\/#\\\/schema\\\/person\\\/79bb06722b37ece1c03d3e94beb30d73\"},\"headline\":\"\u201cIrriducibili Supporters Belluno\u201d dona un pacco alimentare al Centro Servizi alla persona di Ponte nelle Alpi\",\"datePublished\":\"2010-08-21T22:33:11+00:00\",\"mainEntityOfPage\":{\"@id\":\"https:\\\/\\\/www.bellunopress.it\\\/2010\\\/08\\\/21\\\/%e2%80%9cirriducibili-supporters-belluno%e2%80%9d-dona-un-pacco-alimentare-al-centro-servizi-alla-persona-di-ponte-nelle-alpi\\\/\"},\"wordCount\":139,\"publisher\":{\"@id\":\"https:\\\/\\\/www.bellunopress.it\\\/#organization\"},\"image\":{\"@id\":\"https:\\\/\\\/www.bellunopress.it\\\/2010\\\/08\\\/21\\\/%e2%80%9cirriducibili-supporters-belluno%e2%80%9d-dona-un-pacco-alimentare-al-centro-servizi-alla-persona-di-ponte-nelle-alpi\\\/#primaryimage\"},\"thumbnailUrl\":\"http:\\\/\\\/www.bellunopress.it\\\/wp-content\\\/uploads\\\/2010\\\/08\\\/pacco-dono-130x130.jpg\",\"keywords\":[\"Belluno\"],\"articleSection\":[\"Cronaca\\\/Politica\",\"Prima Pagina\"],\"inLanguage\":\"fr-FR\"},{\"@type\":\"WebPage\",\"@id\":\"https:\\\/\\\/www.bellunopress.it\\\/2010\\\/08\\\/21\\\/%e2%80%9cirriducibili-supporters-belluno%e2%80%9d-dona-un-pacco-alimentare-al-centro-servizi-alla-persona-di-ponte-nelle-alpi\\\/\",\"url\":\"https:\\\/\\\/www.bellunopress.it\\\/2010\\\/08\\\/21\\\/%e2%80%9cirriducibili-supporters-belluno%e2%80%9d-dona-un-pacco-alimentare-al-centro-servizi-alla-persona-di-ponte-nelle-alpi\\\/\",\"name\":\"\u201cIrriducibili Supporters Belluno\u201d dona un pacco alimentare al Centro Servizi alla persona di Ponte nelle Alpi - Bellunopress - Dolomiti\",\"isPartOf\":{\"@id\":\"https:\\\/\\\/www.bellunopress.it\\\/#website\"},\"primaryImageOfPage\":{\"@id\":\"https:\\\/\\\/www.bellunopress.it\\\/2010\\\/08\\\/21\\\/%e2%80%9cirriducibili-supporters-belluno%e2%80%9d-dona-un-pacco-alimentare-al-centro-servizi-alla-persona-di-ponte-nelle-alpi\\\/#primaryimage\"},\"image\":{\"@id\":\"https:\\\/\\\/www.bellunopress.it\\\/2010\\\/08\\\/21\\\/%e2%80%9cirriducibili-supporters-belluno%e2%80%9d-dona-un-pacco-alimentare-al-centro-servizi-alla-persona-di-ponte-nelle-alpi\\\/#primaryimage\"},\"thumbnailUrl\":\"http:\\\/\\\/www.bellunopress.it\\\/wp-content\\\/uploads\\\/2010\\\/08\\\/pacco-dono-130x130.jpg\",\"datePublished\":\"2010-08-21T22:33:11+00:00\",\"breadcrumb\":{\"@id\":\"https:\\\/\\\/www.bellunopress.it\\\/2010\\\/08\\\/21\\\/%e2%80%9cirriducibili-supporters-belluno%e2%80%9d-dona-un-pacco-alimentare-al-centro-servizi-alla-persona-di-ponte-nelle-alpi\\\/#breadcrumb\"},\"inLanguage\":\"fr-FR\",\"potentialAction\":[{\"@type\":\"ReadAction\",\"target\":[\"https:\\\/\\\/www.bellunopress.it\\\/2010\\\/08\\\/21\\\/%e2%80%9cirriducibili-supporters-belluno%e2%80%9d-dona-un-pacco-alimentare-al-centro-servizi-alla-persona-di-ponte-nelle-alpi\\\/\"]}]},{\"@type\":\"ImageObject\",\"inLanguage\":\"fr-FR\",\"@id\":\"https:\\\/\\\/www.bellunopress.it\\\/2010\\\/08\\\/21\\\/%e2%80%9cirriducibili-supporters-belluno%e2%80%9d-dona-un-pacco-alimentare-al-centro-servizi-alla-persona-di-ponte-nelle-alpi\\\/#primaryimage\",\"url\":\"http:\\\/\\\/www.bellunopress.it\\\/wp-content\\\/uploads\\\/2010\\\/08\\\/pacco-dono-130x130.jpg\",\"contentUrl\":\"http:\\\/\\\/www.bellunopress.it\\\/wp-content\\\/uploads\\\/2010\\\/08\\\/pacco-dono-130x130.jpg\"},{\"@type\":\"BreadcrumbList\",\"@id\":\"https:\\\/\\\/www.bellunopress.it\\\/2010\\\/08\\\/21\\\/%e2%80%9cirriducibili-supporters-belluno%e2%80%9d-dona-un-pacco-alimentare-al-centro-servizi-alla-persona-di-ponte-nelle-alpi\\\/#breadcrumb\",\"itemListElement\":[{\"@type\":\"ListItem\",\"position\":1,\"name\":\"Home\",\"item\":\"https:\\\/\\\/www.bellunopress.it\\\/\"},{\"@type\":\"ListItem\",\"position\":2,\"name\":\"\u201cIrriducibili Supporters Belluno\u201d dona un pacco alimentare al Centro Servizi alla persona di Ponte nelle Alpi\"}]},{\"@type\":\"WebSite\",\"@id\":\"https:\\\/\\\/www.bellunopress.it\\\/#website\",\"url\":\"https:\\\/\\\/www.bellunopress.it\\\/\",\"name\":\"Bellunopress - Dolomiti\",\"description\":\"e-mail: redazione@bellunopress.it\",\"publisher\":{\"@id\":\"https:\\\/\\\/www.bellunopress.it\\\/#organization\"},\"potentialAction\":[{\"@type\":\"SearchAction\",\"target\":{\"@type\":\"EntryPoint\",\"urlTemplate\":\"https:\\\/\\\/www.bellunopress.it\\\/?s={search_term_string}\"},\"query-input\":{\"@type\":\"PropertyValueSpecification\",\"valueRequired\":true,\"valueName\":\"search_term_string\"}}],\"inLanguage\":\"fr-FR\"},{\"@type\":\"Organization\",\"@id\":\"https:\\\/\\\/www.bellunopress.it\\\/#organization\",\"name\":\"Bellunopress\",\"url\":\"https:\\\/\\\/www.bellunopress.it\\\/\",\"logo\":{\"@type\":\"ImageObject\",\"inLanguage\":\"fr-FR\",\"@id\":\"https:\\\/\\\/www.bellunopress.it\\\/#\\\/schema\\\/logo\\\/image\\\/\",\"url\":\"https:\\\/\\\/www.bellunopress.it\\\/wp-content\\\/uploads\\\/2011\\\/05\\\/cropped-logo-bellunopress-.jpg\",\"contentUrl\":\"https:\\\/\\\/www.bellunopress.it\\\/wp-content\\\/uploads\\\/2011\\\/05\\\/cropped-logo-bellunopress-.jpg\",\"width\":512,\"height\":512,\"caption\":\"Bellunopress\"},\"image\":{\"@id\":\"https:\\\/\\\/www.bellunopress.it\\\/#\\\/schema\\\/logo\\\/image\\\/\"},\"sameAs\":[\"https:\\\/\\\/www.facebook.com\\\/profile.php?id=100008943462799\",\"https:\\\/\\\/x.com\\\/bellunopress\",\"https:\\\/\\\/www.linkedin.com\\\/hp\\\/?dnr=JBzUWaJfMUw8vbXJJ2tVW5-I3jZKvC4wsoxE&amp;amp;amp;amp;amp;amp;trk=nav_responsive_tab_home\",\"https:\\\/\\\/www.youtube.com\\\/channel\\\/UCxL0wu1uN0_3_7hGG0306cw\"]},{\"@type\":\"Person\",\"@id\":\"https:\\\/\\\/www.bellunopress.it\\\/#\\\/schema\\\/person\\\/79bb06722b37ece1c03d3e94beb30d73\",\"name\":\"redazione\",\"image\":{\"@type\":\"ImageObject\",\"inLanguage\":\"fr-FR\",\"@id\":\"https:\\\/\\\/secure.gravatar.com\\\/avatar\\\/37d968a2e67a6fd04c169c4bdef102d0bc5d31b2546345219e348575eb80e9a0?s=96&d=mm&r=g\",\"url\":\"https:\\\/\\\/secure.gravatar.com\\\/avatar\\\/37d968a2e67a6fd04c169c4bdef102d0bc5d31b2546345219e348575eb80e9a0?s=96&d=mm&r=g\",\"contentUrl\":\"https:\\\/\\\/secure.gravatar.com\\\/avatar\\\/37d968a2e67a6fd04c169c4bdef102d0bc5d31b2546345219e348575eb80e9a0?s=96&d=mm&r=g\",\"caption\":\"redazione\"},\"sameAs\":[\"http:\\\/\\\/www.bellunopress.it\",\"https:\\\/\\\/x.com\\\/bellunopress\"],\"url\":\"https:\\\/\\\/www.bellunopress.it\\\/fr\\\/author\\\/redazione\\\/\"}]}<\/script>\n<!-- \/ Yoast SEO plugin. -->","yoast_head_json":{"title":"\u201cIrriducibili Supporters Belluno\u201d dona un pacco alimentare al Centro Servizi alla persona di Ponte nelle Alpi - Bellunopress - Dolomiti","robots":{"index":"index","follow":"follow","max-snippet":"max-snippet:-1","max-image-preview":"max-image-preview:large","max-video-preview":"max-video-preview:-1"},"canonical":"https:\/\/www.bellunopress.it\/fr\/2010\/08\/21\/\u201cirriducibili-supporters-belluno\u201d-dona-un-pacco-alimentare-al-centro-servizi-alla-persona-di-ponte-nelle-alpi\/","og_locale":"fr_FR","og_type":"article","og_title":"\u201cIrriducibili Supporters Belluno\u201d dona un pacco alimentare al Centro Servizi alla persona di Ponte nelle Alpi - Bellunopress - Dolomiti","og_description":"Un bel gesto di generosit\u00e0 da parte dei tifosi del Belluno, capeggiati dal pontalpino Ivo Salvador, che nei giorni scorsi hanno donato un pacco alimentare al centro servizi alla persona di Ponte nelle Alpi.\u00a0\u00a0Gli \u201cIrriducibili Belluno\u201d si erano aggiudicati il pacco per aver partecipato al Giro del Lago &#8211; il giorno di ferragosto &#8211; in [&hellip;]","og_url":"https:\/\/www.bellunopress.it\/fr\/2010\/08\/21\/\u201cirriducibili-supporters-belluno\u201d-dona-un-pacco-alimentare-al-centro-servizi-alla-persona-di-ponte-nelle-alpi\/","og_site_name":"Bellunopress - Dolomiti","article_publisher":"https:\/\/www.facebook.com\/profile.php?id=100008943462799","article_published_time":"2010-08-21T22:33:11+00:00","og_image":[{"url":"http:\/\/www.bellunopress.it\/wp-content\/uploads\/2010\/08\/pacco-dono-130x130.jpg","type":"","width":"","height":""}],"author":"redazione","twitter_card":"summary_large_image","twitter_creator":"@bellunopress","twitter_site":"@bellunopress","twitter_misc":{"\u00c9crit par":"redazione","Dur\u00e9e de lecture estim\u00e9e":"1 minute"},"schema":{"@context":"https:\/\/schema.org","@graph":[{"@type":"Article","@id":"https:\/\/www.bellunopress.it\/2010\/08\/21\/%e2%80%9cirriducibili-supporters-belluno%e2%80%9d-dona-un-pacco-alimentare-al-centro-servizi-alla-persona-di-ponte-nelle-alpi\/#article","isPartOf":{"@id":"https:\/\/www.bellunopress.it\/2010\/08\/21\/%e2%80%9cirriducibili-supporters-belluno%e2%80%9d-dona-un-pacco-alimentare-al-centro-servizi-alla-persona-di-ponte-nelle-alpi\/"},"author":{"name":"redazione","@id":"https:\/\/www.bellunopress.it\/#\/schema\/person\/79bb06722b37ece1c03d3e94beb30d73"},"headline":"\u201cIrriducibili Supporters Belluno\u201d dona un pacco alimentare al Centro Servizi alla persona di Ponte nelle Alpi","datePublished":"2010-08-21T22:33:11+00:00","mainEntityOfPage":{"@id":"https:\/\/www.bellunopress.it\/2010\/08\/21\/%e2%80%9cirriducibili-supporters-belluno%e2%80%9d-dona-un-pacco-alimentare-al-centro-servizi-alla-persona-di-ponte-nelle-alpi\/"},"wordCount":139,"publisher":{"@id":"https:\/\/www.bellunopress.it\/#organization"},"image":{"@id":"https:\/\/www.bellunopress.it\/2010\/08\/21\/%e2%80%9cirriducibili-supporters-belluno%e2%80%9d-dona-un-pacco-alimentare-al-centro-servizi-alla-persona-di-ponte-nelle-alpi\/#primaryimage"},"thumbnailUrl":"http:\/\/www.bellunopress.it\/wp-content\/uploads\/2010\/08\/pacco-dono-130x130.jpg","keywords":["Belluno"],"articleSection":["Cronaca\/Politica","Prima Pagina"],"inLanguage":"fr-FR"},{"@type":"WebPage","@id":"https:\/\/www.bellunopress.it\/2010\/08\/21\/%e2%80%9cirriducibili-supporters-belluno%e2%80%9d-dona-un-pacco-alimentare-al-centro-servizi-alla-persona-di-ponte-nelle-alpi\/","url":"https:\/\/www.bellunopress.it\/2010\/08\/21\/%e2%80%9cirriducibili-supporters-belluno%e2%80%9d-dona-un-pacco-alimentare-al-centro-servizi-alla-persona-di-ponte-nelle-alpi\/","name":"\u201cIrriducibili Supporters Belluno\u201d dona un pacco alimentare al Centro Servizi alla persona di Ponte nelle Alpi - Bellunopress - Dolomiti","isPartOf":{"@id":"https:\/\/www.bellunopress.it\/#website"},"primaryImageOfPage":{"@id":"https:\/\/www.bellunopress.it\/2010\/08\/21\/%e2%80%9cirriducibili-supporters-belluno%e2%80%9d-dona-un-pacco-alimentare-al-centro-servizi-alla-persona-di-ponte-nelle-alpi\/#primaryimage"},"image":{"@id":"https:\/\/www.bellunopress.it\/2010\/08\/21\/%e2%80%9cirriducibili-supporters-belluno%e2%80%9d-dona-un-pacco-alimentare-al-centro-servizi-alla-persona-di-ponte-nelle-alpi\/#primaryimage"},"thumbnailUrl":"http:\/\/www.bellunopress.it\/wp-content\/uploads\/2010\/08\/pacco-dono-130x130.jpg","datePublished":"2010-08-21T22:33:11+00:00","breadcrumb":{"@id":"https:\/\/www.bellunopress.it\/2010\/08\/21\/%e2%80%9cirriducibili-supporters-belluno%e2%80%9d-dona-un-pacco-alimentare-al-centro-servizi-alla-persona-di-ponte-nelle-alpi\/#breadcrumb"},"inLanguage":"fr-FR","potentialAction":[{"@type":"ReadAction","target":["https:\/\/www.bellunopress.it\/2010\/08\/21\/%e2%80%9cirriducibili-supporters-belluno%e2%80%9d-dona-un-pacco-alimentare-al-centro-servizi-alla-persona-di-ponte-nelle-alpi\/"]}]},{"@type":"ImageObject","inLanguage":"fr-FR","@id":"https:\/\/www.bellunopress.it\/2010\/08\/21\/%e2%80%9cirriducibili-supporters-belluno%e2%80%9d-dona-un-pacco-alimentare-al-centro-servizi-alla-persona-di-ponte-nelle-alpi\/#primaryimage","url":"http:\/\/www.bellunopress.it\/wp-content\/uploads\/2010\/08\/pacco-dono-130x130.jpg","contentUrl":"http:\/\/www.bellunopress.it\/wp-content\/uploads\/2010\/08\/pacco-dono-130x130.jpg"},{"@type":"BreadcrumbList","@id":"https:\/\/www.bellunopress.it\/2010\/08\/21\/%e2%80%9cirriducibili-supporters-belluno%e2%80%9d-dona-un-pacco-alimentare-al-centro-servizi-alla-persona-di-ponte-nelle-alpi\/#breadcrumb","itemListElement":[{"@type":"ListItem","position":1,"name":"Home","item":"https:\/\/www.bellunopress.it\/"},{"@type":"ListItem","position":2,"name":"\u201cIrriducibili Supporters Belluno\u201d dona un pacco alimentare al Centro Servizi alla persona di Ponte nelle Alpi"}]},{"@type":"WebSite","@id":"https:\/\/www.bellunopress.it\/#website","url":"https:\/\/www.bellunopress.it\/","name":"Bellunopress - Dolomiti","description":"e-mail: redazione@bellunopress.it","publisher":{"@id":"https:\/\/www.bellunopress.it\/#organization"},"potentialAction":[{"@type":"SearchAction","target":{"@type":"EntryPoint","urlTemplate":"https:\/\/www.bellunopress.it\/?s={search_term_string}"},"query-input":{"@type":"PropertyValueSpecification","valueRequired":true,"valueName":"search_term_string"}}],"inLanguage":"fr-FR"},{"@type":"Organization","@id":"https:\/\/www.bellunopress.it\/#organization","name":"Bellunopress","url":"https:\/\/www.bellunopress.it\/","logo":{"@type":"ImageObject","inLanguage":"fr-FR","@id":"https:\/\/www.bellunopress.it\/#\/schema\/logo\/image\/","url":"https:\/\/www.bellunopress.it\/wp-content\/uploads\/2011\/05\/cropped-logo-bellunopress-.jpg","contentUrl":"https:\/\/www.bellunopress.it\/wp-content\/uploads\/2011\/05\/cropped-logo-bellunopress-.jpg","width":512,"height":512,"caption":"Bellunopress"},"image":{"@id":"https:\/\/www.bellunopress.it\/#\/schema\/logo\/image\/"},"sameAs":["https:\/\/www.facebook.com\/profile.php?id=100008943462799","https:\/\/x.com\/bellunopress","https:\/\/www.linkedin.com\/hp\/?dnr=JBzUWaJfMUw8vbXJJ2tVW5-I3jZKvC4wsoxE&amp;amp;amp;amp;amp;amp;trk=nav_responsive_tab_home","https:\/\/www.youtube.com\/channel\/UCxL0wu1uN0_3_7hGG0306cw"]},{"@type":"Person","@id":"https:\/\/www.bellunopress.it\/#\/schema\/person\/79bb06722b37ece1c03d3e94beb30d73","name":"r\u00e9daction","image":{"@type":"ImageObject","inLanguage":"fr-FR","@id":"https:\/\/secure.gravatar.com\/avatar\/37d968a2e67a6fd04c169c4bdef102d0bc5d31b2546345219e348575eb80e9a0?s=96&d=mm&r=g","url":"https:\/\/secure.gravatar.com\/avatar\/37d968a2e67a6fd04c169c4bdef102d0bc5d31b2546345219e348575eb80e9a0?s=96&d=mm&r=g","contentUrl":"https:\/\/secure.gravatar.com\/avatar\/37d968a2e67a6fd04c169c4bdef102d0bc5d31b2546345219e348575eb80e9a0?s=96&d=mm&r=g","caption":"redazione"},"sameAs":["http:\/\/www.bellunopress.it","https:\/\/x.com\/bellunopress"],"url":"https:\/\/www.bellunopress.it\/fr\/author\/redazione\/"}]}},"_links":{"self":[{"href":"https:\/\/www.bellunopress.it\/fr\/wp-json\/wp\/v2\/posts\/18392","targetHints":{"allow":["GET"]}}],"collection":[{"href":"https:\/\/www.bellunopress.it\/fr\/wp-json\/wp\/v2\/posts"}],"about":[{"href":"https:\/\/www.bellunopress.it\/fr\/wp-json\/wp\/v2\/types\/post"}],"author":[{"embeddable":true,"href":"https:\/\/www.bellunopress.it\/fr\/wp-json\/wp\/v2\/users\/2"}],"replies":[{"embeddable":true,"href":"https:\/\/www.bellunopress.it\/fr\/wp-json\/wp\/v2\/comments?post=18392"}],"version-history":[{"count":1,"href":"https:\/\/www.bellunopress.it\/fr\/wp-json\/wp\/v2\/posts\/18392\/revisions"}],"predecessor-version":[{"id":18394,"href":"https:\/\/www.bellunopress.it\/fr\/wp-json\/wp\/v2\/posts\/18392\/revisions\/18394"}],"wp:attachment":[{"href":"https:\/\/www.bellunopress.it\/fr\/wp-json\/wp\/v2\/media?parent=18392"}],"wp:term":[{"taxonomy":"category","embeddable":true,"href":"https:\/\/www.bellunopress.it\/fr\/wp-json\/wp\/v2\/categories?post=18392"},{"taxonomy":"post_tag","embeddable":true,"href":"https:\/\/www.bellunopress.it\/fr\/wp-json\/wp\/v2\/tags?post=18392"}],"curies":[{"name":"wp","href":"https:\/\/api.w.org\/{rel}","templated":true}]}}