{"id":18384,"date":"2010-08-21T23:40:59","date_gmt":"2010-08-21T22:40:59","guid":{"rendered":"http:\/\/www.bellunopress.it\/?p=18384"},"modified":"2010-08-21T13:43:13","modified_gmt":"2010-08-21T12:43:13","slug":"le-polizie-stradali-europee-insieme-per-loperazione-%e2%80%9cspeed%e2%80%9d","status":"publish","type":"post","link":"https:\/\/www.bellunopress.it\/fr\/2010\/08\/21\/le-polizie-stradali-europee-insieme-per-loperazione-%e2%80%9cspeed%e2%80%9d\/","title":{"rendered":"Le polizie stradali europee insieme per l&#8217;Operazione \u201cSpeed\u201d"},"content":{"rendered":"<p><a href=\"http:\/\/www.bellunopress.it\/wp-content\/uploads\/2010\/05\/polizia-stradale-255x171.jpg\"><img loading=\"lazy\" decoding=\"async\" class=\"alignleft size-medium wp-image-15427\" title=\"polizia-stradale-255x171\" src=\"http:\/\/www.bellunopress.it\/wp-content\/uploads\/2010\/05\/polizia-stradale-255x171.jpg\" alt=\"\" width=\"255\" height=\"171\" \/><\/a>Il Network Europeo delle Polizie Stradali &#8220;TISPOL&#8221; ha programmato nel periodo dal 23 al 29 agosto 2010 1&#8217;effettuazione della campagna europea congiunta denominata &#8220;Speed&#8221; (Velocit\u00e0), TISPOL \u00e8 una rete di cooperazione tra le Polizie Stradali, nata nel 1996 sotto l&#8217;egida dell&#8217;Unione Europea, alla quale oggi aderiscono 29 Paesi europei, tra Stati Membri e Paesi appartenenti allo Spazio Comune dell&#8217;Unione, e nella quale l&#8217;Italia \u00e8 rappresentata dal Servizio Polizia Stradale del Ministero dell&#8217;Interno, L&#8217;Organizzazione intende sviluppare una cooperazione operativa tra le Polizie Stradali europee per ridurre il numero di vittime della strada e degli incidenti stradali, attraverso operazioni internazionali congiunte di contrasto delle violazioni e campagne &#8220;tematiche&#8221; in tutta Europa all&#8217;interno di specifiche aree strategiche. L&#8217;obiettivo \u00e8 quello di elevare gli standard di sicurezza stradale, armonizzando l&#8217;attivit\u00e0 di prevenzione, informazione e controllo, anche attraverso campagne e operazioni congiunte i cui risultati vengono poi monitorati dal Gruppo Operativo TISPOL. La prossima campagna congiunta \u00e8 quella denominata &#8220;Speed&#8221; (Velocit\u00e0), programmata nel periodo dal 23 al 29 agosto 2010, e il cui obiettivo \u00e8 di contrastare efficacemente, su tutte le arterie europee di grande viabilit\u00e0, il superamento dei limiti di velocit\u00e0 da parte dei conducenti dei veicoli a motore. A tal fine la Polizia Stradale ha predisposto sull&#8217;intero territorio nazionale l&#8217;effettuazione, per tutto il periodo in questione, sulle ventiquattrore, di mirati controlli con le apparecchiature speciali per il controllo della velocit\u00e0 quali &#8220;Autovelox&#8221; e &#8220;Telelaser&#8221;, nonch\u00e9 l&#8217;implementazione dei servizi con &#8220;Safety TUTOR&#8221; sulle arterie autostradali laddove \u00e8 installato ed attivo questo particolare sistema di rilevamento medio e puntuale della velocit\u00e0. I risultati, sia a livello nazionale che a livello europeo saranno resi noti il 6 settembre 2010.<\/p>","protected":false},"excerpt":{"rendered":"<p>Il Network Europeo delle Polizie Stradali &#8220;TISPOL&#8221; ha programmato nel periodo dal 23 al 29 agosto 2010 1&#8217;effettuazione della campagna europea congiunta denominata &#8220;Speed&#8221; (Velocit\u00e0), TISPOL \u00e8 una rete di cooperazione tra le Polizie Stradali, nata nel 1996 sotto l&#8217;egida dell&#8217;Unione Europea, alla quale oggi aderiscono 29 Paesi europei, tra Stati Membri e Paesi appartenenti [&hellip;]<\/p>\n","protected":false},"author":2,"featured_media":0,"comment_status":"closed","ping_status":"open","sticky":false,"template":"","format":"standard","meta":{"footnotes":""},"categories":[5,26],"tags":[139],"class_list":["post-18384","post","type-post","status-publish","format-standard","category-cronaca","category-prima-pagina","tag-belluno"],"yoast_head":"<!-- This site is optimized with the Yoast SEO plugin v28.4 - https:\/\/yoast.com\/product\/yoast-seo-wordpress\/ -->\n<title>Le polizie stradali europee insieme per l&#039;Operazione \u201cSpeed\u201d - Bellunopress - Dolomiti<\/title>\n<meta name=\"robots\" content=\"index, follow, max-snippet:-1, max-image-preview:large, max-video-preview:-1\" \/>\n<link rel=\"canonical\" href=\"https:\/\/www.bellunopress.it\/fr\/2010\/08\/21\/le-polizie-stradali-europee-insieme-per-loperazione-\u201cspeed\u201d\/\" \/>\n<meta property=\"og:locale\" content=\"fr_FR\" \/>\n<meta property=\"og:type\" content=\"article\" \/>\n<meta property=\"og:title\" content=\"Le polizie stradali europee insieme per l&#039;Operazione \u201cSpeed\u201d - Bellunopress - Dolomiti\" \/>\n<meta property=\"og:description\" content=\"Il Network Europeo delle Polizie Stradali &#8220;TISPOL&#8221; ha programmato nel periodo dal 23 al 29 agosto 2010 1&#8217;effettuazione della campagna europea congiunta denominata &#8220;Speed&#8221; (Velocit\u00e0), TISPOL \u00e8 una rete di cooperazione tra le Polizie Stradali, nata nel 1996 sotto l&#8217;egida dell&#8217;Unione Europea, alla quale oggi aderiscono 29 Paesi europei, tra Stati Membri e Paesi appartenenti [&hellip;]\" \/>\n<meta property=\"og:url\" content=\"https:\/\/www.bellunopress.it\/fr\/2010\/08\/21\/le-polizie-stradali-europee-insieme-per-loperazione-\u201cspeed\u201d\/\" \/>\n<meta property=\"og:site_name\" content=\"Bellunopress - Dolomiti\" \/>\n<meta property=\"article:publisher\" content=\"https:\/\/www.facebook.com\/profile.php?id=100008943462799\" \/>\n<meta property=\"article:published_time\" content=\"2010-08-21T22:40:59+00:00\" \/>\n<meta property=\"og:image\" content=\"http:\/\/www.bellunopress.it\/wp-content\/uploads\/2010\/05\/polizia-stradale-255x171.jpg\" \/>\n<meta name=\"author\" content=\"redazione\" \/>\n<meta name=\"twitter:card\" content=\"summary_large_image\" \/>\n<meta name=\"twitter:creator\" content=\"@bellunopress\" \/>\n<meta name=\"twitter:site\" content=\"@bellunopress\" \/>\n<meta name=\"twitter:label1\" content=\"\u00c9crit par\" \/>\n\t<meta name=\"twitter:data1\" content=\"redazione\" \/>\n\t<meta name=\"twitter:label2\" content=\"Dur\u00e9e de lecture estim\u00e9e\" \/>\n\t<meta name=\"twitter:data2\" content=\"1 minute\" \/>\n<script type=\"application\/ld+json\" class=\"yoast-schema-graph\">{\"@context\":\"https:\\\/\\\/schema.org\",\"@graph\":[{\"@type\":\"Article\",\"@id\":\"https:\\\/\\\/www.bellunopress.it\\\/2010\\\/08\\\/21\\\/le-polizie-stradali-europee-insieme-per-loperazione-%e2%80%9cspeed%e2%80%9d\\\/#article\",\"isPartOf\":{\"@id\":\"https:\\\/\\\/www.bellunopress.it\\\/2010\\\/08\\\/21\\\/le-polizie-stradali-europee-insieme-per-loperazione-%e2%80%9cspeed%e2%80%9d\\\/\"},\"author\":{\"name\":\"redazione\",\"@id\":\"https:\\\/\\\/www.bellunopress.it\\\/#\\\/schema\\\/person\\\/79bb06722b37ece1c03d3e94beb30d73\"},\"headline\":\"Le polizie stradali europee insieme per l&#8217;Operazione \u201cSpeed\u201d\",\"datePublished\":\"2010-08-21T22:40:59+00:00\",\"mainEntityOfPage\":{\"@id\":\"https:\\\/\\\/www.bellunopress.it\\\/2010\\\/08\\\/21\\\/le-polizie-stradali-europee-insieme-per-loperazione-%e2%80%9cspeed%e2%80%9d\\\/\"},\"wordCount\":278,\"publisher\":{\"@id\":\"https:\\\/\\\/www.bellunopress.it\\\/#organization\"},\"image\":{\"@id\":\"https:\\\/\\\/www.bellunopress.it\\\/2010\\\/08\\\/21\\\/le-polizie-stradali-europee-insieme-per-loperazione-%e2%80%9cspeed%e2%80%9d\\\/#primaryimage\"},\"thumbnailUrl\":\"http:\\\/\\\/www.bellunopress.it\\\/wp-content\\\/uploads\\\/2010\\\/05\\\/polizia-stradale-255x171.jpg\",\"keywords\":[\"Belluno\"],\"articleSection\":[\"Cronaca\\\/Politica\",\"Prima Pagina\"],\"inLanguage\":\"fr-FR\"},{\"@type\":\"WebPage\",\"@id\":\"https:\\\/\\\/www.bellunopress.it\\\/2010\\\/08\\\/21\\\/le-polizie-stradali-europee-insieme-per-loperazione-%e2%80%9cspeed%e2%80%9d\\\/\",\"url\":\"https:\\\/\\\/www.bellunopress.it\\\/2010\\\/08\\\/21\\\/le-polizie-stradali-europee-insieme-per-loperazione-%e2%80%9cspeed%e2%80%9d\\\/\",\"name\":\"Le polizie stradali europee insieme per l'Operazione \u201cSpeed\u201d - Bellunopress - Dolomiti\",\"isPartOf\":{\"@id\":\"https:\\\/\\\/www.bellunopress.it\\\/#website\"},\"primaryImageOfPage\":{\"@id\":\"https:\\\/\\\/www.bellunopress.it\\\/2010\\\/08\\\/21\\\/le-polizie-stradali-europee-insieme-per-loperazione-%e2%80%9cspeed%e2%80%9d\\\/#primaryimage\"},\"image\":{\"@id\":\"https:\\\/\\\/www.bellunopress.it\\\/2010\\\/08\\\/21\\\/le-polizie-stradali-europee-insieme-per-loperazione-%e2%80%9cspeed%e2%80%9d\\\/#primaryimage\"},\"thumbnailUrl\":\"http:\\\/\\\/www.bellunopress.it\\\/wp-content\\\/uploads\\\/2010\\\/05\\\/polizia-stradale-255x171.jpg\",\"datePublished\":\"2010-08-21T22:40:59+00:00\",\"breadcrumb\":{\"@id\":\"https:\\\/\\\/www.bellunopress.it\\\/2010\\\/08\\\/21\\\/le-polizie-stradali-europee-insieme-per-loperazione-%e2%80%9cspeed%e2%80%9d\\\/#breadcrumb\"},\"inLanguage\":\"fr-FR\",\"potentialAction\":[{\"@type\":\"ReadAction\",\"target\":[\"https:\\\/\\\/www.bellunopress.it\\\/2010\\\/08\\\/21\\\/le-polizie-stradali-europee-insieme-per-loperazione-%e2%80%9cspeed%e2%80%9d\\\/\"]}]},{\"@type\":\"ImageObject\",\"inLanguage\":\"fr-FR\",\"@id\":\"https:\\\/\\\/www.bellunopress.it\\\/2010\\\/08\\\/21\\\/le-polizie-stradali-europee-insieme-per-loperazione-%e2%80%9cspeed%e2%80%9d\\\/#primaryimage\",\"url\":\"http:\\\/\\\/www.bellunopress.it\\\/wp-content\\\/uploads\\\/2010\\\/05\\\/polizia-stradale-255x171.jpg\",\"contentUrl\":\"http:\\\/\\\/www.bellunopress.it\\\/wp-content\\\/uploads\\\/2010\\\/05\\\/polizia-stradale-255x171.jpg\"},{\"@type\":\"BreadcrumbList\",\"@id\":\"https:\\\/\\\/www.bellunopress.it\\\/2010\\\/08\\\/21\\\/le-polizie-stradali-europee-insieme-per-loperazione-%e2%80%9cspeed%e2%80%9d\\\/#breadcrumb\",\"itemListElement\":[{\"@type\":\"ListItem\",\"position\":1,\"name\":\"Home\",\"item\":\"https:\\\/\\\/www.bellunopress.it\\\/\"},{\"@type\":\"ListItem\",\"position\":2,\"name\":\"Le polizie stradali europee insieme per l&#8217;Operazione \u201cSpeed\u201d\"}]},{\"@type\":\"WebSite\",\"@id\":\"https:\\\/\\\/www.bellunopress.it\\\/#website\",\"url\":\"https:\\\/\\\/www.bellunopress.it\\\/\",\"name\":\"Bellunopress - Dolomiti\",\"description\":\"e-mail: redazione@bellunopress.it\",\"publisher\":{\"@id\":\"https:\\\/\\\/www.bellunopress.it\\\/#organization\"},\"potentialAction\":[{\"@type\":\"SearchAction\",\"target\":{\"@type\":\"EntryPoint\",\"urlTemplate\":\"https:\\\/\\\/www.bellunopress.it\\\/?s={search_term_string}\"},\"query-input\":{\"@type\":\"PropertyValueSpecification\",\"valueRequired\":true,\"valueName\":\"search_term_string\"}}],\"inLanguage\":\"fr-FR\"},{\"@type\":\"Organization\",\"@id\":\"https:\\\/\\\/www.bellunopress.it\\\/#organization\",\"name\":\"Bellunopress\",\"url\":\"https:\\\/\\\/www.bellunopress.it\\\/\",\"logo\":{\"@type\":\"ImageObject\",\"inLanguage\":\"fr-FR\",\"@id\":\"https:\\\/\\\/www.bellunopress.it\\\/#\\\/schema\\\/logo\\\/image\\\/\",\"url\":\"https:\\\/\\\/www.bellunopress.it\\\/wp-content\\\/uploads\\\/2011\\\/05\\\/cropped-logo-bellunopress-.jpg\",\"contentUrl\":\"https:\\\/\\\/www.bellunopress.it\\\/wp-content\\\/uploads\\\/2011\\\/05\\\/cropped-logo-bellunopress-.jpg\",\"width\":512,\"height\":512,\"caption\":\"Bellunopress\"},\"image\":{\"@id\":\"https:\\\/\\\/www.bellunopress.it\\\/#\\\/schema\\\/logo\\\/image\\\/\"},\"sameAs\":[\"https:\\\/\\\/www.facebook.com\\\/profile.php?id=100008943462799\",\"https:\\\/\\\/x.com\\\/bellunopress\",\"https:\\\/\\\/www.linkedin.com\\\/hp\\\/?dnr=JBzUWaJfMUw8vbXJJ2tVW5-I3jZKvC4wsoxE&amp;amp;amp;amp;amp;amp;trk=nav_responsive_tab_home\",\"https:\\\/\\\/www.youtube.com\\\/channel\\\/UCxL0wu1uN0_3_7hGG0306cw\"]},{\"@type\":\"Person\",\"@id\":\"https:\\\/\\\/www.bellunopress.it\\\/#\\\/schema\\\/person\\\/79bb06722b37ece1c03d3e94beb30d73\",\"name\":\"redazione\",\"image\":{\"@type\":\"ImageObject\",\"inLanguage\":\"fr-FR\",\"@id\":\"https:\\\/\\\/secure.gravatar.com\\\/avatar\\\/37d968a2e67a6fd04c169c4bdef102d0bc5d31b2546345219e348575eb80e9a0?s=96&d=mm&r=g\",\"url\":\"https:\\\/\\\/secure.gravatar.com\\\/avatar\\\/37d968a2e67a6fd04c169c4bdef102d0bc5d31b2546345219e348575eb80e9a0?s=96&d=mm&r=g\",\"contentUrl\":\"https:\\\/\\\/secure.gravatar.com\\\/avatar\\\/37d968a2e67a6fd04c169c4bdef102d0bc5d31b2546345219e348575eb80e9a0?s=96&d=mm&r=g\",\"caption\":\"redazione\"},\"sameAs\":[\"http:\\\/\\\/www.bellunopress.it\",\"https:\\\/\\\/x.com\\\/bellunopress\"],\"url\":\"https:\\\/\\\/www.bellunopress.it\\\/fr\\\/author\\\/redazione\\\/\"}]}<\/script>\n<!-- \/ Yoast SEO plugin. -->","yoast_head_json":{"title":"Le polizie stradali europee insieme per l'Operazione \u201cSpeed\u201d - Bellunopress - Dolomiti","robots":{"index":"index","follow":"follow","max-snippet":"max-snippet:-1","max-image-preview":"max-image-preview:large","max-video-preview":"max-video-preview:-1"},"canonical":"https:\/\/www.bellunopress.it\/fr\/2010\/08\/21\/le-polizie-stradali-europee-insieme-per-loperazione-\u201cspeed\u201d\/","og_locale":"fr_FR","og_type":"article","og_title":"Le polizie stradali europee insieme per l'Operazione \u201cSpeed\u201d - Bellunopress - Dolomiti","og_description":"Il Network Europeo delle Polizie Stradali &#8220;TISPOL&#8221; ha programmato nel periodo dal 23 al 29 agosto 2010 1&#8217;effettuazione della campagna europea congiunta denominata &#8220;Speed&#8221; (Velocit\u00e0), TISPOL \u00e8 una rete di cooperazione tra le Polizie Stradali, nata nel 1996 sotto l&#8217;egida dell&#8217;Unione Europea, alla quale oggi aderiscono 29 Paesi europei, tra Stati Membri e Paesi appartenenti [&hellip;]","og_url":"https:\/\/www.bellunopress.it\/fr\/2010\/08\/21\/le-polizie-stradali-europee-insieme-per-loperazione-\u201cspeed\u201d\/","og_site_name":"Bellunopress - Dolomiti","article_publisher":"https:\/\/www.facebook.com\/profile.php?id=100008943462799","article_published_time":"2010-08-21T22:40:59+00:00","og_image":[{"url":"http:\/\/www.bellunopress.it\/wp-content\/uploads\/2010\/05\/polizia-stradale-255x171.jpg","type":"","width":"","height":""}],"author":"redazione","twitter_card":"summary_large_image","twitter_creator":"@bellunopress","twitter_site":"@bellunopress","twitter_misc":{"\u00c9crit par":"redazione","Dur\u00e9e de lecture estim\u00e9e":"1 minute"},"schema":{"@context":"https:\/\/schema.org","@graph":[{"@type":"Article","@id":"https:\/\/www.bellunopress.it\/2010\/08\/21\/le-polizie-stradali-europee-insieme-per-loperazione-%e2%80%9cspeed%e2%80%9d\/#article","isPartOf":{"@id":"https:\/\/www.bellunopress.it\/2010\/08\/21\/le-polizie-stradali-europee-insieme-per-loperazione-%e2%80%9cspeed%e2%80%9d\/"},"author":{"name":"redazione","@id":"https:\/\/www.bellunopress.it\/#\/schema\/person\/79bb06722b37ece1c03d3e94beb30d73"},"headline":"Le polizie stradali europee insieme per l&#8217;Operazione \u201cSpeed\u201d","datePublished":"2010-08-21T22:40:59+00:00","mainEntityOfPage":{"@id":"https:\/\/www.bellunopress.it\/2010\/08\/21\/le-polizie-stradali-europee-insieme-per-loperazione-%e2%80%9cspeed%e2%80%9d\/"},"wordCount":278,"publisher":{"@id":"https:\/\/www.bellunopress.it\/#organization"},"image":{"@id":"https:\/\/www.bellunopress.it\/2010\/08\/21\/le-polizie-stradali-europee-insieme-per-loperazione-%e2%80%9cspeed%e2%80%9d\/#primaryimage"},"thumbnailUrl":"http:\/\/www.bellunopress.it\/wp-content\/uploads\/2010\/05\/polizia-stradale-255x171.jpg","keywords":["Belluno"],"articleSection":["Cronaca\/Politica","Prima Pagina"],"inLanguage":"fr-FR"},{"@type":"WebPage","@id":"https:\/\/www.bellunopress.it\/2010\/08\/21\/le-polizie-stradali-europee-insieme-per-loperazione-%e2%80%9cspeed%e2%80%9d\/","url":"https:\/\/www.bellunopress.it\/2010\/08\/21\/le-polizie-stradali-europee-insieme-per-loperazione-%e2%80%9cspeed%e2%80%9d\/","name":"Le polizie stradali europee insieme per l'Operazione \u201cSpeed\u201d - Bellunopress - Dolomiti","isPartOf":{"@id":"https:\/\/www.bellunopress.it\/#website"},"primaryImageOfPage":{"@id":"https:\/\/www.bellunopress.it\/2010\/08\/21\/le-polizie-stradali-europee-insieme-per-loperazione-%e2%80%9cspeed%e2%80%9d\/#primaryimage"},"image":{"@id":"https:\/\/www.bellunopress.it\/2010\/08\/21\/le-polizie-stradali-europee-insieme-per-loperazione-%e2%80%9cspeed%e2%80%9d\/#primaryimage"},"thumbnailUrl":"http:\/\/www.bellunopress.it\/wp-content\/uploads\/2010\/05\/polizia-stradale-255x171.jpg","datePublished":"2010-08-21T22:40:59+00:00","breadcrumb":{"@id":"https:\/\/www.bellunopress.it\/2010\/08\/21\/le-polizie-stradali-europee-insieme-per-loperazione-%e2%80%9cspeed%e2%80%9d\/#breadcrumb"},"inLanguage":"fr-FR","potentialAction":[{"@type":"ReadAction","target":["https:\/\/www.bellunopress.it\/2010\/08\/21\/le-polizie-stradali-europee-insieme-per-loperazione-%e2%80%9cspeed%e2%80%9d\/"]}]},{"@type":"ImageObject","inLanguage":"fr-FR","@id":"https:\/\/www.bellunopress.it\/2010\/08\/21\/le-polizie-stradali-europee-insieme-per-loperazione-%e2%80%9cspeed%e2%80%9d\/#primaryimage","url":"http:\/\/www.bellunopress.it\/wp-content\/uploads\/2010\/05\/polizia-stradale-255x171.jpg","contentUrl":"http:\/\/www.bellunopress.it\/wp-content\/uploads\/2010\/05\/polizia-stradale-255x171.jpg"},{"@type":"BreadcrumbList","@id":"https:\/\/www.bellunopress.it\/2010\/08\/21\/le-polizie-stradali-europee-insieme-per-loperazione-%e2%80%9cspeed%e2%80%9d\/#breadcrumb","itemListElement":[{"@type":"ListItem","position":1,"name":"Home","item":"https:\/\/www.bellunopress.it\/"},{"@type":"ListItem","position":2,"name":"Le polizie stradali europee insieme per l&#8217;Operazione \u201cSpeed\u201d"}]},{"@type":"WebSite","@id":"https:\/\/www.bellunopress.it\/#website","url":"https:\/\/www.bellunopress.it\/","name":"Bellunopress - Dolomiti","description":"e-mail: redazione@bellunopress.it","publisher":{"@id":"https:\/\/www.bellunopress.it\/#organization"},"potentialAction":[{"@type":"SearchAction","target":{"@type":"EntryPoint","urlTemplate":"https:\/\/www.bellunopress.it\/?s={search_term_string}"},"query-input":{"@type":"PropertyValueSpecification","valueRequired":true,"valueName":"search_term_string"}}],"inLanguage":"fr-FR"},{"@type":"Organization","@id":"https:\/\/www.bellunopress.it\/#organization","name":"Bellunopress","url":"https:\/\/www.bellunopress.it\/","logo":{"@type":"ImageObject","inLanguage":"fr-FR","@id":"https:\/\/www.bellunopress.it\/#\/schema\/logo\/image\/","url":"https:\/\/www.bellunopress.it\/wp-content\/uploads\/2011\/05\/cropped-logo-bellunopress-.jpg","contentUrl":"https:\/\/www.bellunopress.it\/wp-content\/uploads\/2011\/05\/cropped-logo-bellunopress-.jpg","width":512,"height":512,"caption":"Bellunopress"},"image":{"@id":"https:\/\/www.bellunopress.it\/#\/schema\/logo\/image\/"},"sameAs":["https:\/\/www.facebook.com\/profile.php?id=100008943462799","https:\/\/x.com\/bellunopress","https:\/\/www.linkedin.com\/hp\/?dnr=JBzUWaJfMUw8vbXJJ2tVW5-I3jZKvC4wsoxE&amp;amp;amp;amp;amp;amp;trk=nav_responsive_tab_home","https:\/\/www.youtube.com\/channel\/UCxL0wu1uN0_3_7hGG0306cw"]},{"@type":"Person","@id":"https:\/\/www.bellunopress.it\/#\/schema\/person\/79bb06722b37ece1c03d3e94beb30d73","name":"r\u00e9daction","image":{"@type":"ImageObject","inLanguage":"fr-FR","@id":"https:\/\/secure.gravatar.com\/avatar\/37d968a2e67a6fd04c169c4bdef102d0bc5d31b2546345219e348575eb80e9a0?s=96&d=mm&r=g","url":"https:\/\/secure.gravatar.com\/avatar\/37d968a2e67a6fd04c169c4bdef102d0bc5d31b2546345219e348575eb80e9a0?s=96&d=mm&r=g","contentUrl":"https:\/\/secure.gravatar.com\/avatar\/37d968a2e67a6fd04c169c4bdef102d0bc5d31b2546345219e348575eb80e9a0?s=96&d=mm&r=g","caption":"redazione"},"sameAs":["http:\/\/www.bellunopress.it","https:\/\/x.com\/bellunopress"],"url":"https:\/\/www.bellunopress.it\/fr\/author\/redazione\/"}]}},"_links":{"self":[{"href":"https:\/\/www.bellunopress.it\/fr\/wp-json\/wp\/v2\/posts\/18384","targetHints":{"allow":["GET"]}}],"collection":[{"href":"https:\/\/www.bellunopress.it\/fr\/wp-json\/wp\/v2\/posts"}],"about":[{"href":"https:\/\/www.bellunopress.it\/fr\/wp-json\/wp\/v2\/types\/post"}],"author":[{"embeddable":true,"href":"https:\/\/www.bellunopress.it\/fr\/wp-json\/wp\/v2\/users\/2"}],"replies":[{"embeddable":true,"href":"https:\/\/www.bellunopress.it\/fr\/wp-json\/wp\/v2\/comments?post=18384"}],"version-history":[{"count":1,"href":"https:\/\/www.bellunopress.it\/fr\/wp-json\/wp\/v2\/posts\/18384\/revisions"}],"predecessor-version":[{"id":18385,"href":"https:\/\/www.bellunopress.it\/fr\/wp-json\/wp\/v2\/posts\/18384\/revisions\/18385"}],"wp:attachment":[{"href":"https:\/\/www.bellunopress.it\/fr\/wp-json\/wp\/v2\/media?parent=18384"}],"wp:term":[{"taxonomy":"category","embeddable":true,"href":"https:\/\/www.bellunopress.it\/fr\/wp-json\/wp\/v2\/categories?post=18384"},{"taxonomy":"post_tag","embeddable":true,"href":"https:\/\/www.bellunopress.it\/fr\/wp-json\/wp\/v2\/tags?post=18384"}],"curies":[{"name":"wp","href":"https:\/\/api.w.org\/{rel}","templated":true}]}}