{"id":18344,"date":"2010-08-20T17:23:39","date_gmt":"2010-08-20T16:23:39","guid":{"rendered":"http:\/\/www.bellunopress.it\/?p=18344"},"modified":"2010-08-21T08:33:49","modified_gmt":"2010-08-21T07:33:49","slug":"accorpamento-della-sede-dellulss-di-belluno-ecco-i-dati-dellindagine-a-cura-della-direzione-generale","status":"publish","type":"post","link":"https:\/\/www.bellunopress.it\/fr\/2010\/08\/20\/accorpamento-della-sede-dellulss-di-belluno-ecco-i-dati-dellindagine-a-cura-della-direzione-generale\/","title":{"rendered":"Accorpamento della sede dell&#8217;Ulss di Belluno: ecco i dati dell&#8217;indagine a cura della Direzione generale"},"content":{"rendered":"<p><!--[if gte mso 9]><xml> <w :WordDocument> <\/w><w :View>Normal<\/w> <w :Zoom>0<\/w> <w :HyphenationZone>14<\/w> <w :Compatibility> <w :BreakWrappedTables \/> <w :SnapToGridInCell \/> <w :ApplyBreakingRules \/> <w :WrapTextWithPunct \/> <w :UseAsianBreakRules \/> <w :UseFELayout \/> <\/w> <w :BrowserLevel>MicrosoftInternetExplorer4<\/w> <\/xml>< ![endif]--> <!--[if gte mso 10]>\n<mce :style>< !   \/* Style Definitions *\/  table.MsoNormalTable \t{mso-style-name:\"Tabella normale\"; \tmso-tstyle-rowband-size:0; \tmso-tstyle-colband-size:0; \tmso-style-noshow:yes; \tmso-style-parent:\"\"; \tmso-padding-alt:0in 5.4pt 0in 5.4pt; \tmso-para-margin:0in; \tmso-para-margin-bottom:.0001pt; \tmso-pagination:widow-orphan; \tfont-size:10.0pt; \tfont-family:\"Times New Roman\"; \tmso-fareast-font-family:\"Times New Roman\";} --><\/p>\n<p>Per la scelta di accorpamento delle sedi aziendali, l\u2019Ulss di Belluno ha attivato un processo decisionale, tuttora in corso, basato sull\u2019utilizzo di diversi strumenti e sul coinvolgimento di diversi attori, in modo da verificare i molteplici aspetti relativi ai costi e ai benefici dell\u2019operazione. In tale ambito l\u2019Ulss ha condotto un\u2019indagine sugli afflussi di utenti e sugli spostamenti interni dei dipendenti, con riferimento alle sedi di Belluno di via Feltre, di via Sant&#8217;Andrea e di piazzale Marconi. Si \u00e8 scelto di non includere nell\u2019indagine la sede di via Cappellari, che pur essendo inclusa nel progetto di accorpamento, ha dimensioni molto ridotte (4 dipendenti interessati all\u2019ipotesi di spostamento oltre ad 8 addetti al canile sanitario). Le fasi di progettazione dell\u2019indagine e di elaborazione dei dati sono state effettuate con risorse interne all\u2019Ulss, utilizzando risorse esterne per la somministrazione del questionario all\u2019utenza e la registrazione informatica dei dati.<br \/>\nL&#8217;obiettivo specifico dell\u2019indagine, svolta per 3 settimane dal 7 al 25 giugno scorso, \u00e8 stato di verificare quantit\u00e0 e provenienza degli accessi verso le tre sedi, distinguendo tre gruppi di soggetti:<br \/>\n1) gli utenti, per i quali \u00e8 stato rilevato: la\u00a0 fascia di et\u00e0, il mezzo utilizzato per raggiungere la sede, il luogo di abitazione, la fascia oraria di arrivo;<br \/>\n2) i dipendenti provenienti da altre sedi, per i quali \u00e8 stato rilevato: la sede di provenienza, il mezzo utilizzato per raggiungere la sede, la fascia oraria di arrivo;<br \/>\n3) i dipendenti delle tre sedi, per i quali \u00e8 stato rilevato: il mezzo pi\u00f9 frequentemente utilizzato per recarsi al lavoro e il luogo di abitazione.<\/p>\n<p>Di seguito dati principali dell\u2019indagine, gi\u00e0 trasmessi in sintesi al Comune di Belluno.<br \/>\nUtenza media giornaliera. L\u2019utenza media giornaliera complessiva \u00e8 di 307 persone (218 per via Feltre, di cui 59 per il poliambulatorio, 44 per via S. Andrea, 45 per via Carducci), stando alla variabilit\u00e0 osservata nelle tre settimane di durata dell\u2019indagine, l\u2019utenza varia da un minimo di 130 a un massimo di 400 persone circa; l\u2019utenza media giornaliera complessiva della sede unica sarebbe di 248 persone (307-59), tenendo conto che il poliambulatorio di via Feltre verrebbe accorpato all\u2019ospedale.<br \/>\nNumero di dipendenti e spostamenti interni. Le tre sedi monitorate contano nel complesso 199 dipendenti (132 in via Feltre, 44 in via S. Andrea, 23 in piazzale Marconi). Ogni giorno ci sono in media 18,5 dipendenti che accedono da altra sede ad una delle tre sedi monitorate (12,3 in via Feltre, 1,4 in via S. Andrea, 4,7 in piazzale Marconi); in media 4,8 dipendenti si spostano ogni giorno almeno una volta fra le tre sedi.<\/p>\n<p>Utilizzo dei mezzi pubblici. La gran parte degli utenti, il 73% usa un mezzo privato (auto o moto) per recarsi all\u2019Ulss, mentre il 10% degli utenti si reca all\u2019Ulss con i mezzi pubblici, il restante 17% degli utenti ha dichiarato di essersi recato all\u2019Ulss a piedi o in bicicletta. Distinguendo tra gli utenti che abitano nel comune di Belluno da quelli che provengono da fuori, resta pressoch\u00e9 costante la percentuale di chi utilizza i mezzi pubblici (10% per gli abitanti a Belluno contro l\u201911% per chi proviene da fuori), mentre \u00e8 minore la percentuale di abitanti a Belluno che utilizza l\u2019auto o la moto (62% contro l\u201989% nel gruppo di chi abita fuori Belluno), dato che un 28% di abitanti a Belluno si reca all\u2019Ulss a piedi o in bicicletta.<br \/>\nPer quanto riguarda i dipendenti che si recano quotidianamente al lavoro nelle tre sedi, la situazione \u00e8 molto simile: il 72% usa l\u2019auto o la moto, il 15% si muove a piedi o in bicicletta, il 13% con mezzi pubblici (5% treno, 8% autobus).<br \/>\nCirca la met\u00e0 dei dipendenti (il 49%) abita in Comune di Belluno. Distinguendo in due gruppi i dipendenti, gli abitanti a Belluno si muovono in auto o moto per il 65%, a piedi o in bicicletta per il 31%, in autobus per il 4%. Il gruppo degli abitanti fuori Belluno si reca al lavoro in auto o moto per il 79%, in treno per il 10% e in autobus per l\u201911%.<\/p>\n<p>La Direzione dell\u2019ULSS n.1<\/mce><\/p>\n","protected":false},"excerpt":{"rendered":"<p>Per la scelta di accorpamento delle sedi aziendali, l\u2019Ulss di Belluno ha attivato un processo decisionale, tuttora in corso, basato sull\u2019utilizzo di diversi strumenti e sul coinvolgimento di diversi attori, in modo da verificare i molteplici aspetti relativi ai costi e ai benefici dell\u2019operazione. In tale ambito l\u2019Ulss ha condotto un\u2019indagine sugli afflussi di utenti [&hellip;]<\/p>\n","protected":false},"author":2,"featured_media":0,"comment_status":"closed","ping_status":"open","sticky":false,"template":"","format":"standard","meta":{"footnotes":""},"categories":[26,17],"tags":[139,302],"class_list":["post-18344","post","type-post","status-publish","format-standard","category-prima-pagina","category-sanita","tag-belluno","tag-feltre"],"yoast_head":"<!-- This site is optimized with the Yoast SEO plugin v28.4 - https:\/\/yoast.com\/product\/yoast-seo-wordpress\/ -->\n<title>Accorpamento della sede dell&#039;Ulss di Belluno: ecco i dati dell&#039;indagine a cura della Direzione generale - Bellunopress - Dolomiti<\/title>\n<meta name=\"robots\" content=\"index, follow, max-snippet:-1, max-image-preview:large, max-video-preview:-1\" \/>\n<link rel=\"canonical\" href=\"https:\/\/www.bellunopress.it\/fr\/2010\/08\/20\/accorpamento-della-sede-dellulss-di-belluno-ecco-i-dati-dellindagine-a-cura-della-direzione-generale\/\" \/>\n<meta property=\"og:locale\" content=\"fr_FR\" \/>\n<meta property=\"og:type\" content=\"article\" \/>\n<meta property=\"og:title\" content=\"Accorpamento della sede dell&#039;Ulss di Belluno: ecco i dati dell&#039;indagine a cura della Direzione generale - Bellunopress - Dolomiti\" \/>\n<meta property=\"og:description\" content=\"Per la scelta di accorpamento delle sedi aziendali, l\u2019Ulss di Belluno ha attivato un processo decisionale, tuttora in corso, basato sull\u2019utilizzo di diversi strumenti e sul coinvolgimento di diversi attori, in modo da verificare i molteplici aspetti relativi ai costi e ai benefici dell\u2019operazione. In tale ambito l\u2019Ulss ha condotto un\u2019indagine sugli afflussi di utenti [&hellip;]\" \/>\n<meta property=\"og:url\" content=\"https:\/\/www.bellunopress.it\/fr\/2010\/08\/20\/accorpamento-della-sede-dellulss-di-belluno-ecco-i-dati-dellindagine-a-cura-della-direzione-generale\/\" \/>\n<meta property=\"og:site_name\" content=\"Bellunopress - Dolomiti\" \/>\n<meta property=\"article:publisher\" content=\"https:\/\/www.facebook.com\/profile.php?id=100008943462799\" \/>\n<meta property=\"article:published_time\" content=\"2010-08-20T16:23:39+00:00\" \/>\n<meta property=\"article:modified_time\" content=\"2010-08-21T07:33:49+00:00\" \/>\n<meta property=\"og:image\" content=\"http:\/\/www.bellunopress.it\/wp-content\/uploads\/2012\/07\/logo-bellunopress-250x250-2012.jpg\" \/>\n<meta name=\"author\" content=\"redazione\" \/>\n<meta name=\"twitter:card\" content=\"summary_large_image\" \/>\n<meta name=\"twitter:creator\" content=\"@bellunopress\" \/>\n<meta name=\"twitter:site\" content=\"@bellunopress\" \/>\n<meta name=\"twitter:label1\" content=\"\u00c9crit par\" \/>\n\t<meta name=\"twitter:data1\" content=\"redazione\" \/>\n\t<meta name=\"twitter:label2\" content=\"Dur\u00e9e de lecture estim\u00e9e\" \/>\n\t<meta name=\"twitter:data2\" content=\"3 minutes\" \/>\n<script type=\"application\/ld+json\" class=\"yoast-schema-graph\">{\"@context\":\"https:\\\/\\\/schema.org\",\"@graph\":[{\"@type\":\"Article\",\"@id\":\"https:\\\/\\\/www.bellunopress.it\\\/2010\\\/08\\\/20\\\/accorpamento-della-sede-dellulss-di-belluno-ecco-i-dati-dellindagine-a-cura-della-direzione-generale\\\/#article\",\"isPartOf\":{\"@id\":\"https:\\\/\\\/www.bellunopress.it\\\/2010\\\/08\\\/20\\\/accorpamento-della-sede-dellulss-di-belluno-ecco-i-dati-dellindagine-a-cura-della-direzione-generale\\\/\"},\"author\":{\"name\":\"redazione\",\"@id\":\"https:\\\/\\\/www.bellunopress.it\\\/#\\\/schema\\\/person\\\/79bb06722b37ece1c03d3e94beb30d73\"},\"headline\":\"Accorpamento della sede dell&#8217;Ulss di Belluno: ecco i dati dell&#8217;indagine a cura della Direzione generale\",\"datePublished\":\"2010-08-20T16:23:39+00:00\",\"dateModified\":\"2010-08-21T07:33:49+00:00\",\"mainEntityOfPage\":{\"@id\":\"https:\\\/\\\/www.bellunopress.it\\\/2010\\\/08\\\/20\\\/accorpamento-della-sede-dellulss-di-belluno-ecco-i-dati-dellindagine-a-cura-della-direzione-generale\\\/\"},\"wordCount\":668,\"publisher\":{\"@id\":\"https:\\\/\\\/www.bellunopress.it\\\/#organization\"},\"keywords\":[\"Belluno\",\"Feltre\"],\"articleSection\":[\"Prima Pagina\",\"Sanit\u00e0 Medicina\"],\"inLanguage\":\"fr-FR\"},{\"@type\":\"WebPage\",\"@id\":\"https:\\\/\\\/www.bellunopress.it\\\/2010\\\/08\\\/20\\\/accorpamento-della-sede-dellulss-di-belluno-ecco-i-dati-dellindagine-a-cura-della-direzione-generale\\\/\",\"url\":\"https:\\\/\\\/www.bellunopress.it\\\/2010\\\/08\\\/20\\\/accorpamento-della-sede-dellulss-di-belluno-ecco-i-dati-dellindagine-a-cura-della-direzione-generale\\\/\",\"name\":\"Accorpamento della sede dell'Ulss di Belluno: ecco i dati dell'indagine a cura della Direzione generale - Bellunopress - Dolomiti\",\"isPartOf\":{\"@id\":\"https:\\\/\\\/www.bellunopress.it\\\/#website\"},\"datePublished\":\"2010-08-20T16:23:39+00:00\",\"dateModified\":\"2010-08-21T07:33:49+00:00\",\"breadcrumb\":{\"@id\":\"https:\\\/\\\/www.bellunopress.it\\\/2010\\\/08\\\/20\\\/accorpamento-della-sede-dellulss-di-belluno-ecco-i-dati-dellindagine-a-cura-della-direzione-generale\\\/#breadcrumb\"},\"inLanguage\":\"fr-FR\",\"potentialAction\":[{\"@type\":\"ReadAction\",\"target\":[\"https:\\\/\\\/www.bellunopress.it\\\/2010\\\/08\\\/20\\\/accorpamento-della-sede-dellulss-di-belluno-ecco-i-dati-dellindagine-a-cura-della-direzione-generale\\\/\"]}]},{\"@type\":\"BreadcrumbList\",\"@id\":\"https:\\\/\\\/www.bellunopress.it\\\/2010\\\/08\\\/20\\\/accorpamento-della-sede-dellulss-di-belluno-ecco-i-dati-dellindagine-a-cura-della-direzione-generale\\\/#breadcrumb\",\"itemListElement\":[{\"@type\":\"ListItem\",\"position\":1,\"name\":\"Home\",\"item\":\"https:\\\/\\\/www.bellunopress.it\\\/\"},{\"@type\":\"ListItem\",\"position\":2,\"name\":\"Accorpamento della sede dell&#8217;Ulss di Belluno: ecco i dati dell&#8217;indagine a cura della Direzione generale\"}]},{\"@type\":\"WebSite\",\"@id\":\"https:\\\/\\\/www.bellunopress.it\\\/#website\",\"url\":\"https:\\\/\\\/www.bellunopress.it\\\/\",\"name\":\"Bellunopress - Dolomiti\",\"description\":\"e-mail: redazione@bellunopress.it\",\"publisher\":{\"@id\":\"https:\\\/\\\/www.bellunopress.it\\\/#organization\"},\"potentialAction\":[{\"@type\":\"SearchAction\",\"target\":{\"@type\":\"EntryPoint\",\"urlTemplate\":\"https:\\\/\\\/www.bellunopress.it\\\/?s={search_term_string}\"},\"query-input\":{\"@type\":\"PropertyValueSpecification\",\"valueRequired\":true,\"valueName\":\"search_term_string\"}}],\"inLanguage\":\"fr-FR\"},{\"@type\":\"Organization\",\"@id\":\"https:\\\/\\\/www.bellunopress.it\\\/#organization\",\"name\":\"Bellunopress\",\"url\":\"https:\\\/\\\/www.bellunopress.it\\\/\",\"logo\":{\"@type\":\"ImageObject\",\"inLanguage\":\"fr-FR\",\"@id\":\"https:\\\/\\\/www.bellunopress.it\\\/#\\\/schema\\\/logo\\\/image\\\/\",\"url\":\"https:\\\/\\\/www.bellunopress.it\\\/wp-content\\\/uploads\\\/2011\\\/05\\\/cropped-logo-bellunopress-.jpg\",\"contentUrl\":\"https:\\\/\\\/www.bellunopress.it\\\/wp-content\\\/uploads\\\/2011\\\/05\\\/cropped-logo-bellunopress-.jpg\",\"width\":512,\"height\":512,\"caption\":\"Bellunopress\"},\"image\":{\"@id\":\"https:\\\/\\\/www.bellunopress.it\\\/#\\\/schema\\\/logo\\\/image\\\/\"},\"sameAs\":[\"https:\\\/\\\/www.facebook.com\\\/profile.php?id=100008943462799\",\"https:\\\/\\\/x.com\\\/bellunopress\",\"https:\\\/\\\/www.linkedin.com\\\/hp\\\/?dnr=JBzUWaJfMUw8vbXJJ2tVW5-I3jZKvC4wsoxE&amp;amp;amp;amp;amp;amp;trk=nav_responsive_tab_home\",\"https:\\\/\\\/www.youtube.com\\\/channel\\\/UCxL0wu1uN0_3_7hGG0306cw\"]},{\"@type\":\"Person\",\"@id\":\"https:\\\/\\\/www.bellunopress.it\\\/#\\\/schema\\\/person\\\/79bb06722b37ece1c03d3e94beb30d73\",\"name\":\"redazione\",\"image\":{\"@type\":\"ImageObject\",\"inLanguage\":\"fr-FR\",\"@id\":\"https:\\\/\\\/secure.gravatar.com\\\/avatar\\\/37d968a2e67a6fd04c169c4bdef102d0bc5d31b2546345219e348575eb80e9a0?s=96&d=mm&r=g\",\"url\":\"https:\\\/\\\/secure.gravatar.com\\\/avatar\\\/37d968a2e67a6fd04c169c4bdef102d0bc5d31b2546345219e348575eb80e9a0?s=96&d=mm&r=g\",\"contentUrl\":\"https:\\\/\\\/secure.gravatar.com\\\/avatar\\\/37d968a2e67a6fd04c169c4bdef102d0bc5d31b2546345219e348575eb80e9a0?s=96&d=mm&r=g\",\"caption\":\"redazione\"},\"sameAs\":[\"http:\\\/\\\/www.bellunopress.it\",\"https:\\\/\\\/x.com\\\/bellunopress\"],\"url\":\"https:\\\/\\\/www.bellunopress.it\\\/fr\\\/author\\\/redazione\\\/\"}]}<\/script>\n<!-- \/ Yoast SEO plugin. -->","yoast_head_json":{"title":"Accorpamento della sede dell'Ulss di Belluno: ecco i dati dell'indagine a cura della Direzione generale - Bellunopress - Dolomiti","robots":{"index":"index","follow":"follow","max-snippet":"max-snippet:-1","max-image-preview":"max-image-preview:large","max-video-preview":"max-video-preview:-1"},"canonical":"https:\/\/www.bellunopress.it\/fr\/2010\/08\/20\/accorpamento-della-sede-dellulss-di-belluno-ecco-i-dati-dellindagine-a-cura-della-direzione-generale\/","og_locale":"fr_FR","og_type":"article","og_title":"Accorpamento della sede dell'Ulss di Belluno: ecco i dati dell'indagine a cura della Direzione generale - Bellunopress - Dolomiti","og_description":"Per la scelta di accorpamento delle sedi aziendali, l\u2019Ulss di Belluno ha attivato un processo decisionale, tuttora in corso, basato sull\u2019utilizzo di diversi strumenti e sul coinvolgimento di diversi attori, in modo da verificare i molteplici aspetti relativi ai costi e ai benefici dell\u2019operazione. In tale ambito l\u2019Ulss ha condotto un\u2019indagine sugli afflussi di utenti [&hellip;]","og_url":"https:\/\/www.bellunopress.it\/fr\/2010\/08\/20\/accorpamento-della-sede-dellulss-di-belluno-ecco-i-dati-dellindagine-a-cura-della-direzione-generale\/","og_site_name":"Bellunopress - Dolomiti","article_publisher":"https:\/\/www.facebook.com\/profile.php?id=100008943462799","article_published_time":"2010-08-20T16:23:39+00:00","article_modified_time":"2010-08-21T07:33:49+00:00","og_image":[{"url":"http:\/\/www.bellunopress.it\/wp-content\/uploads\/2012\/07\/logo-bellunopress-250x250-2012.jpg","type":"","width":"","height":""}],"author":"redazione","twitter_card":"summary_large_image","twitter_creator":"@bellunopress","twitter_site":"@bellunopress","twitter_misc":{"\u00c9crit par":"redazione","Dur\u00e9e de lecture estim\u00e9e":"3 minutes"},"schema":{"@context":"https:\/\/schema.org","@graph":[{"@type":"Article","@id":"https:\/\/www.bellunopress.it\/2010\/08\/20\/accorpamento-della-sede-dellulss-di-belluno-ecco-i-dati-dellindagine-a-cura-della-direzione-generale\/#article","isPartOf":{"@id":"https:\/\/www.bellunopress.it\/2010\/08\/20\/accorpamento-della-sede-dellulss-di-belluno-ecco-i-dati-dellindagine-a-cura-della-direzione-generale\/"},"author":{"name":"redazione","@id":"https:\/\/www.bellunopress.it\/#\/schema\/person\/79bb06722b37ece1c03d3e94beb30d73"},"headline":"Accorpamento della sede dell&#8217;Ulss di Belluno: ecco i dati dell&#8217;indagine a cura della Direzione generale","datePublished":"2010-08-20T16:23:39+00:00","dateModified":"2010-08-21T07:33:49+00:00","mainEntityOfPage":{"@id":"https:\/\/www.bellunopress.it\/2010\/08\/20\/accorpamento-della-sede-dellulss-di-belluno-ecco-i-dati-dellindagine-a-cura-della-direzione-generale\/"},"wordCount":668,"publisher":{"@id":"https:\/\/www.bellunopress.it\/#organization"},"keywords":["Belluno","Feltre"],"articleSection":["Prima Pagina","Sanit\u00e0 Medicina"],"inLanguage":"fr-FR"},{"@type":"WebPage","@id":"https:\/\/www.bellunopress.it\/2010\/08\/20\/accorpamento-della-sede-dellulss-di-belluno-ecco-i-dati-dellindagine-a-cura-della-direzione-generale\/","url":"https:\/\/www.bellunopress.it\/2010\/08\/20\/accorpamento-della-sede-dellulss-di-belluno-ecco-i-dati-dellindagine-a-cura-della-direzione-generale\/","name":"Accorpamento della sede dell'Ulss di Belluno: ecco i dati dell'indagine a cura della Direzione generale - Bellunopress - Dolomiti","isPartOf":{"@id":"https:\/\/www.bellunopress.it\/#website"},"datePublished":"2010-08-20T16:23:39+00:00","dateModified":"2010-08-21T07:33:49+00:00","breadcrumb":{"@id":"https:\/\/www.bellunopress.it\/2010\/08\/20\/accorpamento-della-sede-dellulss-di-belluno-ecco-i-dati-dellindagine-a-cura-della-direzione-generale\/#breadcrumb"},"inLanguage":"fr-FR","potentialAction":[{"@type":"ReadAction","target":["https:\/\/www.bellunopress.it\/2010\/08\/20\/accorpamento-della-sede-dellulss-di-belluno-ecco-i-dati-dellindagine-a-cura-della-direzione-generale\/"]}]},{"@type":"BreadcrumbList","@id":"https:\/\/www.bellunopress.it\/2010\/08\/20\/accorpamento-della-sede-dellulss-di-belluno-ecco-i-dati-dellindagine-a-cura-della-direzione-generale\/#breadcrumb","itemListElement":[{"@type":"ListItem","position":1,"name":"Home","item":"https:\/\/www.bellunopress.it\/"},{"@type":"ListItem","position":2,"name":"Accorpamento della sede dell&#8217;Ulss di Belluno: ecco i dati dell&#8217;indagine a cura della Direzione generale"}]},{"@type":"WebSite","@id":"https:\/\/www.bellunopress.it\/#website","url":"https:\/\/www.bellunopress.it\/","name":"Bellunopress - Dolomiti","description":"e-mail: redazione@bellunopress.it","publisher":{"@id":"https:\/\/www.bellunopress.it\/#organization"},"potentialAction":[{"@type":"SearchAction","target":{"@type":"EntryPoint","urlTemplate":"https:\/\/www.bellunopress.it\/?s={search_term_string}"},"query-input":{"@type":"PropertyValueSpecification","valueRequired":true,"valueName":"search_term_string"}}],"inLanguage":"fr-FR"},{"@type":"Organization","@id":"https:\/\/www.bellunopress.it\/#organization","name":"Bellunopress","url":"https:\/\/www.bellunopress.it\/","logo":{"@type":"ImageObject","inLanguage":"fr-FR","@id":"https:\/\/www.bellunopress.it\/#\/schema\/logo\/image\/","url":"https:\/\/www.bellunopress.it\/wp-content\/uploads\/2011\/05\/cropped-logo-bellunopress-.jpg","contentUrl":"https:\/\/www.bellunopress.it\/wp-content\/uploads\/2011\/05\/cropped-logo-bellunopress-.jpg","width":512,"height":512,"caption":"Bellunopress"},"image":{"@id":"https:\/\/www.bellunopress.it\/#\/schema\/logo\/image\/"},"sameAs":["https:\/\/www.facebook.com\/profile.php?id=100008943462799","https:\/\/x.com\/bellunopress","https:\/\/www.linkedin.com\/hp\/?dnr=JBzUWaJfMUw8vbXJJ2tVW5-I3jZKvC4wsoxE&amp;amp;amp;amp;amp;amp;trk=nav_responsive_tab_home","https:\/\/www.youtube.com\/channel\/UCxL0wu1uN0_3_7hGG0306cw"]},{"@type":"Person","@id":"https:\/\/www.bellunopress.it\/#\/schema\/person\/79bb06722b37ece1c03d3e94beb30d73","name":"r\u00e9daction","image":{"@type":"ImageObject","inLanguage":"fr-FR","@id":"https:\/\/secure.gravatar.com\/avatar\/37d968a2e67a6fd04c169c4bdef102d0bc5d31b2546345219e348575eb80e9a0?s=96&d=mm&r=g","url":"https:\/\/secure.gravatar.com\/avatar\/37d968a2e67a6fd04c169c4bdef102d0bc5d31b2546345219e348575eb80e9a0?s=96&d=mm&r=g","contentUrl":"https:\/\/secure.gravatar.com\/avatar\/37d968a2e67a6fd04c169c4bdef102d0bc5d31b2546345219e348575eb80e9a0?s=96&d=mm&r=g","caption":"redazione"},"sameAs":["http:\/\/www.bellunopress.it","https:\/\/x.com\/bellunopress"],"url":"https:\/\/www.bellunopress.it\/fr\/author\/redazione\/"}]}},"_links":{"self":[{"href":"https:\/\/www.bellunopress.it\/fr\/wp-json\/wp\/v2\/posts\/18344","targetHints":{"allow":["GET"]}}],"collection":[{"href":"https:\/\/www.bellunopress.it\/fr\/wp-json\/wp\/v2\/posts"}],"about":[{"href":"https:\/\/www.bellunopress.it\/fr\/wp-json\/wp\/v2\/types\/post"}],"author":[{"embeddable":true,"href":"https:\/\/www.bellunopress.it\/fr\/wp-json\/wp\/v2\/users\/2"}],"replies":[{"embeddable":true,"href":"https:\/\/www.bellunopress.it\/fr\/wp-json\/wp\/v2\/comments?post=18344"}],"version-history":[{"count":5,"href":"https:\/\/www.bellunopress.it\/fr\/wp-json\/wp\/v2\/posts\/18344\/revisions"}],"predecessor-version":[{"id":18376,"href":"https:\/\/www.bellunopress.it\/fr\/wp-json\/wp\/v2\/posts\/18344\/revisions\/18376"}],"wp:attachment":[{"href":"https:\/\/www.bellunopress.it\/fr\/wp-json\/wp\/v2\/media?parent=18344"}],"wp:term":[{"taxonomy":"category","embeddable":true,"href":"https:\/\/www.bellunopress.it\/fr\/wp-json\/wp\/v2\/categories?post=18344"},{"taxonomy":"post_tag","embeddable":true,"href":"https:\/\/www.bellunopress.it\/fr\/wp-json\/wp\/v2\/tags?post=18344"}],"curies":[{"name":"wp","href":"https:\/\/api.w.org\/{rel}","templated":true}]}}