{"id":18212,"date":"2010-08-16T08:19:41","date_gmt":"2010-08-16T07:19:41","guid":{"rendered":"http:\/\/www.bellunopress.it\/?p=18212"},"modified":"2010-08-16T08:19:41","modified_gmt":"2010-08-16T07:19:41","slug":"lunedi-a-cortina-incontra-si-parla-di-obama-arte-e-natura-e-dolce-vita","status":"publish","type":"post","link":"https:\/\/www.bellunopress.it\/fr\/2010\/08\/16\/lunedi-a-cortina-incontra-si-parla-di-obama-arte-e-natura-e-dolce-vita\/","title":{"rendered":"Luned\u00ec a Cortina InContra si parla di Obama, arte e natura e dolce vita"},"content":{"rendered":"<p>Obama? I don&#8217;t Know. I fronti in Afghanistan e Irak, il disastro ecologico nel Golfo del Messico, la crisi finanziaria da archiviare e la ripresa da consolidare: le sfide di un presidente schiacciato da troppe speranze. <strong>Luned\u00ec 16 agosto ore 16.30<\/strong> all&#8217;Audi Palace la rassegna Cortina InContra propone la discussione con Gianni De Michelis, ex ministro Esteri, presidente Ipalmo, Antonio Puri Purini, ex ambasciatore, Francesco Guerrera, caporedattore finanziario Financial Times a New York. Conduce: Pino Buongiorno, vicedirettore Panorama A pochi mesi dalle elezioni di medio termine \u2013 vero e proprio tagliando per il presidente americano \u2013 proviamo a fare un bilancio della leadership dell\u2019uomo pi\u00f9 potente del mondo. I dossier scottanti per la Casa Bianca sono tanti, a partire dalle guerre cominciate dalla precedente amministrazione Bush senza una sufficiente pianificazione politica e diplomatica del \u201cdopo\u201d. In pi\u00f9 c\u2019\u00e8 il preoccupante scollamento tra i vertici militari e la politica: prova ne sia il caso McChristall, il comandante delle truppe Usa in Afghanistan costretto alle dimissioni dopo le critiche al presidente. Ha forse ragione il vecchio Kissinger quando sostiene che l\u2019America di oggi non \u00e8 in grado di reggere l\u2019impegno per vincere in Afghanistan? E che significato hanno le recenti decisioni di ritiro graduale della truppe da Afghanistan e Iraq? Inoltre Obama \u00e8 stato accusato di non aver reagito prontamente all\u2019emergenza ambientale provocata dall\u2019esplosione della piattaforma della BP. Infine l\u2019economia, la cui salute fa e disfa le fortune dei presidenti: sar\u00e0 sufficiente la ripresa finora messa in campo a garantire Obama?<br \/>\n<strong>Alle ore 18 si prosegue con &#8220;Natura nell&#8217;arte, il volto e l&#8217;anima&#8221;.<\/strong> Il tema della raffigurazione della natura \u00e8 antico quanto la storia dell\u2019uomo. E da sempre l\u2019arte figurativa ha accompagnato lo spirito della civilt\u00e0 occidentale. Lectio magistralis di Flavio Caroli, critico d\u2019arte, autore de \u201cIl volto e l&#8217;anima della natura\u201d (Mondadori). Presenta: Iole Cisnetto, \u201cCortina InConTra\u201d.<br \/>\nDa sempre l&#8217;arte figurativa ha accompagnato lo spirito di una civilt\u00e0. Il tema del rapporto tra arte e natura e la sua raffigurazione \u00e8 vecchia quanto la storia dell\u2019uomo. Dalla visione della Grecia antica a quella giudaico-cristiana, la cultura occidentale \u00e8 passata da un atteggiamento contemplativo e imitativo ad un approccio attivo e di dominio. Il risultato \u00e8 l\u2019aver aperto una finestra sul visibile e sull\u2019invisibile, che accompagna da millenni le conquiste filosofico-scientifiche e spesso le anticipa. In Occidente la sua evoluzione si snoda lungo il percorso interiore, e nella sua ricerca esplora il volto e in definitiva l\u2019anima dell\u2019uomo. Il secondo \u00e8 un viaggio in tutto ci\u00f2 che \u00e8 \u201cesterno alla pupilla umana\u201d. La rappresentazione della natura diviene cos\u00ec specchio attraverso cui l\u2019essere umano riflette le sue passioni, la sua visione del mondo e il senso stesso della sua esistenza. Flavio Caroli ci guider\u00e0 in questo affascinante percorso per mostrarci \u201cl\u2019altra faccia della luna\u201d, quella complementare alla raffigurazione umana nell\u2019arte. Tratteggia quindi il volto della natura, ma insieme anche dell\u2019anima.<br \/>\n<strong>Alle ore 21.30 &#8220;Dolce vita da via Veneto a Cortina&#8221;.<\/strong> Tanta nostalgia per i divi degli anni Cinquanta. Che affollavano i locali della Roma by night come gli alberghi e le ville cortinesi. E ora due mostre di scatti d\u2019autore raccontano il chi fu del jet set che amava la regina delle Dolomiti. Lo raccontano Marina Ripa di Meana, autrice de \u201cVirginia Agnelli. Madre e farfalla\u201d (Minerva). Carlo Ripa di Meana, curatore mostra \u201cIl sogno fotografico di Franco Angeli\u201d. Lorenzo Capellini, autore mostra \u201cVeneto barbaro di muschi e nebbie\u201d. Victor Ciuffa, giornalista, autore de \u201cLa dolce vita minuto per minuto. Tutta la verit\u00e0 su un fenomeno falsato\u201d (Ciuffa Editore). Enrico Lucherini, press agent, Gianni Ippoliti, conduttore televisivo. Conduce: Emilia Costantini, giornalista Corriere della Sera. Artisti, pittori, imprenditori, intellettuali, attori e giornalisti: tutti i protagonisti della vita mondana di Roma lo sono anche di Cortina. Due rassegne fotografiche \u2013 \u201cIl sogno fotografico di Franco Angeli\u201d e \u201cVeneto barbaro di muschi e nebbie\u201d \u2013 raccontano come, negli anni Sessanta e Settanta, tra eventi culturali e feste notturne nelle pi\u00f9 belle ville della Conca, si sia consolidato il mito di una localit\u00e0 di villeggiatura tra le pi\u00f9 celebrate del mondo. La prima delle due mostre raccoglie le fotografie inedite che Franco Angeli lasci\u00f2 a Marina Ripa di Meana, la seconda conduce il visitatore attraverso una serie di immagini suggestive alla riscoperta del Veneto. Ma sono solo l\u2019occasione giusta per fare un viaggio tra i luoghi e le persone della \u201cdolce vita\u201d made in Italy, quando il nostro Paese viveva anni pi\u00f9 felici di questi. Serata di puro amarcord.<\/p>","protected":false},"excerpt":{"rendered":"<p>Obama? I don&#8217;t Know. I fronti in Afghanistan e Irak, il disastro ecologico nel Golfo del Messico, la crisi finanziaria da archiviare e la ripresa da consolidare: le sfide di un presidente schiacciato da troppe speranze. Luned\u00ec 16 agosto ore 16.30 all&#8217;Audi Palace la rassegna Cortina InContra propone la discussione con Gianni De Michelis, ex [&hellip;]<\/p>\n","protected":false},"author":2,"featured_media":0,"comment_status":"closed","ping_status":"open","sticky":false,"template":"","format":"standard","meta":{"footnotes":""},"categories":[27,25],"tags":[63],"class_list":["post-18212","post","type-post","status-publish","format-standard","category-appuntamenti","category-pausa-caffe","tag-dolomiti"],"yoast_head":"<!-- This site is optimized with the Yoast SEO plugin v28.4 - https:\/\/yoast.com\/product\/yoast-seo-wordpress\/ -->\n<title>Luned\u00ec a Cortina InContra si parla di Obama, arte e natura e dolce vita - Bellunopress - Dolomiti<\/title>\n<meta name=\"robots\" content=\"index, follow, max-snippet:-1, max-image-preview:large, max-video-preview:-1\" \/>\n<link rel=\"canonical\" href=\"https:\/\/www.bellunopress.it\/fr\/2010\/08\/16\/lunedi-a-cortina-incontra-si-parla-di-obama-arte-e-natura-e-dolce-vita\/\" \/>\n<meta property=\"og:locale\" content=\"fr_FR\" \/>\n<meta property=\"og:type\" content=\"article\" \/>\n<meta property=\"og:title\" content=\"Luned\u00ec a Cortina InContra si parla di Obama, arte e natura e dolce vita - Bellunopress - Dolomiti\" \/>\n<meta property=\"og:description\" content=\"Obama? I don&#8217;t Know. I fronti in Afghanistan e Irak, il disastro ecologico nel Golfo del Messico, la crisi finanziaria da archiviare e la ripresa da consolidare: le sfide di un presidente schiacciato da troppe speranze. Luned\u00ec 16 agosto ore 16.30 all&#8217;Audi Palace la rassegna Cortina InContra propone la discussione con Gianni De Michelis, ex [&hellip;]\" \/>\n<meta property=\"og:url\" content=\"https:\/\/www.bellunopress.it\/fr\/2010\/08\/16\/lunedi-a-cortina-incontra-si-parla-di-obama-arte-e-natura-e-dolce-vita\/\" \/>\n<meta property=\"og:site_name\" content=\"Bellunopress - Dolomiti\" \/>\n<meta property=\"article:publisher\" content=\"https:\/\/www.facebook.com\/profile.php?id=100008943462799\" \/>\n<meta property=\"article:published_time\" content=\"2010-08-16T07:19:41+00:00\" \/>\n<meta property=\"og:image\" content=\"http:\/\/www.bellunopress.it\/wp-content\/uploads\/2012\/07\/logo-bellunopress-250x250-2012.jpg\" \/>\n<meta name=\"author\" content=\"redazione\" \/>\n<meta name=\"twitter:card\" content=\"summary_large_image\" \/>\n<meta name=\"twitter:creator\" content=\"@bellunopress\" \/>\n<meta name=\"twitter:site\" content=\"@bellunopress\" \/>\n<meta name=\"twitter:label1\" content=\"\u00c9crit par\" \/>\n\t<meta name=\"twitter:data1\" content=\"redazione\" \/>\n\t<meta name=\"twitter:label2\" content=\"Dur\u00e9e de lecture estim\u00e9e\" \/>\n\t<meta name=\"twitter:data2\" content=\"4 minutes\" \/>\n<script type=\"application\/ld+json\" class=\"yoast-schema-graph\">{\"@context\":\"https:\\\/\\\/schema.org\",\"@graph\":[{\"@type\":\"Article\",\"@id\":\"https:\\\/\\\/www.bellunopress.it\\\/2010\\\/08\\\/16\\\/lunedi-a-cortina-incontra-si-parla-di-obama-arte-e-natura-e-dolce-vita\\\/#article\",\"isPartOf\":{\"@id\":\"https:\\\/\\\/www.bellunopress.it\\\/2010\\\/08\\\/16\\\/lunedi-a-cortina-incontra-si-parla-di-obama-arte-e-natura-e-dolce-vita\\\/\"},\"author\":{\"name\":\"redazione\",\"@id\":\"https:\\\/\\\/www.bellunopress.it\\\/#\\\/schema\\\/person\\\/79bb06722b37ece1c03d3e94beb30d73\"},\"headline\":\"Luned\u00ec a Cortina InContra si parla di Obama, arte e natura e dolce vita\",\"datePublished\":\"2010-08-16T07:19:41+00:00\",\"mainEntityOfPage\":{\"@id\":\"https:\\\/\\\/www.bellunopress.it\\\/2010\\\/08\\\/16\\\/lunedi-a-cortina-incontra-si-parla-di-obama-arte-e-natura-e-dolce-vita\\\/\"},\"wordCount\":766,\"publisher\":{\"@id\":\"https:\\\/\\\/www.bellunopress.it\\\/#organization\"},\"keywords\":[\"Dolomiti\"],\"articleSection\":[\"Appuntamenti, Eventi\",\"Pausa Caff\u00e8\"],\"inLanguage\":\"fr-FR\"},{\"@type\":\"WebPage\",\"@id\":\"https:\\\/\\\/www.bellunopress.it\\\/2010\\\/08\\\/16\\\/lunedi-a-cortina-incontra-si-parla-di-obama-arte-e-natura-e-dolce-vita\\\/\",\"url\":\"https:\\\/\\\/www.bellunopress.it\\\/2010\\\/08\\\/16\\\/lunedi-a-cortina-incontra-si-parla-di-obama-arte-e-natura-e-dolce-vita\\\/\",\"name\":\"Luned\u00ec a Cortina InContra si parla di Obama, arte e natura e dolce vita - Bellunopress - Dolomiti\",\"isPartOf\":{\"@id\":\"https:\\\/\\\/www.bellunopress.it\\\/#website\"},\"datePublished\":\"2010-08-16T07:19:41+00:00\",\"breadcrumb\":{\"@id\":\"https:\\\/\\\/www.bellunopress.it\\\/2010\\\/08\\\/16\\\/lunedi-a-cortina-incontra-si-parla-di-obama-arte-e-natura-e-dolce-vita\\\/#breadcrumb\"},\"inLanguage\":\"fr-FR\",\"potentialAction\":[{\"@type\":\"ReadAction\",\"target\":[\"https:\\\/\\\/www.bellunopress.it\\\/2010\\\/08\\\/16\\\/lunedi-a-cortina-incontra-si-parla-di-obama-arte-e-natura-e-dolce-vita\\\/\"]}]},{\"@type\":\"BreadcrumbList\",\"@id\":\"https:\\\/\\\/www.bellunopress.it\\\/2010\\\/08\\\/16\\\/lunedi-a-cortina-incontra-si-parla-di-obama-arte-e-natura-e-dolce-vita\\\/#breadcrumb\",\"itemListElement\":[{\"@type\":\"ListItem\",\"position\":1,\"name\":\"Home\",\"item\":\"https:\\\/\\\/www.bellunopress.it\\\/\"},{\"@type\":\"ListItem\",\"position\":2,\"name\":\"Luned\u00ec a Cortina InContra si parla di Obama, arte e natura e dolce vita\"}]},{\"@type\":\"WebSite\",\"@id\":\"https:\\\/\\\/www.bellunopress.it\\\/#website\",\"url\":\"https:\\\/\\\/www.bellunopress.it\\\/\",\"name\":\"Bellunopress - Dolomiti\",\"description\":\"e-mail: redazione@bellunopress.it\",\"publisher\":{\"@id\":\"https:\\\/\\\/www.bellunopress.it\\\/#organization\"},\"potentialAction\":[{\"@type\":\"SearchAction\",\"target\":{\"@type\":\"EntryPoint\",\"urlTemplate\":\"https:\\\/\\\/www.bellunopress.it\\\/?s={search_term_string}\"},\"query-input\":{\"@type\":\"PropertyValueSpecification\",\"valueRequired\":true,\"valueName\":\"search_term_string\"}}],\"inLanguage\":\"fr-FR\"},{\"@type\":\"Organization\",\"@id\":\"https:\\\/\\\/www.bellunopress.it\\\/#organization\",\"name\":\"Bellunopress\",\"url\":\"https:\\\/\\\/www.bellunopress.it\\\/\",\"logo\":{\"@type\":\"ImageObject\",\"inLanguage\":\"fr-FR\",\"@id\":\"https:\\\/\\\/www.bellunopress.it\\\/#\\\/schema\\\/logo\\\/image\\\/\",\"url\":\"https:\\\/\\\/www.bellunopress.it\\\/wp-content\\\/uploads\\\/2011\\\/05\\\/cropped-logo-bellunopress-.jpg\",\"contentUrl\":\"https:\\\/\\\/www.bellunopress.it\\\/wp-content\\\/uploads\\\/2011\\\/05\\\/cropped-logo-bellunopress-.jpg\",\"width\":512,\"height\":512,\"caption\":\"Bellunopress\"},\"image\":{\"@id\":\"https:\\\/\\\/www.bellunopress.it\\\/#\\\/schema\\\/logo\\\/image\\\/\"},\"sameAs\":[\"https:\\\/\\\/www.facebook.com\\\/profile.php?id=100008943462799\",\"https:\\\/\\\/x.com\\\/bellunopress\",\"https:\\\/\\\/www.linkedin.com\\\/hp\\\/?dnr=JBzUWaJfMUw8vbXJJ2tVW5-I3jZKvC4wsoxE&amp;amp;amp;amp;amp;amp;trk=nav_responsive_tab_home\",\"https:\\\/\\\/www.youtube.com\\\/channel\\\/UCxL0wu1uN0_3_7hGG0306cw\"]},{\"@type\":\"Person\",\"@id\":\"https:\\\/\\\/www.bellunopress.it\\\/#\\\/schema\\\/person\\\/79bb06722b37ece1c03d3e94beb30d73\",\"name\":\"redazione\",\"image\":{\"@type\":\"ImageObject\",\"inLanguage\":\"fr-FR\",\"@id\":\"https:\\\/\\\/secure.gravatar.com\\\/avatar\\\/37d968a2e67a6fd04c169c4bdef102d0bc5d31b2546345219e348575eb80e9a0?s=96&d=mm&r=g\",\"url\":\"https:\\\/\\\/secure.gravatar.com\\\/avatar\\\/37d968a2e67a6fd04c169c4bdef102d0bc5d31b2546345219e348575eb80e9a0?s=96&d=mm&r=g\",\"contentUrl\":\"https:\\\/\\\/secure.gravatar.com\\\/avatar\\\/37d968a2e67a6fd04c169c4bdef102d0bc5d31b2546345219e348575eb80e9a0?s=96&d=mm&r=g\",\"caption\":\"redazione\"},\"sameAs\":[\"http:\\\/\\\/www.bellunopress.it\",\"https:\\\/\\\/x.com\\\/bellunopress\"],\"url\":\"https:\\\/\\\/www.bellunopress.it\\\/fr\\\/author\\\/redazione\\\/\"}]}<\/script>\n<!-- \/ Yoast SEO plugin. -->","yoast_head_json":{"title":"Luned\u00ec a Cortina InContra si parla di Obama, arte e natura e dolce vita - Bellunopress - Dolomiti","robots":{"index":"index","follow":"follow","max-snippet":"max-snippet:-1","max-image-preview":"max-image-preview:large","max-video-preview":"max-video-preview:-1"},"canonical":"https:\/\/www.bellunopress.it\/fr\/2010\/08\/16\/lunedi-a-cortina-incontra-si-parla-di-obama-arte-e-natura-e-dolce-vita\/","og_locale":"fr_FR","og_type":"article","og_title":"Luned\u00ec a Cortina InContra si parla di Obama, arte e natura e dolce vita - Bellunopress - Dolomiti","og_description":"Obama? I don&#8217;t Know. I fronti in Afghanistan e Irak, il disastro ecologico nel Golfo del Messico, la crisi finanziaria da archiviare e la ripresa da consolidare: le sfide di un presidente schiacciato da troppe speranze. Luned\u00ec 16 agosto ore 16.30 all&#8217;Audi Palace la rassegna Cortina InContra propone la discussione con Gianni De Michelis, ex [&hellip;]","og_url":"https:\/\/www.bellunopress.it\/fr\/2010\/08\/16\/lunedi-a-cortina-incontra-si-parla-di-obama-arte-e-natura-e-dolce-vita\/","og_site_name":"Bellunopress - Dolomiti","article_publisher":"https:\/\/www.facebook.com\/profile.php?id=100008943462799","article_published_time":"2010-08-16T07:19:41+00:00","og_image":[{"url":"http:\/\/www.bellunopress.it\/wp-content\/uploads\/2012\/07\/logo-bellunopress-250x250-2012.jpg","type":"","width":"","height":""}],"author":"redazione","twitter_card":"summary_large_image","twitter_creator":"@bellunopress","twitter_site":"@bellunopress","twitter_misc":{"\u00c9crit par":"redazione","Dur\u00e9e de lecture estim\u00e9e":"4 minutes"},"schema":{"@context":"https:\/\/schema.org","@graph":[{"@type":"Article","@id":"https:\/\/www.bellunopress.it\/2010\/08\/16\/lunedi-a-cortina-incontra-si-parla-di-obama-arte-e-natura-e-dolce-vita\/#article","isPartOf":{"@id":"https:\/\/www.bellunopress.it\/2010\/08\/16\/lunedi-a-cortina-incontra-si-parla-di-obama-arte-e-natura-e-dolce-vita\/"},"author":{"name":"redazione","@id":"https:\/\/www.bellunopress.it\/#\/schema\/person\/79bb06722b37ece1c03d3e94beb30d73"},"headline":"Luned\u00ec a Cortina InContra si parla di Obama, arte e natura e dolce vita","datePublished":"2010-08-16T07:19:41+00:00","mainEntityOfPage":{"@id":"https:\/\/www.bellunopress.it\/2010\/08\/16\/lunedi-a-cortina-incontra-si-parla-di-obama-arte-e-natura-e-dolce-vita\/"},"wordCount":766,"publisher":{"@id":"https:\/\/www.bellunopress.it\/#organization"},"keywords":["Dolomiti"],"articleSection":["Appuntamenti, Eventi","Pausa Caff\u00e8"],"inLanguage":"fr-FR"},{"@type":"WebPage","@id":"https:\/\/www.bellunopress.it\/2010\/08\/16\/lunedi-a-cortina-incontra-si-parla-di-obama-arte-e-natura-e-dolce-vita\/","url":"https:\/\/www.bellunopress.it\/2010\/08\/16\/lunedi-a-cortina-incontra-si-parla-di-obama-arte-e-natura-e-dolce-vita\/","name":"Luned\u00ec a Cortina InContra si parla di Obama, arte e natura e dolce vita - Bellunopress - Dolomiti","isPartOf":{"@id":"https:\/\/www.bellunopress.it\/#website"},"datePublished":"2010-08-16T07:19:41+00:00","breadcrumb":{"@id":"https:\/\/www.bellunopress.it\/2010\/08\/16\/lunedi-a-cortina-incontra-si-parla-di-obama-arte-e-natura-e-dolce-vita\/#breadcrumb"},"inLanguage":"fr-FR","potentialAction":[{"@type":"ReadAction","target":["https:\/\/www.bellunopress.it\/2010\/08\/16\/lunedi-a-cortina-incontra-si-parla-di-obama-arte-e-natura-e-dolce-vita\/"]}]},{"@type":"BreadcrumbList","@id":"https:\/\/www.bellunopress.it\/2010\/08\/16\/lunedi-a-cortina-incontra-si-parla-di-obama-arte-e-natura-e-dolce-vita\/#breadcrumb","itemListElement":[{"@type":"ListItem","position":1,"name":"Home","item":"https:\/\/www.bellunopress.it\/"},{"@type":"ListItem","position":2,"name":"Luned\u00ec a Cortina InContra si parla di Obama, arte e natura e dolce vita"}]},{"@type":"WebSite","@id":"https:\/\/www.bellunopress.it\/#website","url":"https:\/\/www.bellunopress.it\/","name":"Bellunopress - Dolomiti","description":"e-mail: redazione@bellunopress.it","publisher":{"@id":"https:\/\/www.bellunopress.it\/#organization"},"potentialAction":[{"@type":"SearchAction","target":{"@type":"EntryPoint","urlTemplate":"https:\/\/www.bellunopress.it\/?s={search_term_string}"},"query-input":{"@type":"PropertyValueSpecification","valueRequired":true,"valueName":"search_term_string"}}],"inLanguage":"fr-FR"},{"@type":"Organization","@id":"https:\/\/www.bellunopress.it\/#organization","name":"Bellunopress","url":"https:\/\/www.bellunopress.it\/","logo":{"@type":"ImageObject","inLanguage":"fr-FR","@id":"https:\/\/www.bellunopress.it\/#\/schema\/logo\/image\/","url":"https:\/\/www.bellunopress.it\/wp-content\/uploads\/2011\/05\/cropped-logo-bellunopress-.jpg","contentUrl":"https:\/\/www.bellunopress.it\/wp-content\/uploads\/2011\/05\/cropped-logo-bellunopress-.jpg","width":512,"height":512,"caption":"Bellunopress"},"image":{"@id":"https:\/\/www.bellunopress.it\/#\/schema\/logo\/image\/"},"sameAs":["https:\/\/www.facebook.com\/profile.php?id=100008943462799","https:\/\/x.com\/bellunopress","https:\/\/www.linkedin.com\/hp\/?dnr=JBzUWaJfMUw8vbXJJ2tVW5-I3jZKvC4wsoxE&amp;amp;amp;amp;amp;amp;trk=nav_responsive_tab_home","https:\/\/www.youtube.com\/channel\/UCxL0wu1uN0_3_7hGG0306cw"]},{"@type":"Person","@id":"https:\/\/www.bellunopress.it\/#\/schema\/person\/79bb06722b37ece1c03d3e94beb30d73","name":"r\u00e9daction","image":{"@type":"ImageObject","inLanguage":"fr-FR","@id":"https:\/\/secure.gravatar.com\/avatar\/37d968a2e67a6fd04c169c4bdef102d0bc5d31b2546345219e348575eb80e9a0?s=96&d=mm&r=g","url":"https:\/\/secure.gravatar.com\/avatar\/37d968a2e67a6fd04c169c4bdef102d0bc5d31b2546345219e348575eb80e9a0?s=96&d=mm&r=g","contentUrl":"https:\/\/secure.gravatar.com\/avatar\/37d968a2e67a6fd04c169c4bdef102d0bc5d31b2546345219e348575eb80e9a0?s=96&d=mm&r=g","caption":"redazione"},"sameAs":["http:\/\/www.bellunopress.it","https:\/\/x.com\/bellunopress"],"url":"https:\/\/www.bellunopress.it\/fr\/author\/redazione\/"}]}},"_links":{"self":[{"href":"https:\/\/www.bellunopress.it\/fr\/wp-json\/wp\/v2\/posts\/18212","targetHints":{"allow":["GET"]}}],"collection":[{"href":"https:\/\/www.bellunopress.it\/fr\/wp-json\/wp\/v2\/posts"}],"about":[{"href":"https:\/\/www.bellunopress.it\/fr\/wp-json\/wp\/v2\/types\/post"}],"author":[{"embeddable":true,"href":"https:\/\/www.bellunopress.it\/fr\/wp-json\/wp\/v2\/users\/2"}],"replies":[{"embeddable":true,"href":"https:\/\/www.bellunopress.it\/fr\/wp-json\/wp\/v2\/comments?post=18212"}],"version-history":[{"count":1,"href":"https:\/\/www.bellunopress.it\/fr\/wp-json\/wp\/v2\/posts\/18212\/revisions"}],"predecessor-version":[{"id":18213,"href":"https:\/\/www.bellunopress.it\/fr\/wp-json\/wp\/v2\/posts\/18212\/revisions\/18213"}],"wp:attachment":[{"href":"https:\/\/www.bellunopress.it\/fr\/wp-json\/wp\/v2\/media?parent=18212"}],"wp:term":[{"taxonomy":"category","embeddable":true,"href":"https:\/\/www.bellunopress.it\/fr\/wp-json\/wp\/v2\/categories?post=18212"},{"taxonomy":"post_tag","embeddable":true,"href":"https:\/\/www.bellunopress.it\/fr\/wp-json\/wp\/v2\/tags?post=18212"}],"curies":[{"name":"wp","href":"https:\/\/api.w.org\/{rel}","templated":true}]}}