{"id":18044,"date":"2010-08-10T10:27:54","date_gmt":"2010-08-10T09:27:54","guid":{"rendered":"http:\/\/www.bellunopress.it\/?p=18044"},"modified":"2010-08-10T10:27:54","modified_gmt":"2010-08-10T09:27:54","slug":"il-circo-piu-piccolo-del-mondo-giovedi-a-pedavena","status":"publish","type":"post","link":"https:\/\/www.bellunopress.it\/fr\/2010\/08\/10\/il-circo-piu-piccolo-del-mondo-giovedi-a-pedavena\/","title":{"rendered":"Il circo pi\u00f9 piccolo del mondo gioved\u00ec a Pedavena"},"content":{"rendered":"<p>Gioved\u00ec 12 agosto alle ore 20.30 alla Piccola Arena (o in Sala Guarnieri in caso di pioggia), spettacolo per attore, organetto di barberia e burattini con Pierpaolo Di Giusto e Alberto De Bastiani. Il quarto appuntamento della rassegna Pedavena Estate, gioved\u00ec prossimo 12 agosto ore 20.30, riserva una piacevole sorpresa a tutti i bambini: il pi\u00f9 piccolo circo del mondo. Sar\u00e0 infatti di scena alla Piccola Arena della Biblioteca (in Sala Guarnieri in caso di maltempo) lo spettacolo \u201cCirco tre dita\u201d che ha come protagonisti dei burattini, in una divertente e affettuosa parodia dei loro colleghi in carne ed ossa. Il cast \u00e8 ricco di artisti internazionali: Vladimir Bombaciov, l\u2019ultimo uomo proiettile; Lul\u00f9 la donna pi\u00f9 forte del mondo che affronta il pi\u00f9 coraggioso bambino del pubblico; il fachiro Hai Ke Mal, Da Damus il pi\u00f9 vecchio domatore della preistoria\u2026\u00a0 non mancheranno i Clown Pippo e Pepe. A dare loro vita con la tecnica a tre dita \u00e8 lo \u201cstorico\u201d burattinaio\u00a0 Pierpaolo Di Giusto da Udine; a presentare i numeri coinvolgendo attivamente il pubblico, e dirigendo nel contempo l\u2019Orchestra, composta da un vecchio organetto a manovella, \u00e8 il non meno famoso e navigato Alberto De Bastiani, da Vittorio Veneto. Lo rappresentazione si caratterizza rispetto ai tradizionali spettacoli di teatro figura per svolgersi contemporaneamente dentro e fuori la baracca. Ha vinto nel 1998 il primo premio (su 60 compagnie) al Festival Internazionale di Teatro per Ragazzi di Porto S. Elpidio, venendo presentato nei migliori Festival italiani e all\u2019estero in Austria, Germania, Francia, Spagna, Repubblica Ceca, Olanda, Svizzera, Belgio, Slovenia, Pakistan, Ungheria e Portogallo. Con le sue migliaia di repliche \u00e8 ormai considerato un classico del genere. L\u2019ingresso \u00e8 libero. Info: Biblioteca Pedavena Tel. 0439.301818.<\/p>","protected":false},"excerpt":{"rendered":"<p>Gioved\u00ec 12 agosto alle ore 20.30 alla Piccola Arena (o in Sala Guarnieri in caso di pioggia), spettacolo per attore, organetto di barberia e burattini con Pierpaolo Di Giusto e Alberto De Bastiani. Il quarto appuntamento della rassegna Pedavena Estate, gioved\u00ec prossimo 12 agosto ore 20.30, riserva una piacevole sorpresa a tutti i bambini: il [&hellip;]<\/p>\n","protected":false},"author":2,"featured_media":0,"comment_status":"closed","ping_status":"open","sticky":false,"template":"","format":"standard","meta":{"footnotes":""},"categories":[3,25],"tags":[],"class_list":["post-18044","post","type-post","status-publish","format-standard","category-arte-cultura-spettacoli-scienza-archivi","category-pausa-caffe"],"yoast_head":"<!-- This site is optimized with the Yoast SEO plugin v28.4 - https:\/\/yoast.com\/product\/yoast-seo-wordpress\/ -->\n<title>Il circo pi\u00f9 piccolo del mondo gioved\u00ec a Pedavena - Bellunopress - Dolomiti<\/title>\n<meta name=\"robots\" content=\"index, follow, max-snippet:-1, max-image-preview:large, max-video-preview:-1\" \/>\n<link rel=\"canonical\" href=\"https:\/\/www.bellunopress.it\/fr\/2010\/08\/10\/il-circo-piu-piccolo-del-mondo-giovedi-a-pedavena\/\" \/>\n<meta property=\"og:locale\" content=\"fr_FR\" \/>\n<meta property=\"og:type\" content=\"article\" \/>\n<meta property=\"og:title\" content=\"Il circo pi\u00f9 piccolo del mondo gioved\u00ec a Pedavena - Bellunopress - Dolomiti\" \/>\n<meta property=\"og:description\" content=\"Gioved\u00ec 12 agosto alle ore 20.30 alla Piccola Arena (o in Sala Guarnieri in caso di pioggia), spettacolo per attore, organetto di barberia e burattini con Pierpaolo Di Giusto e Alberto De Bastiani. Il quarto appuntamento della rassegna Pedavena Estate, gioved\u00ec prossimo 12 agosto ore 20.30, riserva una piacevole sorpresa a tutti i bambini: il [&hellip;]\" \/>\n<meta property=\"og:url\" content=\"https:\/\/www.bellunopress.it\/fr\/2010\/08\/10\/il-circo-piu-piccolo-del-mondo-giovedi-a-pedavena\/\" \/>\n<meta property=\"og:site_name\" content=\"Bellunopress - Dolomiti\" \/>\n<meta property=\"article:publisher\" content=\"https:\/\/www.facebook.com\/profile.php?id=100008943462799\" \/>\n<meta property=\"article:published_time\" content=\"2010-08-10T09:27:54+00:00\" \/>\n<meta property=\"og:image\" content=\"http:\/\/www.bellunopress.it\/wp-content\/uploads\/2012\/07\/logo-bellunopress-250x250-2012.jpg\" \/>\n<meta name=\"author\" content=\"redazione\" \/>\n<meta name=\"twitter:card\" content=\"summary_large_image\" \/>\n<meta name=\"twitter:creator\" content=\"@bellunopress\" \/>\n<meta name=\"twitter:site\" content=\"@bellunopress\" \/>\n<meta name=\"twitter:label1\" content=\"\u00c9crit par\" \/>\n\t<meta name=\"twitter:data1\" content=\"redazione\" \/>\n\t<meta name=\"twitter:label2\" content=\"Dur\u00e9e de lecture estim\u00e9e\" \/>\n\t<meta name=\"twitter:data2\" content=\"1 minute\" \/>\n<script type=\"application\/ld+json\" class=\"yoast-schema-graph\">{\"@context\":\"https:\\\/\\\/schema.org\",\"@graph\":[{\"@type\":\"Article\",\"@id\":\"https:\\\/\\\/www.bellunopress.it\\\/2010\\\/08\\\/10\\\/il-circo-piu-piccolo-del-mondo-giovedi-a-pedavena\\\/#article\",\"isPartOf\":{\"@id\":\"https:\\\/\\\/www.bellunopress.it\\\/2010\\\/08\\\/10\\\/il-circo-piu-piccolo-del-mondo-giovedi-a-pedavena\\\/\"},\"author\":{\"name\":\"redazione\",\"@id\":\"https:\\\/\\\/www.bellunopress.it\\\/#\\\/schema\\\/person\\\/79bb06722b37ece1c03d3e94beb30d73\"},\"headline\":\"Il circo pi\u00f9 piccolo del mondo gioved\u00ec a Pedavena\",\"datePublished\":\"2010-08-10T09:27:54+00:00\",\"mainEntityOfPage\":{\"@id\":\"https:\\\/\\\/www.bellunopress.it\\\/2010\\\/08\\\/10\\\/il-circo-piu-piccolo-del-mondo-giovedi-a-pedavena\\\/\"},\"wordCount\":284,\"publisher\":{\"@id\":\"https:\\\/\\\/www.bellunopress.it\\\/#organization\"},\"articleSection\":[\"Arte, Cultura, Spettacoli, Scienza\",\"Pausa Caff\u00e8\"],\"inLanguage\":\"fr-FR\"},{\"@type\":\"WebPage\",\"@id\":\"https:\\\/\\\/www.bellunopress.it\\\/2010\\\/08\\\/10\\\/il-circo-piu-piccolo-del-mondo-giovedi-a-pedavena\\\/\",\"url\":\"https:\\\/\\\/www.bellunopress.it\\\/2010\\\/08\\\/10\\\/il-circo-piu-piccolo-del-mondo-giovedi-a-pedavena\\\/\",\"name\":\"Il circo pi\u00f9 piccolo del mondo gioved\u00ec a Pedavena - Bellunopress - Dolomiti\",\"isPartOf\":{\"@id\":\"https:\\\/\\\/www.bellunopress.it\\\/#website\"},\"datePublished\":\"2010-08-10T09:27:54+00:00\",\"breadcrumb\":{\"@id\":\"https:\\\/\\\/www.bellunopress.it\\\/2010\\\/08\\\/10\\\/il-circo-piu-piccolo-del-mondo-giovedi-a-pedavena\\\/#breadcrumb\"},\"inLanguage\":\"fr-FR\",\"potentialAction\":[{\"@type\":\"ReadAction\",\"target\":[\"https:\\\/\\\/www.bellunopress.it\\\/2010\\\/08\\\/10\\\/il-circo-piu-piccolo-del-mondo-giovedi-a-pedavena\\\/\"]}]},{\"@type\":\"BreadcrumbList\",\"@id\":\"https:\\\/\\\/www.bellunopress.it\\\/2010\\\/08\\\/10\\\/il-circo-piu-piccolo-del-mondo-giovedi-a-pedavena\\\/#breadcrumb\",\"itemListElement\":[{\"@type\":\"ListItem\",\"position\":1,\"name\":\"Home\",\"item\":\"https:\\\/\\\/www.bellunopress.it\\\/\"},{\"@type\":\"ListItem\",\"position\":2,\"name\":\"Il circo pi\u00f9 piccolo del mondo gioved\u00ec a Pedavena\"}]},{\"@type\":\"WebSite\",\"@id\":\"https:\\\/\\\/www.bellunopress.it\\\/#website\",\"url\":\"https:\\\/\\\/www.bellunopress.it\\\/\",\"name\":\"Bellunopress - Dolomiti\",\"description\":\"e-mail: redazione@bellunopress.it\",\"publisher\":{\"@id\":\"https:\\\/\\\/www.bellunopress.it\\\/#organization\"},\"potentialAction\":[{\"@type\":\"SearchAction\",\"target\":{\"@type\":\"EntryPoint\",\"urlTemplate\":\"https:\\\/\\\/www.bellunopress.it\\\/?s={search_term_string}\"},\"query-input\":{\"@type\":\"PropertyValueSpecification\",\"valueRequired\":true,\"valueName\":\"search_term_string\"}}],\"inLanguage\":\"fr-FR\"},{\"@type\":\"Organization\",\"@id\":\"https:\\\/\\\/www.bellunopress.it\\\/#organization\",\"name\":\"Bellunopress\",\"url\":\"https:\\\/\\\/www.bellunopress.it\\\/\",\"logo\":{\"@type\":\"ImageObject\",\"inLanguage\":\"fr-FR\",\"@id\":\"https:\\\/\\\/www.bellunopress.it\\\/#\\\/schema\\\/logo\\\/image\\\/\",\"url\":\"https:\\\/\\\/www.bellunopress.it\\\/wp-content\\\/uploads\\\/2011\\\/05\\\/cropped-logo-bellunopress-.jpg\",\"contentUrl\":\"https:\\\/\\\/www.bellunopress.it\\\/wp-content\\\/uploads\\\/2011\\\/05\\\/cropped-logo-bellunopress-.jpg\",\"width\":512,\"height\":512,\"caption\":\"Bellunopress\"},\"image\":{\"@id\":\"https:\\\/\\\/www.bellunopress.it\\\/#\\\/schema\\\/logo\\\/image\\\/\"},\"sameAs\":[\"https:\\\/\\\/www.facebook.com\\\/profile.php?id=100008943462799\",\"https:\\\/\\\/x.com\\\/bellunopress\",\"https:\\\/\\\/www.linkedin.com\\\/hp\\\/?dnr=JBzUWaJfMUw8vbXJJ2tVW5-I3jZKvC4wsoxE&amp;amp;amp;amp;amp;amp;trk=nav_responsive_tab_home\",\"https:\\\/\\\/www.youtube.com\\\/channel\\\/UCxL0wu1uN0_3_7hGG0306cw\"]},{\"@type\":\"Person\",\"@id\":\"https:\\\/\\\/www.bellunopress.it\\\/#\\\/schema\\\/person\\\/79bb06722b37ece1c03d3e94beb30d73\",\"name\":\"redazione\",\"image\":{\"@type\":\"ImageObject\",\"inLanguage\":\"fr-FR\",\"@id\":\"https:\\\/\\\/secure.gravatar.com\\\/avatar\\\/37d968a2e67a6fd04c169c4bdef102d0bc5d31b2546345219e348575eb80e9a0?s=96&d=mm&r=g\",\"url\":\"https:\\\/\\\/secure.gravatar.com\\\/avatar\\\/37d968a2e67a6fd04c169c4bdef102d0bc5d31b2546345219e348575eb80e9a0?s=96&d=mm&r=g\",\"contentUrl\":\"https:\\\/\\\/secure.gravatar.com\\\/avatar\\\/37d968a2e67a6fd04c169c4bdef102d0bc5d31b2546345219e348575eb80e9a0?s=96&d=mm&r=g\",\"caption\":\"redazione\"},\"sameAs\":[\"http:\\\/\\\/www.bellunopress.it\",\"https:\\\/\\\/x.com\\\/bellunopress\"],\"url\":\"https:\\\/\\\/www.bellunopress.it\\\/fr\\\/author\\\/redazione\\\/\"}]}<\/script>\n<!-- \/ Yoast SEO plugin. -->","yoast_head_json":{"title":"Il circo pi\u00f9 piccolo del mondo gioved\u00ec a Pedavena - Bellunopress - Dolomiti","robots":{"index":"index","follow":"follow","max-snippet":"max-snippet:-1","max-image-preview":"max-image-preview:large","max-video-preview":"max-video-preview:-1"},"canonical":"https:\/\/www.bellunopress.it\/fr\/2010\/08\/10\/il-circo-piu-piccolo-del-mondo-giovedi-a-pedavena\/","og_locale":"fr_FR","og_type":"article","og_title":"Il circo pi\u00f9 piccolo del mondo gioved\u00ec a Pedavena - Bellunopress - Dolomiti","og_description":"Gioved\u00ec 12 agosto alle ore 20.30 alla Piccola Arena (o in Sala Guarnieri in caso di pioggia), spettacolo per attore, organetto di barberia e burattini con Pierpaolo Di Giusto e Alberto De Bastiani. Il quarto appuntamento della rassegna Pedavena Estate, gioved\u00ec prossimo 12 agosto ore 20.30, riserva una piacevole sorpresa a tutti i bambini: il [&hellip;]","og_url":"https:\/\/www.bellunopress.it\/fr\/2010\/08\/10\/il-circo-piu-piccolo-del-mondo-giovedi-a-pedavena\/","og_site_name":"Bellunopress - Dolomiti","article_publisher":"https:\/\/www.facebook.com\/profile.php?id=100008943462799","article_published_time":"2010-08-10T09:27:54+00:00","og_image":[{"url":"http:\/\/www.bellunopress.it\/wp-content\/uploads\/2012\/07\/logo-bellunopress-250x250-2012.jpg","type":"","width":"","height":""}],"author":"redazione","twitter_card":"summary_large_image","twitter_creator":"@bellunopress","twitter_site":"@bellunopress","twitter_misc":{"\u00c9crit par":"redazione","Dur\u00e9e de lecture estim\u00e9e":"1 minute"},"schema":{"@context":"https:\/\/schema.org","@graph":[{"@type":"Article","@id":"https:\/\/www.bellunopress.it\/2010\/08\/10\/il-circo-piu-piccolo-del-mondo-giovedi-a-pedavena\/#article","isPartOf":{"@id":"https:\/\/www.bellunopress.it\/2010\/08\/10\/il-circo-piu-piccolo-del-mondo-giovedi-a-pedavena\/"},"author":{"name":"redazione","@id":"https:\/\/www.bellunopress.it\/#\/schema\/person\/79bb06722b37ece1c03d3e94beb30d73"},"headline":"Il circo pi\u00f9 piccolo del mondo gioved\u00ec a Pedavena","datePublished":"2010-08-10T09:27:54+00:00","mainEntityOfPage":{"@id":"https:\/\/www.bellunopress.it\/2010\/08\/10\/il-circo-piu-piccolo-del-mondo-giovedi-a-pedavena\/"},"wordCount":284,"publisher":{"@id":"https:\/\/www.bellunopress.it\/#organization"},"articleSection":["Arte, Cultura, Spettacoli, Scienza","Pausa Caff\u00e8"],"inLanguage":"fr-FR"},{"@type":"WebPage","@id":"https:\/\/www.bellunopress.it\/2010\/08\/10\/il-circo-piu-piccolo-del-mondo-giovedi-a-pedavena\/","url":"https:\/\/www.bellunopress.it\/2010\/08\/10\/il-circo-piu-piccolo-del-mondo-giovedi-a-pedavena\/","name":"Il circo pi\u00f9 piccolo del mondo gioved\u00ec a Pedavena - Bellunopress - Dolomiti","isPartOf":{"@id":"https:\/\/www.bellunopress.it\/#website"},"datePublished":"2010-08-10T09:27:54+00:00","breadcrumb":{"@id":"https:\/\/www.bellunopress.it\/2010\/08\/10\/il-circo-piu-piccolo-del-mondo-giovedi-a-pedavena\/#breadcrumb"},"inLanguage":"fr-FR","potentialAction":[{"@type":"ReadAction","target":["https:\/\/www.bellunopress.it\/2010\/08\/10\/il-circo-piu-piccolo-del-mondo-giovedi-a-pedavena\/"]}]},{"@type":"BreadcrumbList","@id":"https:\/\/www.bellunopress.it\/2010\/08\/10\/il-circo-piu-piccolo-del-mondo-giovedi-a-pedavena\/#breadcrumb","itemListElement":[{"@type":"ListItem","position":1,"name":"Home","item":"https:\/\/www.bellunopress.it\/"},{"@type":"ListItem","position":2,"name":"Il circo pi\u00f9 piccolo del mondo gioved\u00ec a Pedavena"}]},{"@type":"WebSite","@id":"https:\/\/www.bellunopress.it\/#website","url":"https:\/\/www.bellunopress.it\/","name":"Bellunopress - Dolomiti","description":"e-mail: redazione@bellunopress.it","publisher":{"@id":"https:\/\/www.bellunopress.it\/#organization"},"potentialAction":[{"@type":"SearchAction","target":{"@type":"EntryPoint","urlTemplate":"https:\/\/www.bellunopress.it\/?s={search_term_string}"},"query-input":{"@type":"PropertyValueSpecification","valueRequired":true,"valueName":"search_term_string"}}],"inLanguage":"fr-FR"},{"@type":"Organization","@id":"https:\/\/www.bellunopress.it\/#organization","name":"Bellunopress","url":"https:\/\/www.bellunopress.it\/","logo":{"@type":"ImageObject","inLanguage":"fr-FR","@id":"https:\/\/www.bellunopress.it\/#\/schema\/logo\/image\/","url":"https:\/\/www.bellunopress.it\/wp-content\/uploads\/2011\/05\/cropped-logo-bellunopress-.jpg","contentUrl":"https:\/\/www.bellunopress.it\/wp-content\/uploads\/2011\/05\/cropped-logo-bellunopress-.jpg","width":512,"height":512,"caption":"Bellunopress"},"image":{"@id":"https:\/\/www.bellunopress.it\/#\/schema\/logo\/image\/"},"sameAs":["https:\/\/www.facebook.com\/profile.php?id=100008943462799","https:\/\/x.com\/bellunopress","https:\/\/www.linkedin.com\/hp\/?dnr=JBzUWaJfMUw8vbXJJ2tVW5-I3jZKvC4wsoxE&amp;amp;amp;amp;amp;amp;trk=nav_responsive_tab_home","https:\/\/www.youtube.com\/channel\/UCxL0wu1uN0_3_7hGG0306cw"]},{"@type":"Person","@id":"https:\/\/www.bellunopress.it\/#\/schema\/person\/79bb06722b37ece1c03d3e94beb30d73","name":"r\u00e9daction","image":{"@type":"ImageObject","inLanguage":"fr-FR","@id":"https:\/\/secure.gravatar.com\/avatar\/37d968a2e67a6fd04c169c4bdef102d0bc5d31b2546345219e348575eb80e9a0?s=96&d=mm&r=g","url":"https:\/\/secure.gravatar.com\/avatar\/37d968a2e67a6fd04c169c4bdef102d0bc5d31b2546345219e348575eb80e9a0?s=96&d=mm&r=g","contentUrl":"https:\/\/secure.gravatar.com\/avatar\/37d968a2e67a6fd04c169c4bdef102d0bc5d31b2546345219e348575eb80e9a0?s=96&d=mm&r=g","caption":"redazione"},"sameAs":["http:\/\/www.bellunopress.it","https:\/\/x.com\/bellunopress"],"url":"https:\/\/www.bellunopress.it\/fr\/author\/redazione\/"}]}},"_links":{"self":[{"href":"https:\/\/www.bellunopress.it\/fr\/wp-json\/wp\/v2\/posts\/18044","targetHints":{"allow":["GET"]}}],"collection":[{"href":"https:\/\/www.bellunopress.it\/fr\/wp-json\/wp\/v2\/posts"}],"about":[{"href":"https:\/\/www.bellunopress.it\/fr\/wp-json\/wp\/v2\/types\/post"}],"author":[{"embeddable":true,"href":"https:\/\/www.bellunopress.it\/fr\/wp-json\/wp\/v2\/users\/2"}],"replies":[{"embeddable":true,"href":"https:\/\/www.bellunopress.it\/fr\/wp-json\/wp\/v2\/comments?post=18044"}],"version-history":[{"count":1,"href":"https:\/\/www.bellunopress.it\/fr\/wp-json\/wp\/v2\/posts\/18044\/revisions"}],"predecessor-version":[{"id":18045,"href":"https:\/\/www.bellunopress.it\/fr\/wp-json\/wp\/v2\/posts\/18044\/revisions\/18045"}],"wp:attachment":[{"href":"https:\/\/www.bellunopress.it\/fr\/wp-json\/wp\/v2\/media?parent=18044"}],"wp:term":[{"taxonomy":"category","embeddable":true,"href":"https:\/\/www.bellunopress.it\/fr\/wp-json\/wp\/v2\/categories?post=18044"},{"taxonomy":"post_tag","embeddable":true,"href":"https:\/\/www.bellunopress.it\/fr\/wp-json\/wp\/v2\/tags?post=18044"}],"curies":[{"name":"wp","href":"https:\/\/api.w.org\/{rel}","templated":true}]}}