{"id":18036,"date":"2010-08-10T08:17:16","date_gmt":"2010-08-10T07:17:16","guid":{"rendered":"http:\/\/www.bellunopress.it\/?p=18036"},"modified":"2010-08-10T08:18:31","modified_gmt":"2010-08-10T07:18:31","slug":"cortina-incontra-panella-liran-assomiglia-maledettamente-alla-germania-degli-anni-30-jean-decapitata-la-struttura-del-terrorismo-internazionale-rimane-solo-il-fai-da-te","status":"publish","type":"post","link":"https:\/\/www.bellunopress.it\/fr\/2010\/08\/10\/cortina-incontra-panella-liran-assomiglia-maledettamente-alla-germania-degli-anni-30-jean-decapitata-la-struttura-del-terrorismo-internazionale-rimane-solo-il-fai-da-te\/","title":{"rendered":"Cortina InContra. Panella: &#8220;L&#8217;Iran assomiglia maledettamente alla Germania degli anni &#8217;30&#8221;. Jean: &#8220;decapitata la struttura del terrorismo internazionale, rimane solo il fai da te&#8221;"},"content":{"rendered":"<p><a href=\"http:\/\/www.bellunopress.it\/wp-content\/uploads\/2010\/08\/cortina-incontra-capuozzo-jean-003.jpg\"><img loading=\"lazy\" decoding=\"async\" class=\"alignleft size-medium wp-image-18035\" title=\"cortina-incontra-capuozzo-jean-003\" src=\"http:\/\/www.bellunopress.it\/wp-content\/uploads\/2010\/08\/cortina-incontra-capuozzo-jean-003.jpg\" alt=\"\" width=\"280\" height=\"187\" \/><\/a>Chi \u00e8 uscito dall&#8217;Audi Palace di Cortina ieri sera (luned\u00ec 9 agosto), in una serata inaspettatamente mite che invitava a passeggiare per Corso Italia, ha le idee un po&#8217; pi\u00f9 chiare del quadro geopolitico internazionale. Quello tracciato dall&#8217;attentato dell&#8217;11 settembre 2001 alle Torri gemelle ad oggi, riferito all&#8217;inafferrabile Osama Bin Laden. A parlare della questione sul palco di Cortina InContra c&#8217;erano Carlo Panella, giornalista, autore de \u201cAyatollah atomici\u201d (Mursia); Stefano Dambruoso, responsabile attivit\u00e0 internazionali Ministero Giustizia; Carlo Jean, esperto strategie militari e geopolitica, autore de \u201cItaliani e forze armate\u201d (Franco Angeli); Toni Capuozzo, giornalista TG5, conduttore Terra; Guido Rampoldi, giornalista La Repubblica; con moderatore Andrea Zanini. C&#8217;\u00e8 una taglia di 25 milioni di dollari sulla testa di Bin Laden, ma lui fa ancora paura? Per Toni Capuozzo si tratta di un falso problema, perch\u00e9 &#8220;questa primula rossa che vanta il primato di non catturabilit\u00e0 \u00e8 lo specchio delle incertezze politico-militari dell&#8217;occidente&#8221;. Per D&#8217;Ambruoso &#8220;oggi vi sono 400-500 persone in Europa non identificate che aderiscono alla filosofia di Bin Laden&#8221;. E comunque, secondo Carlo Panella, il fatto che Bin Laden sia vivo o morto \u00e8 irrilevante. Il problema \u00e8 che &#8220;il mondo islamico non \u00e8 riuscito ad isolare e arginare il terrorismo. Un esempio per tutti: nessuna voce di sdegno si \u00e8 levata dal mondo islamico per il recente massacro degli 8 medici in Afghanistan, uccisi solo perch\u00e9 avevano in tasca la Bibbia. Di pi\u00f9: sono 5mila i musulmani uccisi dai terroristi islamici, ma non c&#8217;\u00e8 una condanna netta dei mullah dalle moschee&#8221;. Il motivo lo spiega il generale Jean (gi\u00e0 comandante della disciolta Brigata Alpina Cadore a met\u00e0 degli anni &#8217;80), &#8220;il terrorismo islamico ha radici profonde&#8221;! E fa l&#8217;esempio delle Brigate rosse, sconfitte appunto perch\u00e9 non erano radicate, a differenza della mafia che \u00e8 nata ai tempi dell&#8217;invasione normanna. Inoltre, spiega Jean, &#8220;il Corano ha due letture, ci sono i discorsi\u00a0 tolleranti di Maometto a Medina, e quelli de La Mecca, con i Libri della spada&#8221;. &#8220;Oggi c&#8217;\u00e8 un antico mondo feudale islamico che \u00e8 terminato &#8211; ha detto Rampoldi &#8211; e che \u00e8 alla ricerca di una sua nuova collocazione&#8221;. Sta quindi anche all&#8217;Occidente riuscire a dialogare con la componente moderata dell&#8217;Islam. Che Panella identifica, ad esempio, negli stati del Marocco e della Giordania dove i regnanti stanno sostenendo i diritti di donne e bambini.\u00a0 Sotto il profilo militare &#8220;il grosso dell&#8217;organizzazione terroristica \u00e8 stata smantellata &#8211; ha detto Jean &#8211; oggi sono rimasti solo lupi solitari, con il fai da te&#8221;.\u00a0<a href=\"http:\/\/www.bellunopress.it\/wp-content\/uploads\/2010\/08\/cortina-incontra-2010-150x76.jpg\"><img loading=\"lazy\" decoding=\"async\" class=\"alignright size-medium wp-image-18034\" title=\"cortina-incontra-2010-150x76\" src=\"http:\/\/www.bellunopress.it\/wp-content\/uploads\/2010\/08\/cortina-incontra-2010-150x76.jpg\" alt=\"\" width=\"150\" height=\"76\" \/><\/a> Ma D&#8217;Ambruoso parla chiaro e dice: &#8220;qualcuno dovrebbe spiegare perch\u00e9 siamo in Afghanistan, dicendo chiaramente che vi sono questioni geopolitiche alla base e per contrastare il terrorismo che non ha pi\u00f9 nulla a che fare con quello dell&#8217;11 settembre&#8221;. &#8220;Ma se questa \u00e8 una sporca guerra &#8211; sostiene Capuozzo &#8211; prima c&#8217;era una pace disgustosa governata da talebani che lasciavano morire per strada i bambini&#8221;! Pannella fa notare che la popolazione \u00e8 terrorizzata dai talebani; e del resto &#8220;nessun paese islamico alleato all&#8217;occidente ha inviato in Afghanistan contingenti militari. Perch\u00e9 se l&#8217;avessero fatto si sarebbero sollevati i mullah dalle moschee. E dunque la via d&#8217;uscita deve partire da una reazione che provenga dal mondo islamico&#8221;. Per il generale Jean la strategia giusta \u00e8 quella di continuare a colpire il terrorismo fuori dai nostri confini nazionali, per impedirne l&#8217;espansione. Il termometro internazionale per monitorare l&#8217;evolversi della situazione &#8211; spiega il generale Jean &#8211;\u00a0 \u00e8 rappresentato oggi dalla Nigeria: se cadr\u00e0 in mano ai fondamentalisti significa che il terrorismo avanza nel mondo&#8221;. Le battute finale, e anche pi\u00f9 inquietanti della serata le pronuncia Carlo Panella: &#8220;ci troviamo nella situazione analoga al 1938, quando il premier britannico Chamberlain, il maggior sostenitore della politica di appeasement alla vigilia della II Guerra mondiale, fu tiepido con Hitler ritenendo che si accontentasse della Cecoslovacchia, come ristoro delle troppo pesanti sanzioni conseguenti la I Guerra mondiale. L&#8217;Iran oggi &#8211; ha concluso Panella &#8211;\u00a0 assomiglia maledettamente alla Germania degli anni &#8217;30&#8221;!\u00a0\u00a0<\/p>\n<p>Roberto De Nart<\/p>","protected":false},"excerpt":{"rendered":"<p>Chi \u00e8 uscito dall&#8217;Audi Palace di Cortina ieri sera (luned\u00ec 9 agosto), in una serata inaspettatamente mite che invitava a passeggiare per Corso Italia, ha le idee un po&#8217; pi\u00f9 chiare del quadro geopolitico internazionale. Quello tracciato dall&#8217;attentato dell&#8217;11 settembre 2001 alle Torri gemelle ad oggi, riferito all&#8217;inafferrabile Osama Bin Laden. A parlare della questione [&hellip;]<\/p>\n","protected":false},"author":2,"featured_media":0,"comment_status":"closed","ping_status":"open","sticky":false,"template":"","format":"standard","meta":{"footnotes":""},"categories":[5,49],"tags":[2120,2026,2117,2116,2118,2119],"class_list":["post-18036","post","type-post","status-publish","format-standard","category-cronaca","category-speciali","tag-capuozzo","tag-cortina-incontra-2010","tag-dambruoso","tag-jean","tag-panella","tag-rampoldi"],"yoast_head":"<!-- This site is optimized with the Yoast SEO plugin v28.4 - https:\/\/yoast.com\/product\/yoast-seo-wordpress\/ -->\n<title>Cortina InContra. Panella: &quot;L&#039;Iran assomiglia maledettamente alla Germania degli anni &#039;30&quot;. Jean: &quot;decapitata la struttura del terrorismo internazionale, rimane solo il fai da te&quot;  - Bellunopress - Dolomiti<\/title>\n<meta name=\"robots\" content=\"index, follow, max-snippet:-1, max-image-preview:large, max-video-preview:-1\" \/>\n<link rel=\"canonical\" href=\"https:\/\/www.bellunopress.it\/fr\/2010\/08\/10\/cortina-incontra-panella-liran-assomiglia-maledettamente-alla-germania-degli-anni-30-jean-decapitata-la-struttura-del-terrorismo-internazionale-rimane-solo-il-fai-da-te\/\" \/>\n<meta property=\"og:locale\" content=\"fr_FR\" \/>\n<meta property=\"og:type\" content=\"article\" \/>\n<meta property=\"og:title\" content=\"Cortina InContra. Panella: &quot;L&#039;Iran assomiglia maledettamente alla Germania degli anni &#039;30&quot;. Jean: &quot;decapitata la struttura del terrorismo internazionale, rimane solo il fai da te&quot;  - Bellunopress - Dolomiti\" \/>\n<meta property=\"og:description\" content=\"Chi \u00e8 uscito dall&#8217;Audi Palace di Cortina ieri sera (luned\u00ec 9 agosto), in una serata inaspettatamente mite che invitava a passeggiare per Corso Italia, ha le idee un po&#8217; pi\u00f9 chiare del quadro geopolitico internazionale. Quello tracciato dall&#8217;attentato dell&#8217;11 settembre 2001 alle Torri gemelle ad oggi, riferito all&#8217;inafferrabile Osama Bin Laden. A parlare della questione [&hellip;]\" \/>\n<meta property=\"og:url\" content=\"https:\/\/www.bellunopress.it\/fr\/2010\/08\/10\/cortina-incontra-panella-liran-assomiglia-maledettamente-alla-germania-degli-anni-30-jean-decapitata-la-struttura-del-terrorismo-internazionale-rimane-solo-il-fai-da-te\/\" \/>\n<meta property=\"og:site_name\" content=\"Bellunopress - Dolomiti\" \/>\n<meta property=\"article:publisher\" content=\"https:\/\/www.facebook.com\/profile.php?id=100008943462799\" \/>\n<meta property=\"article:published_time\" content=\"2010-08-10T07:17:16+00:00\" \/>\n<meta property=\"article:modified_time\" content=\"2010-08-10T07:18:31+00:00\" \/>\n<meta property=\"og:image\" content=\"http:\/\/www.bellunopress.it\/wp-content\/uploads\/2010\/08\/cortina-incontra-capuozzo-jean-003.jpg\" \/>\n<meta name=\"author\" content=\"redazione\" \/>\n<meta name=\"twitter:card\" content=\"summary_large_image\" \/>\n<meta name=\"twitter:creator\" content=\"@bellunopress\" \/>\n<meta name=\"twitter:site\" content=\"@bellunopress\" \/>\n<meta name=\"twitter:label1\" content=\"\u00c9crit par\" \/>\n\t<meta name=\"twitter:data1\" content=\"redazione\" \/>\n\t<meta name=\"twitter:label2\" content=\"Dur\u00e9e de lecture estim\u00e9e\" \/>\n\t<meta name=\"twitter:data2\" content=\"3 minutes\" \/>\n<script type=\"application\/ld+json\" class=\"yoast-schema-graph\">{\"@context\":\"https:\\\/\\\/schema.org\",\"@graph\":[{\"@type\":\"Article\",\"@id\":\"https:\\\/\\\/www.bellunopress.it\\\/2010\\\/08\\\/10\\\/cortina-incontra-panella-liran-assomiglia-maledettamente-alla-germania-degli-anni-30-jean-decapitata-la-struttura-del-terrorismo-internazionale-rimane-solo-il-fai-da-te\\\/#article\",\"isPartOf\":{\"@id\":\"https:\\\/\\\/www.bellunopress.it\\\/2010\\\/08\\\/10\\\/cortina-incontra-panella-liran-assomiglia-maledettamente-alla-germania-degli-anni-30-jean-decapitata-la-struttura-del-terrorismo-internazionale-rimane-solo-il-fai-da-te\\\/\"},\"author\":{\"name\":\"redazione\",\"@id\":\"https:\\\/\\\/www.bellunopress.it\\\/#\\\/schema\\\/person\\\/79bb06722b37ece1c03d3e94beb30d73\"},\"headline\":\"Cortina InContra. Panella: &#8220;L&#8217;Iran assomiglia maledettamente alla Germania degli anni &#8217;30&#8221;. Jean: &#8220;decapitata la struttura del terrorismo internazionale, rimane solo il fai da te&#8221;\",\"datePublished\":\"2010-08-10T07:17:16+00:00\",\"dateModified\":\"2010-08-10T07:18:31+00:00\",\"mainEntityOfPage\":{\"@id\":\"https:\\\/\\\/www.bellunopress.it\\\/2010\\\/08\\\/10\\\/cortina-incontra-panella-liran-assomiglia-maledettamente-alla-germania-degli-anni-30-jean-decapitata-la-struttura-del-terrorismo-internazionale-rimane-solo-il-fai-da-te\\\/\"},\"wordCount\":682,\"publisher\":{\"@id\":\"https:\\\/\\\/www.bellunopress.it\\\/#organization\"},\"image\":{\"@id\":\"https:\\\/\\\/www.bellunopress.it\\\/2010\\\/08\\\/10\\\/cortina-incontra-panella-liran-assomiglia-maledettamente-alla-germania-degli-anni-30-jean-decapitata-la-struttura-del-terrorismo-internazionale-rimane-solo-il-fai-da-te\\\/#primaryimage\"},\"thumbnailUrl\":\"http:\\\/\\\/www.bellunopress.it\\\/wp-content\\\/uploads\\\/2010\\\/08\\\/cortina-incontra-capuozzo-jean-003.jpg\",\"keywords\":[\"Capuozzo\",\"Cortina InContra 2010\",\"D'Ambruoso\",\"Jean\",\"Panella\",\"Rampoldi\"],\"articleSection\":[\"Cronaca\\\/Politica\",\"Gli speciali di Bellunopress\"],\"inLanguage\":\"fr-FR\"},{\"@type\":\"WebPage\",\"@id\":\"https:\\\/\\\/www.bellunopress.it\\\/2010\\\/08\\\/10\\\/cortina-incontra-panella-liran-assomiglia-maledettamente-alla-germania-degli-anni-30-jean-decapitata-la-struttura-del-terrorismo-internazionale-rimane-solo-il-fai-da-te\\\/\",\"url\":\"https:\\\/\\\/www.bellunopress.it\\\/2010\\\/08\\\/10\\\/cortina-incontra-panella-liran-assomiglia-maledettamente-alla-germania-degli-anni-30-jean-decapitata-la-struttura-del-terrorismo-internazionale-rimane-solo-il-fai-da-te\\\/\",\"name\":\"Cortina InContra. Panella: \\\"L'Iran assomiglia maledettamente alla Germania degli anni '30\\\". Jean: \\\"decapitata la struttura del terrorismo internazionale, rimane solo il fai da te\\\" - Bellunopress - Dolomiti\",\"isPartOf\":{\"@id\":\"https:\\\/\\\/www.bellunopress.it\\\/#website\"},\"primaryImageOfPage\":{\"@id\":\"https:\\\/\\\/www.bellunopress.it\\\/2010\\\/08\\\/10\\\/cortina-incontra-panella-liran-assomiglia-maledettamente-alla-germania-degli-anni-30-jean-decapitata-la-struttura-del-terrorismo-internazionale-rimane-solo-il-fai-da-te\\\/#primaryimage\"},\"image\":{\"@id\":\"https:\\\/\\\/www.bellunopress.it\\\/2010\\\/08\\\/10\\\/cortina-incontra-panella-liran-assomiglia-maledettamente-alla-germania-degli-anni-30-jean-decapitata-la-struttura-del-terrorismo-internazionale-rimane-solo-il-fai-da-te\\\/#primaryimage\"},\"thumbnailUrl\":\"http:\\\/\\\/www.bellunopress.it\\\/wp-content\\\/uploads\\\/2010\\\/08\\\/cortina-incontra-capuozzo-jean-003.jpg\",\"datePublished\":\"2010-08-10T07:17:16+00:00\",\"dateModified\":\"2010-08-10T07:18:31+00:00\",\"breadcrumb\":{\"@id\":\"https:\\\/\\\/www.bellunopress.it\\\/2010\\\/08\\\/10\\\/cortina-incontra-panella-liran-assomiglia-maledettamente-alla-germania-degli-anni-30-jean-decapitata-la-struttura-del-terrorismo-internazionale-rimane-solo-il-fai-da-te\\\/#breadcrumb\"},\"inLanguage\":\"fr-FR\",\"potentialAction\":[{\"@type\":\"ReadAction\",\"target\":[\"https:\\\/\\\/www.bellunopress.it\\\/2010\\\/08\\\/10\\\/cortina-incontra-panella-liran-assomiglia-maledettamente-alla-germania-degli-anni-30-jean-decapitata-la-struttura-del-terrorismo-internazionale-rimane-solo-il-fai-da-te\\\/\"]}]},{\"@type\":\"ImageObject\",\"inLanguage\":\"fr-FR\",\"@id\":\"https:\\\/\\\/www.bellunopress.it\\\/2010\\\/08\\\/10\\\/cortina-incontra-panella-liran-assomiglia-maledettamente-alla-germania-degli-anni-30-jean-decapitata-la-struttura-del-terrorismo-internazionale-rimane-solo-il-fai-da-te\\\/#primaryimage\",\"url\":\"http:\\\/\\\/www.bellunopress.it\\\/wp-content\\\/uploads\\\/2010\\\/08\\\/cortina-incontra-capuozzo-jean-003.jpg\",\"contentUrl\":\"http:\\\/\\\/www.bellunopress.it\\\/wp-content\\\/uploads\\\/2010\\\/08\\\/cortina-incontra-capuozzo-jean-003.jpg\"},{\"@type\":\"BreadcrumbList\",\"@id\":\"https:\\\/\\\/www.bellunopress.it\\\/2010\\\/08\\\/10\\\/cortina-incontra-panella-liran-assomiglia-maledettamente-alla-germania-degli-anni-30-jean-decapitata-la-struttura-del-terrorismo-internazionale-rimane-solo-il-fai-da-te\\\/#breadcrumb\",\"itemListElement\":[{\"@type\":\"ListItem\",\"position\":1,\"name\":\"Home\",\"item\":\"https:\\\/\\\/www.bellunopress.it\\\/\"},{\"@type\":\"ListItem\",\"position\":2,\"name\":\"Cortina InContra. Panella: &#8220;L&#8217;Iran assomiglia maledettamente alla Germania degli anni &#8217;30&#8221;. Jean: &#8220;decapitata la struttura del terrorismo internazionale, rimane solo il fai da te&#8221;\"}]},{\"@type\":\"WebSite\",\"@id\":\"https:\\\/\\\/www.bellunopress.it\\\/#website\",\"url\":\"https:\\\/\\\/www.bellunopress.it\\\/\",\"name\":\"Bellunopress - Dolomiti\",\"description\":\"e-mail: redazione@bellunopress.it\",\"publisher\":{\"@id\":\"https:\\\/\\\/www.bellunopress.it\\\/#organization\"},\"potentialAction\":[{\"@type\":\"SearchAction\",\"target\":{\"@type\":\"EntryPoint\",\"urlTemplate\":\"https:\\\/\\\/www.bellunopress.it\\\/?s={search_term_string}\"},\"query-input\":{\"@type\":\"PropertyValueSpecification\",\"valueRequired\":true,\"valueName\":\"search_term_string\"}}],\"inLanguage\":\"fr-FR\"},{\"@type\":\"Organization\",\"@id\":\"https:\\\/\\\/www.bellunopress.it\\\/#organization\",\"name\":\"Bellunopress\",\"url\":\"https:\\\/\\\/www.bellunopress.it\\\/\",\"logo\":{\"@type\":\"ImageObject\",\"inLanguage\":\"fr-FR\",\"@id\":\"https:\\\/\\\/www.bellunopress.it\\\/#\\\/schema\\\/logo\\\/image\\\/\",\"url\":\"https:\\\/\\\/www.bellunopress.it\\\/wp-content\\\/uploads\\\/2011\\\/05\\\/cropped-logo-bellunopress-.jpg\",\"contentUrl\":\"https:\\\/\\\/www.bellunopress.it\\\/wp-content\\\/uploads\\\/2011\\\/05\\\/cropped-logo-bellunopress-.jpg\",\"width\":512,\"height\":512,\"caption\":\"Bellunopress\"},\"image\":{\"@id\":\"https:\\\/\\\/www.bellunopress.it\\\/#\\\/schema\\\/logo\\\/image\\\/\"},\"sameAs\":[\"https:\\\/\\\/www.facebook.com\\\/profile.php?id=100008943462799\",\"https:\\\/\\\/x.com\\\/bellunopress\",\"https:\\\/\\\/www.linkedin.com\\\/hp\\\/?dnr=JBzUWaJfMUw8vbXJJ2tVW5-I3jZKvC4wsoxE&amp;amp;amp;amp;amp;amp;trk=nav_responsive_tab_home\",\"https:\\\/\\\/www.youtube.com\\\/channel\\\/UCxL0wu1uN0_3_7hGG0306cw\"]},{\"@type\":\"Person\",\"@id\":\"https:\\\/\\\/www.bellunopress.it\\\/#\\\/schema\\\/person\\\/79bb06722b37ece1c03d3e94beb30d73\",\"name\":\"redazione\",\"image\":{\"@type\":\"ImageObject\",\"inLanguage\":\"fr-FR\",\"@id\":\"https:\\\/\\\/secure.gravatar.com\\\/avatar\\\/37d968a2e67a6fd04c169c4bdef102d0bc5d31b2546345219e348575eb80e9a0?s=96&d=mm&r=g\",\"url\":\"https:\\\/\\\/secure.gravatar.com\\\/avatar\\\/37d968a2e67a6fd04c169c4bdef102d0bc5d31b2546345219e348575eb80e9a0?s=96&d=mm&r=g\",\"contentUrl\":\"https:\\\/\\\/secure.gravatar.com\\\/avatar\\\/37d968a2e67a6fd04c169c4bdef102d0bc5d31b2546345219e348575eb80e9a0?s=96&d=mm&r=g\",\"caption\":\"redazione\"},\"sameAs\":[\"http:\\\/\\\/www.bellunopress.it\",\"https:\\\/\\\/x.com\\\/bellunopress\"],\"url\":\"https:\\\/\\\/www.bellunopress.it\\\/fr\\\/author\\\/redazione\\\/\"}]}<\/script>\n<!-- \/ Yoast SEO plugin. -->","yoast_head_json":{"title":"Cortina InContra. Panella: \"L'Iran assomiglia maledettamente alla Germania degli anni '30\". Jean: \"decapitata la struttura del terrorismo internazionale, rimane solo il fai da te\"  - Bellunopress - Dolomiti","robots":{"index":"index","follow":"follow","max-snippet":"max-snippet:-1","max-image-preview":"max-image-preview:large","max-video-preview":"max-video-preview:-1"},"canonical":"https:\/\/www.bellunopress.it\/fr\/2010\/08\/10\/cortina-incontra-panella-liran-assomiglia-maledettamente-alla-germania-degli-anni-30-jean-decapitata-la-struttura-del-terrorismo-internazionale-rimane-solo-il-fai-da-te\/","og_locale":"fr_FR","og_type":"article","og_title":"Cortina InContra. Panella: \"L'Iran assomiglia maledettamente alla Germania degli anni '30\". Jean: \"decapitata la struttura del terrorismo internazionale, rimane solo il fai da te\"  - Bellunopress - Dolomiti","og_description":"Chi \u00e8 uscito dall&#8217;Audi Palace di Cortina ieri sera (luned\u00ec 9 agosto), in una serata inaspettatamente mite che invitava a passeggiare per Corso Italia, ha le idee un po&#8217; pi\u00f9 chiare del quadro geopolitico internazionale. Quello tracciato dall&#8217;attentato dell&#8217;11 settembre 2001 alle Torri gemelle ad oggi, riferito all&#8217;inafferrabile Osama Bin Laden. A parlare della questione [&hellip;]","og_url":"https:\/\/www.bellunopress.it\/fr\/2010\/08\/10\/cortina-incontra-panella-liran-assomiglia-maledettamente-alla-germania-degli-anni-30-jean-decapitata-la-struttura-del-terrorismo-internazionale-rimane-solo-il-fai-da-te\/","og_site_name":"Bellunopress - Dolomiti","article_publisher":"https:\/\/www.facebook.com\/profile.php?id=100008943462799","article_published_time":"2010-08-10T07:17:16+00:00","article_modified_time":"2010-08-10T07:18:31+00:00","og_image":[{"url":"http:\/\/www.bellunopress.it\/wp-content\/uploads\/2010\/08\/cortina-incontra-capuozzo-jean-003.jpg","type":"","width":"","height":""}],"author":"redazione","twitter_card":"summary_large_image","twitter_creator":"@bellunopress","twitter_site":"@bellunopress","twitter_misc":{"\u00c9crit par":"redazione","Dur\u00e9e de lecture estim\u00e9e":"3 minutes"},"schema":{"@context":"https:\/\/schema.org","@graph":[{"@type":"Article","@id":"https:\/\/www.bellunopress.it\/2010\/08\/10\/cortina-incontra-panella-liran-assomiglia-maledettamente-alla-germania-degli-anni-30-jean-decapitata-la-struttura-del-terrorismo-internazionale-rimane-solo-il-fai-da-te\/#article","isPartOf":{"@id":"https:\/\/www.bellunopress.it\/2010\/08\/10\/cortina-incontra-panella-liran-assomiglia-maledettamente-alla-germania-degli-anni-30-jean-decapitata-la-struttura-del-terrorismo-internazionale-rimane-solo-il-fai-da-te\/"},"author":{"name":"redazione","@id":"https:\/\/www.bellunopress.it\/#\/schema\/person\/79bb06722b37ece1c03d3e94beb30d73"},"headline":"Cortina InContra. Panella: &#8220;L&#8217;Iran assomiglia maledettamente alla Germania degli anni &#8217;30&#8221;. Jean: &#8220;decapitata la struttura del terrorismo internazionale, rimane solo il fai da te&#8221;","datePublished":"2010-08-10T07:17:16+00:00","dateModified":"2010-08-10T07:18:31+00:00","mainEntityOfPage":{"@id":"https:\/\/www.bellunopress.it\/2010\/08\/10\/cortina-incontra-panella-liran-assomiglia-maledettamente-alla-germania-degli-anni-30-jean-decapitata-la-struttura-del-terrorismo-internazionale-rimane-solo-il-fai-da-te\/"},"wordCount":682,"publisher":{"@id":"https:\/\/www.bellunopress.it\/#organization"},"image":{"@id":"https:\/\/www.bellunopress.it\/2010\/08\/10\/cortina-incontra-panella-liran-assomiglia-maledettamente-alla-germania-degli-anni-30-jean-decapitata-la-struttura-del-terrorismo-internazionale-rimane-solo-il-fai-da-te\/#primaryimage"},"thumbnailUrl":"http:\/\/www.bellunopress.it\/wp-content\/uploads\/2010\/08\/cortina-incontra-capuozzo-jean-003.jpg","keywords":["Capuozzo","Cortina InContra 2010","D'Ambruoso","Jean","Panella","Rampoldi"],"articleSection":["Cronaca\/Politica","Gli speciali di Bellunopress"],"inLanguage":"fr-FR"},{"@type":"WebPage","@id":"https:\/\/www.bellunopress.it\/2010\/08\/10\/cortina-incontra-panella-liran-assomiglia-maledettamente-alla-germania-degli-anni-30-jean-decapitata-la-struttura-del-terrorismo-internazionale-rimane-solo-il-fai-da-te\/","url":"https:\/\/www.bellunopress.it\/2010\/08\/10\/cortina-incontra-panella-liran-assomiglia-maledettamente-alla-germania-degli-anni-30-jean-decapitata-la-struttura-del-terrorismo-internazionale-rimane-solo-il-fai-da-te\/","name":"Cortina InContra. Panella: \"L'Iran assomiglia maledettamente alla Germania degli anni '30\". Jean: \"decapitata la struttura del terrorismo internazionale, rimane solo il fai da te\" - Bellunopress - Dolomiti","isPartOf":{"@id":"https:\/\/www.bellunopress.it\/#website"},"primaryImageOfPage":{"@id":"https:\/\/www.bellunopress.it\/2010\/08\/10\/cortina-incontra-panella-liran-assomiglia-maledettamente-alla-germania-degli-anni-30-jean-decapitata-la-struttura-del-terrorismo-internazionale-rimane-solo-il-fai-da-te\/#primaryimage"},"image":{"@id":"https:\/\/www.bellunopress.it\/2010\/08\/10\/cortina-incontra-panella-liran-assomiglia-maledettamente-alla-germania-degli-anni-30-jean-decapitata-la-struttura-del-terrorismo-internazionale-rimane-solo-il-fai-da-te\/#primaryimage"},"thumbnailUrl":"http:\/\/www.bellunopress.it\/wp-content\/uploads\/2010\/08\/cortina-incontra-capuozzo-jean-003.jpg","datePublished":"2010-08-10T07:17:16+00:00","dateModified":"2010-08-10T07:18:31+00:00","breadcrumb":{"@id":"https:\/\/www.bellunopress.it\/2010\/08\/10\/cortina-incontra-panella-liran-assomiglia-maledettamente-alla-germania-degli-anni-30-jean-decapitata-la-struttura-del-terrorismo-internazionale-rimane-solo-il-fai-da-te\/#breadcrumb"},"inLanguage":"fr-FR","potentialAction":[{"@type":"ReadAction","target":["https:\/\/www.bellunopress.it\/2010\/08\/10\/cortina-incontra-panella-liran-assomiglia-maledettamente-alla-germania-degli-anni-30-jean-decapitata-la-struttura-del-terrorismo-internazionale-rimane-solo-il-fai-da-te\/"]}]},{"@type":"ImageObject","inLanguage":"fr-FR","@id":"https:\/\/www.bellunopress.it\/2010\/08\/10\/cortina-incontra-panella-liran-assomiglia-maledettamente-alla-germania-degli-anni-30-jean-decapitata-la-struttura-del-terrorismo-internazionale-rimane-solo-il-fai-da-te\/#primaryimage","url":"http:\/\/www.bellunopress.it\/wp-content\/uploads\/2010\/08\/cortina-incontra-capuozzo-jean-003.jpg","contentUrl":"http:\/\/www.bellunopress.it\/wp-content\/uploads\/2010\/08\/cortina-incontra-capuozzo-jean-003.jpg"},{"@type":"BreadcrumbList","@id":"https:\/\/www.bellunopress.it\/2010\/08\/10\/cortina-incontra-panella-liran-assomiglia-maledettamente-alla-germania-degli-anni-30-jean-decapitata-la-struttura-del-terrorismo-internazionale-rimane-solo-il-fai-da-te\/#breadcrumb","itemListElement":[{"@type":"ListItem","position":1,"name":"Home","item":"https:\/\/www.bellunopress.it\/"},{"@type":"ListItem","position":2,"name":"Cortina InContra. Panella: &#8220;L&#8217;Iran assomiglia maledettamente alla Germania degli anni &#8217;30&#8221;. Jean: &#8220;decapitata la struttura del terrorismo internazionale, rimane solo il fai da te&#8221;"}]},{"@type":"WebSite","@id":"https:\/\/www.bellunopress.it\/#website","url":"https:\/\/www.bellunopress.it\/","name":"Bellunopress - Dolomiti","description":"e-mail: redazione@bellunopress.it","publisher":{"@id":"https:\/\/www.bellunopress.it\/#organization"},"potentialAction":[{"@type":"SearchAction","target":{"@type":"EntryPoint","urlTemplate":"https:\/\/www.bellunopress.it\/?s={search_term_string}"},"query-input":{"@type":"PropertyValueSpecification","valueRequired":true,"valueName":"search_term_string"}}],"inLanguage":"fr-FR"},{"@type":"Organization","@id":"https:\/\/www.bellunopress.it\/#organization","name":"Bellunopress","url":"https:\/\/www.bellunopress.it\/","logo":{"@type":"ImageObject","inLanguage":"fr-FR","@id":"https:\/\/www.bellunopress.it\/#\/schema\/logo\/image\/","url":"https:\/\/www.bellunopress.it\/wp-content\/uploads\/2011\/05\/cropped-logo-bellunopress-.jpg","contentUrl":"https:\/\/www.bellunopress.it\/wp-content\/uploads\/2011\/05\/cropped-logo-bellunopress-.jpg","width":512,"height":512,"caption":"Bellunopress"},"image":{"@id":"https:\/\/www.bellunopress.it\/#\/schema\/logo\/image\/"},"sameAs":["https:\/\/www.facebook.com\/profile.php?id=100008943462799","https:\/\/x.com\/bellunopress","https:\/\/www.linkedin.com\/hp\/?dnr=JBzUWaJfMUw8vbXJJ2tVW5-I3jZKvC4wsoxE&amp;amp;amp;amp;amp;amp;trk=nav_responsive_tab_home","https:\/\/www.youtube.com\/channel\/UCxL0wu1uN0_3_7hGG0306cw"]},{"@type":"Person","@id":"https:\/\/www.bellunopress.it\/#\/schema\/person\/79bb06722b37ece1c03d3e94beb30d73","name":"r\u00e9daction","image":{"@type":"ImageObject","inLanguage":"fr-FR","@id":"https:\/\/secure.gravatar.com\/avatar\/37d968a2e67a6fd04c169c4bdef102d0bc5d31b2546345219e348575eb80e9a0?s=96&d=mm&r=g","url":"https:\/\/secure.gravatar.com\/avatar\/37d968a2e67a6fd04c169c4bdef102d0bc5d31b2546345219e348575eb80e9a0?s=96&d=mm&r=g","contentUrl":"https:\/\/secure.gravatar.com\/avatar\/37d968a2e67a6fd04c169c4bdef102d0bc5d31b2546345219e348575eb80e9a0?s=96&d=mm&r=g","caption":"redazione"},"sameAs":["http:\/\/www.bellunopress.it","https:\/\/x.com\/bellunopress"],"url":"https:\/\/www.bellunopress.it\/fr\/author\/redazione\/"}]}},"_links":{"self":[{"href":"https:\/\/www.bellunopress.it\/fr\/wp-json\/wp\/v2\/posts\/18036","targetHints":{"allow":["GET"]}}],"collection":[{"href":"https:\/\/www.bellunopress.it\/fr\/wp-json\/wp\/v2\/posts"}],"about":[{"href":"https:\/\/www.bellunopress.it\/fr\/wp-json\/wp\/v2\/types\/post"}],"author":[{"embeddable":true,"href":"https:\/\/www.bellunopress.it\/fr\/wp-json\/wp\/v2\/users\/2"}],"replies":[{"embeddable":true,"href":"https:\/\/www.bellunopress.it\/fr\/wp-json\/wp\/v2\/comments?post=18036"}],"version-history":[{"count":2,"href":"https:\/\/www.bellunopress.it\/fr\/wp-json\/wp\/v2\/posts\/18036\/revisions"}],"predecessor-version":[{"id":18038,"href":"https:\/\/www.bellunopress.it\/fr\/wp-json\/wp\/v2\/posts\/18036\/revisions\/18038"}],"wp:attachment":[{"href":"https:\/\/www.bellunopress.it\/fr\/wp-json\/wp\/v2\/media?parent=18036"}],"wp:term":[{"taxonomy":"category","embeddable":true,"href":"https:\/\/www.bellunopress.it\/fr\/wp-json\/wp\/v2\/categories?post=18036"},{"taxonomy":"post_tag","embeddable":true,"href":"https:\/\/www.bellunopress.it\/fr\/wp-json\/wp\/v2\/tags?post=18036"}],"curies":[{"name":"wp","href":"https:\/\/api.w.org\/{rel}","templated":true}]}}