{"id":17983,"date":"2010-08-22T06:18:58","date_gmt":"2010-08-22T05:18:58","guid":{"rendered":"http:\/\/www.bellunopress.it\/?p=17983"},"modified":"2010-08-08T06:20:15","modified_gmt":"2010-08-08T05:20:15","slug":"%e2%80%9cil-giardino%e2%80%9d-di-stefano-zardini-mostra-fotografica-a-cortina-mercoledi-linaugurazione-ufficiale","status":"publish","type":"post","link":"https:\/\/www.bellunopress.it\/fr\/2010\/08\/22\/%e2%80%9cil-giardino%e2%80%9d-di-stefano-zardini-mostra-fotografica-a-cortina-mercoledi-linaugurazione-ufficiale\/","title":{"rendered":"\u201cIl giardino\u201d di Stefano Zardini, mostra fotografica a Cortina. Mercoled\u00ec l&#8217;inaugurazione ufficiale"},"content":{"rendered":"<p>Il territorio circostante in relazione alle sue genti, questo il tema sviluppato tra metafore ed ermetismo nella mostra fotografica allestita fino al 12 settembre presso la Ikonos Art Gallery. Stefano Zardini ha aperto le porte dell\u2019Ikonos Art Gallery presentando al pubblico una nuova mostra fotografica \u201cIl Giardino\u201d. Un particolare percorso espositivo che indaga e ripropone l\u2019ambiente esterno, visto e interpretato in rapporto con le sue genti. Al fotografo e artista Stefano Zardini piace dialogare cos\u00ec: tramite metafore e usando l&#8217;ermetismo come cifra stilistica. Una caratteristica che tra le immagini esposte trova ulteriore forza e nuove conferme. Il vernissage ufficiale e l\u2019aperitivo con l\u2019autore sono in programma mercoled\u00ec 25 agosto alle ore 18.00.<\/p>","protected":false},"excerpt":{"rendered":"<p>Il territorio circostante in relazione alle sue genti, questo il tema sviluppato tra metafore ed ermetismo nella mostra fotografica allestita fino al 12 settembre presso la Ikonos Art Gallery. Stefano Zardini ha aperto le porte dell\u2019Ikonos Art Gallery presentando al pubblico una nuova mostra fotografica \u201cIl Giardino\u201d. Un particolare percorso espositivo che indaga e ripropone [&hellip;]<\/p>\n","protected":false},"author":2,"featured_media":0,"comment_status":"closed","ping_status":"open","sticky":false,"template":"","format":"standard","meta":{"footnotes":""},"categories":[3,25],"tags":[],"class_list":["post-17983","post","type-post","status-publish","format-standard","category-arte-cultura-spettacoli-scienza-archivi","category-pausa-caffe"],"yoast_head":"<!-- This site is optimized with the Yoast SEO plugin v28.4 - https:\/\/yoast.com\/product\/yoast-seo-wordpress\/ -->\n<title>\u201cIl giardino\u201d di Stefano Zardini, mostra fotografica a Cortina. Mercoled\u00ec l&#039;inaugurazione ufficiale  - Bellunopress - Dolomiti<\/title>\n<meta name=\"robots\" content=\"index, follow, max-snippet:-1, max-image-preview:large, max-video-preview:-1\" \/>\n<link rel=\"canonical\" href=\"https:\/\/www.bellunopress.it\/fr\/2010\/08\/22\/\u201cil-giardino\u201d-di-stefano-zardini-mostra-fotografica-a-cortina-mercoledi-linaugurazione-ufficiale\/\" \/>\n<meta property=\"og:locale\" content=\"fr_FR\" \/>\n<meta property=\"og:type\" content=\"article\" \/>\n<meta property=\"og:title\" content=\"\u201cIl giardino\u201d di Stefano Zardini, mostra fotografica a Cortina. Mercoled\u00ec l&#039;inaugurazione ufficiale  - Bellunopress - Dolomiti\" \/>\n<meta property=\"og:description\" content=\"Il territorio circostante in relazione alle sue genti, questo il tema sviluppato tra metafore ed ermetismo nella mostra fotografica allestita fino al 12 settembre presso la Ikonos Art Gallery. Stefano Zardini ha aperto le porte dell\u2019Ikonos Art Gallery presentando al pubblico una nuova mostra fotografica \u201cIl Giardino\u201d. Un particolare percorso espositivo che indaga e ripropone [&hellip;]\" \/>\n<meta property=\"og:url\" content=\"https:\/\/www.bellunopress.it\/fr\/2010\/08\/22\/\u201cil-giardino\u201d-di-stefano-zardini-mostra-fotografica-a-cortina-mercoledi-linaugurazione-ufficiale\/\" \/>\n<meta property=\"og:site_name\" content=\"Bellunopress - Dolomiti\" \/>\n<meta property=\"article:publisher\" content=\"https:\/\/www.facebook.com\/profile.php?id=100008943462799\" \/>\n<meta property=\"article:published_time\" content=\"2010-08-22T05:18:58+00:00\" \/>\n<meta property=\"og:image\" content=\"http:\/\/www.bellunopress.it\/wp-content\/uploads\/2012\/07\/logo-bellunopress-250x250-2012.jpg\" \/>\n<meta name=\"author\" content=\"redazione\" \/>\n<meta name=\"twitter:card\" content=\"summary_large_image\" \/>\n<meta name=\"twitter:creator\" content=\"@bellunopress\" \/>\n<meta name=\"twitter:site\" content=\"@bellunopress\" \/>\n<meta name=\"twitter:label1\" content=\"\u00c9crit par\" \/>\n\t<meta name=\"twitter:data1\" content=\"redazione\" \/>\n\t<meta name=\"twitter:label2\" content=\"Dur\u00e9e de lecture estim\u00e9e\" \/>\n\t<meta name=\"twitter:data2\" content=\"1 minute\" \/>\n<script type=\"application\/ld+json\" class=\"yoast-schema-graph\">{\"@context\":\"https:\\\/\\\/schema.org\",\"@graph\":[{\"@type\":\"Article\",\"@id\":\"https:\\\/\\\/www.bellunopress.it\\\/2010\\\/08\\\/22\\\/%e2%80%9cil-giardino%e2%80%9d-di-stefano-zardini-mostra-fotografica-a-cortina-mercoledi-linaugurazione-ufficiale\\\/#article\",\"isPartOf\":{\"@id\":\"https:\\\/\\\/www.bellunopress.it\\\/2010\\\/08\\\/22\\\/%e2%80%9cil-giardino%e2%80%9d-di-stefano-zardini-mostra-fotografica-a-cortina-mercoledi-linaugurazione-ufficiale\\\/\"},\"author\":{\"name\":\"redazione\",\"@id\":\"https:\\\/\\\/www.bellunopress.it\\\/#\\\/schema\\\/person\\\/79bb06722b37ece1c03d3e94beb30d73\"},\"headline\":\"\u201cIl giardino\u201d di Stefano Zardini, mostra fotografica a Cortina. Mercoled\u00ec l&#8217;inaugurazione ufficiale\",\"datePublished\":\"2010-08-22T05:18:58+00:00\",\"mainEntityOfPage\":{\"@id\":\"https:\\\/\\\/www.bellunopress.it\\\/2010\\\/08\\\/22\\\/%e2%80%9cil-giardino%e2%80%9d-di-stefano-zardini-mostra-fotografica-a-cortina-mercoledi-linaugurazione-ufficiale\\\/\"},\"wordCount\":127,\"publisher\":{\"@id\":\"https:\\\/\\\/www.bellunopress.it\\\/#organization\"},\"articleSection\":[\"Arte, Cultura, Spettacoli, Scienza\",\"Pausa Caff\u00e8\"],\"inLanguage\":\"fr-FR\"},{\"@type\":\"WebPage\",\"@id\":\"https:\\\/\\\/www.bellunopress.it\\\/2010\\\/08\\\/22\\\/%e2%80%9cil-giardino%e2%80%9d-di-stefano-zardini-mostra-fotografica-a-cortina-mercoledi-linaugurazione-ufficiale\\\/\",\"url\":\"https:\\\/\\\/www.bellunopress.it\\\/2010\\\/08\\\/22\\\/%e2%80%9cil-giardino%e2%80%9d-di-stefano-zardini-mostra-fotografica-a-cortina-mercoledi-linaugurazione-ufficiale\\\/\",\"name\":\"\u201cIl giardino\u201d di Stefano Zardini, mostra fotografica a Cortina. Mercoled\u00ec l'inaugurazione ufficiale - Bellunopress - Dolomiti\",\"isPartOf\":{\"@id\":\"https:\\\/\\\/www.bellunopress.it\\\/#website\"},\"datePublished\":\"2010-08-22T05:18:58+00:00\",\"breadcrumb\":{\"@id\":\"https:\\\/\\\/www.bellunopress.it\\\/2010\\\/08\\\/22\\\/%e2%80%9cil-giardino%e2%80%9d-di-stefano-zardini-mostra-fotografica-a-cortina-mercoledi-linaugurazione-ufficiale\\\/#breadcrumb\"},\"inLanguage\":\"fr-FR\",\"potentialAction\":[{\"@type\":\"ReadAction\",\"target\":[\"https:\\\/\\\/www.bellunopress.it\\\/2010\\\/08\\\/22\\\/%e2%80%9cil-giardino%e2%80%9d-di-stefano-zardini-mostra-fotografica-a-cortina-mercoledi-linaugurazione-ufficiale\\\/\"]}]},{\"@type\":\"BreadcrumbList\",\"@id\":\"https:\\\/\\\/www.bellunopress.it\\\/2010\\\/08\\\/22\\\/%e2%80%9cil-giardino%e2%80%9d-di-stefano-zardini-mostra-fotografica-a-cortina-mercoledi-linaugurazione-ufficiale\\\/#breadcrumb\",\"itemListElement\":[{\"@type\":\"ListItem\",\"position\":1,\"name\":\"Home\",\"item\":\"https:\\\/\\\/www.bellunopress.it\\\/\"},{\"@type\":\"ListItem\",\"position\":2,\"name\":\"\u201cIl giardino\u201d di Stefano Zardini, mostra fotografica a Cortina. Mercoled\u00ec l&#8217;inaugurazione ufficiale\"}]},{\"@type\":\"WebSite\",\"@id\":\"https:\\\/\\\/www.bellunopress.it\\\/#website\",\"url\":\"https:\\\/\\\/www.bellunopress.it\\\/\",\"name\":\"Bellunopress - Dolomiti\",\"description\":\"e-mail: redazione@bellunopress.it\",\"publisher\":{\"@id\":\"https:\\\/\\\/www.bellunopress.it\\\/#organization\"},\"potentialAction\":[{\"@type\":\"SearchAction\",\"target\":{\"@type\":\"EntryPoint\",\"urlTemplate\":\"https:\\\/\\\/www.bellunopress.it\\\/?s={search_term_string}\"},\"query-input\":{\"@type\":\"PropertyValueSpecification\",\"valueRequired\":true,\"valueName\":\"search_term_string\"}}],\"inLanguage\":\"fr-FR\"},{\"@type\":\"Organization\",\"@id\":\"https:\\\/\\\/www.bellunopress.it\\\/#organization\",\"name\":\"Bellunopress\",\"url\":\"https:\\\/\\\/www.bellunopress.it\\\/\",\"logo\":{\"@type\":\"ImageObject\",\"inLanguage\":\"fr-FR\",\"@id\":\"https:\\\/\\\/www.bellunopress.it\\\/#\\\/schema\\\/logo\\\/image\\\/\",\"url\":\"https:\\\/\\\/www.bellunopress.it\\\/wp-content\\\/uploads\\\/2011\\\/05\\\/cropped-logo-bellunopress-.jpg\",\"contentUrl\":\"https:\\\/\\\/www.bellunopress.it\\\/wp-content\\\/uploads\\\/2011\\\/05\\\/cropped-logo-bellunopress-.jpg\",\"width\":512,\"height\":512,\"caption\":\"Bellunopress\"},\"image\":{\"@id\":\"https:\\\/\\\/www.bellunopress.it\\\/#\\\/schema\\\/logo\\\/image\\\/\"},\"sameAs\":[\"https:\\\/\\\/www.facebook.com\\\/profile.php?id=100008943462799\",\"https:\\\/\\\/x.com\\\/bellunopress\",\"https:\\\/\\\/www.linkedin.com\\\/hp\\\/?dnr=JBzUWaJfMUw8vbXJJ2tVW5-I3jZKvC4wsoxE&amp;amp;amp;amp;amp;amp;trk=nav_responsive_tab_home\",\"https:\\\/\\\/www.youtube.com\\\/channel\\\/UCxL0wu1uN0_3_7hGG0306cw\"]},{\"@type\":\"Person\",\"@id\":\"https:\\\/\\\/www.bellunopress.it\\\/#\\\/schema\\\/person\\\/79bb06722b37ece1c03d3e94beb30d73\",\"name\":\"redazione\",\"image\":{\"@type\":\"ImageObject\",\"inLanguage\":\"fr-FR\",\"@id\":\"https:\\\/\\\/secure.gravatar.com\\\/avatar\\\/37d968a2e67a6fd04c169c4bdef102d0bc5d31b2546345219e348575eb80e9a0?s=96&d=mm&r=g\",\"url\":\"https:\\\/\\\/secure.gravatar.com\\\/avatar\\\/37d968a2e67a6fd04c169c4bdef102d0bc5d31b2546345219e348575eb80e9a0?s=96&d=mm&r=g\",\"contentUrl\":\"https:\\\/\\\/secure.gravatar.com\\\/avatar\\\/37d968a2e67a6fd04c169c4bdef102d0bc5d31b2546345219e348575eb80e9a0?s=96&d=mm&r=g\",\"caption\":\"redazione\"},\"sameAs\":[\"http:\\\/\\\/www.bellunopress.it\",\"https:\\\/\\\/x.com\\\/bellunopress\"],\"url\":\"https:\\\/\\\/www.bellunopress.it\\\/fr\\\/author\\\/redazione\\\/\"}]}<\/script>\n<!-- \/ Yoast SEO plugin. -->","yoast_head_json":{"title":"\u201cIl giardino\u201d di Stefano Zardini, mostra fotografica a Cortina. Mercoled\u00ec l'inaugurazione ufficiale  - Bellunopress - Dolomiti","robots":{"index":"index","follow":"follow","max-snippet":"max-snippet:-1","max-image-preview":"max-image-preview:large","max-video-preview":"max-video-preview:-1"},"canonical":"https:\/\/www.bellunopress.it\/fr\/2010\/08\/22\/\u201cil-giardino\u201d-di-stefano-zardini-mostra-fotografica-a-cortina-mercoledi-linaugurazione-ufficiale\/","og_locale":"fr_FR","og_type":"article","og_title":"\u201cIl giardino\u201d di Stefano Zardini, mostra fotografica a Cortina. Mercoled\u00ec l'inaugurazione ufficiale  - Bellunopress - Dolomiti","og_description":"Il territorio circostante in relazione alle sue genti, questo il tema sviluppato tra metafore ed ermetismo nella mostra fotografica allestita fino al 12 settembre presso la Ikonos Art Gallery. Stefano Zardini ha aperto le porte dell\u2019Ikonos Art Gallery presentando al pubblico una nuova mostra fotografica \u201cIl Giardino\u201d. Un particolare percorso espositivo che indaga e ripropone [&hellip;]","og_url":"https:\/\/www.bellunopress.it\/fr\/2010\/08\/22\/\u201cil-giardino\u201d-di-stefano-zardini-mostra-fotografica-a-cortina-mercoledi-linaugurazione-ufficiale\/","og_site_name":"Bellunopress - Dolomiti","article_publisher":"https:\/\/www.facebook.com\/profile.php?id=100008943462799","article_published_time":"2010-08-22T05:18:58+00:00","og_image":[{"url":"http:\/\/www.bellunopress.it\/wp-content\/uploads\/2012\/07\/logo-bellunopress-250x250-2012.jpg","type":"","width":"","height":""}],"author":"redazione","twitter_card":"summary_large_image","twitter_creator":"@bellunopress","twitter_site":"@bellunopress","twitter_misc":{"\u00c9crit par":"redazione","Dur\u00e9e de lecture estim\u00e9e":"1 minute"},"schema":{"@context":"https:\/\/schema.org","@graph":[{"@type":"Article","@id":"https:\/\/www.bellunopress.it\/2010\/08\/22\/%e2%80%9cil-giardino%e2%80%9d-di-stefano-zardini-mostra-fotografica-a-cortina-mercoledi-linaugurazione-ufficiale\/#article","isPartOf":{"@id":"https:\/\/www.bellunopress.it\/2010\/08\/22\/%e2%80%9cil-giardino%e2%80%9d-di-stefano-zardini-mostra-fotografica-a-cortina-mercoledi-linaugurazione-ufficiale\/"},"author":{"name":"redazione","@id":"https:\/\/www.bellunopress.it\/#\/schema\/person\/79bb06722b37ece1c03d3e94beb30d73"},"headline":"\u201cIl giardino\u201d di Stefano Zardini, mostra fotografica a Cortina. Mercoled\u00ec l&#8217;inaugurazione ufficiale","datePublished":"2010-08-22T05:18:58+00:00","mainEntityOfPage":{"@id":"https:\/\/www.bellunopress.it\/2010\/08\/22\/%e2%80%9cil-giardino%e2%80%9d-di-stefano-zardini-mostra-fotografica-a-cortina-mercoledi-linaugurazione-ufficiale\/"},"wordCount":127,"publisher":{"@id":"https:\/\/www.bellunopress.it\/#organization"},"articleSection":["Arte, Cultura, Spettacoli, Scienza","Pausa Caff\u00e8"],"inLanguage":"fr-FR"},{"@type":"WebPage","@id":"https:\/\/www.bellunopress.it\/2010\/08\/22\/%e2%80%9cil-giardino%e2%80%9d-di-stefano-zardini-mostra-fotografica-a-cortina-mercoledi-linaugurazione-ufficiale\/","url":"https:\/\/www.bellunopress.it\/2010\/08\/22\/%e2%80%9cil-giardino%e2%80%9d-di-stefano-zardini-mostra-fotografica-a-cortina-mercoledi-linaugurazione-ufficiale\/","name":"\u201cIl giardino\u201d di Stefano Zardini, mostra fotografica a Cortina. Mercoled\u00ec l'inaugurazione ufficiale - Bellunopress - Dolomiti","isPartOf":{"@id":"https:\/\/www.bellunopress.it\/#website"},"datePublished":"2010-08-22T05:18:58+00:00","breadcrumb":{"@id":"https:\/\/www.bellunopress.it\/2010\/08\/22\/%e2%80%9cil-giardino%e2%80%9d-di-stefano-zardini-mostra-fotografica-a-cortina-mercoledi-linaugurazione-ufficiale\/#breadcrumb"},"inLanguage":"fr-FR","potentialAction":[{"@type":"ReadAction","target":["https:\/\/www.bellunopress.it\/2010\/08\/22\/%e2%80%9cil-giardino%e2%80%9d-di-stefano-zardini-mostra-fotografica-a-cortina-mercoledi-linaugurazione-ufficiale\/"]}]},{"@type":"BreadcrumbList","@id":"https:\/\/www.bellunopress.it\/2010\/08\/22\/%e2%80%9cil-giardino%e2%80%9d-di-stefano-zardini-mostra-fotografica-a-cortina-mercoledi-linaugurazione-ufficiale\/#breadcrumb","itemListElement":[{"@type":"ListItem","position":1,"name":"Home","item":"https:\/\/www.bellunopress.it\/"},{"@type":"ListItem","position":2,"name":"\u201cIl giardino\u201d di Stefano Zardini, mostra fotografica a Cortina. Mercoled\u00ec l&#8217;inaugurazione ufficiale"}]},{"@type":"WebSite","@id":"https:\/\/www.bellunopress.it\/#website","url":"https:\/\/www.bellunopress.it\/","name":"Bellunopress - Dolomiti","description":"e-mail: redazione@bellunopress.it","publisher":{"@id":"https:\/\/www.bellunopress.it\/#organization"},"potentialAction":[{"@type":"SearchAction","target":{"@type":"EntryPoint","urlTemplate":"https:\/\/www.bellunopress.it\/?s={search_term_string}"},"query-input":{"@type":"PropertyValueSpecification","valueRequired":true,"valueName":"search_term_string"}}],"inLanguage":"fr-FR"},{"@type":"Organization","@id":"https:\/\/www.bellunopress.it\/#organization","name":"Bellunopress","url":"https:\/\/www.bellunopress.it\/","logo":{"@type":"ImageObject","inLanguage":"fr-FR","@id":"https:\/\/www.bellunopress.it\/#\/schema\/logo\/image\/","url":"https:\/\/www.bellunopress.it\/wp-content\/uploads\/2011\/05\/cropped-logo-bellunopress-.jpg","contentUrl":"https:\/\/www.bellunopress.it\/wp-content\/uploads\/2011\/05\/cropped-logo-bellunopress-.jpg","width":512,"height":512,"caption":"Bellunopress"},"image":{"@id":"https:\/\/www.bellunopress.it\/#\/schema\/logo\/image\/"},"sameAs":["https:\/\/www.facebook.com\/profile.php?id=100008943462799","https:\/\/x.com\/bellunopress","https:\/\/www.linkedin.com\/hp\/?dnr=JBzUWaJfMUw8vbXJJ2tVW5-I3jZKvC4wsoxE&amp;amp;amp;amp;amp;amp;trk=nav_responsive_tab_home","https:\/\/www.youtube.com\/channel\/UCxL0wu1uN0_3_7hGG0306cw"]},{"@type":"Person","@id":"https:\/\/www.bellunopress.it\/#\/schema\/person\/79bb06722b37ece1c03d3e94beb30d73","name":"r\u00e9daction","image":{"@type":"ImageObject","inLanguage":"fr-FR","@id":"https:\/\/secure.gravatar.com\/avatar\/37d968a2e67a6fd04c169c4bdef102d0bc5d31b2546345219e348575eb80e9a0?s=96&d=mm&r=g","url":"https:\/\/secure.gravatar.com\/avatar\/37d968a2e67a6fd04c169c4bdef102d0bc5d31b2546345219e348575eb80e9a0?s=96&d=mm&r=g","contentUrl":"https:\/\/secure.gravatar.com\/avatar\/37d968a2e67a6fd04c169c4bdef102d0bc5d31b2546345219e348575eb80e9a0?s=96&d=mm&r=g","caption":"redazione"},"sameAs":["http:\/\/www.bellunopress.it","https:\/\/x.com\/bellunopress"],"url":"https:\/\/www.bellunopress.it\/fr\/author\/redazione\/"}]}},"_links":{"self":[{"href":"https:\/\/www.bellunopress.it\/fr\/wp-json\/wp\/v2\/posts\/17983","targetHints":{"allow":["GET"]}}],"collection":[{"href":"https:\/\/www.bellunopress.it\/fr\/wp-json\/wp\/v2\/posts"}],"about":[{"href":"https:\/\/www.bellunopress.it\/fr\/wp-json\/wp\/v2\/types\/post"}],"author":[{"embeddable":true,"href":"https:\/\/www.bellunopress.it\/fr\/wp-json\/wp\/v2\/users\/2"}],"replies":[{"embeddable":true,"href":"https:\/\/www.bellunopress.it\/fr\/wp-json\/wp\/v2\/comments?post=17983"}],"version-history":[{"count":1,"href":"https:\/\/www.bellunopress.it\/fr\/wp-json\/wp\/v2\/posts\/17983\/revisions"}],"predecessor-version":[{"id":17984,"href":"https:\/\/www.bellunopress.it\/fr\/wp-json\/wp\/v2\/posts\/17983\/revisions\/17984"}],"wp:attachment":[{"href":"https:\/\/www.bellunopress.it\/fr\/wp-json\/wp\/v2\/media?parent=17983"}],"wp:term":[{"taxonomy":"category","embeddable":true,"href":"https:\/\/www.bellunopress.it\/fr\/wp-json\/wp\/v2\/categories?post=17983"},{"taxonomy":"post_tag","embeddable":true,"href":"https:\/\/www.bellunopress.it\/fr\/wp-json\/wp\/v2\/tags?post=17983"}],"curies":[{"name":"wp","href":"https:\/\/api.w.org\/{rel}","templated":true}]}}