{"id":17731,"date":"2010-07-31T19:38:45","date_gmt":"2010-07-31T18:38:45","guid":{"rendered":"http:\/\/www.bellunopress.it\/?p=17731"},"modified":"2010-07-31T19:38:45","modified_gmt":"2010-07-31T18:38:45","slug":"feltre-i-consiglieri-di-minoranza-del-partito-democratico-non-cercano-poltrone","status":"publish","type":"post","link":"https:\/\/www.bellunopress.it\/fr\/2010\/07\/31\/feltre-i-consiglieri-di-minoranza-del-partito-democratico-non-cercano-poltrone\/","title":{"rendered":"Feltre: i consiglieri di minoranza del Partito Democratico non cercano poltrone"},"content":{"rendered":"<p><a href=\"http:\/\/www.bellunopress.it\/wp-content\/uploads\/2009\/08\/teatro-la-sena-feltre.jpg\"><img loading=\"lazy\" decoding=\"async\" class=\"alignleft size-medium wp-image-7091\" title=\"teatro-la-sena-feltre\" src=\"http:\/\/www.bellunopress.it\/wp-content\/uploads\/2009\/08\/teatro-la-sena-feltre.jpg\" alt=\"\" width=\"270\" height=\"216\" \/><\/a>&#8220;Leggiamo sulla stampa locale l\u2019ennesimo fazioso quanto infondato attacco da parte del sindaco di Feltre\u00a0Vaccari alla minoranza &#8211; scrivono in una nota i consiglieri del Partito Democratico &#8211; Noi riteniamo che la nostra citt\u00e0 abbia bisogno di qualcosa di diverso di continue e sterili polemiche che la minoranza consigliare non vuole e non fomenta cos\u00ec come il Partito Democratico a cui buona parte della stessa fa riferimento.Noi non rimproveriamo la Giunta di centrodestra per non aver avuto i trasferimenti economici che il Governo di centrodestra aveva garantito ai Comuni (prendendo anche atto che la vantata sinergia sindaco\/senatore sul punto non ha funzionato). Quello che rimproveriamo al Sindaco e alla sua amministrazione \u00e8 l\u2019assoluta mancanza di idee e di progettualit\u00e0 per una citt\u00e0 ricca di storia e di risorse umane. Gli rimproveriamo inoltre che, in tempi difficili per tutti, stia fomentando di continuo le divisioni fra i cittadini invece di invitarli tutti ad uno scatto di orgoglio per fare squadra e trovare assieme le soluzioni ai problemi che affliggono la popolazione. Forse la sua permanenza a Roma e il fatto che a Feltre si confonda anche fisicamente con la sua sola maggioranza, sedendo fra i consiglieri della stessa invece di occupare il seggio di Sindaco super partes, non gli consente di avere una visione ampia e apartitica della grave situazione di crisi che preoccupa i suoi cittadini.Noi del Partito Democratico e i Consiglieri di minoranza che fanno riferimento ad esso non cerchiamo poltrone, n\u00e9 gli interventi in consiglio Comunale sono mai fine a s\u00e9 stessi, volti ad attaccare per il gusto di attaccare una parte politica diversa. Sono fatti anzitutto a difesa del futuro della nostra citt\u00e0, e volti ad informare i cittadini tutti, comunque la pensino, sulle questioni<br \/>\namministrative che esaminiamo scrupolosamente di volta in volta e che il voto silente della maggioranza farebbe passare inosservate. Capiamo, dall\u2019accusa del Sindaco, come sia difficile per lui comprendere che lo studio delle carte e gli interventi della minoranza non siano volti alla ricerca di poltrone, ma frutto di vera passione politica e vero interesse per il bene e il futuro di questa citt\u00e0 e dei suoi cittadini.Il Partito Democratico non alza armi contro nessuno, chiama invece tutti i cittadini di buona volont\u00e0, qualsiasi sia il loro orientamento politico, ad unirsi e a lavorare assieme per uscire il pi\u00f9 indenni possibile dai tempi difficili che siamo costretti ad affrontare. Ritroviamo il senso di una societ\u00e0 coesa, pensiamo che i cittadini di Feltre siano stanchi di questi sterili battibecchi, di questi continui scaricabarile da parte di chi in tre anni di amministrazione non ha pensato al bene comune della citt\u00e0, ma solo ad una parte della sua popolazione&#8221;.<br \/>\nPartito Democratico Circolo di Feltre \u2013 Seren del Grappa<\/p>","protected":false},"excerpt":{"rendered":"<p>&#8220;Leggiamo sulla stampa locale l\u2019ennesimo fazioso quanto infondato attacco da parte del sindaco di Feltre\u00a0Vaccari alla minoranza &#8211; scrivono in una nota i consiglieri del Partito Democratico &#8211; Noi riteniamo che la nostra citt\u00e0 abbia bisogno di qualcosa di diverso di continue e sterili polemiche che la minoranza consigliare non vuole e non fomenta cos\u00ec [&hellip;]<\/p>\n","protected":false},"author":2,"featured_media":0,"comment_status":"closed","ping_status":"open","sticky":false,"template":"","format":"standard","meta":{"footnotes":""},"categories":[5,26],"tags":[2084,303],"class_list":["post-17731","post","type-post","status-publish","format-standard","category-cronaca","category-prima-pagina","tag-feltre-pd","tag-vaccari"],"yoast_head":"<!-- This site is optimized with the Yoast SEO plugin v28.4 - https:\/\/yoast.com\/product\/yoast-seo-wordpress\/ -->\n<title>Feltre: i consiglieri di minoranza del Partito Democratico non cercano poltrone - Bellunopress - Dolomiti<\/title>\n<meta name=\"robots\" content=\"index, follow, max-snippet:-1, max-image-preview:large, max-video-preview:-1\" \/>\n<link rel=\"canonical\" href=\"https:\/\/www.bellunopress.it\/fr\/2010\/07\/31\/feltre-i-consiglieri-di-minoranza-del-partito-democratico-non-cercano-poltrone\/\" \/>\n<meta property=\"og:locale\" content=\"fr_FR\" \/>\n<meta property=\"og:type\" content=\"article\" \/>\n<meta property=\"og:title\" content=\"Feltre: i consiglieri di minoranza del Partito Democratico non cercano poltrone - Bellunopress - Dolomiti\" \/>\n<meta property=\"og:description\" content=\"&#8220;Leggiamo sulla stampa locale l\u2019ennesimo fazioso quanto infondato attacco da parte del sindaco di Feltre\u00a0Vaccari alla minoranza &#8211; scrivono in una nota i consiglieri del Partito Democratico &#8211; Noi riteniamo che la nostra citt\u00e0 abbia bisogno di qualcosa di diverso di continue e sterili polemiche che la minoranza consigliare non vuole e non fomenta cos\u00ec [&hellip;]\" \/>\n<meta property=\"og:url\" content=\"https:\/\/www.bellunopress.it\/fr\/2010\/07\/31\/feltre-i-consiglieri-di-minoranza-del-partito-democratico-non-cercano-poltrone\/\" \/>\n<meta property=\"og:site_name\" content=\"Bellunopress - Dolomiti\" \/>\n<meta property=\"article:publisher\" content=\"https:\/\/www.facebook.com\/profile.php?id=100008943462799\" \/>\n<meta property=\"article:published_time\" content=\"2010-07-31T18:38:45+00:00\" \/>\n<meta property=\"og:image\" content=\"http:\/\/www.bellunopress.it\/wp-content\/uploads\/2009\/08\/teatro-la-sena-feltre.jpg\" \/>\n<meta name=\"author\" content=\"redazione\" \/>\n<meta name=\"twitter:card\" content=\"summary_large_image\" \/>\n<meta name=\"twitter:creator\" content=\"@bellunopress\" \/>\n<meta name=\"twitter:site\" content=\"@bellunopress\" \/>\n<meta name=\"twitter:label1\" content=\"\u00c9crit par\" \/>\n\t<meta name=\"twitter:data1\" content=\"redazione\" \/>\n\t<meta name=\"twitter:label2\" content=\"Dur\u00e9e de lecture estim\u00e9e\" \/>\n\t<meta name=\"twitter:data2\" content=\"2 minutes\" \/>\n<script type=\"application\/ld+json\" class=\"yoast-schema-graph\">{\"@context\":\"https:\\\/\\\/schema.org\",\"@graph\":[{\"@type\":\"Article\",\"@id\":\"https:\\\/\\\/www.bellunopress.it\\\/2010\\\/07\\\/31\\\/feltre-i-consiglieri-di-minoranza-del-partito-democratico-non-cercano-poltrone\\\/#article\",\"isPartOf\":{\"@id\":\"https:\\\/\\\/www.bellunopress.it\\\/2010\\\/07\\\/31\\\/feltre-i-consiglieri-di-minoranza-del-partito-democratico-non-cercano-poltrone\\\/\"},\"author\":{\"name\":\"redazione\",\"@id\":\"https:\\\/\\\/www.bellunopress.it\\\/#\\\/schema\\\/person\\\/79bb06722b37ece1c03d3e94beb30d73\"},\"headline\":\"Feltre: i consiglieri di minoranza del Partito Democratico non cercano poltrone\",\"datePublished\":\"2010-07-31T18:38:45+00:00\",\"mainEntityOfPage\":{\"@id\":\"https:\\\/\\\/www.bellunopress.it\\\/2010\\\/07\\\/31\\\/feltre-i-consiglieri-di-minoranza-del-partito-democratico-non-cercano-poltrone\\\/\"},\"wordCount\":470,\"publisher\":{\"@id\":\"https:\\\/\\\/www.bellunopress.it\\\/#organization\"},\"image\":{\"@id\":\"https:\\\/\\\/www.bellunopress.it\\\/2010\\\/07\\\/31\\\/feltre-i-consiglieri-di-minoranza-del-partito-democratico-non-cercano-poltrone\\\/#primaryimage\"},\"thumbnailUrl\":\"http:\\\/\\\/www.bellunopress.it\\\/wp-content\\\/uploads\\\/2009\\\/08\\\/teatro-la-sena-feltre.jpg\",\"keywords\":[\"Feltre. Pd\",\"Vaccari\"],\"articleSection\":[\"Cronaca\\\/Politica\",\"Prima Pagina\"],\"inLanguage\":\"fr-FR\"},{\"@type\":\"WebPage\",\"@id\":\"https:\\\/\\\/www.bellunopress.it\\\/2010\\\/07\\\/31\\\/feltre-i-consiglieri-di-minoranza-del-partito-democratico-non-cercano-poltrone\\\/\",\"url\":\"https:\\\/\\\/www.bellunopress.it\\\/2010\\\/07\\\/31\\\/feltre-i-consiglieri-di-minoranza-del-partito-democratico-non-cercano-poltrone\\\/\",\"name\":\"Feltre: i consiglieri di minoranza del Partito Democratico non cercano poltrone - Bellunopress - Dolomiti\",\"isPartOf\":{\"@id\":\"https:\\\/\\\/www.bellunopress.it\\\/#website\"},\"primaryImageOfPage\":{\"@id\":\"https:\\\/\\\/www.bellunopress.it\\\/2010\\\/07\\\/31\\\/feltre-i-consiglieri-di-minoranza-del-partito-democratico-non-cercano-poltrone\\\/#primaryimage\"},\"image\":{\"@id\":\"https:\\\/\\\/www.bellunopress.it\\\/2010\\\/07\\\/31\\\/feltre-i-consiglieri-di-minoranza-del-partito-democratico-non-cercano-poltrone\\\/#primaryimage\"},\"thumbnailUrl\":\"http:\\\/\\\/www.bellunopress.it\\\/wp-content\\\/uploads\\\/2009\\\/08\\\/teatro-la-sena-feltre.jpg\",\"datePublished\":\"2010-07-31T18:38:45+00:00\",\"breadcrumb\":{\"@id\":\"https:\\\/\\\/www.bellunopress.it\\\/2010\\\/07\\\/31\\\/feltre-i-consiglieri-di-minoranza-del-partito-democratico-non-cercano-poltrone\\\/#breadcrumb\"},\"inLanguage\":\"fr-FR\",\"potentialAction\":[{\"@type\":\"ReadAction\",\"target\":[\"https:\\\/\\\/www.bellunopress.it\\\/2010\\\/07\\\/31\\\/feltre-i-consiglieri-di-minoranza-del-partito-democratico-non-cercano-poltrone\\\/\"]}]},{\"@type\":\"ImageObject\",\"inLanguage\":\"fr-FR\",\"@id\":\"https:\\\/\\\/www.bellunopress.it\\\/2010\\\/07\\\/31\\\/feltre-i-consiglieri-di-minoranza-del-partito-democratico-non-cercano-poltrone\\\/#primaryimage\",\"url\":\"http:\\\/\\\/www.bellunopress.it\\\/wp-content\\\/uploads\\\/2009\\\/08\\\/teatro-la-sena-feltre.jpg\",\"contentUrl\":\"http:\\\/\\\/www.bellunopress.it\\\/wp-content\\\/uploads\\\/2009\\\/08\\\/teatro-la-sena-feltre.jpg\"},{\"@type\":\"BreadcrumbList\",\"@id\":\"https:\\\/\\\/www.bellunopress.it\\\/2010\\\/07\\\/31\\\/feltre-i-consiglieri-di-minoranza-del-partito-democratico-non-cercano-poltrone\\\/#breadcrumb\",\"itemListElement\":[{\"@type\":\"ListItem\",\"position\":1,\"name\":\"Home\",\"item\":\"https:\\\/\\\/www.bellunopress.it\\\/\"},{\"@type\":\"ListItem\",\"position\":2,\"name\":\"Feltre: i consiglieri di minoranza del Partito Democratico non cercano poltrone\"}]},{\"@type\":\"WebSite\",\"@id\":\"https:\\\/\\\/www.bellunopress.it\\\/#website\",\"url\":\"https:\\\/\\\/www.bellunopress.it\\\/\",\"name\":\"Bellunopress - Dolomiti\",\"description\":\"e-mail: redazione@bellunopress.it\",\"publisher\":{\"@id\":\"https:\\\/\\\/www.bellunopress.it\\\/#organization\"},\"potentialAction\":[{\"@type\":\"SearchAction\",\"target\":{\"@type\":\"EntryPoint\",\"urlTemplate\":\"https:\\\/\\\/www.bellunopress.it\\\/?s={search_term_string}\"},\"query-input\":{\"@type\":\"PropertyValueSpecification\",\"valueRequired\":true,\"valueName\":\"search_term_string\"}}],\"inLanguage\":\"fr-FR\"},{\"@type\":\"Organization\",\"@id\":\"https:\\\/\\\/www.bellunopress.it\\\/#organization\",\"name\":\"Bellunopress\",\"url\":\"https:\\\/\\\/www.bellunopress.it\\\/\",\"logo\":{\"@type\":\"ImageObject\",\"inLanguage\":\"fr-FR\",\"@id\":\"https:\\\/\\\/www.bellunopress.it\\\/#\\\/schema\\\/logo\\\/image\\\/\",\"url\":\"https:\\\/\\\/www.bellunopress.it\\\/wp-content\\\/uploads\\\/2011\\\/05\\\/cropped-logo-bellunopress-.jpg\",\"contentUrl\":\"https:\\\/\\\/www.bellunopress.it\\\/wp-content\\\/uploads\\\/2011\\\/05\\\/cropped-logo-bellunopress-.jpg\",\"width\":512,\"height\":512,\"caption\":\"Bellunopress\"},\"image\":{\"@id\":\"https:\\\/\\\/www.bellunopress.it\\\/#\\\/schema\\\/logo\\\/image\\\/\"},\"sameAs\":[\"https:\\\/\\\/www.facebook.com\\\/profile.php?id=100008943462799\",\"https:\\\/\\\/x.com\\\/bellunopress\",\"https:\\\/\\\/www.linkedin.com\\\/hp\\\/?dnr=JBzUWaJfMUw8vbXJJ2tVW5-I3jZKvC4wsoxE&amp;amp;amp;amp;amp;amp;trk=nav_responsive_tab_home\",\"https:\\\/\\\/www.youtube.com\\\/channel\\\/UCxL0wu1uN0_3_7hGG0306cw\"]},{\"@type\":\"Person\",\"@id\":\"https:\\\/\\\/www.bellunopress.it\\\/#\\\/schema\\\/person\\\/79bb06722b37ece1c03d3e94beb30d73\",\"name\":\"redazione\",\"image\":{\"@type\":\"ImageObject\",\"inLanguage\":\"fr-FR\",\"@id\":\"https:\\\/\\\/secure.gravatar.com\\\/avatar\\\/37d968a2e67a6fd04c169c4bdef102d0bc5d31b2546345219e348575eb80e9a0?s=96&d=mm&r=g\",\"url\":\"https:\\\/\\\/secure.gravatar.com\\\/avatar\\\/37d968a2e67a6fd04c169c4bdef102d0bc5d31b2546345219e348575eb80e9a0?s=96&d=mm&r=g\",\"contentUrl\":\"https:\\\/\\\/secure.gravatar.com\\\/avatar\\\/37d968a2e67a6fd04c169c4bdef102d0bc5d31b2546345219e348575eb80e9a0?s=96&d=mm&r=g\",\"caption\":\"redazione\"},\"sameAs\":[\"http:\\\/\\\/www.bellunopress.it\",\"https:\\\/\\\/x.com\\\/bellunopress\"],\"url\":\"https:\\\/\\\/www.bellunopress.it\\\/fr\\\/author\\\/redazione\\\/\"}]}<\/script>\n<!-- \/ Yoast SEO plugin. -->","yoast_head_json":{"title":"Feltre: i consiglieri di minoranza del Partito Democratico non cercano poltrone - Bellunopress - Dolomiti","robots":{"index":"index","follow":"follow","max-snippet":"max-snippet:-1","max-image-preview":"max-image-preview:large","max-video-preview":"max-video-preview:-1"},"canonical":"https:\/\/www.bellunopress.it\/fr\/2010\/07\/31\/feltre-i-consiglieri-di-minoranza-del-partito-democratico-non-cercano-poltrone\/","og_locale":"fr_FR","og_type":"article","og_title":"Feltre: i consiglieri di minoranza del Partito Democratico non cercano poltrone - Bellunopress - Dolomiti","og_description":"&#8220;Leggiamo sulla stampa locale l\u2019ennesimo fazioso quanto infondato attacco da parte del sindaco di Feltre\u00a0Vaccari alla minoranza &#8211; scrivono in una nota i consiglieri del Partito Democratico &#8211; Noi riteniamo che la nostra citt\u00e0 abbia bisogno di qualcosa di diverso di continue e sterili polemiche che la minoranza consigliare non vuole e non fomenta cos\u00ec [&hellip;]","og_url":"https:\/\/www.bellunopress.it\/fr\/2010\/07\/31\/feltre-i-consiglieri-di-minoranza-del-partito-democratico-non-cercano-poltrone\/","og_site_name":"Bellunopress - Dolomiti","article_publisher":"https:\/\/www.facebook.com\/profile.php?id=100008943462799","article_published_time":"2010-07-31T18:38:45+00:00","og_image":[{"url":"http:\/\/www.bellunopress.it\/wp-content\/uploads\/2009\/08\/teatro-la-sena-feltre.jpg","type":"","width":"","height":""}],"author":"redazione","twitter_card":"summary_large_image","twitter_creator":"@bellunopress","twitter_site":"@bellunopress","twitter_misc":{"\u00c9crit par":"redazione","Dur\u00e9e de lecture estim\u00e9e":"2 minutes"},"schema":{"@context":"https:\/\/schema.org","@graph":[{"@type":"Article","@id":"https:\/\/www.bellunopress.it\/2010\/07\/31\/feltre-i-consiglieri-di-minoranza-del-partito-democratico-non-cercano-poltrone\/#article","isPartOf":{"@id":"https:\/\/www.bellunopress.it\/2010\/07\/31\/feltre-i-consiglieri-di-minoranza-del-partito-democratico-non-cercano-poltrone\/"},"author":{"name":"redazione","@id":"https:\/\/www.bellunopress.it\/#\/schema\/person\/79bb06722b37ece1c03d3e94beb30d73"},"headline":"Feltre: i consiglieri di minoranza del Partito Democratico non cercano poltrone","datePublished":"2010-07-31T18:38:45+00:00","mainEntityOfPage":{"@id":"https:\/\/www.bellunopress.it\/2010\/07\/31\/feltre-i-consiglieri-di-minoranza-del-partito-democratico-non-cercano-poltrone\/"},"wordCount":470,"publisher":{"@id":"https:\/\/www.bellunopress.it\/#organization"},"image":{"@id":"https:\/\/www.bellunopress.it\/2010\/07\/31\/feltre-i-consiglieri-di-minoranza-del-partito-democratico-non-cercano-poltrone\/#primaryimage"},"thumbnailUrl":"http:\/\/www.bellunopress.it\/wp-content\/uploads\/2009\/08\/teatro-la-sena-feltre.jpg","keywords":["Feltre. Pd","Vaccari"],"articleSection":["Cronaca\/Politica","Prima Pagina"],"inLanguage":"fr-FR"},{"@type":"WebPage","@id":"https:\/\/www.bellunopress.it\/2010\/07\/31\/feltre-i-consiglieri-di-minoranza-del-partito-democratico-non-cercano-poltrone\/","url":"https:\/\/www.bellunopress.it\/2010\/07\/31\/feltre-i-consiglieri-di-minoranza-del-partito-democratico-non-cercano-poltrone\/","name":"Feltre: i consiglieri di minoranza del Partito Democratico non cercano poltrone - Bellunopress - Dolomiti","isPartOf":{"@id":"https:\/\/www.bellunopress.it\/#website"},"primaryImageOfPage":{"@id":"https:\/\/www.bellunopress.it\/2010\/07\/31\/feltre-i-consiglieri-di-minoranza-del-partito-democratico-non-cercano-poltrone\/#primaryimage"},"image":{"@id":"https:\/\/www.bellunopress.it\/2010\/07\/31\/feltre-i-consiglieri-di-minoranza-del-partito-democratico-non-cercano-poltrone\/#primaryimage"},"thumbnailUrl":"http:\/\/www.bellunopress.it\/wp-content\/uploads\/2009\/08\/teatro-la-sena-feltre.jpg","datePublished":"2010-07-31T18:38:45+00:00","breadcrumb":{"@id":"https:\/\/www.bellunopress.it\/2010\/07\/31\/feltre-i-consiglieri-di-minoranza-del-partito-democratico-non-cercano-poltrone\/#breadcrumb"},"inLanguage":"fr-FR","potentialAction":[{"@type":"ReadAction","target":["https:\/\/www.bellunopress.it\/2010\/07\/31\/feltre-i-consiglieri-di-minoranza-del-partito-democratico-non-cercano-poltrone\/"]}]},{"@type":"ImageObject","inLanguage":"fr-FR","@id":"https:\/\/www.bellunopress.it\/2010\/07\/31\/feltre-i-consiglieri-di-minoranza-del-partito-democratico-non-cercano-poltrone\/#primaryimage","url":"http:\/\/www.bellunopress.it\/wp-content\/uploads\/2009\/08\/teatro-la-sena-feltre.jpg","contentUrl":"http:\/\/www.bellunopress.it\/wp-content\/uploads\/2009\/08\/teatro-la-sena-feltre.jpg"},{"@type":"BreadcrumbList","@id":"https:\/\/www.bellunopress.it\/2010\/07\/31\/feltre-i-consiglieri-di-minoranza-del-partito-democratico-non-cercano-poltrone\/#breadcrumb","itemListElement":[{"@type":"ListItem","position":1,"name":"Home","item":"https:\/\/www.bellunopress.it\/"},{"@type":"ListItem","position":2,"name":"Feltre: i consiglieri di minoranza del Partito Democratico non cercano poltrone"}]},{"@type":"WebSite","@id":"https:\/\/www.bellunopress.it\/#website","url":"https:\/\/www.bellunopress.it\/","name":"Bellunopress - Dolomiti","description":"e-mail: redazione@bellunopress.it","publisher":{"@id":"https:\/\/www.bellunopress.it\/#organization"},"potentialAction":[{"@type":"SearchAction","target":{"@type":"EntryPoint","urlTemplate":"https:\/\/www.bellunopress.it\/?s={search_term_string}"},"query-input":{"@type":"PropertyValueSpecification","valueRequired":true,"valueName":"search_term_string"}}],"inLanguage":"fr-FR"},{"@type":"Organization","@id":"https:\/\/www.bellunopress.it\/#organization","name":"Bellunopress","url":"https:\/\/www.bellunopress.it\/","logo":{"@type":"ImageObject","inLanguage":"fr-FR","@id":"https:\/\/www.bellunopress.it\/#\/schema\/logo\/image\/","url":"https:\/\/www.bellunopress.it\/wp-content\/uploads\/2011\/05\/cropped-logo-bellunopress-.jpg","contentUrl":"https:\/\/www.bellunopress.it\/wp-content\/uploads\/2011\/05\/cropped-logo-bellunopress-.jpg","width":512,"height":512,"caption":"Bellunopress"},"image":{"@id":"https:\/\/www.bellunopress.it\/#\/schema\/logo\/image\/"},"sameAs":["https:\/\/www.facebook.com\/profile.php?id=100008943462799","https:\/\/x.com\/bellunopress","https:\/\/www.linkedin.com\/hp\/?dnr=JBzUWaJfMUw8vbXJJ2tVW5-I3jZKvC4wsoxE&amp;amp;amp;amp;amp;amp;trk=nav_responsive_tab_home","https:\/\/www.youtube.com\/channel\/UCxL0wu1uN0_3_7hGG0306cw"]},{"@type":"Person","@id":"https:\/\/www.bellunopress.it\/#\/schema\/person\/79bb06722b37ece1c03d3e94beb30d73","name":"r\u00e9daction","image":{"@type":"ImageObject","inLanguage":"fr-FR","@id":"https:\/\/secure.gravatar.com\/avatar\/37d968a2e67a6fd04c169c4bdef102d0bc5d31b2546345219e348575eb80e9a0?s=96&d=mm&r=g","url":"https:\/\/secure.gravatar.com\/avatar\/37d968a2e67a6fd04c169c4bdef102d0bc5d31b2546345219e348575eb80e9a0?s=96&d=mm&r=g","contentUrl":"https:\/\/secure.gravatar.com\/avatar\/37d968a2e67a6fd04c169c4bdef102d0bc5d31b2546345219e348575eb80e9a0?s=96&d=mm&r=g","caption":"redazione"},"sameAs":["http:\/\/www.bellunopress.it","https:\/\/x.com\/bellunopress"],"url":"https:\/\/www.bellunopress.it\/fr\/author\/redazione\/"}]}},"_links":{"self":[{"href":"https:\/\/www.bellunopress.it\/fr\/wp-json\/wp\/v2\/posts\/17731","targetHints":{"allow":["GET"]}}],"collection":[{"href":"https:\/\/www.bellunopress.it\/fr\/wp-json\/wp\/v2\/posts"}],"about":[{"href":"https:\/\/www.bellunopress.it\/fr\/wp-json\/wp\/v2\/types\/post"}],"author":[{"embeddable":true,"href":"https:\/\/www.bellunopress.it\/fr\/wp-json\/wp\/v2\/users\/2"}],"replies":[{"embeddable":true,"href":"https:\/\/www.bellunopress.it\/fr\/wp-json\/wp\/v2\/comments?post=17731"}],"version-history":[{"count":1,"href":"https:\/\/www.bellunopress.it\/fr\/wp-json\/wp\/v2\/posts\/17731\/revisions"}],"predecessor-version":[{"id":17732,"href":"https:\/\/www.bellunopress.it\/fr\/wp-json\/wp\/v2\/posts\/17731\/revisions\/17732"}],"wp:attachment":[{"href":"https:\/\/www.bellunopress.it\/fr\/wp-json\/wp\/v2\/media?parent=17731"}],"wp:term":[{"taxonomy":"category","embeddable":true,"href":"https:\/\/www.bellunopress.it\/fr\/wp-json\/wp\/v2\/categories?post=17731"},{"taxonomy":"post_tag","embeddable":true,"href":"https:\/\/www.bellunopress.it\/fr\/wp-json\/wp\/v2\/tags?post=17731"}],"curies":[{"name":"wp","href":"https:\/\/api.w.org\/{rel}","templated":true}]}}