{"id":17726,"date":"2010-07-31T14:56:56","date_gmt":"2010-07-31T13:56:56","guid":{"rendered":"http:\/\/www.bellunopress.it\/?p=17726"},"modified":"2010-07-31T14:56:56","modified_gmt":"2010-07-31T13:56:56","slug":"la-finalissima-di-miss-veneto-a-jesolo-il-21-agosto","status":"publish","type":"post","link":"https:\/\/www.bellunopress.it\/fr\/2010\/07\/31\/la-finalissima-di-miss-veneto-a-jesolo-il-21-agosto\/","title":{"rendered":"La finalissima di &#8220;Miss Veneto&#8221; a Jesolo il 21 agosto"},"content":{"rendered":"<figure id=\"attachment_17728\" aria-describedby=\"caption-attachment-17728\" style=\"width: 200px\" class=\"wp-caption alignleft\"><a href=\"http:\/\/www.bellunopress.it\/wp-content\/uploads\/2010\/07\/letizia-bacchiet-200x240.jpg\"><img loading=\"lazy\" decoding=\"async\" class=\"size-medium wp-image-17728\" title=\"letizia-bacchiet-200x240\" src=\"http:\/\/www.bellunopress.it\/wp-content\/uploads\/2010\/07\/letizia-bacchiet-200x240.jpg\" alt=\"Letizia Bacchiet\" width=\"200\" height=\"241\" \/><\/a><figcaption id=\"caption-attachment-17728\" class=\"wp-caption-text\">Letizia Bacchiet<\/figcaption><\/figure>\n<p>Dopo tre anni di assenza ritorna a Jesolo la finalissima regionale di Miss Italia, manifestazione che chiuder\u00e0 la stagione 2010 di Miss Italia nella nostra regione e che assegner\u00e0 la fascia pi\u00f9 prestigiosa \u201cMiss Veneto 2010\u201d titolo che dar\u00e0 diritto alla vincitrice di accedere direttamente alle finali nazionali di Salsomaggiore bypassando la fase delle prefinali nazionali. La finalissima regionale \u201csbarco\u201d per la prima volta a Jesolo Lido nel 2002, anno in cui la fascia \u00e8 stata vinta da Eleonora Pedron diventata successivamente Miss Italia. Il 2002 fu anche una anno particolarmente fortunato per Dario Diviacchi responsabile regionale del concorso perch\u00e9 in quell\u2019anno con le sue concorrenti, oltre al titolo di Miss Italia vinse altri cinque titoli nazionali. Miss Italia Veneto 2010 verr\u00e0 eletta sabato 21 agosto nell\u2019arena estiva di Piazza Aurora, durante lo spettacolo che avr\u00e0 inizio alle ore 21.30 verr\u00e0 assegnata anche la fascia \u201cMiss Jesolo\u201d titolo che si aggiunger\u00e0 alle 10 finaliste che in occasione delle finali \u201cminori\u201d si sono aggiudicate una fascia regionale. In occasione della serata oltre alla pattuglia che rappresenteranno il Veneto alle prefinali nazionali verranno presentate anche le sette miss capoluogo di\u00a0 provincia. Madrina della serata la bellunese Letizia Bacchiet (nella foto), Miss Veneto in carica, che lo scorso anno a Salsomaggiore si piazz\u00f2 al terzo posto e vinse una fascia nazionale. La manifestazione \u00e8 organizzata con il supporto e la collaborazione con l\u2019Amministrazione Comunale di Jesolo.<\/p>","protected":false},"excerpt":{"rendered":"<p>Dopo tre anni di assenza ritorna a Jesolo la finalissima regionale di Miss Italia, manifestazione che chiuder\u00e0 la stagione 2010 di Miss Italia nella nostra regione e che assegner\u00e0 la fascia pi\u00f9 prestigiosa \u201cMiss Veneto 2010\u201d titolo che dar\u00e0 diritto alla vincitrice di accedere direttamente alle finali nazionali di Salsomaggiore bypassando la fase delle prefinali [&hellip;]<\/p>\n","protected":false},"author":2,"featured_media":0,"comment_status":"closed","ping_status":"open","sticky":false,"template":"","format":"standard","meta":{"footnotes":""},"categories":[3,26],"tags":[2083,2082,1969],"class_list":["post-17726","post","type-post","status-publish","format-standard","category-arte-cultura-spettacoli-scienza-archivi","category-prima-pagina","tag-jesolo","tag-letizia-bacchiet","tag-miss-italia"],"yoast_head":"<!-- This site is optimized with the Yoast SEO plugin v28.4 - https:\/\/yoast.com\/product\/yoast-seo-wordpress\/ -->\n<title>La finalissima di &quot;Miss Veneto&quot; a Jesolo il 21 agosto - Bellunopress - Dolomiti<\/title>\n<meta name=\"robots\" content=\"index, follow, max-snippet:-1, max-image-preview:large, max-video-preview:-1\" \/>\n<link rel=\"canonical\" href=\"https:\/\/www.bellunopress.it\/fr\/2010\/07\/31\/la-finalissima-di-miss-veneto-a-jesolo-il-21-agosto\/\" \/>\n<meta property=\"og:locale\" content=\"fr_FR\" \/>\n<meta property=\"og:type\" content=\"article\" \/>\n<meta property=\"og:title\" content=\"La finalissima di &quot;Miss Veneto&quot; a Jesolo il 21 agosto - Bellunopress - Dolomiti\" \/>\n<meta property=\"og:description\" content=\"Dopo tre anni di assenza ritorna a Jesolo la finalissima regionale di Miss Italia, manifestazione che chiuder\u00e0 la stagione 2010 di Miss Italia nella nostra regione e che assegner\u00e0 la fascia pi\u00f9 prestigiosa \u201cMiss Veneto 2010\u201d titolo che dar\u00e0 diritto alla vincitrice di accedere direttamente alle finali nazionali di Salsomaggiore bypassando la fase delle prefinali [&hellip;]\" \/>\n<meta property=\"og:url\" content=\"https:\/\/www.bellunopress.it\/fr\/2010\/07\/31\/la-finalissima-di-miss-veneto-a-jesolo-il-21-agosto\/\" \/>\n<meta property=\"og:site_name\" content=\"Bellunopress - Dolomiti\" \/>\n<meta property=\"article:publisher\" content=\"https:\/\/www.facebook.com\/profile.php?id=100008943462799\" \/>\n<meta property=\"article:published_time\" content=\"2010-07-31T13:56:56+00:00\" \/>\n<meta property=\"og:image\" content=\"http:\/\/www.bellunopress.it\/wp-content\/uploads\/2010\/07\/letizia-bacchiet-200x240.jpg\" \/>\n<meta name=\"author\" content=\"redazione\" \/>\n<meta name=\"twitter:card\" content=\"summary_large_image\" \/>\n<meta name=\"twitter:creator\" content=\"@bellunopress\" \/>\n<meta name=\"twitter:site\" content=\"@bellunopress\" \/>\n<meta name=\"twitter:label1\" content=\"\u00c9crit par\" \/>\n\t<meta name=\"twitter:data1\" content=\"redazione\" \/>\n\t<meta name=\"twitter:label2\" content=\"Dur\u00e9e de lecture estim\u00e9e\" \/>\n\t<meta name=\"twitter:data2\" content=\"1 minute\" \/>\n<script type=\"application\/ld+json\" class=\"yoast-schema-graph\">{\"@context\":\"https:\\\/\\\/schema.org\",\"@graph\":[{\"@type\":\"Article\",\"@id\":\"https:\\\/\\\/www.bellunopress.it\\\/2010\\\/07\\\/31\\\/la-finalissima-di-miss-veneto-a-jesolo-il-21-agosto\\\/#article\",\"isPartOf\":{\"@id\":\"https:\\\/\\\/www.bellunopress.it\\\/2010\\\/07\\\/31\\\/la-finalissima-di-miss-veneto-a-jesolo-il-21-agosto\\\/\"},\"author\":{\"name\":\"redazione\",\"@id\":\"https:\\\/\\\/www.bellunopress.it\\\/#\\\/schema\\\/person\\\/79bb06722b37ece1c03d3e94beb30d73\"},\"headline\":\"La finalissima di &#8220;Miss Veneto&#8221; a Jesolo il 21 agosto\",\"datePublished\":\"2010-07-31T13:56:56+00:00\",\"mainEntityOfPage\":{\"@id\":\"https:\\\/\\\/www.bellunopress.it\\\/2010\\\/07\\\/31\\\/la-finalissima-di-miss-veneto-a-jesolo-il-21-agosto\\\/\"},\"wordCount\":245,\"publisher\":{\"@id\":\"https:\\\/\\\/www.bellunopress.it\\\/#organization\"},\"image\":{\"@id\":\"https:\\\/\\\/www.bellunopress.it\\\/2010\\\/07\\\/31\\\/la-finalissima-di-miss-veneto-a-jesolo-il-21-agosto\\\/#primaryimage\"},\"thumbnailUrl\":\"http:\\\/\\\/www.bellunopress.it\\\/wp-content\\\/uploads\\\/2010\\\/07\\\/letizia-bacchiet-200x240.jpg\",\"keywords\":[\"Jesolo\",\"Letizia Bacchiet\",\"Miss Italia\"],\"articleSection\":[\"Arte, Cultura, Spettacoli, Scienza\",\"Prima Pagina\"],\"inLanguage\":\"fr-FR\"},{\"@type\":\"WebPage\",\"@id\":\"https:\\\/\\\/www.bellunopress.it\\\/2010\\\/07\\\/31\\\/la-finalissima-di-miss-veneto-a-jesolo-il-21-agosto\\\/\",\"url\":\"https:\\\/\\\/www.bellunopress.it\\\/2010\\\/07\\\/31\\\/la-finalissima-di-miss-veneto-a-jesolo-il-21-agosto\\\/\",\"name\":\"La finalissima di \\\"Miss Veneto\\\" a Jesolo il 21 agosto - Bellunopress - Dolomiti\",\"isPartOf\":{\"@id\":\"https:\\\/\\\/www.bellunopress.it\\\/#website\"},\"primaryImageOfPage\":{\"@id\":\"https:\\\/\\\/www.bellunopress.it\\\/2010\\\/07\\\/31\\\/la-finalissima-di-miss-veneto-a-jesolo-il-21-agosto\\\/#primaryimage\"},\"image\":{\"@id\":\"https:\\\/\\\/www.bellunopress.it\\\/2010\\\/07\\\/31\\\/la-finalissima-di-miss-veneto-a-jesolo-il-21-agosto\\\/#primaryimage\"},\"thumbnailUrl\":\"http:\\\/\\\/www.bellunopress.it\\\/wp-content\\\/uploads\\\/2010\\\/07\\\/letizia-bacchiet-200x240.jpg\",\"datePublished\":\"2010-07-31T13:56:56+00:00\",\"breadcrumb\":{\"@id\":\"https:\\\/\\\/www.bellunopress.it\\\/2010\\\/07\\\/31\\\/la-finalissima-di-miss-veneto-a-jesolo-il-21-agosto\\\/#breadcrumb\"},\"inLanguage\":\"fr-FR\",\"potentialAction\":[{\"@type\":\"ReadAction\",\"target\":[\"https:\\\/\\\/www.bellunopress.it\\\/2010\\\/07\\\/31\\\/la-finalissima-di-miss-veneto-a-jesolo-il-21-agosto\\\/\"]}]},{\"@type\":\"ImageObject\",\"inLanguage\":\"fr-FR\",\"@id\":\"https:\\\/\\\/www.bellunopress.it\\\/2010\\\/07\\\/31\\\/la-finalissima-di-miss-veneto-a-jesolo-il-21-agosto\\\/#primaryimage\",\"url\":\"http:\\\/\\\/www.bellunopress.it\\\/wp-content\\\/uploads\\\/2010\\\/07\\\/letizia-bacchiet-200x240.jpg\",\"contentUrl\":\"http:\\\/\\\/www.bellunopress.it\\\/wp-content\\\/uploads\\\/2010\\\/07\\\/letizia-bacchiet-200x240.jpg\"},{\"@type\":\"BreadcrumbList\",\"@id\":\"https:\\\/\\\/www.bellunopress.it\\\/2010\\\/07\\\/31\\\/la-finalissima-di-miss-veneto-a-jesolo-il-21-agosto\\\/#breadcrumb\",\"itemListElement\":[{\"@type\":\"ListItem\",\"position\":1,\"name\":\"Home\",\"item\":\"https:\\\/\\\/www.bellunopress.it\\\/\"},{\"@type\":\"ListItem\",\"position\":2,\"name\":\"La finalissima di &#8220;Miss Veneto&#8221; a Jesolo il 21 agosto\"}]},{\"@type\":\"WebSite\",\"@id\":\"https:\\\/\\\/www.bellunopress.it\\\/#website\",\"url\":\"https:\\\/\\\/www.bellunopress.it\\\/\",\"name\":\"Bellunopress - Dolomiti\",\"description\":\"e-mail: redazione@bellunopress.it\",\"publisher\":{\"@id\":\"https:\\\/\\\/www.bellunopress.it\\\/#organization\"},\"potentialAction\":[{\"@type\":\"SearchAction\",\"target\":{\"@type\":\"EntryPoint\",\"urlTemplate\":\"https:\\\/\\\/www.bellunopress.it\\\/?s={search_term_string}\"},\"query-input\":{\"@type\":\"PropertyValueSpecification\",\"valueRequired\":true,\"valueName\":\"search_term_string\"}}],\"inLanguage\":\"fr-FR\"},{\"@type\":\"Organization\",\"@id\":\"https:\\\/\\\/www.bellunopress.it\\\/#organization\",\"name\":\"Bellunopress\",\"url\":\"https:\\\/\\\/www.bellunopress.it\\\/\",\"logo\":{\"@type\":\"ImageObject\",\"inLanguage\":\"fr-FR\",\"@id\":\"https:\\\/\\\/www.bellunopress.it\\\/#\\\/schema\\\/logo\\\/image\\\/\",\"url\":\"https:\\\/\\\/www.bellunopress.it\\\/wp-content\\\/uploads\\\/2011\\\/05\\\/cropped-logo-bellunopress-.jpg\",\"contentUrl\":\"https:\\\/\\\/www.bellunopress.it\\\/wp-content\\\/uploads\\\/2011\\\/05\\\/cropped-logo-bellunopress-.jpg\",\"width\":512,\"height\":512,\"caption\":\"Bellunopress\"},\"image\":{\"@id\":\"https:\\\/\\\/www.bellunopress.it\\\/#\\\/schema\\\/logo\\\/image\\\/\"},\"sameAs\":[\"https:\\\/\\\/www.facebook.com\\\/profile.php?id=100008943462799\",\"https:\\\/\\\/x.com\\\/bellunopress\",\"https:\\\/\\\/www.linkedin.com\\\/hp\\\/?dnr=JBzUWaJfMUw8vbXJJ2tVW5-I3jZKvC4wsoxE&amp;amp;amp;amp;amp;amp;trk=nav_responsive_tab_home\",\"https:\\\/\\\/www.youtube.com\\\/channel\\\/UCxL0wu1uN0_3_7hGG0306cw\"]},{\"@type\":\"Person\",\"@id\":\"https:\\\/\\\/www.bellunopress.it\\\/#\\\/schema\\\/person\\\/79bb06722b37ece1c03d3e94beb30d73\",\"name\":\"redazione\",\"image\":{\"@type\":\"ImageObject\",\"inLanguage\":\"fr-FR\",\"@id\":\"https:\\\/\\\/secure.gravatar.com\\\/avatar\\\/37d968a2e67a6fd04c169c4bdef102d0bc5d31b2546345219e348575eb80e9a0?s=96&d=mm&r=g\",\"url\":\"https:\\\/\\\/secure.gravatar.com\\\/avatar\\\/37d968a2e67a6fd04c169c4bdef102d0bc5d31b2546345219e348575eb80e9a0?s=96&d=mm&r=g\",\"contentUrl\":\"https:\\\/\\\/secure.gravatar.com\\\/avatar\\\/37d968a2e67a6fd04c169c4bdef102d0bc5d31b2546345219e348575eb80e9a0?s=96&d=mm&r=g\",\"caption\":\"redazione\"},\"sameAs\":[\"http:\\\/\\\/www.bellunopress.it\",\"https:\\\/\\\/x.com\\\/bellunopress\"],\"url\":\"https:\\\/\\\/www.bellunopress.it\\\/fr\\\/author\\\/redazione\\\/\"}]}<\/script>\n<!-- \/ Yoast SEO plugin. -->","yoast_head_json":{"title":"La finalissima di \"Miss Veneto\" a Jesolo il 21 agosto - Bellunopress - Dolomiti","robots":{"index":"index","follow":"follow","max-snippet":"max-snippet:-1","max-image-preview":"max-image-preview:large","max-video-preview":"max-video-preview:-1"},"canonical":"https:\/\/www.bellunopress.it\/fr\/2010\/07\/31\/la-finalissima-di-miss-veneto-a-jesolo-il-21-agosto\/","og_locale":"fr_FR","og_type":"article","og_title":"La finalissima di \"Miss Veneto\" a Jesolo il 21 agosto - Bellunopress - Dolomiti","og_description":"Dopo tre anni di assenza ritorna a Jesolo la finalissima regionale di Miss Italia, manifestazione che chiuder\u00e0 la stagione 2010 di Miss Italia nella nostra regione e che assegner\u00e0 la fascia pi\u00f9 prestigiosa \u201cMiss Veneto 2010\u201d titolo che dar\u00e0 diritto alla vincitrice di accedere direttamente alle finali nazionali di Salsomaggiore bypassando la fase delle prefinali [&hellip;]","og_url":"https:\/\/www.bellunopress.it\/fr\/2010\/07\/31\/la-finalissima-di-miss-veneto-a-jesolo-il-21-agosto\/","og_site_name":"Bellunopress - Dolomiti","article_publisher":"https:\/\/www.facebook.com\/profile.php?id=100008943462799","article_published_time":"2010-07-31T13:56:56+00:00","og_image":[{"url":"http:\/\/www.bellunopress.it\/wp-content\/uploads\/2010\/07\/letizia-bacchiet-200x240.jpg","type":"","width":"","height":""}],"author":"redazione","twitter_card":"summary_large_image","twitter_creator":"@bellunopress","twitter_site":"@bellunopress","twitter_misc":{"\u00c9crit par":"redazione","Dur\u00e9e de lecture estim\u00e9e":"1 minute"},"schema":{"@context":"https:\/\/schema.org","@graph":[{"@type":"Article","@id":"https:\/\/www.bellunopress.it\/2010\/07\/31\/la-finalissima-di-miss-veneto-a-jesolo-il-21-agosto\/#article","isPartOf":{"@id":"https:\/\/www.bellunopress.it\/2010\/07\/31\/la-finalissima-di-miss-veneto-a-jesolo-il-21-agosto\/"},"author":{"name":"redazione","@id":"https:\/\/www.bellunopress.it\/#\/schema\/person\/79bb06722b37ece1c03d3e94beb30d73"},"headline":"La finalissima di &#8220;Miss Veneto&#8221; a Jesolo il 21 agosto","datePublished":"2010-07-31T13:56:56+00:00","mainEntityOfPage":{"@id":"https:\/\/www.bellunopress.it\/2010\/07\/31\/la-finalissima-di-miss-veneto-a-jesolo-il-21-agosto\/"},"wordCount":245,"publisher":{"@id":"https:\/\/www.bellunopress.it\/#organization"},"image":{"@id":"https:\/\/www.bellunopress.it\/2010\/07\/31\/la-finalissima-di-miss-veneto-a-jesolo-il-21-agosto\/#primaryimage"},"thumbnailUrl":"http:\/\/www.bellunopress.it\/wp-content\/uploads\/2010\/07\/letizia-bacchiet-200x240.jpg","keywords":["Jesolo","Letizia Bacchiet","Miss Italia"],"articleSection":["Arte, Cultura, Spettacoli, Scienza","Prima Pagina"],"inLanguage":"fr-FR"},{"@type":"WebPage","@id":"https:\/\/www.bellunopress.it\/2010\/07\/31\/la-finalissima-di-miss-veneto-a-jesolo-il-21-agosto\/","url":"https:\/\/www.bellunopress.it\/2010\/07\/31\/la-finalissima-di-miss-veneto-a-jesolo-il-21-agosto\/","name":"La finalissima di \"Miss Veneto\" a Jesolo il 21 agosto - Bellunopress - Dolomiti","isPartOf":{"@id":"https:\/\/www.bellunopress.it\/#website"},"primaryImageOfPage":{"@id":"https:\/\/www.bellunopress.it\/2010\/07\/31\/la-finalissima-di-miss-veneto-a-jesolo-il-21-agosto\/#primaryimage"},"image":{"@id":"https:\/\/www.bellunopress.it\/2010\/07\/31\/la-finalissima-di-miss-veneto-a-jesolo-il-21-agosto\/#primaryimage"},"thumbnailUrl":"http:\/\/www.bellunopress.it\/wp-content\/uploads\/2010\/07\/letizia-bacchiet-200x240.jpg","datePublished":"2010-07-31T13:56:56+00:00","breadcrumb":{"@id":"https:\/\/www.bellunopress.it\/2010\/07\/31\/la-finalissima-di-miss-veneto-a-jesolo-il-21-agosto\/#breadcrumb"},"inLanguage":"fr-FR","potentialAction":[{"@type":"ReadAction","target":["https:\/\/www.bellunopress.it\/2010\/07\/31\/la-finalissima-di-miss-veneto-a-jesolo-il-21-agosto\/"]}]},{"@type":"ImageObject","inLanguage":"fr-FR","@id":"https:\/\/www.bellunopress.it\/2010\/07\/31\/la-finalissima-di-miss-veneto-a-jesolo-il-21-agosto\/#primaryimage","url":"http:\/\/www.bellunopress.it\/wp-content\/uploads\/2010\/07\/letizia-bacchiet-200x240.jpg","contentUrl":"http:\/\/www.bellunopress.it\/wp-content\/uploads\/2010\/07\/letizia-bacchiet-200x240.jpg"},{"@type":"BreadcrumbList","@id":"https:\/\/www.bellunopress.it\/2010\/07\/31\/la-finalissima-di-miss-veneto-a-jesolo-il-21-agosto\/#breadcrumb","itemListElement":[{"@type":"ListItem","position":1,"name":"Home","item":"https:\/\/www.bellunopress.it\/"},{"@type":"ListItem","position":2,"name":"La finalissima di &#8220;Miss Veneto&#8221; a Jesolo il 21 agosto"}]},{"@type":"WebSite","@id":"https:\/\/www.bellunopress.it\/#website","url":"https:\/\/www.bellunopress.it\/","name":"Bellunopress - Dolomiti","description":"e-mail: redazione@bellunopress.it","publisher":{"@id":"https:\/\/www.bellunopress.it\/#organization"},"potentialAction":[{"@type":"SearchAction","target":{"@type":"EntryPoint","urlTemplate":"https:\/\/www.bellunopress.it\/?s={search_term_string}"},"query-input":{"@type":"PropertyValueSpecification","valueRequired":true,"valueName":"search_term_string"}}],"inLanguage":"fr-FR"},{"@type":"Organization","@id":"https:\/\/www.bellunopress.it\/#organization","name":"Bellunopress","url":"https:\/\/www.bellunopress.it\/","logo":{"@type":"ImageObject","inLanguage":"fr-FR","@id":"https:\/\/www.bellunopress.it\/#\/schema\/logo\/image\/","url":"https:\/\/www.bellunopress.it\/wp-content\/uploads\/2011\/05\/cropped-logo-bellunopress-.jpg","contentUrl":"https:\/\/www.bellunopress.it\/wp-content\/uploads\/2011\/05\/cropped-logo-bellunopress-.jpg","width":512,"height":512,"caption":"Bellunopress"},"image":{"@id":"https:\/\/www.bellunopress.it\/#\/schema\/logo\/image\/"},"sameAs":["https:\/\/www.facebook.com\/profile.php?id=100008943462799","https:\/\/x.com\/bellunopress","https:\/\/www.linkedin.com\/hp\/?dnr=JBzUWaJfMUw8vbXJJ2tVW5-I3jZKvC4wsoxE&amp;amp;amp;amp;amp;amp;trk=nav_responsive_tab_home","https:\/\/www.youtube.com\/channel\/UCxL0wu1uN0_3_7hGG0306cw"]},{"@type":"Person","@id":"https:\/\/www.bellunopress.it\/#\/schema\/person\/79bb06722b37ece1c03d3e94beb30d73","name":"r\u00e9daction","image":{"@type":"ImageObject","inLanguage":"fr-FR","@id":"https:\/\/secure.gravatar.com\/avatar\/37d968a2e67a6fd04c169c4bdef102d0bc5d31b2546345219e348575eb80e9a0?s=96&d=mm&r=g","url":"https:\/\/secure.gravatar.com\/avatar\/37d968a2e67a6fd04c169c4bdef102d0bc5d31b2546345219e348575eb80e9a0?s=96&d=mm&r=g","contentUrl":"https:\/\/secure.gravatar.com\/avatar\/37d968a2e67a6fd04c169c4bdef102d0bc5d31b2546345219e348575eb80e9a0?s=96&d=mm&r=g","caption":"redazione"},"sameAs":["http:\/\/www.bellunopress.it","https:\/\/x.com\/bellunopress"],"url":"https:\/\/www.bellunopress.it\/fr\/author\/redazione\/"}]}},"_links":{"self":[{"href":"https:\/\/www.bellunopress.it\/fr\/wp-json\/wp\/v2\/posts\/17726","targetHints":{"allow":["GET"]}}],"collection":[{"href":"https:\/\/www.bellunopress.it\/fr\/wp-json\/wp\/v2\/posts"}],"about":[{"href":"https:\/\/www.bellunopress.it\/fr\/wp-json\/wp\/v2\/types\/post"}],"author":[{"embeddable":true,"href":"https:\/\/www.bellunopress.it\/fr\/wp-json\/wp\/v2\/users\/2"}],"replies":[{"embeddable":true,"href":"https:\/\/www.bellunopress.it\/fr\/wp-json\/wp\/v2\/comments?post=17726"}],"version-history":[{"count":1,"href":"https:\/\/www.bellunopress.it\/fr\/wp-json\/wp\/v2\/posts\/17726\/revisions"}],"predecessor-version":[{"id":17729,"href":"https:\/\/www.bellunopress.it\/fr\/wp-json\/wp\/v2\/posts\/17726\/revisions\/17729"}],"wp:attachment":[{"href":"https:\/\/www.bellunopress.it\/fr\/wp-json\/wp\/v2\/media?parent=17726"}],"wp:term":[{"taxonomy":"category","embeddable":true,"href":"https:\/\/www.bellunopress.it\/fr\/wp-json\/wp\/v2\/categories?post=17726"},{"taxonomy":"post_tag","embeddable":true,"href":"https:\/\/www.bellunopress.it\/fr\/wp-json\/wp\/v2\/tags?post=17726"}],"curies":[{"name":"wp","href":"https:\/\/api.w.org\/{rel}","templated":true}]}}