{"id":17720,"date":"2010-07-31T18:07:41","date_gmt":"2010-07-31T17:07:41","guid":{"rendered":"http:\/\/www.bellunopress.it\/?p=17720"},"modified":"2020-11-03T21:42:42","modified_gmt":"2020-11-03T20:42:42","slug":"l%e2%80%99ultimo-tramonto-di-benito-palla-montesi-lindimenticabile-avventura-di-un-reduce-di-russia-in-un-romanzo","status":"publish","type":"post","link":"https:\/\/www.bellunopress.it\/fr\/2010\/07\/31\/l%e2%80%99ultimo-tramonto-di-benito-palla-montesi-lindimenticabile-avventura-di-un-reduce-di-russia-in-un-romanzo\/","title":{"rendered":"L\u2019ultimo tramonto di Benito Palla Montesi. L&#8217;indimenticabile avventura di un reduce di Russia in un romanzo"},"content":{"rendered":"<figure id=\"attachment_17721\" aria-describedby=\"caption-attachment-17721\" style=\"width: 232px\" class=\"wp-caption alignleft\"><a href=\"http:\/\/www.bellunopress.it\/wp-content\/uploads\/2010\/07\/benito-palla-montesi.jpg\"><img loading=\"lazy\" decoding=\"async\" class=\"size-medium wp-image-17721\" title=\"benito-palla-montesi\" src=\"http:\/\/www.bellunopress.it\/wp-content\/uploads\/2010\/07\/benito-palla-montesi.jpg\" alt=\"Benito Palla Montesi\" width=\"232\" height=\"290\" \/><\/a><figcaption id=\"caption-attachment-17721\" class=\"wp-caption-text\">Benito Palla Montesi<\/figcaption><\/figure>\n<p>Ho incontrato Benito Palla Montesi tre anni fa nella sua casa di Sospirolo (Belluno), per scrivere l&#8217;articolo che segue per il mensile La Pagina. Ci siamo seduti davanti a un bicchiere di vino, che da queste parti non manca mai. Benito ha iniziato raccontandomi un po&#8217; della sua vita, della famiglia, delle figlie, dei suoi anni passati a Rio de Janeiro, delle belle donne brasiliane. Ma proprio in quel momento passa sua moglie che commenta \u201coramai saranno vecchie anche loro&#8230;\u201d.\u00a0 Quando gli chiedo perch\u00e9 abbia optato per il romanzo anzich\u00e9 per un libro storico, Benito mi dice che gli era impossibile dopo tanti anni verificare i dettagli precisi del suo racconto e che non disponeva nemmeno di tutti i dati necessari per un libro storico, per questo motivo ha scelto la forma della narrativa. \u201cUltimo tramonto a Kharkow\u201d \u00e8 il titolo del romanzo autobiografico di Benito Palla Montesi, alpino reduce di Russia nativo di Sospirolo, classe 1922, rocciatore e perito minerario. Stefano, il\u00a0 protagonista della storia, \u00e8 un soldato della Divisione Tridentina, Reggimento VI Alpini, Battaglione Vestone, che fa parte dell\u2019ARMIR (Armata italiana in Russia), il Corpo militare che combatte nella zona del Don contro l&#8217;esercito sovietico tra il luglio 1942 e il febbraio 1943. Stefano svolge il suo servizio su una postazione a pochi chilometri dal Don. E sullo sfondo della Seconda guerra mondiale, il suo destino si incrocia con quello di Yara, una ragazza russa che abita in un villaggio vicino, della quale s\u2019innamora. Stefano \u00e8 anche un buon sciatore e nei momenti di quiete non esita a raggiungere la ragazza. Ma arriva l\u2019ordine di partire e le strade dei due giovani si dividono. Il ricordo di Yara, tuttavia, rimarr\u00e0 per sempre nitido ed immutato nella mente di Stefano. E quando rimane ferito e senza pi\u00f9 forze, nel gelido inverno russo, \u00e8 a lei che pensa per trovare la forza di proseguire. Stefano riesce a cavarsela, ma non rivedr\u00e0 pi\u00f9 la sua Yara. <a href=\"http:\/\/www.bellunopress.it\/wp-content\/uploads\/2010\/07\/ultimo-tramonto-a-charkow-benito-palla-montesi.jpg\"><img loading=\"lazy\" decoding=\"async\" class=\"alignright size-medium wp-image-17722\" title=\"ultimo-tramonto-a-charkow-benito-palla-montesi\" src=\"http:\/\/www.bellunopress.it\/wp-content\/uploads\/2010\/07\/ultimo-tramonto-a-charkow-benito-palla-montesi.jpg\" alt=\"\" width=\"187\" height=\"280\" \/><\/a>A questo punto lasciamo il romanzo per sentire direttamente dall\u2019autore i ricordi di guerra e come \u00e8 riuscito a sopravvivere ai vari conflitti a fuoco e alla battaglia decisiva di Nikolajewka. \u00abNel corso della ritirata, facevo parte del gruppo in testa formato da una ventina di uomini &#8211; spiega Benito &#8211; e certamente eravamo quelli pi\u00f9 esposti ai rischi. Ma sapevo che solo in questo modo sarei riuscito ad arrivare per primo nelle casbe russe. E qualcosa da mangiare l\u2019avrei certamente trovato\u00bb. La mattina del 26 gennaio 1942 il battaglione Vestone in testa, con il Verona e parte del Valchiese, inizia l\u2019attacco a Nikolajewka. \u00abLa maggior parte di noi cade sotto il fuoco nemico prima di raggiungere la linea russa schierata sulla ferrovia. Io riesco a superare i binari \u2013 racconta Benito \u2013 e raggiungo un\u2019isba. Sfondo una finestra e riesco a mettermi in salvo. Da l\u00ec vedo una grande massa di soldati italiani, alcuni anche senza armi, che all\u2019ordine d\u2019attacco si buttano allo scoperto contro la linea difensiva russa. C\u2019\u00e8 anche un aereo russo che in un primo momento sorvola e bombarda. Ma dopo un primo passaggio se ne va. Ho sempre pensato che non volesse ucciderci\u00bb. Durante la ritirata Benito riporta il congelamento dei piedi e verr\u00e0 ricoverato all\u2019ospedale di Kharkow (o Karkov, nelle cartine indicata anche come Kharkiv, Charkiv, o Harkov in russo). Una citt\u00e0 di circa 1 milione e mezzo di abitanti nell\u2019Ucraina orientale, alla confluenza dei fiumi Kharkiv, Lopan e Udy. Dove nell\u2019agosto del \u201843 le divisioni tedesche dotate dei nuovi carri armati Tigre battono l\u2019esercito russo sei volte pi\u00f9 consistente. E, per uno strano gioco del destino, Kharkow \u00e8 anche la citt\u00e0 dove una ventina d\u2019anni prima la mamma di Benito, nata ad Odessa da genitori italiani, abitava e frequentava il collegio dove poi avrebbe conosciuto il futuro marito e padre di Benito. La donna mor\u00ec quando lui aveva solo due anni e il fratellino 8 mesi. \u00abQuando mi trasportano dall\u2019ospedale militare alla stazione ferroviaria &#8211; prosegue Benito &#8211;\u00a0 non sapevo ancora se quel treno ci avrebbe rimpatriato o se invece ci portavano a ricostituire i reparti per continuare a combattere. Ebbene, mentre guardavo il tramonto dissi a me stesso che quello sarebbe stato in ogni caso \u201cL\u2019 ultimo tramonto a Kharkow\u201d. Perch\u00e9 piuttosto che continuare a combattere sarei fuggito\u00bb! Quel treno, fortunatamente, era diretto in Italia. Qualche tempo dopo, l\u20198 settembre del \u201943 viene sottoscritto l\u2019armistizio e Benito viene reclutato dalla Todt a Romano d\u2019Ezzelino, come capocantiere per la costruzione di opere e postazioni che avrebbero dovuto ostacolare l\u2019avanzata degli anglo-americani. Nell\u2019immediato dopoguerra Benito sceglie di emigrare prima in Belgio, dove lavora in miniera. E poi in Brasile, dove nel 1948 partecipa alla costruzione del tunnel di Rio de Janeiro che collega Capocabana all\u2019entroterra. Dal 1962 al 1980 lavora all\u2019Ambasciata italiana di Rio, presso il Centro culturale Italia-Brasile. Finch\u00e9 rimpatria nella sua Regolanova di Sospirolo (Belluno) dove vive tutt\u2019oggi.<br \/>\nRoberto De Nart<\/p>","protected":false},"excerpt":{"rendered":"<p>Ho incontrato Benito Palla Montesi tre anni fa nella sua casa di Sospirolo (Belluno), per scrivere l&#8217;articolo che segue per il mensile La Pagina. Ci siamo seduti davanti a un bicchiere di vino, che da queste parti non manca mai. Benito ha iniziato raccontandomi un po&#8217; della sua vita, della famiglia, delle figlie, dei suoi [&hellip;]<\/p>\n","protected":false},"author":2,"featured_media":0,"comment_status":"closed","ping_status":"open","sticky":false,"template":"","format":"standard","meta":{"footnotes":""},"categories":[49],"tags":[2075,2080,2081,2078,2079,2077,2076,2074],"class_list":["post-17720","post","type-post","status-publish","format-standard","category-speciali","tag-benito-palla-montesi","tag-charkiv","tag-harkov","tag-karkov","tag-kharkiv","tag-kharkow","tag-nikolajewka","tag-ultimo-tramonto-a-kharkow"],"yoast_head":"<!-- This site is optimized with the Yoast SEO plugin v28.4 - https:\/\/yoast.com\/product\/yoast-seo-wordpress\/ -->\n<title>L\u2019ultimo tramonto di Benito Palla Montesi. L&#039;indimenticabile avventura di un reduce di Russia in un romanzo - Bellunopress - Dolomiti<\/title>\n<meta name=\"robots\" content=\"index, follow, max-snippet:-1, max-image-preview:large, max-video-preview:-1\" \/>\n<link rel=\"canonical\" href=\"https:\/\/www.bellunopress.it\/fr\/2010\/07\/31\/l\u2019ultimo-tramonto-di-benito-palla-montesi-lindimenticabile-avventura-di-un-reduce-di-russia-in-un-romanzo\/\" \/>\n<meta property=\"og:locale\" content=\"fr_FR\" \/>\n<meta property=\"og:type\" content=\"article\" \/>\n<meta property=\"og:title\" content=\"L\u2019ultimo tramonto di Benito Palla Montesi. L&#039;indimenticabile avventura di un reduce di Russia in un romanzo - Bellunopress - Dolomiti\" \/>\n<meta property=\"og:description\" content=\"Ho incontrato Benito Palla Montesi tre anni fa nella sua casa di Sospirolo (Belluno), per scrivere l&#8217;articolo che segue per il mensile La Pagina. Ci siamo seduti davanti a un bicchiere di vino, che da queste parti non manca mai. Benito ha iniziato raccontandomi un po&#8217; della sua vita, della famiglia, delle figlie, dei suoi [&hellip;]\" \/>\n<meta property=\"og:url\" content=\"https:\/\/www.bellunopress.it\/fr\/2010\/07\/31\/l\u2019ultimo-tramonto-di-benito-palla-montesi-lindimenticabile-avventura-di-un-reduce-di-russia-in-un-romanzo\/\" \/>\n<meta property=\"og:site_name\" content=\"Bellunopress - Dolomiti\" \/>\n<meta property=\"article:publisher\" content=\"https:\/\/www.facebook.com\/profile.php?id=100008943462799\" \/>\n<meta property=\"article:published_time\" content=\"2010-07-31T17:07:41+00:00\" \/>\n<meta property=\"article:modified_time\" content=\"2020-11-03T20:42:42+00:00\" \/>\n<meta property=\"og:image\" content=\"http:\/\/www.bellunopress.it\/wp-content\/uploads\/2010\/07\/benito-palla-montesi.jpg\" \/>\n<meta name=\"author\" content=\"redazione\" \/>\n<meta name=\"twitter:card\" content=\"summary_large_image\" \/>\n<meta name=\"twitter:creator\" content=\"@bellunopress\" \/>\n<meta name=\"twitter:site\" content=\"@bellunopress\" \/>\n<meta name=\"twitter:label1\" content=\"\u00c9crit par\" \/>\n\t<meta name=\"twitter:data1\" content=\"redazione\" \/>\n\t<meta name=\"twitter:label2\" content=\"Dur\u00e9e de lecture estim\u00e9e\" \/>\n\t<meta name=\"twitter:data2\" content=\"4 minutes\" \/>\n<script type=\"application\/ld+json\" class=\"yoast-schema-graph\">{\"@context\":\"https:\\\/\\\/schema.org\",\"@graph\":[{\"@type\":\"Article\",\"@id\":\"https:\\\/\\\/www.bellunopress.it\\\/2010\\\/07\\\/31\\\/l%e2%80%99ultimo-tramonto-di-benito-palla-montesi-lindimenticabile-avventura-di-un-reduce-di-russia-in-un-romanzo\\\/#article\",\"isPartOf\":{\"@id\":\"https:\\\/\\\/www.bellunopress.it\\\/2010\\\/07\\\/31\\\/l%e2%80%99ultimo-tramonto-di-benito-palla-montesi-lindimenticabile-avventura-di-un-reduce-di-russia-in-un-romanzo\\\/\"},\"author\":{\"name\":\"redazione\",\"@id\":\"https:\\\/\\\/www.bellunopress.it\\\/#\\\/schema\\\/person\\\/79bb06722b37ece1c03d3e94beb30d73\"},\"headline\":\"L\u2019ultimo tramonto di Benito Palla Montesi. L&#8217;indimenticabile avventura di un reduce di Russia in un romanzo\",\"datePublished\":\"2010-07-31T17:07:41+00:00\",\"dateModified\":\"2020-11-03T20:42:42+00:00\",\"mainEntityOfPage\":{\"@id\":\"https:\\\/\\\/www.bellunopress.it\\\/2010\\\/07\\\/31\\\/l%e2%80%99ultimo-tramonto-di-benito-palla-montesi-lindimenticabile-avventura-di-un-reduce-di-russia-in-un-romanzo\\\/\"},\"wordCount\":846,\"publisher\":{\"@id\":\"https:\\\/\\\/www.bellunopress.it\\\/#organization\"},\"image\":{\"@id\":\"https:\\\/\\\/www.bellunopress.it\\\/2010\\\/07\\\/31\\\/l%e2%80%99ultimo-tramonto-di-benito-palla-montesi-lindimenticabile-avventura-di-un-reduce-di-russia-in-un-romanzo\\\/#primaryimage\"},\"thumbnailUrl\":\"http:\\\/\\\/www.bellunopress.it\\\/wp-content\\\/uploads\\\/2010\\\/07\\\/benito-palla-montesi.jpg\",\"keywords\":[\"Benito Palla Montesi\",\"Charkiv\",\"Harkov\",\"Karkov\",\"Kharkiv\",\"Kharkow\",\"Nikolajewka\",\"Ultimo tramonto a Kharkow\"],\"articleSection\":[\"Gli speciali di Bellunopress\"],\"inLanguage\":\"fr-FR\"},{\"@type\":\"WebPage\",\"@id\":\"https:\\\/\\\/www.bellunopress.it\\\/2010\\\/07\\\/31\\\/l%e2%80%99ultimo-tramonto-di-benito-palla-montesi-lindimenticabile-avventura-di-un-reduce-di-russia-in-un-romanzo\\\/\",\"url\":\"https:\\\/\\\/www.bellunopress.it\\\/2010\\\/07\\\/31\\\/l%e2%80%99ultimo-tramonto-di-benito-palla-montesi-lindimenticabile-avventura-di-un-reduce-di-russia-in-un-romanzo\\\/\",\"name\":\"L\u2019ultimo tramonto di Benito Palla Montesi. L'indimenticabile avventura di un reduce di Russia in un romanzo - Bellunopress - Dolomiti\",\"isPartOf\":{\"@id\":\"https:\\\/\\\/www.bellunopress.it\\\/#website\"},\"primaryImageOfPage\":{\"@id\":\"https:\\\/\\\/www.bellunopress.it\\\/2010\\\/07\\\/31\\\/l%e2%80%99ultimo-tramonto-di-benito-palla-montesi-lindimenticabile-avventura-di-un-reduce-di-russia-in-un-romanzo\\\/#primaryimage\"},\"image\":{\"@id\":\"https:\\\/\\\/www.bellunopress.it\\\/2010\\\/07\\\/31\\\/l%e2%80%99ultimo-tramonto-di-benito-palla-montesi-lindimenticabile-avventura-di-un-reduce-di-russia-in-un-romanzo\\\/#primaryimage\"},\"thumbnailUrl\":\"http:\\\/\\\/www.bellunopress.it\\\/wp-content\\\/uploads\\\/2010\\\/07\\\/benito-palla-montesi.jpg\",\"datePublished\":\"2010-07-31T17:07:41+00:00\",\"dateModified\":\"2020-11-03T20:42:42+00:00\",\"breadcrumb\":{\"@id\":\"https:\\\/\\\/www.bellunopress.it\\\/2010\\\/07\\\/31\\\/l%e2%80%99ultimo-tramonto-di-benito-palla-montesi-lindimenticabile-avventura-di-un-reduce-di-russia-in-un-romanzo\\\/#breadcrumb\"},\"inLanguage\":\"fr-FR\",\"potentialAction\":[{\"@type\":\"ReadAction\",\"target\":[\"https:\\\/\\\/www.bellunopress.it\\\/2010\\\/07\\\/31\\\/l%e2%80%99ultimo-tramonto-di-benito-palla-montesi-lindimenticabile-avventura-di-un-reduce-di-russia-in-un-romanzo\\\/\"]}]},{\"@type\":\"ImageObject\",\"inLanguage\":\"fr-FR\",\"@id\":\"https:\\\/\\\/www.bellunopress.it\\\/2010\\\/07\\\/31\\\/l%e2%80%99ultimo-tramonto-di-benito-palla-montesi-lindimenticabile-avventura-di-un-reduce-di-russia-in-un-romanzo\\\/#primaryimage\",\"url\":\"http:\\\/\\\/www.bellunopress.it\\\/wp-content\\\/uploads\\\/2010\\\/07\\\/benito-palla-montesi.jpg\",\"contentUrl\":\"http:\\\/\\\/www.bellunopress.it\\\/wp-content\\\/uploads\\\/2010\\\/07\\\/benito-palla-montesi.jpg\"},{\"@type\":\"BreadcrumbList\",\"@id\":\"https:\\\/\\\/www.bellunopress.it\\\/2010\\\/07\\\/31\\\/l%e2%80%99ultimo-tramonto-di-benito-palla-montesi-lindimenticabile-avventura-di-un-reduce-di-russia-in-un-romanzo\\\/#breadcrumb\",\"itemListElement\":[{\"@type\":\"ListItem\",\"position\":1,\"name\":\"Home\",\"item\":\"https:\\\/\\\/www.bellunopress.it\\\/\"},{\"@type\":\"ListItem\",\"position\":2,\"name\":\"L\u2019ultimo tramonto di Benito Palla Montesi. L&#8217;indimenticabile avventura di un reduce di Russia in un romanzo\"}]},{\"@type\":\"WebSite\",\"@id\":\"https:\\\/\\\/www.bellunopress.it\\\/#website\",\"url\":\"https:\\\/\\\/www.bellunopress.it\\\/\",\"name\":\"Bellunopress - Dolomiti\",\"description\":\"e-mail: redazione@bellunopress.it\",\"publisher\":{\"@id\":\"https:\\\/\\\/www.bellunopress.it\\\/#organization\"},\"potentialAction\":[{\"@type\":\"SearchAction\",\"target\":{\"@type\":\"EntryPoint\",\"urlTemplate\":\"https:\\\/\\\/www.bellunopress.it\\\/?s={search_term_string}\"},\"query-input\":{\"@type\":\"PropertyValueSpecification\",\"valueRequired\":true,\"valueName\":\"search_term_string\"}}],\"inLanguage\":\"fr-FR\"},{\"@type\":\"Organization\",\"@id\":\"https:\\\/\\\/www.bellunopress.it\\\/#organization\",\"name\":\"Bellunopress\",\"url\":\"https:\\\/\\\/www.bellunopress.it\\\/\",\"logo\":{\"@type\":\"ImageObject\",\"inLanguage\":\"fr-FR\",\"@id\":\"https:\\\/\\\/www.bellunopress.it\\\/#\\\/schema\\\/logo\\\/image\\\/\",\"url\":\"https:\\\/\\\/www.bellunopress.it\\\/wp-content\\\/uploads\\\/2011\\\/05\\\/cropped-logo-bellunopress-.jpg\",\"contentUrl\":\"https:\\\/\\\/www.bellunopress.it\\\/wp-content\\\/uploads\\\/2011\\\/05\\\/cropped-logo-bellunopress-.jpg\",\"width\":512,\"height\":512,\"caption\":\"Bellunopress\"},\"image\":{\"@id\":\"https:\\\/\\\/www.bellunopress.it\\\/#\\\/schema\\\/logo\\\/image\\\/\"},\"sameAs\":[\"https:\\\/\\\/www.facebook.com\\\/profile.php?id=100008943462799\",\"https:\\\/\\\/x.com\\\/bellunopress\",\"https:\\\/\\\/www.linkedin.com\\\/hp\\\/?dnr=JBzUWaJfMUw8vbXJJ2tVW5-I3jZKvC4wsoxE&amp;amp;amp;amp;amp;amp;trk=nav_responsive_tab_home\",\"https:\\\/\\\/www.youtube.com\\\/channel\\\/UCxL0wu1uN0_3_7hGG0306cw\"]},{\"@type\":\"Person\",\"@id\":\"https:\\\/\\\/www.bellunopress.it\\\/#\\\/schema\\\/person\\\/79bb06722b37ece1c03d3e94beb30d73\",\"name\":\"redazione\",\"image\":{\"@type\":\"ImageObject\",\"inLanguage\":\"fr-FR\",\"@id\":\"https:\\\/\\\/secure.gravatar.com\\\/avatar\\\/37d968a2e67a6fd04c169c4bdef102d0bc5d31b2546345219e348575eb80e9a0?s=96&d=mm&r=g\",\"url\":\"https:\\\/\\\/secure.gravatar.com\\\/avatar\\\/37d968a2e67a6fd04c169c4bdef102d0bc5d31b2546345219e348575eb80e9a0?s=96&d=mm&r=g\",\"contentUrl\":\"https:\\\/\\\/secure.gravatar.com\\\/avatar\\\/37d968a2e67a6fd04c169c4bdef102d0bc5d31b2546345219e348575eb80e9a0?s=96&d=mm&r=g\",\"caption\":\"redazione\"},\"sameAs\":[\"http:\\\/\\\/www.bellunopress.it\",\"https:\\\/\\\/x.com\\\/bellunopress\"],\"url\":\"https:\\\/\\\/www.bellunopress.it\\\/fr\\\/author\\\/redazione\\\/\"}]}<\/script>\n<!-- \/ Yoast SEO plugin. -->","yoast_head_json":{"title":"L\u2019ultimo tramonto di Benito Palla Montesi. L'indimenticabile avventura di un reduce di Russia in un romanzo - Bellunopress - Dolomiti","robots":{"index":"index","follow":"follow","max-snippet":"max-snippet:-1","max-image-preview":"max-image-preview:large","max-video-preview":"max-video-preview:-1"},"canonical":"https:\/\/www.bellunopress.it\/fr\/2010\/07\/31\/l\u2019ultimo-tramonto-di-benito-palla-montesi-lindimenticabile-avventura-di-un-reduce-di-russia-in-un-romanzo\/","og_locale":"fr_FR","og_type":"article","og_title":"L\u2019ultimo tramonto di Benito Palla Montesi. L'indimenticabile avventura di un reduce di Russia in un romanzo - Bellunopress - Dolomiti","og_description":"Ho incontrato Benito Palla Montesi tre anni fa nella sua casa di Sospirolo (Belluno), per scrivere l&#8217;articolo che segue per il mensile La Pagina. Ci siamo seduti davanti a un bicchiere di vino, che da queste parti non manca mai. Benito ha iniziato raccontandomi un po&#8217; della sua vita, della famiglia, delle figlie, dei suoi [&hellip;]","og_url":"https:\/\/www.bellunopress.it\/fr\/2010\/07\/31\/l\u2019ultimo-tramonto-di-benito-palla-montesi-lindimenticabile-avventura-di-un-reduce-di-russia-in-un-romanzo\/","og_site_name":"Bellunopress - Dolomiti","article_publisher":"https:\/\/www.facebook.com\/profile.php?id=100008943462799","article_published_time":"2010-07-31T17:07:41+00:00","article_modified_time":"2020-11-03T20:42:42+00:00","og_image":[{"url":"http:\/\/www.bellunopress.it\/wp-content\/uploads\/2010\/07\/benito-palla-montesi.jpg","type":"","width":"","height":""}],"author":"redazione","twitter_card":"summary_large_image","twitter_creator":"@bellunopress","twitter_site":"@bellunopress","twitter_misc":{"\u00c9crit par":"redazione","Dur\u00e9e de lecture estim\u00e9e":"4 minutes"},"schema":{"@context":"https:\/\/schema.org","@graph":[{"@type":"Article","@id":"https:\/\/www.bellunopress.it\/2010\/07\/31\/l%e2%80%99ultimo-tramonto-di-benito-palla-montesi-lindimenticabile-avventura-di-un-reduce-di-russia-in-un-romanzo\/#article","isPartOf":{"@id":"https:\/\/www.bellunopress.it\/2010\/07\/31\/l%e2%80%99ultimo-tramonto-di-benito-palla-montesi-lindimenticabile-avventura-di-un-reduce-di-russia-in-un-romanzo\/"},"author":{"name":"redazione","@id":"https:\/\/www.bellunopress.it\/#\/schema\/person\/79bb06722b37ece1c03d3e94beb30d73"},"headline":"L\u2019ultimo tramonto di Benito Palla Montesi. L&#8217;indimenticabile avventura di un reduce di Russia in un romanzo","datePublished":"2010-07-31T17:07:41+00:00","dateModified":"2020-11-03T20:42:42+00:00","mainEntityOfPage":{"@id":"https:\/\/www.bellunopress.it\/2010\/07\/31\/l%e2%80%99ultimo-tramonto-di-benito-palla-montesi-lindimenticabile-avventura-di-un-reduce-di-russia-in-un-romanzo\/"},"wordCount":846,"publisher":{"@id":"https:\/\/www.bellunopress.it\/#organization"},"image":{"@id":"https:\/\/www.bellunopress.it\/2010\/07\/31\/l%e2%80%99ultimo-tramonto-di-benito-palla-montesi-lindimenticabile-avventura-di-un-reduce-di-russia-in-un-romanzo\/#primaryimage"},"thumbnailUrl":"http:\/\/www.bellunopress.it\/wp-content\/uploads\/2010\/07\/benito-palla-montesi.jpg","keywords":["Benito Palla Montesi","Charkiv","Harkov","Karkov","Kharkiv","Kharkow","Nikolajewka","Ultimo tramonto a Kharkow"],"articleSection":["Gli speciali di Bellunopress"],"inLanguage":"fr-FR"},{"@type":"WebPage","@id":"https:\/\/www.bellunopress.it\/2010\/07\/31\/l%e2%80%99ultimo-tramonto-di-benito-palla-montesi-lindimenticabile-avventura-di-un-reduce-di-russia-in-un-romanzo\/","url":"https:\/\/www.bellunopress.it\/2010\/07\/31\/l%e2%80%99ultimo-tramonto-di-benito-palla-montesi-lindimenticabile-avventura-di-un-reduce-di-russia-in-un-romanzo\/","name":"L\u2019ultimo tramonto di Benito Palla Montesi. L'indimenticabile avventura di un reduce di Russia in un romanzo - Bellunopress - Dolomiti","isPartOf":{"@id":"https:\/\/www.bellunopress.it\/#website"},"primaryImageOfPage":{"@id":"https:\/\/www.bellunopress.it\/2010\/07\/31\/l%e2%80%99ultimo-tramonto-di-benito-palla-montesi-lindimenticabile-avventura-di-un-reduce-di-russia-in-un-romanzo\/#primaryimage"},"image":{"@id":"https:\/\/www.bellunopress.it\/2010\/07\/31\/l%e2%80%99ultimo-tramonto-di-benito-palla-montesi-lindimenticabile-avventura-di-un-reduce-di-russia-in-un-romanzo\/#primaryimage"},"thumbnailUrl":"http:\/\/www.bellunopress.it\/wp-content\/uploads\/2010\/07\/benito-palla-montesi.jpg","datePublished":"2010-07-31T17:07:41+00:00","dateModified":"2020-11-03T20:42:42+00:00","breadcrumb":{"@id":"https:\/\/www.bellunopress.it\/2010\/07\/31\/l%e2%80%99ultimo-tramonto-di-benito-palla-montesi-lindimenticabile-avventura-di-un-reduce-di-russia-in-un-romanzo\/#breadcrumb"},"inLanguage":"fr-FR","potentialAction":[{"@type":"ReadAction","target":["https:\/\/www.bellunopress.it\/2010\/07\/31\/l%e2%80%99ultimo-tramonto-di-benito-palla-montesi-lindimenticabile-avventura-di-un-reduce-di-russia-in-un-romanzo\/"]}]},{"@type":"ImageObject","inLanguage":"fr-FR","@id":"https:\/\/www.bellunopress.it\/2010\/07\/31\/l%e2%80%99ultimo-tramonto-di-benito-palla-montesi-lindimenticabile-avventura-di-un-reduce-di-russia-in-un-romanzo\/#primaryimage","url":"http:\/\/www.bellunopress.it\/wp-content\/uploads\/2010\/07\/benito-palla-montesi.jpg","contentUrl":"http:\/\/www.bellunopress.it\/wp-content\/uploads\/2010\/07\/benito-palla-montesi.jpg"},{"@type":"BreadcrumbList","@id":"https:\/\/www.bellunopress.it\/2010\/07\/31\/l%e2%80%99ultimo-tramonto-di-benito-palla-montesi-lindimenticabile-avventura-di-un-reduce-di-russia-in-un-romanzo\/#breadcrumb","itemListElement":[{"@type":"ListItem","position":1,"name":"Home","item":"https:\/\/www.bellunopress.it\/"},{"@type":"ListItem","position":2,"name":"L\u2019ultimo tramonto di Benito Palla Montesi. L&#8217;indimenticabile avventura di un reduce di Russia in un romanzo"}]},{"@type":"WebSite","@id":"https:\/\/www.bellunopress.it\/#website","url":"https:\/\/www.bellunopress.it\/","name":"Bellunopress - Dolomiti","description":"e-mail: redazione@bellunopress.it","publisher":{"@id":"https:\/\/www.bellunopress.it\/#organization"},"potentialAction":[{"@type":"SearchAction","target":{"@type":"EntryPoint","urlTemplate":"https:\/\/www.bellunopress.it\/?s={search_term_string}"},"query-input":{"@type":"PropertyValueSpecification","valueRequired":true,"valueName":"search_term_string"}}],"inLanguage":"fr-FR"},{"@type":"Organization","@id":"https:\/\/www.bellunopress.it\/#organization","name":"Bellunopress","url":"https:\/\/www.bellunopress.it\/","logo":{"@type":"ImageObject","inLanguage":"fr-FR","@id":"https:\/\/www.bellunopress.it\/#\/schema\/logo\/image\/","url":"https:\/\/www.bellunopress.it\/wp-content\/uploads\/2011\/05\/cropped-logo-bellunopress-.jpg","contentUrl":"https:\/\/www.bellunopress.it\/wp-content\/uploads\/2011\/05\/cropped-logo-bellunopress-.jpg","width":512,"height":512,"caption":"Bellunopress"},"image":{"@id":"https:\/\/www.bellunopress.it\/#\/schema\/logo\/image\/"},"sameAs":["https:\/\/www.facebook.com\/profile.php?id=100008943462799","https:\/\/x.com\/bellunopress","https:\/\/www.linkedin.com\/hp\/?dnr=JBzUWaJfMUw8vbXJJ2tVW5-I3jZKvC4wsoxE&amp;amp;amp;amp;amp;amp;trk=nav_responsive_tab_home","https:\/\/www.youtube.com\/channel\/UCxL0wu1uN0_3_7hGG0306cw"]},{"@type":"Person","@id":"https:\/\/www.bellunopress.it\/#\/schema\/person\/79bb06722b37ece1c03d3e94beb30d73","name":"r\u00e9daction","image":{"@type":"ImageObject","inLanguage":"fr-FR","@id":"https:\/\/secure.gravatar.com\/avatar\/37d968a2e67a6fd04c169c4bdef102d0bc5d31b2546345219e348575eb80e9a0?s=96&d=mm&r=g","url":"https:\/\/secure.gravatar.com\/avatar\/37d968a2e67a6fd04c169c4bdef102d0bc5d31b2546345219e348575eb80e9a0?s=96&d=mm&r=g","contentUrl":"https:\/\/secure.gravatar.com\/avatar\/37d968a2e67a6fd04c169c4bdef102d0bc5d31b2546345219e348575eb80e9a0?s=96&d=mm&r=g","caption":"redazione"},"sameAs":["http:\/\/www.bellunopress.it","https:\/\/x.com\/bellunopress"],"url":"https:\/\/www.bellunopress.it\/fr\/author\/redazione\/"}]}},"_links":{"self":[{"href":"https:\/\/www.bellunopress.it\/fr\/wp-json\/wp\/v2\/posts\/17720","targetHints":{"allow":["GET"]}}],"collection":[{"href":"https:\/\/www.bellunopress.it\/fr\/wp-json\/wp\/v2\/posts"}],"about":[{"href":"https:\/\/www.bellunopress.it\/fr\/wp-json\/wp\/v2\/types\/post"}],"author":[{"embeddable":true,"href":"https:\/\/www.bellunopress.it\/fr\/wp-json\/wp\/v2\/users\/2"}],"replies":[{"embeddable":true,"href":"https:\/\/www.bellunopress.it\/fr\/wp-json\/wp\/v2\/comments?post=17720"}],"version-history":[{"count":4,"href":"https:\/\/www.bellunopress.it\/fr\/wp-json\/wp\/v2\/posts\/17720\/revisions"}],"predecessor-version":[{"id":119055,"href":"https:\/\/www.bellunopress.it\/fr\/wp-json\/wp\/v2\/posts\/17720\/revisions\/119055"}],"wp:attachment":[{"href":"https:\/\/www.bellunopress.it\/fr\/wp-json\/wp\/v2\/media?parent=17720"}],"wp:term":[{"taxonomy":"category","embeddable":true,"href":"https:\/\/www.bellunopress.it\/fr\/wp-json\/wp\/v2\/categories?post=17720"},{"taxonomy":"post_tag","embeddable":true,"href":"https:\/\/www.bellunopress.it\/fr\/wp-json\/wp\/v2\/tags?post=17720"}],"curies":[{"name":"wp","href":"https:\/\/api.w.org\/{rel}","templated":true}]}}