{"id":17565,"date":"2010-07-27T11:38:19","date_gmt":"2010-07-27T10:38:19","guid":{"rendered":"http:\/\/www.bellunopress.it\/?p=17565"},"modified":"2010-07-27T11:38:19","modified_gmt":"2010-07-27T10:38:19","slug":"paniz-pdl-%e2%80%9cservono-strumenti-per-controllare-l%e2%80%99applicazione-dell%e2%80%99affido-condiviso-si-ai-tribunali-per-la-famiglia%e2%80%9d","status":"publish","type":"post","link":"https:\/\/www.bellunopress.it\/fr\/2010\/07\/27\/paniz-pdl-%e2%80%9cservono-strumenti-per-controllare-l%e2%80%99applicazione-dell%e2%80%99affido-condiviso-si-ai-tribunali-per-la-famiglia%e2%80%9d\/","title":{"rendered":"Paniz (Pdl): \u201cServono strumenti per controllare l\u2019applicazione dell\u2019affido condiviso. S\u00ec ai tribunali per la famiglia\u201d"},"content":{"rendered":"<p>\u201cIn pochissimi anni dall\u2019entrata in vigore della legge, il 78,8% delle coppie separate o divorziate<br \/>\nottiene l\u2019affido condiviso. Un buon risultato ma adesso occorre che l\u2019applicazione sia reale, che si<br \/>\nintroducano strumenti per controllarne l\u2019attuazione\u201d. L\u2019onorevole Maurizio Paniz (Pdl) parla dal<br \/>\npalco dell\u2019Audi Palace, in occasione del dibattito sulla proposta di \u201cdivorzio breve\u201d, appena<br \/>\navanzata dallo stesso parlamentare. Un confronto \u2013 condotto da Iole Cisnetto, con la partecipazione di Cesare Rimini, avvocato matrimonialista, Maria Rita Parsi, psicoterapeuta e Tiberio Timperi, conduttore televisivo \u2013 che \u00e8 diventato occasione per fare il \u201ctagliando\u201d al divorzio all\u2019italiana e parlare anche della legge sull\u2019affido condiviso, in vigore dal marzo 2006, su impulso dell\u2019Onorevole Maurizio Paniz.<br \/>\n\u201cSpetta ai giudici \u2013 ha spiegato Paniz \u2013 capire la nuova legge e dare disposizioni attuative\u201d. E<br \/>\nancora: \u201cServirebbe un tribunale specifico per la famiglia, specializzato in queste cose\u201d.<br \/>\nSul cosiddetto divorzio breve \u2013 da definire entro un anno dalla separazione dei coniugi, nel caso in<br \/>\ncui non ci siano figli minori &#8211; i partecipanti si sono detti tutti d\u2019accordo con la proposta Paniz. Per<br \/>\nl\u2019avvocato matrimonialista Cesare Rimini &#8220;i tempi sono effettivamente troppo lunghi e danneggiano<br \/>\nentrambi le parti\u201d. Maria Rita Parsi ha posto l\u2019accento sul \u201cdolore dei figli, una ferita che dura tutta la vita\u201d. Mentre Tiberio Timperi ha raccontato la sua esperienza di \u201cdetenuto in attesa di divorzio, per quasi cinque anni\u201d sottolineando il dolore di molti padri separati, estromessi dalla vita dei figli.<br \/>\n\u201cCortina InConTra\u201d \u00e8 l\u2019appuntamento fisso della \u201cattualit\u00e0 in vacanza\u201d a Cortina d\u2019Ampezzo.<br \/>\nManifestazione nata nel 2002 da un\u2019idea di Enrico e Iole Cisnetto, ha conosciuto un successo<br \/>\ncrescente, grazie alla sua formula di incontri-dibattiti con i nomi pi\u00f9 importanti della politica, della<br \/>\ncultura, della scienza e dell\u2019arte. I numeri testimoniano il successo di pubblico: oltre 900 eventi in<br \/>\notto anni, oltre 3.000 ospiti sul palco, oltre 600.000 spettatori totali, oltre 1.200 ore di diretta<br \/>\ntelevisiva. L\u2019Alto Patronato del Presidente della Repubblica, il Patrocinio del Consiglio dei<br \/>\nMinistri e del Ministero per i Beni e le Attivit\u00e0 culturali confermano l\u2019importanza di questo<br \/>\nappuntamento. \u201cCortina InConTra\u201d \u00e8 anche in diretta sul canale 901 di Sky, su Telelombardia, sul<br \/>\nsito <a href=\"http:\/\/www.cortinaincontra.it\">www.cortinaincontra.it<\/a>, su Facebook e su Twitter. Grazie a Vodafone, mandando un sms al<br \/>\nnumero 340.4399018 si verr\u00e0 aggiornati gratuitamente sugli eventi della manifestazione.<\/p>","protected":false},"excerpt":{"rendered":"<p>\u201cIn pochissimi anni dall\u2019entrata in vigore della legge, il 78,8% delle coppie separate o divorziate ottiene l\u2019affido condiviso. Un buon risultato ma adesso occorre che l\u2019applicazione sia reale, che si introducano strumenti per controllarne l\u2019attuazione\u201d. L\u2019onorevole Maurizio Paniz (Pdl) parla dal palco dell\u2019Audi Palace, in occasione del dibattito sulla proposta di \u201cdivorzio breve\u201d, appena avanzata [&hellip;]<\/p>\n","protected":false},"author":2,"featured_media":0,"comment_status":"closed","ping_status":"open","sticky":false,"template":"","format":"standard","meta":{"footnotes":""},"categories":[5,26],"tags":[2045,2046,2044,2047,154],"class_list":["post-17565","post","type-post","status-publish","format-standard","category-cronaca","category-prima-pagina","tag-affido-condiviso","tag-cesare-rimini","tag-cortina-incontra","tag-jole-cisnetto","tag-maurizio-paniz"],"yoast_head":"<!-- This site is optimized with the Yoast SEO plugin v28.4 - https:\/\/yoast.com\/product\/yoast-seo-wordpress\/ -->\n<title>Paniz (Pdl): \u201cServono strumenti per controllare l\u2019applicazione dell\u2019affido condiviso. S\u00ec ai tribunali per la famiglia\u201d - Bellunopress - Dolomiti<\/title>\n<meta name=\"robots\" content=\"index, follow, max-snippet:-1, max-image-preview:large, max-video-preview:-1\" \/>\n<link rel=\"canonical\" href=\"https:\/\/www.bellunopress.it\/fr\/2010\/07\/27\/paniz-pdl-\u201cservono-strumenti-per-controllare-l\u2019applicazione-dell\u2019affido-condiviso-si-ai-tribunali-per-la-famiglia\u201d\/\" \/>\n<meta property=\"og:locale\" content=\"fr_FR\" \/>\n<meta property=\"og:type\" content=\"article\" \/>\n<meta property=\"og:title\" content=\"Paniz (Pdl): \u201cServono strumenti per controllare l\u2019applicazione dell\u2019affido condiviso. S\u00ec ai tribunali per la famiglia\u201d - Bellunopress - Dolomiti\" \/>\n<meta property=\"og:description\" content=\"\u201cIn pochissimi anni dall\u2019entrata in vigore della legge, il 78,8% delle coppie separate o divorziate ottiene l\u2019affido condiviso. Un buon risultato ma adesso occorre che l\u2019applicazione sia reale, che si introducano strumenti per controllarne l\u2019attuazione\u201d. L\u2019onorevole Maurizio Paniz (Pdl) parla dal palco dell\u2019Audi Palace, in occasione del dibattito sulla proposta di \u201cdivorzio breve\u201d, appena avanzata [&hellip;]\" \/>\n<meta property=\"og:url\" content=\"https:\/\/www.bellunopress.it\/fr\/2010\/07\/27\/paniz-pdl-\u201cservono-strumenti-per-controllare-l\u2019applicazione-dell\u2019affido-condiviso-si-ai-tribunali-per-la-famiglia\u201d\/\" \/>\n<meta property=\"og:site_name\" content=\"Bellunopress - Dolomiti\" \/>\n<meta property=\"article:publisher\" content=\"https:\/\/www.facebook.com\/profile.php?id=100008943462799\" \/>\n<meta property=\"article:published_time\" content=\"2010-07-27T10:38:19+00:00\" \/>\n<meta property=\"og:image\" content=\"http:\/\/www.bellunopress.it\/wp-content\/uploads\/2012\/07\/logo-bellunopress-250x250-2012.jpg\" \/>\n<meta name=\"author\" content=\"redazione\" \/>\n<meta name=\"twitter:card\" content=\"summary_large_image\" \/>\n<meta name=\"twitter:creator\" content=\"@bellunopress\" \/>\n<meta name=\"twitter:site\" content=\"@bellunopress\" \/>\n<meta name=\"twitter:label1\" content=\"\u00c9crit par\" \/>\n\t<meta name=\"twitter:data1\" content=\"redazione\" \/>\n\t<meta name=\"twitter:label2\" content=\"Dur\u00e9e de lecture estim\u00e9e\" \/>\n\t<meta name=\"twitter:data2\" content=\"2 minutes\" \/>\n<script type=\"application\/ld+json\" class=\"yoast-schema-graph\">{\"@context\":\"https:\\\/\\\/schema.org\",\"@graph\":[{\"@type\":\"Article\",\"@id\":\"https:\\\/\\\/www.bellunopress.it\\\/2010\\\/07\\\/27\\\/paniz-pdl-%e2%80%9cservono-strumenti-per-controllare-l%e2%80%99applicazione-dell%e2%80%99affido-condiviso-si-ai-tribunali-per-la-famiglia%e2%80%9d\\\/#article\",\"isPartOf\":{\"@id\":\"https:\\\/\\\/www.bellunopress.it\\\/2010\\\/07\\\/27\\\/paniz-pdl-%e2%80%9cservono-strumenti-per-controllare-l%e2%80%99applicazione-dell%e2%80%99affido-condiviso-si-ai-tribunali-per-la-famiglia%e2%80%9d\\\/\"},\"author\":{\"name\":\"redazione\",\"@id\":\"https:\\\/\\\/www.bellunopress.it\\\/#\\\/schema\\\/person\\\/79bb06722b37ece1c03d3e94beb30d73\"},\"headline\":\"Paniz (Pdl): \u201cServono strumenti per controllare l\u2019applicazione dell\u2019affido condiviso. S\u00ec ai tribunali per la famiglia\u201d\",\"datePublished\":\"2010-07-27T10:38:19+00:00\",\"mainEntityOfPage\":{\"@id\":\"https:\\\/\\\/www.bellunopress.it\\\/2010\\\/07\\\/27\\\/paniz-pdl-%e2%80%9cservono-strumenti-per-controllare-l%e2%80%99applicazione-dell%e2%80%99affido-condiviso-si-ai-tribunali-per-la-famiglia%e2%80%9d\\\/\"},\"wordCount\":398,\"publisher\":{\"@id\":\"https:\\\/\\\/www.bellunopress.it\\\/#organization\"},\"keywords\":[\"affido condiviso\",\"Cesare Rimini\",\"Cortina InContra\",\"Jole Cisnetto\",\"Maurizio Paniz\"],\"articleSection\":[\"Cronaca\\\/Politica\",\"Prima Pagina\"],\"inLanguage\":\"fr-FR\"},{\"@type\":\"WebPage\",\"@id\":\"https:\\\/\\\/www.bellunopress.it\\\/2010\\\/07\\\/27\\\/paniz-pdl-%e2%80%9cservono-strumenti-per-controllare-l%e2%80%99applicazione-dell%e2%80%99affido-condiviso-si-ai-tribunali-per-la-famiglia%e2%80%9d\\\/\",\"url\":\"https:\\\/\\\/www.bellunopress.it\\\/2010\\\/07\\\/27\\\/paniz-pdl-%e2%80%9cservono-strumenti-per-controllare-l%e2%80%99applicazione-dell%e2%80%99affido-condiviso-si-ai-tribunali-per-la-famiglia%e2%80%9d\\\/\",\"name\":\"Paniz (Pdl): \u201cServono strumenti per controllare l\u2019applicazione dell\u2019affido condiviso. S\u00ec ai tribunali per la famiglia\u201d - Bellunopress - Dolomiti\",\"isPartOf\":{\"@id\":\"https:\\\/\\\/www.bellunopress.it\\\/#website\"},\"datePublished\":\"2010-07-27T10:38:19+00:00\",\"breadcrumb\":{\"@id\":\"https:\\\/\\\/www.bellunopress.it\\\/2010\\\/07\\\/27\\\/paniz-pdl-%e2%80%9cservono-strumenti-per-controllare-l%e2%80%99applicazione-dell%e2%80%99affido-condiviso-si-ai-tribunali-per-la-famiglia%e2%80%9d\\\/#breadcrumb\"},\"inLanguage\":\"fr-FR\",\"potentialAction\":[{\"@type\":\"ReadAction\",\"target\":[\"https:\\\/\\\/www.bellunopress.it\\\/2010\\\/07\\\/27\\\/paniz-pdl-%e2%80%9cservono-strumenti-per-controllare-l%e2%80%99applicazione-dell%e2%80%99affido-condiviso-si-ai-tribunali-per-la-famiglia%e2%80%9d\\\/\"]}]},{\"@type\":\"BreadcrumbList\",\"@id\":\"https:\\\/\\\/www.bellunopress.it\\\/2010\\\/07\\\/27\\\/paniz-pdl-%e2%80%9cservono-strumenti-per-controllare-l%e2%80%99applicazione-dell%e2%80%99affido-condiviso-si-ai-tribunali-per-la-famiglia%e2%80%9d\\\/#breadcrumb\",\"itemListElement\":[{\"@type\":\"ListItem\",\"position\":1,\"name\":\"Home\",\"item\":\"https:\\\/\\\/www.bellunopress.it\\\/\"},{\"@type\":\"ListItem\",\"position\":2,\"name\":\"Paniz (Pdl): \u201cServono strumenti per controllare l\u2019applicazione dell\u2019affido condiviso. S\u00ec ai tribunali per la famiglia\u201d\"}]},{\"@type\":\"WebSite\",\"@id\":\"https:\\\/\\\/www.bellunopress.it\\\/#website\",\"url\":\"https:\\\/\\\/www.bellunopress.it\\\/\",\"name\":\"Bellunopress - Dolomiti\",\"description\":\"e-mail: redazione@bellunopress.it\",\"publisher\":{\"@id\":\"https:\\\/\\\/www.bellunopress.it\\\/#organization\"},\"potentialAction\":[{\"@type\":\"SearchAction\",\"target\":{\"@type\":\"EntryPoint\",\"urlTemplate\":\"https:\\\/\\\/www.bellunopress.it\\\/?s={search_term_string}\"},\"query-input\":{\"@type\":\"PropertyValueSpecification\",\"valueRequired\":true,\"valueName\":\"search_term_string\"}}],\"inLanguage\":\"fr-FR\"},{\"@type\":\"Organization\",\"@id\":\"https:\\\/\\\/www.bellunopress.it\\\/#organization\",\"name\":\"Bellunopress\",\"url\":\"https:\\\/\\\/www.bellunopress.it\\\/\",\"logo\":{\"@type\":\"ImageObject\",\"inLanguage\":\"fr-FR\",\"@id\":\"https:\\\/\\\/www.bellunopress.it\\\/#\\\/schema\\\/logo\\\/image\\\/\",\"url\":\"https:\\\/\\\/www.bellunopress.it\\\/wp-content\\\/uploads\\\/2011\\\/05\\\/cropped-logo-bellunopress-.jpg\",\"contentUrl\":\"https:\\\/\\\/www.bellunopress.it\\\/wp-content\\\/uploads\\\/2011\\\/05\\\/cropped-logo-bellunopress-.jpg\",\"width\":512,\"height\":512,\"caption\":\"Bellunopress\"},\"image\":{\"@id\":\"https:\\\/\\\/www.bellunopress.it\\\/#\\\/schema\\\/logo\\\/image\\\/\"},\"sameAs\":[\"https:\\\/\\\/www.facebook.com\\\/profile.php?id=100008943462799\",\"https:\\\/\\\/x.com\\\/bellunopress\",\"https:\\\/\\\/www.linkedin.com\\\/hp\\\/?dnr=JBzUWaJfMUw8vbXJJ2tVW5-I3jZKvC4wsoxE&amp;amp;amp;amp;amp;amp;trk=nav_responsive_tab_home\",\"https:\\\/\\\/www.youtube.com\\\/channel\\\/UCxL0wu1uN0_3_7hGG0306cw\"]},{\"@type\":\"Person\",\"@id\":\"https:\\\/\\\/www.bellunopress.it\\\/#\\\/schema\\\/person\\\/79bb06722b37ece1c03d3e94beb30d73\",\"name\":\"redazione\",\"image\":{\"@type\":\"ImageObject\",\"inLanguage\":\"fr-FR\",\"@id\":\"https:\\\/\\\/secure.gravatar.com\\\/avatar\\\/37d968a2e67a6fd04c169c4bdef102d0bc5d31b2546345219e348575eb80e9a0?s=96&d=mm&r=g\",\"url\":\"https:\\\/\\\/secure.gravatar.com\\\/avatar\\\/37d968a2e67a6fd04c169c4bdef102d0bc5d31b2546345219e348575eb80e9a0?s=96&d=mm&r=g\",\"contentUrl\":\"https:\\\/\\\/secure.gravatar.com\\\/avatar\\\/37d968a2e67a6fd04c169c4bdef102d0bc5d31b2546345219e348575eb80e9a0?s=96&d=mm&r=g\",\"caption\":\"redazione\"},\"sameAs\":[\"http:\\\/\\\/www.bellunopress.it\",\"https:\\\/\\\/x.com\\\/bellunopress\"],\"url\":\"https:\\\/\\\/www.bellunopress.it\\\/fr\\\/author\\\/redazione\\\/\"}]}<\/script>\n<!-- \/ Yoast SEO plugin. -->","yoast_head_json":{"title":"Paniz (Pdl): \u201cServono strumenti per controllare l\u2019applicazione dell\u2019affido condiviso. S\u00ec ai tribunali per la famiglia\u201d - Bellunopress - Dolomiti","robots":{"index":"index","follow":"follow","max-snippet":"max-snippet:-1","max-image-preview":"max-image-preview:large","max-video-preview":"max-video-preview:-1"},"canonical":"https:\/\/www.bellunopress.it\/fr\/2010\/07\/27\/paniz-pdl-\u201cservono-strumenti-per-controllare-l\u2019applicazione-dell\u2019affido-condiviso-si-ai-tribunali-per-la-famiglia\u201d\/","og_locale":"fr_FR","og_type":"article","og_title":"Paniz (Pdl): \u201cServono strumenti per controllare l\u2019applicazione dell\u2019affido condiviso. S\u00ec ai tribunali per la famiglia\u201d - Bellunopress - Dolomiti","og_description":"\u201cIn pochissimi anni dall\u2019entrata in vigore della legge, il 78,8% delle coppie separate o divorziate ottiene l\u2019affido condiviso. Un buon risultato ma adesso occorre che l\u2019applicazione sia reale, che si introducano strumenti per controllarne l\u2019attuazione\u201d. L\u2019onorevole Maurizio Paniz (Pdl) parla dal palco dell\u2019Audi Palace, in occasione del dibattito sulla proposta di \u201cdivorzio breve\u201d, appena avanzata [&hellip;]","og_url":"https:\/\/www.bellunopress.it\/fr\/2010\/07\/27\/paniz-pdl-\u201cservono-strumenti-per-controllare-l\u2019applicazione-dell\u2019affido-condiviso-si-ai-tribunali-per-la-famiglia\u201d\/","og_site_name":"Bellunopress - Dolomiti","article_publisher":"https:\/\/www.facebook.com\/profile.php?id=100008943462799","article_published_time":"2010-07-27T10:38:19+00:00","og_image":[{"url":"http:\/\/www.bellunopress.it\/wp-content\/uploads\/2012\/07\/logo-bellunopress-250x250-2012.jpg","type":"","width":"","height":""}],"author":"redazione","twitter_card":"summary_large_image","twitter_creator":"@bellunopress","twitter_site":"@bellunopress","twitter_misc":{"\u00c9crit par":"redazione","Dur\u00e9e de lecture estim\u00e9e":"2 minutes"},"schema":{"@context":"https:\/\/schema.org","@graph":[{"@type":"Article","@id":"https:\/\/www.bellunopress.it\/2010\/07\/27\/paniz-pdl-%e2%80%9cservono-strumenti-per-controllare-l%e2%80%99applicazione-dell%e2%80%99affido-condiviso-si-ai-tribunali-per-la-famiglia%e2%80%9d\/#article","isPartOf":{"@id":"https:\/\/www.bellunopress.it\/2010\/07\/27\/paniz-pdl-%e2%80%9cservono-strumenti-per-controllare-l%e2%80%99applicazione-dell%e2%80%99affido-condiviso-si-ai-tribunali-per-la-famiglia%e2%80%9d\/"},"author":{"name":"redazione","@id":"https:\/\/www.bellunopress.it\/#\/schema\/person\/79bb06722b37ece1c03d3e94beb30d73"},"headline":"Paniz (Pdl): \u201cServono strumenti per controllare l\u2019applicazione dell\u2019affido condiviso. S\u00ec ai tribunali per la famiglia\u201d","datePublished":"2010-07-27T10:38:19+00:00","mainEntityOfPage":{"@id":"https:\/\/www.bellunopress.it\/2010\/07\/27\/paniz-pdl-%e2%80%9cservono-strumenti-per-controllare-l%e2%80%99applicazione-dell%e2%80%99affido-condiviso-si-ai-tribunali-per-la-famiglia%e2%80%9d\/"},"wordCount":398,"publisher":{"@id":"https:\/\/www.bellunopress.it\/#organization"},"keywords":["affido condiviso","Cesare Rimini","Cortina InContra","Jole Cisnetto","Maurizio Paniz"],"articleSection":["Cronaca\/Politica","Prima Pagina"],"inLanguage":"fr-FR"},{"@type":"WebPage","@id":"https:\/\/www.bellunopress.it\/2010\/07\/27\/paniz-pdl-%e2%80%9cservono-strumenti-per-controllare-l%e2%80%99applicazione-dell%e2%80%99affido-condiviso-si-ai-tribunali-per-la-famiglia%e2%80%9d\/","url":"https:\/\/www.bellunopress.it\/2010\/07\/27\/paniz-pdl-%e2%80%9cservono-strumenti-per-controllare-l%e2%80%99applicazione-dell%e2%80%99affido-condiviso-si-ai-tribunali-per-la-famiglia%e2%80%9d\/","name":"Paniz (Pdl): \u201cServono strumenti per controllare l\u2019applicazione dell\u2019affido condiviso. S\u00ec ai tribunali per la famiglia\u201d - Bellunopress - Dolomiti","isPartOf":{"@id":"https:\/\/www.bellunopress.it\/#website"},"datePublished":"2010-07-27T10:38:19+00:00","breadcrumb":{"@id":"https:\/\/www.bellunopress.it\/2010\/07\/27\/paniz-pdl-%e2%80%9cservono-strumenti-per-controllare-l%e2%80%99applicazione-dell%e2%80%99affido-condiviso-si-ai-tribunali-per-la-famiglia%e2%80%9d\/#breadcrumb"},"inLanguage":"fr-FR","potentialAction":[{"@type":"ReadAction","target":["https:\/\/www.bellunopress.it\/2010\/07\/27\/paniz-pdl-%e2%80%9cservono-strumenti-per-controllare-l%e2%80%99applicazione-dell%e2%80%99affido-condiviso-si-ai-tribunali-per-la-famiglia%e2%80%9d\/"]}]},{"@type":"BreadcrumbList","@id":"https:\/\/www.bellunopress.it\/2010\/07\/27\/paniz-pdl-%e2%80%9cservono-strumenti-per-controllare-l%e2%80%99applicazione-dell%e2%80%99affido-condiviso-si-ai-tribunali-per-la-famiglia%e2%80%9d\/#breadcrumb","itemListElement":[{"@type":"ListItem","position":1,"name":"Home","item":"https:\/\/www.bellunopress.it\/"},{"@type":"ListItem","position":2,"name":"Paniz (Pdl): \u201cServono strumenti per controllare l\u2019applicazione dell\u2019affido condiviso. S\u00ec ai tribunali per la famiglia\u201d"}]},{"@type":"WebSite","@id":"https:\/\/www.bellunopress.it\/#website","url":"https:\/\/www.bellunopress.it\/","name":"Bellunopress - Dolomiti","description":"e-mail: redazione@bellunopress.it","publisher":{"@id":"https:\/\/www.bellunopress.it\/#organization"},"potentialAction":[{"@type":"SearchAction","target":{"@type":"EntryPoint","urlTemplate":"https:\/\/www.bellunopress.it\/?s={search_term_string}"},"query-input":{"@type":"PropertyValueSpecification","valueRequired":true,"valueName":"search_term_string"}}],"inLanguage":"fr-FR"},{"@type":"Organization","@id":"https:\/\/www.bellunopress.it\/#organization","name":"Bellunopress","url":"https:\/\/www.bellunopress.it\/","logo":{"@type":"ImageObject","inLanguage":"fr-FR","@id":"https:\/\/www.bellunopress.it\/#\/schema\/logo\/image\/","url":"https:\/\/www.bellunopress.it\/wp-content\/uploads\/2011\/05\/cropped-logo-bellunopress-.jpg","contentUrl":"https:\/\/www.bellunopress.it\/wp-content\/uploads\/2011\/05\/cropped-logo-bellunopress-.jpg","width":512,"height":512,"caption":"Bellunopress"},"image":{"@id":"https:\/\/www.bellunopress.it\/#\/schema\/logo\/image\/"},"sameAs":["https:\/\/www.facebook.com\/profile.php?id=100008943462799","https:\/\/x.com\/bellunopress","https:\/\/www.linkedin.com\/hp\/?dnr=JBzUWaJfMUw8vbXJJ2tVW5-I3jZKvC4wsoxE&amp;amp;amp;amp;amp;amp;trk=nav_responsive_tab_home","https:\/\/www.youtube.com\/channel\/UCxL0wu1uN0_3_7hGG0306cw"]},{"@type":"Person","@id":"https:\/\/www.bellunopress.it\/#\/schema\/person\/79bb06722b37ece1c03d3e94beb30d73","name":"r\u00e9daction","image":{"@type":"ImageObject","inLanguage":"fr-FR","@id":"https:\/\/secure.gravatar.com\/avatar\/37d968a2e67a6fd04c169c4bdef102d0bc5d31b2546345219e348575eb80e9a0?s=96&d=mm&r=g","url":"https:\/\/secure.gravatar.com\/avatar\/37d968a2e67a6fd04c169c4bdef102d0bc5d31b2546345219e348575eb80e9a0?s=96&d=mm&r=g","contentUrl":"https:\/\/secure.gravatar.com\/avatar\/37d968a2e67a6fd04c169c4bdef102d0bc5d31b2546345219e348575eb80e9a0?s=96&d=mm&r=g","caption":"redazione"},"sameAs":["http:\/\/www.bellunopress.it","https:\/\/x.com\/bellunopress"],"url":"https:\/\/www.bellunopress.it\/fr\/author\/redazione\/"}]}},"_links":{"self":[{"href":"https:\/\/www.bellunopress.it\/fr\/wp-json\/wp\/v2\/posts\/17565","targetHints":{"allow":["GET"]}}],"collection":[{"href":"https:\/\/www.bellunopress.it\/fr\/wp-json\/wp\/v2\/posts"}],"about":[{"href":"https:\/\/www.bellunopress.it\/fr\/wp-json\/wp\/v2\/types\/post"}],"author":[{"embeddable":true,"href":"https:\/\/www.bellunopress.it\/fr\/wp-json\/wp\/v2\/users\/2"}],"replies":[{"embeddable":true,"href":"https:\/\/www.bellunopress.it\/fr\/wp-json\/wp\/v2\/comments?post=17565"}],"version-history":[{"count":1,"href":"https:\/\/www.bellunopress.it\/fr\/wp-json\/wp\/v2\/posts\/17565\/revisions"}],"predecessor-version":[{"id":17566,"href":"https:\/\/www.bellunopress.it\/fr\/wp-json\/wp\/v2\/posts\/17565\/revisions\/17566"}],"wp:attachment":[{"href":"https:\/\/www.bellunopress.it\/fr\/wp-json\/wp\/v2\/media?parent=17565"}],"wp:term":[{"taxonomy":"category","embeddable":true,"href":"https:\/\/www.bellunopress.it\/fr\/wp-json\/wp\/v2\/categories?post=17565"},{"taxonomy":"post_tag","embeddable":true,"href":"https:\/\/www.bellunopress.it\/fr\/wp-json\/wp\/v2\/tags?post=17565"}],"curies":[{"name":"wp","href":"https:\/\/api.w.org\/{rel}","templated":true}]}}