{"id":17549,"date":"2010-07-26T22:14:56","date_gmt":"2010-07-26T21:14:56","guid":{"rendered":"http:\/\/www.bellunopress.it\/?p=17549"},"modified":"2010-07-27T08:55:55","modified_gmt":"2010-07-27T07:55:55","slug":"se-il-futuro-non-abita-piu-qui-la-fuga-dei-cervelli-martedi-27-allaudi-palace-per-cortina-incontra","status":"publish","type":"post","link":"https:\/\/www.bellunopress.it\/fr\/2010\/07\/26\/se-il-futuro-non-abita-piu-qui-la-fuga-dei-cervelli-martedi-27-allaudi-palace-per-cortina-incontra\/","title":{"rendered":"Se il futuro non abita pi\u00f9 qui: la fuga dei cervelli. marted\u00ec 27 all&#8217;Audi Palace per Cortina InContra. In seconda serata Pippo Baudo"},"content":{"rendered":"<p>Rassegnazione, assenza di meritocrazia. Perch\u00e9 i giovani (e\u00a0 non solo) non hanno pi\u00f9 fiducia nell&#8217;Italia e come fargliela tornare? Se ne parla marted\u00ec pomeriggio (27 luglio) alle ore 18 all&#8217;Audi Palace di Cortina d&#8217;Ampezzo.<br \/>\n\u200bPier Luigi Celli, direttore generale Universit\u00e0 Luiss Guido Carli Roma e autore de &#8220;Coraggio Don Abbondio&#8221; (Aliberti)<br \/>\nGiulio Giorello, filosofo<br \/>\nConduce: Enrico Cisnetto, ideatore e responsabile &#8220;Cortina InConTra&#8221;<br \/>\n\u200b\u200bProprio mentre \u00e8 giunto il momento di iniziare a ricostruire, dalle fondamenta, un sistema-paese che non funziona pi\u00f9 da troppo tempo, i giovani o fuggono all\u2019estero \u2013 se possono permetterselo e hanno coraggio \u2013 o si rifugiano dai genitori e si lasciano andare alla sfiducia. Eppure per ricostituire le condizioni psicologiche prima ancora che materiali dell\u2019Italia felix del boom economico, dei giovani non si pu\u00f2 proprio fare a meno. Sul palco dell\u2019Audi Palace sale quel Pier Luigi Celli che, qualche tempo fa, consigli\u00f2 pubblicamente al figlio neo-laureato di abbandonare questo Paese che non d\u00e0 speranze per il futuro e che su questo tema ha scritto un libro. Con lui Giorello, amico di lungo corso di \u201cCortina InConTra\u201d e intellettuale capace di offrire punti di vista sempre fuori dal coro. Conduce chi ha dovuto, per il bene di sua figlia, lasciarla andare lontano dall\u2019Italia. Venite a dire anche la vostra.<\/p>\n<p><strong>I 50 anni della televisione raccontati attraverso la storia, i successi e i mille aneddoti del re del piccolo schermo<\/strong><br \/>\n27\/07\/2010 21:30 &#8211; Audi Palace<br \/>\nDialogo tra Pippo Baudo, conduttore televisivo e Marino Bartoletti, giornalista e autore televisivo<br \/>\nDici televisione ed \u00e8 scontato fare il nome di Pippo Baudo, l\u2019uomo che da cinquant\u2019anni ne \u00e8 in qualche modo il padre. L\u2019ha vista nascere, crescere e cambiare fino a diventare sempre pi\u00f9 \u201ccommerciale\u201d. Ha collezionato numerosi record, tra cui quello del maggior numero di conduzioni del Festival di Sanremo, superando un altro mostro sacro del tubo catodico come Mike Bongiorno. Ma qual \u00e8 la tv che piace a super-Pippo, quella in bianco e nero che scandiva le serate degli italiani o quella \u201con demand\u201d dei satelliti e di You Tube? Ascoltarlo, sollecitato da un grande esperto come Marino Bartoletti, significa ripercorrere non solo la storia del piccolo schermo, ma anche la storia del Paese. Anche sul canale 901 di Sky.<\/p>","protected":false},"excerpt":{"rendered":"<p>Rassegnazione, assenza di meritocrazia. Perch\u00e9 i giovani (e\u00a0 non solo) non hanno pi\u00f9 fiducia nell&#8217;Italia e come fargliela tornare? Se ne parla marted\u00ec pomeriggio (27 luglio) alle ore 18 all&#8217;Audi Palace di Cortina d&#8217;Ampezzo. \u200bPier Luigi Celli, direttore generale Universit\u00e0 Luiss Guido Carli Roma e autore de &#8220;Coraggio Don Abbondio&#8221; (Aliberti) Giulio Giorello, filosofo Conduce: [&hellip;]<\/p>\n","protected":false},"author":2,"featured_media":0,"comment_status":"closed","ping_status":"open","sticky":false,"template":"","format":"standard","meta":{"footnotes":""},"categories":[3,25],"tags":[],"class_list":["post-17549","post","type-post","status-publish","format-standard","category-arte-cultura-spettacoli-scienza-archivi","category-pausa-caffe"],"yoast_head":"<!-- This site is optimized with the Yoast SEO plugin v28.4 - https:\/\/yoast.com\/product\/yoast-seo-wordpress\/ -->\n<title>Se il futuro non abita pi\u00f9 qui: la fuga dei cervelli. marted\u00ec 27 all&#039;Audi Palace per Cortina InContra. In seconda serata Pippo Baudo - Bellunopress - Dolomiti<\/title>\n<meta name=\"robots\" content=\"index, follow, max-snippet:-1, max-image-preview:large, max-video-preview:-1\" \/>\n<link rel=\"canonical\" href=\"https:\/\/www.bellunopress.it\/fr\/2010\/07\/26\/se-il-futuro-non-abita-piu-qui-la-fuga-dei-cervelli-martedi-27-allaudi-palace-per-cortina-incontra\/\" \/>\n<meta property=\"og:locale\" content=\"fr_FR\" \/>\n<meta property=\"og:type\" content=\"article\" \/>\n<meta property=\"og:title\" content=\"Se il futuro non abita pi\u00f9 qui: la fuga dei cervelli. marted\u00ec 27 all&#039;Audi Palace per Cortina InContra. In seconda serata Pippo Baudo - Bellunopress - Dolomiti\" \/>\n<meta property=\"og:description\" content=\"Rassegnazione, assenza di meritocrazia. Perch\u00e9 i giovani (e\u00a0 non solo) non hanno pi\u00f9 fiducia nell&#8217;Italia e come fargliela tornare? Se ne parla marted\u00ec pomeriggio (27 luglio) alle ore 18 all&#8217;Audi Palace di Cortina d&#8217;Ampezzo. \u200bPier Luigi Celli, direttore generale Universit\u00e0 Luiss Guido Carli Roma e autore de &#8220;Coraggio Don Abbondio&#8221; (Aliberti) Giulio Giorello, filosofo Conduce: [&hellip;]\" \/>\n<meta property=\"og:url\" content=\"https:\/\/www.bellunopress.it\/fr\/2010\/07\/26\/se-il-futuro-non-abita-piu-qui-la-fuga-dei-cervelli-martedi-27-allaudi-palace-per-cortina-incontra\/\" \/>\n<meta property=\"og:site_name\" content=\"Bellunopress - Dolomiti\" \/>\n<meta property=\"article:publisher\" content=\"https:\/\/www.facebook.com\/profile.php?id=100008943462799\" \/>\n<meta property=\"article:published_time\" content=\"2010-07-26T21:14:56+00:00\" \/>\n<meta property=\"article:modified_time\" content=\"2010-07-27T07:55:55+00:00\" \/>\n<meta property=\"og:image\" content=\"http:\/\/www.bellunopress.it\/wp-content\/uploads\/2012\/07\/logo-bellunopress-250x250-2012.jpg\" \/>\n<meta name=\"author\" content=\"redazione\" \/>\n<meta name=\"twitter:card\" content=\"summary_large_image\" \/>\n<meta name=\"twitter:creator\" content=\"@bellunopress\" \/>\n<meta name=\"twitter:site\" content=\"@bellunopress\" \/>\n<meta name=\"twitter:label1\" content=\"\u00c9crit par\" \/>\n\t<meta name=\"twitter:data1\" content=\"redazione\" \/>\n\t<meta name=\"twitter:label2\" content=\"Dur\u00e9e de lecture estim\u00e9e\" \/>\n\t<meta name=\"twitter:data2\" content=\"2 minutes\" \/>\n<script type=\"application\/ld+json\" class=\"yoast-schema-graph\">{\"@context\":\"https:\\\/\\\/schema.org\",\"@graph\":[{\"@type\":\"Article\",\"@id\":\"https:\\\/\\\/www.bellunopress.it\\\/2010\\\/07\\\/26\\\/se-il-futuro-non-abita-piu-qui-la-fuga-dei-cervelli-martedi-27-allaudi-palace-per-cortina-incontra\\\/#article\",\"isPartOf\":{\"@id\":\"https:\\\/\\\/www.bellunopress.it\\\/2010\\\/07\\\/26\\\/se-il-futuro-non-abita-piu-qui-la-fuga-dei-cervelli-martedi-27-allaudi-palace-per-cortina-incontra\\\/\"},\"author\":{\"name\":\"redazione\",\"@id\":\"https:\\\/\\\/www.bellunopress.it\\\/#\\\/schema\\\/person\\\/79bb06722b37ece1c03d3e94beb30d73\"},\"headline\":\"Se il futuro non abita pi\u00f9 qui: la fuga dei cervelli. marted\u00ec 27 all&#8217;Audi Palace per Cortina InContra. In seconda serata Pippo Baudo\",\"datePublished\":\"2010-07-26T21:14:56+00:00\",\"dateModified\":\"2010-07-27T07:55:55+00:00\",\"mainEntityOfPage\":{\"@id\":\"https:\\\/\\\/www.bellunopress.it\\\/2010\\\/07\\\/26\\\/se-il-futuro-non-abita-piu-qui-la-fuga-dei-cervelli-martedi-27-allaudi-palace-per-cortina-incontra\\\/\"},\"wordCount\":391,\"publisher\":{\"@id\":\"https:\\\/\\\/www.bellunopress.it\\\/#organization\"},\"articleSection\":[\"Arte, Cultura, Spettacoli, Scienza\",\"Pausa Caff\u00e8\"],\"inLanguage\":\"fr-FR\"},{\"@type\":\"WebPage\",\"@id\":\"https:\\\/\\\/www.bellunopress.it\\\/2010\\\/07\\\/26\\\/se-il-futuro-non-abita-piu-qui-la-fuga-dei-cervelli-martedi-27-allaudi-palace-per-cortina-incontra\\\/\",\"url\":\"https:\\\/\\\/www.bellunopress.it\\\/2010\\\/07\\\/26\\\/se-il-futuro-non-abita-piu-qui-la-fuga-dei-cervelli-martedi-27-allaudi-palace-per-cortina-incontra\\\/\",\"name\":\"Se il futuro non abita pi\u00f9 qui: la fuga dei cervelli. marted\u00ec 27 all'Audi Palace per Cortina InContra. In seconda serata Pippo Baudo - Bellunopress - Dolomiti\",\"isPartOf\":{\"@id\":\"https:\\\/\\\/www.bellunopress.it\\\/#website\"},\"datePublished\":\"2010-07-26T21:14:56+00:00\",\"dateModified\":\"2010-07-27T07:55:55+00:00\",\"breadcrumb\":{\"@id\":\"https:\\\/\\\/www.bellunopress.it\\\/2010\\\/07\\\/26\\\/se-il-futuro-non-abita-piu-qui-la-fuga-dei-cervelli-martedi-27-allaudi-palace-per-cortina-incontra\\\/#breadcrumb\"},\"inLanguage\":\"fr-FR\",\"potentialAction\":[{\"@type\":\"ReadAction\",\"target\":[\"https:\\\/\\\/www.bellunopress.it\\\/2010\\\/07\\\/26\\\/se-il-futuro-non-abita-piu-qui-la-fuga-dei-cervelli-martedi-27-allaudi-palace-per-cortina-incontra\\\/\"]}]},{\"@type\":\"BreadcrumbList\",\"@id\":\"https:\\\/\\\/www.bellunopress.it\\\/2010\\\/07\\\/26\\\/se-il-futuro-non-abita-piu-qui-la-fuga-dei-cervelli-martedi-27-allaudi-palace-per-cortina-incontra\\\/#breadcrumb\",\"itemListElement\":[{\"@type\":\"ListItem\",\"position\":1,\"name\":\"Home\",\"item\":\"https:\\\/\\\/www.bellunopress.it\\\/\"},{\"@type\":\"ListItem\",\"position\":2,\"name\":\"Se il futuro non abita pi\u00f9 qui: la fuga dei cervelli. marted\u00ec 27 all&#8217;Audi Palace per Cortina InContra. In seconda serata Pippo Baudo\"}]},{\"@type\":\"WebSite\",\"@id\":\"https:\\\/\\\/www.bellunopress.it\\\/#website\",\"url\":\"https:\\\/\\\/www.bellunopress.it\\\/\",\"name\":\"Bellunopress - Dolomiti\",\"description\":\"e-mail: redazione@bellunopress.it\",\"publisher\":{\"@id\":\"https:\\\/\\\/www.bellunopress.it\\\/#organization\"},\"potentialAction\":[{\"@type\":\"SearchAction\",\"target\":{\"@type\":\"EntryPoint\",\"urlTemplate\":\"https:\\\/\\\/www.bellunopress.it\\\/?s={search_term_string}\"},\"query-input\":{\"@type\":\"PropertyValueSpecification\",\"valueRequired\":true,\"valueName\":\"search_term_string\"}}],\"inLanguage\":\"fr-FR\"},{\"@type\":\"Organization\",\"@id\":\"https:\\\/\\\/www.bellunopress.it\\\/#organization\",\"name\":\"Bellunopress\",\"url\":\"https:\\\/\\\/www.bellunopress.it\\\/\",\"logo\":{\"@type\":\"ImageObject\",\"inLanguage\":\"fr-FR\",\"@id\":\"https:\\\/\\\/www.bellunopress.it\\\/#\\\/schema\\\/logo\\\/image\\\/\",\"url\":\"https:\\\/\\\/www.bellunopress.it\\\/wp-content\\\/uploads\\\/2011\\\/05\\\/cropped-logo-bellunopress-.jpg\",\"contentUrl\":\"https:\\\/\\\/www.bellunopress.it\\\/wp-content\\\/uploads\\\/2011\\\/05\\\/cropped-logo-bellunopress-.jpg\",\"width\":512,\"height\":512,\"caption\":\"Bellunopress\"},\"image\":{\"@id\":\"https:\\\/\\\/www.bellunopress.it\\\/#\\\/schema\\\/logo\\\/image\\\/\"},\"sameAs\":[\"https:\\\/\\\/www.facebook.com\\\/profile.php?id=100008943462799\",\"https:\\\/\\\/x.com\\\/bellunopress\",\"https:\\\/\\\/www.linkedin.com\\\/hp\\\/?dnr=JBzUWaJfMUw8vbXJJ2tVW5-I3jZKvC4wsoxE&amp;amp;amp;amp;amp;amp;trk=nav_responsive_tab_home\",\"https:\\\/\\\/www.youtube.com\\\/channel\\\/UCxL0wu1uN0_3_7hGG0306cw\"]},{\"@type\":\"Person\",\"@id\":\"https:\\\/\\\/www.bellunopress.it\\\/#\\\/schema\\\/person\\\/79bb06722b37ece1c03d3e94beb30d73\",\"name\":\"redazione\",\"image\":{\"@type\":\"ImageObject\",\"inLanguage\":\"fr-FR\",\"@id\":\"https:\\\/\\\/secure.gravatar.com\\\/avatar\\\/37d968a2e67a6fd04c169c4bdef102d0bc5d31b2546345219e348575eb80e9a0?s=96&d=mm&r=g\",\"url\":\"https:\\\/\\\/secure.gravatar.com\\\/avatar\\\/37d968a2e67a6fd04c169c4bdef102d0bc5d31b2546345219e348575eb80e9a0?s=96&d=mm&r=g\",\"contentUrl\":\"https:\\\/\\\/secure.gravatar.com\\\/avatar\\\/37d968a2e67a6fd04c169c4bdef102d0bc5d31b2546345219e348575eb80e9a0?s=96&d=mm&r=g\",\"caption\":\"redazione\"},\"sameAs\":[\"http:\\\/\\\/www.bellunopress.it\",\"https:\\\/\\\/x.com\\\/bellunopress\"],\"url\":\"https:\\\/\\\/www.bellunopress.it\\\/fr\\\/author\\\/redazione\\\/\"}]}<\/script>\n<!-- \/ Yoast SEO plugin. -->","yoast_head_json":{"title":"Se il futuro non abita pi\u00f9 qui: la fuga dei cervelli. marted\u00ec 27 all'Audi Palace per Cortina InContra. In seconda serata Pippo Baudo - Bellunopress - Dolomiti","robots":{"index":"index","follow":"follow","max-snippet":"max-snippet:-1","max-image-preview":"max-image-preview:large","max-video-preview":"max-video-preview:-1"},"canonical":"https:\/\/www.bellunopress.it\/fr\/2010\/07\/26\/se-il-futuro-non-abita-piu-qui-la-fuga-dei-cervelli-martedi-27-allaudi-palace-per-cortina-incontra\/","og_locale":"fr_FR","og_type":"article","og_title":"Se il futuro non abita pi\u00f9 qui: la fuga dei cervelli. marted\u00ec 27 all'Audi Palace per Cortina InContra. In seconda serata Pippo Baudo - Bellunopress - Dolomiti","og_description":"Rassegnazione, assenza di meritocrazia. Perch\u00e9 i giovani (e\u00a0 non solo) non hanno pi\u00f9 fiducia nell&#8217;Italia e come fargliela tornare? Se ne parla marted\u00ec pomeriggio (27 luglio) alle ore 18 all&#8217;Audi Palace di Cortina d&#8217;Ampezzo. \u200bPier Luigi Celli, direttore generale Universit\u00e0 Luiss Guido Carli Roma e autore de &#8220;Coraggio Don Abbondio&#8221; (Aliberti) Giulio Giorello, filosofo Conduce: [&hellip;]","og_url":"https:\/\/www.bellunopress.it\/fr\/2010\/07\/26\/se-il-futuro-non-abita-piu-qui-la-fuga-dei-cervelli-martedi-27-allaudi-palace-per-cortina-incontra\/","og_site_name":"Bellunopress - Dolomiti","article_publisher":"https:\/\/www.facebook.com\/profile.php?id=100008943462799","article_published_time":"2010-07-26T21:14:56+00:00","article_modified_time":"2010-07-27T07:55:55+00:00","og_image":[{"url":"http:\/\/www.bellunopress.it\/wp-content\/uploads\/2012\/07\/logo-bellunopress-250x250-2012.jpg","type":"","width":"","height":""}],"author":"redazione","twitter_card":"summary_large_image","twitter_creator":"@bellunopress","twitter_site":"@bellunopress","twitter_misc":{"\u00c9crit par":"redazione","Dur\u00e9e de lecture estim\u00e9e":"2 minutes"},"schema":{"@context":"https:\/\/schema.org","@graph":[{"@type":"Article","@id":"https:\/\/www.bellunopress.it\/2010\/07\/26\/se-il-futuro-non-abita-piu-qui-la-fuga-dei-cervelli-martedi-27-allaudi-palace-per-cortina-incontra\/#article","isPartOf":{"@id":"https:\/\/www.bellunopress.it\/2010\/07\/26\/se-il-futuro-non-abita-piu-qui-la-fuga-dei-cervelli-martedi-27-allaudi-palace-per-cortina-incontra\/"},"author":{"name":"redazione","@id":"https:\/\/www.bellunopress.it\/#\/schema\/person\/79bb06722b37ece1c03d3e94beb30d73"},"headline":"Se il futuro non abita pi\u00f9 qui: la fuga dei cervelli. marted\u00ec 27 all&#8217;Audi Palace per Cortina InContra. In seconda serata Pippo Baudo","datePublished":"2010-07-26T21:14:56+00:00","dateModified":"2010-07-27T07:55:55+00:00","mainEntityOfPage":{"@id":"https:\/\/www.bellunopress.it\/2010\/07\/26\/se-il-futuro-non-abita-piu-qui-la-fuga-dei-cervelli-martedi-27-allaudi-palace-per-cortina-incontra\/"},"wordCount":391,"publisher":{"@id":"https:\/\/www.bellunopress.it\/#organization"},"articleSection":["Arte, Cultura, Spettacoli, Scienza","Pausa Caff\u00e8"],"inLanguage":"fr-FR"},{"@type":"WebPage","@id":"https:\/\/www.bellunopress.it\/2010\/07\/26\/se-il-futuro-non-abita-piu-qui-la-fuga-dei-cervelli-martedi-27-allaudi-palace-per-cortina-incontra\/","url":"https:\/\/www.bellunopress.it\/2010\/07\/26\/se-il-futuro-non-abita-piu-qui-la-fuga-dei-cervelli-martedi-27-allaudi-palace-per-cortina-incontra\/","name":"Se il futuro non abita pi\u00f9 qui: la fuga dei cervelli. marted\u00ec 27 all'Audi Palace per Cortina InContra. In seconda serata Pippo Baudo - Bellunopress - Dolomiti","isPartOf":{"@id":"https:\/\/www.bellunopress.it\/#website"},"datePublished":"2010-07-26T21:14:56+00:00","dateModified":"2010-07-27T07:55:55+00:00","breadcrumb":{"@id":"https:\/\/www.bellunopress.it\/2010\/07\/26\/se-il-futuro-non-abita-piu-qui-la-fuga-dei-cervelli-martedi-27-allaudi-palace-per-cortina-incontra\/#breadcrumb"},"inLanguage":"fr-FR","potentialAction":[{"@type":"ReadAction","target":["https:\/\/www.bellunopress.it\/2010\/07\/26\/se-il-futuro-non-abita-piu-qui-la-fuga-dei-cervelli-martedi-27-allaudi-palace-per-cortina-incontra\/"]}]},{"@type":"BreadcrumbList","@id":"https:\/\/www.bellunopress.it\/2010\/07\/26\/se-il-futuro-non-abita-piu-qui-la-fuga-dei-cervelli-martedi-27-allaudi-palace-per-cortina-incontra\/#breadcrumb","itemListElement":[{"@type":"ListItem","position":1,"name":"Home","item":"https:\/\/www.bellunopress.it\/"},{"@type":"ListItem","position":2,"name":"Se il futuro non abita pi\u00f9 qui: la fuga dei cervelli. marted\u00ec 27 all&#8217;Audi Palace per Cortina InContra. In seconda serata Pippo Baudo"}]},{"@type":"WebSite","@id":"https:\/\/www.bellunopress.it\/#website","url":"https:\/\/www.bellunopress.it\/","name":"Bellunopress - Dolomiti","description":"e-mail: redazione@bellunopress.it","publisher":{"@id":"https:\/\/www.bellunopress.it\/#organization"},"potentialAction":[{"@type":"SearchAction","target":{"@type":"EntryPoint","urlTemplate":"https:\/\/www.bellunopress.it\/?s={search_term_string}"},"query-input":{"@type":"PropertyValueSpecification","valueRequired":true,"valueName":"search_term_string"}}],"inLanguage":"fr-FR"},{"@type":"Organization","@id":"https:\/\/www.bellunopress.it\/#organization","name":"Bellunopress","url":"https:\/\/www.bellunopress.it\/","logo":{"@type":"ImageObject","inLanguage":"fr-FR","@id":"https:\/\/www.bellunopress.it\/#\/schema\/logo\/image\/","url":"https:\/\/www.bellunopress.it\/wp-content\/uploads\/2011\/05\/cropped-logo-bellunopress-.jpg","contentUrl":"https:\/\/www.bellunopress.it\/wp-content\/uploads\/2011\/05\/cropped-logo-bellunopress-.jpg","width":512,"height":512,"caption":"Bellunopress"},"image":{"@id":"https:\/\/www.bellunopress.it\/#\/schema\/logo\/image\/"},"sameAs":["https:\/\/www.facebook.com\/profile.php?id=100008943462799","https:\/\/x.com\/bellunopress","https:\/\/www.linkedin.com\/hp\/?dnr=JBzUWaJfMUw8vbXJJ2tVW5-I3jZKvC4wsoxE&amp;amp;amp;amp;amp;amp;trk=nav_responsive_tab_home","https:\/\/www.youtube.com\/channel\/UCxL0wu1uN0_3_7hGG0306cw"]},{"@type":"Person","@id":"https:\/\/www.bellunopress.it\/#\/schema\/person\/79bb06722b37ece1c03d3e94beb30d73","name":"r\u00e9daction","image":{"@type":"ImageObject","inLanguage":"fr-FR","@id":"https:\/\/secure.gravatar.com\/avatar\/37d968a2e67a6fd04c169c4bdef102d0bc5d31b2546345219e348575eb80e9a0?s=96&d=mm&r=g","url":"https:\/\/secure.gravatar.com\/avatar\/37d968a2e67a6fd04c169c4bdef102d0bc5d31b2546345219e348575eb80e9a0?s=96&d=mm&r=g","contentUrl":"https:\/\/secure.gravatar.com\/avatar\/37d968a2e67a6fd04c169c4bdef102d0bc5d31b2546345219e348575eb80e9a0?s=96&d=mm&r=g","caption":"redazione"},"sameAs":["http:\/\/www.bellunopress.it","https:\/\/x.com\/bellunopress"],"url":"https:\/\/www.bellunopress.it\/fr\/author\/redazione\/"}]}},"_links":{"self":[{"href":"https:\/\/www.bellunopress.it\/fr\/wp-json\/wp\/v2\/posts\/17549","targetHints":{"allow":["GET"]}}],"collection":[{"href":"https:\/\/www.bellunopress.it\/fr\/wp-json\/wp\/v2\/posts"}],"about":[{"href":"https:\/\/www.bellunopress.it\/fr\/wp-json\/wp\/v2\/types\/post"}],"author":[{"embeddable":true,"href":"https:\/\/www.bellunopress.it\/fr\/wp-json\/wp\/v2\/users\/2"}],"replies":[{"embeddable":true,"href":"https:\/\/www.bellunopress.it\/fr\/wp-json\/wp\/v2\/comments?post=17549"}],"version-history":[{"count":3,"href":"https:\/\/www.bellunopress.it\/fr\/wp-json\/wp\/v2\/posts\/17549\/revisions"}],"predecessor-version":[{"id":17553,"href":"https:\/\/www.bellunopress.it\/fr\/wp-json\/wp\/v2\/posts\/17549\/revisions\/17553"}],"wp:attachment":[{"href":"https:\/\/www.bellunopress.it\/fr\/wp-json\/wp\/v2\/media?parent=17549"}],"wp:term":[{"taxonomy":"category","embeddable":true,"href":"https:\/\/www.bellunopress.it\/fr\/wp-json\/wp\/v2\/categories?post=17549"},{"taxonomy":"post_tag","embeddable":true,"href":"https:\/\/www.bellunopress.it\/fr\/wp-json\/wp\/v2\/tags?post=17549"}],"curies":[{"name":"wp","href":"https:\/\/api.w.org\/{rel}","templated":true}]}}