{"id":17537,"date":"2010-07-26T22:21:40","date_gmt":"2010-07-26T21:21:40","guid":{"rendered":"http:\/\/www.bellunopress.it\/?p=17537"},"modified":"2010-07-27T07:45:56","modified_gmt":"2010-07-27T06:45:56","slug":"la-terza-missione-in-afghanistan-del-7mo-alpini","status":"publish","type":"post","link":"https:\/\/www.bellunopress.it\/fr\/2010\/07\/26\/la-terza-missione-in-afghanistan-del-7mo-alpini\/","title":{"rendered":"La terza missione in Afghanistan del 7mo Alpini"},"content":{"rendered":"<p>Per gli Speciali di Bellunopress, pubblichiamo il servizio di Federica Fant sulla partenza del 7mo Reggimento Alpini. Senza dimenticare che i contingenti militari americani nel 2010 sono presenti in 75 stati al mondo, che l&#8217;economia dell&#8217;Afghanistan in questo momento \u00e8 per lo pi\u00f9 sorretta dal narcotraffico, e che per contrastare lo sconforto dell&#8217;opinione pubblica e anche dei comandi Usa\/Nato \u00e8 stata fatta girare la falsa\u00a0notizia\u00a0di fantomatiche ricchezze nel sottosuolo afghano (litio, rame, oro).\u00a0E il\u00a0dossier\u00a0pubblicato da Wikileaks sulla guerra afgana\u00a0\u00a0\u00a0<a href=\"http:\/\/www.wikileaks.org\/wiki\/Wikileaks\">http:\/\/www.wikileaks.org\/wiki\/Wikileaks<\/a>\u00a0<\/p>\n<p><strong>Il 7mo Alpini va in Afghanistan: domani parte il comandante con la Bandiera di guerra\u00a0<br \/>\n<\/strong>\u00a0<br \/>\nIl Settimo torna in Afghanistan. Per la terza volta in quattro anni. Partono domani mattina il comandante e la Bandiera di guerra del 7\u00b0 Reggimento Alpini. I circa 400 militari della caserma Salsa hanno cominciato a lasciare l&#8217;Italia gi\u00e0 dai primi di luglio, gli ultimi arriveranno a Bakwa, nella provincia di Farah, situata nella zona occidentale dell\u2019Afghanistan, entro la met\u00e0 di agosto.\u00a0<\/p>\n<figure id=\"attachment_17540\" aria-describedby=\"caption-attachment-17540\" style=\"width: 187px\" class=\"wp-caption alignright\"><a href=\"http:\/\/www.bellunopress.it\/wp-content\/uploads\/2010\/07\/col-paolo-sfarra-270x180.jpg\"><img loading=\"lazy\" decoding=\"async\" class=\"size-medium wp-image-17540\" title=\"col-paolo-sfarra-270x180\" src=\"http:\/\/www.bellunopress.it\/wp-content\/uploads\/2010\/07\/col-paolo-sfarra-270x180.jpg\" alt=\"Col. Paolo Sfarra\" width=\"187\" height=\"270\" \/><\/a><figcaption id=\"caption-attachment-17540\" class=\"wp-caption-text\">Col. Paolo Sfarra<\/figcaption><\/figure>\n<p>Nell\u2019area del Regional Command West, gli alpini saranno impegnati fino a febbraio 2011 nell\u2019ambito della missione Isaf, \u00abin attivit\u00e0 di supporto alle autorit\u00e0 afghane nell\u2019incremento delle condizioni di sicurezza\u00bb, ha spiegato il colonnello Paolo Sfarra. Con gli uomini e le donne del Settimo, che saranno circa la met\u00e0 del reggimento, ci saranno una compagnia del 2\u00ba Reggimento genio di Trento e una compagnia del 7\u00ba Reggimento trasmissioni di Sacile. \u00abAndremo a costituire una quarta task force e presidieremo due distretti: quello di Bakwa e del Gulistan\u00bb. Un&#8217;area circa di 150 chilometri per 80, pari alle province di Padova e Rovigo insieme, per intenderci.<\/p>\n<p><strong>Scopo della missione<br \/>\n<\/strong>\u00abLa missione Isaf si interessa del processo di estensione dei sistemi di sicurezza. Le attivit\u00e0 di Isaf sono tutte in collaborazione con le forze armate e la polizia afghana\u00bb, specifica il comandante Paolo Sfarra. Oltre all&#8217;impegno operativo dello missione \u00abanche noi contribuiremo all&#8217;attivit\u00e0 Cimic, in cooperazione con le autorit\u00e0 locali \u2013 precisa il comandante Sfarra \u2013 abbiamo dei fondi di Isaf e altri che provengono da associazioni del Triveneto. In particolare nel Bellunese abbiamo le tre sezioni Ana di Belluno, Feltre e del Cadore, che ci hanno contattato per mettere a disposizione un loro contributo, cos\u00ec come le sezioni di Vicenza e di Valdobbiadene\u00bb. L&#8217;Ana infatti ha gi\u00e0 avviato una raccolta fondi per finanziare interventi a favore della popolazione locale. Fra i progetti che potrebbero essere attivati, vi \u00e8 anche \u00abla costruzione di pozzi per l\u2019acqua\u00bb. Il colonnello Sfarra ha parlato dell&#8217;Afghanistan \u00abche \u00e8 un ambiente molto complesso, e decideremo insieme alla popolazione come attivarci in progetti che possano essere sostenibili dalla popolazione senza il supporto del contingente\u00bb. Molto l&#8217;addestramento che in questi mesi \u00e8 stato fatto al Settimo.<\/p>\n<p><strong>L&#8217;addestramento<br \/>\n<\/strong>Un&#8217;attivit\u00e0 preparatoria che ha spaziato da esercitazioni a fuoco, in particolare quella svolta a Monte Romano (Viterbo) dove sono stati simulati check point, esplosioni di Ied, pattugliamenti. \u00abNon \u00e8 mancata la preparazione su gli usi e i costumi afghani, tenuti da una professoressa afghana; un team di psicologi ha tenuto corsi di stress managment dove sono stati dati degli strumenti utili a gestire lo stress; il Genio ha fatto conoscere come prevenire le minacce di ordigni esplosivi; del personale medico ha introdotto temi di profilassi, nonch\u00e9 tanta preparazione fisica\u00bb, ha aggiunto il comandante Sfarra.<\/p>\n<p><strong>I compiti del 7mo alpini<br \/>\n<\/strong>Quali i compiti del Settimo in Afghanistan? Dopo una prima \u00abfase di ambientamento, resa necessaria dalle condizioni climatiche e dalle peculiarit\u00e0 del territorio, gli alpini si occuperanno prevalentemente di garantire supporto alle forze di sicurezza afghane, in coordinamento con le forze della coalizione\u00bb spiega il comandante.\u00a0 In particolare, oltre a svolgere attivit\u00e0 congiunte con l\u2019esercito e la polizia afghani, \u00abci occuperemo di pattugliamento e controllo del territorio, protezione e sorveglianza.\u00a0 Saranno inoltre impegnati in attivit\u00e0 Cimic-cooperazione civile e militare, con la ricostruzione di infrastrutture, l\u2019assistenza sanitaria e veterinaria e il sostegno a progetti di assistenza umanitaria\u00bb. Federica Fant<\/p>\n<p><strong>Chi c&#8217;\u00e8 dietro a un militare?<br \/>\nL&#8217;umanit\u00e0 dei nostri soldati. La partenza del comandante<\/strong><br \/>\nAndare in Afganistan oggi non \u00e8 certo una passeggiata. Non lo \u00e8 per i militari, che comunque lo fanno con orgoglio e passione, e non lo \u00e8 soprattutto per le loro famiglie. Mamme, mogli e fidanzate, padri mariti e fidanzati rimangono a casa aspettando di veder tornare i propri cari. Ma qual \u00e8 il morale di chi sta partendo in questi giorni? \u00ab\u00c9 alto\u00bb, dice Sfarra senza esitazioni \u00abil personale \u00e8 preparato e sereno, le famiglie un po&#8217; meno, e vivono il momento con particolare apprensione\u00bb. Il colonnello Sfarra \u00e8 alla sua sesta missione, ha moglie e due figli, una bimba di \u00ab4 anni compiuti a maggio e un bimbo di 21 mesi, vorrei tornare per il suo compleanno il 1\u00b0 novembre\u00bb. \u00abSono nato il 3 agosto 1966, sono stato un Boyscout Agesci e la considero una grande esperienza formativa, poi nell&#8217;85 sono entrato in accademia militare\u00bb. Sei le missioni che lo hanno impegnato negli ultimi 17 anni: Mozambico (1993-94); Kosovo (2000); Iraq (2003) \u00abc&#8217;ero quando abbiamo aperto il comando italiano, ero tra i primi ad arrivare a Nassirjia\u00bb. Mostar (2005) in Bosnia Erzegovina e l&#8217;ultima missione \u00e8 stata quella a Sarajevo. \u00c9 tornato ad aprile e oggi riparte per l&#8217;Afghanistan. \u00abMia moglie non \u00e8 particolarmente contenta, ma mi supporta come ha sempre fatto\u00bb. Federica Conti, infatti, racconta la partenza del marito, il colonnello Sfarra, con emozioni tutte femminili. \u00abParlo da donna, soprattutto da moglie e madre \u2013 racconta -. Dal mio punto di vista non \u00e8 semplice. La preoccupazione c&#8217;era 17 anni fa con la prima missione e c&#8217;\u00e8 ora, indipendentemente dal grado che riveste Paolo\u00bb. Il problema principale \u00aboltre alla mancanza \u00e8 spiegare ai bambini che pap\u00e0 \u00e8 via. Bisogna far vedere che il pap\u00e0 c&#8217;\u00e8 attraverso il telefono o Skipe, e contenere il disagio e le regressioni del pi\u00f9 piccolo quando mio marito rientrer\u00e0\u00bb, aggiunge Federica Conti. \u00abNon potremo andarlo a trovare, come \u00e8 successo a Sarajevo, ma mi ha assicurato che ci sentiremo quotidianamente. Non ci si abitua mai a queste partenze, soprattutto se la meta \u00e8 l&#8217;Afghanistan\u00bb.<\/p>\n<figure id=\"attachment_17541\" aria-describedby=\"caption-attachment-17541\" style=\"width: 258px\" class=\"wp-caption alignleft\"><a href=\"http:\/\/www.bellunopress.it\/wp-content\/uploads\/2010\/07\/elena_miolo_1c2b0_caporal_maggiore.jpg\"><img loading=\"lazy\" decoding=\"async\" class=\"size-medium wp-image-17541\" title=\"elena_miolo_1c2b0_caporal_maggiore\" src=\"http:\/\/www.bellunopress.it\/wp-content\/uploads\/2010\/07\/elena_miolo_1c2b0_caporal_maggiore.jpg\" alt=\"Elena Miolo\" width=\"258\" height=\"270\" \/><\/a><figcaption id=\"caption-attachment-17541\" class=\"wp-caption-text\">Elena Miolo<\/figcaption><\/figure>\n<figure id=\"attachment_17542\" aria-describedby=\"caption-attachment-17542\" style=\"width: 271px\" class=\"wp-caption alignleft\"><a href=\"http:\/\/www.bellunopress.it\/wp-content\/uploads\/2010\/07\/gabriele_mirandola_caporal_maggiore.jpg\"><img loading=\"lazy\" decoding=\"async\" class=\"size-medium wp-image-17542\" title=\"gabriele_mirandola_caporal_maggiore\" src=\"http:\/\/www.bellunopress.it\/wp-content\/uploads\/2010\/07\/gabriele_mirandola_caporal_maggiore.jpg\" alt=\"Gabriele Mirandola\" width=\"271\" height=\"270\" srcset=\"https:\/\/www.bellunopress.it\/wp-content\/uploads\/2010\/07\/gabriele_mirandola_caporal_maggiore.jpg 271w, https:\/\/www.bellunopress.it\/wp-content\/uploads\/2010\/07\/gabriele_mirandola_caporal_maggiore-150x150.jpg 150w\" sizes=\"auto, (max-width: 271px) 100vw, 271px\" \/><\/a><figcaption id=\"caption-attachment-17542\" class=\"wp-caption-text\">Gabriele Mirandola<\/figcaption><\/figure>\n<p><strong>\u00a0<\/strong><\/p>\n<p>\u00a0<\/p>\n<p>\u00a0<\/p>\n<p>\u00a0<\/p>\n<p>\u00a0<\/p>\n<p>\u00a0<\/p>\n<p>\u00a0<\/p>\n<p>\u00a0<\/p>\n<p>\u00a0<\/p>\n<p>La partenza dei reparti<br \/>\nLo stesso vale anche per i ragazzi del Reggimento che stanno per partire. Fieri di portare il tricolore al braccio sinistro e lo stemma del Settimo al destro. Ma dalla divisa quello che traspare forte e chiaro \u00e8 un gruppo di ragazzi di neanche trentanni che, come ideale, ha la voglia e l&#8217;opportunit\u00e0 \u00abdi chi \u00e8 meno fortunato di noi. Ai miei fratellino di otto anni ho detto che andiamo ad aiutare altri bambini che non hanno da mangiare\u00bb, racconta una di loro, Samantha. Ragazzi normali, come il caporal maggiore Pierpaolo Carmosino, il caporale Marco Spedo, il 1\u00b0 caporalmaggiore Elena Miolo, il caporale Samantha Miani e il caporalmaggiore Gabriele Mirandola, ce n&#8217;\u00e8 tanti in Italia. Tra loro anche due donne. Elena Miolo \u00e8 alla prima missione all&#8217;estero e racconta cosi la sua partenza: \u00abla vivo come un&#8217;esperienza nuova, dove so che come militare avr\u00f2 sicuramente il compito di rapportarmi con le altre donne del posto\u00bb.Il riferimento \u00e8 chiaro: in una realt\u00e0 in cui essere donna non \u00e8 sempre facile, il saper interagire diventa quasi una sfida con se stessi. \u00abMa durante l&#8217;addestramento ci hanno insegnato come essere all&#8217;altezza della situazione \u2013 aggiunge Samantha Miani che ha soli 23 anni \u00e8 gi\u00e0 stata anche in Kosovo -. Nella prima missione del 2008 son stata abituata nella base a essere trattata un militare e basta, il bello dell&#8217;Afghanistan sar\u00e0 mettere a frutto ci\u00f2 che ci ha insegnato la professoressa afghana e avere rapporti anche con donne del posto\u00bb. I ragazzi annuiscono: \u00abmettersi la mano al cuore e salutare le persone in modo rispettoso \u00e8 sicuramente un consiglio prezioso che metteremo a frutto\u00bb. Per qualcuno \u00e8 stata dura spiegare alla ragazza che doveva partire per un teatro cos\u00ec lontano e cos\u00ec pericoloso: \u00abSiamo fidanzati da pi\u00f9 di tre anni, all&#8217;inizio non era affatto propensa alla mia partenza, ma quando ne abbiamo parlato ha capito che questo \u00e8 il mio lavoro, che siamo preparati e addestrati per farlo al meglio\u00bb, dice Gabriele Mirandola. Parla molisano, ma vive a Belluno da tre anni, Pierpaolo Carmosino \u00e8 gi\u00e0 stato in Kosovo e in Afghanistan e ribadisce il concetto: \u00ababbiamo un bagaglio addestrativo valido, certo che la famiglia si preoccupa e sta in ansia. A noi per primi ci manca quando siamo fuori area\u00bb. Marco Spedo \u00e8 alla prima esperienza e la sua \u00abfidanzata \u00e8 molto preoccupata, ma sono certo che mi supporter\u00e0 giorno dopo giorno\u00bb. Sorridono i ragazzi quando gli dai l&#8217; \u00abin bocca al lupo\u00bb: nei loro occhi c&#8217;\u00e8 l&#8217;Italia.\u00a0 Federica Fant<\/p>\n<figure id=\"attachment_17543\" aria-describedby=\"caption-attachment-17543\" style=\"width: 270px\" class=\"wp-caption alignleft\"><a href=\"http:\/\/www.bellunopress.it\/wp-content\/uploads\/2010\/07\/samantha_miani_caporale.jpg\"><img loading=\"lazy\" decoding=\"async\" class=\"size-medium wp-image-17543\" title=\"samantha_miani_caporale\" src=\"http:\/\/www.bellunopress.it\/wp-content\/uploads\/2010\/07\/samantha_miani_caporale.jpg\" alt=\"Samantha Miani\" width=\"270\" height=\"268\" srcset=\"https:\/\/www.bellunopress.it\/wp-content\/uploads\/2010\/07\/samantha_miani_caporale.jpg 270w, https:\/\/www.bellunopress.it\/wp-content\/uploads\/2010\/07\/samantha_miani_caporale-150x150.jpg 150w\" sizes=\"auto, (max-width: 270px) 100vw, 270px\" \/><\/a><figcaption id=\"caption-attachment-17543\" class=\"wp-caption-text\">Samantha MianiMarco Spedo<\/figcaption><\/figure>","protected":false},"excerpt":{"rendered":"<p>Per gli Speciali di Bellunopress, pubblichiamo il servizio di Federica Fant sulla partenza del 7mo Reggimento Alpini. Senza dimenticare che i contingenti militari americani nel 2010 sono presenti in 75 stati al mondo, che l&#8217;economia dell&#8217;Afghanistan in questo momento \u00e8 per lo pi\u00f9 sorretta dal narcotraffico, e che per contrastare lo sconforto dell&#8217;opinione pubblica e [&hellip;]<\/p>\n","protected":false},"author":2,"featured_media":0,"comment_status":"closed","ping_status":"open","sticky":false,"template":"","format":"standard","meta":{"footnotes":""},"categories":[49,26],"tags":[2041,2043,2042],"class_list":["post-17537","post","type-post","status-publish","format-standard","category-speciali","category-prima-pagina","tag-7mo-reggimento-alpini","tag-col-paolo-sfarra","tag-missione-in-afghanistan"],"yoast_head":"<!-- This site is optimized with the Yoast SEO plugin v28.4 - https:\/\/yoast.com\/product\/yoast-seo-wordpress\/ -->\n<title>La terza missione in Afghanistan del 7mo Alpini - Bellunopress - Dolomiti<\/title>\n<meta name=\"robots\" content=\"index, follow, max-snippet:-1, max-image-preview:large, max-video-preview:-1\" \/>\n<link rel=\"canonical\" href=\"https:\/\/www.bellunopress.it\/fr\/2010\/07\/26\/la-terza-missione-in-afghanistan-del-7mo-alpini\/\" \/>\n<meta property=\"og:locale\" content=\"fr_FR\" \/>\n<meta property=\"og:type\" content=\"article\" \/>\n<meta property=\"og:title\" content=\"La terza missione in Afghanistan del 7mo Alpini - Bellunopress - Dolomiti\" \/>\n<meta property=\"og:description\" content=\"Per gli Speciali di Bellunopress, pubblichiamo il servizio di Federica Fant sulla partenza del 7mo Reggimento Alpini. Senza dimenticare che i contingenti militari americani nel 2010 sono presenti in 75 stati al mondo, che l&#8217;economia dell&#8217;Afghanistan in questo momento \u00e8 per lo pi\u00f9 sorretta dal narcotraffico, e che per contrastare lo sconforto dell&#8217;opinione pubblica e [&hellip;]\" \/>\n<meta property=\"og:url\" content=\"https:\/\/www.bellunopress.it\/fr\/2010\/07\/26\/la-terza-missione-in-afghanistan-del-7mo-alpini\/\" \/>\n<meta property=\"og:site_name\" content=\"Bellunopress - Dolomiti\" \/>\n<meta property=\"article:publisher\" content=\"https:\/\/www.facebook.com\/profile.php?id=100008943462799\" \/>\n<meta property=\"article:published_time\" content=\"2010-07-26T21:21:40+00:00\" \/>\n<meta property=\"article:modified_time\" content=\"2010-07-27T06:45:56+00:00\" \/>\n<meta property=\"og:image\" content=\"http:\/\/www.bellunopress.it\/wp-content\/uploads\/2010\/07\/col-paolo-sfarra-270x180.jpg\" \/>\n<meta name=\"author\" content=\"redazione\" \/>\n<meta name=\"twitter:card\" content=\"summary_large_image\" \/>\n<meta name=\"twitter:creator\" content=\"@bellunopress\" \/>\n<meta name=\"twitter:site\" content=\"@bellunopress\" \/>\n<meta name=\"twitter:label1\" content=\"\u00c9crit par\" \/>\n\t<meta name=\"twitter:data1\" content=\"redazione\" \/>\n\t<meta name=\"twitter:label2\" content=\"Dur\u00e9e de lecture estim\u00e9e\" \/>\n\t<meta name=\"twitter:data2\" content=\"7 minutes\" \/>\n<script type=\"application\/ld+json\" class=\"yoast-schema-graph\">{\"@context\":\"https:\\\/\\\/schema.org\",\"@graph\":[{\"@type\":\"Article\",\"@id\":\"https:\\\/\\\/www.bellunopress.it\\\/2010\\\/07\\\/26\\\/la-terza-missione-in-afghanistan-del-7mo-alpini\\\/#article\",\"isPartOf\":{\"@id\":\"https:\\\/\\\/www.bellunopress.it\\\/2010\\\/07\\\/26\\\/la-terza-missione-in-afghanistan-del-7mo-alpini\\\/\"},\"author\":{\"name\":\"redazione\",\"@id\":\"https:\\\/\\\/www.bellunopress.it\\\/#\\\/schema\\\/person\\\/79bb06722b37ece1c03d3e94beb30d73\"},\"headline\":\"La terza missione in Afghanistan del 7mo Alpini\",\"datePublished\":\"2010-07-26T21:21:40+00:00\",\"dateModified\":\"2010-07-27T06:45:56+00:00\",\"mainEntityOfPage\":{\"@id\":\"https:\\\/\\\/www.bellunopress.it\\\/2010\\\/07\\\/26\\\/la-terza-missione-in-afghanistan-del-7mo-alpini\\\/\"},\"wordCount\":1453,\"publisher\":{\"@id\":\"https:\\\/\\\/www.bellunopress.it\\\/#organization\"},\"image\":{\"@id\":\"https:\\\/\\\/www.bellunopress.it\\\/2010\\\/07\\\/26\\\/la-terza-missione-in-afghanistan-del-7mo-alpini\\\/#primaryimage\"},\"thumbnailUrl\":\"http:\\\/\\\/www.bellunopress.it\\\/wp-content\\\/uploads\\\/2010\\\/07\\\/col-paolo-sfarra-270x180.jpg\",\"keywords\":[\"7mo Reggimento Alpini\",\"col Paolo Sfarra\",\"Missione in Afghanistan\"],\"articleSection\":[\"Gli speciali di Bellunopress\",\"Prima Pagina\"],\"inLanguage\":\"fr-FR\"},{\"@type\":\"WebPage\",\"@id\":\"https:\\\/\\\/www.bellunopress.it\\\/2010\\\/07\\\/26\\\/la-terza-missione-in-afghanistan-del-7mo-alpini\\\/\",\"url\":\"https:\\\/\\\/www.bellunopress.it\\\/2010\\\/07\\\/26\\\/la-terza-missione-in-afghanistan-del-7mo-alpini\\\/\",\"name\":\"La terza missione in Afghanistan del 7mo Alpini - Bellunopress - Dolomiti\",\"isPartOf\":{\"@id\":\"https:\\\/\\\/www.bellunopress.it\\\/#website\"},\"primaryImageOfPage\":{\"@id\":\"https:\\\/\\\/www.bellunopress.it\\\/2010\\\/07\\\/26\\\/la-terza-missione-in-afghanistan-del-7mo-alpini\\\/#primaryimage\"},\"image\":{\"@id\":\"https:\\\/\\\/www.bellunopress.it\\\/2010\\\/07\\\/26\\\/la-terza-missione-in-afghanistan-del-7mo-alpini\\\/#primaryimage\"},\"thumbnailUrl\":\"http:\\\/\\\/www.bellunopress.it\\\/wp-content\\\/uploads\\\/2010\\\/07\\\/col-paolo-sfarra-270x180.jpg\",\"datePublished\":\"2010-07-26T21:21:40+00:00\",\"dateModified\":\"2010-07-27T06:45:56+00:00\",\"breadcrumb\":{\"@id\":\"https:\\\/\\\/www.bellunopress.it\\\/2010\\\/07\\\/26\\\/la-terza-missione-in-afghanistan-del-7mo-alpini\\\/#breadcrumb\"},\"inLanguage\":\"fr-FR\",\"potentialAction\":[{\"@type\":\"ReadAction\",\"target\":[\"https:\\\/\\\/www.bellunopress.it\\\/2010\\\/07\\\/26\\\/la-terza-missione-in-afghanistan-del-7mo-alpini\\\/\"]}]},{\"@type\":\"ImageObject\",\"inLanguage\":\"fr-FR\",\"@id\":\"https:\\\/\\\/www.bellunopress.it\\\/2010\\\/07\\\/26\\\/la-terza-missione-in-afghanistan-del-7mo-alpini\\\/#primaryimage\",\"url\":\"http:\\\/\\\/www.bellunopress.it\\\/wp-content\\\/uploads\\\/2010\\\/07\\\/col-paolo-sfarra-270x180.jpg\",\"contentUrl\":\"http:\\\/\\\/www.bellunopress.it\\\/wp-content\\\/uploads\\\/2010\\\/07\\\/col-paolo-sfarra-270x180.jpg\"},{\"@type\":\"BreadcrumbList\",\"@id\":\"https:\\\/\\\/www.bellunopress.it\\\/2010\\\/07\\\/26\\\/la-terza-missione-in-afghanistan-del-7mo-alpini\\\/#breadcrumb\",\"itemListElement\":[{\"@type\":\"ListItem\",\"position\":1,\"name\":\"Home\",\"item\":\"https:\\\/\\\/www.bellunopress.it\\\/\"},{\"@type\":\"ListItem\",\"position\":2,\"name\":\"La terza missione in Afghanistan del 7mo Alpini\"}]},{\"@type\":\"WebSite\",\"@id\":\"https:\\\/\\\/www.bellunopress.it\\\/#website\",\"url\":\"https:\\\/\\\/www.bellunopress.it\\\/\",\"name\":\"Bellunopress - Dolomiti\",\"description\":\"e-mail: redazione@bellunopress.it\",\"publisher\":{\"@id\":\"https:\\\/\\\/www.bellunopress.it\\\/#organization\"},\"potentialAction\":[{\"@type\":\"SearchAction\",\"target\":{\"@type\":\"EntryPoint\",\"urlTemplate\":\"https:\\\/\\\/www.bellunopress.it\\\/?s={search_term_string}\"},\"query-input\":{\"@type\":\"PropertyValueSpecification\",\"valueRequired\":true,\"valueName\":\"search_term_string\"}}],\"inLanguage\":\"fr-FR\"},{\"@type\":\"Organization\",\"@id\":\"https:\\\/\\\/www.bellunopress.it\\\/#organization\",\"name\":\"Bellunopress\",\"url\":\"https:\\\/\\\/www.bellunopress.it\\\/\",\"logo\":{\"@type\":\"ImageObject\",\"inLanguage\":\"fr-FR\",\"@id\":\"https:\\\/\\\/www.bellunopress.it\\\/#\\\/schema\\\/logo\\\/image\\\/\",\"url\":\"https:\\\/\\\/www.bellunopress.it\\\/wp-content\\\/uploads\\\/2011\\\/05\\\/cropped-logo-bellunopress-.jpg\",\"contentUrl\":\"https:\\\/\\\/www.bellunopress.it\\\/wp-content\\\/uploads\\\/2011\\\/05\\\/cropped-logo-bellunopress-.jpg\",\"width\":512,\"height\":512,\"caption\":\"Bellunopress\"},\"image\":{\"@id\":\"https:\\\/\\\/www.bellunopress.it\\\/#\\\/schema\\\/logo\\\/image\\\/\"},\"sameAs\":[\"https:\\\/\\\/www.facebook.com\\\/profile.php?id=100008943462799\",\"https:\\\/\\\/x.com\\\/bellunopress\",\"https:\\\/\\\/www.linkedin.com\\\/hp\\\/?dnr=JBzUWaJfMUw8vbXJJ2tVW5-I3jZKvC4wsoxE&amp;amp;amp;amp;amp;amp;trk=nav_responsive_tab_home\",\"https:\\\/\\\/www.youtube.com\\\/channel\\\/UCxL0wu1uN0_3_7hGG0306cw\"]},{\"@type\":\"Person\",\"@id\":\"https:\\\/\\\/www.bellunopress.it\\\/#\\\/schema\\\/person\\\/79bb06722b37ece1c03d3e94beb30d73\",\"name\":\"redazione\",\"image\":{\"@type\":\"ImageObject\",\"inLanguage\":\"fr-FR\",\"@id\":\"https:\\\/\\\/secure.gravatar.com\\\/avatar\\\/37d968a2e67a6fd04c169c4bdef102d0bc5d31b2546345219e348575eb80e9a0?s=96&d=mm&r=g\",\"url\":\"https:\\\/\\\/secure.gravatar.com\\\/avatar\\\/37d968a2e67a6fd04c169c4bdef102d0bc5d31b2546345219e348575eb80e9a0?s=96&d=mm&r=g\",\"contentUrl\":\"https:\\\/\\\/secure.gravatar.com\\\/avatar\\\/37d968a2e67a6fd04c169c4bdef102d0bc5d31b2546345219e348575eb80e9a0?s=96&d=mm&r=g\",\"caption\":\"redazione\"},\"sameAs\":[\"http:\\\/\\\/www.bellunopress.it\",\"https:\\\/\\\/x.com\\\/bellunopress\"],\"url\":\"https:\\\/\\\/www.bellunopress.it\\\/fr\\\/author\\\/redazione\\\/\"}]}<\/script>\n<!-- \/ Yoast SEO plugin. -->","yoast_head_json":{"title":"La terza missione in Afghanistan del 7mo Alpini - Bellunopress - Dolomiti","robots":{"index":"index","follow":"follow","max-snippet":"max-snippet:-1","max-image-preview":"max-image-preview:large","max-video-preview":"max-video-preview:-1"},"canonical":"https:\/\/www.bellunopress.it\/fr\/2010\/07\/26\/la-terza-missione-in-afghanistan-del-7mo-alpini\/","og_locale":"fr_FR","og_type":"article","og_title":"La terza missione in Afghanistan del 7mo Alpini - Bellunopress - Dolomiti","og_description":"Per gli Speciali di Bellunopress, pubblichiamo il servizio di Federica Fant sulla partenza del 7mo Reggimento Alpini. Senza dimenticare che i contingenti militari americani nel 2010 sono presenti in 75 stati al mondo, che l&#8217;economia dell&#8217;Afghanistan in questo momento \u00e8 per lo pi\u00f9 sorretta dal narcotraffico, e che per contrastare lo sconforto dell&#8217;opinione pubblica e [&hellip;]","og_url":"https:\/\/www.bellunopress.it\/fr\/2010\/07\/26\/la-terza-missione-in-afghanistan-del-7mo-alpini\/","og_site_name":"Bellunopress - Dolomiti","article_publisher":"https:\/\/www.facebook.com\/profile.php?id=100008943462799","article_published_time":"2010-07-26T21:21:40+00:00","article_modified_time":"2010-07-27T06:45:56+00:00","og_image":[{"url":"http:\/\/www.bellunopress.it\/wp-content\/uploads\/2010\/07\/col-paolo-sfarra-270x180.jpg","type":"","width":"","height":""}],"author":"redazione","twitter_card":"summary_large_image","twitter_creator":"@bellunopress","twitter_site":"@bellunopress","twitter_misc":{"\u00c9crit par":"redazione","Dur\u00e9e de lecture estim\u00e9e":"7 minutes"},"schema":{"@context":"https:\/\/schema.org","@graph":[{"@type":"Article","@id":"https:\/\/www.bellunopress.it\/2010\/07\/26\/la-terza-missione-in-afghanistan-del-7mo-alpini\/#article","isPartOf":{"@id":"https:\/\/www.bellunopress.it\/2010\/07\/26\/la-terza-missione-in-afghanistan-del-7mo-alpini\/"},"author":{"name":"redazione","@id":"https:\/\/www.bellunopress.it\/#\/schema\/person\/79bb06722b37ece1c03d3e94beb30d73"},"headline":"La terza missione in Afghanistan del 7mo Alpini","datePublished":"2010-07-26T21:21:40+00:00","dateModified":"2010-07-27T06:45:56+00:00","mainEntityOfPage":{"@id":"https:\/\/www.bellunopress.it\/2010\/07\/26\/la-terza-missione-in-afghanistan-del-7mo-alpini\/"},"wordCount":1453,"publisher":{"@id":"https:\/\/www.bellunopress.it\/#organization"},"image":{"@id":"https:\/\/www.bellunopress.it\/2010\/07\/26\/la-terza-missione-in-afghanistan-del-7mo-alpini\/#primaryimage"},"thumbnailUrl":"http:\/\/www.bellunopress.it\/wp-content\/uploads\/2010\/07\/col-paolo-sfarra-270x180.jpg","keywords":["7mo Reggimento Alpini","col Paolo Sfarra","Missione in Afghanistan"],"articleSection":["Gli speciali di Bellunopress","Prima Pagina"],"inLanguage":"fr-FR"},{"@type":"WebPage","@id":"https:\/\/www.bellunopress.it\/2010\/07\/26\/la-terza-missione-in-afghanistan-del-7mo-alpini\/","url":"https:\/\/www.bellunopress.it\/2010\/07\/26\/la-terza-missione-in-afghanistan-del-7mo-alpini\/","name":"La terza missione in Afghanistan del 7mo Alpini - Bellunopress - Dolomiti","isPartOf":{"@id":"https:\/\/www.bellunopress.it\/#website"},"primaryImageOfPage":{"@id":"https:\/\/www.bellunopress.it\/2010\/07\/26\/la-terza-missione-in-afghanistan-del-7mo-alpini\/#primaryimage"},"image":{"@id":"https:\/\/www.bellunopress.it\/2010\/07\/26\/la-terza-missione-in-afghanistan-del-7mo-alpini\/#primaryimage"},"thumbnailUrl":"http:\/\/www.bellunopress.it\/wp-content\/uploads\/2010\/07\/col-paolo-sfarra-270x180.jpg","datePublished":"2010-07-26T21:21:40+00:00","dateModified":"2010-07-27T06:45:56+00:00","breadcrumb":{"@id":"https:\/\/www.bellunopress.it\/2010\/07\/26\/la-terza-missione-in-afghanistan-del-7mo-alpini\/#breadcrumb"},"inLanguage":"fr-FR","potentialAction":[{"@type":"ReadAction","target":["https:\/\/www.bellunopress.it\/2010\/07\/26\/la-terza-missione-in-afghanistan-del-7mo-alpini\/"]}]},{"@type":"ImageObject","inLanguage":"fr-FR","@id":"https:\/\/www.bellunopress.it\/2010\/07\/26\/la-terza-missione-in-afghanistan-del-7mo-alpini\/#primaryimage","url":"http:\/\/www.bellunopress.it\/wp-content\/uploads\/2010\/07\/col-paolo-sfarra-270x180.jpg","contentUrl":"http:\/\/www.bellunopress.it\/wp-content\/uploads\/2010\/07\/col-paolo-sfarra-270x180.jpg"},{"@type":"BreadcrumbList","@id":"https:\/\/www.bellunopress.it\/2010\/07\/26\/la-terza-missione-in-afghanistan-del-7mo-alpini\/#breadcrumb","itemListElement":[{"@type":"ListItem","position":1,"name":"Home","item":"https:\/\/www.bellunopress.it\/"},{"@type":"ListItem","position":2,"name":"La terza missione in Afghanistan del 7mo Alpini"}]},{"@type":"WebSite","@id":"https:\/\/www.bellunopress.it\/#website","url":"https:\/\/www.bellunopress.it\/","name":"Bellunopress - Dolomiti","description":"e-mail: redazione@bellunopress.it","publisher":{"@id":"https:\/\/www.bellunopress.it\/#organization"},"potentialAction":[{"@type":"SearchAction","target":{"@type":"EntryPoint","urlTemplate":"https:\/\/www.bellunopress.it\/?s={search_term_string}"},"query-input":{"@type":"PropertyValueSpecification","valueRequired":true,"valueName":"search_term_string"}}],"inLanguage":"fr-FR"},{"@type":"Organization","@id":"https:\/\/www.bellunopress.it\/#organization","name":"Bellunopress","url":"https:\/\/www.bellunopress.it\/","logo":{"@type":"ImageObject","inLanguage":"fr-FR","@id":"https:\/\/www.bellunopress.it\/#\/schema\/logo\/image\/","url":"https:\/\/www.bellunopress.it\/wp-content\/uploads\/2011\/05\/cropped-logo-bellunopress-.jpg","contentUrl":"https:\/\/www.bellunopress.it\/wp-content\/uploads\/2011\/05\/cropped-logo-bellunopress-.jpg","width":512,"height":512,"caption":"Bellunopress"},"image":{"@id":"https:\/\/www.bellunopress.it\/#\/schema\/logo\/image\/"},"sameAs":["https:\/\/www.facebook.com\/profile.php?id=100008943462799","https:\/\/x.com\/bellunopress","https:\/\/www.linkedin.com\/hp\/?dnr=JBzUWaJfMUw8vbXJJ2tVW5-I3jZKvC4wsoxE&amp;amp;amp;amp;amp;amp;trk=nav_responsive_tab_home","https:\/\/www.youtube.com\/channel\/UCxL0wu1uN0_3_7hGG0306cw"]},{"@type":"Person","@id":"https:\/\/www.bellunopress.it\/#\/schema\/person\/79bb06722b37ece1c03d3e94beb30d73","name":"r\u00e9daction","image":{"@type":"ImageObject","inLanguage":"fr-FR","@id":"https:\/\/secure.gravatar.com\/avatar\/37d968a2e67a6fd04c169c4bdef102d0bc5d31b2546345219e348575eb80e9a0?s=96&d=mm&r=g","url":"https:\/\/secure.gravatar.com\/avatar\/37d968a2e67a6fd04c169c4bdef102d0bc5d31b2546345219e348575eb80e9a0?s=96&d=mm&r=g","contentUrl":"https:\/\/secure.gravatar.com\/avatar\/37d968a2e67a6fd04c169c4bdef102d0bc5d31b2546345219e348575eb80e9a0?s=96&d=mm&r=g","caption":"redazione"},"sameAs":["http:\/\/www.bellunopress.it","https:\/\/x.com\/bellunopress"],"url":"https:\/\/www.bellunopress.it\/fr\/author\/redazione\/"}]}},"_links":{"self":[{"href":"https:\/\/www.bellunopress.it\/fr\/wp-json\/wp\/v2\/posts\/17537","targetHints":{"allow":["GET"]}}],"collection":[{"href":"https:\/\/www.bellunopress.it\/fr\/wp-json\/wp\/v2\/posts"}],"about":[{"href":"https:\/\/www.bellunopress.it\/fr\/wp-json\/wp\/v2\/types\/post"}],"author":[{"embeddable":true,"href":"https:\/\/www.bellunopress.it\/fr\/wp-json\/wp\/v2\/users\/2"}],"replies":[{"embeddable":true,"href":"https:\/\/www.bellunopress.it\/fr\/wp-json\/wp\/v2\/comments?post=17537"}],"version-history":[{"count":3,"href":"https:\/\/www.bellunopress.it\/fr\/wp-json\/wp\/v2\/posts\/17537\/revisions"}],"predecessor-version":[{"id":17551,"href":"https:\/\/www.bellunopress.it\/fr\/wp-json\/wp\/v2\/posts\/17537\/revisions\/17551"}],"wp:attachment":[{"href":"https:\/\/www.bellunopress.it\/fr\/wp-json\/wp\/v2\/media?parent=17537"}],"wp:term":[{"taxonomy":"category","embeddable":true,"href":"https:\/\/www.bellunopress.it\/fr\/wp-json\/wp\/v2\/categories?post=17537"},{"taxonomy":"post_tag","embeddable":true,"href":"https:\/\/www.bellunopress.it\/fr\/wp-json\/wp\/v2\/tags?post=17537"}],"curies":[{"name":"wp","href":"https:\/\/api.w.org\/{rel}","templated":true}]}}