{"id":17534,"date":"2010-07-26T16:23:37","date_gmt":"2010-07-26T15:23:37","guid":{"rendered":"http:\/\/www.bellunopress.it\/?p=17534"},"modified":"2010-07-26T16:25:46","modified_gmt":"2010-07-26T15:25:46","slug":"%c2%abla-legge-bavaglio-rendera-litalia-asilo-politico-dei-criminali%c2%bb-di-luigi-magistris","status":"publish","type":"post","link":"https:\/\/www.bellunopress.it\/fr\/2010\/07\/26\/%c2%abla-legge-bavaglio-rendera-litalia-asilo-politico-dei-criminali%c2%bb-di-luigi-magistris\/","title":{"rendered":"\u00abLa Legge bavaglio render\u00e0 l&#8217;Italia asilo politico dei criminali\u00bb di Luigi De Magistris"},"content":{"rendered":"<p>La criminalit\u00e0 organizzata \u00e8 progressista, si evolve, raffina e perfeziona le sue tecniche. \u00c8 efficiente ed efficace nel perseguire potere e profitto, non si impantana in logiche burocratiche e pastoie formalistiche. Lo Stato, nel contrasto al crimine, in nome della sicurezza e della giustizia, dovrebbe essere progressista, nel senso di approvare leggi sempre pi\u00f9 efficaci, perfezionare la sua azione, ridurre burocrazie snervanti, snellire procedure e togliere inutili formalismi che non significa garantismo. In estate sar\u00e0 approvata la legge che ridurr\u00e0 drasticamente la possibilit\u00e0 di effettuare le intercettazioni: la cosiddetta \u00ablegge bavaglio\u00bb. Con le ultime modifiche in Parlamento si \u00e8 approvato un provvedimento che secondo il nuovo fronte della legalit\u00e0 guidato dall\u2019On. Bocchino &#8211; braccio destro dell\u2019On. Fini &#8211; \u00e8 una buona legge. Via il bavaglio dell\u2019ipocrisia. La legge approvata \u00e8 pessima e, soprattutto, \u00e8 criminogena, nel senso che aiuta la criminalit\u00e0 organizzata e, in particolare, quella dei colletti bianchi. Se ci fosse stata questa legge probabilmente non avremmo saputo nulla della Protezione civile connection di Bertolaso &amp; C. n\u00e9 di casa Scajola, non si sarebbe saputo che il referente politico del clan dei casalesi era il sottosegretario allo sviluppo economico On. Cosentino, l\u2019oblio eterno avrebbe ammantato la P3. In questi giorni in Parlamento \u00e8 stato approvato qualche emendamento che espunge le parti manifestamente incostituzionali e irrazionali del provvedimento, come il divieto di pubblicazione per la stampa. Sono stati tolti quei punti che avrebbero messo in difficolt\u00e0 il nuovo corso politico dei folgorati dalla legalit\u00e0 e che avrebbe esposto il provvedimento alla mancata promulgazione (forse) del Presidente della Repubblica. Resta la legge criminogena di sempre, anche in tema di libert\u00e0 di stampa (vedasi, ad esempio, la stretta su internet). I berluscones la vogliono approvare subito in quanto \u00e8 un provvedimento che impedisce a magistratura e forze dell\u2019ordine di contrastare adeguatamente il crimine. Qualche esempio: si rende pi\u00f9 difficile autorizzare le intercettazioni per i delitti di criminalit\u00e0 organizzata (diversa da quella mafiosa, la P3 per intenderci); \u00e8 complicato autorizzare le intercettazioni per i reati che consentono di individuare le associazioni mafiose; si richiedono per intercettare gli indizi utilizzati per la prova della sentenza; burocratizzazione e formalismi inutili esasperati in una fase del procedimento penale in cui la celerit\u00e0 \u00e8 fondamentale: si rende difficile l\u2019acquisizione dei tabulati; si impongono limiti temporali capestro alle intercettazioni; si prevede il giudice collegiale del capoluogo del distretto per decidere (paralizzandosi Tribunali, aumentando incompatibilit\u00e0 tra giudici e trasferendo tutti i faldoni da un Tribunale all\u2019altro in modo che passeranno settimane e tante persone leggeranno le carte: alla faccia della celerit\u00e0 e della tutela della privacy); si impediscono le registrazioni tra privati (l\u2019imprenditore non potr\u00e0 pi\u00f9 registrare l\u2019estorsore, la donna abusata chi le usa violenza, la vittima l\u2019usuraio); si rendono pi\u00f9 difficili le intercettazioni ambientali. L\u2019elenco \u00e8 lungo. Se le intercettazioni non si fanno la stampa non potr\u00e0 fare cronaca e l\u2019opinione pubblica non sapr\u00e0: il bavaglio \u00e8 di fatto, si riduce solo quello formale.<br \/>\nBerlusconi ed i suoi sodali, come sempre, bisogna darne atto, ci mettono la faccia. La Lega &#8211; al di l\u00e0 delle argomentazioni false del ministro dell\u2019Interno circa il fatto che questo Governo \u00e8 il migliore contro (io dico per) la criminalit\u00e0 &#8211; avalla in pieno la deriva criminogena dell\u2019esecutivo in quanto a provvedimenti adottati ed adottandi (dallo scudo fiscale al legittimo impedimento, dal processo breve alla vendita all\u2019asta dei beni confiscati, dalla legge bavaglio al lodo Alfano, dalla modifica delle norme sui collaboratori di giustizia alla distruzione dell\u2019autonomia e dell\u2019indipendenza della magistratura). Veniamo ai folgorati sulla via di Damasco. Non pu\u00f2 che far piacere che all\u2019interno del PDL qualcuno cominci &#8211; dopo aver contribuito a smantellare democrazia e stato di diritto &#8211; a svegliarsi, ma attenzione. Siccome vi \u00e8 un golpista capo del governo che massacra istituzioni e democrazia giorno dopo giorno, \u00e8 sufficiente non essere un eversore, ritoccare leggi vergogna, utilizzare frasi di buon senso, per ergersi a nuovi paladini della legalit\u00e0? Troppo poco. Se davvero i finiani hanno a cuore legalit\u00e0, sicurezza e giustizia non votino la legge bavaglio. E\u2019 un provvedimento che favorisce criminali, amplifica violazioni della privacy e agevola fughe di notizie. Legittimo \u00e8 il sospetto che la legge la vogliono in tanti (c\u2019\u00e8 il precedente del disegno di legge dell\u2019ex Ministro Mastella, altro paladino della legalit\u00e0) con la differenza che Berlusconi si assume la responsabilit\u00e0 politica di una legge che render\u00e0 l\u2019Italia asilo politico dei delinquenti mentre gli altri (Fini in testa) appaiono come i salvatori della legalit\u00e0, i nuovi paladini della questione morale.<br \/>\nLuigi De Magistris<br \/>\nFonte: Unit\u00e0<\/p>","protected":false},"excerpt":{"rendered":"<p>La criminalit\u00e0 organizzata \u00e8 progressista, si evolve, raffina e perfeziona le sue tecniche. \u00c8 efficiente ed efficace nel perseguire potere e profitto, non si impantana in logiche burocratiche e pastoie formalistiche. Lo Stato, nel contrasto al crimine, in nome della sicurezza e della giustizia, dovrebbe essere progressista, nel senso di approvare leggi sempre pi\u00f9 efficaci, [&hellip;]<\/p>\n","protected":false},"author":2,"featured_media":0,"comment_status":"closed","ping_status":"open","sticky":false,"template":"","format":"standard","meta":{"footnotes":""},"categories":[5,26],"tags":[],"class_list":["post-17534","post","type-post","status-publish","format-standard","category-cronaca","category-prima-pagina"],"yoast_head":"<!-- This site is optimized with the Yoast SEO plugin v28.4 - https:\/\/yoast.com\/product\/yoast-seo-wordpress\/ -->\n<title>\u00abLa Legge bavaglio render\u00e0 l&#039;Italia asilo politico dei criminali\u00bb di Luigi De Magistris - Bellunopress - Dolomiti<\/title>\n<meta name=\"robots\" content=\"index, follow, max-snippet:-1, max-image-preview:large, max-video-preview:-1\" \/>\n<link rel=\"canonical\" href=\"https:\/\/www.bellunopress.it\/fr\/2010\/07\/26\/\u00abla-legge-bavaglio-rendera-litalia-asilo-politico-dei-criminali\u00bb-di-luigi-magistris\/\" \/>\n<meta property=\"og:locale\" content=\"fr_FR\" \/>\n<meta property=\"og:type\" content=\"article\" \/>\n<meta property=\"og:title\" content=\"\u00abLa Legge bavaglio render\u00e0 l&#039;Italia asilo politico dei criminali\u00bb di Luigi De Magistris - Bellunopress - Dolomiti\" \/>\n<meta property=\"og:description\" content=\"La criminalit\u00e0 organizzata \u00e8 progressista, si evolve, raffina e perfeziona le sue tecniche. \u00c8 efficiente ed efficace nel perseguire potere e profitto, non si impantana in logiche burocratiche e pastoie formalistiche. Lo Stato, nel contrasto al crimine, in nome della sicurezza e della giustizia, dovrebbe essere progressista, nel senso di approvare leggi sempre pi\u00f9 efficaci, [&hellip;]\" \/>\n<meta property=\"og:url\" content=\"https:\/\/www.bellunopress.it\/fr\/2010\/07\/26\/\u00abla-legge-bavaglio-rendera-litalia-asilo-politico-dei-criminali\u00bb-di-luigi-magistris\/\" \/>\n<meta property=\"og:site_name\" content=\"Bellunopress - Dolomiti\" \/>\n<meta property=\"article:publisher\" content=\"https:\/\/www.facebook.com\/profile.php?id=100008943462799\" \/>\n<meta property=\"article:published_time\" content=\"2010-07-26T15:23:37+00:00\" \/>\n<meta property=\"article:modified_time\" content=\"2010-07-26T15:25:46+00:00\" \/>\n<meta property=\"og:image\" content=\"http:\/\/www.bellunopress.it\/wp-content\/uploads\/2012\/07\/logo-bellunopress-250x250-2012.jpg\" \/>\n<meta name=\"author\" content=\"redazione\" \/>\n<meta name=\"twitter:card\" content=\"summary_large_image\" \/>\n<meta name=\"twitter:creator\" content=\"@bellunopress\" \/>\n<meta name=\"twitter:site\" content=\"@bellunopress\" \/>\n<meta name=\"twitter:label1\" content=\"\u00c9crit par\" \/>\n\t<meta name=\"twitter:data1\" content=\"redazione\" \/>\n\t<meta name=\"twitter:label2\" content=\"Dur\u00e9e de lecture estim\u00e9e\" \/>\n\t<meta name=\"twitter:data2\" content=\"4 minutes\" \/>\n<script type=\"application\/ld+json\" class=\"yoast-schema-graph\">{\"@context\":\"https:\\\/\\\/schema.org\",\"@graph\":[{\"@type\":\"Article\",\"@id\":\"https:\\\/\\\/www.bellunopress.it\\\/2010\\\/07\\\/26\\\/%c2%abla-legge-bavaglio-rendera-litalia-asilo-politico-dei-criminali%c2%bb-di-luigi-magistris\\\/#article\",\"isPartOf\":{\"@id\":\"https:\\\/\\\/www.bellunopress.it\\\/2010\\\/07\\\/26\\\/%c2%abla-legge-bavaglio-rendera-litalia-asilo-politico-dei-criminali%c2%bb-di-luigi-magistris\\\/\"},\"author\":{\"name\":\"redazione\",\"@id\":\"https:\\\/\\\/www.bellunopress.it\\\/#\\\/schema\\\/person\\\/79bb06722b37ece1c03d3e94beb30d73\"},\"headline\":\"\u00abLa Legge bavaglio render\u00e0 l&#8217;Italia asilo politico dei criminali\u00bb di Luigi De Magistris\",\"datePublished\":\"2010-07-26T15:23:37+00:00\",\"dateModified\":\"2010-07-26T15:25:46+00:00\",\"mainEntityOfPage\":{\"@id\":\"https:\\\/\\\/www.bellunopress.it\\\/2010\\\/07\\\/26\\\/%c2%abla-legge-bavaglio-rendera-litalia-asilo-politico-dei-criminali%c2%bb-di-luigi-magistris\\\/\"},\"wordCount\":768,\"publisher\":{\"@id\":\"https:\\\/\\\/www.bellunopress.it\\\/#organization\"},\"articleSection\":[\"Cronaca\\\/Politica\",\"Prima Pagina\"],\"inLanguage\":\"fr-FR\"},{\"@type\":\"WebPage\",\"@id\":\"https:\\\/\\\/www.bellunopress.it\\\/2010\\\/07\\\/26\\\/%c2%abla-legge-bavaglio-rendera-litalia-asilo-politico-dei-criminali%c2%bb-di-luigi-magistris\\\/\",\"url\":\"https:\\\/\\\/www.bellunopress.it\\\/2010\\\/07\\\/26\\\/%c2%abla-legge-bavaglio-rendera-litalia-asilo-politico-dei-criminali%c2%bb-di-luigi-magistris\\\/\",\"name\":\"\u00abLa Legge bavaglio render\u00e0 l'Italia asilo politico dei criminali\u00bb di Luigi De Magistris - Bellunopress - Dolomiti\",\"isPartOf\":{\"@id\":\"https:\\\/\\\/www.bellunopress.it\\\/#website\"},\"datePublished\":\"2010-07-26T15:23:37+00:00\",\"dateModified\":\"2010-07-26T15:25:46+00:00\",\"breadcrumb\":{\"@id\":\"https:\\\/\\\/www.bellunopress.it\\\/2010\\\/07\\\/26\\\/%c2%abla-legge-bavaglio-rendera-litalia-asilo-politico-dei-criminali%c2%bb-di-luigi-magistris\\\/#breadcrumb\"},\"inLanguage\":\"fr-FR\",\"potentialAction\":[{\"@type\":\"ReadAction\",\"target\":[\"https:\\\/\\\/www.bellunopress.it\\\/2010\\\/07\\\/26\\\/%c2%abla-legge-bavaglio-rendera-litalia-asilo-politico-dei-criminali%c2%bb-di-luigi-magistris\\\/\"]}]},{\"@type\":\"BreadcrumbList\",\"@id\":\"https:\\\/\\\/www.bellunopress.it\\\/2010\\\/07\\\/26\\\/%c2%abla-legge-bavaglio-rendera-litalia-asilo-politico-dei-criminali%c2%bb-di-luigi-magistris\\\/#breadcrumb\",\"itemListElement\":[{\"@type\":\"ListItem\",\"position\":1,\"name\":\"Home\",\"item\":\"https:\\\/\\\/www.bellunopress.it\\\/\"},{\"@type\":\"ListItem\",\"position\":2,\"name\":\"\u00abLa Legge bavaglio render\u00e0 l&#8217;Italia asilo politico dei criminali\u00bb di Luigi De Magistris\"}]},{\"@type\":\"WebSite\",\"@id\":\"https:\\\/\\\/www.bellunopress.it\\\/#website\",\"url\":\"https:\\\/\\\/www.bellunopress.it\\\/\",\"name\":\"Bellunopress - Dolomiti\",\"description\":\"e-mail: redazione@bellunopress.it\",\"publisher\":{\"@id\":\"https:\\\/\\\/www.bellunopress.it\\\/#organization\"},\"potentialAction\":[{\"@type\":\"SearchAction\",\"target\":{\"@type\":\"EntryPoint\",\"urlTemplate\":\"https:\\\/\\\/www.bellunopress.it\\\/?s={search_term_string}\"},\"query-input\":{\"@type\":\"PropertyValueSpecification\",\"valueRequired\":true,\"valueName\":\"search_term_string\"}}],\"inLanguage\":\"fr-FR\"},{\"@type\":\"Organization\",\"@id\":\"https:\\\/\\\/www.bellunopress.it\\\/#organization\",\"name\":\"Bellunopress\",\"url\":\"https:\\\/\\\/www.bellunopress.it\\\/\",\"logo\":{\"@type\":\"ImageObject\",\"inLanguage\":\"fr-FR\",\"@id\":\"https:\\\/\\\/www.bellunopress.it\\\/#\\\/schema\\\/logo\\\/image\\\/\",\"url\":\"https:\\\/\\\/www.bellunopress.it\\\/wp-content\\\/uploads\\\/2011\\\/05\\\/cropped-logo-bellunopress-.jpg\",\"contentUrl\":\"https:\\\/\\\/www.bellunopress.it\\\/wp-content\\\/uploads\\\/2011\\\/05\\\/cropped-logo-bellunopress-.jpg\",\"width\":512,\"height\":512,\"caption\":\"Bellunopress\"},\"image\":{\"@id\":\"https:\\\/\\\/www.bellunopress.it\\\/#\\\/schema\\\/logo\\\/image\\\/\"},\"sameAs\":[\"https:\\\/\\\/www.facebook.com\\\/profile.php?id=100008943462799\",\"https:\\\/\\\/x.com\\\/bellunopress\",\"https:\\\/\\\/www.linkedin.com\\\/hp\\\/?dnr=JBzUWaJfMUw8vbXJJ2tVW5-I3jZKvC4wsoxE&amp;amp;amp;amp;amp;amp;trk=nav_responsive_tab_home\",\"https:\\\/\\\/www.youtube.com\\\/channel\\\/UCxL0wu1uN0_3_7hGG0306cw\"]},{\"@type\":\"Person\",\"@id\":\"https:\\\/\\\/www.bellunopress.it\\\/#\\\/schema\\\/person\\\/79bb06722b37ece1c03d3e94beb30d73\",\"name\":\"redazione\",\"image\":{\"@type\":\"ImageObject\",\"inLanguage\":\"fr-FR\",\"@id\":\"https:\\\/\\\/secure.gravatar.com\\\/avatar\\\/37d968a2e67a6fd04c169c4bdef102d0bc5d31b2546345219e348575eb80e9a0?s=96&d=mm&r=g\",\"url\":\"https:\\\/\\\/secure.gravatar.com\\\/avatar\\\/37d968a2e67a6fd04c169c4bdef102d0bc5d31b2546345219e348575eb80e9a0?s=96&d=mm&r=g\",\"contentUrl\":\"https:\\\/\\\/secure.gravatar.com\\\/avatar\\\/37d968a2e67a6fd04c169c4bdef102d0bc5d31b2546345219e348575eb80e9a0?s=96&d=mm&r=g\",\"caption\":\"redazione\"},\"sameAs\":[\"http:\\\/\\\/www.bellunopress.it\",\"https:\\\/\\\/x.com\\\/bellunopress\"],\"url\":\"https:\\\/\\\/www.bellunopress.it\\\/fr\\\/author\\\/redazione\\\/\"}]}<\/script>\n<!-- \/ Yoast SEO plugin. -->","yoast_head_json":{"title":"\u00abLa Legge bavaglio render\u00e0 l'Italia asilo politico dei criminali\u00bb di Luigi De Magistris - Bellunopress - Dolomiti","robots":{"index":"index","follow":"follow","max-snippet":"max-snippet:-1","max-image-preview":"max-image-preview:large","max-video-preview":"max-video-preview:-1"},"canonical":"https:\/\/www.bellunopress.it\/fr\/2010\/07\/26\/\u00abla-legge-bavaglio-rendera-litalia-asilo-politico-dei-criminali\u00bb-di-luigi-magistris\/","og_locale":"fr_FR","og_type":"article","og_title":"\u00abLa Legge bavaglio render\u00e0 l'Italia asilo politico dei criminali\u00bb di Luigi De Magistris - Bellunopress - Dolomiti","og_description":"La criminalit\u00e0 organizzata \u00e8 progressista, si evolve, raffina e perfeziona le sue tecniche. \u00c8 efficiente ed efficace nel perseguire potere e profitto, non si impantana in logiche burocratiche e pastoie formalistiche. Lo Stato, nel contrasto al crimine, in nome della sicurezza e della giustizia, dovrebbe essere progressista, nel senso di approvare leggi sempre pi\u00f9 efficaci, [&hellip;]","og_url":"https:\/\/www.bellunopress.it\/fr\/2010\/07\/26\/\u00abla-legge-bavaglio-rendera-litalia-asilo-politico-dei-criminali\u00bb-di-luigi-magistris\/","og_site_name":"Bellunopress - Dolomiti","article_publisher":"https:\/\/www.facebook.com\/profile.php?id=100008943462799","article_published_time":"2010-07-26T15:23:37+00:00","article_modified_time":"2010-07-26T15:25:46+00:00","og_image":[{"url":"http:\/\/www.bellunopress.it\/wp-content\/uploads\/2012\/07\/logo-bellunopress-250x250-2012.jpg","type":"","width":"","height":""}],"author":"redazione","twitter_card":"summary_large_image","twitter_creator":"@bellunopress","twitter_site":"@bellunopress","twitter_misc":{"\u00c9crit par":"redazione","Dur\u00e9e de lecture estim\u00e9e":"4 minutes"},"schema":{"@context":"https:\/\/schema.org","@graph":[{"@type":"Article","@id":"https:\/\/www.bellunopress.it\/2010\/07\/26\/%c2%abla-legge-bavaglio-rendera-litalia-asilo-politico-dei-criminali%c2%bb-di-luigi-magistris\/#article","isPartOf":{"@id":"https:\/\/www.bellunopress.it\/2010\/07\/26\/%c2%abla-legge-bavaglio-rendera-litalia-asilo-politico-dei-criminali%c2%bb-di-luigi-magistris\/"},"author":{"name":"redazione","@id":"https:\/\/www.bellunopress.it\/#\/schema\/person\/79bb06722b37ece1c03d3e94beb30d73"},"headline":"\u00abLa Legge bavaglio render\u00e0 l&#8217;Italia asilo politico dei criminali\u00bb di Luigi De Magistris","datePublished":"2010-07-26T15:23:37+00:00","dateModified":"2010-07-26T15:25:46+00:00","mainEntityOfPage":{"@id":"https:\/\/www.bellunopress.it\/2010\/07\/26\/%c2%abla-legge-bavaglio-rendera-litalia-asilo-politico-dei-criminali%c2%bb-di-luigi-magistris\/"},"wordCount":768,"publisher":{"@id":"https:\/\/www.bellunopress.it\/#organization"},"articleSection":["Cronaca\/Politica","Prima Pagina"],"inLanguage":"fr-FR"},{"@type":"WebPage","@id":"https:\/\/www.bellunopress.it\/2010\/07\/26\/%c2%abla-legge-bavaglio-rendera-litalia-asilo-politico-dei-criminali%c2%bb-di-luigi-magistris\/","url":"https:\/\/www.bellunopress.it\/2010\/07\/26\/%c2%abla-legge-bavaglio-rendera-litalia-asilo-politico-dei-criminali%c2%bb-di-luigi-magistris\/","name":"\u00abLa Legge bavaglio render\u00e0 l'Italia asilo politico dei criminali\u00bb di Luigi De Magistris - Bellunopress - Dolomiti","isPartOf":{"@id":"https:\/\/www.bellunopress.it\/#website"},"datePublished":"2010-07-26T15:23:37+00:00","dateModified":"2010-07-26T15:25:46+00:00","breadcrumb":{"@id":"https:\/\/www.bellunopress.it\/2010\/07\/26\/%c2%abla-legge-bavaglio-rendera-litalia-asilo-politico-dei-criminali%c2%bb-di-luigi-magistris\/#breadcrumb"},"inLanguage":"fr-FR","potentialAction":[{"@type":"ReadAction","target":["https:\/\/www.bellunopress.it\/2010\/07\/26\/%c2%abla-legge-bavaglio-rendera-litalia-asilo-politico-dei-criminali%c2%bb-di-luigi-magistris\/"]}]},{"@type":"BreadcrumbList","@id":"https:\/\/www.bellunopress.it\/2010\/07\/26\/%c2%abla-legge-bavaglio-rendera-litalia-asilo-politico-dei-criminali%c2%bb-di-luigi-magistris\/#breadcrumb","itemListElement":[{"@type":"ListItem","position":1,"name":"Home","item":"https:\/\/www.bellunopress.it\/"},{"@type":"ListItem","position":2,"name":"\u00abLa Legge bavaglio render\u00e0 l&#8217;Italia asilo politico dei criminali\u00bb di Luigi De Magistris"}]},{"@type":"WebSite","@id":"https:\/\/www.bellunopress.it\/#website","url":"https:\/\/www.bellunopress.it\/","name":"Bellunopress - Dolomiti","description":"e-mail: redazione@bellunopress.it","publisher":{"@id":"https:\/\/www.bellunopress.it\/#organization"},"potentialAction":[{"@type":"SearchAction","target":{"@type":"EntryPoint","urlTemplate":"https:\/\/www.bellunopress.it\/?s={search_term_string}"},"query-input":{"@type":"PropertyValueSpecification","valueRequired":true,"valueName":"search_term_string"}}],"inLanguage":"fr-FR"},{"@type":"Organization","@id":"https:\/\/www.bellunopress.it\/#organization","name":"Bellunopress","url":"https:\/\/www.bellunopress.it\/","logo":{"@type":"ImageObject","inLanguage":"fr-FR","@id":"https:\/\/www.bellunopress.it\/#\/schema\/logo\/image\/","url":"https:\/\/www.bellunopress.it\/wp-content\/uploads\/2011\/05\/cropped-logo-bellunopress-.jpg","contentUrl":"https:\/\/www.bellunopress.it\/wp-content\/uploads\/2011\/05\/cropped-logo-bellunopress-.jpg","width":512,"height":512,"caption":"Bellunopress"},"image":{"@id":"https:\/\/www.bellunopress.it\/#\/schema\/logo\/image\/"},"sameAs":["https:\/\/www.facebook.com\/profile.php?id=100008943462799","https:\/\/x.com\/bellunopress","https:\/\/www.linkedin.com\/hp\/?dnr=JBzUWaJfMUw8vbXJJ2tVW5-I3jZKvC4wsoxE&amp;amp;amp;amp;amp;amp;trk=nav_responsive_tab_home","https:\/\/www.youtube.com\/channel\/UCxL0wu1uN0_3_7hGG0306cw"]},{"@type":"Person","@id":"https:\/\/www.bellunopress.it\/#\/schema\/person\/79bb06722b37ece1c03d3e94beb30d73","name":"r\u00e9daction","image":{"@type":"ImageObject","inLanguage":"fr-FR","@id":"https:\/\/secure.gravatar.com\/avatar\/37d968a2e67a6fd04c169c4bdef102d0bc5d31b2546345219e348575eb80e9a0?s=96&d=mm&r=g","url":"https:\/\/secure.gravatar.com\/avatar\/37d968a2e67a6fd04c169c4bdef102d0bc5d31b2546345219e348575eb80e9a0?s=96&d=mm&r=g","contentUrl":"https:\/\/secure.gravatar.com\/avatar\/37d968a2e67a6fd04c169c4bdef102d0bc5d31b2546345219e348575eb80e9a0?s=96&d=mm&r=g","caption":"redazione"},"sameAs":["http:\/\/www.bellunopress.it","https:\/\/x.com\/bellunopress"],"url":"https:\/\/www.bellunopress.it\/fr\/author\/redazione\/"}]}},"_links":{"self":[{"href":"https:\/\/www.bellunopress.it\/fr\/wp-json\/wp\/v2\/posts\/17534","targetHints":{"allow":["GET"]}}],"collection":[{"href":"https:\/\/www.bellunopress.it\/fr\/wp-json\/wp\/v2\/posts"}],"about":[{"href":"https:\/\/www.bellunopress.it\/fr\/wp-json\/wp\/v2\/types\/post"}],"author":[{"embeddable":true,"href":"https:\/\/www.bellunopress.it\/fr\/wp-json\/wp\/v2\/users\/2"}],"replies":[{"embeddable":true,"href":"https:\/\/www.bellunopress.it\/fr\/wp-json\/wp\/v2\/comments?post=17534"}],"version-history":[{"count":2,"href":"https:\/\/www.bellunopress.it\/fr\/wp-json\/wp\/v2\/posts\/17534\/revisions"}],"predecessor-version":[{"id":17536,"href":"https:\/\/www.bellunopress.it\/fr\/wp-json\/wp\/v2\/posts\/17534\/revisions\/17536"}],"wp:attachment":[{"href":"https:\/\/www.bellunopress.it\/fr\/wp-json\/wp\/v2\/media?parent=17534"}],"wp:term":[{"taxonomy":"category","embeddable":true,"href":"https:\/\/www.bellunopress.it\/fr\/wp-json\/wp\/v2\/categories?post=17534"},{"taxonomy":"post_tag","embeddable":true,"href":"https:\/\/www.bellunopress.it\/fr\/wp-json\/wp\/v2\/tags?post=17534"}],"curies":[{"name":"wp","href":"https:\/\/api.w.org\/{rel}","templated":true}]}}