{"id":17532,"date":"2010-07-26T16:02:05","date_gmt":"2010-07-26T15:02:05","guid":{"rendered":"http:\/\/www.bellunopress.it\/?p=17532"},"modified":"2010-07-26T16:02:05","modified_gmt":"2010-07-26T15:02:05","slug":"interruzione-dellerogazione-dellacqua-mercoledi-ad-agordo-ed-intervento-a-santa-giustina","status":"publish","type":"post","link":"https:\/\/www.bellunopress.it\/fr\/2010\/07\/26\/interruzione-dellerogazione-dellacqua-mercoledi-ad-agordo-ed-intervento-a-santa-giustina\/","title":{"rendered":"Interruzione dell&#8217;erogazione dell&#8217;acqua mercoled\u00ec ad Agordo ed intervento a Santa Giustina"},"content":{"rendered":"<p>Gestione Servizi Pubblici informa che mercoled\u00ec 28 luglio dalle 23.30 fino alle ore 10 di gioved\u00ec 29 luglio potrebbe mancare l\u2019acqua in varie localit\u00e0 di Agordo: Col di Foglia, Veran, Crostolin, Nagol, Pragrande, Tocol e zona industriale Taibon-Nogarola, Ronch de Buosc. L\u2019intervento, eseguito interamente da Veneto Strade spa in stretto raccordo con GSP, si rende necessario per mettere in funzione un nuovo tratto di rete acquedottistica di adduzione &#8211; circa 220 metri di tubo in acciaio del diametro di 200 mm \u2013 posata circa una settimana fa durante l\u2019esecuzione dei lavori per la realizzazione dello svincolo di Taibon sulla S.R. 203 Agordina: la vecchia condotta, che interferiva con l\u2019esecuzione dei lavori in corso, verr\u00e0 dismessa la notte stessa del 28 luglio. Non \u00e8 comunque prevista la totale sospensione dell\u2019erogazione dell\u2019acqua, pur trattandosi di un tratto di condotta importante che, dalla Val Corpassa, va ad alimentare vari serbatoi acquedottistici. Per limitare al minimo i disagi alla popolazione servita \u2013 circa un migliaio di utenze \u2013 il lavoro sar\u00e0 eseguito in \u2018notturna\u2019.<\/p>\n<p><strong>Intervento a Santa Giustina<br \/>\n<\/strong>Intervento in emergenza, nel fine settimana, al serbatoio acquedottistico di Campel a Santa Giustina. Un guasto ai quadri elettrici e agli impianti di pompaggio che garantiscono l\u2019approvvigionamento idrico nei due serbatoi di Campel e Campel Alto hanno lasciato, domenica mattina, senz\u2019acqua circa una ventina di utenze.<br \/>\nTempestivo l\u2019intervento di GSP che nella mattinata di domenica ha provveduto mettere a disposizione dei residenti un\u2019autobotte con acqua potabile posizionata nella piazzetta di Campel vicino alla sede degli Alpini.<br \/>\nSul posto, gi\u00e0 da sabato, \u00e8 all\u2019opera il personale di GSP che ha provveduto ad effettuare le prime riparazioni e a rimuovere le apparecchiature danneggiate (due quadri elettrici che comandano il funzionamento degli impianti e una pompa). Nel corso della settimana saranno installati i nuovi quadri elettrici e la pompa riparata.<br \/>\nNon sono ancora note le cause che portano \u2018a singhiozzo\u2019 l\u2019energia elettrica ai due impianti di pompaggio determinandone il malfunzionamento. Nel pomeriggio di oggi verranno effettuate apposite fotografie termiche a raggi infrarossi in grado di rilevare eventuali surriscaldamenti.<br \/>\nNella mattinata odierna, comunque, il serbatoio di Campel ha ripreso a funzionare mentre qualche disagio resta per la zona di Campel Alto, al quale, al momento, sta arrivando gradualmente l\u2019acqua.<br \/>\nL\u2019autobotte rester\u00e0 a disposizione anche per i prossimi giorni, fino a quando non sar\u00e0 completamente ripristinato il regolare funzionamento dei serbatoi.<\/p>","protected":false},"excerpt":{"rendered":"<p>Gestione Servizi Pubblici informa che mercoled\u00ec 28 luglio dalle 23.30 fino alle ore 10 di gioved\u00ec 29 luglio potrebbe mancare l\u2019acqua in varie localit\u00e0 di Agordo: Col di Foglia, Veran, Crostolin, Nagol, Pragrande, Tocol e zona industriale Taibon-Nogarola, Ronch de Buosc. L\u2019intervento, eseguito interamente da Veneto Strade spa in stretto raccordo con GSP, si rende [&hellip;]<\/p>\n","protected":false},"author":2,"featured_media":0,"comment_status":"closed","ping_status":"open","sticky":false,"template":"","format":"standard","meta":{"footnotes":""},"categories":[5,26],"tags":[],"class_list":["post-17532","post","type-post","status-publish","format-standard","category-cronaca","category-prima-pagina"],"yoast_head":"<!-- This site is optimized with the Yoast SEO plugin v28.4 - https:\/\/yoast.com\/product\/yoast-seo-wordpress\/ -->\n<title>Interruzione dell&#039;erogazione dell&#039;acqua mercoled\u00ec ad Agordo ed intervento a Santa Giustina - Bellunopress - Dolomiti<\/title>\n<meta name=\"robots\" content=\"index, follow, max-snippet:-1, max-image-preview:large, max-video-preview:-1\" \/>\n<link rel=\"canonical\" href=\"https:\/\/www.bellunopress.it\/fr\/2010\/07\/26\/interruzione-dellerogazione-dellacqua-mercoledi-ad-agordo-ed-intervento-a-santa-giustina\/\" \/>\n<meta property=\"og:locale\" content=\"fr_FR\" \/>\n<meta property=\"og:type\" content=\"article\" \/>\n<meta property=\"og:title\" content=\"Interruzione dell&#039;erogazione dell&#039;acqua mercoled\u00ec ad Agordo ed intervento a Santa Giustina - Bellunopress - Dolomiti\" \/>\n<meta property=\"og:description\" content=\"Gestione Servizi Pubblici informa che mercoled\u00ec 28 luglio dalle 23.30 fino alle ore 10 di gioved\u00ec 29 luglio potrebbe mancare l\u2019acqua in varie localit\u00e0 di Agordo: Col di Foglia, Veran, Crostolin, Nagol, Pragrande, Tocol e zona industriale Taibon-Nogarola, Ronch de Buosc. L\u2019intervento, eseguito interamente da Veneto Strade spa in stretto raccordo con GSP, si rende [&hellip;]\" \/>\n<meta property=\"og:url\" content=\"https:\/\/www.bellunopress.it\/fr\/2010\/07\/26\/interruzione-dellerogazione-dellacqua-mercoledi-ad-agordo-ed-intervento-a-santa-giustina\/\" \/>\n<meta property=\"og:site_name\" content=\"Bellunopress - Dolomiti\" \/>\n<meta property=\"article:publisher\" content=\"https:\/\/www.facebook.com\/profile.php?id=100008943462799\" \/>\n<meta property=\"article:published_time\" content=\"2010-07-26T15:02:05+00:00\" \/>\n<meta property=\"og:image\" content=\"http:\/\/www.bellunopress.it\/wp-content\/uploads\/2012\/07\/logo-bellunopress-250x250-2012.jpg\" \/>\n<meta name=\"author\" content=\"redazione\" \/>\n<meta name=\"twitter:card\" content=\"summary_large_image\" \/>\n<meta name=\"twitter:creator\" content=\"@bellunopress\" \/>\n<meta name=\"twitter:site\" content=\"@bellunopress\" \/>\n<meta name=\"twitter:label1\" content=\"\u00c9crit par\" \/>\n\t<meta name=\"twitter:data1\" content=\"redazione\" \/>\n\t<meta name=\"twitter:label2\" content=\"Dur\u00e9e de lecture estim\u00e9e\" \/>\n\t<meta name=\"twitter:data2\" content=\"2 minutes\" \/>\n<script type=\"application\/ld+json\" class=\"yoast-schema-graph\">{\"@context\":\"https:\\\/\\\/schema.org\",\"@graph\":[{\"@type\":\"Article\",\"@id\":\"https:\\\/\\\/www.bellunopress.it\\\/2010\\\/07\\\/26\\\/interruzione-dellerogazione-dellacqua-mercoledi-ad-agordo-ed-intervento-a-santa-giustina\\\/#article\",\"isPartOf\":{\"@id\":\"https:\\\/\\\/www.bellunopress.it\\\/2010\\\/07\\\/26\\\/interruzione-dellerogazione-dellacqua-mercoledi-ad-agordo-ed-intervento-a-santa-giustina\\\/\"},\"author\":{\"name\":\"redazione\",\"@id\":\"https:\\\/\\\/www.bellunopress.it\\\/#\\\/schema\\\/person\\\/79bb06722b37ece1c03d3e94beb30d73\"},\"headline\":\"Interruzione dell&#8217;erogazione dell&#8217;acqua mercoled\u00ec ad Agordo ed intervento a Santa Giustina\",\"datePublished\":\"2010-07-26T15:02:05+00:00\",\"mainEntityOfPage\":{\"@id\":\"https:\\\/\\\/www.bellunopress.it\\\/2010\\\/07\\\/26\\\/interruzione-dellerogazione-dellacqua-mercoledi-ad-agordo-ed-intervento-a-santa-giustina\\\/\"},\"wordCount\":405,\"publisher\":{\"@id\":\"https:\\\/\\\/www.bellunopress.it\\\/#organization\"},\"articleSection\":[\"Cronaca\\\/Politica\",\"Prima Pagina\"],\"inLanguage\":\"fr-FR\"},{\"@type\":\"WebPage\",\"@id\":\"https:\\\/\\\/www.bellunopress.it\\\/2010\\\/07\\\/26\\\/interruzione-dellerogazione-dellacqua-mercoledi-ad-agordo-ed-intervento-a-santa-giustina\\\/\",\"url\":\"https:\\\/\\\/www.bellunopress.it\\\/2010\\\/07\\\/26\\\/interruzione-dellerogazione-dellacqua-mercoledi-ad-agordo-ed-intervento-a-santa-giustina\\\/\",\"name\":\"Interruzione dell'erogazione dell'acqua mercoled\u00ec ad Agordo ed intervento a Santa Giustina - Bellunopress - Dolomiti\",\"isPartOf\":{\"@id\":\"https:\\\/\\\/www.bellunopress.it\\\/#website\"},\"datePublished\":\"2010-07-26T15:02:05+00:00\",\"breadcrumb\":{\"@id\":\"https:\\\/\\\/www.bellunopress.it\\\/2010\\\/07\\\/26\\\/interruzione-dellerogazione-dellacqua-mercoledi-ad-agordo-ed-intervento-a-santa-giustina\\\/#breadcrumb\"},\"inLanguage\":\"fr-FR\",\"potentialAction\":[{\"@type\":\"ReadAction\",\"target\":[\"https:\\\/\\\/www.bellunopress.it\\\/2010\\\/07\\\/26\\\/interruzione-dellerogazione-dellacqua-mercoledi-ad-agordo-ed-intervento-a-santa-giustina\\\/\"]}]},{\"@type\":\"BreadcrumbList\",\"@id\":\"https:\\\/\\\/www.bellunopress.it\\\/2010\\\/07\\\/26\\\/interruzione-dellerogazione-dellacqua-mercoledi-ad-agordo-ed-intervento-a-santa-giustina\\\/#breadcrumb\",\"itemListElement\":[{\"@type\":\"ListItem\",\"position\":1,\"name\":\"Home\",\"item\":\"https:\\\/\\\/www.bellunopress.it\\\/\"},{\"@type\":\"ListItem\",\"position\":2,\"name\":\"Interruzione dell&#8217;erogazione dell&#8217;acqua mercoled\u00ec ad Agordo ed intervento a Santa Giustina\"}]},{\"@type\":\"WebSite\",\"@id\":\"https:\\\/\\\/www.bellunopress.it\\\/#website\",\"url\":\"https:\\\/\\\/www.bellunopress.it\\\/\",\"name\":\"Bellunopress - Dolomiti\",\"description\":\"e-mail: redazione@bellunopress.it\",\"publisher\":{\"@id\":\"https:\\\/\\\/www.bellunopress.it\\\/#organization\"},\"potentialAction\":[{\"@type\":\"SearchAction\",\"target\":{\"@type\":\"EntryPoint\",\"urlTemplate\":\"https:\\\/\\\/www.bellunopress.it\\\/?s={search_term_string}\"},\"query-input\":{\"@type\":\"PropertyValueSpecification\",\"valueRequired\":true,\"valueName\":\"search_term_string\"}}],\"inLanguage\":\"fr-FR\"},{\"@type\":\"Organization\",\"@id\":\"https:\\\/\\\/www.bellunopress.it\\\/#organization\",\"name\":\"Bellunopress\",\"url\":\"https:\\\/\\\/www.bellunopress.it\\\/\",\"logo\":{\"@type\":\"ImageObject\",\"inLanguage\":\"fr-FR\",\"@id\":\"https:\\\/\\\/www.bellunopress.it\\\/#\\\/schema\\\/logo\\\/image\\\/\",\"url\":\"https:\\\/\\\/www.bellunopress.it\\\/wp-content\\\/uploads\\\/2011\\\/05\\\/cropped-logo-bellunopress-.jpg\",\"contentUrl\":\"https:\\\/\\\/www.bellunopress.it\\\/wp-content\\\/uploads\\\/2011\\\/05\\\/cropped-logo-bellunopress-.jpg\",\"width\":512,\"height\":512,\"caption\":\"Bellunopress\"},\"image\":{\"@id\":\"https:\\\/\\\/www.bellunopress.it\\\/#\\\/schema\\\/logo\\\/image\\\/\"},\"sameAs\":[\"https:\\\/\\\/www.facebook.com\\\/profile.php?id=100008943462799\",\"https:\\\/\\\/x.com\\\/bellunopress\",\"https:\\\/\\\/www.linkedin.com\\\/hp\\\/?dnr=JBzUWaJfMUw8vbXJJ2tVW5-I3jZKvC4wsoxE&amp;amp;amp;amp;amp;amp;trk=nav_responsive_tab_home\",\"https:\\\/\\\/www.youtube.com\\\/channel\\\/UCxL0wu1uN0_3_7hGG0306cw\"]},{\"@type\":\"Person\",\"@id\":\"https:\\\/\\\/www.bellunopress.it\\\/#\\\/schema\\\/person\\\/79bb06722b37ece1c03d3e94beb30d73\",\"name\":\"redazione\",\"image\":{\"@type\":\"ImageObject\",\"inLanguage\":\"fr-FR\",\"@id\":\"https:\\\/\\\/secure.gravatar.com\\\/avatar\\\/37d968a2e67a6fd04c169c4bdef102d0bc5d31b2546345219e348575eb80e9a0?s=96&d=mm&r=g\",\"url\":\"https:\\\/\\\/secure.gravatar.com\\\/avatar\\\/37d968a2e67a6fd04c169c4bdef102d0bc5d31b2546345219e348575eb80e9a0?s=96&d=mm&r=g\",\"contentUrl\":\"https:\\\/\\\/secure.gravatar.com\\\/avatar\\\/37d968a2e67a6fd04c169c4bdef102d0bc5d31b2546345219e348575eb80e9a0?s=96&d=mm&r=g\",\"caption\":\"redazione\"},\"sameAs\":[\"http:\\\/\\\/www.bellunopress.it\",\"https:\\\/\\\/x.com\\\/bellunopress\"],\"url\":\"https:\\\/\\\/www.bellunopress.it\\\/fr\\\/author\\\/redazione\\\/\"}]}<\/script>\n<!-- \/ Yoast SEO plugin. -->","yoast_head_json":{"title":"Interruzione dell'erogazione dell'acqua mercoled\u00ec ad Agordo ed intervento a Santa Giustina - Bellunopress - Dolomiti","robots":{"index":"index","follow":"follow","max-snippet":"max-snippet:-1","max-image-preview":"max-image-preview:large","max-video-preview":"max-video-preview:-1"},"canonical":"https:\/\/www.bellunopress.it\/fr\/2010\/07\/26\/interruzione-dellerogazione-dellacqua-mercoledi-ad-agordo-ed-intervento-a-santa-giustina\/","og_locale":"fr_FR","og_type":"article","og_title":"Interruzione dell'erogazione dell'acqua mercoled\u00ec ad Agordo ed intervento a Santa Giustina - Bellunopress - Dolomiti","og_description":"Gestione Servizi Pubblici informa che mercoled\u00ec 28 luglio dalle 23.30 fino alle ore 10 di gioved\u00ec 29 luglio potrebbe mancare l\u2019acqua in varie localit\u00e0 di Agordo: Col di Foglia, Veran, Crostolin, Nagol, Pragrande, Tocol e zona industriale Taibon-Nogarola, Ronch de Buosc. L\u2019intervento, eseguito interamente da Veneto Strade spa in stretto raccordo con GSP, si rende [&hellip;]","og_url":"https:\/\/www.bellunopress.it\/fr\/2010\/07\/26\/interruzione-dellerogazione-dellacqua-mercoledi-ad-agordo-ed-intervento-a-santa-giustina\/","og_site_name":"Bellunopress - Dolomiti","article_publisher":"https:\/\/www.facebook.com\/profile.php?id=100008943462799","article_published_time":"2010-07-26T15:02:05+00:00","og_image":[{"url":"http:\/\/www.bellunopress.it\/wp-content\/uploads\/2012\/07\/logo-bellunopress-250x250-2012.jpg","type":"","width":"","height":""}],"author":"redazione","twitter_card":"summary_large_image","twitter_creator":"@bellunopress","twitter_site":"@bellunopress","twitter_misc":{"\u00c9crit par":"redazione","Dur\u00e9e de lecture estim\u00e9e":"2 minutes"},"schema":{"@context":"https:\/\/schema.org","@graph":[{"@type":"Article","@id":"https:\/\/www.bellunopress.it\/2010\/07\/26\/interruzione-dellerogazione-dellacqua-mercoledi-ad-agordo-ed-intervento-a-santa-giustina\/#article","isPartOf":{"@id":"https:\/\/www.bellunopress.it\/2010\/07\/26\/interruzione-dellerogazione-dellacqua-mercoledi-ad-agordo-ed-intervento-a-santa-giustina\/"},"author":{"name":"redazione","@id":"https:\/\/www.bellunopress.it\/#\/schema\/person\/79bb06722b37ece1c03d3e94beb30d73"},"headline":"Interruzione dell&#8217;erogazione dell&#8217;acqua mercoled\u00ec ad Agordo ed intervento a Santa Giustina","datePublished":"2010-07-26T15:02:05+00:00","mainEntityOfPage":{"@id":"https:\/\/www.bellunopress.it\/2010\/07\/26\/interruzione-dellerogazione-dellacqua-mercoledi-ad-agordo-ed-intervento-a-santa-giustina\/"},"wordCount":405,"publisher":{"@id":"https:\/\/www.bellunopress.it\/#organization"},"articleSection":["Cronaca\/Politica","Prima Pagina"],"inLanguage":"fr-FR"},{"@type":"WebPage","@id":"https:\/\/www.bellunopress.it\/2010\/07\/26\/interruzione-dellerogazione-dellacqua-mercoledi-ad-agordo-ed-intervento-a-santa-giustina\/","url":"https:\/\/www.bellunopress.it\/2010\/07\/26\/interruzione-dellerogazione-dellacqua-mercoledi-ad-agordo-ed-intervento-a-santa-giustina\/","name":"Interruzione dell'erogazione dell'acqua mercoled\u00ec ad Agordo ed intervento a Santa Giustina - Bellunopress - Dolomiti","isPartOf":{"@id":"https:\/\/www.bellunopress.it\/#website"},"datePublished":"2010-07-26T15:02:05+00:00","breadcrumb":{"@id":"https:\/\/www.bellunopress.it\/2010\/07\/26\/interruzione-dellerogazione-dellacqua-mercoledi-ad-agordo-ed-intervento-a-santa-giustina\/#breadcrumb"},"inLanguage":"fr-FR","potentialAction":[{"@type":"ReadAction","target":["https:\/\/www.bellunopress.it\/2010\/07\/26\/interruzione-dellerogazione-dellacqua-mercoledi-ad-agordo-ed-intervento-a-santa-giustina\/"]}]},{"@type":"BreadcrumbList","@id":"https:\/\/www.bellunopress.it\/2010\/07\/26\/interruzione-dellerogazione-dellacqua-mercoledi-ad-agordo-ed-intervento-a-santa-giustina\/#breadcrumb","itemListElement":[{"@type":"ListItem","position":1,"name":"Home","item":"https:\/\/www.bellunopress.it\/"},{"@type":"ListItem","position":2,"name":"Interruzione dell&#8217;erogazione dell&#8217;acqua mercoled\u00ec ad Agordo ed intervento a Santa Giustina"}]},{"@type":"WebSite","@id":"https:\/\/www.bellunopress.it\/#website","url":"https:\/\/www.bellunopress.it\/","name":"Bellunopress - Dolomiti","description":"e-mail: redazione@bellunopress.it","publisher":{"@id":"https:\/\/www.bellunopress.it\/#organization"},"potentialAction":[{"@type":"SearchAction","target":{"@type":"EntryPoint","urlTemplate":"https:\/\/www.bellunopress.it\/?s={search_term_string}"},"query-input":{"@type":"PropertyValueSpecification","valueRequired":true,"valueName":"search_term_string"}}],"inLanguage":"fr-FR"},{"@type":"Organization","@id":"https:\/\/www.bellunopress.it\/#organization","name":"Bellunopress","url":"https:\/\/www.bellunopress.it\/","logo":{"@type":"ImageObject","inLanguage":"fr-FR","@id":"https:\/\/www.bellunopress.it\/#\/schema\/logo\/image\/","url":"https:\/\/www.bellunopress.it\/wp-content\/uploads\/2011\/05\/cropped-logo-bellunopress-.jpg","contentUrl":"https:\/\/www.bellunopress.it\/wp-content\/uploads\/2011\/05\/cropped-logo-bellunopress-.jpg","width":512,"height":512,"caption":"Bellunopress"},"image":{"@id":"https:\/\/www.bellunopress.it\/#\/schema\/logo\/image\/"},"sameAs":["https:\/\/www.facebook.com\/profile.php?id=100008943462799","https:\/\/x.com\/bellunopress","https:\/\/www.linkedin.com\/hp\/?dnr=JBzUWaJfMUw8vbXJJ2tVW5-I3jZKvC4wsoxE&amp;amp;amp;amp;amp;amp;trk=nav_responsive_tab_home","https:\/\/www.youtube.com\/channel\/UCxL0wu1uN0_3_7hGG0306cw"]},{"@type":"Person","@id":"https:\/\/www.bellunopress.it\/#\/schema\/person\/79bb06722b37ece1c03d3e94beb30d73","name":"r\u00e9daction","image":{"@type":"ImageObject","inLanguage":"fr-FR","@id":"https:\/\/secure.gravatar.com\/avatar\/37d968a2e67a6fd04c169c4bdef102d0bc5d31b2546345219e348575eb80e9a0?s=96&d=mm&r=g","url":"https:\/\/secure.gravatar.com\/avatar\/37d968a2e67a6fd04c169c4bdef102d0bc5d31b2546345219e348575eb80e9a0?s=96&d=mm&r=g","contentUrl":"https:\/\/secure.gravatar.com\/avatar\/37d968a2e67a6fd04c169c4bdef102d0bc5d31b2546345219e348575eb80e9a0?s=96&d=mm&r=g","caption":"redazione"},"sameAs":["http:\/\/www.bellunopress.it","https:\/\/x.com\/bellunopress"],"url":"https:\/\/www.bellunopress.it\/fr\/author\/redazione\/"}]}},"_links":{"self":[{"href":"https:\/\/www.bellunopress.it\/fr\/wp-json\/wp\/v2\/posts\/17532","targetHints":{"allow":["GET"]}}],"collection":[{"href":"https:\/\/www.bellunopress.it\/fr\/wp-json\/wp\/v2\/posts"}],"about":[{"href":"https:\/\/www.bellunopress.it\/fr\/wp-json\/wp\/v2\/types\/post"}],"author":[{"embeddable":true,"href":"https:\/\/www.bellunopress.it\/fr\/wp-json\/wp\/v2\/users\/2"}],"replies":[{"embeddable":true,"href":"https:\/\/www.bellunopress.it\/fr\/wp-json\/wp\/v2\/comments?post=17532"}],"version-history":[{"count":1,"href":"https:\/\/www.bellunopress.it\/fr\/wp-json\/wp\/v2\/posts\/17532\/revisions"}],"predecessor-version":[{"id":17533,"href":"https:\/\/www.bellunopress.it\/fr\/wp-json\/wp\/v2\/posts\/17532\/revisions\/17533"}],"wp:attachment":[{"href":"https:\/\/www.bellunopress.it\/fr\/wp-json\/wp\/v2\/media?parent=17532"}],"wp:term":[{"taxonomy":"category","embeddable":true,"href":"https:\/\/www.bellunopress.it\/fr\/wp-json\/wp\/v2\/categories?post=17532"},{"taxonomy":"post_tag","embeddable":true,"href":"https:\/\/www.bellunopress.it\/fr\/wp-json\/wp\/v2\/tags?post=17532"}],"curies":[{"name":"wp","href":"https:\/\/api.w.org\/{rel}","templated":true}]}}