{"id":17496,"date":"2010-07-25T13:47:34","date_gmt":"2010-07-25T12:47:34","guid":{"rendered":"http:\/\/www.bellunopress.it\/?p=17496"},"modified":"2010-07-25T13:47:34","modified_gmt":"2010-07-25T12:47:34","slug":"iniziati-gli-scavi-archeologici-in-val-del-buson","status":"publish","type":"post","link":"https:\/\/www.bellunopress.it\/fr\/2010\/07\/25\/iniziati-gli-scavi-archeologici-in-val-del-buson\/","title":{"rendered":"Iniziati gli scavi archeologici in Val del Buson"},"content":{"rendered":"<p><a href=\"http:\/\/www.bellunopress.it\/wp-content\/uploads\/2010\/07\/scavi-bus-del-buson.jpg\"><img loading=\"lazy\" decoding=\"async\" class=\"alignleft size-medium wp-image-17498\" title=\"scavi-bus-del-buson\" src=\"http:\/\/www.bellunopress.it\/wp-content\/uploads\/2010\/07\/scavi-bus-del-buson.jpg\" alt=\"\" width=\"280\" height=\"210\" \/><\/a>Il 12 luglio scorso sono ricominciate le indagini archeologiche nel sito tardo Neolitico e dell&#8217;et\u00e0 del Rame del Col del Buson (Valle dell&#8217;Ardo). Lo scavo, realizzato grazie ai finanziamenti del Comune di Belluno e della Regione del Veneto, \u00e8 condotto con la direzione scientifica del funzionario archeologo della Soprintendenza per i Beni Archeologici del Veneto, dott.ssa Elodia Bianchin Citton, la direzione tecnica del geomorfologo dott. Claudio Balista e il fondamentale apporto dell&#8217;Associazione Amici del Museo di Belluno che si occupano della logistica e, come operatori archeologi volontari, coadiuvano la ditta di scavo nelle indagini archeologiche. Le pluriennali campagne di scavo condotte dalla Soprintendenza per i Beni Archeologici del Veneto hanno consentito di mettere in luce importanti aspetti strutturali di un sito montano di media quota,\u00a0 di recuperare un&#8217;elevata quantit\u00e0 di reperti litici e ceramici pertinenti alle varie fasi insediative e di individuare\u00a0 una probabile struttura di tipo abitativo. La campagna di scavo 2010 si pone come obiettivo l&#8217;approfondimento delle indagini relative alla struttura abitativa e l&#8217;esplorazione delle sue aree esterne, caratterizzate dalla presenza di piccoli focolari e di concentrazioni di reperti litici e ceramici che, insieme ai materiali emersi nel corso delle precedenti indagini, una volta studiati, andranno ad arricchire le collezioni del museo civico.<br \/>\nNella foto, la visita dall&#8217;Assessore alla Cultura Maria Grazia Passuello al sito archeologico.<\/p>","protected":false},"excerpt":{"rendered":"<p>Il 12 luglio scorso sono ricominciate le indagini archeologiche nel sito tardo Neolitico e dell&#8217;et\u00e0 del Rame del Col del Buson (Valle dell&#8217;Ardo). Lo scavo, realizzato grazie ai finanziamenti del Comune di Belluno e della Regione del Veneto, \u00e8 condotto con la direzione scientifica del funzionario archeologo della Soprintendenza per i Beni Archeologici del Veneto, [&hellip;]<\/p>\n","protected":false},"author":2,"featured_media":0,"comment_status":"closed","ping_status":"open","sticky":false,"template":"","format":"standard","meta":{"footnotes":""},"categories":[38,26],"tags":[139],"class_list":["post-17496","post","type-post","status-publish","format-standard","category-natura-ambiente","category-prima-pagina","tag-belluno"],"yoast_head":"<!-- This site is optimized with the Yoast SEO plugin v28.4 - https:\/\/yoast.com\/product\/yoast-seo-wordpress\/ -->\n<title>Iniziati gli scavi archeologici in Val del Buson - Bellunopress - Dolomiti<\/title>\n<meta name=\"robots\" content=\"index, follow, max-snippet:-1, max-image-preview:large, max-video-preview:-1\" \/>\n<link rel=\"canonical\" href=\"https:\/\/www.bellunopress.it\/fr\/2010\/07\/25\/iniziati-gli-scavi-archeologici-in-val-del-buson\/\" \/>\n<meta property=\"og:locale\" content=\"fr_FR\" \/>\n<meta property=\"og:type\" content=\"article\" \/>\n<meta property=\"og:title\" content=\"Iniziati gli scavi archeologici in Val del Buson - Bellunopress - Dolomiti\" \/>\n<meta property=\"og:description\" content=\"Il 12 luglio scorso sono ricominciate le indagini archeologiche nel sito tardo Neolitico e dell&#8217;et\u00e0 del Rame del Col del Buson (Valle dell&#8217;Ardo). Lo scavo, realizzato grazie ai finanziamenti del Comune di Belluno e della Regione del Veneto, \u00e8 condotto con la direzione scientifica del funzionario archeologo della Soprintendenza per i Beni Archeologici del Veneto, [&hellip;]\" \/>\n<meta property=\"og:url\" content=\"https:\/\/www.bellunopress.it\/fr\/2010\/07\/25\/iniziati-gli-scavi-archeologici-in-val-del-buson\/\" \/>\n<meta property=\"og:site_name\" content=\"Bellunopress - Dolomiti\" \/>\n<meta property=\"article:publisher\" content=\"https:\/\/www.facebook.com\/profile.php?id=100008943462799\" \/>\n<meta property=\"article:published_time\" content=\"2010-07-25T12:47:34+00:00\" \/>\n<meta property=\"og:image\" content=\"http:\/\/www.bellunopress.it\/wp-content\/uploads\/2010\/07\/scavi-bus-del-buson.jpg\" \/>\n<meta name=\"author\" content=\"redazione\" \/>\n<meta name=\"twitter:card\" content=\"summary_large_image\" \/>\n<meta name=\"twitter:creator\" content=\"@bellunopress\" \/>\n<meta name=\"twitter:site\" content=\"@bellunopress\" \/>\n<meta name=\"twitter:label1\" content=\"\u00c9crit par\" \/>\n\t<meta name=\"twitter:data1\" content=\"redazione\" \/>\n\t<meta name=\"twitter:label2\" content=\"Dur\u00e9e de lecture estim\u00e9e\" \/>\n\t<meta name=\"twitter:data2\" content=\"1 minute\" \/>\n<script type=\"application\/ld+json\" class=\"yoast-schema-graph\">{\"@context\":\"https:\\\/\\\/schema.org\",\"@graph\":[{\"@type\":\"Article\",\"@id\":\"https:\\\/\\\/www.bellunopress.it\\\/2010\\\/07\\\/25\\\/iniziati-gli-scavi-archeologici-in-val-del-buson\\\/#article\",\"isPartOf\":{\"@id\":\"https:\\\/\\\/www.bellunopress.it\\\/2010\\\/07\\\/25\\\/iniziati-gli-scavi-archeologici-in-val-del-buson\\\/\"},\"author\":{\"name\":\"redazione\",\"@id\":\"https:\\\/\\\/www.bellunopress.it\\\/#\\\/schema\\\/person\\\/79bb06722b37ece1c03d3e94beb30d73\"},\"headline\":\"Iniziati gli scavi archeologici in Val del Buson\",\"datePublished\":\"2010-07-25T12:47:34+00:00\",\"mainEntityOfPage\":{\"@id\":\"https:\\\/\\\/www.bellunopress.it\\\/2010\\\/07\\\/25\\\/iniziati-gli-scavi-archeologici-in-val-del-buson\\\/\"},\"wordCount\":231,\"publisher\":{\"@id\":\"https:\\\/\\\/www.bellunopress.it\\\/#organization\"},\"image\":{\"@id\":\"https:\\\/\\\/www.bellunopress.it\\\/2010\\\/07\\\/25\\\/iniziati-gli-scavi-archeologici-in-val-del-buson\\\/#primaryimage\"},\"thumbnailUrl\":\"http:\\\/\\\/www.bellunopress.it\\\/wp-content\\\/uploads\\\/2010\\\/07\\\/scavi-bus-del-buson.jpg\",\"keywords\":[\"Belluno\"],\"articleSection\":[\"Meteo, natura, ambiente, animali\",\"Prima Pagina\"],\"inLanguage\":\"fr-FR\"},{\"@type\":\"WebPage\",\"@id\":\"https:\\\/\\\/www.bellunopress.it\\\/2010\\\/07\\\/25\\\/iniziati-gli-scavi-archeologici-in-val-del-buson\\\/\",\"url\":\"https:\\\/\\\/www.bellunopress.it\\\/2010\\\/07\\\/25\\\/iniziati-gli-scavi-archeologici-in-val-del-buson\\\/\",\"name\":\"Iniziati gli scavi archeologici in Val del Buson - Bellunopress - Dolomiti\",\"isPartOf\":{\"@id\":\"https:\\\/\\\/www.bellunopress.it\\\/#website\"},\"primaryImageOfPage\":{\"@id\":\"https:\\\/\\\/www.bellunopress.it\\\/2010\\\/07\\\/25\\\/iniziati-gli-scavi-archeologici-in-val-del-buson\\\/#primaryimage\"},\"image\":{\"@id\":\"https:\\\/\\\/www.bellunopress.it\\\/2010\\\/07\\\/25\\\/iniziati-gli-scavi-archeologici-in-val-del-buson\\\/#primaryimage\"},\"thumbnailUrl\":\"http:\\\/\\\/www.bellunopress.it\\\/wp-content\\\/uploads\\\/2010\\\/07\\\/scavi-bus-del-buson.jpg\",\"datePublished\":\"2010-07-25T12:47:34+00:00\",\"breadcrumb\":{\"@id\":\"https:\\\/\\\/www.bellunopress.it\\\/2010\\\/07\\\/25\\\/iniziati-gli-scavi-archeologici-in-val-del-buson\\\/#breadcrumb\"},\"inLanguage\":\"fr-FR\",\"potentialAction\":[{\"@type\":\"ReadAction\",\"target\":[\"https:\\\/\\\/www.bellunopress.it\\\/2010\\\/07\\\/25\\\/iniziati-gli-scavi-archeologici-in-val-del-buson\\\/\"]}]},{\"@type\":\"ImageObject\",\"inLanguage\":\"fr-FR\",\"@id\":\"https:\\\/\\\/www.bellunopress.it\\\/2010\\\/07\\\/25\\\/iniziati-gli-scavi-archeologici-in-val-del-buson\\\/#primaryimage\",\"url\":\"http:\\\/\\\/www.bellunopress.it\\\/wp-content\\\/uploads\\\/2010\\\/07\\\/scavi-bus-del-buson.jpg\",\"contentUrl\":\"http:\\\/\\\/www.bellunopress.it\\\/wp-content\\\/uploads\\\/2010\\\/07\\\/scavi-bus-del-buson.jpg\"},{\"@type\":\"BreadcrumbList\",\"@id\":\"https:\\\/\\\/www.bellunopress.it\\\/2010\\\/07\\\/25\\\/iniziati-gli-scavi-archeologici-in-val-del-buson\\\/#breadcrumb\",\"itemListElement\":[{\"@type\":\"ListItem\",\"position\":1,\"name\":\"Home\",\"item\":\"https:\\\/\\\/www.bellunopress.it\\\/\"},{\"@type\":\"ListItem\",\"position\":2,\"name\":\"Iniziati gli scavi archeologici in Val del Buson\"}]},{\"@type\":\"WebSite\",\"@id\":\"https:\\\/\\\/www.bellunopress.it\\\/#website\",\"url\":\"https:\\\/\\\/www.bellunopress.it\\\/\",\"name\":\"Bellunopress - Dolomiti\",\"description\":\"e-mail: redazione@bellunopress.it\",\"publisher\":{\"@id\":\"https:\\\/\\\/www.bellunopress.it\\\/#organization\"},\"potentialAction\":[{\"@type\":\"SearchAction\",\"target\":{\"@type\":\"EntryPoint\",\"urlTemplate\":\"https:\\\/\\\/www.bellunopress.it\\\/?s={search_term_string}\"},\"query-input\":{\"@type\":\"PropertyValueSpecification\",\"valueRequired\":true,\"valueName\":\"search_term_string\"}}],\"inLanguage\":\"fr-FR\"},{\"@type\":\"Organization\",\"@id\":\"https:\\\/\\\/www.bellunopress.it\\\/#organization\",\"name\":\"Bellunopress\",\"url\":\"https:\\\/\\\/www.bellunopress.it\\\/\",\"logo\":{\"@type\":\"ImageObject\",\"inLanguage\":\"fr-FR\",\"@id\":\"https:\\\/\\\/www.bellunopress.it\\\/#\\\/schema\\\/logo\\\/image\\\/\",\"url\":\"https:\\\/\\\/www.bellunopress.it\\\/wp-content\\\/uploads\\\/2011\\\/05\\\/cropped-logo-bellunopress-.jpg\",\"contentUrl\":\"https:\\\/\\\/www.bellunopress.it\\\/wp-content\\\/uploads\\\/2011\\\/05\\\/cropped-logo-bellunopress-.jpg\",\"width\":512,\"height\":512,\"caption\":\"Bellunopress\"},\"image\":{\"@id\":\"https:\\\/\\\/www.bellunopress.it\\\/#\\\/schema\\\/logo\\\/image\\\/\"},\"sameAs\":[\"https:\\\/\\\/www.facebook.com\\\/profile.php?id=100008943462799\",\"https:\\\/\\\/x.com\\\/bellunopress\",\"https:\\\/\\\/www.linkedin.com\\\/hp\\\/?dnr=JBzUWaJfMUw8vbXJJ2tVW5-I3jZKvC4wsoxE&amp;amp;amp;amp;amp;amp;trk=nav_responsive_tab_home\",\"https:\\\/\\\/www.youtube.com\\\/channel\\\/UCxL0wu1uN0_3_7hGG0306cw\"]},{\"@type\":\"Person\",\"@id\":\"https:\\\/\\\/www.bellunopress.it\\\/#\\\/schema\\\/person\\\/79bb06722b37ece1c03d3e94beb30d73\",\"name\":\"redazione\",\"image\":{\"@type\":\"ImageObject\",\"inLanguage\":\"fr-FR\",\"@id\":\"https:\\\/\\\/secure.gravatar.com\\\/avatar\\\/37d968a2e67a6fd04c169c4bdef102d0bc5d31b2546345219e348575eb80e9a0?s=96&d=mm&r=g\",\"url\":\"https:\\\/\\\/secure.gravatar.com\\\/avatar\\\/37d968a2e67a6fd04c169c4bdef102d0bc5d31b2546345219e348575eb80e9a0?s=96&d=mm&r=g\",\"contentUrl\":\"https:\\\/\\\/secure.gravatar.com\\\/avatar\\\/37d968a2e67a6fd04c169c4bdef102d0bc5d31b2546345219e348575eb80e9a0?s=96&d=mm&r=g\",\"caption\":\"redazione\"},\"sameAs\":[\"http:\\\/\\\/www.bellunopress.it\",\"https:\\\/\\\/x.com\\\/bellunopress\"],\"url\":\"https:\\\/\\\/www.bellunopress.it\\\/fr\\\/author\\\/redazione\\\/\"}]}<\/script>\n<!-- \/ Yoast SEO plugin. -->","yoast_head_json":{"title":"Iniziati gli scavi archeologici in Val del Buson - Bellunopress - Dolomiti","robots":{"index":"index","follow":"follow","max-snippet":"max-snippet:-1","max-image-preview":"max-image-preview:large","max-video-preview":"max-video-preview:-1"},"canonical":"https:\/\/www.bellunopress.it\/fr\/2010\/07\/25\/iniziati-gli-scavi-archeologici-in-val-del-buson\/","og_locale":"fr_FR","og_type":"article","og_title":"Iniziati gli scavi archeologici in Val del Buson - Bellunopress - Dolomiti","og_description":"Il 12 luglio scorso sono ricominciate le indagini archeologiche nel sito tardo Neolitico e dell&#8217;et\u00e0 del Rame del Col del Buson (Valle dell&#8217;Ardo). Lo scavo, realizzato grazie ai finanziamenti del Comune di Belluno e della Regione del Veneto, \u00e8 condotto con la direzione scientifica del funzionario archeologo della Soprintendenza per i Beni Archeologici del Veneto, [&hellip;]","og_url":"https:\/\/www.bellunopress.it\/fr\/2010\/07\/25\/iniziati-gli-scavi-archeologici-in-val-del-buson\/","og_site_name":"Bellunopress - Dolomiti","article_publisher":"https:\/\/www.facebook.com\/profile.php?id=100008943462799","article_published_time":"2010-07-25T12:47:34+00:00","og_image":[{"url":"http:\/\/www.bellunopress.it\/wp-content\/uploads\/2010\/07\/scavi-bus-del-buson.jpg","type":"","width":"","height":""}],"author":"redazione","twitter_card":"summary_large_image","twitter_creator":"@bellunopress","twitter_site":"@bellunopress","twitter_misc":{"\u00c9crit par":"redazione","Dur\u00e9e de lecture estim\u00e9e":"1 minute"},"schema":{"@context":"https:\/\/schema.org","@graph":[{"@type":"Article","@id":"https:\/\/www.bellunopress.it\/2010\/07\/25\/iniziati-gli-scavi-archeologici-in-val-del-buson\/#article","isPartOf":{"@id":"https:\/\/www.bellunopress.it\/2010\/07\/25\/iniziati-gli-scavi-archeologici-in-val-del-buson\/"},"author":{"name":"redazione","@id":"https:\/\/www.bellunopress.it\/#\/schema\/person\/79bb06722b37ece1c03d3e94beb30d73"},"headline":"Iniziati gli scavi archeologici in Val del Buson","datePublished":"2010-07-25T12:47:34+00:00","mainEntityOfPage":{"@id":"https:\/\/www.bellunopress.it\/2010\/07\/25\/iniziati-gli-scavi-archeologici-in-val-del-buson\/"},"wordCount":231,"publisher":{"@id":"https:\/\/www.bellunopress.it\/#organization"},"image":{"@id":"https:\/\/www.bellunopress.it\/2010\/07\/25\/iniziati-gli-scavi-archeologici-in-val-del-buson\/#primaryimage"},"thumbnailUrl":"http:\/\/www.bellunopress.it\/wp-content\/uploads\/2010\/07\/scavi-bus-del-buson.jpg","keywords":["Belluno"],"articleSection":["Meteo, natura, ambiente, animali","Prima Pagina"],"inLanguage":"fr-FR"},{"@type":"WebPage","@id":"https:\/\/www.bellunopress.it\/2010\/07\/25\/iniziati-gli-scavi-archeologici-in-val-del-buson\/","url":"https:\/\/www.bellunopress.it\/2010\/07\/25\/iniziati-gli-scavi-archeologici-in-val-del-buson\/","name":"Iniziati gli scavi archeologici in Val del Buson - Bellunopress - Dolomiti","isPartOf":{"@id":"https:\/\/www.bellunopress.it\/#website"},"primaryImageOfPage":{"@id":"https:\/\/www.bellunopress.it\/2010\/07\/25\/iniziati-gli-scavi-archeologici-in-val-del-buson\/#primaryimage"},"image":{"@id":"https:\/\/www.bellunopress.it\/2010\/07\/25\/iniziati-gli-scavi-archeologici-in-val-del-buson\/#primaryimage"},"thumbnailUrl":"http:\/\/www.bellunopress.it\/wp-content\/uploads\/2010\/07\/scavi-bus-del-buson.jpg","datePublished":"2010-07-25T12:47:34+00:00","breadcrumb":{"@id":"https:\/\/www.bellunopress.it\/2010\/07\/25\/iniziati-gli-scavi-archeologici-in-val-del-buson\/#breadcrumb"},"inLanguage":"fr-FR","potentialAction":[{"@type":"ReadAction","target":["https:\/\/www.bellunopress.it\/2010\/07\/25\/iniziati-gli-scavi-archeologici-in-val-del-buson\/"]}]},{"@type":"ImageObject","inLanguage":"fr-FR","@id":"https:\/\/www.bellunopress.it\/2010\/07\/25\/iniziati-gli-scavi-archeologici-in-val-del-buson\/#primaryimage","url":"http:\/\/www.bellunopress.it\/wp-content\/uploads\/2010\/07\/scavi-bus-del-buson.jpg","contentUrl":"http:\/\/www.bellunopress.it\/wp-content\/uploads\/2010\/07\/scavi-bus-del-buson.jpg"},{"@type":"BreadcrumbList","@id":"https:\/\/www.bellunopress.it\/2010\/07\/25\/iniziati-gli-scavi-archeologici-in-val-del-buson\/#breadcrumb","itemListElement":[{"@type":"ListItem","position":1,"name":"Home","item":"https:\/\/www.bellunopress.it\/"},{"@type":"ListItem","position":2,"name":"Iniziati gli scavi archeologici in Val del Buson"}]},{"@type":"WebSite","@id":"https:\/\/www.bellunopress.it\/#website","url":"https:\/\/www.bellunopress.it\/","name":"Bellunopress - Dolomiti","description":"e-mail: redazione@bellunopress.it","publisher":{"@id":"https:\/\/www.bellunopress.it\/#organization"},"potentialAction":[{"@type":"SearchAction","target":{"@type":"EntryPoint","urlTemplate":"https:\/\/www.bellunopress.it\/?s={search_term_string}"},"query-input":{"@type":"PropertyValueSpecification","valueRequired":true,"valueName":"search_term_string"}}],"inLanguage":"fr-FR"},{"@type":"Organization","@id":"https:\/\/www.bellunopress.it\/#organization","name":"Bellunopress","url":"https:\/\/www.bellunopress.it\/","logo":{"@type":"ImageObject","inLanguage":"fr-FR","@id":"https:\/\/www.bellunopress.it\/#\/schema\/logo\/image\/","url":"https:\/\/www.bellunopress.it\/wp-content\/uploads\/2011\/05\/cropped-logo-bellunopress-.jpg","contentUrl":"https:\/\/www.bellunopress.it\/wp-content\/uploads\/2011\/05\/cropped-logo-bellunopress-.jpg","width":512,"height":512,"caption":"Bellunopress"},"image":{"@id":"https:\/\/www.bellunopress.it\/#\/schema\/logo\/image\/"},"sameAs":["https:\/\/www.facebook.com\/profile.php?id=100008943462799","https:\/\/x.com\/bellunopress","https:\/\/www.linkedin.com\/hp\/?dnr=JBzUWaJfMUw8vbXJJ2tVW5-I3jZKvC4wsoxE&amp;amp;amp;amp;amp;amp;trk=nav_responsive_tab_home","https:\/\/www.youtube.com\/channel\/UCxL0wu1uN0_3_7hGG0306cw"]},{"@type":"Person","@id":"https:\/\/www.bellunopress.it\/#\/schema\/person\/79bb06722b37ece1c03d3e94beb30d73","name":"r\u00e9daction","image":{"@type":"ImageObject","inLanguage":"fr-FR","@id":"https:\/\/secure.gravatar.com\/avatar\/37d968a2e67a6fd04c169c4bdef102d0bc5d31b2546345219e348575eb80e9a0?s=96&d=mm&r=g","url":"https:\/\/secure.gravatar.com\/avatar\/37d968a2e67a6fd04c169c4bdef102d0bc5d31b2546345219e348575eb80e9a0?s=96&d=mm&r=g","contentUrl":"https:\/\/secure.gravatar.com\/avatar\/37d968a2e67a6fd04c169c4bdef102d0bc5d31b2546345219e348575eb80e9a0?s=96&d=mm&r=g","caption":"redazione"},"sameAs":["http:\/\/www.bellunopress.it","https:\/\/x.com\/bellunopress"],"url":"https:\/\/www.bellunopress.it\/fr\/author\/redazione\/"}]}},"_links":{"self":[{"href":"https:\/\/www.bellunopress.it\/fr\/wp-json\/wp\/v2\/posts\/17496","targetHints":{"allow":["GET"]}}],"collection":[{"href":"https:\/\/www.bellunopress.it\/fr\/wp-json\/wp\/v2\/posts"}],"about":[{"href":"https:\/\/www.bellunopress.it\/fr\/wp-json\/wp\/v2\/types\/post"}],"author":[{"embeddable":true,"href":"https:\/\/www.bellunopress.it\/fr\/wp-json\/wp\/v2\/users\/2"}],"replies":[{"embeddable":true,"href":"https:\/\/www.bellunopress.it\/fr\/wp-json\/wp\/v2\/comments?post=17496"}],"version-history":[{"count":1,"href":"https:\/\/www.bellunopress.it\/fr\/wp-json\/wp\/v2\/posts\/17496\/revisions"}],"predecessor-version":[{"id":17499,"href":"https:\/\/www.bellunopress.it\/fr\/wp-json\/wp\/v2\/posts\/17496\/revisions\/17499"}],"wp:attachment":[{"href":"https:\/\/www.bellunopress.it\/fr\/wp-json\/wp\/v2\/media?parent=17496"}],"wp:term":[{"taxonomy":"category","embeddable":true,"href":"https:\/\/www.bellunopress.it\/fr\/wp-json\/wp\/v2\/categories?post=17496"},{"taxonomy":"post_tag","embeddable":true,"href":"https:\/\/www.bellunopress.it\/fr\/wp-json\/wp\/v2\/tags?post=17496"}],"curies":[{"name":"wp","href":"https:\/\/api.w.org\/{rel}","templated":true}]}}