{"id":17489,"date":"2010-07-24T22:23:28","date_gmt":"2010-07-24T21:23:28","guid":{"rendered":"http:\/\/www.bellunopress.it\/?p=17489"},"modified":"2010-07-24T22:23:28","modified_gmt":"2010-07-24T21:23:28","slug":"lunedi-a-pedavena-cinemattidestate","status":"publish","type":"post","link":"https:\/\/www.bellunopress.it\/fr\/2010\/07\/24\/lunedi-a-pedavena-cinemattidestate\/","title":{"rendered":"Luned\u00ec a Pedavena Cinematti&#8230;d&#8217;estate"},"content":{"rendered":"<p>Prende il via luned\u00ec prossimo, 26 luglio, la rassegna \u201cCineMatti\u2026 d\u2019estate\u201d, promossa dal Coordinamento feltrino per il volontariato con il contributo del Centro di Servizio per il Volontariato della Provincia di Belluno. Il primo appuntamento sar\u00e0 luned\u00ec alle 20.45 all\u2019esterno della Biblioteca civica di Pedavena con il film \u201cPa-ra-da\u201d per la regia di Marco Pontecorvo. Il film racconta la vera storia del clown di strada Miloud Oukili, il suo arrivo in Romania nel 1992, tre anni dopo la fine della dittatura di Ceausescu e il suo incontro con i bambini dei tombini, i cosiddetti \u201cboskettari\u201d. Un film di contenuto sociale che, considerata la durezza delle tematiche affrontate, \u00e8 adatto ad un pubblico dai 13 anni in su.\u00a0L\u2019ingresso alla proiezione \u00e8 libera, l&#8217;eventuale ricavato della serata sar\u00e0 devoluto all&#8217;Associazione Dottor Clown di Belluno per sostenere l\u2019attivit\u00e0 a favore dei bambini ospiti dell&#8217;orfanotrofio Daddy&#8217;s Home in India.\u00a0La rassegna entrer\u00e0 poi nel vivo nel prossimo mese di agosto con proiezioni per bambini e famiglie.<br \/>\n\u00a0<br \/>\nLA TRAMA DEL FILM \u201cPA-RA-DA\u201d.<br \/>\nE\u2019 la storia dell\u2019amicizia tra una banda di ragazzini tra i tre e i sedici anni e il giovane clown franco algerino Miloud, poco pi\u00f9 che ventenne. I bambini vivono da straccioni, come randagi, dormono nel sottosuolo di Bucarest, nelle grandi condotte dove passano i tubi per il riscaldamento e sopravvivono con furtarelli, accattonaggio e prostituzione. Sono bambini fuggiti dagli orfanotrofi o dalla povert\u00e0 di famiglie indifferenti o disperate, bambini che vivono ammassati nel sottosuolo, nella rete dei canali, su cartoni e materassi putridi, in ambienti sporchi e soffocanti. Miloud coltiva il folle sogno di entrare in contatto con questi ragazzi diffidenti e induriti dalla loro drammatica esperienza di scontri, violenze, lutti, pedofilia e droga. Usa il suo carisma e la sua testardaggine per penetrare il muro di sospetto con cui si difendono e per tirarli fuori dalla loro condizione e portarli a una vita dignitosa. Insegnando le attivit\u00e0 circensi e clownesche e riportandoli alla luce del sole, d\u00e0 loro la speranza in un\u2019esistenza futura.<\/p>","protected":false},"excerpt":{"rendered":"<p>Prende il via luned\u00ec prossimo, 26 luglio, la rassegna \u201cCineMatti\u2026 d\u2019estate\u201d, promossa dal Coordinamento feltrino per il volontariato con il contributo del Centro di Servizio per il Volontariato della Provincia di Belluno. Il primo appuntamento sar\u00e0 luned\u00ec alle 20.45 all\u2019esterno della Biblioteca civica di Pedavena con il film \u201cPa-ra-da\u201d per la regia di Marco Pontecorvo. [&hellip;]<\/p>\n","protected":false},"author":2,"featured_media":0,"comment_status":"closed","ping_status":"open","sticky":false,"template":"","format":"standard","meta":{"footnotes":""},"categories":[27,3,25],"tags":[139,2261],"class_list":["post-17489","post","type-post","status-publish","format-standard","category-appuntamenti","category-arte-cultura-spettacoli-scienza-archivi","category-pausa-caffe","tag-belluno","tag-feltrino"],"yoast_head":"<!-- This site is optimized with the Yoast SEO plugin v28.4 - https:\/\/yoast.com\/product\/yoast-seo-wordpress\/ -->\n<title>Luned\u00ec a Pedavena Cinematti...d&#039;estate  - Bellunopress - Dolomiti<\/title>\n<meta name=\"robots\" content=\"index, follow, max-snippet:-1, max-image-preview:large, max-video-preview:-1\" \/>\n<link rel=\"canonical\" href=\"https:\/\/www.bellunopress.it\/fr\/2010\/07\/24\/lunedi-a-pedavena-cinemattidestate\/\" \/>\n<meta property=\"og:locale\" content=\"fr_FR\" \/>\n<meta property=\"og:type\" content=\"article\" \/>\n<meta property=\"og:title\" content=\"Luned\u00ec a Pedavena Cinematti...d&#039;estate  - Bellunopress - Dolomiti\" \/>\n<meta property=\"og:description\" content=\"Prende il via luned\u00ec prossimo, 26 luglio, la rassegna \u201cCineMatti\u2026 d\u2019estate\u201d, promossa dal Coordinamento feltrino per il volontariato con il contributo del Centro di Servizio per il Volontariato della Provincia di Belluno. Il primo appuntamento sar\u00e0 luned\u00ec alle 20.45 all\u2019esterno della Biblioteca civica di Pedavena con il film \u201cPa-ra-da\u201d per la regia di Marco Pontecorvo. [&hellip;]\" \/>\n<meta property=\"og:url\" content=\"https:\/\/www.bellunopress.it\/fr\/2010\/07\/24\/lunedi-a-pedavena-cinemattidestate\/\" \/>\n<meta property=\"og:site_name\" content=\"Bellunopress - Dolomiti\" \/>\n<meta property=\"article:publisher\" content=\"https:\/\/www.facebook.com\/profile.php?id=100008943462799\" \/>\n<meta property=\"article:published_time\" content=\"2010-07-24T21:23:28+00:00\" \/>\n<meta property=\"og:image\" content=\"http:\/\/www.bellunopress.it\/wp-content\/uploads\/2012\/07\/logo-bellunopress-250x250-2012.jpg\" \/>\n<meta name=\"author\" content=\"redazione\" \/>\n<meta name=\"twitter:card\" content=\"summary_large_image\" \/>\n<meta name=\"twitter:creator\" content=\"@bellunopress\" \/>\n<meta name=\"twitter:site\" content=\"@bellunopress\" \/>\n<meta name=\"twitter:label1\" content=\"\u00c9crit par\" \/>\n\t<meta name=\"twitter:data1\" content=\"redazione\" \/>\n\t<meta name=\"twitter:label2\" content=\"Dur\u00e9e de lecture estim\u00e9e\" \/>\n\t<meta name=\"twitter:data2\" content=\"2 minutes\" \/>\n<script type=\"application\/ld+json\" class=\"yoast-schema-graph\">{\"@context\":\"https:\\\/\\\/schema.org\",\"@graph\":[{\"@type\":\"Article\",\"@id\":\"https:\\\/\\\/www.bellunopress.it\\\/2010\\\/07\\\/24\\\/lunedi-a-pedavena-cinemattidestate\\\/#article\",\"isPartOf\":{\"@id\":\"https:\\\/\\\/www.bellunopress.it\\\/2010\\\/07\\\/24\\\/lunedi-a-pedavena-cinemattidestate\\\/\"},\"author\":{\"name\":\"redazione\",\"@id\":\"https:\\\/\\\/www.bellunopress.it\\\/#\\\/schema\\\/person\\\/79bb06722b37ece1c03d3e94beb30d73\"},\"headline\":\"Luned\u00ec a Pedavena Cinematti&#8230;d&#8217;estate\",\"datePublished\":\"2010-07-24T21:23:28+00:00\",\"mainEntityOfPage\":{\"@id\":\"https:\\\/\\\/www.bellunopress.it\\\/2010\\\/07\\\/24\\\/lunedi-a-pedavena-cinemattidestate\\\/\"},\"wordCount\":343,\"publisher\":{\"@id\":\"https:\\\/\\\/www.bellunopress.it\\\/#organization\"},\"keywords\":[\"Belluno\",\"feltrino\"],\"articleSection\":[\"Appuntamenti, Eventi\",\"Arte, Cultura, Spettacoli, Scienza\",\"Pausa Caff\u00e8\"],\"inLanguage\":\"fr-FR\"},{\"@type\":\"WebPage\",\"@id\":\"https:\\\/\\\/www.bellunopress.it\\\/2010\\\/07\\\/24\\\/lunedi-a-pedavena-cinemattidestate\\\/\",\"url\":\"https:\\\/\\\/www.bellunopress.it\\\/2010\\\/07\\\/24\\\/lunedi-a-pedavena-cinemattidestate\\\/\",\"name\":\"Luned\u00ec a Pedavena Cinematti...d'estate - Bellunopress - Dolomiti\",\"isPartOf\":{\"@id\":\"https:\\\/\\\/www.bellunopress.it\\\/#website\"},\"datePublished\":\"2010-07-24T21:23:28+00:00\",\"breadcrumb\":{\"@id\":\"https:\\\/\\\/www.bellunopress.it\\\/2010\\\/07\\\/24\\\/lunedi-a-pedavena-cinemattidestate\\\/#breadcrumb\"},\"inLanguage\":\"fr-FR\",\"potentialAction\":[{\"@type\":\"ReadAction\",\"target\":[\"https:\\\/\\\/www.bellunopress.it\\\/2010\\\/07\\\/24\\\/lunedi-a-pedavena-cinemattidestate\\\/\"]}]},{\"@type\":\"BreadcrumbList\",\"@id\":\"https:\\\/\\\/www.bellunopress.it\\\/2010\\\/07\\\/24\\\/lunedi-a-pedavena-cinemattidestate\\\/#breadcrumb\",\"itemListElement\":[{\"@type\":\"ListItem\",\"position\":1,\"name\":\"Home\",\"item\":\"https:\\\/\\\/www.bellunopress.it\\\/\"},{\"@type\":\"ListItem\",\"position\":2,\"name\":\"Luned\u00ec a Pedavena Cinematti&#8230;d&#8217;estate\"}]},{\"@type\":\"WebSite\",\"@id\":\"https:\\\/\\\/www.bellunopress.it\\\/#website\",\"url\":\"https:\\\/\\\/www.bellunopress.it\\\/\",\"name\":\"Bellunopress - Dolomiti\",\"description\":\"e-mail: redazione@bellunopress.it\",\"publisher\":{\"@id\":\"https:\\\/\\\/www.bellunopress.it\\\/#organization\"},\"potentialAction\":[{\"@type\":\"SearchAction\",\"target\":{\"@type\":\"EntryPoint\",\"urlTemplate\":\"https:\\\/\\\/www.bellunopress.it\\\/?s={search_term_string}\"},\"query-input\":{\"@type\":\"PropertyValueSpecification\",\"valueRequired\":true,\"valueName\":\"search_term_string\"}}],\"inLanguage\":\"fr-FR\"},{\"@type\":\"Organization\",\"@id\":\"https:\\\/\\\/www.bellunopress.it\\\/#organization\",\"name\":\"Bellunopress\",\"url\":\"https:\\\/\\\/www.bellunopress.it\\\/\",\"logo\":{\"@type\":\"ImageObject\",\"inLanguage\":\"fr-FR\",\"@id\":\"https:\\\/\\\/www.bellunopress.it\\\/#\\\/schema\\\/logo\\\/image\\\/\",\"url\":\"https:\\\/\\\/www.bellunopress.it\\\/wp-content\\\/uploads\\\/2011\\\/05\\\/cropped-logo-bellunopress-.jpg\",\"contentUrl\":\"https:\\\/\\\/www.bellunopress.it\\\/wp-content\\\/uploads\\\/2011\\\/05\\\/cropped-logo-bellunopress-.jpg\",\"width\":512,\"height\":512,\"caption\":\"Bellunopress\"},\"image\":{\"@id\":\"https:\\\/\\\/www.bellunopress.it\\\/#\\\/schema\\\/logo\\\/image\\\/\"},\"sameAs\":[\"https:\\\/\\\/www.facebook.com\\\/profile.php?id=100008943462799\",\"https:\\\/\\\/x.com\\\/bellunopress\",\"https:\\\/\\\/www.linkedin.com\\\/hp\\\/?dnr=JBzUWaJfMUw8vbXJJ2tVW5-I3jZKvC4wsoxE&amp;amp;amp;amp;amp;amp;trk=nav_responsive_tab_home\",\"https:\\\/\\\/www.youtube.com\\\/channel\\\/UCxL0wu1uN0_3_7hGG0306cw\"]},{\"@type\":\"Person\",\"@id\":\"https:\\\/\\\/www.bellunopress.it\\\/#\\\/schema\\\/person\\\/79bb06722b37ece1c03d3e94beb30d73\",\"name\":\"redazione\",\"image\":{\"@type\":\"ImageObject\",\"inLanguage\":\"fr-FR\",\"@id\":\"https:\\\/\\\/secure.gravatar.com\\\/avatar\\\/37d968a2e67a6fd04c169c4bdef102d0bc5d31b2546345219e348575eb80e9a0?s=96&d=mm&r=g\",\"url\":\"https:\\\/\\\/secure.gravatar.com\\\/avatar\\\/37d968a2e67a6fd04c169c4bdef102d0bc5d31b2546345219e348575eb80e9a0?s=96&d=mm&r=g\",\"contentUrl\":\"https:\\\/\\\/secure.gravatar.com\\\/avatar\\\/37d968a2e67a6fd04c169c4bdef102d0bc5d31b2546345219e348575eb80e9a0?s=96&d=mm&r=g\",\"caption\":\"redazione\"},\"sameAs\":[\"http:\\\/\\\/www.bellunopress.it\",\"https:\\\/\\\/x.com\\\/bellunopress\"],\"url\":\"https:\\\/\\\/www.bellunopress.it\\\/fr\\\/author\\\/redazione\\\/\"}]}<\/script>\n<!-- \/ Yoast SEO plugin. -->","yoast_head_json":{"title":"Luned\u00ec a Pedavena Cinematti...d'estate  - Bellunopress - Dolomiti","robots":{"index":"index","follow":"follow","max-snippet":"max-snippet:-1","max-image-preview":"max-image-preview:large","max-video-preview":"max-video-preview:-1"},"canonical":"https:\/\/www.bellunopress.it\/fr\/2010\/07\/24\/lunedi-a-pedavena-cinemattidestate\/","og_locale":"fr_FR","og_type":"article","og_title":"Luned\u00ec a Pedavena Cinematti...d'estate  - Bellunopress - Dolomiti","og_description":"Prende il via luned\u00ec prossimo, 26 luglio, la rassegna \u201cCineMatti\u2026 d\u2019estate\u201d, promossa dal Coordinamento feltrino per il volontariato con il contributo del Centro di Servizio per il Volontariato della Provincia di Belluno. Il primo appuntamento sar\u00e0 luned\u00ec alle 20.45 all\u2019esterno della Biblioteca civica di Pedavena con il film \u201cPa-ra-da\u201d per la regia di Marco Pontecorvo. [&hellip;]","og_url":"https:\/\/www.bellunopress.it\/fr\/2010\/07\/24\/lunedi-a-pedavena-cinemattidestate\/","og_site_name":"Bellunopress - Dolomiti","article_publisher":"https:\/\/www.facebook.com\/profile.php?id=100008943462799","article_published_time":"2010-07-24T21:23:28+00:00","og_image":[{"url":"http:\/\/www.bellunopress.it\/wp-content\/uploads\/2012\/07\/logo-bellunopress-250x250-2012.jpg","type":"","width":"","height":""}],"author":"redazione","twitter_card":"summary_large_image","twitter_creator":"@bellunopress","twitter_site":"@bellunopress","twitter_misc":{"\u00c9crit par":"redazione","Dur\u00e9e de lecture estim\u00e9e":"2 minutes"},"schema":{"@context":"https:\/\/schema.org","@graph":[{"@type":"Article","@id":"https:\/\/www.bellunopress.it\/2010\/07\/24\/lunedi-a-pedavena-cinemattidestate\/#article","isPartOf":{"@id":"https:\/\/www.bellunopress.it\/2010\/07\/24\/lunedi-a-pedavena-cinemattidestate\/"},"author":{"name":"redazione","@id":"https:\/\/www.bellunopress.it\/#\/schema\/person\/79bb06722b37ece1c03d3e94beb30d73"},"headline":"Luned\u00ec a Pedavena Cinematti&#8230;d&#8217;estate","datePublished":"2010-07-24T21:23:28+00:00","mainEntityOfPage":{"@id":"https:\/\/www.bellunopress.it\/2010\/07\/24\/lunedi-a-pedavena-cinemattidestate\/"},"wordCount":343,"publisher":{"@id":"https:\/\/www.bellunopress.it\/#organization"},"keywords":["Belluno","feltrino"],"articleSection":["Appuntamenti, Eventi","Arte, Cultura, Spettacoli, Scienza","Pausa Caff\u00e8"],"inLanguage":"fr-FR"},{"@type":"WebPage","@id":"https:\/\/www.bellunopress.it\/2010\/07\/24\/lunedi-a-pedavena-cinemattidestate\/","url":"https:\/\/www.bellunopress.it\/2010\/07\/24\/lunedi-a-pedavena-cinemattidestate\/","name":"Luned\u00ec a Pedavena Cinematti...d'estate - Bellunopress - Dolomiti","isPartOf":{"@id":"https:\/\/www.bellunopress.it\/#website"},"datePublished":"2010-07-24T21:23:28+00:00","breadcrumb":{"@id":"https:\/\/www.bellunopress.it\/2010\/07\/24\/lunedi-a-pedavena-cinemattidestate\/#breadcrumb"},"inLanguage":"fr-FR","potentialAction":[{"@type":"ReadAction","target":["https:\/\/www.bellunopress.it\/2010\/07\/24\/lunedi-a-pedavena-cinemattidestate\/"]}]},{"@type":"BreadcrumbList","@id":"https:\/\/www.bellunopress.it\/2010\/07\/24\/lunedi-a-pedavena-cinemattidestate\/#breadcrumb","itemListElement":[{"@type":"ListItem","position":1,"name":"Home","item":"https:\/\/www.bellunopress.it\/"},{"@type":"ListItem","position":2,"name":"Luned\u00ec a Pedavena Cinematti&#8230;d&#8217;estate"}]},{"@type":"WebSite","@id":"https:\/\/www.bellunopress.it\/#website","url":"https:\/\/www.bellunopress.it\/","name":"Bellunopress - Dolomiti","description":"e-mail: redazione@bellunopress.it","publisher":{"@id":"https:\/\/www.bellunopress.it\/#organization"},"potentialAction":[{"@type":"SearchAction","target":{"@type":"EntryPoint","urlTemplate":"https:\/\/www.bellunopress.it\/?s={search_term_string}"},"query-input":{"@type":"PropertyValueSpecification","valueRequired":true,"valueName":"search_term_string"}}],"inLanguage":"fr-FR"},{"@type":"Organization","@id":"https:\/\/www.bellunopress.it\/#organization","name":"Bellunopress","url":"https:\/\/www.bellunopress.it\/","logo":{"@type":"ImageObject","inLanguage":"fr-FR","@id":"https:\/\/www.bellunopress.it\/#\/schema\/logo\/image\/","url":"https:\/\/www.bellunopress.it\/wp-content\/uploads\/2011\/05\/cropped-logo-bellunopress-.jpg","contentUrl":"https:\/\/www.bellunopress.it\/wp-content\/uploads\/2011\/05\/cropped-logo-bellunopress-.jpg","width":512,"height":512,"caption":"Bellunopress"},"image":{"@id":"https:\/\/www.bellunopress.it\/#\/schema\/logo\/image\/"},"sameAs":["https:\/\/www.facebook.com\/profile.php?id=100008943462799","https:\/\/x.com\/bellunopress","https:\/\/www.linkedin.com\/hp\/?dnr=JBzUWaJfMUw8vbXJJ2tVW5-I3jZKvC4wsoxE&amp;amp;amp;amp;amp;amp;trk=nav_responsive_tab_home","https:\/\/www.youtube.com\/channel\/UCxL0wu1uN0_3_7hGG0306cw"]},{"@type":"Person","@id":"https:\/\/www.bellunopress.it\/#\/schema\/person\/79bb06722b37ece1c03d3e94beb30d73","name":"r\u00e9daction","image":{"@type":"ImageObject","inLanguage":"fr-FR","@id":"https:\/\/secure.gravatar.com\/avatar\/37d968a2e67a6fd04c169c4bdef102d0bc5d31b2546345219e348575eb80e9a0?s=96&d=mm&r=g","url":"https:\/\/secure.gravatar.com\/avatar\/37d968a2e67a6fd04c169c4bdef102d0bc5d31b2546345219e348575eb80e9a0?s=96&d=mm&r=g","contentUrl":"https:\/\/secure.gravatar.com\/avatar\/37d968a2e67a6fd04c169c4bdef102d0bc5d31b2546345219e348575eb80e9a0?s=96&d=mm&r=g","caption":"redazione"},"sameAs":["http:\/\/www.bellunopress.it","https:\/\/x.com\/bellunopress"],"url":"https:\/\/www.bellunopress.it\/fr\/author\/redazione\/"}]}},"_links":{"self":[{"href":"https:\/\/www.bellunopress.it\/fr\/wp-json\/wp\/v2\/posts\/17489","targetHints":{"allow":["GET"]}}],"collection":[{"href":"https:\/\/www.bellunopress.it\/fr\/wp-json\/wp\/v2\/posts"}],"about":[{"href":"https:\/\/www.bellunopress.it\/fr\/wp-json\/wp\/v2\/types\/post"}],"author":[{"embeddable":true,"href":"https:\/\/www.bellunopress.it\/fr\/wp-json\/wp\/v2\/users\/2"}],"replies":[{"embeddable":true,"href":"https:\/\/www.bellunopress.it\/fr\/wp-json\/wp\/v2\/comments?post=17489"}],"version-history":[{"count":1,"href":"https:\/\/www.bellunopress.it\/fr\/wp-json\/wp\/v2\/posts\/17489\/revisions"}],"predecessor-version":[{"id":17490,"href":"https:\/\/www.bellunopress.it\/fr\/wp-json\/wp\/v2\/posts\/17489\/revisions\/17490"}],"wp:attachment":[{"href":"https:\/\/www.bellunopress.it\/fr\/wp-json\/wp\/v2\/media?parent=17489"}],"wp:term":[{"taxonomy":"category","embeddable":true,"href":"https:\/\/www.bellunopress.it\/fr\/wp-json\/wp\/v2\/categories?post=17489"},{"taxonomy":"post_tag","embeddable":true,"href":"https:\/\/www.bellunopress.it\/fr\/wp-json\/wp\/v2\/tags?post=17489"}],"curies":[{"name":"wp","href":"https:\/\/api.w.org\/{rel}","templated":true}]}}