{"id":17466,"date":"2010-07-24T13:02:53","date_gmt":"2010-07-24T12:02:53","guid":{"rendered":"http:\/\/www.bellunopress.it\/?p=17466"},"modified":"2010-07-24T13:02:53","modified_gmt":"2010-07-24T12:02:53","slug":"prade-faccia-i-nomi-del-malaffare-o-taccia-ci-dica-anche-come-mai-il-rifacimento-del-tetto-della-piscina-per-un-importo-di-900-mila-euro-sia-stato-affidato-senza-regolare-gara-dappalto","status":"publish","type":"post","link":"https:\/\/www.bellunopress.it\/fr\/2010\/07\/24\/prade-faccia-i-nomi-del-malaffare-o-taccia-ci-dica-anche-come-mai-il-rifacimento-del-tetto-della-piscina-per-un-importo-di-900-mila-euro-sia-stato-affidato-senza-regolare-gara-dappalto\/","title":{"rendered":"Prade faccia i nomi del malaffare o taccia! Ci dica anche come mai il rifacimento del tetto della piscina per un importo di 900 mila euro sia stato affidato senza regolare gara d&#8217;appalto"},"content":{"rendered":"<figure id=\"attachment_17467\" aria-describedby=\"caption-attachment-17467\" style=\"width: 218px\" class=\"wp-caption alignleft\"><a href=\"http:\/\/www.bellunopress.it\/wp-content\/uploads\/2010\/07\/jacopo-massaro-290x218.jpg\"><img loading=\"lazy\" decoding=\"async\" class=\"size-medium wp-image-17467\" title=\"jacopo-massaro-290x218\" src=\"http:\/\/www.bellunopress.it\/wp-content\/uploads\/2010\/07\/jacopo-massaro-290x218.jpg\" alt=\"Jacopo Massaro\" width=\"218\" height=\"290\" \/><\/a><figcaption id=\"caption-attachment-17467\" class=\"wp-caption-text\">Jacopo Massaro<\/figcaption><\/figure>\n<p>&#8220;Tre giorni fa diversi media locali hanno diffuso un comunicato del Sindaco Prade nel quale, rispondendo ad una cittadina, spiegava che c&#8217;\u00e8 una \u201ccultura cittadina mossa dalla logica della trib\u00f9\u201d, e che questa \u00e8 \u201ccresciuta all\u2019ombra di pubbliche amministrazioni conniventi, che l\u2019hanno allevata per scopi non sempre nobili\u201d. &#8211; scrive Jacopo Massaro, capogruppo Pd in consiglio comunale in una nota &#8211;\u00a0 Ho atteso, perch\u00e9 ero convinto che questo \u201cdico ma non dico\u201d preparasse una sconvolgente rivelazione su qualche intreccio para-mafioso tra le \u201cpubbliche amministrazioni conniventi\u201d, quindi coautrici di malaffare, ed interessi oscuri nascosti dietro alla parola \u201ccultura\u201d. Non \u00e8 invece successo nulla. Si \u00e8 voluto insinuare qualcosa, far crescere dubbi e diffidenze, far capire che qualcuno guadagna qualcosa in modo criminoso, ma non si dice nulla, o forse pi\u00f9 semplicemente non si ha proprio nulla da dire. Ecco dunque la nuova strategia comunicativa della politica: il pettegolezzo sussurrato. E&#8217; una strategia da spezzare, perch\u00e9 rappresenta il miglior supporto alla torbidezza di della politica attuale, che finge di essere rinnovata, ma rappresenta la continuazione culturale di quella di sempre. Ma non \u00e8 forse giunta l&#8217;ora di essere limpidi? Se ci sono cose che non vanno devono essere denunciate. Altrimenti, si tace. Quando abbiamo trovato situazioni poco chiare l&#8217;abbiamo detto a chiare lettere: sulla questione dell&#8217;affidamento del rifacimento del tetto della piscina senza gara, per esempio, abbiamo fatto i nomi e i cognomi, le cifre e le date. La trasparenza e la sincerit\u00e0 sono elementi oggi inesistenti nel panorama politico. Se non li si recupera, si creano, questa volta si, le trib\u00f9: quelle dei cittadini infuriati e disillusi e quelle dei politicanti chiacchieroni. Invito quindi a spiegare il malaffare di cui si \u00e8 spettegolato. E lo chiedo non certo come difensore di chicchessia, visto che non ho mai amministrato il Comune (sono oggi per la prima volta consigliere comunale), ma da semplice cittadino, che pretende di conoscere i fatti sconci di cui il Sindaco fa capire di essere a conoscenza.&#8221;<br \/>\nJacopo Massaro<\/p>","protected":false},"excerpt":{"rendered":"<p>&#8220;Tre giorni fa diversi media locali hanno diffuso un comunicato del Sindaco Prade nel quale, rispondendo ad una cittadina, spiegava che c&#8217;\u00e8 una \u201ccultura cittadina mossa dalla logica della trib\u00f9\u201d, e che questa \u00e8 \u201ccresciuta all\u2019ombra di pubbliche amministrazioni conniventi, che l\u2019hanno allevata per scopi non sempre nobili\u201d. &#8211; scrive Jacopo Massaro, capogruppo Pd in [&hellip;]<\/p>\n","protected":false},"author":2,"featured_media":0,"comment_status":"closed","ping_status":"open","sticky":false,"template":"","format":"standard","meta":{"footnotes":""},"categories":[5],"tags":[139],"class_list":["post-17466","post","type-post","status-publish","format-standard","category-cronaca","tag-belluno"],"yoast_head":"<!-- This site is optimized with the Yoast SEO plugin v28.4 - https:\/\/yoast.com\/product\/yoast-seo-wordpress\/ -->\n<title>Prade faccia i nomi del malaffare o taccia! Ci dica anche come mai il rifacimento del tetto della piscina per un importo di 900 mila euro sia stato affidato senza regolare gara d&#039;appalto  - Bellunopress - Dolomiti<\/title>\n<meta name=\"robots\" content=\"index, follow, max-snippet:-1, max-image-preview:large, max-video-preview:-1\" \/>\n<link rel=\"canonical\" href=\"https:\/\/www.bellunopress.it\/fr\/2010\/07\/24\/prade-faccia-i-nomi-del-malaffare-o-taccia-ci-dica-anche-come-mai-il-rifacimento-del-tetto-della-piscina-per-un-importo-di-900-mila-euro-sia-stato-affidato-senza-regolare-gara-dappalto\/\" \/>\n<meta property=\"og:locale\" content=\"fr_FR\" \/>\n<meta property=\"og:type\" content=\"article\" \/>\n<meta property=\"og:title\" content=\"Prade faccia i nomi del malaffare o taccia! Ci dica anche come mai il rifacimento del tetto della piscina per un importo di 900 mila euro sia stato affidato senza regolare gara d&#039;appalto  - Bellunopress - Dolomiti\" \/>\n<meta property=\"og:description\" content=\"&#8220;Tre giorni fa diversi media locali hanno diffuso un comunicato del Sindaco Prade nel quale, rispondendo ad una cittadina, spiegava che c&#8217;\u00e8 una \u201ccultura cittadina mossa dalla logica della trib\u00f9\u201d, e che questa \u00e8 \u201ccresciuta all\u2019ombra di pubbliche amministrazioni conniventi, che l\u2019hanno allevata per scopi non sempre nobili\u201d. &#8211; scrive Jacopo Massaro, capogruppo Pd in [&hellip;]\" \/>\n<meta property=\"og:url\" content=\"https:\/\/www.bellunopress.it\/fr\/2010\/07\/24\/prade-faccia-i-nomi-del-malaffare-o-taccia-ci-dica-anche-come-mai-il-rifacimento-del-tetto-della-piscina-per-un-importo-di-900-mila-euro-sia-stato-affidato-senza-regolare-gara-dappalto\/\" \/>\n<meta property=\"og:site_name\" content=\"Bellunopress - Dolomiti\" \/>\n<meta property=\"article:publisher\" content=\"https:\/\/www.facebook.com\/profile.php?id=100008943462799\" \/>\n<meta property=\"article:published_time\" content=\"2010-07-24T12:02:53+00:00\" \/>\n<meta property=\"og:image\" content=\"http:\/\/www.bellunopress.it\/wp-content\/uploads\/2010\/07\/jacopo-massaro-290x218.jpg\" \/>\n<meta name=\"author\" content=\"redazione\" \/>\n<meta name=\"twitter:card\" content=\"summary_large_image\" \/>\n<meta name=\"twitter:creator\" content=\"@bellunopress\" \/>\n<meta name=\"twitter:site\" content=\"@bellunopress\" \/>\n<meta name=\"twitter:label1\" content=\"\u00c9crit par\" \/>\n\t<meta name=\"twitter:data1\" content=\"redazione\" \/>\n\t<meta name=\"twitter:label2\" content=\"Dur\u00e9e de lecture estim\u00e9e\" \/>\n\t<meta name=\"twitter:data2\" content=\"2 minutes\" \/>\n<script type=\"application\/ld+json\" class=\"yoast-schema-graph\">{\"@context\":\"https:\\\/\\\/schema.org\",\"@graph\":[{\"@type\":\"Article\",\"@id\":\"https:\\\/\\\/www.bellunopress.it\\\/2010\\\/07\\\/24\\\/prade-faccia-i-nomi-del-malaffare-o-taccia-ci-dica-anche-come-mai-il-rifacimento-del-tetto-della-piscina-per-un-importo-di-900-mila-euro-sia-stato-affidato-senza-regolare-gara-dappalto\\\/#article\",\"isPartOf\":{\"@id\":\"https:\\\/\\\/www.bellunopress.it\\\/2010\\\/07\\\/24\\\/prade-faccia-i-nomi-del-malaffare-o-taccia-ci-dica-anche-come-mai-il-rifacimento-del-tetto-della-piscina-per-un-importo-di-900-mila-euro-sia-stato-affidato-senza-regolare-gara-dappalto\\\/\"},\"author\":{\"name\":\"redazione\",\"@id\":\"https:\\\/\\\/www.bellunopress.it\\\/#\\\/schema\\\/person\\\/79bb06722b37ece1c03d3e94beb30d73\"},\"headline\":\"Prade faccia i nomi del malaffare o taccia! Ci dica anche come mai il rifacimento del tetto della piscina per un importo di 900 mila euro sia stato affidato senza regolare gara d&#8217;appalto\",\"datePublished\":\"2010-07-24T12:02:53+00:00\",\"mainEntityOfPage\":{\"@id\":\"https:\\\/\\\/www.bellunopress.it\\\/2010\\\/07\\\/24\\\/prade-faccia-i-nomi-del-malaffare-o-taccia-ci-dica-anche-come-mai-il-rifacimento-del-tetto-della-piscina-per-un-importo-di-900-mila-euro-sia-stato-affidato-senza-regolare-gara-dappalto\\\/\"},\"wordCount\":373,\"publisher\":{\"@id\":\"https:\\\/\\\/www.bellunopress.it\\\/#organization\"},\"image\":{\"@id\":\"https:\\\/\\\/www.bellunopress.it\\\/2010\\\/07\\\/24\\\/prade-faccia-i-nomi-del-malaffare-o-taccia-ci-dica-anche-come-mai-il-rifacimento-del-tetto-della-piscina-per-un-importo-di-900-mila-euro-sia-stato-affidato-senza-regolare-gara-dappalto\\\/#primaryimage\"},\"thumbnailUrl\":\"http:\\\/\\\/www.bellunopress.it\\\/wp-content\\\/uploads\\\/2010\\\/07\\\/jacopo-massaro-290x218.jpg\",\"keywords\":[\"Belluno\"],\"articleSection\":[\"Cronaca\\\/Politica\"],\"inLanguage\":\"fr-FR\"},{\"@type\":\"WebPage\",\"@id\":\"https:\\\/\\\/www.bellunopress.it\\\/2010\\\/07\\\/24\\\/prade-faccia-i-nomi-del-malaffare-o-taccia-ci-dica-anche-come-mai-il-rifacimento-del-tetto-della-piscina-per-un-importo-di-900-mila-euro-sia-stato-affidato-senza-regolare-gara-dappalto\\\/\",\"url\":\"https:\\\/\\\/www.bellunopress.it\\\/2010\\\/07\\\/24\\\/prade-faccia-i-nomi-del-malaffare-o-taccia-ci-dica-anche-come-mai-il-rifacimento-del-tetto-della-piscina-per-un-importo-di-900-mila-euro-sia-stato-affidato-senza-regolare-gara-dappalto\\\/\",\"name\":\"Prade faccia i nomi del malaffare o taccia! Ci dica anche come mai il rifacimento del tetto della piscina per un importo di 900 mila euro sia stato affidato senza regolare gara d'appalto - Bellunopress - Dolomiti\",\"isPartOf\":{\"@id\":\"https:\\\/\\\/www.bellunopress.it\\\/#website\"},\"primaryImageOfPage\":{\"@id\":\"https:\\\/\\\/www.bellunopress.it\\\/2010\\\/07\\\/24\\\/prade-faccia-i-nomi-del-malaffare-o-taccia-ci-dica-anche-come-mai-il-rifacimento-del-tetto-della-piscina-per-un-importo-di-900-mila-euro-sia-stato-affidato-senza-regolare-gara-dappalto\\\/#primaryimage\"},\"image\":{\"@id\":\"https:\\\/\\\/www.bellunopress.it\\\/2010\\\/07\\\/24\\\/prade-faccia-i-nomi-del-malaffare-o-taccia-ci-dica-anche-come-mai-il-rifacimento-del-tetto-della-piscina-per-un-importo-di-900-mila-euro-sia-stato-affidato-senza-regolare-gara-dappalto\\\/#primaryimage\"},\"thumbnailUrl\":\"http:\\\/\\\/www.bellunopress.it\\\/wp-content\\\/uploads\\\/2010\\\/07\\\/jacopo-massaro-290x218.jpg\",\"datePublished\":\"2010-07-24T12:02:53+00:00\",\"breadcrumb\":{\"@id\":\"https:\\\/\\\/www.bellunopress.it\\\/2010\\\/07\\\/24\\\/prade-faccia-i-nomi-del-malaffare-o-taccia-ci-dica-anche-come-mai-il-rifacimento-del-tetto-della-piscina-per-un-importo-di-900-mila-euro-sia-stato-affidato-senza-regolare-gara-dappalto\\\/#breadcrumb\"},\"inLanguage\":\"fr-FR\",\"potentialAction\":[{\"@type\":\"ReadAction\",\"target\":[\"https:\\\/\\\/www.bellunopress.it\\\/2010\\\/07\\\/24\\\/prade-faccia-i-nomi-del-malaffare-o-taccia-ci-dica-anche-come-mai-il-rifacimento-del-tetto-della-piscina-per-un-importo-di-900-mila-euro-sia-stato-affidato-senza-regolare-gara-dappalto\\\/\"]}]},{\"@type\":\"ImageObject\",\"inLanguage\":\"fr-FR\",\"@id\":\"https:\\\/\\\/www.bellunopress.it\\\/2010\\\/07\\\/24\\\/prade-faccia-i-nomi-del-malaffare-o-taccia-ci-dica-anche-come-mai-il-rifacimento-del-tetto-della-piscina-per-un-importo-di-900-mila-euro-sia-stato-affidato-senza-regolare-gara-dappalto\\\/#primaryimage\",\"url\":\"http:\\\/\\\/www.bellunopress.it\\\/wp-content\\\/uploads\\\/2010\\\/07\\\/jacopo-massaro-290x218.jpg\",\"contentUrl\":\"http:\\\/\\\/www.bellunopress.it\\\/wp-content\\\/uploads\\\/2010\\\/07\\\/jacopo-massaro-290x218.jpg\"},{\"@type\":\"BreadcrumbList\",\"@id\":\"https:\\\/\\\/www.bellunopress.it\\\/2010\\\/07\\\/24\\\/prade-faccia-i-nomi-del-malaffare-o-taccia-ci-dica-anche-come-mai-il-rifacimento-del-tetto-della-piscina-per-un-importo-di-900-mila-euro-sia-stato-affidato-senza-regolare-gara-dappalto\\\/#breadcrumb\",\"itemListElement\":[{\"@type\":\"ListItem\",\"position\":1,\"name\":\"Home\",\"item\":\"https:\\\/\\\/www.bellunopress.it\\\/\"},{\"@type\":\"ListItem\",\"position\":2,\"name\":\"Prade faccia i nomi del malaffare o taccia! Ci dica anche come mai il rifacimento del tetto della piscina per un importo di 900 mila euro sia stato affidato senza regolare gara d&#8217;appalto\"}]},{\"@type\":\"WebSite\",\"@id\":\"https:\\\/\\\/www.bellunopress.it\\\/#website\",\"url\":\"https:\\\/\\\/www.bellunopress.it\\\/\",\"name\":\"Bellunopress - Dolomiti\",\"description\":\"e-mail: redazione@bellunopress.it\",\"publisher\":{\"@id\":\"https:\\\/\\\/www.bellunopress.it\\\/#organization\"},\"potentialAction\":[{\"@type\":\"SearchAction\",\"target\":{\"@type\":\"EntryPoint\",\"urlTemplate\":\"https:\\\/\\\/www.bellunopress.it\\\/?s={search_term_string}\"},\"query-input\":{\"@type\":\"PropertyValueSpecification\",\"valueRequired\":true,\"valueName\":\"search_term_string\"}}],\"inLanguage\":\"fr-FR\"},{\"@type\":\"Organization\",\"@id\":\"https:\\\/\\\/www.bellunopress.it\\\/#organization\",\"name\":\"Bellunopress\",\"url\":\"https:\\\/\\\/www.bellunopress.it\\\/\",\"logo\":{\"@type\":\"ImageObject\",\"inLanguage\":\"fr-FR\",\"@id\":\"https:\\\/\\\/www.bellunopress.it\\\/#\\\/schema\\\/logo\\\/image\\\/\",\"url\":\"https:\\\/\\\/www.bellunopress.it\\\/wp-content\\\/uploads\\\/2011\\\/05\\\/cropped-logo-bellunopress-.jpg\",\"contentUrl\":\"https:\\\/\\\/www.bellunopress.it\\\/wp-content\\\/uploads\\\/2011\\\/05\\\/cropped-logo-bellunopress-.jpg\",\"width\":512,\"height\":512,\"caption\":\"Bellunopress\"},\"image\":{\"@id\":\"https:\\\/\\\/www.bellunopress.it\\\/#\\\/schema\\\/logo\\\/image\\\/\"},\"sameAs\":[\"https:\\\/\\\/www.facebook.com\\\/profile.php?id=100008943462799\",\"https:\\\/\\\/x.com\\\/bellunopress\",\"https:\\\/\\\/www.linkedin.com\\\/hp\\\/?dnr=JBzUWaJfMUw8vbXJJ2tVW5-I3jZKvC4wsoxE&amp;amp;amp;amp;amp;amp;trk=nav_responsive_tab_home\",\"https:\\\/\\\/www.youtube.com\\\/channel\\\/UCxL0wu1uN0_3_7hGG0306cw\"]},{\"@type\":\"Person\",\"@id\":\"https:\\\/\\\/www.bellunopress.it\\\/#\\\/schema\\\/person\\\/79bb06722b37ece1c03d3e94beb30d73\",\"name\":\"redazione\",\"image\":{\"@type\":\"ImageObject\",\"inLanguage\":\"fr-FR\",\"@id\":\"https:\\\/\\\/secure.gravatar.com\\\/avatar\\\/37d968a2e67a6fd04c169c4bdef102d0bc5d31b2546345219e348575eb80e9a0?s=96&d=mm&r=g\",\"url\":\"https:\\\/\\\/secure.gravatar.com\\\/avatar\\\/37d968a2e67a6fd04c169c4bdef102d0bc5d31b2546345219e348575eb80e9a0?s=96&d=mm&r=g\",\"contentUrl\":\"https:\\\/\\\/secure.gravatar.com\\\/avatar\\\/37d968a2e67a6fd04c169c4bdef102d0bc5d31b2546345219e348575eb80e9a0?s=96&d=mm&r=g\",\"caption\":\"redazione\"},\"sameAs\":[\"http:\\\/\\\/www.bellunopress.it\",\"https:\\\/\\\/x.com\\\/bellunopress\"],\"url\":\"https:\\\/\\\/www.bellunopress.it\\\/fr\\\/author\\\/redazione\\\/\"}]}<\/script>\n<!-- \/ Yoast SEO plugin. -->","yoast_head_json":{"title":"Prade faccia i nomi del malaffare o taccia! Ci dica anche come mai il rifacimento del tetto della piscina per un importo di 900 mila euro sia stato affidato senza regolare gara d'appalto  - Bellunopress - Dolomiti","robots":{"index":"index","follow":"follow","max-snippet":"max-snippet:-1","max-image-preview":"max-image-preview:large","max-video-preview":"max-video-preview:-1"},"canonical":"https:\/\/www.bellunopress.it\/fr\/2010\/07\/24\/prade-faccia-i-nomi-del-malaffare-o-taccia-ci-dica-anche-come-mai-il-rifacimento-del-tetto-della-piscina-per-un-importo-di-900-mila-euro-sia-stato-affidato-senza-regolare-gara-dappalto\/","og_locale":"fr_FR","og_type":"article","og_title":"Prade faccia i nomi del malaffare o taccia! Ci dica anche come mai il rifacimento del tetto della piscina per un importo di 900 mila euro sia stato affidato senza regolare gara d'appalto  - Bellunopress - Dolomiti","og_description":"&#8220;Tre giorni fa diversi media locali hanno diffuso un comunicato del Sindaco Prade nel quale, rispondendo ad una cittadina, spiegava che c&#8217;\u00e8 una \u201ccultura cittadina mossa dalla logica della trib\u00f9\u201d, e che questa \u00e8 \u201ccresciuta all\u2019ombra di pubbliche amministrazioni conniventi, che l\u2019hanno allevata per scopi non sempre nobili\u201d. &#8211; scrive Jacopo Massaro, capogruppo Pd in [&hellip;]","og_url":"https:\/\/www.bellunopress.it\/fr\/2010\/07\/24\/prade-faccia-i-nomi-del-malaffare-o-taccia-ci-dica-anche-come-mai-il-rifacimento-del-tetto-della-piscina-per-un-importo-di-900-mila-euro-sia-stato-affidato-senza-regolare-gara-dappalto\/","og_site_name":"Bellunopress - Dolomiti","article_publisher":"https:\/\/www.facebook.com\/profile.php?id=100008943462799","article_published_time":"2010-07-24T12:02:53+00:00","og_image":[{"url":"http:\/\/www.bellunopress.it\/wp-content\/uploads\/2010\/07\/jacopo-massaro-290x218.jpg","type":"","width":"","height":""}],"author":"redazione","twitter_card":"summary_large_image","twitter_creator":"@bellunopress","twitter_site":"@bellunopress","twitter_misc":{"\u00c9crit par":"redazione","Dur\u00e9e de lecture estim\u00e9e":"2 minutes"},"schema":{"@context":"https:\/\/schema.org","@graph":[{"@type":"Article","@id":"https:\/\/www.bellunopress.it\/2010\/07\/24\/prade-faccia-i-nomi-del-malaffare-o-taccia-ci-dica-anche-come-mai-il-rifacimento-del-tetto-della-piscina-per-un-importo-di-900-mila-euro-sia-stato-affidato-senza-regolare-gara-dappalto\/#article","isPartOf":{"@id":"https:\/\/www.bellunopress.it\/2010\/07\/24\/prade-faccia-i-nomi-del-malaffare-o-taccia-ci-dica-anche-come-mai-il-rifacimento-del-tetto-della-piscina-per-un-importo-di-900-mila-euro-sia-stato-affidato-senza-regolare-gara-dappalto\/"},"author":{"name":"redazione","@id":"https:\/\/www.bellunopress.it\/#\/schema\/person\/79bb06722b37ece1c03d3e94beb30d73"},"headline":"Prade faccia i nomi del malaffare o taccia! Ci dica anche come mai il rifacimento del tetto della piscina per un importo di 900 mila euro sia stato affidato senza regolare gara d&#8217;appalto","datePublished":"2010-07-24T12:02:53+00:00","mainEntityOfPage":{"@id":"https:\/\/www.bellunopress.it\/2010\/07\/24\/prade-faccia-i-nomi-del-malaffare-o-taccia-ci-dica-anche-come-mai-il-rifacimento-del-tetto-della-piscina-per-un-importo-di-900-mila-euro-sia-stato-affidato-senza-regolare-gara-dappalto\/"},"wordCount":373,"publisher":{"@id":"https:\/\/www.bellunopress.it\/#organization"},"image":{"@id":"https:\/\/www.bellunopress.it\/2010\/07\/24\/prade-faccia-i-nomi-del-malaffare-o-taccia-ci-dica-anche-come-mai-il-rifacimento-del-tetto-della-piscina-per-un-importo-di-900-mila-euro-sia-stato-affidato-senza-regolare-gara-dappalto\/#primaryimage"},"thumbnailUrl":"http:\/\/www.bellunopress.it\/wp-content\/uploads\/2010\/07\/jacopo-massaro-290x218.jpg","keywords":["Belluno"],"articleSection":["Cronaca\/Politica"],"inLanguage":"fr-FR"},{"@type":"WebPage","@id":"https:\/\/www.bellunopress.it\/2010\/07\/24\/prade-faccia-i-nomi-del-malaffare-o-taccia-ci-dica-anche-come-mai-il-rifacimento-del-tetto-della-piscina-per-un-importo-di-900-mila-euro-sia-stato-affidato-senza-regolare-gara-dappalto\/","url":"https:\/\/www.bellunopress.it\/2010\/07\/24\/prade-faccia-i-nomi-del-malaffare-o-taccia-ci-dica-anche-come-mai-il-rifacimento-del-tetto-della-piscina-per-un-importo-di-900-mila-euro-sia-stato-affidato-senza-regolare-gara-dappalto\/","name":"Prade faccia i nomi del malaffare o taccia! Ci dica anche come mai il rifacimento del tetto della piscina per un importo di 900 mila euro sia stato affidato senza regolare gara d'appalto - Bellunopress - Dolomiti","isPartOf":{"@id":"https:\/\/www.bellunopress.it\/#website"},"primaryImageOfPage":{"@id":"https:\/\/www.bellunopress.it\/2010\/07\/24\/prade-faccia-i-nomi-del-malaffare-o-taccia-ci-dica-anche-come-mai-il-rifacimento-del-tetto-della-piscina-per-un-importo-di-900-mila-euro-sia-stato-affidato-senza-regolare-gara-dappalto\/#primaryimage"},"image":{"@id":"https:\/\/www.bellunopress.it\/2010\/07\/24\/prade-faccia-i-nomi-del-malaffare-o-taccia-ci-dica-anche-come-mai-il-rifacimento-del-tetto-della-piscina-per-un-importo-di-900-mila-euro-sia-stato-affidato-senza-regolare-gara-dappalto\/#primaryimage"},"thumbnailUrl":"http:\/\/www.bellunopress.it\/wp-content\/uploads\/2010\/07\/jacopo-massaro-290x218.jpg","datePublished":"2010-07-24T12:02:53+00:00","breadcrumb":{"@id":"https:\/\/www.bellunopress.it\/2010\/07\/24\/prade-faccia-i-nomi-del-malaffare-o-taccia-ci-dica-anche-come-mai-il-rifacimento-del-tetto-della-piscina-per-un-importo-di-900-mila-euro-sia-stato-affidato-senza-regolare-gara-dappalto\/#breadcrumb"},"inLanguage":"fr-FR","potentialAction":[{"@type":"ReadAction","target":["https:\/\/www.bellunopress.it\/2010\/07\/24\/prade-faccia-i-nomi-del-malaffare-o-taccia-ci-dica-anche-come-mai-il-rifacimento-del-tetto-della-piscina-per-un-importo-di-900-mila-euro-sia-stato-affidato-senza-regolare-gara-dappalto\/"]}]},{"@type":"ImageObject","inLanguage":"fr-FR","@id":"https:\/\/www.bellunopress.it\/2010\/07\/24\/prade-faccia-i-nomi-del-malaffare-o-taccia-ci-dica-anche-come-mai-il-rifacimento-del-tetto-della-piscina-per-un-importo-di-900-mila-euro-sia-stato-affidato-senza-regolare-gara-dappalto\/#primaryimage","url":"http:\/\/www.bellunopress.it\/wp-content\/uploads\/2010\/07\/jacopo-massaro-290x218.jpg","contentUrl":"http:\/\/www.bellunopress.it\/wp-content\/uploads\/2010\/07\/jacopo-massaro-290x218.jpg"},{"@type":"BreadcrumbList","@id":"https:\/\/www.bellunopress.it\/2010\/07\/24\/prade-faccia-i-nomi-del-malaffare-o-taccia-ci-dica-anche-come-mai-il-rifacimento-del-tetto-della-piscina-per-un-importo-di-900-mila-euro-sia-stato-affidato-senza-regolare-gara-dappalto\/#breadcrumb","itemListElement":[{"@type":"ListItem","position":1,"name":"Home","item":"https:\/\/www.bellunopress.it\/"},{"@type":"ListItem","position":2,"name":"Prade faccia i nomi del malaffare o taccia! Ci dica anche come mai il rifacimento del tetto della piscina per un importo di 900 mila euro sia stato affidato senza regolare gara d&#8217;appalto"}]},{"@type":"WebSite","@id":"https:\/\/www.bellunopress.it\/#website","url":"https:\/\/www.bellunopress.it\/","name":"Bellunopress - Dolomiti","description":"e-mail: redazione@bellunopress.it","publisher":{"@id":"https:\/\/www.bellunopress.it\/#organization"},"potentialAction":[{"@type":"SearchAction","target":{"@type":"EntryPoint","urlTemplate":"https:\/\/www.bellunopress.it\/?s={search_term_string}"},"query-input":{"@type":"PropertyValueSpecification","valueRequired":true,"valueName":"search_term_string"}}],"inLanguage":"fr-FR"},{"@type":"Organization","@id":"https:\/\/www.bellunopress.it\/#organization","name":"Bellunopress","url":"https:\/\/www.bellunopress.it\/","logo":{"@type":"ImageObject","inLanguage":"fr-FR","@id":"https:\/\/www.bellunopress.it\/#\/schema\/logo\/image\/","url":"https:\/\/www.bellunopress.it\/wp-content\/uploads\/2011\/05\/cropped-logo-bellunopress-.jpg","contentUrl":"https:\/\/www.bellunopress.it\/wp-content\/uploads\/2011\/05\/cropped-logo-bellunopress-.jpg","width":512,"height":512,"caption":"Bellunopress"},"image":{"@id":"https:\/\/www.bellunopress.it\/#\/schema\/logo\/image\/"},"sameAs":["https:\/\/www.facebook.com\/profile.php?id=100008943462799","https:\/\/x.com\/bellunopress","https:\/\/www.linkedin.com\/hp\/?dnr=JBzUWaJfMUw8vbXJJ2tVW5-I3jZKvC4wsoxE&amp;amp;amp;amp;amp;amp;trk=nav_responsive_tab_home","https:\/\/www.youtube.com\/channel\/UCxL0wu1uN0_3_7hGG0306cw"]},{"@type":"Person","@id":"https:\/\/www.bellunopress.it\/#\/schema\/person\/79bb06722b37ece1c03d3e94beb30d73","name":"r\u00e9daction","image":{"@type":"ImageObject","inLanguage":"fr-FR","@id":"https:\/\/secure.gravatar.com\/avatar\/37d968a2e67a6fd04c169c4bdef102d0bc5d31b2546345219e348575eb80e9a0?s=96&d=mm&r=g","url":"https:\/\/secure.gravatar.com\/avatar\/37d968a2e67a6fd04c169c4bdef102d0bc5d31b2546345219e348575eb80e9a0?s=96&d=mm&r=g","contentUrl":"https:\/\/secure.gravatar.com\/avatar\/37d968a2e67a6fd04c169c4bdef102d0bc5d31b2546345219e348575eb80e9a0?s=96&d=mm&r=g","caption":"redazione"},"sameAs":["http:\/\/www.bellunopress.it","https:\/\/x.com\/bellunopress"],"url":"https:\/\/www.bellunopress.it\/fr\/author\/redazione\/"}]}},"_links":{"self":[{"href":"https:\/\/www.bellunopress.it\/fr\/wp-json\/wp\/v2\/posts\/17466","targetHints":{"allow":["GET"]}}],"collection":[{"href":"https:\/\/www.bellunopress.it\/fr\/wp-json\/wp\/v2\/posts"}],"about":[{"href":"https:\/\/www.bellunopress.it\/fr\/wp-json\/wp\/v2\/types\/post"}],"author":[{"embeddable":true,"href":"https:\/\/www.bellunopress.it\/fr\/wp-json\/wp\/v2\/users\/2"}],"replies":[{"embeddable":true,"href":"https:\/\/www.bellunopress.it\/fr\/wp-json\/wp\/v2\/comments?post=17466"}],"version-history":[{"count":1,"href":"https:\/\/www.bellunopress.it\/fr\/wp-json\/wp\/v2\/posts\/17466\/revisions"}],"predecessor-version":[{"id":17468,"href":"https:\/\/www.bellunopress.it\/fr\/wp-json\/wp\/v2\/posts\/17466\/revisions\/17468"}],"wp:attachment":[{"href":"https:\/\/www.bellunopress.it\/fr\/wp-json\/wp\/v2\/media?parent=17466"}],"wp:term":[{"taxonomy":"category","embeddable":true,"href":"https:\/\/www.bellunopress.it\/fr\/wp-json\/wp\/v2\/categories?post=17466"},{"taxonomy":"post_tag","embeddable":true,"href":"https:\/\/www.bellunopress.it\/fr\/wp-json\/wp\/v2\/tags?post=17466"}],"curies":[{"name":"wp","href":"https:\/\/api.w.org\/{rel}","templated":true}]}}