{"id":17464,"date":"2010-07-24T12:50:24","date_gmt":"2010-07-24T11:50:24","guid":{"rendered":"http:\/\/www.bellunopress.it\/?p=17464"},"modified":"2010-07-24T12:50:24","modified_gmt":"2010-07-24T11:50:24","slug":"belluno-acqua-di-nuovo-potabile-il-sindaco-firma-lordinanza","status":"publish","type":"post","link":"https:\/\/www.bellunopress.it\/fr\/2010\/07\/24\/belluno-acqua-di-nuovo-potabile-il-sindaco-firma-lordinanza\/","title":{"rendered":"Belluno, acqua di nuovo potabile, il sindaco firma l&#8217;ordinanza"},"content":{"rendered":"<p>Dopo che nei giorni scorsi gli accertamenti eseguiti dall\u2019ULSS N.1 avevano evidenziato una difformit\u00e0 dei parametri indicatori della potabilit\u00e0 dell\u2019acqua erogata dalla rete idrica pubblica per le localit\u00e0 di<br \/>\nVia 30 aprile, via Boito, via Brustolon, via D\u2019Inca&#8217;, via Fulcis, via Gabelli, via Lazzarini, via Alzaia, via Tissi, via Bettin, via Brigata Marche, via Caduti Ponte San Felice, via Carrera, piazza Castello, piazzale Battisti, via Cavour, via Cipro, via Marchesi, via Col da Ren, via Col di Lana, via Col di Piana, via Dante Alighieri, via Buzzati, via dei Dendrofori, piazza dei Martiri, via del Cansiglio, via del Piave, piazza Duomo, viale Europa, via Feltre, via Ostilio, via Carducci, via De Min, via Diziani, viale Fantuzzi, via Garibaldi, via Marconi, via Matteotti, via Mazzini, piazza Piloni, via Segato, via Zais, via Caffi, via 1\u00b0 Novembre, via Internati e Deportati, via Tasso, via Lambioi, via La Vignetta, via Loreto, via Zuppani, via Maraga, piazza Mercato, via Mezzaterra, via Mier, via Montalban, via Crepadoni, via Talamini, via Pagello, via De Stefani, via Paoletti, via Prade, via Rialto, via Valeriano, via Ripa, via Roma, via San Gervasio, via Psaro, via San Lorenzo, via San Lucano, via San Pietro, via Santa Croce, via Sant\u2019Andrea, piazza Santo Stefano, via Simon da Cusighe, via Santa Maria dei Battuti, via Sottocastello, via Ricci, piazzale della Stazione, via Catullo, vicolo Tis, via Tofane, via Torricelle, via Vittorio Emanuele, via Volontari della Libert\u00e0. Le analisi successive effettuate dalla stessa ULSS hanno evidenziato il rientro alla normalit\u00e0 e la rispondenza dell\u2019acqua ai parametri di legge. Pertanto, gli abitanti di queste localit\u00e0 possono riprendere a utilizzare normalmente l&#8217;acqua erogata dell&#8217;acquedotto.<\/p>","protected":false},"excerpt":{"rendered":"<p>Dopo che nei giorni scorsi gli accertamenti eseguiti dall\u2019ULSS N.1 avevano evidenziato una difformit\u00e0 dei parametri indicatori della potabilit\u00e0 dell\u2019acqua erogata dalla rete idrica pubblica per le localit\u00e0 di Via 30 aprile, via Boito, via Brustolon, via D\u2019Inca&#8217;, via Fulcis, via Gabelli, via Lazzarini, via Alzaia, via Tissi, via Bettin, via Brigata Marche, via Caduti [&hellip;]<\/p>\n","protected":false},"author":2,"featured_media":0,"comment_status":"closed","ping_status":"open","sticky":false,"template":"","format":"standard","meta":{"footnotes":""},"categories":[5,26],"tags":[139,302],"class_list":["post-17464","post","type-post","status-publish","format-standard","category-cronaca","category-prima-pagina","tag-belluno","tag-feltre"],"yoast_head":"<!-- This site is optimized with the Yoast SEO plugin v28.4 - https:\/\/yoast.com\/product\/yoast-seo-wordpress\/ -->\n<title>Belluno, acqua di nuovo potabile, il sindaco firma l&#039;ordinanza - Bellunopress - Dolomiti<\/title>\n<meta name=\"robots\" content=\"index, follow, max-snippet:-1, max-image-preview:large, max-video-preview:-1\" \/>\n<link rel=\"canonical\" href=\"https:\/\/www.bellunopress.it\/fr\/2010\/07\/24\/belluno-acqua-di-nuovo-potabile-il-sindaco-firma-lordinanza\/\" \/>\n<meta property=\"og:locale\" content=\"fr_FR\" \/>\n<meta property=\"og:type\" content=\"article\" \/>\n<meta property=\"og:title\" content=\"Belluno, acqua di nuovo potabile, il sindaco firma l&#039;ordinanza - Bellunopress - Dolomiti\" \/>\n<meta property=\"og:description\" content=\"Dopo che nei giorni scorsi gli accertamenti eseguiti dall\u2019ULSS N.1 avevano evidenziato una difformit\u00e0 dei parametri indicatori della potabilit\u00e0 dell\u2019acqua erogata dalla rete idrica pubblica per le localit\u00e0 di Via 30 aprile, via Boito, via Brustolon, via D\u2019Inca&#8217;, via Fulcis, via Gabelli, via Lazzarini, via Alzaia, via Tissi, via Bettin, via Brigata Marche, via Caduti [&hellip;]\" \/>\n<meta property=\"og:url\" content=\"https:\/\/www.bellunopress.it\/fr\/2010\/07\/24\/belluno-acqua-di-nuovo-potabile-il-sindaco-firma-lordinanza\/\" \/>\n<meta property=\"og:site_name\" content=\"Bellunopress - Dolomiti\" \/>\n<meta property=\"article:publisher\" content=\"https:\/\/www.facebook.com\/profile.php?id=100008943462799\" \/>\n<meta property=\"article:published_time\" content=\"2010-07-24T11:50:24+00:00\" \/>\n<meta property=\"og:image\" content=\"http:\/\/www.bellunopress.it\/wp-content\/uploads\/2012\/07\/logo-bellunopress-250x250-2012.jpg\" \/>\n<meta name=\"author\" content=\"redazione\" \/>\n<meta name=\"twitter:card\" content=\"summary_large_image\" \/>\n<meta name=\"twitter:creator\" content=\"@bellunopress\" \/>\n<meta name=\"twitter:site\" content=\"@bellunopress\" \/>\n<meta name=\"twitter:label1\" content=\"\u00c9crit par\" \/>\n\t<meta name=\"twitter:data1\" content=\"redazione\" \/>\n\t<meta name=\"twitter:label2\" content=\"Dur\u00e9e de lecture estim\u00e9e\" \/>\n\t<meta name=\"twitter:data2\" content=\"1 minute\" \/>\n<script type=\"application\/ld+json\" class=\"yoast-schema-graph\">{\"@context\":\"https:\\\/\\\/schema.org\",\"@graph\":[{\"@type\":\"Article\",\"@id\":\"https:\\\/\\\/www.bellunopress.it\\\/2010\\\/07\\\/24\\\/belluno-acqua-di-nuovo-potabile-il-sindaco-firma-lordinanza\\\/#article\",\"isPartOf\":{\"@id\":\"https:\\\/\\\/www.bellunopress.it\\\/2010\\\/07\\\/24\\\/belluno-acqua-di-nuovo-potabile-il-sindaco-firma-lordinanza\\\/\"},\"author\":{\"name\":\"redazione\",\"@id\":\"https:\\\/\\\/www.bellunopress.it\\\/#\\\/schema\\\/person\\\/79bb06722b37ece1c03d3e94beb30d73\"},\"headline\":\"Belluno, acqua di nuovo potabile, il sindaco firma l&#8217;ordinanza\",\"datePublished\":\"2010-07-24T11:50:24+00:00\",\"mainEntityOfPage\":{\"@id\":\"https:\\\/\\\/www.bellunopress.it\\\/2010\\\/07\\\/24\\\/belluno-acqua-di-nuovo-potabile-il-sindaco-firma-lordinanza\\\/\"},\"wordCount\":284,\"publisher\":{\"@id\":\"https:\\\/\\\/www.bellunopress.it\\\/#organization\"},\"keywords\":[\"Belluno\",\"Feltre\"],\"articleSection\":[\"Cronaca\\\/Politica\",\"Prima Pagina\"],\"inLanguage\":\"fr-FR\"},{\"@type\":\"WebPage\",\"@id\":\"https:\\\/\\\/www.bellunopress.it\\\/2010\\\/07\\\/24\\\/belluno-acqua-di-nuovo-potabile-il-sindaco-firma-lordinanza\\\/\",\"url\":\"https:\\\/\\\/www.bellunopress.it\\\/2010\\\/07\\\/24\\\/belluno-acqua-di-nuovo-potabile-il-sindaco-firma-lordinanza\\\/\",\"name\":\"Belluno, acqua di nuovo potabile, il sindaco firma l'ordinanza - Bellunopress - Dolomiti\",\"isPartOf\":{\"@id\":\"https:\\\/\\\/www.bellunopress.it\\\/#website\"},\"datePublished\":\"2010-07-24T11:50:24+00:00\",\"breadcrumb\":{\"@id\":\"https:\\\/\\\/www.bellunopress.it\\\/2010\\\/07\\\/24\\\/belluno-acqua-di-nuovo-potabile-il-sindaco-firma-lordinanza\\\/#breadcrumb\"},\"inLanguage\":\"fr-FR\",\"potentialAction\":[{\"@type\":\"ReadAction\",\"target\":[\"https:\\\/\\\/www.bellunopress.it\\\/2010\\\/07\\\/24\\\/belluno-acqua-di-nuovo-potabile-il-sindaco-firma-lordinanza\\\/\"]}]},{\"@type\":\"BreadcrumbList\",\"@id\":\"https:\\\/\\\/www.bellunopress.it\\\/2010\\\/07\\\/24\\\/belluno-acqua-di-nuovo-potabile-il-sindaco-firma-lordinanza\\\/#breadcrumb\",\"itemListElement\":[{\"@type\":\"ListItem\",\"position\":1,\"name\":\"Home\",\"item\":\"https:\\\/\\\/www.bellunopress.it\\\/\"},{\"@type\":\"ListItem\",\"position\":2,\"name\":\"Belluno, acqua di nuovo potabile, il sindaco firma l&#8217;ordinanza\"}]},{\"@type\":\"WebSite\",\"@id\":\"https:\\\/\\\/www.bellunopress.it\\\/#website\",\"url\":\"https:\\\/\\\/www.bellunopress.it\\\/\",\"name\":\"Bellunopress - Dolomiti\",\"description\":\"e-mail: redazione@bellunopress.it\",\"publisher\":{\"@id\":\"https:\\\/\\\/www.bellunopress.it\\\/#organization\"},\"potentialAction\":[{\"@type\":\"SearchAction\",\"target\":{\"@type\":\"EntryPoint\",\"urlTemplate\":\"https:\\\/\\\/www.bellunopress.it\\\/?s={search_term_string}\"},\"query-input\":{\"@type\":\"PropertyValueSpecification\",\"valueRequired\":true,\"valueName\":\"search_term_string\"}}],\"inLanguage\":\"fr-FR\"},{\"@type\":\"Organization\",\"@id\":\"https:\\\/\\\/www.bellunopress.it\\\/#organization\",\"name\":\"Bellunopress\",\"url\":\"https:\\\/\\\/www.bellunopress.it\\\/\",\"logo\":{\"@type\":\"ImageObject\",\"inLanguage\":\"fr-FR\",\"@id\":\"https:\\\/\\\/www.bellunopress.it\\\/#\\\/schema\\\/logo\\\/image\\\/\",\"url\":\"https:\\\/\\\/www.bellunopress.it\\\/wp-content\\\/uploads\\\/2011\\\/05\\\/cropped-logo-bellunopress-.jpg\",\"contentUrl\":\"https:\\\/\\\/www.bellunopress.it\\\/wp-content\\\/uploads\\\/2011\\\/05\\\/cropped-logo-bellunopress-.jpg\",\"width\":512,\"height\":512,\"caption\":\"Bellunopress\"},\"image\":{\"@id\":\"https:\\\/\\\/www.bellunopress.it\\\/#\\\/schema\\\/logo\\\/image\\\/\"},\"sameAs\":[\"https:\\\/\\\/www.facebook.com\\\/profile.php?id=100008943462799\",\"https:\\\/\\\/x.com\\\/bellunopress\",\"https:\\\/\\\/www.linkedin.com\\\/hp\\\/?dnr=JBzUWaJfMUw8vbXJJ2tVW5-I3jZKvC4wsoxE&amp;amp;amp;amp;amp;amp;trk=nav_responsive_tab_home\",\"https:\\\/\\\/www.youtube.com\\\/channel\\\/UCxL0wu1uN0_3_7hGG0306cw\"]},{\"@type\":\"Person\",\"@id\":\"https:\\\/\\\/www.bellunopress.it\\\/#\\\/schema\\\/person\\\/79bb06722b37ece1c03d3e94beb30d73\",\"name\":\"redazione\",\"image\":{\"@type\":\"ImageObject\",\"inLanguage\":\"fr-FR\",\"@id\":\"https:\\\/\\\/secure.gravatar.com\\\/avatar\\\/37d968a2e67a6fd04c169c4bdef102d0bc5d31b2546345219e348575eb80e9a0?s=96&d=mm&r=g\",\"url\":\"https:\\\/\\\/secure.gravatar.com\\\/avatar\\\/37d968a2e67a6fd04c169c4bdef102d0bc5d31b2546345219e348575eb80e9a0?s=96&d=mm&r=g\",\"contentUrl\":\"https:\\\/\\\/secure.gravatar.com\\\/avatar\\\/37d968a2e67a6fd04c169c4bdef102d0bc5d31b2546345219e348575eb80e9a0?s=96&d=mm&r=g\",\"caption\":\"redazione\"},\"sameAs\":[\"http:\\\/\\\/www.bellunopress.it\",\"https:\\\/\\\/x.com\\\/bellunopress\"],\"url\":\"https:\\\/\\\/www.bellunopress.it\\\/fr\\\/author\\\/redazione\\\/\"}]}<\/script>\n<!-- \/ Yoast SEO plugin. -->","yoast_head_json":{"title":"Belluno, acqua di nuovo potabile, il sindaco firma l'ordinanza - Bellunopress - Dolomiti","robots":{"index":"index","follow":"follow","max-snippet":"max-snippet:-1","max-image-preview":"max-image-preview:large","max-video-preview":"max-video-preview:-1"},"canonical":"https:\/\/www.bellunopress.it\/fr\/2010\/07\/24\/belluno-acqua-di-nuovo-potabile-il-sindaco-firma-lordinanza\/","og_locale":"fr_FR","og_type":"article","og_title":"Belluno, acqua di nuovo potabile, il sindaco firma l'ordinanza - Bellunopress - Dolomiti","og_description":"Dopo che nei giorni scorsi gli accertamenti eseguiti dall\u2019ULSS N.1 avevano evidenziato una difformit\u00e0 dei parametri indicatori della potabilit\u00e0 dell\u2019acqua erogata dalla rete idrica pubblica per le localit\u00e0 di Via 30 aprile, via Boito, via Brustolon, via D\u2019Inca&#8217;, via Fulcis, via Gabelli, via Lazzarini, via Alzaia, via Tissi, via Bettin, via Brigata Marche, via Caduti [&hellip;]","og_url":"https:\/\/www.bellunopress.it\/fr\/2010\/07\/24\/belluno-acqua-di-nuovo-potabile-il-sindaco-firma-lordinanza\/","og_site_name":"Bellunopress - Dolomiti","article_publisher":"https:\/\/www.facebook.com\/profile.php?id=100008943462799","article_published_time":"2010-07-24T11:50:24+00:00","og_image":[{"url":"http:\/\/www.bellunopress.it\/wp-content\/uploads\/2012\/07\/logo-bellunopress-250x250-2012.jpg","type":"","width":"","height":""}],"author":"redazione","twitter_card":"summary_large_image","twitter_creator":"@bellunopress","twitter_site":"@bellunopress","twitter_misc":{"\u00c9crit par":"redazione","Dur\u00e9e de lecture estim\u00e9e":"1 minute"},"schema":{"@context":"https:\/\/schema.org","@graph":[{"@type":"Article","@id":"https:\/\/www.bellunopress.it\/2010\/07\/24\/belluno-acqua-di-nuovo-potabile-il-sindaco-firma-lordinanza\/#article","isPartOf":{"@id":"https:\/\/www.bellunopress.it\/2010\/07\/24\/belluno-acqua-di-nuovo-potabile-il-sindaco-firma-lordinanza\/"},"author":{"name":"redazione","@id":"https:\/\/www.bellunopress.it\/#\/schema\/person\/79bb06722b37ece1c03d3e94beb30d73"},"headline":"Belluno, acqua di nuovo potabile, il sindaco firma l&#8217;ordinanza","datePublished":"2010-07-24T11:50:24+00:00","mainEntityOfPage":{"@id":"https:\/\/www.bellunopress.it\/2010\/07\/24\/belluno-acqua-di-nuovo-potabile-il-sindaco-firma-lordinanza\/"},"wordCount":284,"publisher":{"@id":"https:\/\/www.bellunopress.it\/#organization"},"keywords":["Belluno","Feltre"],"articleSection":["Cronaca\/Politica","Prima Pagina"],"inLanguage":"fr-FR"},{"@type":"WebPage","@id":"https:\/\/www.bellunopress.it\/2010\/07\/24\/belluno-acqua-di-nuovo-potabile-il-sindaco-firma-lordinanza\/","url":"https:\/\/www.bellunopress.it\/2010\/07\/24\/belluno-acqua-di-nuovo-potabile-il-sindaco-firma-lordinanza\/","name":"Belluno, acqua di nuovo potabile, il sindaco firma l'ordinanza - Bellunopress - Dolomiti","isPartOf":{"@id":"https:\/\/www.bellunopress.it\/#website"},"datePublished":"2010-07-24T11:50:24+00:00","breadcrumb":{"@id":"https:\/\/www.bellunopress.it\/2010\/07\/24\/belluno-acqua-di-nuovo-potabile-il-sindaco-firma-lordinanza\/#breadcrumb"},"inLanguage":"fr-FR","potentialAction":[{"@type":"ReadAction","target":["https:\/\/www.bellunopress.it\/2010\/07\/24\/belluno-acqua-di-nuovo-potabile-il-sindaco-firma-lordinanza\/"]}]},{"@type":"BreadcrumbList","@id":"https:\/\/www.bellunopress.it\/2010\/07\/24\/belluno-acqua-di-nuovo-potabile-il-sindaco-firma-lordinanza\/#breadcrumb","itemListElement":[{"@type":"ListItem","position":1,"name":"Home","item":"https:\/\/www.bellunopress.it\/"},{"@type":"ListItem","position":2,"name":"Belluno, acqua di nuovo potabile, il sindaco firma l&#8217;ordinanza"}]},{"@type":"WebSite","@id":"https:\/\/www.bellunopress.it\/#website","url":"https:\/\/www.bellunopress.it\/","name":"Bellunopress - Dolomiti","description":"e-mail: redazione@bellunopress.it","publisher":{"@id":"https:\/\/www.bellunopress.it\/#organization"},"potentialAction":[{"@type":"SearchAction","target":{"@type":"EntryPoint","urlTemplate":"https:\/\/www.bellunopress.it\/?s={search_term_string}"},"query-input":{"@type":"PropertyValueSpecification","valueRequired":true,"valueName":"search_term_string"}}],"inLanguage":"fr-FR"},{"@type":"Organization","@id":"https:\/\/www.bellunopress.it\/#organization","name":"Bellunopress","url":"https:\/\/www.bellunopress.it\/","logo":{"@type":"ImageObject","inLanguage":"fr-FR","@id":"https:\/\/www.bellunopress.it\/#\/schema\/logo\/image\/","url":"https:\/\/www.bellunopress.it\/wp-content\/uploads\/2011\/05\/cropped-logo-bellunopress-.jpg","contentUrl":"https:\/\/www.bellunopress.it\/wp-content\/uploads\/2011\/05\/cropped-logo-bellunopress-.jpg","width":512,"height":512,"caption":"Bellunopress"},"image":{"@id":"https:\/\/www.bellunopress.it\/#\/schema\/logo\/image\/"},"sameAs":["https:\/\/www.facebook.com\/profile.php?id=100008943462799","https:\/\/x.com\/bellunopress","https:\/\/www.linkedin.com\/hp\/?dnr=JBzUWaJfMUw8vbXJJ2tVW5-I3jZKvC4wsoxE&amp;amp;amp;amp;amp;amp;trk=nav_responsive_tab_home","https:\/\/www.youtube.com\/channel\/UCxL0wu1uN0_3_7hGG0306cw"]},{"@type":"Person","@id":"https:\/\/www.bellunopress.it\/#\/schema\/person\/79bb06722b37ece1c03d3e94beb30d73","name":"r\u00e9daction","image":{"@type":"ImageObject","inLanguage":"fr-FR","@id":"https:\/\/secure.gravatar.com\/avatar\/37d968a2e67a6fd04c169c4bdef102d0bc5d31b2546345219e348575eb80e9a0?s=96&d=mm&r=g","url":"https:\/\/secure.gravatar.com\/avatar\/37d968a2e67a6fd04c169c4bdef102d0bc5d31b2546345219e348575eb80e9a0?s=96&d=mm&r=g","contentUrl":"https:\/\/secure.gravatar.com\/avatar\/37d968a2e67a6fd04c169c4bdef102d0bc5d31b2546345219e348575eb80e9a0?s=96&d=mm&r=g","caption":"redazione"},"sameAs":["http:\/\/www.bellunopress.it","https:\/\/x.com\/bellunopress"],"url":"https:\/\/www.bellunopress.it\/fr\/author\/redazione\/"}]}},"_links":{"self":[{"href":"https:\/\/www.bellunopress.it\/fr\/wp-json\/wp\/v2\/posts\/17464","targetHints":{"allow":["GET"]}}],"collection":[{"href":"https:\/\/www.bellunopress.it\/fr\/wp-json\/wp\/v2\/posts"}],"about":[{"href":"https:\/\/www.bellunopress.it\/fr\/wp-json\/wp\/v2\/types\/post"}],"author":[{"embeddable":true,"href":"https:\/\/www.bellunopress.it\/fr\/wp-json\/wp\/v2\/users\/2"}],"replies":[{"embeddable":true,"href":"https:\/\/www.bellunopress.it\/fr\/wp-json\/wp\/v2\/comments?post=17464"}],"version-history":[{"count":1,"href":"https:\/\/www.bellunopress.it\/fr\/wp-json\/wp\/v2\/posts\/17464\/revisions"}],"predecessor-version":[{"id":17465,"href":"https:\/\/www.bellunopress.it\/fr\/wp-json\/wp\/v2\/posts\/17464\/revisions\/17465"}],"wp:attachment":[{"href":"https:\/\/www.bellunopress.it\/fr\/wp-json\/wp\/v2\/media?parent=17464"}],"wp:term":[{"taxonomy":"category","embeddable":true,"href":"https:\/\/www.bellunopress.it\/fr\/wp-json\/wp\/v2\/categories?post=17464"},{"taxonomy":"post_tag","embeddable":true,"href":"https:\/\/www.bellunopress.it\/fr\/wp-json\/wp\/v2\/tags?post=17464"}],"curies":[{"name":"wp","href":"https:\/\/api.w.org\/{rel}","templated":true}]}}