{"id":17462,"date":"2010-07-24T12:31:24","date_gmt":"2010-07-24T11:31:24","guid":{"rendered":"http:\/\/www.bellunopress.it\/?p=17462"},"modified":"2010-07-24T12:31:24","modified_gmt":"2010-07-24T11:31:24","slug":"via-al-piano-di-gestione-del-traffico-estate-2010","status":"publish","type":"post","link":"https:\/\/www.bellunopress.it\/fr\/2010\/07\/24\/via-al-piano-di-gestione-del-traffico-estate-2010\/","title":{"rendered":"Via al piano di gestione del traffico estate 2010"},"content":{"rendered":"<figure id=\"attachment_15159\" aria-describedby=\"caption-attachment-15159\" style=\"width: 140px\" class=\"wp-caption alignleft\"><a href=\"http:\/\/www.bellunopress.it\/wp-content\/uploads\/2010\/05\/polizia-stradale.jpg\"><img loading=\"lazy\" decoding=\"async\" class=\"size-medium wp-image-15159\" title=\"polizia-stradale\" src=\"http:\/\/www.bellunopress.it\/wp-content\/uploads\/2010\/05\/polizia-stradale.jpg\" alt=\"Polizia Stradale Belluno\" width=\"140\" height=\"106\" \/><\/a><figcaption id=\"caption-attachment-15159\" class=\"wp-caption-text\">Polizia Stradale Belluno<\/figcaption><\/figure>\n<p>Molti saranno gli italiani che nei prossimi giorni si metteranno in viaggio per raggiungere i luoghi di villeggiatura; per questo motivo \u00e8 previsto un aumento del traffico su strade e autostrade che vedr\u00e0 impegnata la Polizia Stradale.\u00a0\u00a0A partire da domenica 25 luglio e per quasi tutte le domeniche di agosto, come stabilito al termine di una riunione tenutasi presso l\u2019Ufficio territoriale del Governo di Belluno, verr\u00e0 attuato il Piano di gestione del traffico coordinato dalla Polizia Stradale di Belluno che vede la partecipazione di Unit\u00e0 Operative dell\u2019Arma dei Carabinieri, della Guardia di Finanza, del Corpo Forestale dello Stato, della Polizia Provinciale e della Polizia Locale di Longarone che presidieranno le arterie della Provincia interessate dall\u2019afflusso di traffico turistico.\u00a0\u00a0Per garantire la massima fluidit\u00e0 nel tratto compreso tra Pieve di Cadore e Longarone \u00e8 stato disposta, con ordinanze emesse dagli Enti proprietari delle Strade, la chiusura di tutti gli svincoli di accesso alla SS. 51 di Alemagna dalle ore 15 alle 24 per i giorni del 25 luglio, 1 \u2013 8 \u2013 15 agosto 2010 con esclusione dello svincolo di Caralte al km 67 che potr\u00e0 essere utilizzata per entrare ed uscire\u00a0 dal comune di Perarolo.\u00a0\u00a0I responsabili ed i tecnici dell\u2019A.N.A.S. e di Veneto Strade presidieranno i tratti in galleria per garantire un ulteriore controllo sulla corretta ventilazione dei tunnel e per agevolare il transito dei veicoli.\u00a0\u00a0Gli automobilisti potranno conoscere in tempo reale gli aggiornamenti sulle condizioni del traffico e sulla percorribilit\u00e0 delle strade sia attraverso i centralini della Polizia Stradale di Belluno contattabile al n. 0437- 945711 che mediante il\u00a0 C.C.I.S.S. o attraverso le utenze radio di RADIO PIU<br \/>\n\u00a0Pannelli mobili a messaggio variabile posizionati a Tai di Cadore e a Venas,\u00a0 gestiti dall\u2019A.N.A.S., riportano informazioni sulla presenza di code, incolonnamenti, incidenti o altre turbative alla circolazione lungo la SS.51 di Alemagna.\u00a0Ricordiamo, per chi viaggia in auto, di rispettare tutte quelle regole che aumentano la sicurezza alla guida: uso delle cinture, uso corretto dei seggiolini per i bambini, uso del telefono cellulare solo se assolutamente necessario e comunque con l\u2019utilizzo di un auricolare.\u00a0\u00a0\u00a0Consigliamo di verificare preventivamente\u00a0 la piena funzionalit\u00e0 di tutti i dispositivi dei veicoli in particolare i pneumatici, i dispositivi di frenatura e di illuminazione; invitiamo tutti a rispettare i limiti di velocit\u00e0 e a mantenere condotte di guida sobrie e prudenti, prima e imprescindibile\u00a0 forma di prevenzione.\u00a0<\/p>\n<p>\u00a0Un ulteriore suggerimento per evitare i lunghi incolonnamenti di rientro \u00e8 quello di anticipare o posticipare di qualche ora il momento della partenza.<\/p>","protected":false},"excerpt":{"rendered":"<p>Molti saranno gli italiani che nei prossimi giorni si metteranno in viaggio per raggiungere i luoghi di villeggiatura; per questo motivo \u00e8 previsto un aumento del traffico su strade e autostrade che vedr\u00e0 impegnata la Polizia Stradale.\u00a0\u00a0A partire da domenica 25 luglio e per quasi tutte le domeniche di agosto, come stabilito al termine di [&hellip;]<\/p>\n","protected":false},"author":2,"featured_media":0,"comment_status":"closed","ping_status":"open","sticky":false,"template":"","format":"standard","meta":{"footnotes":""},"categories":[5,26],"tags":[299],"class_list":["post-17462","post","type-post","status-publish","format-standard","category-cronaca","category-prima-pagina","tag-polizia-stradale"],"yoast_head":"<!-- This site is optimized with the Yoast SEO plugin v28.4 - https:\/\/yoast.com\/product\/yoast-seo-wordpress\/ -->\n<title>Via al piano di gestione del traffico estate 2010 - Bellunopress - Dolomiti<\/title>\n<meta name=\"robots\" content=\"index, follow, max-snippet:-1, max-image-preview:large, max-video-preview:-1\" \/>\n<link rel=\"canonical\" href=\"https:\/\/www.bellunopress.it\/fr\/2010\/07\/24\/via-al-piano-di-gestione-del-traffico-estate-2010\/\" \/>\n<meta property=\"og:locale\" content=\"fr_FR\" \/>\n<meta property=\"og:type\" content=\"article\" \/>\n<meta property=\"og:title\" content=\"Via al piano di gestione del traffico estate 2010 - Bellunopress - Dolomiti\" \/>\n<meta property=\"og:description\" content=\"Molti saranno gli italiani che nei prossimi giorni si metteranno in viaggio per raggiungere i luoghi di villeggiatura; per questo motivo \u00e8 previsto un aumento del traffico su strade e autostrade che vedr\u00e0 impegnata la Polizia Stradale.\u00a0\u00a0A partire da domenica 25 luglio e per quasi tutte le domeniche di agosto, come stabilito al termine di [&hellip;]\" \/>\n<meta property=\"og:url\" content=\"https:\/\/www.bellunopress.it\/fr\/2010\/07\/24\/via-al-piano-di-gestione-del-traffico-estate-2010\/\" \/>\n<meta property=\"og:site_name\" content=\"Bellunopress - Dolomiti\" \/>\n<meta property=\"article:publisher\" content=\"https:\/\/www.facebook.com\/profile.php?id=100008943462799\" \/>\n<meta property=\"article:published_time\" content=\"2010-07-24T11:31:24+00:00\" \/>\n<meta property=\"og:image\" content=\"http:\/\/www.bellunopress.it\/wp-content\/uploads\/2010\/05\/polizia-stradale.jpg\" \/>\n<meta name=\"author\" content=\"redazione\" \/>\n<meta name=\"twitter:card\" content=\"summary_large_image\" \/>\n<meta name=\"twitter:creator\" content=\"@bellunopress\" \/>\n<meta name=\"twitter:site\" content=\"@bellunopress\" \/>\n<meta name=\"twitter:label1\" content=\"\u00c9crit par\" \/>\n\t<meta name=\"twitter:data1\" content=\"redazione\" \/>\n\t<meta name=\"twitter:label2\" content=\"Dur\u00e9e de lecture estim\u00e9e\" \/>\n\t<meta name=\"twitter:data2\" content=\"2 minutes\" \/>\n<script type=\"application\/ld+json\" class=\"yoast-schema-graph\">{\"@context\":\"https:\\\/\\\/schema.org\",\"@graph\":[{\"@type\":\"Article\",\"@id\":\"https:\\\/\\\/www.bellunopress.it\\\/2010\\\/07\\\/24\\\/via-al-piano-di-gestione-del-traffico-estate-2010\\\/#article\",\"isPartOf\":{\"@id\":\"https:\\\/\\\/www.bellunopress.it\\\/2010\\\/07\\\/24\\\/via-al-piano-di-gestione-del-traffico-estate-2010\\\/\"},\"author\":{\"name\":\"redazione\",\"@id\":\"https:\\\/\\\/www.bellunopress.it\\\/#\\\/schema\\\/person\\\/79bb06722b37ece1c03d3e94beb30d73\"},\"headline\":\"Via al piano di gestione del traffico estate 2010\",\"datePublished\":\"2010-07-24T11:31:24+00:00\",\"mainEntityOfPage\":{\"@id\":\"https:\\\/\\\/www.bellunopress.it\\\/2010\\\/07\\\/24\\\/via-al-piano-di-gestione-del-traffico-estate-2010\\\/\"},\"wordCount\":436,\"publisher\":{\"@id\":\"https:\\\/\\\/www.bellunopress.it\\\/#organization\"},\"image\":{\"@id\":\"https:\\\/\\\/www.bellunopress.it\\\/2010\\\/07\\\/24\\\/via-al-piano-di-gestione-del-traffico-estate-2010\\\/#primaryimage\"},\"thumbnailUrl\":\"http:\\\/\\\/www.bellunopress.it\\\/wp-content\\\/uploads\\\/2010\\\/05\\\/polizia-stradale.jpg\",\"keywords\":[\"Polizia stradale\"],\"articleSection\":[\"Cronaca\\\/Politica\",\"Prima Pagina\"],\"inLanguage\":\"fr-FR\"},{\"@type\":\"WebPage\",\"@id\":\"https:\\\/\\\/www.bellunopress.it\\\/2010\\\/07\\\/24\\\/via-al-piano-di-gestione-del-traffico-estate-2010\\\/\",\"url\":\"https:\\\/\\\/www.bellunopress.it\\\/2010\\\/07\\\/24\\\/via-al-piano-di-gestione-del-traffico-estate-2010\\\/\",\"name\":\"Via al piano di gestione del traffico estate 2010 - Bellunopress - Dolomiti\",\"isPartOf\":{\"@id\":\"https:\\\/\\\/www.bellunopress.it\\\/#website\"},\"primaryImageOfPage\":{\"@id\":\"https:\\\/\\\/www.bellunopress.it\\\/2010\\\/07\\\/24\\\/via-al-piano-di-gestione-del-traffico-estate-2010\\\/#primaryimage\"},\"image\":{\"@id\":\"https:\\\/\\\/www.bellunopress.it\\\/2010\\\/07\\\/24\\\/via-al-piano-di-gestione-del-traffico-estate-2010\\\/#primaryimage\"},\"thumbnailUrl\":\"http:\\\/\\\/www.bellunopress.it\\\/wp-content\\\/uploads\\\/2010\\\/05\\\/polizia-stradale.jpg\",\"datePublished\":\"2010-07-24T11:31:24+00:00\",\"breadcrumb\":{\"@id\":\"https:\\\/\\\/www.bellunopress.it\\\/2010\\\/07\\\/24\\\/via-al-piano-di-gestione-del-traffico-estate-2010\\\/#breadcrumb\"},\"inLanguage\":\"fr-FR\",\"potentialAction\":[{\"@type\":\"ReadAction\",\"target\":[\"https:\\\/\\\/www.bellunopress.it\\\/2010\\\/07\\\/24\\\/via-al-piano-di-gestione-del-traffico-estate-2010\\\/\"]}]},{\"@type\":\"ImageObject\",\"inLanguage\":\"fr-FR\",\"@id\":\"https:\\\/\\\/www.bellunopress.it\\\/2010\\\/07\\\/24\\\/via-al-piano-di-gestione-del-traffico-estate-2010\\\/#primaryimage\",\"url\":\"http:\\\/\\\/www.bellunopress.it\\\/wp-content\\\/uploads\\\/2010\\\/05\\\/polizia-stradale.jpg\",\"contentUrl\":\"http:\\\/\\\/www.bellunopress.it\\\/wp-content\\\/uploads\\\/2010\\\/05\\\/polizia-stradale.jpg\"},{\"@type\":\"BreadcrumbList\",\"@id\":\"https:\\\/\\\/www.bellunopress.it\\\/2010\\\/07\\\/24\\\/via-al-piano-di-gestione-del-traffico-estate-2010\\\/#breadcrumb\",\"itemListElement\":[{\"@type\":\"ListItem\",\"position\":1,\"name\":\"Home\",\"item\":\"https:\\\/\\\/www.bellunopress.it\\\/\"},{\"@type\":\"ListItem\",\"position\":2,\"name\":\"Via al piano di gestione del traffico estate 2010\"}]},{\"@type\":\"WebSite\",\"@id\":\"https:\\\/\\\/www.bellunopress.it\\\/#website\",\"url\":\"https:\\\/\\\/www.bellunopress.it\\\/\",\"name\":\"Bellunopress - Dolomiti\",\"description\":\"e-mail: redazione@bellunopress.it\",\"publisher\":{\"@id\":\"https:\\\/\\\/www.bellunopress.it\\\/#organization\"},\"potentialAction\":[{\"@type\":\"SearchAction\",\"target\":{\"@type\":\"EntryPoint\",\"urlTemplate\":\"https:\\\/\\\/www.bellunopress.it\\\/?s={search_term_string}\"},\"query-input\":{\"@type\":\"PropertyValueSpecification\",\"valueRequired\":true,\"valueName\":\"search_term_string\"}}],\"inLanguage\":\"fr-FR\"},{\"@type\":\"Organization\",\"@id\":\"https:\\\/\\\/www.bellunopress.it\\\/#organization\",\"name\":\"Bellunopress\",\"url\":\"https:\\\/\\\/www.bellunopress.it\\\/\",\"logo\":{\"@type\":\"ImageObject\",\"inLanguage\":\"fr-FR\",\"@id\":\"https:\\\/\\\/www.bellunopress.it\\\/#\\\/schema\\\/logo\\\/image\\\/\",\"url\":\"https:\\\/\\\/www.bellunopress.it\\\/wp-content\\\/uploads\\\/2011\\\/05\\\/cropped-logo-bellunopress-.jpg\",\"contentUrl\":\"https:\\\/\\\/www.bellunopress.it\\\/wp-content\\\/uploads\\\/2011\\\/05\\\/cropped-logo-bellunopress-.jpg\",\"width\":512,\"height\":512,\"caption\":\"Bellunopress\"},\"image\":{\"@id\":\"https:\\\/\\\/www.bellunopress.it\\\/#\\\/schema\\\/logo\\\/image\\\/\"},\"sameAs\":[\"https:\\\/\\\/www.facebook.com\\\/profile.php?id=100008943462799\",\"https:\\\/\\\/x.com\\\/bellunopress\",\"https:\\\/\\\/www.linkedin.com\\\/hp\\\/?dnr=JBzUWaJfMUw8vbXJJ2tVW5-I3jZKvC4wsoxE&amp;amp;amp;amp;amp;amp;trk=nav_responsive_tab_home\",\"https:\\\/\\\/www.youtube.com\\\/channel\\\/UCxL0wu1uN0_3_7hGG0306cw\"]},{\"@type\":\"Person\",\"@id\":\"https:\\\/\\\/www.bellunopress.it\\\/#\\\/schema\\\/person\\\/79bb06722b37ece1c03d3e94beb30d73\",\"name\":\"redazione\",\"image\":{\"@type\":\"ImageObject\",\"inLanguage\":\"fr-FR\",\"@id\":\"https:\\\/\\\/secure.gravatar.com\\\/avatar\\\/37d968a2e67a6fd04c169c4bdef102d0bc5d31b2546345219e348575eb80e9a0?s=96&d=mm&r=g\",\"url\":\"https:\\\/\\\/secure.gravatar.com\\\/avatar\\\/37d968a2e67a6fd04c169c4bdef102d0bc5d31b2546345219e348575eb80e9a0?s=96&d=mm&r=g\",\"contentUrl\":\"https:\\\/\\\/secure.gravatar.com\\\/avatar\\\/37d968a2e67a6fd04c169c4bdef102d0bc5d31b2546345219e348575eb80e9a0?s=96&d=mm&r=g\",\"caption\":\"redazione\"},\"sameAs\":[\"http:\\\/\\\/www.bellunopress.it\",\"https:\\\/\\\/x.com\\\/bellunopress\"],\"url\":\"https:\\\/\\\/www.bellunopress.it\\\/fr\\\/author\\\/redazione\\\/\"}]}<\/script>\n<!-- \/ Yoast SEO plugin. -->","yoast_head_json":{"title":"Via al piano di gestione del traffico estate 2010 - Bellunopress - Dolomiti","robots":{"index":"index","follow":"follow","max-snippet":"max-snippet:-1","max-image-preview":"max-image-preview:large","max-video-preview":"max-video-preview:-1"},"canonical":"https:\/\/www.bellunopress.it\/fr\/2010\/07\/24\/via-al-piano-di-gestione-del-traffico-estate-2010\/","og_locale":"fr_FR","og_type":"article","og_title":"Via al piano di gestione del traffico estate 2010 - Bellunopress - Dolomiti","og_description":"Molti saranno gli italiani che nei prossimi giorni si metteranno in viaggio per raggiungere i luoghi di villeggiatura; per questo motivo \u00e8 previsto un aumento del traffico su strade e autostrade che vedr\u00e0 impegnata la Polizia Stradale.\u00a0\u00a0A partire da domenica 25 luglio e per quasi tutte le domeniche di agosto, come stabilito al termine di [&hellip;]","og_url":"https:\/\/www.bellunopress.it\/fr\/2010\/07\/24\/via-al-piano-di-gestione-del-traffico-estate-2010\/","og_site_name":"Bellunopress - Dolomiti","article_publisher":"https:\/\/www.facebook.com\/profile.php?id=100008943462799","article_published_time":"2010-07-24T11:31:24+00:00","og_image":[{"url":"http:\/\/www.bellunopress.it\/wp-content\/uploads\/2010\/05\/polizia-stradale.jpg","type":"","width":"","height":""}],"author":"redazione","twitter_card":"summary_large_image","twitter_creator":"@bellunopress","twitter_site":"@bellunopress","twitter_misc":{"\u00c9crit par":"redazione","Dur\u00e9e de lecture estim\u00e9e":"2 minutes"},"schema":{"@context":"https:\/\/schema.org","@graph":[{"@type":"Article","@id":"https:\/\/www.bellunopress.it\/2010\/07\/24\/via-al-piano-di-gestione-del-traffico-estate-2010\/#article","isPartOf":{"@id":"https:\/\/www.bellunopress.it\/2010\/07\/24\/via-al-piano-di-gestione-del-traffico-estate-2010\/"},"author":{"name":"redazione","@id":"https:\/\/www.bellunopress.it\/#\/schema\/person\/79bb06722b37ece1c03d3e94beb30d73"},"headline":"Via al piano di gestione del traffico estate 2010","datePublished":"2010-07-24T11:31:24+00:00","mainEntityOfPage":{"@id":"https:\/\/www.bellunopress.it\/2010\/07\/24\/via-al-piano-di-gestione-del-traffico-estate-2010\/"},"wordCount":436,"publisher":{"@id":"https:\/\/www.bellunopress.it\/#organization"},"image":{"@id":"https:\/\/www.bellunopress.it\/2010\/07\/24\/via-al-piano-di-gestione-del-traffico-estate-2010\/#primaryimage"},"thumbnailUrl":"http:\/\/www.bellunopress.it\/wp-content\/uploads\/2010\/05\/polizia-stradale.jpg","keywords":["Polizia stradale"],"articleSection":["Cronaca\/Politica","Prima Pagina"],"inLanguage":"fr-FR"},{"@type":"WebPage","@id":"https:\/\/www.bellunopress.it\/2010\/07\/24\/via-al-piano-di-gestione-del-traffico-estate-2010\/","url":"https:\/\/www.bellunopress.it\/2010\/07\/24\/via-al-piano-di-gestione-del-traffico-estate-2010\/","name":"Via al piano di gestione del traffico estate 2010 - Bellunopress - Dolomiti","isPartOf":{"@id":"https:\/\/www.bellunopress.it\/#website"},"primaryImageOfPage":{"@id":"https:\/\/www.bellunopress.it\/2010\/07\/24\/via-al-piano-di-gestione-del-traffico-estate-2010\/#primaryimage"},"image":{"@id":"https:\/\/www.bellunopress.it\/2010\/07\/24\/via-al-piano-di-gestione-del-traffico-estate-2010\/#primaryimage"},"thumbnailUrl":"http:\/\/www.bellunopress.it\/wp-content\/uploads\/2010\/05\/polizia-stradale.jpg","datePublished":"2010-07-24T11:31:24+00:00","breadcrumb":{"@id":"https:\/\/www.bellunopress.it\/2010\/07\/24\/via-al-piano-di-gestione-del-traffico-estate-2010\/#breadcrumb"},"inLanguage":"fr-FR","potentialAction":[{"@type":"ReadAction","target":["https:\/\/www.bellunopress.it\/2010\/07\/24\/via-al-piano-di-gestione-del-traffico-estate-2010\/"]}]},{"@type":"ImageObject","inLanguage":"fr-FR","@id":"https:\/\/www.bellunopress.it\/2010\/07\/24\/via-al-piano-di-gestione-del-traffico-estate-2010\/#primaryimage","url":"http:\/\/www.bellunopress.it\/wp-content\/uploads\/2010\/05\/polizia-stradale.jpg","contentUrl":"http:\/\/www.bellunopress.it\/wp-content\/uploads\/2010\/05\/polizia-stradale.jpg"},{"@type":"BreadcrumbList","@id":"https:\/\/www.bellunopress.it\/2010\/07\/24\/via-al-piano-di-gestione-del-traffico-estate-2010\/#breadcrumb","itemListElement":[{"@type":"ListItem","position":1,"name":"Home","item":"https:\/\/www.bellunopress.it\/"},{"@type":"ListItem","position":2,"name":"Via al piano di gestione del traffico estate 2010"}]},{"@type":"WebSite","@id":"https:\/\/www.bellunopress.it\/#website","url":"https:\/\/www.bellunopress.it\/","name":"Bellunopress - Dolomiti","description":"e-mail: redazione@bellunopress.it","publisher":{"@id":"https:\/\/www.bellunopress.it\/#organization"},"potentialAction":[{"@type":"SearchAction","target":{"@type":"EntryPoint","urlTemplate":"https:\/\/www.bellunopress.it\/?s={search_term_string}"},"query-input":{"@type":"PropertyValueSpecification","valueRequired":true,"valueName":"search_term_string"}}],"inLanguage":"fr-FR"},{"@type":"Organization","@id":"https:\/\/www.bellunopress.it\/#organization","name":"Bellunopress","url":"https:\/\/www.bellunopress.it\/","logo":{"@type":"ImageObject","inLanguage":"fr-FR","@id":"https:\/\/www.bellunopress.it\/#\/schema\/logo\/image\/","url":"https:\/\/www.bellunopress.it\/wp-content\/uploads\/2011\/05\/cropped-logo-bellunopress-.jpg","contentUrl":"https:\/\/www.bellunopress.it\/wp-content\/uploads\/2011\/05\/cropped-logo-bellunopress-.jpg","width":512,"height":512,"caption":"Bellunopress"},"image":{"@id":"https:\/\/www.bellunopress.it\/#\/schema\/logo\/image\/"},"sameAs":["https:\/\/www.facebook.com\/profile.php?id=100008943462799","https:\/\/x.com\/bellunopress","https:\/\/www.linkedin.com\/hp\/?dnr=JBzUWaJfMUw8vbXJJ2tVW5-I3jZKvC4wsoxE&amp;amp;amp;amp;amp;amp;trk=nav_responsive_tab_home","https:\/\/www.youtube.com\/channel\/UCxL0wu1uN0_3_7hGG0306cw"]},{"@type":"Person","@id":"https:\/\/www.bellunopress.it\/#\/schema\/person\/79bb06722b37ece1c03d3e94beb30d73","name":"r\u00e9daction","image":{"@type":"ImageObject","inLanguage":"fr-FR","@id":"https:\/\/secure.gravatar.com\/avatar\/37d968a2e67a6fd04c169c4bdef102d0bc5d31b2546345219e348575eb80e9a0?s=96&d=mm&r=g","url":"https:\/\/secure.gravatar.com\/avatar\/37d968a2e67a6fd04c169c4bdef102d0bc5d31b2546345219e348575eb80e9a0?s=96&d=mm&r=g","contentUrl":"https:\/\/secure.gravatar.com\/avatar\/37d968a2e67a6fd04c169c4bdef102d0bc5d31b2546345219e348575eb80e9a0?s=96&d=mm&r=g","caption":"redazione"},"sameAs":["http:\/\/www.bellunopress.it","https:\/\/x.com\/bellunopress"],"url":"https:\/\/www.bellunopress.it\/fr\/author\/redazione\/"}]}},"_links":{"self":[{"href":"https:\/\/www.bellunopress.it\/fr\/wp-json\/wp\/v2\/posts\/17462","targetHints":{"allow":["GET"]}}],"collection":[{"href":"https:\/\/www.bellunopress.it\/fr\/wp-json\/wp\/v2\/posts"}],"about":[{"href":"https:\/\/www.bellunopress.it\/fr\/wp-json\/wp\/v2\/types\/post"}],"author":[{"embeddable":true,"href":"https:\/\/www.bellunopress.it\/fr\/wp-json\/wp\/v2\/users\/2"}],"replies":[{"embeddable":true,"href":"https:\/\/www.bellunopress.it\/fr\/wp-json\/wp\/v2\/comments?post=17462"}],"version-history":[{"count":1,"href":"https:\/\/www.bellunopress.it\/fr\/wp-json\/wp\/v2\/posts\/17462\/revisions"}],"predecessor-version":[{"id":17463,"href":"https:\/\/www.bellunopress.it\/fr\/wp-json\/wp\/v2\/posts\/17462\/revisions\/17463"}],"wp:attachment":[{"href":"https:\/\/www.bellunopress.it\/fr\/wp-json\/wp\/v2\/media?parent=17462"}],"wp:term":[{"taxonomy":"category","embeddable":true,"href":"https:\/\/www.bellunopress.it\/fr\/wp-json\/wp\/v2\/categories?post=17462"},{"taxonomy":"post_tag","embeddable":true,"href":"https:\/\/www.bellunopress.it\/fr\/wp-json\/wp\/v2\/tags?post=17462"}],"curies":[{"name":"wp","href":"https:\/\/api.w.org\/{rel}","templated":true}]}}