{"id":17372,"date":"2010-07-25T13:17:17","date_gmt":"2010-07-25T12:17:17","guid":{"rendered":"http:\/\/www.bellunopress.it\/?p=17372"},"modified":"2010-07-21T13:18:38","modified_gmt":"2010-07-21T12:18:38","slug":"manovra-finanziaria-2011-il-convegno-allhotel-villa-carpenada","status":"publish","type":"post","link":"https:\/\/www.bellunopress.it\/fr\/2010\/07\/25\/manovra-finanziaria-2011-il-convegno-allhotel-villa-carpenada\/","title":{"rendered":"Manovra finanziaria 2011, il convegno all&#8217;Hotel Villa Carpenada"},"content":{"rendered":"<p style=\"margin-bottom: 0cm;\">Venerd\u00ec 30 luglio nell&#8217;orario 9.00-14.00 all&#8217;Hotel Villa Carpenada di Belluno (Sala Berlendis) in localit\u00e0 Mier, si terr\u00e0 il convegno dal titolo: Finanziaria 2011 \u2013 D.L. 78\/2010 Analisi delle norme e delle ripercussioni sui bilanci 2010 e 2011. Con relatore il dottor Mauro Bellesia, dirigente del Comune di Vicenza e componente dell\u2019Osservatorio per la Finanza e contabilit\u00e0 degli enti locali presso il Ministero dell\u2019interno. La quota di partecipazione \u00e8 di 50 euro per persona (Iva esclusa). Ed \u00e8 gratuita per gli amministratori degli enti locali della Provincia di Belluno. La scadenza delle iscrizioni \u00e8 fissata per il 28 luglio 2010, e potranno pervenire al Centro Studi Bellunese (tel. 0437 \u2013 933 736) a mezzo fax (0437 \u2013 933 738) o internet (<a href=\"http:\/\/www.centrostudibellunese.it\/\">www.centrostudibellunese.it<\/a>). L&#8217;iniziativa \u00e8 del Centro Studi Bellunese con il contributo del Consorzio BIM Piave.<\/p>\n<p style=\"margin-bottom: 0cm;\">\u00a0<\/p>","protected":false},"excerpt":{"rendered":"<p>Venerd\u00ec 30 luglio nell&#8217;orario 9.00-14.00 all&#8217;Hotel Villa Carpenada di Belluno (Sala Berlendis) in localit\u00e0 Mier, si terr\u00e0 il convegno dal titolo: Finanziaria 2011 \u2013 D.L. 78\/2010 Analisi delle norme e delle ripercussioni sui bilanci 2010 e 2011. Con relatore il dottor Mauro Bellesia, dirigente del Comune di Vicenza e componente dell\u2019Osservatorio per la Finanza e [&hellip;]<\/p>\n","protected":false},"author":2,"featured_media":0,"comment_status":"closed","ping_status":"open","sticky":false,"template":"","format":"standard","meta":{"footnotes":""},"categories":[27,25],"tags":[139],"class_list":["post-17372","post","type-post","status-publish","format-standard","category-appuntamenti","category-pausa-caffe","tag-belluno"],"yoast_head":"<!-- This site is optimized with the Yoast SEO plugin v28.4 - https:\/\/yoast.com\/product\/yoast-seo-wordpress\/ -->\n<title>Manovra finanziaria 2011, il convegno all&#039;Hotel Villa Carpenada - Bellunopress - Dolomiti<\/title>\n<meta name=\"robots\" content=\"index, follow, max-snippet:-1, max-image-preview:large, max-video-preview:-1\" \/>\n<link rel=\"canonical\" href=\"https:\/\/www.bellunopress.it\/fr\/2010\/07\/25\/manovra-finanziaria-2011-il-convegno-allhotel-villa-carpenada\/\" \/>\n<meta property=\"og:locale\" content=\"fr_FR\" \/>\n<meta property=\"og:type\" content=\"article\" \/>\n<meta property=\"og:title\" content=\"Manovra finanziaria 2011, il convegno all&#039;Hotel Villa Carpenada - Bellunopress - Dolomiti\" \/>\n<meta property=\"og:description\" content=\"Venerd\u00ec 30 luglio nell&#8217;orario 9.00-14.00 all&#8217;Hotel Villa Carpenada di Belluno (Sala Berlendis) in localit\u00e0 Mier, si terr\u00e0 il convegno dal titolo: Finanziaria 2011 \u2013 D.L. 78\/2010 Analisi delle norme e delle ripercussioni sui bilanci 2010 e 2011. Con relatore il dottor Mauro Bellesia, dirigente del Comune di Vicenza e componente dell\u2019Osservatorio per la Finanza e [&hellip;]\" \/>\n<meta property=\"og:url\" content=\"https:\/\/www.bellunopress.it\/fr\/2010\/07\/25\/manovra-finanziaria-2011-il-convegno-allhotel-villa-carpenada\/\" \/>\n<meta property=\"og:site_name\" content=\"Bellunopress - Dolomiti\" \/>\n<meta property=\"article:publisher\" content=\"https:\/\/www.facebook.com\/profile.php?id=100008943462799\" \/>\n<meta property=\"article:published_time\" content=\"2010-07-25T12:17:17+00:00\" \/>\n<meta property=\"og:image\" content=\"http:\/\/www.bellunopress.it\/wp-content\/uploads\/2012\/07\/logo-bellunopress-250x250-2012.jpg\" \/>\n<meta name=\"author\" content=\"redazione\" \/>\n<meta name=\"twitter:card\" content=\"summary_large_image\" \/>\n<meta name=\"twitter:creator\" content=\"@bellunopress\" \/>\n<meta name=\"twitter:site\" content=\"@bellunopress\" \/>\n<meta name=\"twitter:label1\" content=\"\u00c9crit par\" \/>\n\t<meta name=\"twitter:data1\" content=\"redazione\" \/>\n\t<meta name=\"twitter:label2\" content=\"Dur\u00e9e de lecture estim\u00e9e\" \/>\n\t<meta name=\"twitter:data2\" content=\"1 minute\" \/>\n<script type=\"application\/ld+json\" class=\"yoast-schema-graph\">{\"@context\":\"https:\\\/\\\/schema.org\",\"@graph\":[{\"@type\":\"Article\",\"@id\":\"https:\\\/\\\/www.bellunopress.it\\\/2010\\\/07\\\/25\\\/manovra-finanziaria-2011-il-convegno-allhotel-villa-carpenada\\\/#article\",\"isPartOf\":{\"@id\":\"https:\\\/\\\/www.bellunopress.it\\\/2010\\\/07\\\/25\\\/manovra-finanziaria-2011-il-convegno-allhotel-villa-carpenada\\\/\"},\"author\":{\"name\":\"redazione\",\"@id\":\"https:\\\/\\\/www.bellunopress.it\\\/#\\\/schema\\\/person\\\/79bb06722b37ece1c03d3e94beb30d73\"},\"headline\":\"Manovra finanziaria 2011, il convegno all&#8217;Hotel Villa Carpenada\",\"datePublished\":\"2010-07-25T12:17:17+00:00\",\"mainEntityOfPage\":{\"@id\":\"https:\\\/\\\/www.bellunopress.it\\\/2010\\\/07\\\/25\\\/manovra-finanziaria-2011-il-convegno-allhotel-villa-carpenada\\\/\"},\"wordCount\":129,\"publisher\":{\"@id\":\"https:\\\/\\\/www.bellunopress.it\\\/#organization\"},\"keywords\":[\"Belluno\"],\"articleSection\":[\"Appuntamenti, Eventi\",\"Pausa Caff\u00e8\"],\"inLanguage\":\"fr-FR\"},{\"@type\":\"WebPage\",\"@id\":\"https:\\\/\\\/www.bellunopress.it\\\/2010\\\/07\\\/25\\\/manovra-finanziaria-2011-il-convegno-allhotel-villa-carpenada\\\/\",\"url\":\"https:\\\/\\\/www.bellunopress.it\\\/2010\\\/07\\\/25\\\/manovra-finanziaria-2011-il-convegno-allhotel-villa-carpenada\\\/\",\"name\":\"Manovra finanziaria 2011, il convegno all'Hotel Villa Carpenada - Bellunopress - Dolomiti\",\"isPartOf\":{\"@id\":\"https:\\\/\\\/www.bellunopress.it\\\/#website\"},\"datePublished\":\"2010-07-25T12:17:17+00:00\",\"breadcrumb\":{\"@id\":\"https:\\\/\\\/www.bellunopress.it\\\/2010\\\/07\\\/25\\\/manovra-finanziaria-2011-il-convegno-allhotel-villa-carpenada\\\/#breadcrumb\"},\"inLanguage\":\"fr-FR\",\"potentialAction\":[{\"@type\":\"ReadAction\",\"target\":[\"https:\\\/\\\/www.bellunopress.it\\\/2010\\\/07\\\/25\\\/manovra-finanziaria-2011-il-convegno-allhotel-villa-carpenada\\\/\"]}]},{\"@type\":\"BreadcrumbList\",\"@id\":\"https:\\\/\\\/www.bellunopress.it\\\/2010\\\/07\\\/25\\\/manovra-finanziaria-2011-il-convegno-allhotel-villa-carpenada\\\/#breadcrumb\",\"itemListElement\":[{\"@type\":\"ListItem\",\"position\":1,\"name\":\"Home\",\"item\":\"https:\\\/\\\/www.bellunopress.it\\\/\"},{\"@type\":\"ListItem\",\"position\":2,\"name\":\"Manovra finanziaria 2011, il convegno all&#8217;Hotel Villa Carpenada\"}]},{\"@type\":\"WebSite\",\"@id\":\"https:\\\/\\\/www.bellunopress.it\\\/#website\",\"url\":\"https:\\\/\\\/www.bellunopress.it\\\/\",\"name\":\"Bellunopress - Dolomiti\",\"description\":\"e-mail: redazione@bellunopress.it\",\"publisher\":{\"@id\":\"https:\\\/\\\/www.bellunopress.it\\\/#organization\"},\"potentialAction\":[{\"@type\":\"SearchAction\",\"target\":{\"@type\":\"EntryPoint\",\"urlTemplate\":\"https:\\\/\\\/www.bellunopress.it\\\/?s={search_term_string}\"},\"query-input\":{\"@type\":\"PropertyValueSpecification\",\"valueRequired\":true,\"valueName\":\"search_term_string\"}}],\"inLanguage\":\"fr-FR\"},{\"@type\":\"Organization\",\"@id\":\"https:\\\/\\\/www.bellunopress.it\\\/#organization\",\"name\":\"Bellunopress\",\"url\":\"https:\\\/\\\/www.bellunopress.it\\\/\",\"logo\":{\"@type\":\"ImageObject\",\"inLanguage\":\"fr-FR\",\"@id\":\"https:\\\/\\\/www.bellunopress.it\\\/#\\\/schema\\\/logo\\\/image\\\/\",\"url\":\"https:\\\/\\\/www.bellunopress.it\\\/wp-content\\\/uploads\\\/2011\\\/05\\\/cropped-logo-bellunopress-.jpg\",\"contentUrl\":\"https:\\\/\\\/www.bellunopress.it\\\/wp-content\\\/uploads\\\/2011\\\/05\\\/cropped-logo-bellunopress-.jpg\",\"width\":512,\"height\":512,\"caption\":\"Bellunopress\"},\"image\":{\"@id\":\"https:\\\/\\\/www.bellunopress.it\\\/#\\\/schema\\\/logo\\\/image\\\/\"},\"sameAs\":[\"https:\\\/\\\/www.facebook.com\\\/profile.php?id=100008943462799\",\"https:\\\/\\\/x.com\\\/bellunopress\",\"https:\\\/\\\/www.linkedin.com\\\/hp\\\/?dnr=JBzUWaJfMUw8vbXJJ2tVW5-I3jZKvC4wsoxE&amp;amp;amp;amp;amp;amp;trk=nav_responsive_tab_home\",\"https:\\\/\\\/www.youtube.com\\\/channel\\\/UCxL0wu1uN0_3_7hGG0306cw\"]},{\"@type\":\"Person\",\"@id\":\"https:\\\/\\\/www.bellunopress.it\\\/#\\\/schema\\\/person\\\/79bb06722b37ece1c03d3e94beb30d73\",\"name\":\"redazione\",\"image\":{\"@type\":\"ImageObject\",\"inLanguage\":\"fr-FR\",\"@id\":\"https:\\\/\\\/secure.gravatar.com\\\/avatar\\\/37d968a2e67a6fd04c169c4bdef102d0bc5d31b2546345219e348575eb80e9a0?s=96&d=mm&r=g\",\"url\":\"https:\\\/\\\/secure.gravatar.com\\\/avatar\\\/37d968a2e67a6fd04c169c4bdef102d0bc5d31b2546345219e348575eb80e9a0?s=96&d=mm&r=g\",\"contentUrl\":\"https:\\\/\\\/secure.gravatar.com\\\/avatar\\\/37d968a2e67a6fd04c169c4bdef102d0bc5d31b2546345219e348575eb80e9a0?s=96&d=mm&r=g\",\"caption\":\"redazione\"},\"sameAs\":[\"http:\\\/\\\/www.bellunopress.it\",\"https:\\\/\\\/x.com\\\/bellunopress\"],\"url\":\"https:\\\/\\\/www.bellunopress.it\\\/fr\\\/author\\\/redazione\\\/\"}]}<\/script>\n<!-- \/ Yoast SEO plugin. -->","yoast_head_json":{"title":"Manovra finanziaria 2011, il convegno all'Hotel Villa Carpenada - Bellunopress - Dolomiti","robots":{"index":"index","follow":"follow","max-snippet":"max-snippet:-1","max-image-preview":"max-image-preview:large","max-video-preview":"max-video-preview:-1"},"canonical":"https:\/\/www.bellunopress.it\/fr\/2010\/07\/25\/manovra-finanziaria-2011-il-convegno-allhotel-villa-carpenada\/","og_locale":"fr_FR","og_type":"article","og_title":"Manovra finanziaria 2011, il convegno all'Hotel Villa Carpenada - Bellunopress - Dolomiti","og_description":"Venerd\u00ec 30 luglio nell&#8217;orario 9.00-14.00 all&#8217;Hotel Villa Carpenada di Belluno (Sala Berlendis) in localit\u00e0 Mier, si terr\u00e0 il convegno dal titolo: Finanziaria 2011 \u2013 D.L. 78\/2010 Analisi delle norme e delle ripercussioni sui bilanci 2010 e 2011. Con relatore il dottor Mauro Bellesia, dirigente del Comune di Vicenza e componente dell\u2019Osservatorio per la Finanza e [&hellip;]","og_url":"https:\/\/www.bellunopress.it\/fr\/2010\/07\/25\/manovra-finanziaria-2011-il-convegno-allhotel-villa-carpenada\/","og_site_name":"Bellunopress - Dolomiti","article_publisher":"https:\/\/www.facebook.com\/profile.php?id=100008943462799","article_published_time":"2010-07-25T12:17:17+00:00","og_image":[{"url":"http:\/\/www.bellunopress.it\/wp-content\/uploads\/2012\/07\/logo-bellunopress-250x250-2012.jpg","type":"","width":"","height":""}],"author":"redazione","twitter_card":"summary_large_image","twitter_creator":"@bellunopress","twitter_site":"@bellunopress","twitter_misc":{"\u00c9crit par":"redazione","Dur\u00e9e de lecture estim\u00e9e":"1 minute"},"schema":{"@context":"https:\/\/schema.org","@graph":[{"@type":"Article","@id":"https:\/\/www.bellunopress.it\/2010\/07\/25\/manovra-finanziaria-2011-il-convegno-allhotel-villa-carpenada\/#article","isPartOf":{"@id":"https:\/\/www.bellunopress.it\/2010\/07\/25\/manovra-finanziaria-2011-il-convegno-allhotel-villa-carpenada\/"},"author":{"name":"redazione","@id":"https:\/\/www.bellunopress.it\/#\/schema\/person\/79bb06722b37ece1c03d3e94beb30d73"},"headline":"Manovra finanziaria 2011, il convegno all&#8217;Hotel Villa Carpenada","datePublished":"2010-07-25T12:17:17+00:00","mainEntityOfPage":{"@id":"https:\/\/www.bellunopress.it\/2010\/07\/25\/manovra-finanziaria-2011-il-convegno-allhotel-villa-carpenada\/"},"wordCount":129,"publisher":{"@id":"https:\/\/www.bellunopress.it\/#organization"},"keywords":["Belluno"],"articleSection":["Appuntamenti, Eventi","Pausa Caff\u00e8"],"inLanguage":"fr-FR"},{"@type":"WebPage","@id":"https:\/\/www.bellunopress.it\/2010\/07\/25\/manovra-finanziaria-2011-il-convegno-allhotel-villa-carpenada\/","url":"https:\/\/www.bellunopress.it\/2010\/07\/25\/manovra-finanziaria-2011-il-convegno-allhotel-villa-carpenada\/","name":"Manovra finanziaria 2011, il convegno all'Hotel Villa Carpenada - Bellunopress - Dolomiti","isPartOf":{"@id":"https:\/\/www.bellunopress.it\/#website"},"datePublished":"2010-07-25T12:17:17+00:00","breadcrumb":{"@id":"https:\/\/www.bellunopress.it\/2010\/07\/25\/manovra-finanziaria-2011-il-convegno-allhotel-villa-carpenada\/#breadcrumb"},"inLanguage":"fr-FR","potentialAction":[{"@type":"ReadAction","target":["https:\/\/www.bellunopress.it\/2010\/07\/25\/manovra-finanziaria-2011-il-convegno-allhotel-villa-carpenada\/"]}]},{"@type":"BreadcrumbList","@id":"https:\/\/www.bellunopress.it\/2010\/07\/25\/manovra-finanziaria-2011-il-convegno-allhotel-villa-carpenada\/#breadcrumb","itemListElement":[{"@type":"ListItem","position":1,"name":"Home","item":"https:\/\/www.bellunopress.it\/"},{"@type":"ListItem","position":2,"name":"Manovra finanziaria 2011, il convegno all&#8217;Hotel Villa Carpenada"}]},{"@type":"WebSite","@id":"https:\/\/www.bellunopress.it\/#website","url":"https:\/\/www.bellunopress.it\/","name":"Bellunopress - Dolomiti","description":"e-mail: redazione@bellunopress.it","publisher":{"@id":"https:\/\/www.bellunopress.it\/#organization"},"potentialAction":[{"@type":"SearchAction","target":{"@type":"EntryPoint","urlTemplate":"https:\/\/www.bellunopress.it\/?s={search_term_string}"},"query-input":{"@type":"PropertyValueSpecification","valueRequired":true,"valueName":"search_term_string"}}],"inLanguage":"fr-FR"},{"@type":"Organization","@id":"https:\/\/www.bellunopress.it\/#organization","name":"Bellunopress","url":"https:\/\/www.bellunopress.it\/","logo":{"@type":"ImageObject","inLanguage":"fr-FR","@id":"https:\/\/www.bellunopress.it\/#\/schema\/logo\/image\/","url":"https:\/\/www.bellunopress.it\/wp-content\/uploads\/2011\/05\/cropped-logo-bellunopress-.jpg","contentUrl":"https:\/\/www.bellunopress.it\/wp-content\/uploads\/2011\/05\/cropped-logo-bellunopress-.jpg","width":512,"height":512,"caption":"Bellunopress"},"image":{"@id":"https:\/\/www.bellunopress.it\/#\/schema\/logo\/image\/"},"sameAs":["https:\/\/www.facebook.com\/profile.php?id=100008943462799","https:\/\/x.com\/bellunopress","https:\/\/www.linkedin.com\/hp\/?dnr=JBzUWaJfMUw8vbXJJ2tVW5-I3jZKvC4wsoxE&amp;amp;amp;amp;amp;amp;trk=nav_responsive_tab_home","https:\/\/www.youtube.com\/channel\/UCxL0wu1uN0_3_7hGG0306cw"]},{"@type":"Person","@id":"https:\/\/www.bellunopress.it\/#\/schema\/person\/79bb06722b37ece1c03d3e94beb30d73","name":"r\u00e9daction","image":{"@type":"ImageObject","inLanguage":"fr-FR","@id":"https:\/\/secure.gravatar.com\/avatar\/37d968a2e67a6fd04c169c4bdef102d0bc5d31b2546345219e348575eb80e9a0?s=96&d=mm&r=g","url":"https:\/\/secure.gravatar.com\/avatar\/37d968a2e67a6fd04c169c4bdef102d0bc5d31b2546345219e348575eb80e9a0?s=96&d=mm&r=g","contentUrl":"https:\/\/secure.gravatar.com\/avatar\/37d968a2e67a6fd04c169c4bdef102d0bc5d31b2546345219e348575eb80e9a0?s=96&d=mm&r=g","caption":"redazione"},"sameAs":["http:\/\/www.bellunopress.it","https:\/\/x.com\/bellunopress"],"url":"https:\/\/www.bellunopress.it\/fr\/author\/redazione\/"}]}},"_links":{"self":[{"href":"https:\/\/www.bellunopress.it\/fr\/wp-json\/wp\/v2\/posts\/17372","targetHints":{"allow":["GET"]}}],"collection":[{"href":"https:\/\/www.bellunopress.it\/fr\/wp-json\/wp\/v2\/posts"}],"about":[{"href":"https:\/\/www.bellunopress.it\/fr\/wp-json\/wp\/v2\/types\/post"}],"author":[{"embeddable":true,"href":"https:\/\/www.bellunopress.it\/fr\/wp-json\/wp\/v2\/users\/2"}],"replies":[{"embeddable":true,"href":"https:\/\/www.bellunopress.it\/fr\/wp-json\/wp\/v2\/comments?post=17372"}],"version-history":[{"count":1,"href":"https:\/\/www.bellunopress.it\/fr\/wp-json\/wp\/v2\/posts\/17372\/revisions"}],"predecessor-version":[{"id":17373,"href":"https:\/\/www.bellunopress.it\/fr\/wp-json\/wp\/v2\/posts\/17372\/revisions\/17373"}],"wp:attachment":[{"href":"https:\/\/www.bellunopress.it\/fr\/wp-json\/wp\/v2\/media?parent=17372"}],"wp:term":[{"taxonomy":"category","embeddable":true,"href":"https:\/\/www.bellunopress.it\/fr\/wp-json\/wp\/v2\/categories?post=17372"},{"taxonomy":"post_tag","embeddable":true,"href":"https:\/\/www.bellunopress.it\/fr\/wp-json\/wp\/v2\/tags?post=17372"}],"curies":[{"name":"wp","href":"https:\/\/api.w.org\/{rel}","templated":true}]}}