{"id":17345,"date":"2010-07-24T17:10:57","date_gmt":"2010-07-24T16:10:57","guid":{"rendered":"http:\/\/www.bellunopress.it\/?p=17345"},"modified":"2010-07-24T13:24:09","modified_gmt":"2010-07-24T12:24:09","slug":"sabato-a-domegge-i-100-anni-del-rifugio-padova-con-i-ragni-peverelli-e-svaluto","status":"publish","type":"post","link":"https:\/\/www.bellunopress.it\/fr\/2010\/07\/24\/sabato-a-domegge-i-100-anni-del-rifugio-padova-con-i-ragni-peverelli-e-svaluto\/","title":{"rendered":"Sabato a Domegge i 100 anni del rifugio Padova, con i ragni Peverelli e Svaluto"},"content":{"rendered":"<p>Le scalate sugli Spalti di Toro raccontate dai protagonisti. Il prossimo 14 agosto il Rifugio Padova compir\u00e0 100 anni. Una storia lunga di montagna e di alpinismo, di ospitalit\u00e0 e di orgoglio. Per festeggiare il secolare tappa l\u2019Amministrazione comunale e la Sezione Cai DI Domegge hanno messo in calendario alcuni significatiovi appuntamenti. Il primo \u00e8 stato con la storia del rifugio che Paolo Salvini ha raccontato in un libro ricco di documenti e di preziose foto storiche. Il racconto inizia con la costruzione del fabbricato su iniziativa della Sezione Cai di Padova nel 1910. Cost\u00f2 10mila lire. Poi, nell\u2019inverno del 1931 una valanga lo distrusse. La ricostruzione avvenne nella primavera e nell\u2019estate dello stesso anno. L\u2019ultima parte del racconto prende lo spunto dalla lungimirante decisione dell\u2019allora sindaco\u00a0 Flaminio Da Deppo di acquistare il rifugio dalla sezione Cai di Padova. E cos\u00ec, dal 1990, il rifugio appartiene alla comunit\u00e0 di Domegge.<br \/>\nAgli alpinisti e alle ascensioni che hanno scritto la storia alpinistica delle montagne che circondano il rifugio \u00e8 dedicata la serata di sabato 24 luglio alle ore 20,30 nel Cinema San Giorgio di Domegge.Due alpinisti di razza: Renato Peverelli e Ferruccio Svaluto Moreolo ripercorreranno le salite pi\u00f9 importanti sugli Spalti di Toro, sui Monfalconi e sul Cridola. Una carrellata storica che si incrocer\u00e0 con le loro imprese su queste montagne selvagge che, da sempre, considerano le loro montagne del cuore. Sulle pareti delle Dolomiti d\u2019Oltrepiave, negli ultimi vent\u2019anni, Peverelli e Svaluto, entrambi appartenenti al Gruppo Ragni di Pieve (Svaluto \u00e8 anche Guida alpina) hanno scritto pagine prestigiose di grande alpinismo, quello che passa per i pi\u00f9 elevati gradi di difficolt\u00e0 su roccia. Per l\u2019occasione sono stati confezionate tre sequenze di immagini che raccontano le pi\u00f9 prestigiose salite sugli Spalti, sui Monfalconi e sul Cridola. Un autentico documento storico che non ha precedenti e che sar\u00e0 presentato con i racconti dei protagonisti di ieri e di oggi e con le note di una chitarra e di un flauto.<\/p>","protected":false},"excerpt":{"rendered":"<p>Le scalate sugli Spalti di Toro raccontate dai protagonisti. Il prossimo 14 agosto il Rifugio Padova compir\u00e0 100 anni. Una storia lunga di montagna e di alpinismo, di ospitalit\u00e0 e di orgoglio. Per festeggiare il secolare tappa l\u2019Amministrazione comunale e la Sezione Cai DI Domegge hanno messo in calendario alcuni significatiovi appuntamenti. Il primo \u00e8 [&hellip;]<\/p>\n","protected":false},"author":2,"featured_media":0,"comment_status":"closed","ping_status":"open","sticky":false,"template":"","format":"standard","meta":{"footnotes":""},"categories":[27,25],"tags":[63],"class_list":["post-17345","post","type-post","status-publish","format-standard","category-appuntamenti","category-pausa-caffe","tag-dolomiti"],"yoast_head":"<!-- This site is optimized with the Yoast SEO plugin v28.4 - https:\/\/yoast.com\/product\/yoast-seo-wordpress\/ -->\n<title>Sabato a Domegge i 100 anni del rifugio Padova, con i ragni Peverelli e Svaluto - Bellunopress - Dolomiti<\/title>\n<meta name=\"robots\" content=\"index, follow, max-snippet:-1, max-image-preview:large, max-video-preview:-1\" \/>\n<link rel=\"canonical\" href=\"https:\/\/www.bellunopress.it\/fr\/2010\/07\/24\/sabato-a-domegge-i-100-anni-del-rifugio-padova-con-i-ragni-peverelli-e-svaluto\/\" \/>\n<meta property=\"og:locale\" content=\"fr_FR\" \/>\n<meta property=\"og:type\" content=\"article\" \/>\n<meta property=\"og:title\" content=\"Sabato a Domegge i 100 anni del rifugio Padova, con i ragni Peverelli e Svaluto - Bellunopress - Dolomiti\" \/>\n<meta property=\"og:description\" content=\"Le scalate sugli Spalti di Toro raccontate dai protagonisti. Il prossimo 14 agosto il Rifugio Padova compir\u00e0 100 anni. Una storia lunga di montagna e di alpinismo, di ospitalit\u00e0 e di orgoglio. Per festeggiare il secolare tappa l\u2019Amministrazione comunale e la Sezione Cai DI Domegge hanno messo in calendario alcuni significatiovi appuntamenti. Il primo \u00e8 [&hellip;]\" \/>\n<meta property=\"og:url\" content=\"https:\/\/www.bellunopress.it\/fr\/2010\/07\/24\/sabato-a-domegge-i-100-anni-del-rifugio-padova-con-i-ragni-peverelli-e-svaluto\/\" \/>\n<meta property=\"og:site_name\" content=\"Bellunopress - Dolomiti\" \/>\n<meta property=\"article:publisher\" content=\"https:\/\/www.facebook.com\/profile.php?id=100008943462799\" \/>\n<meta property=\"article:published_time\" content=\"2010-07-24T16:10:57+00:00\" \/>\n<meta property=\"og:image\" content=\"http:\/\/www.bellunopress.it\/wp-content\/uploads\/2012\/07\/logo-bellunopress-250x250-2012.jpg\" \/>\n<meta name=\"author\" content=\"redazione\" \/>\n<meta name=\"twitter:card\" content=\"summary_large_image\" \/>\n<meta name=\"twitter:creator\" content=\"@bellunopress\" \/>\n<meta name=\"twitter:site\" content=\"@bellunopress\" \/>\n<meta name=\"twitter:label1\" content=\"\u00c9crit par\" \/>\n\t<meta name=\"twitter:data1\" content=\"redazione\" \/>\n\t<meta name=\"twitter:label2\" content=\"Dur\u00e9e de lecture estim\u00e9e\" \/>\n\t<meta name=\"twitter:data2\" content=\"2 minutes\" \/>\n<script type=\"application\/ld+json\" class=\"yoast-schema-graph\">{\"@context\":\"https:\\\/\\\/schema.org\",\"@graph\":[{\"@type\":\"Article\",\"@id\":\"https:\\\/\\\/www.bellunopress.it\\\/2010\\\/07\\\/24\\\/sabato-a-domegge-i-100-anni-del-rifugio-padova-con-i-ragni-peverelli-e-svaluto\\\/#article\",\"isPartOf\":{\"@id\":\"https:\\\/\\\/www.bellunopress.it\\\/2010\\\/07\\\/24\\\/sabato-a-domegge-i-100-anni-del-rifugio-padova-con-i-ragni-peverelli-e-svaluto\\\/\"},\"author\":{\"name\":\"redazione\",\"@id\":\"https:\\\/\\\/www.bellunopress.it\\\/#\\\/schema\\\/person\\\/79bb06722b37ece1c03d3e94beb30d73\"},\"headline\":\"Sabato a Domegge i 100 anni del rifugio Padova, con i ragni Peverelli e Svaluto\",\"datePublished\":\"2010-07-24T16:10:57+00:00\",\"mainEntityOfPage\":{\"@id\":\"https:\\\/\\\/www.bellunopress.it\\\/2010\\\/07\\\/24\\\/sabato-a-domegge-i-100-anni-del-rifugio-padova-con-i-ragni-peverelli-e-svaluto\\\/\"},\"wordCount\":340,\"publisher\":{\"@id\":\"https:\\\/\\\/www.bellunopress.it\\\/#organization\"},\"keywords\":[\"Dolomiti\"],\"articleSection\":[\"Appuntamenti, Eventi\",\"Pausa Caff\u00e8\"],\"inLanguage\":\"fr-FR\"},{\"@type\":\"WebPage\",\"@id\":\"https:\\\/\\\/www.bellunopress.it\\\/2010\\\/07\\\/24\\\/sabato-a-domegge-i-100-anni-del-rifugio-padova-con-i-ragni-peverelli-e-svaluto\\\/\",\"url\":\"https:\\\/\\\/www.bellunopress.it\\\/2010\\\/07\\\/24\\\/sabato-a-domegge-i-100-anni-del-rifugio-padova-con-i-ragni-peverelli-e-svaluto\\\/\",\"name\":\"Sabato a Domegge i 100 anni del rifugio Padova, con i ragni Peverelli e Svaluto - Bellunopress - Dolomiti\",\"isPartOf\":{\"@id\":\"https:\\\/\\\/www.bellunopress.it\\\/#website\"},\"datePublished\":\"2010-07-24T16:10:57+00:00\",\"breadcrumb\":{\"@id\":\"https:\\\/\\\/www.bellunopress.it\\\/2010\\\/07\\\/24\\\/sabato-a-domegge-i-100-anni-del-rifugio-padova-con-i-ragni-peverelli-e-svaluto\\\/#breadcrumb\"},\"inLanguage\":\"fr-FR\",\"potentialAction\":[{\"@type\":\"ReadAction\",\"target\":[\"https:\\\/\\\/www.bellunopress.it\\\/2010\\\/07\\\/24\\\/sabato-a-domegge-i-100-anni-del-rifugio-padova-con-i-ragni-peverelli-e-svaluto\\\/\"]}]},{\"@type\":\"BreadcrumbList\",\"@id\":\"https:\\\/\\\/www.bellunopress.it\\\/2010\\\/07\\\/24\\\/sabato-a-domegge-i-100-anni-del-rifugio-padova-con-i-ragni-peverelli-e-svaluto\\\/#breadcrumb\",\"itemListElement\":[{\"@type\":\"ListItem\",\"position\":1,\"name\":\"Home\",\"item\":\"https:\\\/\\\/www.bellunopress.it\\\/\"},{\"@type\":\"ListItem\",\"position\":2,\"name\":\"Sabato a Domegge i 100 anni del rifugio Padova, con i ragni Peverelli e Svaluto\"}]},{\"@type\":\"WebSite\",\"@id\":\"https:\\\/\\\/www.bellunopress.it\\\/#website\",\"url\":\"https:\\\/\\\/www.bellunopress.it\\\/\",\"name\":\"Bellunopress - Dolomiti\",\"description\":\"e-mail: redazione@bellunopress.it\",\"publisher\":{\"@id\":\"https:\\\/\\\/www.bellunopress.it\\\/#organization\"},\"potentialAction\":[{\"@type\":\"SearchAction\",\"target\":{\"@type\":\"EntryPoint\",\"urlTemplate\":\"https:\\\/\\\/www.bellunopress.it\\\/?s={search_term_string}\"},\"query-input\":{\"@type\":\"PropertyValueSpecification\",\"valueRequired\":true,\"valueName\":\"search_term_string\"}}],\"inLanguage\":\"fr-FR\"},{\"@type\":\"Organization\",\"@id\":\"https:\\\/\\\/www.bellunopress.it\\\/#organization\",\"name\":\"Bellunopress\",\"url\":\"https:\\\/\\\/www.bellunopress.it\\\/\",\"logo\":{\"@type\":\"ImageObject\",\"inLanguage\":\"fr-FR\",\"@id\":\"https:\\\/\\\/www.bellunopress.it\\\/#\\\/schema\\\/logo\\\/image\\\/\",\"url\":\"https:\\\/\\\/www.bellunopress.it\\\/wp-content\\\/uploads\\\/2011\\\/05\\\/cropped-logo-bellunopress-.jpg\",\"contentUrl\":\"https:\\\/\\\/www.bellunopress.it\\\/wp-content\\\/uploads\\\/2011\\\/05\\\/cropped-logo-bellunopress-.jpg\",\"width\":512,\"height\":512,\"caption\":\"Bellunopress\"},\"image\":{\"@id\":\"https:\\\/\\\/www.bellunopress.it\\\/#\\\/schema\\\/logo\\\/image\\\/\"},\"sameAs\":[\"https:\\\/\\\/www.facebook.com\\\/profile.php?id=100008943462799\",\"https:\\\/\\\/x.com\\\/bellunopress\",\"https:\\\/\\\/www.linkedin.com\\\/hp\\\/?dnr=JBzUWaJfMUw8vbXJJ2tVW5-I3jZKvC4wsoxE&amp;amp;amp;amp;amp;amp;trk=nav_responsive_tab_home\",\"https:\\\/\\\/www.youtube.com\\\/channel\\\/UCxL0wu1uN0_3_7hGG0306cw\"]},{\"@type\":\"Person\",\"@id\":\"https:\\\/\\\/www.bellunopress.it\\\/#\\\/schema\\\/person\\\/79bb06722b37ece1c03d3e94beb30d73\",\"name\":\"redazione\",\"image\":{\"@type\":\"ImageObject\",\"inLanguage\":\"fr-FR\",\"@id\":\"https:\\\/\\\/secure.gravatar.com\\\/avatar\\\/37d968a2e67a6fd04c169c4bdef102d0bc5d31b2546345219e348575eb80e9a0?s=96&d=mm&r=g\",\"url\":\"https:\\\/\\\/secure.gravatar.com\\\/avatar\\\/37d968a2e67a6fd04c169c4bdef102d0bc5d31b2546345219e348575eb80e9a0?s=96&d=mm&r=g\",\"contentUrl\":\"https:\\\/\\\/secure.gravatar.com\\\/avatar\\\/37d968a2e67a6fd04c169c4bdef102d0bc5d31b2546345219e348575eb80e9a0?s=96&d=mm&r=g\",\"caption\":\"redazione\"},\"sameAs\":[\"http:\\\/\\\/www.bellunopress.it\",\"https:\\\/\\\/x.com\\\/bellunopress\"],\"url\":\"https:\\\/\\\/www.bellunopress.it\\\/fr\\\/author\\\/redazione\\\/\"}]}<\/script>\n<!-- \/ Yoast SEO plugin. -->","yoast_head_json":{"title":"Sabato a Domegge i 100 anni del rifugio Padova, con i ragni Peverelli e Svaluto - Bellunopress - Dolomiti","robots":{"index":"index","follow":"follow","max-snippet":"max-snippet:-1","max-image-preview":"max-image-preview:large","max-video-preview":"max-video-preview:-1"},"canonical":"https:\/\/www.bellunopress.it\/fr\/2010\/07\/24\/sabato-a-domegge-i-100-anni-del-rifugio-padova-con-i-ragni-peverelli-e-svaluto\/","og_locale":"fr_FR","og_type":"article","og_title":"Sabato a Domegge i 100 anni del rifugio Padova, con i ragni Peverelli e Svaluto - Bellunopress - Dolomiti","og_description":"Le scalate sugli Spalti di Toro raccontate dai protagonisti. Il prossimo 14 agosto il Rifugio Padova compir\u00e0 100 anni. Una storia lunga di montagna e di alpinismo, di ospitalit\u00e0 e di orgoglio. Per festeggiare il secolare tappa l\u2019Amministrazione comunale e la Sezione Cai DI Domegge hanno messo in calendario alcuni significatiovi appuntamenti. Il primo \u00e8 [&hellip;]","og_url":"https:\/\/www.bellunopress.it\/fr\/2010\/07\/24\/sabato-a-domegge-i-100-anni-del-rifugio-padova-con-i-ragni-peverelli-e-svaluto\/","og_site_name":"Bellunopress - Dolomiti","article_publisher":"https:\/\/www.facebook.com\/profile.php?id=100008943462799","article_published_time":"2010-07-24T16:10:57+00:00","og_image":[{"url":"http:\/\/www.bellunopress.it\/wp-content\/uploads\/2012\/07\/logo-bellunopress-250x250-2012.jpg","type":"","width":"","height":""}],"author":"redazione","twitter_card":"summary_large_image","twitter_creator":"@bellunopress","twitter_site":"@bellunopress","twitter_misc":{"\u00c9crit par":"redazione","Dur\u00e9e de lecture estim\u00e9e":"2 minutes"},"schema":{"@context":"https:\/\/schema.org","@graph":[{"@type":"Article","@id":"https:\/\/www.bellunopress.it\/2010\/07\/24\/sabato-a-domegge-i-100-anni-del-rifugio-padova-con-i-ragni-peverelli-e-svaluto\/#article","isPartOf":{"@id":"https:\/\/www.bellunopress.it\/2010\/07\/24\/sabato-a-domegge-i-100-anni-del-rifugio-padova-con-i-ragni-peverelli-e-svaluto\/"},"author":{"name":"redazione","@id":"https:\/\/www.bellunopress.it\/#\/schema\/person\/79bb06722b37ece1c03d3e94beb30d73"},"headline":"Sabato a Domegge i 100 anni del rifugio Padova, con i ragni Peverelli e Svaluto","datePublished":"2010-07-24T16:10:57+00:00","mainEntityOfPage":{"@id":"https:\/\/www.bellunopress.it\/2010\/07\/24\/sabato-a-domegge-i-100-anni-del-rifugio-padova-con-i-ragni-peverelli-e-svaluto\/"},"wordCount":340,"publisher":{"@id":"https:\/\/www.bellunopress.it\/#organization"},"keywords":["Dolomiti"],"articleSection":["Appuntamenti, Eventi","Pausa Caff\u00e8"],"inLanguage":"fr-FR"},{"@type":"WebPage","@id":"https:\/\/www.bellunopress.it\/2010\/07\/24\/sabato-a-domegge-i-100-anni-del-rifugio-padova-con-i-ragni-peverelli-e-svaluto\/","url":"https:\/\/www.bellunopress.it\/2010\/07\/24\/sabato-a-domegge-i-100-anni-del-rifugio-padova-con-i-ragni-peverelli-e-svaluto\/","name":"Sabato a Domegge i 100 anni del rifugio Padova, con i ragni Peverelli e Svaluto - Bellunopress - Dolomiti","isPartOf":{"@id":"https:\/\/www.bellunopress.it\/#website"},"datePublished":"2010-07-24T16:10:57+00:00","breadcrumb":{"@id":"https:\/\/www.bellunopress.it\/2010\/07\/24\/sabato-a-domegge-i-100-anni-del-rifugio-padova-con-i-ragni-peverelli-e-svaluto\/#breadcrumb"},"inLanguage":"fr-FR","potentialAction":[{"@type":"ReadAction","target":["https:\/\/www.bellunopress.it\/2010\/07\/24\/sabato-a-domegge-i-100-anni-del-rifugio-padova-con-i-ragni-peverelli-e-svaluto\/"]}]},{"@type":"BreadcrumbList","@id":"https:\/\/www.bellunopress.it\/2010\/07\/24\/sabato-a-domegge-i-100-anni-del-rifugio-padova-con-i-ragni-peverelli-e-svaluto\/#breadcrumb","itemListElement":[{"@type":"ListItem","position":1,"name":"Home","item":"https:\/\/www.bellunopress.it\/"},{"@type":"ListItem","position":2,"name":"Sabato a Domegge i 100 anni del rifugio Padova, con i ragni Peverelli e Svaluto"}]},{"@type":"WebSite","@id":"https:\/\/www.bellunopress.it\/#website","url":"https:\/\/www.bellunopress.it\/","name":"Bellunopress - Dolomiti","description":"e-mail: redazione@bellunopress.it","publisher":{"@id":"https:\/\/www.bellunopress.it\/#organization"},"potentialAction":[{"@type":"SearchAction","target":{"@type":"EntryPoint","urlTemplate":"https:\/\/www.bellunopress.it\/?s={search_term_string}"},"query-input":{"@type":"PropertyValueSpecification","valueRequired":true,"valueName":"search_term_string"}}],"inLanguage":"fr-FR"},{"@type":"Organization","@id":"https:\/\/www.bellunopress.it\/#organization","name":"Bellunopress","url":"https:\/\/www.bellunopress.it\/","logo":{"@type":"ImageObject","inLanguage":"fr-FR","@id":"https:\/\/www.bellunopress.it\/#\/schema\/logo\/image\/","url":"https:\/\/www.bellunopress.it\/wp-content\/uploads\/2011\/05\/cropped-logo-bellunopress-.jpg","contentUrl":"https:\/\/www.bellunopress.it\/wp-content\/uploads\/2011\/05\/cropped-logo-bellunopress-.jpg","width":512,"height":512,"caption":"Bellunopress"},"image":{"@id":"https:\/\/www.bellunopress.it\/#\/schema\/logo\/image\/"},"sameAs":["https:\/\/www.facebook.com\/profile.php?id=100008943462799","https:\/\/x.com\/bellunopress","https:\/\/www.linkedin.com\/hp\/?dnr=JBzUWaJfMUw8vbXJJ2tVW5-I3jZKvC4wsoxE&amp;amp;amp;amp;amp;amp;trk=nav_responsive_tab_home","https:\/\/www.youtube.com\/channel\/UCxL0wu1uN0_3_7hGG0306cw"]},{"@type":"Person","@id":"https:\/\/www.bellunopress.it\/#\/schema\/person\/79bb06722b37ece1c03d3e94beb30d73","name":"r\u00e9daction","image":{"@type":"ImageObject","inLanguage":"fr-FR","@id":"https:\/\/secure.gravatar.com\/avatar\/37d968a2e67a6fd04c169c4bdef102d0bc5d31b2546345219e348575eb80e9a0?s=96&d=mm&r=g","url":"https:\/\/secure.gravatar.com\/avatar\/37d968a2e67a6fd04c169c4bdef102d0bc5d31b2546345219e348575eb80e9a0?s=96&d=mm&r=g","contentUrl":"https:\/\/secure.gravatar.com\/avatar\/37d968a2e67a6fd04c169c4bdef102d0bc5d31b2546345219e348575eb80e9a0?s=96&d=mm&r=g","caption":"redazione"},"sameAs":["http:\/\/www.bellunopress.it","https:\/\/x.com\/bellunopress"],"url":"https:\/\/www.bellunopress.it\/fr\/author\/redazione\/"}]}},"_links":{"self":[{"href":"https:\/\/www.bellunopress.it\/fr\/wp-json\/wp\/v2\/posts\/17345","targetHints":{"allow":["GET"]}}],"collection":[{"href":"https:\/\/www.bellunopress.it\/fr\/wp-json\/wp\/v2\/posts"}],"about":[{"href":"https:\/\/www.bellunopress.it\/fr\/wp-json\/wp\/v2\/types\/post"}],"author":[{"embeddable":true,"href":"https:\/\/www.bellunopress.it\/fr\/wp-json\/wp\/v2\/users\/2"}],"replies":[{"embeddable":true,"href":"https:\/\/www.bellunopress.it\/fr\/wp-json\/wp\/v2\/comments?post=17345"}],"version-history":[{"count":2,"href":"https:\/\/www.bellunopress.it\/fr\/wp-json\/wp\/v2\/posts\/17345\/revisions"}],"predecessor-version":[{"id":17472,"href":"https:\/\/www.bellunopress.it\/fr\/wp-json\/wp\/v2\/posts\/17345\/revisions\/17472"}],"wp:attachment":[{"href":"https:\/\/www.bellunopress.it\/fr\/wp-json\/wp\/v2\/media?parent=17345"}],"wp:term":[{"taxonomy":"category","embeddable":true,"href":"https:\/\/www.bellunopress.it\/fr\/wp-json\/wp\/v2\/categories?post=17345"},{"taxonomy":"post_tag","embeddable":true,"href":"https:\/\/www.bellunopress.it\/fr\/wp-json\/wp\/v2\/tags?post=17345"}],"curies":[{"name":"wp","href":"https:\/\/api.w.org\/{rel}","templated":true}]}}