{"id":173204,"date":"2026-09-06T18:01:55","date_gmt":"2026-09-06T16:01:55","guid":{"rendered":"https:\/\/www.bellunopress.it\/?p=173204"},"modified":"2026-09-06T18:01:55","modified_gmt":"2026-09-06T16:01:55","slug":"la-firma-tricolore-di-isacco-costa-sulla-transpelmo-sprint","status":"publish","type":"post","link":"https:\/\/www.bellunopress.it\/fr\/2026\/09\/06\/la-firma-tricolore-di-isacco-costa-sulla-transpelmo-sprint\/","title":{"rendered":"La firma tricolore di Isacco Costa sulla Transpelmo Sprint"},"content":{"rendered":"<p><strong>Sui sentieri di casa, il campione italiano della corsa in montagna vince l\u2019evento della val di Zoldo. Al femminile hurr\u00e0 per la vicentina Giulia Zaltron<\/strong><\/p>\n<p>Val di Zoldo (Dolomiti Bellunesi), 6 settembre 2026 \u2013 Si \u00e8 rinnovato domenica 6 settembre l\u2019appuntamento con Transpelmo, l\u2019evento podistico che in Val di Zoldo, nel cuore delle Dolomiti Bellunesi, si corre al cospetto del Monte Pelmo, una delle vette pi\u00f9 iconiche dei Monti Pallidi. Si \u00e8 trattato di un\u2019edizione in formato ridotto in quanto, a causa di problemi logistici che stanno interessando in questo periodo il paese di P\u00e9col, dove la manifestazione ha partenza e arrivo, \u00e8 andata in scena esclusivamente la versione Sprint (8,5 chilometri) e non quella Skyrun (19,5 chilometri per 1.450 i metri di dislivello).<\/p>\n<p>Transpelmo Sprint \u00e8 stata una gara su distanza ridotta ma dai contenuti tecnici importanti, con un vincitore d\u2019eccezione: Isacco Costa. L\u2019atleta zoldano, campione italiano di corsa in montagna per tre volte consecutive nelle ultime tre stagioni, che abita a poca distanza da P\u00e9col, ha dato spettacolo lungo il tracciato che partiva dal centro di P\u00e9col (altitudine 1.400 metri) toccava Palafavera (1.515), Col del le Crepe (1.896), Pian di Buoi (1.804), di nuovo Palafavera e, prima del traguardo, proponeva lo strappo verso Le Coste (1.575). Un up &amp; down veloce e tecnico, che Costa ha portato a termine in 42 minuti e 31 secondi. Nessuno \u00e8 riuscito a impensierire l\u2019azzurro (oro a squadre agli Europei di corsa in montagna lo scorso giugno nella slovena Kamnik). Il secondo classificato, il polesano Enrico Bonati, ha chiuso con un distacco di 2 minuti e 22 secondi. Terzo, a due minuti e 53 secondi, un altro Costa, Elia, fratello maggiore di Isacco e presenza storica di Transpelmo.<\/p>\n<p>A completare la top five, due giovanissimi: l\u2019ex ciclista longaronese Stefano Sacchet e lo zoldano Tiziano Livan.<\/p>\n<p>Tra le donne, hurr\u00e0 per Giulia Zaltron. La vicentina che veste la maglia della societ\u00e0 trentina Lagarina Crus ha portato a termine la propria fatica in 56 minuti e 43 secondi. Sul podio anche la finlandese Heta Virtanen, staccata di poco meno di un minuto, e la bellunese Ilaria Comiotto. Sabrina Dotto e Caterina Dall\u2019Acqua hanno completato la top five.<\/p>\n<p>Come consuetudine, Transpelmo ha proposto uno spazio anche alle giovani generazioni con la Zoldino Run, l\u2019evento dedicato ai pi\u00f9 piccoli che prevedeva distanze ridotte: agonismo ma soprattutto divertimento per il centinaio di mini runner al via.<\/p>\n<p>\u00ab\u00c8 stata un\u2019edizione particolare, non siamo riusciti a proporre la skyrun che saliva a Forcella Val d\u2019Arcia, nel \u201ccuore\u201d del Pelmo ma non potevamo fare diversamente: ospitare un migliaio di concorrenti in questo periodo a P\u00e9col non sarebbe stato possibile senza venire meno a quegli standard di qualit\u00e0 nei servizi che siamo soliti proporre a chi viene a disputare Transpelmo\u00bb commentano Andrea Cero ed Eris Costa, coordinatori dello staff organizzativo. \u00abMa era importante non fermarci, anche con partecipazione ridotta. Abbiamo organizzato Transpelmo Sprint per dare continuit\u00e0 a un evento che torner\u00e0 nel formato tradizionale il prossimo anno: diamo appuntamento a tutti per domenica 5 settembre 2027\u00bb.<\/p>\n<p>&nbsp;<\/p>","protected":false},"excerpt":{"rendered":"<p>Sui sentieri di casa, il campione italiano della corsa in montagna vince l\u2019evento della val di Zoldo. Al femminile hurr\u00e0 per la vicentina Giulia Zaltron Val di Zoldo (Dolomiti Bellunesi), 6 settembre 2026 \u2013 Si \u00e8 rinnovato domenica 6 settembre l\u2019appuntamento con Transpelmo, l\u2019evento podistico che in Val di Zoldo, nel cuore delle Dolomiti Bellunesi, [&hellip;]<\/p>\n","protected":false},"author":2,"featured_media":173205,"comment_status":"closed","ping_status":"open","sticky":false,"template":"","format":"standard","meta":{"footnotes":""},"categories":[4],"tags":[],"class_list":["post-173204","post","type-post","status-publish","format-standard","has-post-thumbnail","category-sport"],"yoast_head":"<!-- This site is optimized with the Yoast SEO plugin v28.4 - https:\/\/yoast.com\/product\/yoast-seo-wordpress\/ -->\n<title>La firma tricolore di Isacco Costa sulla Transpelmo Sprint - Bellunopress - Dolomiti<\/title>\n<meta name=\"robots\" content=\"index, follow, max-snippet:-1, max-image-preview:large, max-video-preview:-1\" \/>\n<link rel=\"canonical\" href=\"https:\/\/www.bellunopress.it\/fr\/2026\/09\/06\/la-firma-tricolore-di-isacco-costa-sulla-transpelmo-sprint\/\" \/>\n<meta property=\"og:locale\" content=\"fr_FR\" \/>\n<meta property=\"og:type\" content=\"article\" \/>\n<meta property=\"og:title\" content=\"La firma tricolore di Isacco Costa sulla Transpelmo Sprint - Bellunopress - Dolomiti\" \/>\n<meta property=\"og:description\" content=\"Sui sentieri di casa, il campione italiano della corsa in montagna vince l\u2019evento della val di Zoldo. Al femminile hurr\u00e0 per la vicentina Giulia Zaltron Val di Zoldo (Dolomiti Bellunesi), 6 settembre 2026 \u2013 Si \u00e8 rinnovato domenica 6 settembre l\u2019appuntamento con Transpelmo, l\u2019evento podistico che in Val di Zoldo, nel cuore delle Dolomiti Bellunesi, [&hellip;]\" \/>\n<meta property=\"og:url\" content=\"https:\/\/www.bellunopress.it\/fr\/2026\/09\/06\/la-firma-tricolore-di-isacco-costa-sulla-transpelmo-sprint\/\" \/>\n<meta property=\"og:site_name\" content=\"Bellunopress - Dolomiti\" \/>\n<meta property=\"article:publisher\" content=\"https:\/\/www.facebook.com\/profile.php?id=100008943462799\" \/>\n<meta property=\"article:published_time\" content=\"2026-09-06T16:01:55+00:00\" \/>\n<meta property=\"og:image\" content=\"https:\/\/www.bellunopress.it\/wp-content\/uploads\/2026\/09\/Transpelmo-ph-alessandro-sogne.jpg\" \/>\n\t<meta property=\"og:image:width\" content=\"440\" \/>\n\t<meta property=\"og:image:height\" content=\"309\" \/>\n\t<meta property=\"og:image:type\" content=\"image\/jpeg\" \/>\n<meta name=\"author\" content=\"redazione\" \/>\n<meta name=\"twitter:card\" content=\"summary_large_image\" \/>\n<meta name=\"twitter:creator\" content=\"@bellunopress\" \/>\n<meta name=\"twitter:site\" content=\"@bellunopress\" \/>\n<meta name=\"twitter:label1\" content=\"\u00c9crit par\" \/>\n\t<meta name=\"twitter:data1\" content=\"redazione\" \/>\n\t<meta name=\"twitter:label2\" content=\"Dur\u00e9e de lecture estim\u00e9e\" \/>\n\t<meta name=\"twitter:data2\" content=\"3 minutes\" \/>\n<script type=\"application\/ld+json\" class=\"yoast-schema-graph\">{\"@context\":\"https:\\\/\\\/schema.org\",\"@graph\":[{\"@type\":\"Article\",\"@id\":\"https:\\\/\\\/www.bellunopress.it\\\/2026\\\/09\\\/06\\\/la-firma-tricolore-di-isacco-costa-sulla-transpelmo-sprint\\\/#article\",\"isPartOf\":{\"@id\":\"https:\\\/\\\/www.bellunopress.it\\\/2026\\\/09\\\/06\\\/la-firma-tricolore-di-isacco-costa-sulla-transpelmo-sprint\\\/\"},\"author\":{\"name\":\"redazione\",\"@id\":\"https:\\\/\\\/www.bellunopress.it\\\/#\\\/schema\\\/person\\\/79bb06722b37ece1c03d3e94beb30d73\"},\"headline\":\"La firma tricolore di Isacco Costa sulla Transpelmo Sprint\",\"datePublished\":\"2026-09-06T16:01:55+00:00\",\"mainEntityOfPage\":{\"@id\":\"https:\\\/\\\/www.bellunopress.it\\\/2026\\\/09\\\/06\\\/la-firma-tricolore-di-isacco-costa-sulla-transpelmo-sprint\\\/\"},\"wordCount\":504,\"publisher\":{\"@id\":\"https:\\\/\\\/www.bellunopress.it\\\/#organization\"},\"image\":{\"@id\":\"https:\\\/\\\/www.bellunopress.it\\\/2026\\\/09\\\/06\\\/la-firma-tricolore-di-isacco-costa-sulla-transpelmo-sprint\\\/#primaryimage\"},\"thumbnailUrl\":\"https:\\\/\\\/www.bellunopress.it\\\/wp-content\\\/uploads\\\/2026\\\/09\\\/Transpelmo-ph-alessandro-sogne.jpg\",\"articleSection\":[\"Sport, tempo libero\"],\"inLanguage\":\"fr-FR\"},{\"@type\":\"WebPage\",\"@id\":\"https:\\\/\\\/www.bellunopress.it\\\/2026\\\/09\\\/06\\\/la-firma-tricolore-di-isacco-costa-sulla-transpelmo-sprint\\\/\",\"url\":\"https:\\\/\\\/www.bellunopress.it\\\/2026\\\/09\\\/06\\\/la-firma-tricolore-di-isacco-costa-sulla-transpelmo-sprint\\\/\",\"name\":\"La firma tricolore di Isacco Costa sulla Transpelmo Sprint - Bellunopress - Dolomiti\",\"isPartOf\":{\"@id\":\"https:\\\/\\\/www.bellunopress.it\\\/#website\"},\"primaryImageOfPage\":{\"@id\":\"https:\\\/\\\/www.bellunopress.it\\\/2026\\\/09\\\/06\\\/la-firma-tricolore-di-isacco-costa-sulla-transpelmo-sprint\\\/#primaryimage\"},\"image\":{\"@id\":\"https:\\\/\\\/www.bellunopress.it\\\/2026\\\/09\\\/06\\\/la-firma-tricolore-di-isacco-costa-sulla-transpelmo-sprint\\\/#primaryimage\"},\"thumbnailUrl\":\"https:\\\/\\\/www.bellunopress.it\\\/wp-content\\\/uploads\\\/2026\\\/09\\\/Transpelmo-ph-alessandro-sogne.jpg\",\"datePublished\":\"2026-09-06T16:01:55+00:00\",\"breadcrumb\":{\"@id\":\"https:\\\/\\\/www.bellunopress.it\\\/2026\\\/09\\\/06\\\/la-firma-tricolore-di-isacco-costa-sulla-transpelmo-sprint\\\/#breadcrumb\"},\"inLanguage\":\"fr-FR\",\"potentialAction\":[{\"@type\":\"ReadAction\",\"target\":[\"https:\\\/\\\/www.bellunopress.it\\\/2026\\\/09\\\/06\\\/la-firma-tricolore-di-isacco-costa-sulla-transpelmo-sprint\\\/\"]}]},{\"@type\":\"ImageObject\",\"inLanguage\":\"fr-FR\",\"@id\":\"https:\\\/\\\/www.bellunopress.it\\\/2026\\\/09\\\/06\\\/la-firma-tricolore-di-isacco-costa-sulla-transpelmo-sprint\\\/#primaryimage\",\"url\":\"https:\\\/\\\/www.bellunopress.it\\\/wp-content\\\/uploads\\\/2026\\\/09\\\/Transpelmo-ph-alessandro-sogne.jpg\",\"contentUrl\":\"https:\\\/\\\/www.bellunopress.it\\\/wp-content\\\/uploads\\\/2026\\\/09\\\/Transpelmo-ph-alessandro-sogne.jpg\",\"width\":440,\"height\":309,\"caption\":\"Transpelmo 2026 (Foto: Alessandro Sogne)\"},{\"@type\":\"BreadcrumbList\",\"@id\":\"https:\\\/\\\/www.bellunopress.it\\\/2026\\\/09\\\/06\\\/la-firma-tricolore-di-isacco-costa-sulla-transpelmo-sprint\\\/#breadcrumb\",\"itemListElement\":[{\"@type\":\"ListItem\",\"position\":1,\"name\":\"Home\",\"item\":\"https:\\\/\\\/www.bellunopress.it\\\/\"},{\"@type\":\"ListItem\",\"position\":2,\"name\":\"La firma tricolore di Isacco Costa sulla Transpelmo Sprint\"}]},{\"@type\":\"WebSite\",\"@id\":\"https:\\\/\\\/www.bellunopress.it\\\/#website\",\"url\":\"https:\\\/\\\/www.bellunopress.it\\\/\",\"name\":\"Bellunopress - Dolomiti\",\"description\":\"e-mail: redazione@bellunopress.it\",\"publisher\":{\"@id\":\"https:\\\/\\\/www.bellunopress.it\\\/#organization\"},\"potentialAction\":[{\"@type\":\"SearchAction\",\"target\":{\"@type\":\"EntryPoint\",\"urlTemplate\":\"https:\\\/\\\/www.bellunopress.it\\\/?s={search_term_string}\"},\"query-input\":{\"@type\":\"PropertyValueSpecification\",\"valueRequired\":true,\"valueName\":\"search_term_string\"}}],\"inLanguage\":\"fr-FR\"},{\"@type\":\"Organization\",\"@id\":\"https:\\\/\\\/www.bellunopress.it\\\/#organization\",\"name\":\"Bellunopress\",\"url\":\"https:\\\/\\\/www.bellunopress.it\\\/\",\"logo\":{\"@type\":\"ImageObject\",\"inLanguage\":\"fr-FR\",\"@id\":\"https:\\\/\\\/www.bellunopress.it\\\/#\\\/schema\\\/logo\\\/image\\\/\",\"url\":\"https:\\\/\\\/www.bellunopress.it\\\/wp-content\\\/uploads\\\/2011\\\/05\\\/cropped-logo-bellunopress-.jpg\",\"contentUrl\":\"https:\\\/\\\/www.bellunopress.it\\\/wp-content\\\/uploads\\\/2011\\\/05\\\/cropped-logo-bellunopress-.jpg\",\"width\":512,\"height\":512,\"caption\":\"Bellunopress\"},\"image\":{\"@id\":\"https:\\\/\\\/www.bellunopress.it\\\/#\\\/schema\\\/logo\\\/image\\\/\"},\"sameAs\":[\"https:\\\/\\\/www.facebook.com\\\/profile.php?id=100008943462799\",\"https:\\\/\\\/x.com\\\/bellunopress\",\"https:\\\/\\\/www.linkedin.com\\\/hp\\\/?dnr=JBzUWaJfMUw8vbXJJ2tVW5-I3jZKvC4wsoxE&amp;amp;amp;amp;amp;amp;trk=nav_responsive_tab_home\",\"https:\\\/\\\/www.youtube.com\\\/channel\\\/UCxL0wu1uN0_3_7hGG0306cw\"]},{\"@type\":\"Person\",\"@id\":\"https:\\\/\\\/www.bellunopress.it\\\/#\\\/schema\\\/person\\\/79bb06722b37ece1c03d3e94beb30d73\",\"name\":\"redazione\",\"image\":{\"@type\":\"ImageObject\",\"inLanguage\":\"fr-FR\",\"@id\":\"https:\\\/\\\/secure.gravatar.com\\\/avatar\\\/37d968a2e67a6fd04c169c4bdef102d0bc5d31b2546345219e348575eb80e9a0?s=96&d=mm&r=g\",\"url\":\"https:\\\/\\\/secure.gravatar.com\\\/avatar\\\/37d968a2e67a6fd04c169c4bdef102d0bc5d31b2546345219e348575eb80e9a0?s=96&d=mm&r=g\",\"contentUrl\":\"https:\\\/\\\/secure.gravatar.com\\\/avatar\\\/37d968a2e67a6fd04c169c4bdef102d0bc5d31b2546345219e348575eb80e9a0?s=96&d=mm&r=g\",\"caption\":\"redazione\"},\"sameAs\":[\"http:\\\/\\\/www.bellunopress.it\",\"https:\\\/\\\/x.com\\\/bellunopress\"],\"url\":\"https:\\\/\\\/www.bellunopress.it\\\/fr\\\/author\\\/redazione\\\/\"}]}<\/script>\n<!-- \/ Yoast SEO plugin. -->","yoast_head_json":{"title":"La firma tricolore di Isacco Costa sulla Transpelmo Sprint - Bellunopress - Dolomiti","robots":{"index":"index","follow":"follow","max-snippet":"max-snippet:-1","max-image-preview":"max-image-preview:large","max-video-preview":"max-video-preview:-1"},"canonical":"https:\/\/www.bellunopress.it\/fr\/2026\/09\/06\/la-firma-tricolore-di-isacco-costa-sulla-transpelmo-sprint\/","og_locale":"fr_FR","og_type":"article","og_title":"La firma tricolore di Isacco Costa sulla Transpelmo Sprint - Bellunopress - Dolomiti","og_description":"Sui sentieri di casa, il campione italiano della corsa in montagna vince l\u2019evento della val di Zoldo. Al femminile hurr\u00e0 per la vicentina Giulia Zaltron Val di Zoldo (Dolomiti Bellunesi), 6 settembre 2026 \u2013 Si \u00e8 rinnovato domenica 6 settembre l\u2019appuntamento con Transpelmo, l\u2019evento podistico che in Val di Zoldo, nel cuore delle Dolomiti Bellunesi, [&hellip;]","og_url":"https:\/\/www.bellunopress.it\/fr\/2026\/09\/06\/la-firma-tricolore-di-isacco-costa-sulla-transpelmo-sprint\/","og_site_name":"Bellunopress - Dolomiti","article_publisher":"https:\/\/www.facebook.com\/profile.php?id=100008943462799","article_published_time":"2026-09-06T16:01:55+00:00","og_image":[{"width":440,"height":309,"url":"https:\/\/www.bellunopress.it\/wp-content\/uploads\/2026\/09\/Transpelmo-ph-alessandro-sogne.jpg","type":"image\/jpeg"}],"author":"redazione","twitter_card":"summary_large_image","twitter_creator":"@bellunopress","twitter_site":"@bellunopress","twitter_misc":{"\u00c9crit par":"redazione","Dur\u00e9e de lecture estim\u00e9e":"3 minutes"},"schema":{"@context":"https:\/\/schema.org","@graph":[{"@type":"Article","@id":"https:\/\/www.bellunopress.it\/2026\/09\/06\/la-firma-tricolore-di-isacco-costa-sulla-transpelmo-sprint\/#article","isPartOf":{"@id":"https:\/\/www.bellunopress.it\/2026\/09\/06\/la-firma-tricolore-di-isacco-costa-sulla-transpelmo-sprint\/"},"author":{"name":"redazione","@id":"https:\/\/www.bellunopress.it\/#\/schema\/person\/79bb06722b37ece1c03d3e94beb30d73"},"headline":"La firma tricolore di Isacco Costa sulla Transpelmo Sprint","datePublished":"2026-09-06T16:01:55+00:00","mainEntityOfPage":{"@id":"https:\/\/www.bellunopress.it\/2026\/09\/06\/la-firma-tricolore-di-isacco-costa-sulla-transpelmo-sprint\/"},"wordCount":504,"publisher":{"@id":"https:\/\/www.bellunopress.it\/#organization"},"image":{"@id":"https:\/\/www.bellunopress.it\/2026\/09\/06\/la-firma-tricolore-di-isacco-costa-sulla-transpelmo-sprint\/#primaryimage"},"thumbnailUrl":"https:\/\/www.bellunopress.it\/wp-content\/uploads\/2026\/09\/Transpelmo-ph-alessandro-sogne.jpg","articleSection":["Sport, tempo libero"],"inLanguage":"fr-FR"},{"@type":"WebPage","@id":"https:\/\/www.bellunopress.it\/2026\/09\/06\/la-firma-tricolore-di-isacco-costa-sulla-transpelmo-sprint\/","url":"https:\/\/www.bellunopress.it\/2026\/09\/06\/la-firma-tricolore-di-isacco-costa-sulla-transpelmo-sprint\/","name":"La firma tricolore di Isacco Costa sulla Transpelmo Sprint - Bellunopress - Dolomiti","isPartOf":{"@id":"https:\/\/www.bellunopress.it\/#website"},"primaryImageOfPage":{"@id":"https:\/\/www.bellunopress.it\/2026\/09\/06\/la-firma-tricolore-di-isacco-costa-sulla-transpelmo-sprint\/#primaryimage"},"image":{"@id":"https:\/\/www.bellunopress.it\/2026\/09\/06\/la-firma-tricolore-di-isacco-costa-sulla-transpelmo-sprint\/#primaryimage"},"thumbnailUrl":"https:\/\/www.bellunopress.it\/wp-content\/uploads\/2026\/09\/Transpelmo-ph-alessandro-sogne.jpg","datePublished":"2026-09-06T16:01:55+00:00","breadcrumb":{"@id":"https:\/\/www.bellunopress.it\/2026\/09\/06\/la-firma-tricolore-di-isacco-costa-sulla-transpelmo-sprint\/#breadcrumb"},"inLanguage":"fr-FR","potentialAction":[{"@type":"ReadAction","target":["https:\/\/www.bellunopress.it\/2026\/09\/06\/la-firma-tricolore-di-isacco-costa-sulla-transpelmo-sprint\/"]}]},{"@type":"ImageObject","inLanguage":"fr-FR","@id":"https:\/\/www.bellunopress.it\/2026\/09\/06\/la-firma-tricolore-di-isacco-costa-sulla-transpelmo-sprint\/#primaryimage","url":"https:\/\/www.bellunopress.it\/wp-content\/uploads\/2026\/09\/Transpelmo-ph-alessandro-sogne.jpg","contentUrl":"https:\/\/www.bellunopress.it\/wp-content\/uploads\/2026\/09\/Transpelmo-ph-alessandro-sogne.jpg","width":440,"height":309,"caption":"Transpelmo 2026 (Foto: Alessandro Sogne)"},{"@type":"BreadcrumbList","@id":"https:\/\/www.bellunopress.it\/2026\/09\/06\/la-firma-tricolore-di-isacco-costa-sulla-transpelmo-sprint\/#breadcrumb","itemListElement":[{"@type":"ListItem","position":1,"name":"Home","item":"https:\/\/www.bellunopress.it\/"},{"@type":"ListItem","position":2,"name":"La firma tricolore di Isacco Costa sulla Transpelmo Sprint"}]},{"@type":"WebSite","@id":"https:\/\/www.bellunopress.it\/#website","url":"https:\/\/www.bellunopress.it\/","name":"Bellunopress - Dolomiti","description":"e-mail: redazione@bellunopress.it","publisher":{"@id":"https:\/\/www.bellunopress.it\/#organization"},"potentialAction":[{"@type":"SearchAction","target":{"@type":"EntryPoint","urlTemplate":"https:\/\/www.bellunopress.it\/?s={search_term_string}"},"query-input":{"@type":"PropertyValueSpecification","valueRequired":true,"valueName":"search_term_string"}}],"inLanguage":"fr-FR"},{"@type":"Organization","@id":"https:\/\/www.bellunopress.it\/#organization","name":"Bellunopress","url":"https:\/\/www.bellunopress.it\/","logo":{"@type":"ImageObject","inLanguage":"fr-FR","@id":"https:\/\/www.bellunopress.it\/#\/schema\/logo\/image\/","url":"https:\/\/www.bellunopress.it\/wp-content\/uploads\/2011\/05\/cropped-logo-bellunopress-.jpg","contentUrl":"https:\/\/www.bellunopress.it\/wp-content\/uploads\/2011\/05\/cropped-logo-bellunopress-.jpg","width":512,"height":512,"caption":"Bellunopress"},"image":{"@id":"https:\/\/www.bellunopress.it\/#\/schema\/logo\/image\/"},"sameAs":["https:\/\/www.facebook.com\/profile.php?id=100008943462799","https:\/\/x.com\/bellunopress","https:\/\/www.linkedin.com\/hp\/?dnr=JBzUWaJfMUw8vbXJJ2tVW5-I3jZKvC4wsoxE&amp;amp;amp;amp;amp;amp;trk=nav_responsive_tab_home","https:\/\/www.youtube.com\/channel\/UCxL0wu1uN0_3_7hGG0306cw"]},{"@type":"Person","@id":"https:\/\/www.bellunopress.it\/#\/schema\/person\/79bb06722b37ece1c03d3e94beb30d73","name":"r\u00e9daction","image":{"@type":"ImageObject","inLanguage":"fr-FR","@id":"https:\/\/secure.gravatar.com\/avatar\/37d968a2e67a6fd04c169c4bdef102d0bc5d31b2546345219e348575eb80e9a0?s=96&d=mm&r=g","url":"https:\/\/secure.gravatar.com\/avatar\/37d968a2e67a6fd04c169c4bdef102d0bc5d31b2546345219e348575eb80e9a0?s=96&d=mm&r=g","contentUrl":"https:\/\/secure.gravatar.com\/avatar\/37d968a2e67a6fd04c169c4bdef102d0bc5d31b2546345219e348575eb80e9a0?s=96&d=mm&r=g","caption":"redazione"},"sameAs":["http:\/\/www.bellunopress.it","https:\/\/x.com\/bellunopress"],"url":"https:\/\/www.bellunopress.it\/fr\/author\/redazione\/"}]}},"_links":{"self":[{"href":"https:\/\/www.bellunopress.it\/fr\/wp-json\/wp\/v2\/posts\/173204","targetHints":{"allow":["GET"]}}],"collection":[{"href":"https:\/\/www.bellunopress.it\/fr\/wp-json\/wp\/v2\/posts"}],"about":[{"href":"https:\/\/www.bellunopress.it\/fr\/wp-json\/wp\/v2\/types\/post"}],"author":[{"embeddable":true,"href":"https:\/\/www.bellunopress.it\/fr\/wp-json\/wp\/v2\/users\/2"}],"replies":[{"embeddable":true,"href":"https:\/\/www.bellunopress.it\/fr\/wp-json\/wp\/v2\/comments?post=173204"}],"version-history":[{"count":1,"href":"https:\/\/www.bellunopress.it\/fr\/wp-json\/wp\/v2\/posts\/173204\/revisions"}],"predecessor-version":[{"id":173206,"href":"https:\/\/www.bellunopress.it\/fr\/wp-json\/wp\/v2\/posts\/173204\/revisions\/173206"}],"wp:featuredmedia":[{"embeddable":true,"href":"https:\/\/www.bellunopress.it\/fr\/wp-json\/wp\/v2\/media\/173205"}],"wp:attachment":[{"href":"https:\/\/www.bellunopress.it\/fr\/wp-json\/wp\/v2\/media?parent=173204"}],"wp:term":[{"taxonomy":"category","embeddable":true,"href":"https:\/\/www.bellunopress.it\/fr\/wp-json\/wp\/v2\/categories?post=173204"},{"taxonomy":"post_tag","embeddable":true,"href":"https:\/\/www.bellunopress.it\/fr\/wp-json\/wp\/v2\/tags?post=173204"}],"curies":[{"name":"wp","href":"https:\/\/api.w.org\/{rel}","templated":true}]}}