{"id":173180,"date":"2026-09-05T21:30:04","date_gmt":"2026-09-05T19:30:04","guid":{"rendered":"https:\/\/www.bellunopress.it\/?p=173180"},"modified":"2026-09-05T21:30:04","modified_gmt":"2026-09-05T19:30:04","slug":"trasporto-scolastico-nel-bellunese-gel-allattacco-agevolazioni-solo-per-le-superiori-e-i-ragazzi-delle-medie","status":"publish","type":"post","link":"https:\/\/www.bellunopress.it\/fr\/2026\/09\/05\/trasporto-scolastico-nel-bellunese-gel-allattacco-agevolazioni-solo-per-le-superiori-e-i-ragazzi-delle-medie\/","title":{"rendered":"Trasporto scolastico nel Bellunese, GEL all&#8217;attacco: &#8220;Agevolazioni solo per le superiori, e i ragazzi delle medie&#8221;?"},"content":{"rendered":"<p data-path-to-node=\"3\">Il tema del caro-abbonamenti e del diritto allo studio torna al centro del dibattito politico nel Bellunese. A riaccendere i riflettori sulla questione sono il presidente di Generazione Europa Liberali e Democratici Bellunesi (GEL), Jurgen Ismaili, e il coordinatore Luigi Filippo Daniele, che puntano il dito contro le disparit\u00e0 di trattamento nel sistema del trasporto pubblico locale, chiedendo un confronto urgente a Dolomiti Bus, Provincia ed Ente di Governo.<\/p>\n<p data-path-to-node=\"4\">Al centro della polemica c\u2019\u00e8 la nota agevolazione &#8220;Investi Scuola Super Plus&#8221;, pensata per gli studenti delle scuole superiori con tariffe dedicate (42,60 euro mensili o 349 euro annuali). Una misura giudicata positivamente in s\u00e9, ma che secondo GEL evidenzia una frattura profonda: l&#8217;esclusione degli studenti delle scuole medie.<\/p>\n<p data-path-to-node=\"5\">\u00abOggi ci\u00f2 che interessa realmente a una famiglia \u00e8 sapere quanto deve spendere per garantire al proprio figlio il trasporto quotidiano per tutto l&#8217;anno scolastico\u00bb, spiegano Ismaili e Daniele. Il problema per i ragazzi delle medie non riguarda solo la spesa secca, ma anche la rigidit\u00e0 del servizio: l&#8217;abbonamento attuale, infatti, \u00e8 limitato al tragitto casa-scuola e non copre le esigenze legate ad attivit\u00e0 sportive o ricreative pomeridiane, costringendo i genitori a far fronte a ulteriori disagi economici e logistici.<\/p>\n<p data-path-to-node=\"6\">GEL rimarca come per molte famiglie lavoratrici l&#8217;autobus non sia una comodit\u00e0, ma una necessit\u00e0 assoluta per sopperire all&#8217;impossibilit\u00e0 di accompagnare personalmente i figli. Di qui la critica agli adeguamenti tariffari e alla logica puramente commerciale applicata a un servizio essenziale: \u00abNon si pu\u00f2 chiedere alle famiglie di lasciare l&#8217;auto a casa per sposare la mobilit\u00e0 sostenibile e, contemporaneamente, considerare il trasporto scolastico soltanto come un prodotto da finanziare attraverso le tariffe degli utenti\u00bb.<\/p>\n<p data-path-to-node=\"7\">La domanda rivolta a Dolomiti Bus e alle istituzioni \u00e8 netta: \u00abPerch\u00e9 uno studente delle superiori dovrebbe meritare un sostegno strutturale e uno delle medie no? Qual \u00e8 il criterio che giustifica questa differenza?\u00bb. La richiesta finale non \u00e8 la gratuit\u00e0 indiscriminata, ma un cambio di passo che riconosca il trasporto pubblico come una vera e propria politica pubblica per il territorio e le famiglie, e non un semplice peso economico.<\/p>\n<p data-path-to-node=\"12\">","protected":false},"excerpt":{"rendered":"<p>Il tema del caro-abbonamenti e del diritto allo studio torna al centro del dibattito politico nel Bellunese. A riaccendere i riflettori sulla questione sono il presidente di Generazione Europa Liberali e Democratici Bellunesi (GEL), Jurgen Ismaili, e il coordinatore Luigi Filippo Daniele, che puntano il dito contro le disparit\u00e0 di trattamento nel sistema del trasporto [&hellip;]<\/p>\n","protected":false},"author":2,"featured_media":157221,"comment_status":"closed","ping_status":"open","sticky":false,"template":"","format":"standard","meta":{"footnotes":""},"categories":[26,15],"tags":[],"class_list":["post-173180","post","type-post","status-publish","format-standard","has-post-thumbnail","category-prima-pagina","category-scuola"],"yoast_head":"<!-- This site is optimized with the Yoast SEO plugin v28.4 - https:\/\/yoast.com\/product\/yoast-seo-wordpress\/ -->\n<title>Trasporto scolastico nel Bellunese, GEL all&#039;attacco: &quot;Agevolazioni solo per le superiori, e i ragazzi delle medie&quot;? - Bellunopress - Dolomiti<\/title>\n<meta name=\"robots\" content=\"index, follow, max-snippet:-1, max-image-preview:large, max-video-preview:-1\" \/>\n<link rel=\"canonical\" href=\"https:\/\/www.bellunopress.it\/fr\/2026\/09\/05\/trasporto-scolastico-nel-bellunese-gel-allattacco-agevolazioni-solo-per-le-superiori-e-i-ragazzi-delle-medie\/\" \/>\n<meta property=\"og:locale\" content=\"fr_FR\" \/>\n<meta property=\"og:type\" content=\"article\" \/>\n<meta property=\"og:title\" content=\"Trasporto scolastico nel Bellunese, GEL all&#039;attacco: &quot;Agevolazioni solo per le superiori, e i ragazzi delle medie&quot;? - Bellunopress - Dolomiti\" \/>\n<meta property=\"og:description\" content=\"Il tema del caro-abbonamenti e del diritto allo studio torna al centro del dibattito politico nel Bellunese. A riaccendere i riflettori sulla questione sono il presidente di Generazione Europa Liberali e Democratici Bellunesi (GEL), Jurgen Ismaili, e il coordinatore Luigi Filippo Daniele, che puntano il dito contro le disparit\u00e0 di trattamento nel sistema del trasporto [&hellip;]\" \/>\n<meta property=\"og:url\" content=\"https:\/\/www.bellunopress.it\/fr\/2026\/09\/05\/trasporto-scolastico-nel-bellunese-gel-allattacco-agevolazioni-solo-per-le-superiori-e-i-ragazzi-delle-medie\/\" \/>\n<meta property=\"og:site_name\" content=\"Bellunopress - Dolomiti\" \/>\n<meta property=\"article:publisher\" content=\"https:\/\/www.facebook.com\/profile.php?id=100008943462799\" \/>\n<meta property=\"article:published_time\" content=\"2026-09-05T19:30:04+00:00\" \/>\n<meta property=\"og:image\" content=\"https:\/\/www.bellunopress.it\/wp-content\/uploads\/2025\/01\/Generazione-Europa_edited.jpg\" \/>\n\t<meta property=\"og:image:width\" content=\"719\" \/>\n\t<meta property=\"og:image:height\" content=\"718\" \/>\n\t<meta property=\"og:image:type\" content=\"image\/jpeg\" \/>\n<meta name=\"author\" content=\"redazione\" \/>\n<meta name=\"twitter:card\" content=\"summary_large_image\" \/>\n<meta name=\"twitter:creator\" content=\"@bellunopress\" \/>\n<meta name=\"twitter:site\" content=\"@bellunopress\" \/>\n<meta name=\"twitter:label1\" content=\"\u00c9crit par\" \/>\n\t<meta name=\"twitter:data1\" content=\"redazione\" \/>\n\t<meta name=\"twitter:label2\" content=\"Dur\u00e9e de lecture estim\u00e9e\" \/>\n\t<meta name=\"twitter:data2\" content=\"3 minutes\" \/>\n<script type=\"application\/ld+json\" class=\"yoast-schema-graph\">{\"@context\":\"https:\\\/\\\/schema.org\",\"@graph\":[{\"@type\":\"Article\",\"@id\":\"https:\\\/\\\/www.bellunopress.it\\\/2026\\\/09\\\/05\\\/trasporto-scolastico-nel-bellunese-gel-allattacco-agevolazioni-solo-per-le-superiori-e-i-ragazzi-delle-medie\\\/#article\",\"isPartOf\":{\"@id\":\"https:\\\/\\\/www.bellunopress.it\\\/2026\\\/09\\\/05\\\/trasporto-scolastico-nel-bellunese-gel-allattacco-agevolazioni-solo-per-le-superiori-e-i-ragazzi-delle-medie\\\/\"},\"author\":{\"name\":\"redazione\",\"@id\":\"https:\\\/\\\/www.bellunopress.it\\\/#\\\/schema\\\/person\\\/79bb06722b37ece1c03d3e94beb30d73\"},\"headline\":\"Trasporto scolastico nel Bellunese, GEL all&#8217;attacco: &#8220;Agevolazioni solo per le superiori, e i ragazzi delle medie&#8221;?\",\"datePublished\":\"2026-09-05T19:30:04+00:00\",\"mainEntityOfPage\":{\"@id\":\"https:\\\/\\\/www.bellunopress.it\\\/2026\\\/09\\\/05\\\/trasporto-scolastico-nel-bellunese-gel-allattacco-agevolazioni-solo-per-le-superiori-e-i-ragazzi-delle-medie\\\/\"},\"wordCount\":359,\"publisher\":{\"@id\":\"https:\\\/\\\/www.bellunopress.it\\\/#organization\"},\"image\":{\"@id\":\"https:\\\/\\\/www.bellunopress.it\\\/2026\\\/09\\\/05\\\/trasporto-scolastico-nel-bellunese-gel-allattacco-agevolazioni-solo-per-le-superiori-e-i-ragazzi-delle-medie\\\/#primaryimage\"},\"thumbnailUrl\":\"https:\\\/\\\/www.bellunopress.it\\\/wp-content\\\/uploads\\\/2025\\\/01\\\/Generazione-Europa_edited.jpg\",\"articleSection\":[\"Prima Pagina\",\"Scuola\"],\"inLanguage\":\"fr-FR\"},{\"@type\":\"WebPage\",\"@id\":\"https:\\\/\\\/www.bellunopress.it\\\/2026\\\/09\\\/05\\\/trasporto-scolastico-nel-bellunese-gel-allattacco-agevolazioni-solo-per-le-superiori-e-i-ragazzi-delle-medie\\\/\",\"url\":\"https:\\\/\\\/www.bellunopress.it\\\/2026\\\/09\\\/05\\\/trasporto-scolastico-nel-bellunese-gel-allattacco-agevolazioni-solo-per-le-superiori-e-i-ragazzi-delle-medie\\\/\",\"name\":\"Trasporto scolastico nel Bellunese, GEL all'attacco: \\\"Agevolazioni solo per le superiori, e i ragazzi delle medie\\\"? - Bellunopress - Dolomiti\",\"isPartOf\":{\"@id\":\"https:\\\/\\\/www.bellunopress.it\\\/#website\"},\"primaryImageOfPage\":{\"@id\":\"https:\\\/\\\/www.bellunopress.it\\\/2026\\\/09\\\/05\\\/trasporto-scolastico-nel-bellunese-gel-allattacco-agevolazioni-solo-per-le-superiori-e-i-ragazzi-delle-medie\\\/#primaryimage\"},\"image\":{\"@id\":\"https:\\\/\\\/www.bellunopress.it\\\/2026\\\/09\\\/05\\\/trasporto-scolastico-nel-bellunese-gel-allattacco-agevolazioni-solo-per-le-superiori-e-i-ragazzi-delle-medie\\\/#primaryimage\"},\"thumbnailUrl\":\"https:\\\/\\\/www.bellunopress.it\\\/wp-content\\\/uploads\\\/2025\\\/01\\\/Generazione-Europa_edited.jpg\",\"datePublished\":\"2026-09-05T19:30:04+00:00\",\"breadcrumb\":{\"@id\":\"https:\\\/\\\/www.bellunopress.it\\\/2026\\\/09\\\/05\\\/trasporto-scolastico-nel-bellunese-gel-allattacco-agevolazioni-solo-per-le-superiori-e-i-ragazzi-delle-medie\\\/#breadcrumb\"},\"inLanguage\":\"fr-FR\",\"potentialAction\":[{\"@type\":\"ReadAction\",\"target\":[\"https:\\\/\\\/www.bellunopress.it\\\/2026\\\/09\\\/05\\\/trasporto-scolastico-nel-bellunese-gel-allattacco-agevolazioni-solo-per-le-superiori-e-i-ragazzi-delle-medie\\\/\"]}]},{\"@type\":\"ImageObject\",\"inLanguage\":\"fr-FR\",\"@id\":\"https:\\\/\\\/www.bellunopress.it\\\/2026\\\/09\\\/05\\\/trasporto-scolastico-nel-bellunese-gel-allattacco-agevolazioni-solo-per-le-superiori-e-i-ragazzi-delle-medie\\\/#primaryimage\",\"url\":\"https:\\\/\\\/www.bellunopress.it\\\/wp-content\\\/uploads\\\/2025\\\/01\\\/Generazione-Europa_edited.jpg\",\"contentUrl\":\"https:\\\/\\\/www.bellunopress.it\\\/wp-content\\\/uploads\\\/2025\\\/01\\\/Generazione-Europa_edited.jpg\",\"width\":719,\"height\":718,\"caption\":\"Luigi Filippo Daniele, GEL\"},{\"@type\":\"BreadcrumbList\",\"@id\":\"https:\\\/\\\/www.bellunopress.it\\\/2026\\\/09\\\/05\\\/trasporto-scolastico-nel-bellunese-gel-allattacco-agevolazioni-solo-per-le-superiori-e-i-ragazzi-delle-medie\\\/#breadcrumb\",\"itemListElement\":[{\"@type\":\"ListItem\",\"position\":1,\"name\":\"Home\",\"item\":\"https:\\\/\\\/www.bellunopress.it\\\/\"},{\"@type\":\"ListItem\",\"position\":2,\"name\":\"Trasporto scolastico nel Bellunese, GEL all&#8217;attacco: &#8220;Agevolazioni solo per le superiori, e i ragazzi delle medie&#8221;?\"}]},{\"@type\":\"WebSite\",\"@id\":\"https:\\\/\\\/www.bellunopress.it\\\/#website\",\"url\":\"https:\\\/\\\/www.bellunopress.it\\\/\",\"name\":\"Bellunopress - Dolomiti\",\"description\":\"e-mail: redazione@bellunopress.it\",\"publisher\":{\"@id\":\"https:\\\/\\\/www.bellunopress.it\\\/#organization\"},\"potentialAction\":[{\"@type\":\"SearchAction\",\"target\":{\"@type\":\"EntryPoint\",\"urlTemplate\":\"https:\\\/\\\/www.bellunopress.it\\\/?s={search_term_string}\"},\"query-input\":{\"@type\":\"PropertyValueSpecification\",\"valueRequired\":true,\"valueName\":\"search_term_string\"}}],\"inLanguage\":\"fr-FR\"},{\"@type\":\"Organization\",\"@id\":\"https:\\\/\\\/www.bellunopress.it\\\/#organization\",\"name\":\"Bellunopress\",\"url\":\"https:\\\/\\\/www.bellunopress.it\\\/\",\"logo\":{\"@type\":\"ImageObject\",\"inLanguage\":\"fr-FR\",\"@id\":\"https:\\\/\\\/www.bellunopress.it\\\/#\\\/schema\\\/logo\\\/image\\\/\",\"url\":\"https:\\\/\\\/www.bellunopress.it\\\/wp-content\\\/uploads\\\/2011\\\/05\\\/cropped-logo-bellunopress-.jpg\",\"contentUrl\":\"https:\\\/\\\/www.bellunopress.it\\\/wp-content\\\/uploads\\\/2011\\\/05\\\/cropped-logo-bellunopress-.jpg\",\"width\":512,\"height\":512,\"caption\":\"Bellunopress\"},\"image\":{\"@id\":\"https:\\\/\\\/www.bellunopress.it\\\/#\\\/schema\\\/logo\\\/image\\\/\"},\"sameAs\":[\"https:\\\/\\\/www.facebook.com\\\/profile.php?id=100008943462799\",\"https:\\\/\\\/x.com\\\/bellunopress\",\"https:\\\/\\\/www.linkedin.com\\\/hp\\\/?dnr=JBzUWaJfMUw8vbXJJ2tVW5-I3jZKvC4wsoxE&amp;amp;amp;amp;amp;amp;trk=nav_responsive_tab_home\",\"https:\\\/\\\/www.youtube.com\\\/channel\\\/UCxL0wu1uN0_3_7hGG0306cw\"]},{\"@type\":\"Person\",\"@id\":\"https:\\\/\\\/www.bellunopress.it\\\/#\\\/schema\\\/person\\\/79bb06722b37ece1c03d3e94beb30d73\",\"name\":\"redazione\",\"image\":{\"@type\":\"ImageObject\",\"inLanguage\":\"fr-FR\",\"@id\":\"https:\\\/\\\/secure.gravatar.com\\\/avatar\\\/37d968a2e67a6fd04c169c4bdef102d0bc5d31b2546345219e348575eb80e9a0?s=96&d=mm&r=g\",\"url\":\"https:\\\/\\\/secure.gravatar.com\\\/avatar\\\/37d968a2e67a6fd04c169c4bdef102d0bc5d31b2546345219e348575eb80e9a0?s=96&d=mm&r=g\",\"contentUrl\":\"https:\\\/\\\/secure.gravatar.com\\\/avatar\\\/37d968a2e67a6fd04c169c4bdef102d0bc5d31b2546345219e348575eb80e9a0?s=96&d=mm&r=g\",\"caption\":\"redazione\"},\"sameAs\":[\"http:\\\/\\\/www.bellunopress.it\",\"https:\\\/\\\/x.com\\\/bellunopress\"],\"url\":\"https:\\\/\\\/www.bellunopress.it\\\/fr\\\/author\\\/redazione\\\/\"}]}<\/script>\n<!-- \/ Yoast SEO plugin. -->","yoast_head_json":{"title":"Trasporto scolastico nel Bellunese, GEL all'attacco: \"Agevolazioni solo per le superiori, e i ragazzi delle medie\"? - Bellunopress - Dolomiti","robots":{"index":"index","follow":"follow","max-snippet":"max-snippet:-1","max-image-preview":"max-image-preview:large","max-video-preview":"max-video-preview:-1"},"canonical":"https:\/\/www.bellunopress.it\/fr\/2026\/09\/05\/trasporto-scolastico-nel-bellunese-gel-allattacco-agevolazioni-solo-per-le-superiori-e-i-ragazzi-delle-medie\/","og_locale":"fr_FR","og_type":"article","og_title":"Trasporto scolastico nel Bellunese, GEL all'attacco: \"Agevolazioni solo per le superiori, e i ragazzi delle medie\"? - Bellunopress - Dolomiti","og_description":"Il tema del caro-abbonamenti e del diritto allo studio torna al centro del dibattito politico nel Bellunese. A riaccendere i riflettori sulla questione sono il presidente di Generazione Europa Liberali e Democratici Bellunesi (GEL), Jurgen Ismaili, e il coordinatore Luigi Filippo Daniele, che puntano il dito contro le disparit\u00e0 di trattamento nel sistema del trasporto [&hellip;]","og_url":"https:\/\/www.bellunopress.it\/fr\/2026\/09\/05\/trasporto-scolastico-nel-bellunese-gel-allattacco-agevolazioni-solo-per-le-superiori-e-i-ragazzi-delle-medie\/","og_site_name":"Bellunopress - Dolomiti","article_publisher":"https:\/\/www.facebook.com\/profile.php?id=100008943462799","article_published_time":"2026-09-05T19:30:04+00:00","og_image":[{"width":719,"height":718,"url":"https:\/\/www.bellunopress.it\/wp-content\/uploads\/2025\/01\/Generazione-Europa_edited.jpg","type":"image\/jpeg"}],"author":"redazione","twitter_card":"summary_large_image","twitter_creator":"@bellunopress","twitter_site":"@bellunopress","twitter_misc":{"\u00c9crit par":"redazione","Dur\u00e9e de lecture estim\u00e9e":"3 minutes"},"schema":{"@context":"https:\/\/schema.org","@graph":[{"@type":"Article","@id":"https:\/\/www.bellunopress.it\/2026\/09\/05\/trasporto-scolastico-nel-bellunese-gel-allattacco-agevolazioni-solo-per-le-superiori-e-i-ragazzi-delle-medie\/#article","isPartOf":{"@id":"https:\/\/www.bellunopress.it\/2026\/09\/05\/trasporto-scolastico-nel-bellunese-gel-allattacco-agevolazioni-solo-per-le-superiori-e-i-ragazzi-delle-medie\/"},"author":{"name":"redazione","@id":"https:\/\/www.bellunopress.it\/#\/schema\/person\/79bb06722b37ece1c03d3e94beb30d73"},"headline":"Trasporto scolastico nel Bellunese, GEL all&#8217;attacco: &#8220;Agevolazioni solo per le superiori, e i ragazzi delle medie&#8221;?","datePublished":"2026-09-05T19:30:04+00:00","mainEntityOfPage":{"@id":"https:\/\/www.bellunopress.it\/2026\/09\/05\/trasporto-scolastico-nel-bellunese-gel-allattacco-agevolazioni-solo-per-le-superiori-e-i-ragazzi-delle-medie\/"},"wordCount":359,"publisher":{"@id":"https:\/\/www.bellunopress.it\/#organization"},"image":{"@id":"https:\/\/www.bellunopress.it\/2026\/09\/05\/trasporto-scolastico-nel-bellunese-gel-allattacco-agevolazioni-solo-per-le-superiori-e-i-ragazzi-delle-medie\/#primaryimage"},"thumbnailUrl":"https:\/\/www.bellunopress.it\/wp-content\/uploads\/2025\/01\/Generazione-Europa_edited.jpg","articleSection":["Prima Pagina","Scuola"],"inLanguage":"fr-FR"},{"@type":"WebPage","@id":"https:\/\/www.bellunopress.it\/2026\/09\/05\/trasporto-scolastico-nel-bellunese-gel-allattacco-agevolazioni-solo-per-le-superiori-e-i-ragazzi-delle-medie\/","url":"https:\/\/www.bellunopress.it\/2026\/09\/05\/trasporto-scolastico-nel-bellunese-gel-allattacco-agevolazioni-solo-per-le-superiori-e-i-ragazzi-delle-medie\/","name":"Trasporto scolastico nel Bellunese, GEL all'attacco: \"Agevolazioni solo per le superiori, e i ragazzi delle medie\"? - Bellunopress - Dolomiti","isPartOf":{"@id":"https:\/\/www.bellunopress.it\/#website"},"primaryImageOfPage":{"@id":"https:\/\/www.bellunopress.it\/2026\/09\/05\/trasporto-scolastico-nel-bellunese-gel-allattacco-agevolazioni-solo-per-le-superiori-e-i-ragazzi-delle-medie\/#primaryimage"},"image":{"@id":"https:\/\/www.bellunopress.it\/2026\/09\/05\/trasporto-scolastico-nel-bellunese-gel-allattacco-agevolazioni-solo-per-le-superiori-e-i-ragazzi-delle-medie\/#primaryimage"},"thumbnailUrl":"https:\/\/www.bellunopress.it\/wp-content\/uploads\/2025\/01\/Generazione-Europa_edited.jpg","datePublished":"2026-09-05T19:30:04+00:00","breadcrumb":{"@id":"https:\/\/www.bellunopress.it\/2026\/09\/05\/trasporto-scolastico-nel-bellunese-gel-allattacco-agevolazioni-solo-per-le-superiori-e-i-ragazzi-delle-medie\/#breadcrumb"},"inLanguage":"fr-FR","potentialAction":[{"@type":"ReadAction","target":["https:\/\/www.bellunopress.it\/2026\/09\/05\/trasporto-scolastico-nel-bellunese-gel-allattacco-agevolazioni-solo-per-le-superiori-e-i-ragazzi-delle-medie\/"]}]},{"@type":"ImageObject","inLanguage":"fr-FR","@id":"https:\/\/www.bellunopress.it\/2026\/09\/05\/trasporto-scolastico-nel-bellunese-gel-allattacco-agevolazioni-solo-per-le-superiori-e-i-ragazzi-delle-medie\/#primaryimage","url":"https:\/\/www.bellunopress.it\/wp-content\/uploads\/2025\/01\/Generazione-Europa_edited.jpg","contentUrl":"https:\/\/www.bellunopress.it\/wp-content\/uploads\/2025\/01\/Generazione-Europa_edited.jpg","width":719,"height":718,"caption":"Luigi Filippo Daniele, GEL"},{"@type":"BreadcrumbList","@id":"https:\/\/www.bellunopress.it\/2026\/09\/05\/trasporto-scolastico-nel-bellunese-gel-allattacco-agevolazioni-solo-per-le-superiori-e-i-ragazzi-delle-medie\/#breadcrumb","itemListElement":[{"@type":"ListItem","position":1,"name":"Home","item":"https:\/\/www.bellunopress.it\/"},{"@type":"ListItem","position":2,"name":"Trasporto scolastico nel Bellunese, GEL all&#8217;attacco: &#8220;Agevolazioni solo per le superiori, e i ragazzi delle medie&#8221;?"}]},{"@type":"WebSite","@id":"https:\/\/www.bellunopress.it\/#website","url":"https:\/\/www.bellunopress.it\/","name":"Bellunopress - Dolomiti","description":"e-mail: redazione@bellunopress.it","publisher":{"@id":"https:\/\/www.bellunopress.it\/#organization"},"potentialAction":[{"@type":"SearchAction","target":{"@type":"EntryPoint","urlTemplate":"https:\/\/www.bellunopress.it\/?s={search_term_string}"},"query-input":{"@type":"PropertyValueSpecification","valueRequired":true,"valueName":"search_term_string"}}],"inLanguage":"fr-FR"},{"@type":"Organization","@id":"https:\/\/www.bellunopress.it\/#organization","name":"Bellunopress","url":"https:\/\/www.bellunopress.it\/","logo":{"@type":"ImageObject","inLanguage":"fr-FR","@id":"https:\/\/www.bellunopress.it\/#\/schema\/logo\/image\/","url":"https:\/\/www.bellunopress.it\/wp-content\/uploads\/2011\/05\/cropped-logo-bellunopress-.jpg","contentUrl":"https:\/\/www.bellunopress.it\/wp-content\/uploads\/2011\/05\/cropped-logo-bellunopress-.jpg","width":512,"height":512,"caption":"Bellunopress"},"image":{"@id":"https:\/\/www.bellunopress.it\/#\/schema\/logo\/image\/"},"sameAs":["https:\/\/www.facebook.com\/profile.php?id=100008943462799","https:\/\/x.com\/bellunopress","https:\/\/www.linkedin.com\/hp\/?dnr=JBzUWaJfMUw8vbXJJ2tVW5-I3jZKvC4wsoxE&amp;amp;amp;amp;amp;amp;trk=nav_responsive_tab_home","https:\/\/www.youtube.com\/channel\/UCxL0wu1uN0_3_7hGG0306cw"]},{"@type":"Person","@id":"https:\/\/www.bellunopress.it\/#\/schema\/person\/79bb06722b37ece1c03d3e94beb30d73","name":"r\u00e9daction","image":{"@type":"ImageObject","inLanguage":"fr-FR","@id":"https:\/\/secure.gravatar.com\/avatar\/37d968a2e67a6fd04c169c4bdef102d0bc5d31b2546345219e348575eb80e9a0?s=96&d=mm&r=g","url":"https:\/\/secure.gravatar.com\/avatar\/37d968a2e67a6fd04c169c4bdef102d0bc5d31b2546345219e348575eb80e9a0?s=96&d=mm&r=g","contentUrl":"https:\/\/secure.gravatar.com\/avatar\/37d968a2e67a6fd04c169c4bdef102d0bc5d31b2546345219e348575eb80e9a0?s=96&d=mm&r=g","caption":"redazione"},"sameAs":["http:\/\/www.bellunopress.it","https:\/\/x.com\/bellunopress"],"url":"https:\/\/www.bellunopress.it\/fr\/author\/redazione\/"}]}},"_links":{"self":[{"href":"https:\/\/www.bellunopress.it\/fr\/wp-json\/wp\/v2\/posts\/173180","targetHints":{"allow":["GET"]}}],"collection":[{"href":"https:\/\/www.bellunopress.it\/fr\/wp-json\/wp\/v2\/posts"}],"about":[{"href":"https:\/\/www.bellunopress.it\/fr\/wp-json\/wp\/v2\/types\/post"}],"author":[{"embeddable":true,"href":"https:\/\/www.bellunopress.it\/fr\/wp-json\/wp\/v2\/users\/2"}],"replies":[{"embeddable":true,"href":"https:\/\/www.bellunopress.it\/fr\/wp-json\/wp\/v2\/comments?post=173180"}],"version-history":[{"count":1,"href":"https:\/\/www.bellunopress.it\/fr\/wp-json\/wp\/v2\/posts\/173180\/revisions"}],"predecessor-version":[{"id":173181,"href":"https:\/\/www.bellunopress.it\/fr\/wp-json\/wp\/v2\/posts\/173180\/revisions\/173181"}],"wp:featuredmedia":[{"embeddable":true,"href":"https:\/\/www.bellunopress.it\/fr\/wp-json\/wp\/v2\/media\/157221"}],"wp:attachment":[{"href":"https:\/\/www.bellunopress.it\/fr\/wp-json\/wp\/v2\/media?parent=173180"}],"wp:term":[{"taxonomy":"category","embeddable":true,"href":"https:\/\/www.bellunopress.it\/fr\/wp-json\/wp\/v2\/categories?post=173180"},{"taxonomy":"post_tag","embeddable":true,"href":"https:\/\/www.bellunopress.it\/fr\/wp-json\/wp\/v2\/tags?post=173180"}],"curies":[{"name":"wp","href":"https:\/\/api.w.org\/{rel}","templated":true}]}}