{"id":173175,"date":"2026-09-05T20:43:50","date_gmt":"2026-09-05T18:43:50","guid":{"rendered":"https:\/\/www.bellunopress.it\/?p=173175"},"modified":"2026-09-05T20:43:50","modified_gmt":"2026-09-05T18:43:50","slug":"dallintuizione-on-the-road-alla-stesura-dellaccordo-leccellenza-bellunese-di-mad-in-italy-firma-gli-occhiali-dedicati-alla-mitica-fiat-500","status":"publish","type":"post","link":"https:\/\/www.bellunopress.it\/fr\/2026\/09\/05\/dallintuizione-on-the-road-alla-stesura-dellaccordo-leccellenza-bellunese-di-mad-in-italy-firma-gli-occhiali-dedicati-alla-mitica-fiat-500\/","title":{"rendered":"Dall\u2019intuizione on-the-road alla stesura dell\u2019accordo: l\u2019eccellenza bellunese di Mad in Italy firma gli occhiali dedicati alla mitica Fiat 500"},"content":{"rendered":"<p data-path-to-node=\"3\">Belluno, 05\/09\/2026 \u2013 Quando la creativit\u00e0 incontra il design industriale, il risultato pu\u00f2 superare ogni aspettativa. \u00c8 la storia di MAD in Italy, dinamica azienda bellunese dell&#8217;occhialeria guidata dall&#8217;imprenditore locale Alessandro De Vecchi insieme alla collega olandese Yachal Debora Mom, che ha siglato un prestigioso accordo di licenza con Stellantis Europe S.p.A. per dare vita a una linea di occhiali ispirata all&#8217;utilitaria pi\u00f9 famosa al mondo, la Fiat 500.<\/p>\n<h3 data-path-to-node=\"4\">Un sodalizio nato on the road<\/h3>\n<p data-path-to-node=\"5\">L&#8217;accordo (un <i data-path-to-node=\"5\" data-index-in-node=\"14\">Trademark License Agreement<\/i> gestito tramite il Licensing Department di IMG) affonda le radici in un aneddoto curioso e fortemente simbolico. Per arricchire lo stand fieristico aziendale, i vertici di MAD in Italy avevano scelto di utilizzare una Fiat 500 del 1967. Lo scorso autunno, per raggiungere la fiera Silmo di Parigi, l&#8217;azienda ha deciso di percorrere l&#8217;intero tragitto a bordo della storica utilitaria: oltre 4.000 chilometri tra andata e ritorno che hanno trasformato l&#8217;auto in un magnete di curiosit\u00e0, scatti e interesse. Da l\u00ec, la comune attenzione al design e allo stile italiano ha acceso la scintilla del dialogo, concretizzandosi nell&#8217;intesa ufficiale.<\/p>\n<h3 data-path-to-node=\"6\">La collezione: stile, esclusivit\u00e0 e dettagli unici<\/h3>\n<p data-path-to-node=\"7\">La licenza \u2013 valida fino al 31 dicembre 2027 \u2013 prevede la progettazione e la commercializzazione di una linea eyewear (occhiali da sole e da vista) che unisce il marchio Fiat 500 a quello &#8220;MAD IN ITALY&#8221;.<\/p>\n<p data-path-to-node=\"8\">Il debutto commerciale \u00e8 fissato proprio a Parigi in occasione del Silmo 2026 (in programma dal 25 al 28 settembre), dove partir\u00e0 la raccolta ordini per una prima <i data-path-to-node=\"8\" data-index-in-node=\"163\">capsule collection<\/i> esclusiva: due modelli di occhiali da sole declinati in tre varianti di colore. La produzione iniziale sar\u00e0 una serie limitata e numerata di 500 pezzi per colore.<\/p>\n<p data-path-to-node=\"9\">Il richiamo all&#8217;iconica vettura non si limiter\u00e0 al nome: il design includer\u00e0 dettagli raffinati, tra cui la silhouette della mitica 500 inserita all\u2019interno dell\u2019acetato della montatura, oltre a un packaging e a un espositore da banco dedicati. La distribuzione si posizioner\u00e0 su una fascia medio-alta, puntando sul mercato europeo anche attraverso la rete di concessionarie e showroom Stellantis.<\/p>\n<h3 data-path-to-node=\"10\">Un traguardo strategico per MAD in Italy<\/h3>\n<p data-path-to-node=\"11\">Per l&#8217;azienda di Belluno, che ha chiuso il 2025 con un fatturato consolidato di 12 milioni di euro e si \u00e8 ritagliata uno spazio di primo piano in un mercato affollato di grandi colossi, si tratta di un riconoscimento di grande valore.<\/p>\n<p data-path-to-node=\"12\"><i data-path-to-node=\"12\" data-index-in-node=\"0\">\u00abPer noi \u00e8 un accordo strategico che ci lusinga \u2013<\/i> spiega Alessandro De Vecchi \u2013. <i data-path-to-node=\"12\" data-index-in-node=\"81\">\u00c8 la dimostrazione che nel settore dell&#8217;eyewear c&#8217;\u00e8 posto per le nuove proposte e che ci si pu\u00f2 conquistare uno spazio puntando sulla creativit\u00e0. Questa collaborazione premia il lavoro svolto e rappresenta un&#8217;importante opportunit\u00e0 di sviluppo internazionale, guardando ai giovani ma anche a chi ha visto nella 500 il simbolo della libert\u00e0 giovanile\u00bb<\/i>.<\/p>\n<p data-path-to-node=\"13\">Il conto alla rovescia \u00e8 dunque iniziato: a quasi settant&#8217;anni dal debutto della prima 500 (la cui ricorrenza cadr\u00e0 il prossimo anno), il mito della mobilit\u00e0 italiana \u00e8 pronto a sbarcare sul volto degli appassionati di stile e design, griffato &#8220;made in Belluno&#8221;.<\/p>","protected":false},"excerpt":{"rendered":"<p>Belluno, 05\/09\/2026 \u2013 Quando la creativit\u00e0 incontra il design industriale, il risultato pu\u00f2 superare ogni aspettativa. \u00c8 la storia di MAD in Italy, dinamica azienda bellunese dell&#8217;occhialeria guidata dall&#8217;imprenditore locale Alessandro De Vecchi insieme alla collega olandese Yachal Debora Mom, che ha siglato un prestigioso accordo di licenza con Stellantis Europe S.p.A. per dare vita [&hellip;]<\/p>\n","protected":false},"author":2,"featured_media":173176,"comment_status":"closed","ping_status":"open","sticky":false,"template":"","format":"standard","meta":{"footnotes":""},"categories":[36,26],"tags":[],"class_list":["post-173175","post","type-post","status-publish","format-standard","has-post-thumbnail","category-lavoro-economia","category-prima-pagina"],"yoast_head":"<!-- This site is optimized with the Yoast SEO plugin v28.4 - https:\/\/yoast.com\/product\/yoast-seo-wordpress\/ -->\n<title>Dall\u2019intuizione on-the-road alla stesura dell\u2019accordo: l\u2019eccellenza bellunese di Mad in Italy firma gli occhiali dedicati alla mitica Fiat 500 - Bellunopress - Dolomiti<\/title>\n<meta name=\"robots\" content=\"index, follow, max-snippet:-1, max-image-preview:large, max-video-preview:-1\" \/>\n<link rel=\"canonical\" href=\"https:\/\/www.bellunopress.it\/fr\/2026\/09\/05\/dallintuizione-on-the-road-alla-stesura-dellaccordo-leccellenza-bellunese-di-mad-in-italy-firma-gli-occhiali-dedicati-alla-mitica-fiat-500\/\" \/>\n<meta property=\"og:locale\" content=\"fr_FR\" \/>\n<meta property=\"og:type\" content=\"article\" \/>\n<meta property=\"og:title\" content=\"Dall\u2019intuizione on-the-road alla stesura dell\u2019accordo: l\u2019eccellenza bellunese di Mad in Italy firma gli occhiali dedicati alla mitica Fiat 500 - Bellunopress - Dolomiti\" \/>\n<meta property=\"og:description\" content=\"Belluno, 05\/09\/2026 \u2013 Quando la creativit\u00e0 incontra il design industriale, il risultato pu\u00f2 superare ogni aspettativa. \u00c8 la storia di MAD in Italy, dinamica azienda bellunese dell&#8217;occhialeria guidata dall&#8217;imprenditore locale Alessandro De Vecchi insieme alla collega olandese Yachal Debora Mom, che ha siglato un prestigioso accordo di licenza con Stellantis Europe S.p.A. per dare vita [&hellip;]\" \/>\n<meta property=\"og:url\" content=\"https:\/\/www.bellunopress.it\/fr\/2026\/09\/05\/dallintuizione-on-the-road-alla-stesura-dellaccordo-leccellenza-bellunese-di-mad-in-italy-firma-gli-occhiali-dedicati-alla-mitica-fiat-500\/\" \/>\n<meta property=\"og:site_name\" content=\"Bellunopress - Dolomiti\" \/>\n<meta property=\"article:publisher\" content=\"https:\/\/www.facebook.com\/profile.php?id=100008943462799\" \/>\n<meta property=\"article:published_time\" content=\"2026-09-05T18:43:50+00:00\" \/>\n<meta property=\"og:image\" content=\"https:\/\/www.bellunopress.it\/wp-content\/uploads\/2026\/09\/Mad-in-Italy.jpg\" \/>\n\t<meta property=\"og:image:width\" content=\"498\" \/>\n\t<meta property=\"og:image:height\" content=\"432\" \/>\n\t<meta property=\"og:image:type\" content=\"image\/jpeg\" \/>\n<meta name=\"author\" content=\"redazione\" \/>\n<meta name=\"twitter:card\" content=\"summary_large_image\" \/>\n<meta name=\"twitter:creator\" content=\"@bellunopress\" \/>\n<meta name=\"twitter:site\" content=\"@bellunopress\" \/>\n<meta name=\"twitter:label1\" content=\"\u00c9crit par\" \/>\n\t<meta name=\"twitter:data1\" content=\"redazione\" \/>\n\t<meta name=\"twitter:label2\" content=\"Dur\u00e9e de lecture estim\u00e9e\" \/>\n\t<meta name=\"twitter:data2\" content=\"3 minutes\" \/>\n<script type=\"application\/ld+json\" class=\"yoast-schema-graph\">{\"@context\":\"https:\\\/\\\/schema.org\",\"@graph\":[{\"@type\":\"Article\",\"@id\":\"https:\\\/\\\/www.bellunopress.it\\\/2026\\\/09\\\/05\\\/dallintuizione-on-the-road-alla-stesura-dellaccordo-leccellenza-bellunese-di-mad-in-italy-firma-gli-occhiali-dedicati-alla-mitica-fiat-500\\\/#article\",\"isPartOf\":{\"@id\":\"https:\\\/\\\/www.bellunopress.it\\\/2026\\\/09\\\/05\\\/dallintuizione-on-the-road-alla-stesura-dellaccordo-leccellenza-bellunese-di-mad-in-italy-firma-gli-occhiali-dedicati-alla-mitica-fiat-500\\\/\"},\"author\":{\"name\":\"redazione\",\"@id\":\"https:\\\/\\\/www.bellunopress.it\\\/#\\\/schema\\\/person\\\/79bb06722b37ece1c03d3e94beb30d73\"},\"headline\":\"Dall\u2019intuizione on-the-road alla stesura dell\u2019accordo: l\u2019eccellenza bellunese di Mad in Italy firma gli occhiali dedicati alla mitica Fiat 500\",\"datePublished\":\"2026-09-05T18:43:50+00:00\",\"mainEntityOfPage\":{\"@id\":\"https:\\\/\\\/www.bellunopress.it\\\/2026\\\/09\\\/05\\\/dallintuizione-on-the-road-alla-stesura-dellaccordo-leccellenza-bellunese-di-mad-in-italy-firma-gli-occhiali-dedicati-alla-mitica-fiat-500\\\/\"},\"wordCount\":507,\"publisher\":{\"@id\":\"https:\\\/\\\/www.bellunopress.it\\\/#organization\"},\"image\":{\"@id\":\"https:\\\/\\\/www.bellunopress.it\\\/2026\\\/09\\\/05\\\/dallintuizione-on-the-road-alla-stesura-dellaccordo-leccellenza-bellunese-di-mad-in-italy-firma-gli-occhiali-dedicati-alla-mitica-fiat-500\\\/#primaryimage\"},\"thumbnailUrl\":\"https:\\\/\\\/www.bellunopress.it\\\/wp-content\\\/uploads\\\/2026\\\/09\\\/Mad-in-Italy.jpg\",\"articleSection\":[\"Lavoro, Economia, Turismo\",\"Prima Pagina\"],\"inLanguage\":\"fr-FR\"},{\"@type\":\"WebPage\",\"@id\":\"https:\\\/\\\/www.bellunopress.it\\\/2026\\\/09\\\/05\\\/dallintuizione-on-the-road-alla-stesura-dellaccordo-leccellenza-bellunese-di-mad-in-italy-firma-gli-occhiali-dedicati-alla-mitica-fiat-500\\\/\",\"url\":\"https:\\\/\\\/www.bellunopress.it\\\/2026\\\/09\\\/05\\\/dallintuizione-on-the-road-alla-stesura-dellaccordo-leccellenza-bellunese-di-mad-in-italy-firma-gli-occhiali-dedicati-alla-mitica-fiat-500\\\/\",\"name\":\"Dall\u2019intuizione on-the-road alla stesura dell\u2019accordo: l\u2019eccellenza bellunese di Mad in Italy firma gli occhiali dedicati alla mitica Fiat 500 - Bellunopress - Dolomiti\",\"isPartOf\":{\"@id\":\"https:\\\/\\\/www.bellunopress.it\\\/#website\"},\"primaryImageOfPage\":{\"@id\":\"https:\\\/\\\/www.bellunopress.it\\\/2026\\\/09\\\/05\\\/dallintuizione-on-the-road-alla-stesura-dellaccordo-leccellenza-bellunese-di-mad-in-italy-firma-gli-occhiali-dedicati-alla-mitica-fiat-500\\\/#primaryimage\"},\"image\":{\"@id\":\"https:\\\/\\\/www.bellunopress.it\\\/2026\\\/09\\\/05\\\/dallintuizione-on-the-road-alla-stesura-dellaccordo-leccellenza-bellunese-di-mad-in-italy-firma-gli-occhiali-dedicati-alla-mitica-fiat-500\\\/#primaryimage\"},\"thumbnailUrl\":\"https:\\\/\\\/www.bellunopress.it\\\/wp-content\\\/uploads\\\/2026\\\/09\\\/Mad-in-Italy.jpg\",\"datePublished\":\"2026-09-05T18:43:50+00:00\",\"breadcrumb\":{\"@id\":\"https:\\\/\\\/www.bellunopress.it\\\/2026\\\/09\\\/05\\\/dallintuizione-on-the-road-alla-stesura-dellaccordo-leccellenza-bellunese-di-mad-in-italy-firma-gli-occhiali-dedicati-alla-mitica-fiat-500\\\/#breadcrumb\"},\"inLanguage\":\"fr-FR\",\"potentialAction\":[{\"@type\":\"ReadAction\",\"target\":[\"https:\\\/\\\/www.bellunopress.it\\\/2026\\\/09\\\/05\\\/dallintuizione-on-the-road-alla-stesura-dellaccordo-leccellenza-bellunese-di-mad-in-italy-firma-gli-occhiali-dedicati-alla-mitica-fiat-500\\\/\"]}]},{\"@type\":\"ImageObject\",\"inLanguage\":\"fr-FR\",\"@id\":\"https:\\\/\\\/www.bellunopress.it\\\/2026\\\/09\\\/05\\\/dallintuizione-on-the-road-alla-stesura-dellaccordo-leccellenza-bellunese-di-mad-in-italy-firma-gli-occhiali-dedicati-alla-mitica-fiat-500\\\/#primaryimage\",\"url\":\"https:\\\/\\\/www.bellunopress.it\\\/wp-content\\\/uploads\\\/2026\\\/09\\\/Mad-in-Italy.jpg\",\"contentUrl\":\"https:\\\/\\\/www.bellunopress.it\\\/wp-content\\\/uploads\\\/2026\\\/09\\\/Mad-in-Italy.jpg\",\"width\":498,\"height\":432},{\"@type\":\"BreadcrumbList\",\"@id\":\"https:\\\/\\\/www.bellunopress.it\\\/2026\\\/09\\\/05\\\/dallintuizione-on-the-road-alla-stesura-dellaccordo-leccellenza-bellunese-di-mad-in-italy-firma-gli-occhiali-dedicati-alla-mitica-fiat-500\\\/#breadcrumb\",\"itemListElement\":[{\"@type\":\"ListItem\",\"position\":1,\"name\":\"Home\",\"item\":\"https:\\\/\\\/www.bellunopress.it\\\/\"},{\"@type\":\"ListItem\",\"position\":2,\"name\":\"Dall\u2019intuizione on-the-road alla stesura dell\u2019accordo: l\u2019eccellenza bellunese di Mad in Italy firma gli occhiali dedicati alla mitica Fiat 500\"}]},{\"@type\":\"WebSite\",\"@id\":\"https:\\\/\\\/www.bellunopress.it\\\/#website\",\"url\":\"https:\\\/\\\/www.bellunopress.it\\\/\",\"name\":\"Bellunopress - Dolomiti\",\"description\":\"e-mail: redazione@bellunopress.it\",\"publisher\":{\"@id\":\"https:\\\/\\\/www.bellunopress.it\\\/#organization\"},\"potentialAction\":[{\"@type\":\"SearchAction\",\"target\":{\"@type\":\"EntryPoint\",\"urlTemplate\":\"https:\\\/\\\/www.bellunopress.it\\\/?s={search_term_string}\"},\"query-input\":{\"@type\":\"PropertyValueSpecification\",\"valueRequired\":true,\"valueName\":\"search_term_string\"}}],\"inLanguage\":\"fr-FR\"},{\"@type\":\"Organization\",\"@id\":\"https:\\\/\\\/www.bellunopress.it\\\/#organization\",\"name\":\"Bellunopress\",\"url\":\"https:\\\/\\\/www.bellunopress.it\\\/\",\"logo\":{\"@type\":\"ImageObject\",\"inLanguage\":\"fr-FR\",\"@id\":\"https:\\\/\\\/www.bellunopress.it\\\/#\\\/schema\\\/logo\\\/image\\\/\",\"url\":\"https:\\\/\\\/www.bellunopress.it\\\/wp-content\\\/uploads\\\/2011\\\/05\\\/cropped-logo-bellunopress-.jpg\",\"contentUrl\":\"https:\\\/\\\/www.bellunopress.it\\\/wp-content\\\/uploads\\\/2011\\\/05\\\/cropped-logo-bellunopress-.jpg\",\"width\":512,\"height\":512,\"caption\":\"Bellunopress\"},\"image\":{\"@id\":\"https:\\\/\\\/www.bellunopress.it\\\/#\\\/schema\\\/logo\\\/image\\\/\"},\"sameAs\":[\"https:\\\/\\\/www.facebook.com\\\/profile.php?id=100008943462799\",\"https:\\\/\\\/x.com\\\/bellunopress\",\"https:\\\/\\\/www.linkedin.com\\\/hp\\\/?dnr=JBzUWaJfMUw8vbXJJ2tVW5-I3jZKvC4wsoxE&amp;amp;amp;amp;amp;amp;trk=nav_responsive_tab_home\",\"https:\\\/\\\/www.youtube.com\\\/channel\\\/UCxL0wu1uN0_3_7hGG0306cw\"]},{\"@type\":\"Person\",\"@id\":\"https:\\\/\\\/www.bellunopress.it\\\/#\\\/schema\\\/person\\\/79bb06722b37ece1c03d3e94beb30d73\",\"name\":\"redazione\",\"image\":{\"@type\":\"ImageObject\",\"inLanguage\":\"fr-FR\",\"@id\":\"https:\\\/\\\/secure.gravatar.com\\\/avatar\\\/37d968a2e67a6fd04c169c4bdef102d0bc5d31b2546345219e348575eb80e9a0?s=96&d=mm&r=g\",\"url\":\"https:\\\/\\\/secure.gravatar.com\\\/avatar\\\/37d968a2e67a6fd04c169c4bdef102d0bc5d31b2546345219e348575eb80e9a0?s=96&d=mm&r=g\",\"contentUrl\":\"https:\\\/\\\/secure.gravatar.com\\\/avatar\\\/37d968a2e67a6fd04c169c4bdef102d0bc5d31b2546345219e348575eb80e9a0?s=96&d=mm&r=g\",\"caption\":\"redazione\"},\"sameAs\":[\"http:\\\/\\\/www.bellunopress.it\",\"https:\\\/\\\/x.com\\\/bellunopress\"],\"url\":\"https:\\\/\\\/www.bellunopress.it\\\/fr\\\/author\\\/redazione\\\/\"}]}<\/script>\n<!-- \/ Yoast SEO plugin. -->","yoast_head_json":{"title":"Dall\u2019intuizione on-the-road alla stesura dell\u2019accordo: l\u2019eccellenza bellunese di Mad in Italy firma gli occhiali dedicati alla mitica Fiat 500 - Bellunopress - Dolomiti","robots":{"index":"index","follow":"follow","max-snippet":"max-snippet:-1","max-image-preview":"max-image-preview:large","max-video-preview":"max-video-preview:-1"},"canonical":"https:\/\/www.bellunopress.it\/fr\/2026\/09\/05\/dallintuizione-on-the-road-alla-stesura-dellaccordo-leccellenza-bellunese-di-mad-in-italy-firma-gli-occhiali-dedicati-alla-mitica-fiat-500\/","og_locale":"fr_FR","og_type":"article","og_title":"Dall\u2019intuizione on-the-road alla stesura dell\u2019accordo: l\u2019eccellenza bellunese di Mad in Italy firma gli occhiali dedicati alla mitica Fiat 500 - Bellunopress - Dolomiti","og_description":"Belluno, 05\/09\/2026 \u2013 Quando la creativit\u00e0 incontra il design industriale, il risultato pu\u00f2 superare ogni aspettativa. \u00c8 la storia di MAD in Italy, dinamica azienda bellunese dell&#8217;occhialeria guidata dall&#8217;imprenditore locale Alessandro De Vecchi insieme alla collega olandese Yachal Debora Mom, che ha siglato un prestigioso accordo di licenza con Stellantis Europe S.p.A. per dare vita [&hellip;]","og_url":"https:\/\/www.bellunopress.it\/fr\/2026\/09\/05\/dallintuizione-on-the-road-alla-stesura-dellaccordo-leccellenza-bellunese-di-mad-in-italy-firma-gli-occhiali-dedicati-alla-mitica-fiat-500\/","og_site_name":"Bellunopress - Dolomiti","article_publisher":"https:\/\/www.facebook.com\/profile.php?id=100008943462799","article_published_time":"2026-09-05T18:43:50+00:00","og_image":[{"width":498,"height":432,"url":"https:\/\/www.bellunopress.it\/wp-content\/uploads\/2026\/09\/Mad-in-Italy.jpg","type":"image\/jpeg"}],"author":"redazione","twitter_card":"summary_large_image","twitter_creator":"@bellunopress","twitter_site":"@bellunopress","twitter_misc":{"\u00c9crit par":"redazione","Dur\u00e9e de lecture estim\u00e9e":"3 minutes"},"schema":{"@context":"https:\/\/schema.org","@graph":[{"@type":"Article","@id":"https:\/\/www.bellunopress.it\/2026\/09\/05\/dallintuizione-on-the-road-alla-stesura-dellaccordo-leccellenza-bellunese-di-mad-in-italy-firma-gli-occhiali-dedicati-alla-mitica-fiat-500\/#article","isPartOf":{"@id":"https:\/\/www.bellunopress.it\/2026\/09\/05\/dallintuizione-on-the-road-alla-stesura-dellaccordo-leccellenza-bellunese-di-mad-in-italy-firma-gli-occhiali-dedicati-alla-mitica-fiat-500\/"},"author":{"name":"redazione","@id":"https:\/\/www.bellunopress.it\/#\/schema\/person\/79bb06722b37ece1c03d3e94beb30d73"},"headline":"Dall\u2019intuizione on-the-road alla stesura dell\u2019accordo: l\u2019eccellenza bellunese di Mad in Italy firma gli occhiali dedicati alla mitica Fiat 500","datePublished":"2026-09-05T18:43:50+00:00","mainEntityOfPage":{"@id":"https:\/\/www.bellunopress.it\/2026\/09\/05\/dallintuizione-on-the-road-alla-stesura-dellaccordo-leccellenza-bellunese-di-mad-in-italy-firma-gli-occhiali-dedicati-alla-mitica-fiat-500\/"},"wordCount":507,"publisher":{"@id":"https:\/\/www.bellunopress.it\/#organization"},"image":{"@id":"https:\/\/www.bellunopress.it\/2026\/09\/05\/dallintuizione-on-the-road-alla-stesura-dellaccordo-leccellenza-bellunese-di-mad-in-italy-firma-gli-occhiali-dedicati-alla-mitica-fiat-500\/#primaryimage"},"thumbnailUrl":"https:\/\/www.bellunopress.it\/wp-content\/uploads\/2026\/09\/Mad-in-Italy.jpg","articleSection":["Lavoro, Economia, Turismo","Prima Pagina"],"inLanguage":"fr-FR"},{"@type":"WebPage","@id":"https:\/\/www.bellunopress.it\/2026\/09\/05\/dallintuizione-on-the-road-alla-stesura-dellaccordo-leccellenza-bellunese-di-mad-in-italy-firma-gli-occhiali-dedicati-alla-mitica-fiat-500\/","url":"https:\/\/www.bellunopress.it\/2026\/09\/05\/dallintuizione-on-the-road-alla-stesura-dellaccordo-leccellenza-bellunese-di-mad-in-italy-firma-gli-occhiali-dedicati-alla-mitica-fiat-500\/","name":"Dall\u2019intuizione on-the-road alla stesura dell\u2019accordo: l\u2019eccellenza bellunese di Mad in Italy firma gli occhiali dedicati alla mitica Fiat 500 - Bellunopress - Dolomiti","isPartOf":{"@id":"https:\/\/www.bellunopress.it\/#website"},"primaryImageOfPage":{"@id":"https:\/\/www.bellunopress.it\/2026\/09\/05\/dallintuizione-on-the-road-alla-stesura-dellaccordo-leccellenza-bellunese-di-mad-in-italy-firma-gli-occhiali-dedicati-alla-mitica-fiat-500\/#primaryimage"},"image":{"@id":"https:\/\/www.bellunopress.it\/2026\/09\/05\/dallintuizione-on-the-road-alla-stesura-dellaccordo-leccellenza-bellunese-di-mad-in-italy-firma-gli-occhiali-dedicati-alla-mitica-fiat-500\/#primaryimage"},"thumbnailUrl":"https:\/\/www.bellunopress.it\/wp-content\/uploads\/2026\/09\/Mad-in-Italy.jpg","datePublished":"2026-09-05T18:43:50+00:00","breadcrumb":{"@id":"https:\/\/www.bellunopress.it\/2026\/09\/05\/dallintuizione-on-the-road-alla-stesura-dellaccordo-leccellenza-bellunese-di-mad-in-italy-firma-gli-occhiali-dedicati-alla-mitica-fiat-500\/#breadcrumb"},"inLanguage":"fr-FR","potentialAction":[{"@type":"ReadAction","target":["https:\/\/www.bellunopress.it\/2026\/09\/05\/dallintuizione-on-the-road-alla-stesura-dellaccordo-leccellenza-bellunese-di-mad-in-italy-firma-gli-occhiali-dedicati-alla-mitica-fiat-500\/"]}]},{"@type":"ImageObject","inLanguage":"fr-FR","@id":"https:\/\/www.bellunopress.it\/2026\/09\/05\/dallintuizione-on-the-road-alla-stesura-dellaccordo-leccellenza-bellunese-di-mad-in-italy-firma-gli-occhiali-dedicati-alla-mitica-fiat-500\/#primaryimage","url":"https:\/\/www.bellunopress.it\/wp-content\/uploads\/2026\/09\/Mad-in-Italy.jpg","contentUrl":"https:\/\/www.bellunopress.it\/wp-content\/uploads\/2026\/09\/Mad-in-Italy.jpg","width":498,"height":432},{"@type":"BreadcrumbList","@id":"https:\/\/www.bellunopress.it\/2026\/09\/05\/dallintuizione-on-the-road-alla-stesura-dellaccordo-leccellenza-bellunese-di-mad-in-italy-firma-gli-occhiali-dedicati-alla-mitica-fiat-500\/#breadcrumb","itemListElement":[{"@type":"ListItem","position":1,"name":"Home","item":"https:\/\/www.bellunopress.it\/"},{"@type":"ListItem","position":2,"name":"Dall\u2019intuizione on-the-road alla stesura dell\u2019accordo: l\u2019eccellenza bellunese di Mad in Italy firma gli occhiali dedicati alla mitica Fiat 500"}]},{"@type":"WebSite","@id":"https:\/\/www.bellunopress.it\/#website","url":"https:\/\/www.bellunopress.it\/","name":"Bellunopress - Dolomiti","description":"e-mail: redazione@bellunopress.it","publisher":{"@id":"https:\/\/www.bellunopress.it\/#organization"},"potentialAction":[{"@type":"SearchAction","target":{"@type":"EntryPoint","urlTemplate":"https:\/\/www.bellunopress.it\/?s={search_term_string}"},"query-input":{"@type":"PropertyValueSpecification","valueRequired":true,"valueName":"search_term_string"}}],"inLanguage":"fr-FR"},{"@type":"Organization","@id":"https:\/\/www.bellunopress.it\/#organization","name":"Bellunopress","url":"https:\/\/www.bellunopress.it\/","logo":{"@type":"ImageObject","inLanguage":"fr-FR","@id":"https:\/\/www.bellunopress.it\/#\/schema\/logo\/image\/","url":"https:\/\/www.bellunopress.it\/wp-content\/uploads\/2011\/05\/cropped-logo-bellunopress-.jpg","contentUrl":"https:\/\/www.bellunopress.it\/wp-content\/uploads\/2011\/05\/cropped-logo-bellunopress-.jpg","width":512,"height":512,"caption":"Bellunopress"},"image":{"@id":"https:\/\/www.bellunopress.it\/#\/schema\/logo\/image\/"},"sameAs":["https:\/\/www.facebook.com\/profile.php?id=100008943462799","https:\/\/x.com\/bellunopress","https:\/\/www.linkedin.com\/hp\/?dnr=JBzUWaJfMUw8vbXJJ2tVW5-I3jZKvC4wsoxE&amp;amp;amp;amp;amp;amp;trk=nav_responsive_tab_home","https:\/\/www.youtube.com\/channel\/UCxL0wu1uN0_3_7hGG0306cw"]},{"@type":"Person","@id":"https:\/\/www.bellunopress.it\/#\/schema\/person\/79bb06722b37ece1c03d3e94beb30d73","name":"r\u00e9daction","image":{"@type":"ImageObject","inLanguage":"fr-FR","@id":"https:\/\/secure.gravatar.com\/avatar\/37d968a2e67a6fd04c169c4bdef102d0bc5d31b2546345219e348575eb80e9a0?s=96&d=mm&r=g","url":"https:\/\/secure.gravatar.com\/avatar\/37d968a2e67a6fd04c169c4bdef102d0bc5d31b2546345219e348575eb80e9a0?s=96&d=mm&r=g","contentUrl":"https:\/\/secure.gravatar.com\/avatar\/37d968a2e67a6fd04c169c4bdef102d0bc5d31b2546345219e348575eb80e9a0?s=96&d=mm&r=g","caption":"redazione"},"sameAs":["http:\/\/www.bellunopress.it","https:\/\/x.com\/bellunopress"],"url":"https:\/\/www.bellunopress.it\/fr\/author\/redazione\/"}]}},"_links":{"self":[{"href":"https:\/\/www.bellunopress.it\/fr\/wp-json\/wp\/v2\/posts\/173175","targetHints":{"allow":["GET"]}}],"collection":[{"href":"https:\/\/www.bellunopress.it\/fr\/wp-json\/wp\/v2\/posts"}],"about":[{"href":"https:\/\/www.bellunopress.it\/fr\/wp-json\/wp\/v2\/types\/post"}],"author":[{"embeddable":true,"href":"https:\/\/www.bellunopress.it\/fr\/wp-json\/wp\/v2\/users\/2"}],"replies":[{"embeddable":true,"href":"https:\/\/www.bellunopress.it\/fr\/wp-json\/wp\/v2\/comments?post=173175"}],"version-history":[{"count":1,"href":"https:\/\/www.bellunopress.it\/fr\/wp-json\/wp\/v2\/posts\/173175\/revisions"}],"predecessor-version":[{"id":173177,"href":"https:\/\/www.bellunopress.it\/fr\/wp-json\/wp\/v2\/posts\/173175\/revisions\/173177"}],"wp:featuredmedia":[{"embeddable":true,"href":"https:\/\/www.bellunopress.it\/fr\/wp-json\/wp\/v2\/media\/173176"}],"wp:attachment":[{"href":"https:\/\/www.bellunopress.it\/fr\/wp-json\/wp\/v2\/media?parent=173175"}],"wp:term":[{"taxonomy":"category","embeddable":true,"href":"https:\/\/www.bellunopress.it\/fr\/wp-json\/wp\/v2\/categories?post=173175"},{"taxonomy":"post_tag","embeddable":true,"href":"https:\/\/www.bellunopress.it\/fr\/wp-json\/wp\/v2\/tags?post=173175"}],"curies":[{"name":"wp","href":"https:\/\/api.w.org\/{rel}","templated":true}]}}