{"id":173170,"date":"2026-09-05T15:58:11","date_gmt":"2026-09-05T13:58:11","guid":{"rendered":"https:\/\/www.bellunopress.it\/?p=173170"},"modified":"2026-09-05T15:58:11","modified_gmt":"2026-09-05T13:58:11","slug":"istituti-alberghieri-e-formazione-professionale-il-cnddu-aderisce-al-manifesto-salviamo-gli-alberghieri-riflettori-accesi-sul-futuro-delle-scuole-nel-bellunese","status":"publish","type":"post","link":"https:\/\/www.bellunopress.it\/fr\/2026\/09\/05\/istituti-alberghieri-e-formazione-professionale-il-cnddu-aderisce-al-manifesto-salviamo-gli-alberghieri-riflettori-accesi-sul-futuro-delle-scuole-nel-bellunese\/","title":{"rendered":"Istituti alberghieri e formazione professionale: il CNDDU aderisce al Manifesto \u201cSalviamo gli Alberghieri\u201d. Riflettori accesi sul futuro delle scuole nel Bellunese"},"content":{"rendered":"<p>Belluno, 05\/09\/2026 \u2013 Il futuro dell&#8217;istruzione professionale e, in particolare, degli indirizzi legati all&#8217;enogastronomia e all&#8217;ospitalit\u00e0 alberghiera torna al centro del dibattito nazionale. Il Coordinamento Nazionale Docenti della disciplina dei Diritti Umani (CNDDU), presieduto dal prof. Romano Pesavento, ha ufficialmente aderito al Manifesto nazionale \u201cSalviamo gli Alberghieri \u2013 Dieci punti per una nuova istruzione professionale italiana\u201d. Un\u2019adesione che accende i riflettori su un tema di vitale importanza non solo a livello generale, ma soprattutto per territori a forte vocazione turistica e montana come il Bellunese, dove gli istituti professionali alberghieri rappresentano da sempre un presidio formativo fondamentale, un motore di crescita sociale e un serbatoio indispensabile di competenze per il tessuto economico locale.<\/p>\n<p><strong>Il valore strategico per le terre dolomitiche<\/strong><br \/>\nNel Bellunese, terra in cui il turismo, la ristorazione e l&#8217;ospitalit\u00e0 alberghiera costituiscono pilastri insostituibili dell&#8217;economia montana e valliva, la qualit\u00e0 della scuola professionale riveste un&#8217;importanza strategica. Il dibattito aperto dal Manifesto e sostenuto dal CNDDU intercetta direttamente le esigenze delle comunit\u00e0 locali, delle famiglie e delle imprese del territorio. Gli istituti alberghieri bellunesi formano ogni anno professionisti chiamati a operare in un settore d\u2019eccellenza, dove la concorrenza e gli standard qualitativi richiedono una preparazione impeccabile, capace di coniugare la tradizione dell&#8217;accoglienza alpina con le moderne sfide dell&#8217;innovazione e della sostenibilit\u00e0.<\/p>\n<p><strong>I dieci punti del Manifesto: dal valore dei laboratori alle tutele lavorative<\/strong><br \/>\nIl documento sottoscritto dal CNDDU articola la propria visione attorno a dieci direttrici fondamentali per la qualit\u00e0 e l&#8217;efficacia della didattica:<\/p>\n<p>Il rafforzamento delle discipline professionalizzanti e della didattica laboratoriale, intesa come asse portante della formazione.<\/p>\n<p>La riconoscibilit\u00e0 nazionale dei percorsi e lo sviluppo di livelli avanzati di specializzazione.<\/p>\n<p>La disponibilit\u00e0 stabile di risorse economiche e strumentali per dotare i laboratori di tecnologie all&#8217;avanguardia, sganciando la qualit\u00e0 degli spazi formativi dalle differenze territoriali o di bilancio delle singole scuole.<\/p>\n<p>Il raccordo strutturato e virtuoso tra scuola, professionisti e imprese, salvaguardando la centralit\u00e0 e l&#8217;autonomia dell&#8217;istituzione scolastica.<\/p>\n<p>La tutela della durata quinquennale del percorso, ritenuta essenziale per garantire una solida preparazione culturale e tecnico-professionale, che permetta l&#8217;accesso diretto al mondo del lavoro oppure il proseguimento degli studi negli ITS Academy e nelle universit\u00e0.<\/p>\n<p>La valorizzazione del ruolo cruciale degli insegnanti tecnico-pratici (ITP), indispensabili per l&#8217;efficacia dell&#8217;offerta formativa.<\/p>\n<p>Un&#8217;attenzione rigorosa alle condizioni di lavoro nei settori di riferimento, affinch\u00e9 i giovani formati nelle scuole trovino occupazioni rispettose dei contratti, degli orari, dei riposi e delle norme di sicurezza.<\/p>\n<p><strong>Una chiamata agli Stati Generali<\/strong><br \/>\nIl CNDDU sottolinea come la qualit\u00e0 dell&#8217;istruzione professionale sia strettamente legata alla capacit\u00e0 di costruire un rapporto equilibrato e sano tra formazione e lavoro. Per i settori turistici e alberghieri ci\u00f2 significa pretendere anche un contesto occupazionale dignitoso, capace di valorizzare le competenze acquisite ed evitare il fenomeno della fuga di cervelli e braccia da territori periferici e montani come il Bellunese.<\/p>\n<p>Guardando al futuro, l&#8217;adesione al Manifesto e la disponibilit\u00e0 a partecipare agli Stati Generali degli Istituti Alberghieri rappresentano un&#8217;occasione imperdibile per superare logiche frammentarie. Per la provincia di Belluno, difendere e qualificare la scuola professionale significa investire direttamente sul proprio futuro economico, sociale e culturale, garantendo ai giovani un trampolino di lancio sicuro verso una professione d&#8217;eccellenza.<\/p>","protected":false},"excerpt":{"rendered":"<p>Belluno, 05\/09\/2026 \u2013 Il futuro dell&#8217;istruzione professionale e, in particolare, degli indirizzi legati all&#8217;enogastronomia e all&#8217;ospitalit\u00e0 alberghiera torna al centro del dibattito nazionale. Il Coordinamento Nazionale Docenti della disciplina dei Diritti Umani (CNDDU), presieduto dal prof. Romano Pesavento, ha ufficialmente aderito al Manifesto nazionale \u201cSalviamo gli Alberghieri \u2013 Dieci punti per una nuova istruzione professionale [&hellip;]<\/p>\n","protected":false},"author":2,"featured_media":168764,"comment_status":"closed","ping_status":"open","sticky":false,"template":"","format":"standard","meta":{"footnotes":""},"categories":[26,15],"tags":[],"class_list":["post-173170","post","type-post","status-publish","format-standard","has-post-thumbnail","category-prima-pagina","category-scuola"],"yoast_head":"<!-- This site is optimized with the Yoast SEO plugin v28.4 - https:\/\/yoast.com\/product\/yoast-seo-wordpress\/ -->\n<title>Istituti alberghieri e formazione professionale: il CNDDU aderisce al Manifesto \u201cSalviamo gli Alberghieri\u201d. Riflettori accesi sul futuro delle scuole nel Bellunese - Bellunopress - Dolomiti<\/title>\n<meta name=\"robots\" content=\"index, follow, max-snippet:-1, max-image-preview:large, max-video-preview:-1\" \/>\n<link rel=\"canonical\" href=\"https:\/\/www.bellunopress.it\/fr\/2026\/09\/05\/istituti-alberghieri-e-formazione-professionale-il-cnddu-aderisce-al-manifesto-salviamo-gli-alberghieri-riflettori-accesi-sul-futuro-delle-scuole-nel-bellunese\/\" \/>\n<meta property=\"og:locale\" content=\"fr_FR\" \/>\n<meta property=\"og:type\" content=\"article\" \/>\n<meta property=\"og:title\" content=\"Istituti alberghieri e formazione professionale: il CNDDU aderisce al Manifesto \u201cSalviamo gli Alberghieri\u201d. Riflettori accesi sul futuro delle scuole nel Bellunese - Bellunopress - Dolomiti\" \/>\n<meta property=\"og:description\" content=\"Belluno, 05\/09\/2026 \u2013 Il futuro dell&#8217;istruzione professionale e, in particolare, degli indirizzi legati all&#8217;enogastronomia e all&#8217;ospitalit\u00e0 alberghiera torna al centro del dibattito nazionale. Il Coordinamento Nazionale Docenti della disciplina dei Diritti Umani (CNDDU), presieduto dal prof. Romano Pesavento, ha ufficialmente aderito al Manifesto nazionale \u201cSalviamo gli Alberghieri \u2013 Dieci punti per una nuova istruzione professionale [&hellip;]\" \/>\n<meta property=\"og:url\" content=\"https:\/\/www.bellunopress.it\/fr\/2026\/09\/05\/istituti-alberghieri-e-formazione-professionale-il-cnddu-aderisce-al-manifesto-salviamo-gli-alberghieri-riflettori-accesi-sul-futuro-delle-scuole-nel-bellunese\/\" \/>\n<meta property=\"og:site_name\" content=\"Bellunopress - Dolomiti\" \/>\n<meta property=\"article:publisher\" content=\"https:\/\/www.facebook.com\/profile.php?id=100008943462799\" \/>\n<meta property=\"article:published_time\" content=\"2026-09-05T13:58:11+00:00\" \/>\n<meta property=\"og:image\" content=\"https:\/\/www.bellunopress.it\/wp-content\/uploads\/2026\/04\/prof.-Romano-Pesavento-presidente-CNDDU.jpg\" \/>\n\t<meta property=\"og:image:width\" content=\"500\" \/>\n\t<meta property=\"og:image:height\" content=\"360\" \/>\n\t<meta property=\"og:image:type\" content=\"image\/jpeg\" \/>\n<meta name=\"author\" content=\"redazione\" \/>\n<meta name=\"twitter:card\" content=\"summary_large_image\" \/>\n<meta name=\"twitter:creator\" content=\"@bellunopress\" \/>\n<meta name=\"twitter:site\" content=\"@bellunopress\" \/>\n<meta name=\"twitter:label1\" content=\"\u00c9crit par\" \/>\n\t<meta name=\"twitter:data1\" content=\"redazione\" \/>\n\t<meta name=\"twitter:label2\" content=\"Dur\u00e9e de lecture estim\u00e9e\" \/>\n\t<meta name=\"twitter:data2\" content=\"3 minutes\" \/>\n<script type=\"application\/ld+json\" class=\"yoast-schema-graph\">{\"@context\":\"https:\\\/\\\/schema.org\",\"@graph\":[{\"@type\":\"Article\",\"@id\":\"https:\\\/\\\/www.bellunopress.it\\\/2026\\\/09\\\/05\\\/istituti-alberghieri-e-formazione-professionale-il-cnddu-aderisce-al-manifesto-salviamo-gli-alberghieri-riflettori-accesi-sul-futuro-delle-scuole-nel-bellunese\\\/#article\",\"isPartOf\":{\"@id\":\"https:\\\/\\\/www.bellunopress.it\\\/2026\\\/09\\\/05\\\/istituti-alberghieri-e-formazione-professionale-il-cnddu-aderisce-al-manifesto-salviamo-gli-alberghieri-riflettori-accesi-sul-futuro-delle-scuole-nel-bellunese\\\/\"},\"author\":{\"name\":\"redazione\",\"@id\":\"https:\\\/\\\/www.bellunopress.it\\\/#\\\/schema\\\/person\\\/79bb06722b37ece1c03d3e94beb30d73\"},\"headline\":\"Istituti alberghieri e formazione professionale: il CNDDU aderisce al Manifesto \u201cSalviamo gli Alberghieri\u201d. Riflettori accesi sul futuro delle scuole nel Bellunese\",\"datePublished\":\"2026-09-05T13:58:11+00:00\",\"mainEntityOfPage\":{\"@id\":\"https:\\\/\\\/www.bellunopress.it\\\/2026\\\/09\\\/05\\\/istituti-alberghieri-e-formazione-professionale-il-cnddu-aderisce-al-manifesto-salviamo-gli-alberghieri-riflettori-accesi-sul-futuro-delle-scuole-nel-bellunese\\\/\"},\"wordCount\":563,\"publisher\":{\"@id\":\"https:\\\/\\\/www.bellunopress.it\\\/#organization\"},\"image\":{\"@id\":\"https:\\\/\\\/www.bellunopress.it\\\/2026\\\/09\\\/05\\\/istituti-alberghieri-e-formazione-professionale-il-cnddu-aderisce-al-manifesto-salviamo-gli-alberghieri-riflettori-accesi-sul-futuro-delle-scuole-nel-bellunese\\\/#primaryimage\"},\"thumbnailUrl\":\"https:\\\/\\\/www.bellunopress.it\\\/wp-content\\\/uploads\\\/2026\\\/04\\\/prof.-Romano-Pesavento-presidente-CNDDU.jpg\",\"articleSection\":[\"Prima Pagina\",\"Scuola\"],\"inLanguage\":\"fr-FR\"},{\"@type\":\"WebPage\",\"@id\":\"https:\\\/\\\/www.bellunopress.it\\\/2026\\\/09\\\/05\\\/istituti-alberghieri-e-formazione-professionale-il-cnddu-aderisce-al-manifesto-salviamo-gli-alberghieri-riflettori-accesi-sul-futuro-delle-scuole-nel-bellunese\\\/\",\"url\":\"https:\\\/\\\/www.bellunopress.it\\\/2026\\\/09\\\/05\\\/istituti-alberghieri-e-formazione-professionale-il-cnddu-aderisce-al-manifesto-salviamo-gli-alberghieri-riflettori-accesi-sul-futuro-delle-scuole-nel-bellunese\\\/\",\"name\":\"Istituti alberghieri e formazione professionale: il CNDDU aderisce al Manifesto \u201cSalviamo gli Alberghieri\u201d. Riflettori accesi sul futuro delle scuole nel Bellunese - Bellunopress - Dolomiti\",\"isPartOf\":{\"@id\":\"https:\\\/\\\/www.bellunopress.it\\\/#website\"},\"primaryImageOfPage\":{\"@id\":\"https:\\\/\\\/www.bellunopress.it\\\/2026\\\/09\\\/05\\\/istituti-alberghieri-e-formazione-professionale-il-cnddu-aderisce-al-manifesto-salviamo-gli-alberghieri-riflettori-accesi-sul-futuro-delle-scuole-nel-bellunese\\\/#primaryimage\"},\"image\":{\"@id\":\"https:\\\/\\\/www.bellunopress.it\\\/2026\\\/09\\\/05\\\/istituti-alberghieri-e-formazione-professionale-il-cnddu-aderisce-al-manifesto-salviamo-gli-alberghieri-riflettori-accesi-sul-futuro-delle-scuole-nel-bellunese\\\/#primaryimage\"},\"thumbnailUrl\":\"https:\\\/\\\/www.bellunopress.it\\\/wp-content\\\/uploads\\\/2026\\\/04\\\/prof.-Romano-Pesavento-presidente-CNDDU.jpg\",\"datePublished\":\"2026-09-05T13:58:11+00:00\",\"breadcrumb\":{\"@id\":\"https:\\\/\\\/www.bellunopress.it\\\/2026\\\/09\\\/05\\\/istituti-alberghieri-e-formazione-professionale-il-cnddu-aderisce-al-manifesto-salviamo-gli-alberghieri-riflettori-accesi-sul-futuro-delle-scuole-nel-bellunese\\\/#breadcrumb\"},\"inLanguage\":\"fr-FR\",\"potentialAction\":[{\"@type\":\"ReadAction\",\"target\":[\"https:\\\/\\\/www.bellunopress.it\\\/2026\\\/09\\\/05\\\/istituti-alberghieri-e-formazione-professionale-il-cnddu-aderisce-al-manifesto-salviamo-gli-alberghieri-riflettori-accesi-sul-futuro-delle-scuole-nel-bellunese\\\/\"]}]},{\"@type\":\"ImageObject\",\"inLanguage\":\"fr-FR\",\"@id\":\"https:\\\/\\\/www.bellunopress.it\\\/2026\\\/09\\\/05\\\/istituti-alberghieri-e-formazione-professionale-il-cnddu-aderisce-al-manifesto-salviamo-gli-alberghieri-riflettori-accesi-sul-futuro-delle-scuole-nel-bellunese\\\/#primaryimage\",\"url\":\"https:\\\/\\\/www.bellunopress.it\\\/wp-content\\\/uploads\\\/2026\\\/04\\\/prof.-Romano-Pesavento-presidente-CNDDU.jpg\",\"contentUrl\":\"https:\\\/\\\/www.bellunopress.it\\\/wp-content\\\/uploads\\\/2026\\\/04\\\/prof.-Romano-Pesavento-presidente-CNDDU.jpg\",\"width\":500,\"height\":360,\"caption\":\"Prof. Romano Pesavento - presidente CNDDU\"},{\"@type\":\"BreadcrumbList\",\"@id\":\"https:\\\/\\\/www.bellunopress.it\\\/2026\\\/09\\\/05\\\/istituti-alberghieri-e-formazione-professionale-il-cnddu-aderisce-al-manifesto-salviamo-gli-alberghieri-riflettori-accesi-sul-futuro-delle-scuole-nel-bellunese\\\/#breadcrumb\",\"itemListElement\":[{\"@type\":\"ListItem\",\"position\":1,\"name\":\"Home\",\"item\":\"https:\\\/\\\/www.bellunopress.it\\\/\"},{\"@type\":\"ListItem\",\"position\":2,\"name\":\"Istituti alberghieri e formazione professionale: il CNDDU aderisce al Manifesto \u201cSalviamo gli Alberghieri\u201d. Riflettori accesi sul futuro delle scuole nel Bellunese\"}]},{\"@type\":\"WebSite\",\"@id\":\"https:\\\/\\\/www.bellunopress.it\\\/#website\",\"url\":\"https:\\\/\\\/www.bellunopress.it\\\/\",\"name\":\"Bellunopress - Dolomiti\",\"description\":\"e-mail: redazione@bellunopress.it\",\"publisher\":{\"@id\":\"https:\\\/\\\/www.bellunopress.it\\\/#organization\"},\"potentialAction\":[{\"@type\":\"SearchAction\",\"target\":{\"@type\":\"EntryPoint\",\"urlTemplate\":\"https:\\\/\\\/www.bellunopress.it\\\/?s={search_term_string}\"},\"query-input\":{\"@type\":\"PropertyValueSpecification\",\"valueRequired\":true,\"valueName\":\"search_term_string\"}}],\"inLanguage\":\"fr-FR\"},{\"@type\":\"Organization\",\"@id\":\"https:\\\/\\\/www.bellunopress.it\\\/#organization\",\"name\":\"Bellunopress\",\"url\":\"https:\\\/\\\/www.bellunopress.it\\\/\",\"logo\":{\"@type\":\"ImageObject\",\"inLanguage\":\"fr-FR\",\"@id\":\"https:\\\/\\\/www.bellunopress.it\\\/#\\\/schema\\\/logo\\\/image\\\/\",\"url\":\"https:\\\/\\\/www.bellunopress.it\\\/wp-content\\\/uploads\\\/2011\\\/05\\\/cropped-logo-bellunopress-.jpg\",\"contentUrl\":\"https:\\\/\\\/www.bellunopress.it\\\/wp-content\\\/uploads\\\/2011\\\/05\\\/cropped-logo-bellunopress-.jpg\",\"width\":512,\"height\":512,\"caption\":\"Bellunopress\"},\"image\":{\"@id\":\"https:\\\/\\\/www.bellunopress.it\\\/#\\\/schema\\\/logo\\\/image\\\/\"},\"sameAs\":[\"https:\\\/\\\/www.facebook.com\\\/profile.php?id=100008943462799\",\"https:\\\/\\\/x.com\\\/bellunopress\",\"https:\\\/\\\/www.linkedin.com\\\/hp\\\/?dnr=JBzUWaJfMUw8vbXJJ2tVW5-I3jZKvC4wsoxE&amp;amp;amp;amp;amp;amp;trk=nav_responsive_tab_home\",\"https:\\\/\\\/www.youtube.com\\\/channel\\\/UCxL0wu1uN0_3_7hGG0306cw\"]},{\"@type\":\"Person\",\"@id\":\"https:\\\/\\\/www.bellunopress.it\\\/#\\\/schema\\\/person\\\/79bb06722b37ece1c03d3e94beb30d73\",\"name\":\"redazione\",\"image\":{\"@type\":\"ImageObject\",\"inLanguage\":\"fr-FR\",\"@id\":\"https:\\\/\\\/secure.gravatar.com\\\/avatar\\\/37d968a2e67a6fd04c169c4bdef102d0bc5d31b2546345219e348575eb80e9a0?s=96&d=mm&r=g\",\"url\":\"https:\\\/\\\/secure.gravatar.com\\\/avatar\\\/37d968a2e67a6fd04c169c4bdef102d0bc5d31b2546345219e348575eb80e9a0?s=96&d=mm&r=g\",\"contentUrl\":\"https:\\\/\\\/secure.gravatar.com\\\/avatar\\\/37d968a2e67a6fd04c169c4bdef102d0bc5d31b2546345219e348575eb80e9a0?s=96&d=mm&r=g\",\"caption\":\"redazione\"},\"sameAs\":[\"http:\\\/\\\/www.bellunopress.it\",\"https:\\\/\\\/x.com\\\/bellunopress\"],\"url\":\"https:\\\/\\\/www.bellunopress.it\\\/fr\\\/author\\\/redazione\\\/\"}]}<\/script>\n<!-- \/ Yoast SEO plugin. -->","yoast_head_json":{"title":"Istituti alberghieri e formazione professionale: il CNDDU aderisce al Manifesto \u201cSalviamo gli Alberghieri\u201d. Riflettori accesi sul futuro delle scuole nel Bellunese - Bellunopress - Dolomiti","robots":{"index":"index","follow":"follow","max-snippet":"max-snippet:-1","max-image-preview":"max-image-preview:large","max-video-preview":"max-video-preview:-1"},"canonical":"https:\/\/www.bellunopress.it\/fr\/2026\/09\/05\/istituti-alberghieri-e-formazione-professionale-il-cnddu-aderisce-al-manifesto-salviamo-gli-alberghieri-riflettori-accesi-sul-futuro-delle-scuole-nel-bellunese\/","og_locale":"fr_FR","og_type":"article","og_title":"Istituti alberghieri e formazione professionale: il CNDDU aderisce al Manifesto \u201cSalviamo gli Alberghieri\u201d. Riflettori accesi sul futuro delle scuole nel Bellunese - Bellunopress - Dolomiti","og_description":"Belluno, 05\/09\/2026 \u2013 Il futuro dell&#8217;istruzione professionale e, in particolare, degli indirizzi legati all&#8217;enogastronomia e all&#8217;ospitalit\u00e0 alberghiera torna al centro del dibattito nazionale. Il Coordinamento Nazionale Docenti della disciplina dei Diritti Umani (CNDDU), presieduto dal prof. Romano Pesavento, ha ufficialmente aderito al Manifesto nazionale \u201cSalviamo gli Alberghieri \u2013 Dieci punti per una nuova istruzione professionale [&hellip;]","og_url":"https:\/\/www.bellunopress.it\/fr\/2026\/09\/05\/istituti-alberghieri-e-formazione-professionale-il-cnddu-aderisce-al-manifesto-salviamo-gli-alberghieri-riflettori-accesi-sul-futuro-delle-scuole-nel-bellunese\/","og_site_name":"Bellunopress - Dolomiti","article_publisher":"https:\/\/www.facebook.com\/profile.php?id=100008943462799","article_published_time":"2026-09-05T13:58:11+00:00","og_image":[{"width":500,"height":360,"url":"https:\/\/www.bellunopress.it\/wp-content\/uploads\/2026\/04\/prof.-Romano-Pesavento-presidente-CNDDU.jpg","type":"image\/jpeg"}],"author":"redazione","twitter_card":"summary_large_image","twitter_creator":"@bellunopress","twitter_site":"@bellunopress","twitter_misc":{"\u00c9crit par":"redazione","Dur\u00e9e de lecture estim\u00e9e":"3 minutes"},"schema":{"@context":"https:\/\/schema.org","@graph":[{"@type":"Article","@id":"https:\/\/www.bellunopress.it\/2026\/09\/05\/istituti-alberghieri-e-formazione-professionale-il-cnddu-aderisce-al-manifesto-salviamo-gli-alberghieri-riflettori-accesi-sul-futuro-delle-scuole-nel-bellunese\/#article","isPartOf":{"@id":"https:\/\/www.bellunopress.it\/2026\/09\/05\/istituti-alberghieri-e-formazione-professionale-il-cnddu-aderisce-al-manifesto-salviamo-gli-alberghieri-riflettori-accesi-sul-futuro-delle-scuole-nel-bellunese\/"},"author":{"name":"redazione","@id":"https:\/\/www.bellunopress.it\/#\/schema\/person\/79bb06722b37ece1c03d3e94beb30d73"},"headline":"Istituti alberghieri e formazione professionale: il CNDDU aderisce al Manifesto \u201cSalviamo gli Alberghieri\u201d. Riflettori accesi sul futuro delle scuole nel Bellunese","datePublished":"2026-09-05T13:58:11+00:00","mainEntityOfPage":{"@id":"https:\/\/www.bellunopress.it\/2026\/09\/05\/istituti-alberghieri-e-formazione-professionale-il-cnddu-aderisce-al-manifesto-salviamo-gli-alberghieri-riflettori-accesi-sul-futuro-delle-scuole-nel-bellunese\/"},"wordCount":563,"publisher":{"@id":"https:\/\/www.bellunopress.it\/#organization"},"image":{"@id":"https:\/\/www.bellunopress.it\/2026\/09\/05\/istituti-alberghieri-e-formazione-professionale-il-cnddu-aderisce-al-manifesto-salviamo-gli-alberghieri-riflettori-accesi-sul-futuro-delle-scuole-nel-bellunese\/#primaryimage"},"thumbnailUrl":"https:\/\/www.bellunopress.it\/wp-content\/uploads\/2026\/04\/prof.-Romano-Pesavento-presidente-CNDDU.jpg","articleSection":["Prima Pagina","Scuola"],"inLanguage":"fr-FR"},{"@type":"WebPage","@id":"https:\/\/www.bellunopress.it\/2026\/09\/05\/istituti-alberghieri-e-formazione-professionale-il-cnddu-aderisce-al-manifesto-salviamo-gli-alberghieri-riflettori-accesi-sul-futuro-delle-scuole-nel-bellunese\/","url":"https:\/\/www.bellunopress.it\/2026\/09\/05\/istituti-alberghieri-e-formazione-professionale-il-cnddu-aderisce-al-manifesto-salviamo-gli-alberghieri-riflettori-accesi-sul-futuro-delle-scuole-nel-bellunese\/","name":"Istituti alberghieri e formazione professionale: il CNDDU aderisce al Manifesto \u201cSalviamo gli Alberghieri\u201d. Riflettori accesi sul futuro delle scuole nel Bellunese - Bellunopress - Dolomiti","isPartOf":{"@id":"https:\/\/www.bellunopress.it\/#website"},"primaryImageOfPage":{"@id":"https:\/\/www.bellunopress.it\/2026\/09\/05\/istituti-alberghieri-e-formazione-professionale-il-cnddu-aderisce-al-manifesto-salviamo-gli-alberghieri-riflettori-accesi-sul-futuro-delle-scuole-nel-bellunese\/#primaryimage"},"image":{"@id":"https:\/\/www.bellunopress.it\/2026\/09\/05\/istituti-alberghieri-e-formazione-professionale-il-cnddu-aderisce-al-manifesto-salviamo-gli-alberghieri-riflettori-accesi-sul-futuro-delle-scuole-nel-bellunese\/#primaryimage"},"thumbnailUrl":"https:\/\/www.bellunopress.it\/wp-content\/uploads\/2026\/04\/prof.-Romano-Pesavento-presidente-CNDDU.jpg","datePublished":"2026-09-05T13:58:11+00:00","breadcrumb":{"@id":"https:\/\/www.bellunopress.it\/2026\/09\/05\/istituti-alberghieri-e-formazione-professionale-il-cnddu-aderisce-al-manifesto-salviamo-gli-alberghieri-riflettori-accesi-sul-futuro-delle-scuole-nel-bellunese\/#breadcrumb"},"inLanguage":"fr-FR","potentialAction":[{"@type":"ReadAction","target":["https:\/\/www.bellunopress.it\/2026\/09\/05\/istituti-alberghieri-e-formazione-professionale-il-cnddu-aderisce-al-manifesto-salviamo-gli-alberghieri-riflettori-accesi-sul-futuro-delle-scuole-nel-bellunese\/"]}]},{"@type":"ImageObject","inLanguage":"fr-FR","@id":"https:\/\/www.bellunopress.it\/2026\/09\/05\/istituti-alberghieri-e-formazione-professionale-il-cnddu-aderisce-al-manifesto-salviamo-gli-alberghieri-riflettori-accesi-sul-futuro-delle-scuole-nel-bellunese\/#primaryimage","url":"https:\/\/www.bellunopress.it\/wp-content\/uploads\/2026\/04\/prof.-Romano-Pesavento-presidente-CNDDU.jpg","contentUrl":"https:\/\/www.bellunopress.it\/wp-content\/uploads\/2026\/04\/prof.-Romano-Pesavento-presidente-CNDDU.jpg","width":500,"height":360,"caption":"Prof. Romano Pesavento - presidente CNDDU"},{"@type":"BreadcrumbList","@id":"https:\/\/www.bellunopress.it\/2026\/09\/05\/istituti-alberghieri-e-formazione-professionale-il-cnddu-aderisce-al-manifesto-salviamo-gli-alberghieri-riflettori-accesi-sul-futuro-delle-scuole-nel-bellunese\/#breadcrumb","itemListElement":[{"@type":"ListItem","position":1,"name":"Home","item":"https:\/\/www.bellunopress.it\/"},{"@type":"ListItem","position":2,"name":"Istituti alberghieri e formazione professionale: il CNDDU aderisce al Manifesto \u201cSalviamo gli Alberghieri\u201d. Riflettori accesi sul futuro delle scuole nel Bellunese"}]},{"@type":"WebSite","@id":"https:\/\/www.bellunopress.it\/#website","url":"https:\/\/www.bellunopress.it\/","name":"Bellunopress - Dolomiti","description":"e-mail: redazione@bellunopress.it","publisher":{"@id":"https:\/\/www.bellunopress.it\/#organization"},"potentialAction":[{"@type":"SearchAction","target":{"@type":"EntryPoint","urlTemplate":"https:\/\/www.bellunopress.it\/?s={search_term_string}"},"query-input":{"@type":"PropertyValueSpecification","valueRequired":true,"valueName":"search_term_string"}}],"inLanguage":"fr-FR"},{"@type":"Organization","@id":"https:\/\/www.bellunopress.it\/#organization","name":"Bellunopress","url":"https:\/\/www.bellunopress.it\/","logo":{"@type":"ImageObject","inLanguage":"fr-FR","@id":"https:\/\/www.bellunopress.it\/#\/schema\/logo\/image\/","url":"https:\/\/www.bellunopress.it\/wp-content\/uploads\/2011\/05\/cropped-logo-bellunopress-.jpg","contentUrl":"https:\/\/www.bellunopress.it\/wp-content\/uploads\/2011\/05\/cropped-logo-bellunopress-.jpg","width":512,"height":512,"caption":"Bellunopress"},"image":{"@id":"https:\/\/www.bellunopress.it\/#\/schema\/logo\/image\/"},"sameAs":["https:\/\/www.facebook.com\/profile.php?id=100008943462799","https:\/\/x.com\/bellunopress","https:\/\/www.linkedin.com\/hp\/?dnr=JBzUWaJfMUw8vbXJJ2tVW5-I3jZKvC4wsoxE&amp;amp;amp;amp;amp;amp;trk=nav_responsive_tab_home","https:\/\/www.youtube.com\/channel\/UCxL0wu1uN0_3_7hGG0306cw"]},{"@type":"Person","@id":"https:\/\/www.bellunopress.it\/#\/schema\/person\/79bb06722b37ece1c03d3e94beb30d73","name":"r\u00e9daction","image":{"@type":"ImageObject","inLanguage":"fr-FR","@id":"https:\/\/secure.gravatar.com\/avatar\/37d968a2e67a6fd04c169c4bdef102d0bc5d31b2546345219e348575eb80e9a0?s=96&d=mm&r=g","url":"https:\/\/secure.gravatar.com\/avatar\/37d968a2e67a6fd04c169c4bdef102d0bc5d31b2546345219e348575eb80e9a0?s=96&d=mm&r=g","contentUrl":"https:\/\/secure.gravatar.com\/avatar\/37d968a2e67a6fd04c169c4bdef102d0bc5d31b2546345219e348575eb80e9a0?s=96&d=mm&r=g","caption":"redazione"},"sameAs":["http:\/\/www.bellunopress.it","https:\/\/x.com\/bellunopress"],"url":"https:\/\/www.bellunopress.it\/fr\/author\/redazione\/"}]}},"_links":{"self":[{"href":"https:\/\/www.bellunopress.it\/fr\/wp-json\/wp\/v2\/posts\/173170","targetHints":{"allow":["GET"]}}],"collection":[{"href":"https:\/\/www.bellunopress.it\/fr\/wp-json\/wp\/v2\/posts"}],"about":[{"href":"https:\/\/www.bellunopress.it\/fr\/wp-json\/wp\/v2\/types\/post"}],"author":[{"embeddable":true,"href":"https:\/\/www.bellunopress.it\/fr\/wp-json\/wp\/v2\/users\/2"}],"replies":[{"embeddable":true,"href":"https:\/\/www.bellunopress.it\/fr\/wp-json\/wp\/v2\/comments?post=173170"}],"version-history":[{"count":1,"href":"https:\/\/www.bellunopress.it\/fr\/wp-json\/wp\/v2\/posts\/173170\/revisions"}],"predecessor-version":[{"id":173171,"href":"https:\/\/www.bellunopress.it\/fr\/wp-json\/wp\/v2\/posts\/173170\/revisions\/173171"}],"wp:featuredmedia":[{"embeddable":true,"href":"https:\/\/www.bellunopress.it\/fr\/wp-json\/wp\/v2\/media\/168764"}],"wp:attachment":[{"href":"https:\/\/www.bellunopress.it\/fr\/wp-json\/wp\/v2\/media?parent=173170"}],"wp:term":[{"taxonomy":"category","embeddable":true,"href":"https:\/\/www.bellunopress.it\/fr\/wp-json\/wp\/v2\/categories?post=173170"},{"taxonomy":"post_tag","embeddable":true,"href":"https:\/\/www.bellunopress.it\/fr\/wp-json\/wp\/v2\/tags?post=173170"}],"curies":[{"name":"wp","href":"https:\/\/api.w.org\/{rel}","templated":true}]}}