{"id":173158,"date":"2026-09-05T10:11:09","date_gmt":"2026-09-05T08:11:09","guid":{"rendered":"https:\/\/www.bellunopress.it\/?p=173158"},"modified":"2026-09-05T10:11:09","modified_gmt":"2026-09-05T08:11:09","slug":"sanita-di-montagna-lallarme-di-giovanifuturo-non-si-smantellino-le-medicine-di-gruppo-integrate-in-cadore-e-comelico","status":"publish","type":"post","link":"https:\/\/www.bellunopress.it\/fr\/2026\/09\/05\/sanita-di-montagna-lallarme-di-giovanifuturo-non-si-smantellino-le-medicine-di-gruppo-integrate-in-cadore-e-comelico\/","title":{"rendered":"Sanit\u00e0 di montagna, l&#8217;allarme di Giovani&#038;Futuro: &#8220;Non si smantellino le Medicine di Gruppo Integrate in Cadore e Comelico&#8221;"},"content":{"rendered":"<p data-path-to-node=\"3\">Cadore-Comelico, 05\/09\/2026 &#8211; \u00abLa riorganizzazione deve portare pi\u00f9 assistenza, non allontanarla dai cittadini\u00bb. \u00c8 questo il perno dell&#8217;intervento con cui l\u2019associazione Giovani&amp;Futuro accende i riflettori sul futuro dell&#8217;assistenza sanitaria territoriale nel Cadore e nel Comelico. A far discutere \u00e8 l&#8217;ipotesi di superamento delle Medicine di Gruppo Integrate (MGI), un tema su cui l&#8217;associazione e gli amministratori locali hanno gi\u00e0 formalmente sollecitato la Regione Veneto e l\u2019ULSS 1 Dolomiti, chiedendo tutele e modelli ad misura per le specificit\u00e0 dei territori montani.<\/p>\n<p data-path-to-node=\"4\">Nel mirino c\u2019\u00e8 la salvaguardia di esperienze rodate e vicine ai bisogni reali della popolazione, come la MGI di Santo Stefano di Cadore: un modello virtuoso basato su un presidio centrale operativo per 12 ore consecutive, affiancato dal mantenimento degli ambulatori periferici nei Comuni e nelle frazioni pi\u00f9 distanti.<\/p>\n<h3 data-path-to-node=\"5\">Il nodo delle distanze e della prossimit\u00e0<\/h3>\n<p data-path-to-node=\"6\">A ribadire l\u2019urgenza di difendere la medicina di prossimit\u00e0 \u00e8 il presidente nazionale di Giovani&amp;Futuro, <b data-path-to-node=\"6\" data-index-in-node=\"105\">Luca Frescura<\/b>: \u00abIl punto per noi \u00e8 molto semplice: non si pu\u00f2 parlare di riorganizzazione della sanit\u00e0 senza partire dalle persone e dai territori. Una soluzione che pu\u00f2 essere valida in una grande citt\u00e0 non necessariamente funziona in Cadore o in Comelico. Qui abbiamo distanze importanti, piccoli Comuni, frazioni isolate, persone anziane e cittadini che non sempre hanno la possibilit\u00e0 di spostarsi con facilit\u00e0\u00bb.<\/p>\n<p data-path-to-node=\"7\">Frescura sgombra poi il campo da chi accusa il territorio di immobilismo: \u00abNon chiediamo di conservare un modello soltanto perch\u00e9 esiste gi\u00e0. Chiediamo per\u00f2 una cosa di buon senso: se un\u2019esperienza ha dimostrato sul campo di essere utile, prima di modificarla o superarla bisogna capire come garantirne almeno gli stessi livelli di assistenza. Il rischio che vogliamo evitare \u00e8 che dietro la parola \u201criorganizzazione\u201d si nasconda, nei fatti, un arretramento della presenza sanitaria\u00bb.<\/p>\n<h3 data-path-to-node=\"8\">La voce dei sindaci: \u00abIn montagna la presenza \u00e8 indispensabile\u00bb<\/h3>\n<p data-path-to-node=\"9\">Sulla stessa linea d&#8217;onda si muovono gli amministratori locali dell&#8217;associazione. Per il vicepresidente nazionale e sindaco di Danta di Cadore, Thomas Menia Corbanese, occorre cambiare completamente parametro di valutazione: \u00abChi vive e amministra quotidianamente la montagna sa che qualche chilometro in pi\u00f9, sulla carta, pu\u00f2 sembrare poca cosa. Nella realt\u00e0 pu\u00f2 diventare un problema enorme per una persona anziana, per chi non guida, per una famiglia o durante i mesi invernali. Quando parliamo di sanit\u00e0 nelle terre alte dobbiamo smettere di ragionare soltanto in termini di numeri e iniziare a ragionare anche in termini di distanze, tempi e reale accessibilit\u00e0 dei servizi\u00bb. Da qui la richiesta di pari dignit\u00e0 per i cittadini delle terre alte, che non devono essere costretti a trasformare una necessit\u00e0 di cura in un viaggio.<\/p>\n<p data-path-to-node=\"10\">Una visione condivisa anche dal presidente provinciale di Giovani&amp;Futuro e sindaco di Borca di Cadore, Luca Olivotto, che sottolinea il valore sociale dei presidi periferici: \u00abUn ambulatorio in un paese di montagna non \u00e8 un dettaglio organizzativo. \u00c8 un presidio concreto, riconoscibile, vicino alle persone. Per un anziano sapere che il proprio medico continua a essere presente sul territorio significa sicurezza. Per una famiglia significa avere un punto di riferimento\u00bb. Olivotto ribadisce come centralizzazione e capillarit\u00e0 non debbano essere alternative: l&#8217;esperienza delle MGI dimostra che si pu\u00f2 fare rete, valorizzando sia un presidio centrale organizzato sia gli ambulatori diffusi.<\/p>\n<h3 data-path-to-node=\"11\">La richiesta di un tavolo di confronto<\/h3>\n<p data-path-to-node=\"12\">L&#8217;associazione conclude ribadendo la ferma disponibilit\u00e0 al dialogo ma ponendo paletti chiari: la salute \u00e8 un diritto inviolabile e in montagna la difesa della medicina di prossimit\u00e0 equivale alla difesa della sopravvivenza stessa dei paesi. Per questo motivo, Giovani&amp;Futuro torna a chiedere con forza l\u2019apertura di un tavolo di confronto con la Regione Veneto, la Commissione competente e la Direzione generale dell\u2019ULSS 1 Dolomiti.<\/p>","protected":false},"excerpt":{"rendered":"<p>Cadore-Comelico, 05\/09\/2026 &#8211; \u00abLa riorganizzazione deve portare pi\u00f9 assistenza, non allontanarla dai cittadini\u00bb. \u00c8 questo il perno dell&#8217;intervento con cui l\u2019associazione Giovani&amp;Futuro accende i riflettori sul futuro dell&#8217;assistenza sanitaria territoriale nel Cadore e nel Comelico. A far discutere \u00e8 l&#8217;ipotesi di superamento delle Medicine di Gruppo Integrate (MGI), un tema su cui l&#8217;associazione e gli [&hellip;]<\/p>\n","protected":false},"author":2,"featured_media":164165,"comment_status":"closed","ping_status":"open","sticky":false,"template":"","format":"standard","meta":{"footnotes":""},"categories":[5,26,17],"tags":[],"class_list":["post-173158","post","type-post","status-publish","format-standard","has-post-thumbnail","category-cronaca","category-prima-pagina","category-sanita"],"yoast_head":"<!-- This site is optimized with the Yoast SEO plugin v28.4 - https:\/\/yoast.com\/product\/yoast-seo-wordpress\/ -->\n<title>Sanit\u00e0 di montagna, l&#039;allarme di Giovani&amp;Futuro: &quot;Non si smantellino le Medicine di Gruppo Integrate in Cadore e Comelico&quot; - Bellunopress - Dolomiti<\/title>\n<meta name=\"robots\" content=\"index, follow, max-snippet:-1, max-image-preview:large, max-video-preview:-1\" \/>\n<link rel=\"canonical\" href=\"https:\/\/www.bellunopress.it\/fr\/2026\/09\/05\/sanita-di-montagna-lallarme-di-giovanifuturo-non-si-smantellino-le-medicine-di-gruppo-integrate-in-cadore-e-comelico\/\" \/>\n<meta property=\"og:locale\" content=\"fr_FR\" \/>\n<meta property=\"og:type\" content=\"article\" \/>\n<meta property=\"og:title\" content=\"Sanit\u00e0 di montagna, l&#039;allarme di Giovani&amp;Futuro: &quot;Non si smantellino le Medicine di Gruppo Integrate in Cadore e Comelico&quot; - Bellunopress - Dolomiti\" \/>\n<meta property=\"og:description\" content=\"Cadore-Comelico, 05\/09\/2026 &#8211; \u00abLa riorganizzazione deve portare pi\u00f9 assistenza, non allontanarla dai cittadini\u00bb. \u00c8 questo il perno dell&#8217;intervento con cui l\u2019associazione Giovani&amp;Futuro accende i riflettori sul futuro dell&#8217;assistenza sanitaria territoriale nel Cadore e nel Comelico. A far discutere \u00e8 l&#8217;ipotesi di superamento delle Medicine di Gruppo Integrate (MGI), un tema su cui l&#8217;associazione e gli [&hellip;]\" \/>\n<meta property=\"og:url\" content=\"https:\/\/www.bellunopress.it\/fr\/2026\/09\/05\/sanita-di-montagna-lallarme-di-giovanifuturo-non-si-smantellino-le-medicine-di-gruppo-integrate-in-cadore-e-comelico\/\" \/>\n<meta property=\"og:site_name\" content=\"Bellunopress - Dolomiti\" \/>\n<meta property=\"article:publisher\" content=\"https:\/\/www.facebook.com\/profile.php?id=100008943462799\" \/>\n<meta property=\"article:published_time\" content=\"2026-09-05T08:11:09+00:00\" \/>\n<meta property=\"og:image\" content=\"https:\/\/www.bellunopress.it\/wp-content\/uploads\/2025\/10\/GiovaniFuturo-Frescura-e-Menia-Corbanese.jpg\" \/>\n\t<meta property=\"og:image:width\" content=\"800\" \/>\n\t<meta property=\"og:image:height\" content=\"746\" \/>\n\t<meta property=\"og:image:type\" content=\"image\/jpeg\" \/>\n<meta name=\"author\" content=\"redazione\" \/>\n<meta name=\"twitter:card\" content=\"summary_large_image\" \/>\n<meta name=\"twitter:creator\" content=\"@bellunopress\" \/>\n<meta name=\"twitter:site\" content=\"@bellunopress\" \/>\n<meta name=\"twitter:label1\" content=\"\u00c9crit par\" \/>\n\t<meta name=\"twitter:data1\" content=\"redazione\" \/>\n\t<meta name=\"twitter:label2\" content=\"Dur\u00e9e de lecture estim\u00e9e\" \/>\n\t<meta name=\"twitter:data2\" content=\"4 minutes\" \/>\n<script type=\"application\/ld+json\" class=\"yoast-schema-graph\">{\"@context\":\"https:\\\/\\\/schema.org\",\"@graph\":[{\"@type\":\"Article\",\"@id\":\"https:\\\/\\\/www.bellunopress.it\\\/2026\\\/09\\\/05\\\/sanita-di-montagna-lallarme-di-giovanifuturo-non-si-smantellino-le-medicine-di-gruppo-integrate-in-cadore-e-comelico\\\/#article\",\"isPartOf\":{\"@id\":\"https:\\\/\\\/www.bellunopress.it\\\/2026\\\/09\\\/05\\\/sanita-di-montagna-lallarme-di-giovanifuturo-non-si-smantellino-le-medicine-di-gruppo-integrate-in-cadore-e-comelico\\\/\"},\"author\":{\"name\":\"redazione\",\"@id\":\"https:\\\/\\\/www.bellunopress.it\\\/#\\\/schema\\\/person\\\/79bb06722b37ece1c03d3e94beb30d73\"},\"headline\":\"Sanit\u00e0 di montagna, l&#8217;allarme di Giovani&#038;Futuro: &#8220;Non si smantellino le Medicine di Gruppo Integrate in Cadore e Comelico&#8221;\",\"datePublished\":\"2026-09-05T08:11:09+00:00\",\"mainEntityOfPage\":{\"@id\":\"https:\\\/\\\/www.bellunopress.it\\\/2026\\\/09\\\/05\\\/sanita-di-montagna-lallarme-di-giovanifuturo-non-si-smantellino-le-medicine-di-gruppo-integrate-in-cadore-e-comelico\\\/\"},\"wordCount\":626,\"publisher\":{\"@id\":\"https:\\\/\\\/www.bellunopress.it\\\/#organization\"},\"image\":{\"@id\":\"https:\\\/\\\/www.bellunopress.it\\\/2026\\\/09\\\/05\\\/sanita-di-montagna-lallarme-di-giovanifuturo-non-si-smantellino-le-medicine-di-gruppo-integrate-in-cadore-e-comelico\\\/#primaryimage\"},\"thumbnailUrl\":\"https:\\\/\\\/www.bellunopress.it\\\/wp-content\\\/uploads\\\/2025\\\/10\\\/GiovaniFuturo-Frescura-e-Menia-Corbanese.jpg\",\"articleSection\":[\"Cronaca\\\/Politica\",\"Prima Pagina\",\"Sanit\u00e0 Medicina\"],\"inLanguage\":\"fr-FR\"},{\"@type\":\"WebPage\",\"@id\":\"https:\\\/\\\/www.bellunopress.it\\\/2026\\\/09\\\/05\\\/sanita-di-montagna-lallarme-di-giovanifuturo-non-si-smantellino-le-medicine-di-gruppo-integrate-in-cadore-e-comelico\\\/\",\"url\":\"https:\\\/\\\/www.bellunopress.it\\\/2026\\\/09\\\/05\\\/sanita-di-montagna-lallarme-di-giovanifuturo-non-si-smantellino-le-medicine-di-gruppo-integrate-in-cadore-e-comelico\\\/\",\"name\":\"Sanit\u00e0 di montagna, l'allarme di Giovani&Futuro: \\\"Non si smantellino le Medicine di Gruppo Integrate in Cadore e Comelico\\\" - Bellunopress - Dolomiti\",\"isPartOf\":{\"@id\":\"https:\\\/\\\/www.bellunopress.it\\\/#website\"},\"primaryImageOfPage\":{\"@id\":\"https:\\\/\\\/www.bellunopress.it\\\/2026\\\/09\\\/05\\\/sanita-di-montagna-lallarme-di-giovanifuturo-non-si-smantellino-le-medicine-di-gruppo-integrate-in-cadore-e-comelico\\\/#primaryimage\"},\"image\":{\"@id\":\"https:\\\/\\\/www.bellunopress.it\\\/2026\\\/09\\\/05\\\/sanita-di-montagna-lallarme-di-giovanifuturo-non-si-smantellino-le-medicine-di-gruppo-integrate-in-cadore-e-comelico\\\/#primaryimage\"},\"thumbnailUrl\":\"https:\\\/\\\/www.bellunopress.it\\\/wp-content\\\/uploads\\\/2025\\\/10\\\/GiovaniFuturo-Frescura-e-Menia-Corbanese.jpg\",\"datePublished\":\"2026-09-05T08:11:09+00:00\",\"breadcrumb\":{\"@id\":\"https:\\\/\\\/www.bellunopress.it\\\/2026\\\/09\\\/05\\\/sanita-di-montagna-lallarme-di-giovanifuturo-non-si-smantellino-le-medicine-di-gruppo-integrate-in-cadore-e-comelico\\\/#breadcrumb\"},\"inLanguage\":\"fr-FR\",\"potentialAction\":[{\"@type\":\"ReadAction\",\"target\":[\"https:\\\/\\\/www.bellunopress.it\\\/2026\\\/09\\\/05\\\/sanita-di-montagna-lallarme-di-giovanifuturo-non-si-smantellino-le-medicine-di-gruppo-integrate-in-cadore-e-comelico\\\/\"]}]},{\"@type\":\"ImageObject\",\"inLanguage\":\"fr-FR\",\"@id\":\"https:\\\/\\\/www.bellunopress.it\\\/2026\\\/09\\\/05\\\/sanita-di-montagna-lallarme-di-giovanifuturo-non-si-smantellino-le-medicine-di-gruppo-integrate-in-cadore-e-comelico\\\/#primaryimage\",\"url\":\"https:\\\/\\\/www.bellunopress.it\\\/wp-content\\\/uploads\\\/2025\\\/10\\\/GiovaniFuturo-Frescura-e-Menia-Corbanese.jpg\",\"contentUrl\":\"https:\\\/\\\/www.bellunopress.it\\\/wp-content\\\/uploads\\\/2025\\\/10\\\/GiovaniFuturo-Frescura-e-Menia-Corbanese.jpg\",\"width\":800,\"height\":746,\"caption\":\"Giovani&Futuro, Luca Frescura e Thomas Menia Corbanese\"},{\"@type\":\"BreadcrumbList\",\"@id\":\"https:\\\/\\\/www.bellunopress.it\\\/2026\\\/09\\\/05\\\/sanita-di-montagna-lallarme-di-giovanifuturo-non-si-smantellino-le-medicine-di-gruppo-integrate-in-cadore-e-comelico\\\/#breadcrumb\",\"itemListElement\":[{\"@type\":\"ListItem\",\"position\":1,\"name\":\"Home\",\"item\":\"https:\\\/\\\/www.bellunopress.it\\\/\"},{\"@type\":\"ListItem\",\"position\":2,\"name\":\"Sanit\u00e0 di montagna, l&#8217;allarme di Giovani&#038;Futuro: &#8220;Non si smantellino le Medicine di Gruppo Integrate in Cadore e Comelico&#8221;\"}]},{\"@type\":\"WebSite\",\"@id\":\"https:\\\/\\\/www.bellunopress.it\\\/#website\",\"url\":\"https:\\\/\\\/www.bellunopress.it\\\/\",\"name\":\"Bellunopress - Dolomiti\",\"description\":\"e-mail: redazione@bellunopress.it\",\"publisher\":{\"@id\":\"https:\\\/\\\/www.bellunopress.it\\\/#organization\"},\"potentialAction\":[{\"@type\":\"SearchAction\",\"target\":{\"@type\":\"EntryPoint\",\"urlTemplate\":\"https:\\\/\\\/www.bellunopress.it\\\/?s={search_term_string}\"},\"query-input\":{\"@type\":\"PropertyValueSpecification\",\"valueRequired\":true,\"valueName\":\"search_term_string\"}}],\"inLanguage\":\"fr-FR\"},{\"@type\":\"Organization\",\"@id\":\"https:\\\/\\\/www.bellunopress.it\\\/#organization\",\"name\":\"Bellunopress\",\"url\":\"https:\\\/\\\/www.bellunopress.it\\\/\",\"logo\":{\"@type\":\"ImageObject\",\"inLanguage\":\"fr-FR\",\"@id\":\"https:\\\/\\\/www.bellunopress.it\\\/#\\\/schema\\\/logo\\\/image\\\/\",\"url\":\"https:\\\/\\\/www.bellunopress.it\\\/wp-content\\\/uploads\\\/2011\\\/05\\\/cropped-logo-bellunopress-.jpg\",\"contentUrl\":\"https:\\\/\\\/www.bellunopress.it\\\/wp-content\\\/uploads\\\/2011\\\/05\\\/cropped-logo-bellunopress-.jpg\",\"width\":512,\"height\":512,\"caption\":\"Bellunopress\"},\"image\":{\"@id\":\"https:\\\/\\\/www.bellunopress.it\\\/#\\\/schema\\\/logo\\\/image\\\/\"},\"sameAs\":[\"https:\\\/\\\/www.facebook.com\\\/profile.php?id=100008943462799\",\"https:\\\/\\\/x.com\\\/bellunopress\",\"https:\\\/\\\/www.linkedin.com\\\/hp\\\/?dnr=JBzUWaJfMUw8vbXJJ2tVW5-I3jZKvC4wsoxE&amp;amp;amp;amp;amp;amp;trk=nav_responsive_tab_home\",\"https:\\\/\\\/www.youtube.com\\\/channel\\\/UCxL0wu1uN0_3_7hGG0306cw\"]},{\"@type\":\"Person\",\"@id\":\"https:\\\/\\\/www.bellunopress.it\\\/#\\\/schema\\\/person\\\/79bb06722b37ece1c03d3e94beb30d73\",\"name\":\"redazione\",\"image\":{\"@type\":\"ImageObject\",\"inLanguage\":\"fr-FR\",\"@id\":\"https:\\\/\\\/secure.gravatar.com\\\/avatar\\\/37d968a2e67a6fd04c169c4bdef102d0bc5d31b2546345219e348575eb80e9a0?s=96&d=mm&r=g\",\"url\":\"https:\\\/\\\/secure.gravatar.com\\\/avatar\\\/37d968a2e67a6fd04c169c4bdef102d0bc5d31b2546345219e348575eb80e9a0?s=96&d=mm&r=g\",\"contentUrl\":\"https:\\\/\\\/secure.gravatar.com\\\/avatar\\\/37d968a2e67a6fd04c169c4bdef102d0bc5d31b2546345219e348575eb80e9a0?s=96&d=mm&r=g\",\"caption\":\"redazione\"},\"sameAs\":[\"http:\\\/\\\/www.bellunopress.it\",\"https:\\\/\\\/x.com\\\/bellunopress\"],\"url\":\"https:\\\/\\\/www.bellunopress.it\\\/fr\\\/author\\\/redazione\\\/\"}]}<\/script>\n<!-- \/ Yoast SEO plugin. -->","yoast_head_json":{"title":"Sanit\u00e0 di montagna, l'allarme di Giovani&Futuro: \"Non si smantellino le Medicine di Gruppo Integrate in Cadore e Comelico\" - Bellunopress - Dolomiti","robots":{"index":"index","follow":"follow","max-snippet":"max-snippet:-1","max-image-preview":"max-image-preview:large","max-video-preview":"max-video-preview:-1"},"canonical":"https:\/\/www.bellunopress.it\/fr\/2026\/09\/05\/sanita-di-montagna-lallarme-di-giovanifuturo-non-si-smantellino-le-medicine-di-gruppo-integrate-in-cadore-e-comelico\/","og_locale":"fr_FR","og_type":"article","og_title":"Sanit\u00e0 di montagna, l'allarme di Giovani&Futuro: \"Non si smantellino le Medicine di Gruppo Integrate in Cadore e Comelico\" - Bellunopress - Dolomiti","og_description":"Cadore-Comelico, 05\/09\/2026 &#8211; \u00abLa riorganizzazione deve portare pi\u00f9 assistenza, non allontanarla dai cittadini\u00bb. \u00c8 questo il perno dell&#8217;intervento con cui l\u2019associazione Giovani&amp;Futuro accende i riflettori sul futuro dell&#8217;assistenza sanitaria territoriale nel Cadore e nel Comelico. A far discutere \u00e8 l&#8217;ipotesi di superamento delle Medicine di Gruppo Integrate (MGI), un tema su cui l&#8217;associazione e gli [&hellip;]","og_url":"https:\/\/www.bellunopress.it\/fr\/2026\/09\/05\/sanita-di-montagna-lallarme-di-giovanifuturo-non-si-smantellino-le-medicine-di-gruppo-integrate-in-cadore-e-comelico\/","og_site_name":"Bellunopress - Dolomiti","article_publisher":"https:\/\/www.facebook.com\/profile.php?id=100008943462799","article_published_time":"2026-09-05T08:11:09+00:00","og_image":[{"width":800,"height":746,"url":"https:\/\/www.bellunopress.it\/wp-content\/uploads\/2025\/10\/GiovaniFuturo-Frescura-e-Menia-Corbanese.jpg","type":"image\/jpeg"}],"author":"redazione","twitter_card":"summary_large_image","twitter_creator":"@bellunopress","twitter_site":"@bellunopress","twitter_misc":{"\u00c9crit par":"redazione","Dur\u00e9e de lecture estim\u00e9e":"4 minutes"},"schema":{"@context":"https:\/\/schema.org","@graph":[{"@type":"Article","@id":"https:\/\/www.bellunopress.it\/2026\/09\/05\/sanita-di-montagna-lallarme-di-giovanifuturo-non-si-smantellino-le-medicine-di-gruppo-integrate-in-cadore-e-comelico\/#article","isPartOf":{"@id":"https:\/\/www.bellunopress.it\/2026\/09\/05\/sanita-di-montagna-lallarme-di-giovanifuturo-non-si-smantellino-le-medicine-di-gruppo-integrate-in-cadore-e-comelico\/"},"author":{"name":"redazione","@id":"https:\/\/www.bellunopress.it\/#\/schema\/person\/79bb06722b37ece1c03d3e94beb30d73"},"headline":"Sanit\u00e0 di montagna, l&#8217;allarme di Giovani&#038;Futuro: &#8220;Non si smantellino le Medicine di Gruppo Integrate in Cadore e Comelico&#8221;","datePublished":"2026-09-05T08:11:09+00:00","mainEntityOfPage":{"@id":"https:\/\/www.bellunopress.it\/2026\/09\/05\/sanita-di-montagna-lallarme-di-giovanifuturo-non-si-smantellino-le-medicine-di-gruppo-integrate-in-cadore-e-comelico\/"},"wordCount":626,"publisher":{"@id":"https:\/\/www.bellunopress.it\/#organization"},"image":{"@id":"https:\/\/www.bellunopress.it\/2026\/09\/05\/sanita-di-montagna-lallarme-di-giovanifuturo-non-si-smantellino-le-medicine-di-gruppo-integrate-in-cadore-e-comelico\/#primaryimage"},"thumbnailUrl":"https:\/\/www.bellunopress.it\/wp-content\/uploads\/2025\/10\/GiovaniFuturo-Frescura-e-Menia-Corbanese.jpg","articleSection":["Cronaca\/Politica","Prima Pagina","Sanit\u00e0 Medicina"],"inLanguage":"fr-FR"},{"@type":"WebPage","@id":"https:\/\/www.bellunopress.it\/2026\/09\/05\/sanita-di-montagna-lallarme-di-giovanifuturo-non-si-smantellino-le-medicine-di-gruppo-integrate-in-cadore-e-comelico\/","url":"https:\/\/www.bellunopress.it\/2026\/09\/05\/sanita-di-montagna-lallarme-di-giovanifuturo-non-si-smantellino-le-medicine-di-gruppo-integrate-in-cadore-e-comelico\/","name":"Sanit\u00e0 di montagna, l'allarme di Giovani&Futuro: \"Non si smantellino le Medicine di Gruppo Integrate in Cadore e Comelico\" - Bellunopress - Dolomiti","isPartOf":{"@id":"https:\/\/www.bellunopress.it\/#website"},"primaryImageOfPage":{"@id":"https:\/\/www.bellunopress.it\/2026\/09\/05\/sanita-di-montagna-lallarme-di-giovanifuturo-non-si-smantellino-le-medicine-di-gruppo-integrate-in-cadore-e-comelico\/#primaryimage"},"image":{"@id":"https:\/\/www.bellunopress.it\/2026\/09\/05\/sanita-di-montagna-lallarme-di-giovanifuturo-non-si-smantellino-le-medicine-di-gruppo-integrate-in-cadore-e-comelico\/#primaryimage"},"thumbnailUrl":"https:\/\/www.bellunopress.it\/wp-content\/uploads\/2025\/10\/GiovaniFuturo-Frescura-e-Menia-Corbanese.jpg","datePublished":"2026-09-05T08:11:09+00:00","breadcrumb":{"@id":"https:\/\/www.bellunopress.it\/2026\/09\/05\/sanita-di-montagna-lallarme-di-giovanifuturo-non-si-smantellino-le-medicine-di-gruppo-integrate-in-cadore-e-comelico\/#breadcrumb"},"inLanguage":"fr-FR","potentialAction":[{"@type":"ReadAction","target":["https:\/\/www.bellunopress.it\/2026\/09\/05\/sanita-di-montagna-lallarme-di-giovanifuturo-non-si-smantellino-le-medicine-di-gruppo-integrate-in-cadore-e-comelico\/"]}]},{"@type":"ImageObject","inLanguage":"fr-FR","@id":"https:\/\/www.bellunopress.it\/2026\/09\/05\/sanita-di-montagna-lallarme-di-giovanifuturo-non-si-smantellino-le-medicine-di-gruppo-integrate-in-cadore-e-comelico\/#primaryimage","url":"https:\/\/www.bellunopress.it\/wp-content\/uploads\/2025\/10\/GiovaniFuturo-Frescura-e-Menia-Corbanese.jpg","contentUrl":"https:\/\/www.bellunopress.it\/wp-content\/uploads\/2025\/10\/GiovaniFuturo-Frescura-e-Menia-Corbanese.jpg","width":800,"height":746,"caption":"Giovani&Futuro, Luca Frescura e Thomas Menia Corbanese"},{"@type":"BreadcrumbList","@id":"https:\/\/www.bellunopress.it\/2026\/09\/05\/sanita-di-montagna-lallarme-di-giovanifuturo-non-si-smantellino-le-medicine-di-gruppo-integrate-in-cadore-e-comelico\/#breadcrumb","itemListElement":[{"@type":"ListItem","position":1,"name":"Home","item":"https:\/\/www.bellunopress.it\/"},{"@type":"ListItem","position":2,"name":"Sanit\u00e0 di montagna, l&#8217;allarme di Giovani&#038;Futuro: &#8220;Non si smantellino le Medicine di Gruppo Integrate in Cadore e Comelico&#8221;"}]},{"@type":"WebSite","@id":"https:\/\/www.bellunopress.it\/#website","url":"https:\/\/www.bellunopress.it\/","name":"Bellunopress - Dolomiti","description":"e-mail: redazione@bellunopress.it","publisher":{"@id":"https:\/\/www.bellunopress.it\/#organization"},"potentialAction":[{"@type":"SearchAction","target":{"@type":"EntryPoint","urlTemplate":"https:\/\/www.bellunopress.it\/?s={search_term_string}"},"query-input":{"@type":"PropertyValueSpecification","valueRequired":true,"valueName":"search_term_string"}}],"inLanguage":"fr-FR"},{"@type":"Organization","@id":"https:\/\/www.bellunopress.it\/#organization","name":"Bellunopress","url":"https:\/\/www.bellunopress.it\/","logo":{"@type":"ImageObject","inLanguage":"fr-FR","@id":"https:\/\/www.bellunopress.it\/#\/schema\/logo\/image\/","url":"https:\/\/www.bellunopress.it\/wp-content\/uploads\/2011\/05\/cropped-logo-bellunopress-.jpg","contentUrl":"https:\/\/www.bellunopress.it\/wp-content\/uploads\/2011\/05\/cropped-logo-bellunopress-.jpg","width":512,"height":512,"caption":"Bellunopress"},"image":{"@id":"https:\/\/www.bellunopress.it\/#\/schema\/logo\/image\/"},"sameAs":["https:\/\/www.facebook.com\/profile.php?id=100008943462799","https:\/\/x.com\/bellunopress","https:\/\/www.linkedin.com\/hp\/?dnr=JBzUWaJfMUw8vbXJJ2tVW5-I3jZKvC4wsoxE&amp;amp;amp;amp;amp;amp;trk=nav_responsive_tab_home","https:\/\/www.youtube.com\/channel\/UCxL0wu1uN0_3_7hGG0306cw"]},{"@type":"Person","@id":"https:\/\/www.bellunopress.it\/#\/schema\/person\/79bb06722b37ece1c03d3e94beb30d73","name":"r\u00e9daction","image":{"@type":"ImageObject","inLanguage":"fr-FR","@id":"https:\/\/secure.gravatar.com\/avatar\/37d968a2e67a6fd04c169c4bdef102d0bc5d31b2546345219e348575eb80e9a0?s=96&d=mm&r=g","url":"https:\/\/secure.gravatar.com\/avatar\/37d968a2e67a6fd04c169c4bdef102d0bc5d31b2546345219e348575eb80e9a0?s=96&d=mm&r=g","contentUrl":"https:\/\/secure.gravatar.com\/avatar\/37d968a2e67a6fd04c169c4bdef102d0bc5d31b2546345219e348575eb80e9a0?s=96&d=mm&r=g","caption":"redazione"},"sameAs":["http:\/\/www.bellunopress.it","https:\/\/x.com\/bellunopress"],"url":"https:\/\/www.bellunopress.it\/fr\/author\/redazione\/"}]}},"_links":{"self":[{"href":"https:\/\/www.bellunopress.it\/fr\/wp-json\/wp\/v2\/posts\/173158","targetHints":{"allow":["GET"]}}],"collection":[{"href":"https:\/\/www.bellunopress.it\/fr\/wp-json\/wp\/v2\/posts"}],"about":[{"href":"https:\/\/www.bellunopress.it\/fr\/wp-json\/wp\/v2\/types\/post"}],"author":[{"embeddable":true,"href":"https:\/\/www.bellunopress.it\/fr\/wp-json\/wp\/v2\/users\/2"}],"replies":[{"embeddable":true,"href":"https:\/\/www.bellunopress.it\/fr\/wp-json\/wp\/v2\/comments?post=173158"}],"version-history":[{"count":1,"href":"https:\/\/www.bellunopress.it\/fr\/wp-json\/wp\/v2\/posts\/173158\/revisions"}],"predecessor-version":[{"id":173159,"href":"https:\/\/www.bellunopress.it\/fr\/wp-json\/wp\/v2\/posts\/173158\/revisions\/173159"}],"wp:featuredmedia":[{"embeddable":true,"href":"https:\/\/www.bellunopress.it\/fr\/wp-json\/wp\/v2\/media\/164165"}],"wp:attachment":[{"href":"https:\/\/www.bellunopress.it\/fr\/wp-json\/wp\/v2\/media?parent=173158"}],"wp:term":[{"taxonomy":"category","embeddable":true,"href":"https:\/\/www.bellunopress.it\/fr\/wp-json\/wp\/v2\/categories?post=173158"},{"taxonomy":"post_tag","embeddable":true,"href":"https:\/\/www.bellunopress.it\/fr\/wp-json\/wp\/v2\/tags?post=173158"}],"curies":[{"name":"wp","href":"https:\/\/api.w.org\/{rel}","templated":true}]}}