{"id":173156,"date":"2026-09-05T10:05:07","date_gmt":"2026-09-05T08:05:07","guid":{"rendered":"https:\/\/www.bellunopress.it\/?p=173156"},"modified":"2026-09-05T10:05:07","modified_gmt":"2026-09-05T08:05:07","slug":"due-regate-dal-4-al-6-settembre-sul-lago-di-santa-croce","status":"publish","type":"post","link":"https:\/\/www.bellunopress.it\/fr\/2026\/09\/05\/due-regate-dal-4-al-6-settembre-sul-lago-di-santa-croce\/","title":{"rendered":"Due regate dal 4 al 6 settembre sul lago di Santa Croce"},"content":{"rendered":"<p>Alpago, 05\/09\/2026 &#8211; Secondo giorno di regate oggi, sabato 5 settembre, sul lago di Santa Croce. Da venerd\u00ec lo specchio d&#8217;acqua dell&#8217;Alpago \u00e8 protagonista infatti di un doppio evento velico.<\/p>\n<p>Domenica alle 18, alla base nautica di Santa Croce del Lago, la sezione di Belluno della Lega Navale Italiana, presieduta da Sandra Deola, premier\u00e0 i vincitori del Campionato Italiano Assoluto D-One e dell&#8217;ultima prova del Campionato Interzonale della Classe 470. In gara 26 equipaggi da tutta Italia, suddivisi in 14 D-One e 12 imbarcazioni della classe 470. I D-One sono delle derive singole, ossia con solo un membro di equipaggio, che appartengono alla categoria degli skiff: barche leggere e con un&#8217;ampia superficie velica, capaci di elevate doti velocistiche. Il 470 invece \u00e8 una deriva doppia nella quale son presenti 3 vele, ed \u00e8 una classe olimpica, ovvero una delle imbarcazioni con cui vengono svolti i giochi olimpici.<\/p>\n<p>L&#8217;evento di Santa Croce rappresenta per questa categoria la regata ufficiale con il pi\u00f9 elevato numero di iscritti a livello nazionale. Le due classi hanno scelto Santa Croce ed il suo circolo per le splendide caratteristiche che il lago bellunese \u00e8 in grado di offrire: la termica del lago, capace di soffiare da 12 a 18 nodi nel mese di settembre e gli splendidi spazi e la logistica che la sezione di Belluno offre grazie all&#8217;ampio spazio a terra e ai numerosi mezzi di assistenza in acqua.<\/p>\n<p>Il circolo \u00e8 coinvolto non solo a livello organizzativo, ma anche dal punto di vista agonistico: il campione italiano D-One ed i campioni interzonali 470 sono infatti soci della Lega Navale di Belluno. Per loro quindi si tratta di difendere il titolo nelle acque di casa. L&#8217;ottimo meteo del fine settimana sta regalando ai partecipanti giornate veliche ricche di adrenalina e di divertimento. Santa Croce si conferma cos\u00ec ancora una volta uno dei principali centri in Veneto e in Italia per la pratica della vela.<\/p>","protected":false},"excerpt":{"rendered":"<p>Alpago, 05\/09\/2026 &#8211; Secondo giorno di regate oggi, sabato 5 settembre, sul lago di Santa Croce. Da venerd\u00ec lo specchio d&#8217;acqua dell&#8217;Alpago \u00e8 protagonista infatti di un doppio evento velico. Domenica alle 18, alla base nautica di Santa Croce del Lago, la sezione di Belluno della Lega Navale Italiana, presieduta da Sandra Deola, premier\u00e0 i [&hellip;]<\/p>\n","protected":false},"author":2,"featured_media":171415,"comment_status":"closed","ping_status":"open","sticky":false,"template":"","format":"standard","meta":{"footnotes":""},"categories":[25,4],"tags":[],"class_list":["post-173156","post","type-post","status-publish","format-standard","has-post-thumbnail","category-pausa-caffe","category-sport"],"yoast_head":"<!-- This site is optimized with the Yoast SEO plugin v28.4 - https:\/\/yoast.com\/product\/yoast-seo-wordpress\/ -->\n<title>Due regate dal 4 al 6 settembre sul lago di Santa Croce - Bellunopress - Dolomiti<\/title>\n<meta name=\"robots\" content=\"index, follow, max-snippet:-1, max-image-preview:large, max-video-preview:-1\" \/>\n<link rel=\"canonical\" href=\"https:\/\/www.bellunopress.it\/fr\/2026\/09\/05\/due-regate-dal-4-al-6-settembre-sul-lago-di-santa-croce\/\" \/>\n<meta property=\"og:locale\" content=\"fr_FR\" \/>\n<meta property=\"og:type\" content=\"article\" \/>\n<meta property=\"og:title\" content=\"Due regate dal 4 al 6 settembre sul lago di Santa Croce - Bellunopress - Dolomiti\" \/>\n<meta property=\"og:description\" content=\"Alpago, 05\/09\/2026 &#8211; Secondo giorno di regate oggi, sabato 5 settembre, sul lago di Santa Croce. Da venerd\u00ec lo specchio d&#8217;acqua dell&#8217;Alpago \u00e8 protagonista infatti di un doppio evento velico. Domenica alle 18, alla base nautica di Santa Croce del Lago, la sezione di Belluno della Lega Navale Italiana, presieduta da Sandra Deola, premier\u00e0 i [&hellip;]\" \/>\n<meta property=\"og:url\" content=\"https:\/\/www.bellunopress.it\/fr\/2026\/09\/05\/due-regate-dal-4-al-6-settembre-sul-lago-di-santa-croce\/\" \/>\n<meta property=\"og:site_name\" content=\"Bellunopress - Dolomiti\" \/>\n<meta property=\"article:publisher\" content=\"https:\/\/www.facebook.com\/profile.php?id=100008943462799\" \/>\n<meta property=\"article:published_time\" content=\"2026-09-05T08:05:07+00:00\" \/>\n<meta property=\"og:image\" content=\"https:\/\/www.bellunopress.it\/wp-content\/uploads\/2026\/06\/Lago-S-Croce-Sandra-Deola-Sandro__-Frisiero-Paolo-Lonardi-Simone-Martini.jpg\" \/>\n\t<meta property=\"og:image:width\" content=\"500\" \/>\n\t<meta property=\"og:image:height\" content=\"339\" \/>\n\t<meta property=\"og:image:type\" content=\"image\/jpeg\" \/>\n<meta name=\"author\" content=\"redazione\" \/>\n<meta name=\"twitter:card\" content=\"summary_large_image\" \/>\n<meta name=\"twitter:creator\" content=\"@bellunopress\" \/>\n<meta name=\"twitter:site\" content=\"@bellunopress\" \/>\n<meta name=\"twitter:label1\" content=\"\u00c9crit par\" \/>\n\t<meta name=\"twitter:data1\" content=\"redazione\" \/>\n\t<meta name=\"twitter:label2\" content=\"Dur\u00e9e de lecture estim\u00e9e\" \/>\n\t<meta name=\"twitter:data2\" content=\"2 minutes\" \/>\n<script type=\"application\/ld+json\" class=\"yoast-schema-graph\">{\"@context\":\"https:\\\/\\\/schema.org\",\"@graph\":[{\"@type\":\"Article\",\"@id\":\"https:\\\/\\\/www.bellunopress.it\\\/2026\\\/09\\\/05\\\/due-regate-dal-4-al-6-settembre-sul-lago-di-santa-croce\\\/#article\",\"isPartOf\":{\"@id\":\"https:\\\/\\\/www.bellunopress.it\\\/2026\\\/09\\\/05\\\/due-regate-dal-4-al-6-settembre-sul-lago-di-santa-croce\\\/\"},\"author\":{\"name\":\"redazione\",\"@id\":\"https:\\\/\\\/www.bellunopress.it\\\/#\\\/schema\\\/person\\\/79bb06722b37ece1c03d3e94beb30d73\"},\"headline\":\"Due regate dal 4 al 6 settembre sul lago di Santa Croce\",\"datePublished\":\"2026-09-05T08:05:07+00:00\",\"mainEntityOfPage\":{\"@id\":\"https:\\\/\\\/www.bellunopress.it\\\/2026\\\/09\\\/05\\\/due-regate-dal-4-al-6-settembre-sul-lago-di-santa-croce\\\/\"},\"wordCount\":318,\"publisher\":{\"@id\":\"https:\\\/\\\/www.bellunopress.it\\\/#organization\"},\"image\":{\"@id\":\"https:\\\/\\\/www.bellunopress.it\\\/2026\\\/09\\\/05\\\/due-regate-dal-4-al-6-settembre-sul-lago-di-santa-croce\\\/#primaryimage\"},\"thumbnailUrl\":\"https:\\\/\\\/www.bellunopress.it\\\/wp-content\\\/uploads\\\/2026\\\/06\\\/Lago-S-Croce-Sandra-Deola-Sandro__-Frisiero-Paolo-Lonardi-Simone-Martini.jpg\",\"articleSection\":[\"Pausa Caff\u00e8\",\"Sport, tempo libero\"],\"inLanguage\":\"fr-FR\"},{\"@type\":\"WebPage\",\"@id\":\"https:\\\/\\\/www.bellunopress.it\\\/2026\\\/09\\\/05\\\/due-regate-dal-4-al-6-settembre-sul-lago-di-santa-croce\\\/\",\"url\":\"https:\\\/\\\/www.bellunopress.it\\\/2026\\\/09\\\/05\\\/due-regate-dal-4-al-6-settembre-sul-lago-di-santa-croce\\\/\",\"name\":\"Due regate dal 4 al 6 settembre sul lago di Santa Croce - Bellunopress - Dolomiti\",\"isPartOf\":{\"@id\":\"https:\\\/\\\/www.bellunopress.it\\\/#website\"},\"primaryImageOfPage\":{\"@id\":\"https:\\\/\\\/www.bellunopress.it\\\/2026\\\/09\\\/05\\\/due-regate-dal-4-al-6-settembre-sul-lago-di-santa-croce\\\/#primaryimage\"},\"image\":{\"@id\":\"https:\\\/\\\/www.bellunopress.it\\\/2026\\\/09\\\/05\\\/due-regate-dal-4-al-6-settembre-sul-lago-di-santa-croce\\\/#primaryimage\"},\"thumbnailUrl\":\"https:\\\/\\\/www.bellunopress.it\\\/wp-content\\\/uploads\\\/2026\\\/06\\\/Lago-S-Croce-Sandra-Deola-Sandro__-Frisiero-Paolo-Lonardi-Simone-Martini.jpg\",\"datePublished\":\"2026-09-05T08:05:07+00:00\",\"breadcrumb\":{\"@id\":\"https:\\\/\\\/www.bellunopress.it\\\/2026\\\/09\\\/05\\\/due-regate-dal-4-al-6-settembre-sul-lago-di-santa-croce\\\/#breadcrumb\"},\"inLanguage\":\"fr-FR\",\"potentialAction\":[{\"@type\":\"ReadAction\",\"target\":[\"https:\\\/\\\/www.bellunopress.it\\\/2026\\\/09\\\/05\\\/due-regate-dal-4-al-6-settembre-sul-lago-di-santa-croce\\\/\"]}]},{\"@type\":\"ImageObject\",\"inLanguage\":\"fr-FR\",\"@id\":\"https:\\\/\\\/www.bellunopress.it\\\/2026\\\/09\\\/05\\\/due-regate-dal-4-al-6-settembre-sul-lago-di-santa-croce\\\/#primaryimage\",\"url\":\"https:\\\/\\\/www.bellunopress.it\\\/wp-content\\\/uploads\\\/2026\\\/06\\\/Lago-S-Croce-Sandra-Deola-Sandro__-Frisiero-Paolo-Lonardi-Simone-Martini.jpg\",\"contentUrl\":\"https:\\\/\\\/www.bellunopress.it\\\/wp-content\\\/uploads\\\/2026\\\/06\\\/Lago-S-Croce-Sandra-Deola-Sandro__-Frisiero-Paolo-Lonardi-Simone-Martini.jpg\",\"width\":500,\"height\":339,\"caption\":\"Sandra Deola, Sandro Frisiero, Paolo Lonardi, Simone Martini\"},{\"@type\":\"BreadcrumbList\",\"@id\":\"https:\\\/\\\/www.bellunopress.it\\\/2026\\\/09\\\/05\\\/due-regate-dal-4-al-6-settembre-sul-lago-di-santa-croce\\\/#breadcrumb\",\"itemListElement\":[{\"@type\":\"ListItem\",\"position\":1,\"name\":\"Home\",\"item\":\"https:\\\/\\\/www.bellunopress.it\\\/\"},{\"@type\":\"ListItem\",\"position\":2,\"name\":\"Due regate dal 4 al 6 settembre sul lago di Santa Croce\"}]},{\"@type\":\"WebSite\",\"@id\":\"https:\\\/\\\/www.bellunopress.it\\\/#website\",\"url\":\"https:\\\/\\\/www.bellunopress.it\\\/\",\"name\":\"Bellunopress - Dolomiti\",\"description\":\"e-mail: redazione@bellunopress.it\",\"publisher\":{\"@id\":\"https:\\\/\\\/www.bellunopress.it\\\/#organization\"},\"potentialAction\":[{\"@type\":\"SearchAction\",\"target\":{\"@type\":\"EntryPoint\",\"urlTemplate\":\"https:\\\/\\\/www.bellunopress.it\\\/?s={search_term_string}\"},\"query-input\":{\"@type\":\"PropertyValueSpecification\",\"valueRequired\":true,\"valueName\":\"search_term_string\"}}],\"inLanguage\":\"fr-FR\"},{\"@type\":\"Organization\",\"@id\":\"https:\\\/\\\/www.bellunopress.it\\\/#organization\",\"name\":\"Bellunopress\",\"url\":\"https:\\\/\\\/www.bellunopress.it\\\/\",\"logo\":{\"@type\":\"ImageObject\",\"inLanguage\":\"fr-FR\",\"@id\":\"https:\\\/\\\/www.bellunopress.it\\\/#\\\/schema\\\/logo\\\/image\\\/\",\"url\":\"https:\\\/\\\/www.bellunopress.it\\\/wp-content\\\/uploads\\\/2011\\\/05\\\/cropped-logo-bellunopress-.jpg\",\"contentUrl\":\"https:\\\/\\\/www.bellunopress.it\\\/wp-content\\\/uploads\\\/2011\\\/05\\\/cropped-logo-bellunopress-.jpg\",\"width\":512,\"height\":512,\"caption\":\"Bellunopress\"},\"image\":{\"@id\":\"https:\\\/\\\/www.bellunopress.it\\\/#\\\/schema\\\/logo\\\/image\\\/\"},\"sameAs\":[\"https:\\\/\\\/www.facebook.com\\\/profile.php?id=100008943462799\",\"https:\\\/\\\/x.com\\\/bellunopress\",\"https:\\\/\\\/www.linkedin.com\\\/hp\\\/?dnr=JBzUWaJfMUw8vbXJJ2tVW5-I3jZKvC4wsoxE&amp;amp;amp;amp;amp;amp;trk=nav_responsive_tab_home\",\"https:\\\/\\\/www.youtube.com\\\/channel\\\/UCxL0wu1uN0_3_7hGG0306cw\"]},{\"@type\":\"Person\",\"@id\":\"https:\\\/\\\/www.bellunopress.it\\\/#\\\/schema\\\/person\\\/79bb06722b37ece1c03d3e94beb30d73\",\"name\":\"redazione\",\"image\":{\"@type\":\"ImageObject\",\"inLanguage\":\"fr-FR\",\"@id\":\"https:\\\/\\\/secure.gravatar.com\\\/avatar\\\/37d968a2e67a6fd04c169c4bdef102d0bc5d31b2546345219e348575eb80e9a0?s=96&d=mm&r=g\",\"url\":\"https:\\\/\\\/secure.gravatar.com\\\/avatar\\\/37d968a2e67a6fd04c169c4bdef102d0bc5d31b2546345219e348575eb80e9a0?s=96&d=mm&r=g\",\"contentUrl\":\"https:\\\/\\\/secure.gravatar.com\\\/avatar\\\/37d968a2e67a6fd04c169c4bdef102d0bc5d31b2546345219e348575eb80e9a0?s=96&d=mm&r=g\",\"caption\":\"redazione\"},\"sameAs\":[\"http:\\\/\\\/www.bellunopress.it\",\"https:\\\/\\\/x.com\\\/bellunopress\"],\"url\":\"https:\\\/\\\/www.bellunopress.it\\\/fr\\\/author\\\/redazione\\\/\"}]}<\/script>\n<!-- \/ Yoast SEO plugin. -->","yoast_head_json":{"title":"Due regate dal 4 al 6 settembre sul lago di Santa Croce - Bellunopress - Dolomiti","robots":{"index":"index","follow":"follow","max-snippet":"max-snippet:-1","max-image-preview":"max-image-preview:large","max-video-preview":"max-video-preview:-1"},"canonical":"https:\/\/www.bellunopress.it\/fr\/2026\/09\/05\/due-regate-dal-4-al-6-settembre-sul-lago-di-santa-croce\/","og_locale":"fr_FR","og_type":"article","og_title":"Due regate dal 4 al 6 settembre sul lago di Santa Croce - Bellunopress - Dolomiti","og_description":"Alpago, 05\/09\/2026 &#8211; Secondo giorno di regate oggi, sabato 5 settembre, sul lago di Santa Croce. Da venerd\u00ec lo specchio d&#8217;acqua dell&#8217;Alpago \u00e8 protagonista infatti di un doppio evento velico. Domenica alle 18, alla base nautica di Santa Croce del Lago, la sezione di Belluno della Lega Navale Italiana, presieduta da Sandra Deola, premier\u00e0 i [&hellip;]","og_url":"https:\/\/www.bellunopress.it\/fr\/2026\/09\/05\/due-regate-dal-4-al-6-settembre-sul-lago-di-santa-croce\/","og_site_name":"Bellunopress - Dolomiti","article_publisher":"https:\/\/www.facebook.com\/profile.php?id=100008943462799","article_published_time":"2026-09-05T08:05:07+00:00","og_image":[{"width":500,"height":339,"url":"https:\/\/www.bellunopress.it\/wp-content\/uploads\/2026\/06\/Lago-S-Croce-Sandra-Deola-Sandro__-Frisiero-Paolo-Lonardi-Simone-Martini.jpg","type":"image\/jpeg"}],"author":"redazione","twitter_card":"summary_large_image","twitter_creator":"@bellunopress","twitter_site":"@bellunopress","twitter_misc":{"\u00c9crit par":"redazione","Dur\u00e9e de lecture estim\u00e9e":"2 minutes"},"schema":{"@context":"https:\/\/schema.org","@graph":[{"@type":"Article","@id":"https:\/\/www.bellunopress.it\/2026\/09\/05\/due-regate-dal-4-al-6-settembre-sul-lago-di-santa-croce\/#article","isPartOf":{"@id":"https:\/\/www.bellunopress.it\/2026\/09\/05\/due-regate-dal-4-al-6-settembre-sul-lago-di-santa-croce\/"},"author":{"name":"redazione","@id":"https:\/\/www.bellunopress.it\/#\/schema\/person\/79bb06722b37ece1c03d3e94beb30d73"},"headline":"Due regate dal 4 al 6 settembre sul lago di Santa Croce","datePublished":"2026-09-05T08:05:07+00:00","mainEntityOfPage":{"@id":"https:\/\/www.bellunopress.it\/2026\/09\/05\/due-regate-dal-4-al-6-settembre-sul-lago-di-santa-croce\/"},"wordCount":318,"publisher":{"@id":"https:\/\/www.bellunopress.it\/#organization"},"image":{"@id":"https:\/\/www.bellunopress.it\/2026\/09\/05\/due-regate-dal-4-al-6-settembre-sul-lago-di-santa-croce\/#primaryimage"},"thumbnailUrl":"https:\/\/www.bellunopress.it\/wp-content\/uploads\/2026\/06\/Lago-S-Croce-Sandra-Deola-Sandro__-Frisiero-Paolo-Lonardi-Simone-Martini.jpg","articleSection":["Pausa Caff\u00e8","Sport, tempo libero"],"inLanguage":"fr-FR"},{"@type":"WebPage","@id":"https:\/\/www.bellunopress.it\/2026\/09\/05\/due-regate-dal-4-al-6-settembre-sul-lago-di-santa-croce\/","url":"https:\/\/www.bellunopress.it\/2026\/09\/05\/due-regate-dal-4-al-6-settembre-sul-lago-di-santa-croce\/","name":"Due regate dal 4 al 6 settembre sul lago di Santa Croce - Bellunopress - Dolomiti","isPartOf":{"@id":"https:\/\/www.bellunopress.it\/#website"},"primaryImageOfPage":{"@id":"https:\/\/www.bellunopress.it\/2026\/09\/05\/due-regate-dal-4-al-6-settembre-sul-lago-di-santa-croce\/#primaryimage"},"image":{"@id":"https:\/\/www.bellunopress.it\/2026\/09\/05\/due-regate-dal-4-al-6-settembre-sul-lago-di-santa-croce\/#primaryimage"},"thumbnailUrl":"https:\/\/www.bellunopress.it\/wp-content\/uploads\/2026\/06\/Lago-S-Croce-Sandra-Deola-Sandro__-Frisiero-Paolo-Lonardi-Simone-Martini.jpg","datePublished":"2026-09-05T08:05:07+00:00","breadcrumb":{"@id":"https:\/\/www.bellunopress.it\/2026\/09\/05\/due-regate-dal-4-al-6-settembre-sul-lago-di-santa-croce\/#breadcrumb"},"inLanguage":"fr-FR","potentialAction":[{"@type":"ReadAction","target":["https:\/\/www.bellunopress.it\/2026\/09\/05\/due-regate-dal-4-al-6-settembre-sul-lago-di-santa-croce\/"]}]},{"@type":"ImageObject","inLanguage":"fr-FR","@id":"https:\/\/www.bellunopress.it\/2026\/09\/05\/due-regate-dal-4-al-6-settembre-sul-lago-di-santa-croce\/#primaryimage","url":"https:\/\/www.bellunopress.it\/wp-content\/uploads\/2026\/06\/Lago-S-Croce-Sandra-Deola-Sandro__-Frisiero-Paolo-Lonardi-Simone-Martini.jpg","contentUrl":"https:\/\/www.bellunopress.it\/wp-content\/uploads\/2026\/06\/Lago-S-Croce-Sandra-Deola-Sandro__-Frisiero-Paolo-Lonardi-Simone-Martini.jpg","width":500,"height":339,"caption":"Sandra Deola, Sandro Frisiero, Paolo Lonardi, Simone Martini"},{"@type":"BreadcrumbList","@id":"https:\/\/www.bellunopress.it\/2026\/09\/05\/due-regate-dal-4-al-6-settembre-sul-lago-di-santa-croce\/#breadcrumb","itemListElement":[{"@type":"ListItem","position":1,"name":"Home","item":"https:\/\/www.bellunopress.it\/"},{"@type":"ListItem","position":2,"name":"Due regate dal 4 al 6 settembre sul lago di Santa Croce"}]},{"@type":"WebSite","@id":"https:\/\/www.bellunopress.it\/#website","url":"https:\/\/www.bellunopress.it\/","name":"Bellunopress - Dolomiti","description":"e-mail: redazione@bellunopress.it","publisher":{"@id":"https:\/\/www.bellunopress.it\/#organization"},"potentialAction":[{"@type":"SearchAction","target":{"@type":"EntryPoint","urlTemplate":"https:\/\/www.bellunopress.it\/?s={search_term_string}"},"query-input":{"@type":"PropertyValueSpecification","valueRequired":true,"valueName":"search_term_string"}}],"inLanguage":"fr-FR"},{"@type":"Organization","@id":"https:\/\/www.bellunopress.it\/#organization","name":"Bellunopress","url":"https:\/\/www.bellunopress.it\/","logo":{"@type":"ImageObject","inLanguage":"fr-FR","@id":"https:\/\/www.bellunopress.it\/#\/schema\/logo\/image\/","url":"https:\/\/www.bellunopress.it\/wp-content\/uploads\/2011\/05\/cropped-logo-bellunopress-.jpg","contentUrl":"https:\/\/www.bellunopress.it\/wp-content\/uploads\/2011\/05\/cropped-logo-bellunopress-.jpg","width":512,"height":512,"caption":"Bellunopress"},"image":{"@id":"https:\/\/www.bellunopress.it\/#\/schema\/logo\/image\/"},"sameAs":["https:\/\/www.facebook.com\/profile.php?id=100008943462799","https:\/\/x.com\/bellunopress","https:\/\/www.linkedin.com\/hp\/?dnr=JBzUWaJfMUw8vbXJJ2tVW5-I3jZKvC4wsoxE&amp;amp;amp;amp;amp;amp;trk=nav_responsive_tab_home","https:\/\/www.youtube.com\/channel\/UCxL0wu1uN0_3_7hGG0306cw"]},{"@type":"Person","@id":"https:\/\/www.bellunopress.it\/#\/schema\/person\/79bb06722b37ece1c03d3e94beb30d73","name":"r\u00e9daction","image":{"@type":"ImageObject","inLanguage":"fr-FR","@id":"https:\/\/secure.gravatar.com\/avatar\/37d968a2e67a6fd04c169c4bdef102d0bc5d31b2546345219e348575eb80e9a0?s=96&d=mm&r=g","url":"https:\/\/secure.gravatar.com\/avatar\/37d968a2e67a6fd04c169c4bdef102d0bc5d31b2546345219e348575eb80e9a0?s=96&d=mm&r=g","contentUrl":"https:\/\/secure.gravatar.com\/avatar\/37d968a2e67a6fd04c169c4bdef102d0bc5d31b2546345219e348575eb80e9a0?s=96&d=mm&r=g","caption":"redazione"},"sameAs":["http:\/\/www.bellunopress.it","https:\/\/x.com\/bellunopress"],"url":"https:\/\/www.bellunopress.it\/fr\/author\/redazione\/"}]}},"_links":{"self":[{"href":"https:\/\/www.bellunopress.it\/fr\/wp-json\/wp\/v2\/posts\/173156","targetHints":{"allow":["GET"]}}],"collection":[{"href":"https:\/\/www.bellunopress.it\/fr\/wp-json\/wp\/v2\/posts"}],"about":[{"href":"https:\/\/www.bellunopress.it\/fr\/wp-json\/wp\/v2\/types\/post"}],"author":[{"embeddable":true,"href":"https:\/\/www.bellunopress.it\/fr\/wp-json\/wp\/v2\/users\/2"}],"replies":[{"embeddable":true,"href":"https:\/\/www.bellunopress.it\/fr\/wp-json\/wp\/v2\/comments?post=173156"}],"version-history":[{"count":1,"href":"https:\/\/www.bellunopress.it\/fr\/wp-json\/wp\/v2\/posts\/173156\/revisions"}],"predecessor-version":[{"id":173157,"href":"https:\/\/www.bellunopress.it\/fr\/wp-json\/wp\/v2\/posts\/173156\/revisions\/173157"}],"wp:featuredmedia":[{"embeddable":true,"href":"https:\/\/www.bellunopress.it\/fr\/wp-json\/wp\/v2\/media\/171415"}],"wp:attachment":[{"href":"https:\/\/www.bellunopress.it\/fr\/wp-json\/wp\/v2\/media?parent=173156"}],"wp:term":[{"taxonomy":"category","embeddable":true,"href":"https:\/\/www.bellunopress.it\/fr\/wp-json\/wp\/v2\/categories?post=173156"},{"taxonomy":"post_tag","embeddable":true,"href":"https:\/\/www.bellunopress.it\/fr\/wp-json\/wp\/v2\/tags?post=173156"}],"curies":[{"name":"wp","href":"https:\/\/api.w.org\/{rel}","templated":true}]}}