{"id":173150,"date":"2026-09-05T09:39:30","date_gmt":"2026-09-05T07:39:30","guid":{"rendered":"https:\/\/www.bellunopress.it\/?p=173150"},"modified":"2026-09-05T09:39:30","modified_gmt":"2026-09-05T07:39:30","slug":"carabinieri-concluso-il-corso-alpinistico-formativo-tra-le-dolomiti-della-val-gardena-e-auronzo-di-cadore","status":"publish","type":"post","link":"https:\/\/www.bellunopress.it\/fr\/2026\/09\/05\/carabinieri-concluso-il-corso-alpinistico-formativo-tra-le-dolomiti-della-val-gardena-e-auronzo-di-cadore\/","title":{"rendered":"Carabinieri: concluso il corso alpinistico formativo tra le Dolomiti della Val Gardena e Auronzo di Cadore"},"content":{"rendered":"<p data-path-to-node=\"3\">Selva di Val Gardena (BZ), 05\/09\/2026 &#8211;\u00a0Si \u00e8 concluso nei giorni scorsi un intenso corso alpinistico formativo che ha visto protagonisti 20 carabinieri, provenienti dai reparti speciali e territoriali dell\u2019Arma di tutta Italia. L\u2019addestramento si \u00e8 tenuto in contemporanea su due aliquote: una presso il Centro Carabinieri Addestramento Alpino di Selva di Val Gardena e l&#8217;altra al distaccamento di Auronzo di Cadore.<\/p>\n<p data-path-to-node=\"4\">Le attivit\u00e0 si sono svolte nelle suggestive e impegnative cornici delle Dolomiti, offrendo ai frequentatori l&#8217;opportunit\u00e0 di misurarsi con scenari naturali complessi. Guidato e diretto dagli istruttori militari di alpinismo del Centro, il percorso formativo ha unito teoria e pratica per preparare i militari a operare con prontezza ed efficacia in ambiente montano.<\/p>\n<p data-path-to-node=\"5\">Il programma ha spaziato tra scalate in montagna, manovre di corda e progressioni su ghiacciaio, affiancate da lezioni teoriche tenute nelle aule multimediali della struttura. Un valore aggiunto all&#8217;alta formazione \u00e8 arrivato dalla collaborazione con il personale della Croce Rossa Italiana, che ha curato le sessioni teoriche e pratiche di BLS-D (<i data-path-to-node=\"5\" data-index-in-node=\"348\">Basic Life Support Defibrillation<\/i>). Tale modulo ha permesso ai partecipanti di acquisire le competenze indispensabili per intervenire in sicurezza e tempestivit\u00e0 di fronte a qualsiasi emergenza medica in quota.<\/p>","protected":false},"excerpt":{"rendered":"<p>Selva di Val Gardena (BZ), 05\/09\/2026 &#8211;\u00a0Si \u00e8 concluso nei giorni scorsi un intenso corso alpinistico formativo che ha visto protagonisti 20 carabinieri, provenienti dai reparti speciali e territoriali dell\u2019Arma di tutta Italia. L\u2019addestramento si \u00e8 tenuto in contemporanea su due aliquote: una presso il Centro Carabinieri Addestramento Alpino di Selva di Val Gardena e [&hellip;]<\/p>\n","protected":false},"author":2,"featured_media":173151,"comment_status":"closed","ping_status":"open","sticky":false,"template":"","format":"standard","meta":{"footnotes":""},"categories":[8],"tags":[],"class_list":["post-173150","post","type-post","status-publish","format-standard","has-post-thumbnail","category-societa-istituzioni"],"yoast_head":"<!-- This site is optimized with the Yoast SEO plugin v28.4 - https:\/\/yoast.com\/product\/yoast-seo-wordpress\/ -->\n<title>Carabinieri: concluso il corso alpinistico formativo tra le Dolomiti della Val Gardena e Auronzo di Cadore - Bellunopress - Dolomiti<\/title>\n<meta name=\"robots\" content=\"index, follow, max-snippet:-1, max-image-preview:large, max-video-preview:-1\" \/>\n<link rel=\"canonical\" href=\"https:\/\/www.bellunopress.it\/fr\/2026\/09\/05\/carabinieri-concluso-il-corso-alpinistico-formativo-tra-le-dolomiti-della-val-gardena-e-auronzo-di-cadore\/\" \/>\n<meta property=\"og:locale\" content=\"fr_FR\" \/>\n<meta property=\"og:type\" content=\"article\" \/>\n<meta property=\"og:title\" content=\"Carabinieri: concluso il corso alpinistico formativo tra le Dolomiti della Val Gardena e Auronzo di Cadore - Bellunopress - Dolomiti\" \/>\n<meta property=\"og:description\" content=\"Selva di Val Gardena (BZ), 05\/09\/2026 &#8211;\u00a0Si \u00e8 concluso nei giorni scorsi un intenso corso alpinistico formativo che ha visto protagonisti 20 carabinieri, provenienti dai reparti speciali e territoriali dell\u2019Arma di tutta Italia. L\u2019addestramento si \u00e8 tenuto in contemporanea su due aliquote: una presso il Centro Carabinieri Addestramento Alpino di Selva di Val Gardena e [&hellip;]\" \/>\n<meta property=\"og:url\" content=\"https:\/\/www.bellunopress.it\/fr\/2026\/09\/05\/carabinieri-concluso-il-corso-alpinistico-formativo-tra-le-dolomiti-della-val-gardena-e-auronzo-di-cadore\/\" \/>\n<meta property=\"og:site_name\" content=\"Bellunopress - Dolomiti\" \/>\n<meta property=\"article:publisher\" content=\"https:\/\/www.facebook.com\/profile.php?id=100008943462799\" \/>\n<meta property=\"article:published_time\" content=\"2026-09-05T07:39:30+00:00\" \/>\n<meta property=\"og:image\" content=\"https:\/\/www.bellunopress.it\/wp-content\/uploads\/2026\/09\/Carabinieri-corso-alpinismo.jpg\" \/>\n\t<meta property=\"og:image:width\" content=\"335\" \/>\n\t<meta property=\"og:image:height\" content=\"500\" \/>\n\t<meta property=\"og:image:type\" content=\"image\/jpeg\" \/>\n<meta name=\"author\" content=\"redazione\" \/>\n<meta name=\"twitter:card\" content=\"summary_large_image\" \/>\n<meta name=\"twitter:creator\" content=\"@bellunopress\" \/>\n<meta name=\"twitter:site\" content=\"@bellunopress\" \/>\n<meta name=\"twitter:label1\" content=\"\u00c9crit par\" \/>\n\t<meta name=\"twitter:data1\" content=\"redazione\" \/>\n\t<meta name=\"twitter:label2\" content=\"Dur\u00e9e de lecture estim\u00e9e\" \/>\n\t<meta name=\"twitter:data2\" content=\"2 minutes\" \/>\n<script type=\"application\/ld+json\" class=\"yoast-schema-graph\">{\"@context\":\"https:\\\/\\\/schema.org\",\"@graph\":[{\"@type\":\"Article\",\"@id\":\"https:\\\/\\\/www.bellunopress.it\\\/2026\\\/09\\\/05\\\/carabinieri-concluso-il-corso-alpinistico-formativo-tra-le-dolomiti-della-val-gardena-e-auronzo-di-cadore\\\/#article\",\"isPartOf\":{\"@id\":\"https:\\\/\\\/www.bellunopress.it\\\/2026\\\/09\\\/05\\\/carabinieri-concluso-il-corso-alpinistico-formativo-tra-le-dolomiti-della-val-gardena-e-auronzo-di-cadore\\\/\"},\"author\":{\"name\":\"redazione\",\"@id\":\"https:\\\/\\\/www.bellunopress.it\\\/#\\\/schema\\\/person\\\/79bb06722b37ece1c03d3e94beb30d73\"},\"headline\":\"Carabinieri: concluso il corso alpinistico formativo tra le Dolomiti della Val Gardena e Auronzo di Cadore\",\"datePublished\":\"2026-09-05T07:39:30+00:00\",\"mainEntityOfPage\":{\"@id\":\"https:\\\/\\\/www.bellunopress.it\\\/2026\\\/09\\\/05\\\/carabinieri-concluso-il-corso-alpinistico-formativo-tra-le-dolomiti-della-val-gardena-e-auronzo-di-cadore\\\/\"},\"wordCount\":212,\"publisher\":{\"@id\":\"https:\\\/\\\/www.bellunopress.it\\\/#organization\"},\"image\":{\"@id\":\"https:\\\/\\\/www.bellunopress.it\\\/2026\\\/09\\\/05\\\/carabinieri-concluso-il-corso-alpinistico-formativo-tra-le-dolomiti-della-val-gardena-e-auronzo-di-cadore\\\/#primaryimage\"},\"thumbnailUrl\":\"https:\\\/\\\/www.bellunopress.it\\\/wp-content\\\/uploads\\\/2026\\\/09\\\/Carabinieri-corso-alpinismo.jpg\",\"articleSection\":[\"Societ\u00e0, Associazioni, Istituzioni\"],\"inLanguage\":\"fr-FR\"},{\"@type\":\"WebPage\",\"@id\":\"https:\\\/\\\/www.bellunopress.it\\\/2026\\\/09\\\/05\\\/carabinieri-concluso-il-corso-alpinistico-formativo-tra-le-dolomiti-della-val-gardena-e-auronzo-di-cadore\\\/\",\"url\":\"https:\\\/\\\/www.bellunopress.it\\\/2026\\\/09\\\/05\\\/carabinieri-concluso-il-corso-alpinistico-formativo-tra-le-dolomiti-della-val-gardena-e-auronzo-di-cadore\\\/\",\"name\":\"Carabinieri: concluso il corso alpinistico formativo tra le Dolomiti della Val Gardena e Auronzo di Cadore - Bellunopress - Dolomiti\",\"isPartOf\":{\"@id\":\"https:\\\/\\\/www.bellunopress.it\\\/#website\"},\"primaryImageOfPage\":{\"@id\":\"https:\\\/\\\/www.bellunopress.it\\\/2026\\\/09\\\/05\\\/carabinieri-concluso-il-corso-alpinistico-formativo-tra-le-dolomiti-della-val-gardena-e-auronzo-di-cadore\\\/#primaryimage\"},\"image\":{\"@id\":\"https:\\\/\\\/www.bellunopress.it\\\/2026\\\/09\\\/05\\\/carabinieri-concluso-il-corso-alpinistico-formativo-tra-le-dolomiti-della-val-gardena-e-auronzo-di-cadore\\\/#primaryimage\"},\"thumbnailUrl\":\"https:\\\/\\\/www.bellunopress.it\\\/wp-content\\\/uploads\\\/2026\\\/09\\\/Carabinieri-corso-alpinismo.jpg\",\"datePublished\":\"2026-09-05T07:39:30+00:00\",\"breadcrumb\":{\"@id\":\"https:\\\/\\\/www.bellunopress.it\\\/2026\\\/09\\\/05\\\/carabinieri-concluso-il-corso-alpinistico-formativo-tra-le-dolomiti-della-val-gardena-e-auronzo-di-cadore\\\/#breadcrumb\"},\"inLanguage\":\"fr-FR\",\"potentialAction\":[{\"@type\":\"ReadAction\",\"target\":[\"https:\\\/\\\/www.bellunopress.it\\\/2026\\\/09\\\/05\\\/carabinieri-concluso-il-corso-alpinistico-formativo-tra-le-dolomiti-della-val-gardena-e-auronzo-di-cadore\\\/\"]}]},{\"@type\":\"ImageObject\",\"inLanguage\":\"fr-FR\",\"@id\":\"https:\\\/\\\/www.bellunopress.it\\\/2026\\\/09\\\/05\\\/carabinieri-concluso-il-corso-alpinistico-formativo-tra-le-dolomiti-della-val-gardena-e-auronzo-di-cadore\\\/#primaryimage\",\"url\":\"https:\\\/\\\/www.bellunopress.it\\\/wp-content\\\/uploads\\\/2026\\\/09\\\/Carabinieri-corso-alpinismo.jpg\",\"contentUrl\":\"https:\\\/\\\/www.bellunopress.it\\\/wp-content\\\/uploads\\\/2026\\\/09\\\/Carabinieri-corso-alpinismo.jpg\",\"width\":335,\"height\":500},{\"@type\":\"BreadcrumbList\",\"@id\":\"https:\\\/\\\/www.bellunopress.it\\\/2026\\\/09\\\/05\\\/carabinieri-concluso-il-corso-alpinistico-formativo-tra-le-dolomiti-della-val-gardena-e-auronzo-di-cadore\\\/#breadcrumb\",\"itemListElement\":[{\"@type\":\"ListItem\",\"position\":1,\"name\":\"Home\",\"item\":\"https:\\\/\\\/www.bellunopress.it\\\/\"},{\"@type\":\"ListItem\",\"position\":2,\"name\":\"Carabinieri: concluso il corso alpinistico formativo tra le Dolomiti della Val Gardena e Auronzo di Cadore\"}]},{\"@type\":\"WebSite\",\"@id\":\"https:\\\/\\\/www.bellunopress.it\\\/#website\",\"url\":\"https:\\\/\\\/www.bellunopress.it\\\/\",\"name\":\"Bellunopress - Dolomiti\",\"description\":\"e-mail: redazione@bellunopress.it\",\"publisher\":{\"@id\":\"https:\\\/\\\/www.bellunopress.it\\\/#organization\"},\"potentialAction\":[{\"@type\":\"SearchAction\",\"target\":{\"@type\":\"EntryPoint\",\"urlTemplate\":\"https:\\\/\\\/www.bellunopress.it\\\/?s={search_term_string}\"},\"query-input\":{\"@type\":\"PropertyValueSpecification\",\"valueRequired\":true,\"valueName\":\"search_term_string\"}}],\"inLanguage\":\"fr-FR\"},{\"@type\":\"Organization\",\"@id\":\"https:\\\/\\\/www.bellunopress.it\\\/#organization\",\"name\":\"Bellunopress\",\"url\":\"https:\\\/\\\/www.bellunopress.it\\\/\",\"logo\":{\"@type\":\"ImageObject\",\"inLanguage\":\"fr-FR\",\"@id\":\"https:\\\/\\\/www.bellunopress.it\\\/#\\\/schema\\\/logo\\\/image\\\/\",\"url\":\"https:\\\/\\\/www.bellunopress.it\\\/wp-content\\\/uploads\\\/2011\\\/05\\\/cropped-logo-bellunopress-.jpg\",\"contentUrl\":\"https:\\\/\\\/www.bellunopress.it\\\/wp-content\\\/uploads\\\/2011\\\/05\\\/cropped-logo-bellunopress-.jpg\",\"width\":512,\"height\":512,\"caption\":\"Bellunopress\"},\"image\":{\"@id\":\"https:\\\/\\\/www.bellunopress.it\\\/#\\\/schema\\\/logo\\\/image\\\/\"},\"sameAs\":[\"https:\\\/\\\/www.facebook.com\\\/profile.php?id=100008943462799\",\"https:\\\/\\\/x.com\\\/bellunopress\",\"https:\\\/\\\/www.linkedin.com\\\/hp\\\/?dnr=JBzUWaJfMUw8vbXJJ2tVW5-I3jZKvC4wsoxE&amp;amp;amp;amp;amp;amp;trk=nav_responsive_tab_home\",\"https:\\\/\\\/www.youtube.com\\\/channel\\\/UCxL0wu1uN0_3_7hGG0306cw\"]},{\"@type\":\"Person\",\"@id\":\"https:\\\/\\\/www.bellunopress.it\\\/#\\\/schema\\\/person\\\/79bb06722b37ece1c03d3e94beb30d73\",\"name\":\"redazione\",\"image\":{\"@type\":\"ImageObject\",\"inLanguage\":\"fr-FR\",\"@id\":\"https:\\\/\\\/secure.gravatar.com\\\/avatar\\\/37d968a2e67a6fd04c169c4bdef102d0bc5d31b2546345219e348575eb80e9a0?s=96&d=mm&r=g\",\"url\":\"https:\\\/\\\/secure.gravatar.com\\\/avatar\\\/37d968a2e67a6fd04c169c4bdef102d0bc5d31b2546345219e348575eb80e9a0?s=96&d=mm&r=g\",\"contentUrl\":\"https:\\\/\\\/secure.gravatar.com\\\/avatar\\\/37d968a2e67a6fd04c169c4bdef102d0bc5d31b2546345219e348575eb80e9a0?s=96&d=mm&r=g\",\"caption\":\"redazione\"},\"sameAs\":[\"http:\\\/\\\/www.bellunopress.it\",\"https:\\\/\\\/x.com\\\/bellunopress\"],\"url\":\"https:\\\/\\\/www.bellunopress.it\\\/fr\\\/author\\\/redazione\\\/\"}]}<\/script>\n<!-- \/ Yoast SEO plugin. -->","yoast_head_json":{"title":"Carabinieri: concluso il corso alpinistico formativo tra le Dolomiti della Val Gardena e Auronzo di Cadore - Bellunopress - Dolomiti","robots":{"index":"index","follow":"follow","max-snippet":"max-snippet:-1","max-image-preview":"max-image-preview:large","max-video-preview":"max-video-preview:-1"},"canonical":"https:\/\/www.bellunopress.it\/fr\/2026\/09\/05\/carabinieri-concluso-il-corso-alpinistico-formativo-tra-le-dolomiti-della-val-gardena-e-auronzo-di-cadore\/","og_locale":"fr_FR","og_type":"article","og_title":"Carabinieri: concluso il corso alpinistico formativo tra le Dolomiti della Val Gardena e Auronzo di Cadore - Bellunopress - Dolomiti","og_description":"Selva di Val Gardena (BZ), 05\/09\/2026 &#8211;\u00a0Si \u00e8 concluso nei giorni scorsi un intenso corso alpinistico formativo che ha visto protagonisti 20 carabinieri, provenienti dai reparti speciali e territoriali dell\u2019Arma di tutta Italia. L\u2019addestramento si \u00e8 tenuto in contemporanea su due aliquote: una presso il Centro Carabinieri Addestramento Alpino di Selva di Val Gardena e [&hellip;]","og_url":"https:\/\/www.bellunopress.it\/fr\/2026\/09\/05\/carabinieri-concluso-il-corso-alpinistico-formativo-tra-le-dolomiti-della-val-gardena-e-auronzo-di-cadore\/","og_site_name":"Bellunopress - Dolomiti","article_publisher":"https:\/\/www.facebook.com\/profile.php?id=100008943462799","article_published_time":"2026-09-05T07:39:30+00:00","og_image":[{"width":335,"height":500,"url":"https:\/\/www.bellunopress.it\/wp-content\/uploads\/2026\/09\/Carabinieri-corso-alpinismo.jpg","type":"image\/jpeg"}],"author":"redazione","twitter_card":"summary_large_image","twitter_creator":"@bellunopress","twitter_site":"@bellunopress","twitter_misc":{"\u00c9crit par":"redazione","Dur\u00e9e de lecture estim\u00e9e":"2 minutes"},"schema":{"@context":"https:\/\/schema.org","@graph":[{"@type":"Article","@id":"https:\/\/www.bellunopress.it\/2026\/09\/05\/carabinieri-concluso-il-corso-alpinistico-formativo-tra-le-dolomiti-della-val-gardena-e-auronzo-di-cadore\/#article","isPartOf":{"@id":"https:\/\/www.bellunopress.it\/2026\/09\/05\/carabinieri-concluso-il-corso-alpinistico-formativo-tra-le-dolomiti-della-val-gardena-e-auronzo-di-cadore\/"},"author":{"name":"redazione","@id":"https:\/\/www.bellunopress.it\/#\/schema\/person\/79bb06722b37ece1c03d3e94beb30d73"},"headline":"Carabinieri: concluso il corso alpinistico formativo tra le Dolomiti della Val Gardena e Auronzo di Cadore","datePublished":"2026-09-05T07:39:30+00:00","mainEntityOfPage":{"@id":"https:\/\/www.bellunopress.it\/2026\/09\/05\/carabinieri-concluso-il-corso-alpinistico-formativo-tra-le-dolomiti-della-val-gardena-e-auronzo-di-cadore\/"},"wordCount":212,"publisher":{"@id":"https:\/\/www.bellunopress.it\/#organization"},"image":{"@id":"https:\/\/www.bellunopress.it\/2026\/09\/05\/carabinieri-concluso-il-corso-alpinistico-formativo-tra-le-dolomiti-della-val-gardena-e-auronzo-di-cadore\/#primaryimage"},"thumbnailUrl":"https:\/\/www.bellunopress.it\/wp-content\/uploads\/2026\/09\/Carabinieri-corso-alpinismo.jpg","articleSection":["Societ\u00e0, Associazioni, Istituzioni"],"inLanguage":"fr-FR"},{"@type":"WebPage","@id":"https:\/\/www.bellunopress.it\/2026\/09\/05\/carabinieri-concluso-il-corso-alpinistico-formativo-tra-le-dolomiti-della-val-gardena-e-auronzo-di-cadore\/","url":"https:\/\/www.bellunopress.it\/2026\/09\/05\/carabinieri-concluso-il-corso-alpinistico-formativo-tra-le-dolomiti-della-val-gardena-e-auronzo-di-cadore\/","name":"Carabinieri: concluso il corso alpinistico formativo tra le Dolomiti della Val Gardena e Auronzo di Cadore - Bellunopress - Dolomiti","isPartOf":{"@id":"https:\/\/www.bellunopress.it\/#website"},"primaryImageOfPage":{"@id":"https:\/\/www.bellunopress.it\/2026\/09\/05\/carabinieri-concluso-il-corso-alpinistico-formativo-tra-le-dolomiti-della-val-gardena-e-auronzo-di-cadore\/#primaryimage"},"image":{"@id":"https:\/\/www.bellunopress.it\/2026\/09\/05\/carabinieri-concluso-il-corso-alpinistico-formativo-tra-le-dolomiti-della-val-gardena-e-auronzo-di-cadore\/#primaryimage"},"thumbnailUrl":"https:\/\/www.bellunopress.it\/wp-content\/uploads\/2026\/09\/Carabinieri-corso-alpinismo.jpg","datePublished":"2026-09-05T07:39:30+00:00","breadcrumb":{"@id":"https:\/\/www.bellunopress.it\/2026\/09\/05\/carabinieri-concluso-il-corso-alpinistico-formativo-tra-le-dolomiti-della-val-gardena-e-auronzo-di-cadore\/#breadcrumb"},"inLanguage":"fr-FR","potentialAction":[{"@type":"ReadAction","target":["https:\/\/www.bellunopress.it\/2026\/09\/05\/carabinieri-concluso-il-corso-alpinistico-formativo-tra-le-dolomiti-della-val-gardena-e-auronzo-di-cadore\/"]}]},{"@type":"ImageObject","inLanguage":"fr-FR","@id":"https:\/\/www.bellunopress.it\/2026\/09\/05\/carabinieri-concluso-il-corso-alpinistico-formativo-tra-le-dolomiti-della-val-gardena-e-auronzo-di-cadore\/#primaryimage","url":"https:\/\/www.bellunopress.it\/wp-content\/uploads\/2026\/09\/Carabinieri-corso-alpinismo.jpg","contentUrl":"https:\/\/www.bellunopress.it\/wp-content\/uploads\/2026\/09\/Carabinieri-corso-alpinismo.jpg","width":335,"height":500},{"@type":"BreadcrumbList","@id":"https:\/\/www.bellunopress.it\/2026\/09\/05\/carabinieri-concluso-il-corso-alpinistico-formativo-tra-le-dolomiti-della-val-gardena-e-auronzo-di-cadore\/#breadcrumb","itemListElement":[{"@type":"ListItem","position":1,"name":"Home","item":"https:\/\/www.bellunopress.it\/"},{"@type":"ListItem","position":2,"name":"Carabinieri: concluso il corso alpinistico formativo tra le Dolomiti della Val Gardena e Auronzo di Cadore"}]},{"@type":"WebSite","@id":"https:\/\/www.bellunopress.it\/#website","url":"https:\/\/www.bellunopress.it\/","name":"Bellunopress - Dolomiti","description":"e-mail: redazione@bellunopress.it","publisher":{"@id":"https:\/\/www.bellunopress.it\/#organization"},"potentialAction":[{"@type":"SearchAction","target":{"@type":"EntryPoint","urlTemplate":"https:\/\/www.bellunopress.it\/?s={search_term_string}"},"query-input":{"@type":"PropertyValueSpecification","valueRequired":true,"valueName":"search_term_string"}}],"inLanguage":"fr-FR"},{"@type":"Organization","@id":"https:\/\/www.bellunopress.it\/#organization","name":"Bellunopress","url":"https:\/\/www.bellunopress.it\/","logo":{"@type":"ImageObject","inLanguage":"fr-FR","@id":"https:\/\/www.bellunopress.it\/#\/schema\/logo\/image\/","url":"https:\/\/www.bellunopress.it\/wp-content\/uploads\/2011\/05\/cropped-logo-bellunopress-.jpg","contentUrl":"https:\/\/www.bellunopress.it\/wp-content\/uploads\/2011\/05\/cropped-logo-bellunopress-.jpg","width":512,"height":512,"caption":"Bellunopress"},"image":{"@id":"https:\/\/www.bellunopress.it\/#\/schema\/logo\/image\/"},"sameAs":["https:\/\/www.facebook.com\/profile.php?id=100008943462799","https:\/\/x.com\/bellunopress","https:\/\/www.linkedin.com\/hp\/?dnr=JBzUWaJfMUw8vbXJJ2tVW5-I3jZKvC4wsoxE&amp;amp;amp;amp;amp;amp;trk=nav_responsive_tab_home","https:\/\/www.youtube.com\/channel\/UCxL0wu1uN0_3_7hGG0306cw"]},{"@type":"Person","@id":"https:\/\/www.bellunopress.it\/#\/schema\/person\/79bb06722b37ece1c03d3e94beb30d73","name":"r\u00e9daction","image":{"@type":"ImageObject","inLanguage":"fr-FR","@id":"https:\/\/secure.gravatar.com\/avatar\/37d968a2e67a6fd04c169c4bdef102d0bc5d31b2546345219e348575eb80e9a0?s=96&d=mm&r=g","url":"https:\/\/secure.gravatar.com\/avatar\/37d968a2e67a6fd04c169c4bdef102d0bc5d31b2546345219e348575eb80e9a0?s=96&d=mm&r=g","contentUrl":"https:\/\/secure.gravatar.com\/avatar\/37d968a2e67a6fd04c169c4bdef102d0bc5d31b2546345219e348575eb80e9a0?s=96&d=mm&r=g","caption":"redazione"},"sameAs":["http:\/\/www.bellunopress.it","https:\/\/x.com\/bellunopress"],"url":"https:\/\/www.bellunopress.it\/fr\/author\/redazione\/"}]}},"_links":{"self":[{"href":"https:\/\/www.bellunopress.it\/fr\/wp-json\/wp\/v2\/posts\/173150","targetHints":{"allow":["GET"]}}],"collection":[{"href":"https:\/\/www.bellunopress.it\/fr\/wp-json\/wp\/v2\/posts"}],"about":[{"href":"https:\/\/www.bellunopress.it\/fr\/wp-json\/wp\/v2\/types\/post"}],"author":[{"embeddable":true,"href":"https:\/\/www.bellunopress.it\/fr\/wp-json\/wp\/v2\/users\/2"}],"replies":[{"embeddable":true,"href":"https:\/\/www.bellunopress.it\/fr\/wp-json\/wp\/v2\/comments?post=173150"}],"version-history":[{"count":1,"href":"https:\/\/www.bellunopress.it\/fr\/wp-json\/wp\/v2\/posts\/173150\/revisions"}],"predecessor-version":[{"id":173152,"href":"https:\/\/www.bellunopress.it\/fr\/wp-json\/wp\/v2\/posts\/173150\/revisions\/173152"}],"wp:featuredmedia":[{"embeddable":true,"href":"https:\/\/www.bellunopress.it\/fr\/wp-json\/wp\/v2\/media\/173151"}],"wp:attachment":[{"href":"https:\/\/www.bellunopress.it\/fr\/wp-json\/wp\/v2\/media?parent=173150"}],"wp:term":[{"taxonomy":"category","embeddable":true,"href":"https:\/\/www.bellunopress.it\/fr\/wp-json\/wp\/v2\/categories?post=173150"},{"taxonomy":"post_tag","embeddable":true,"href":"https:\/\/www.bellunopress.it\/fr\/wp-json\/wp\/v2\/tags?post=173150"}],"curies":[{"name":"wp","href":"https:\/\/api.w.org\/{rel}","templated":true}]}}