{"id":173138,"date":"2026-09-04T16:32:51","date_gmt":"2026-09-04T14:32:51","guid":{"rendered":"https:\/\/www.bellunopress.it\/?p=173138"},"modified":"2026-09-04T16:33:12","modified_gmt":"2026-09-04T14:33:12","slug":"feltre-approvato-il-progetto-di-completamento-dei-palazzetti-cingolani","status":"publish","type":"post","link":"https:\/\/www.bellunopress.it\/fr\/2026\/09\/04\/feltre-approvato-il-progetto-di-completamento-dei-palazzetti-cingolani\/","title":{"rendered":"Feltre : approuv\u00e9 le projet d'ach\u00e8vement des Palazzetti Cingolani"},"content":{"rendered":"<p>Feltre, 04\/09\/2026 &#8211; Previsti il consolidamento di una colonna e nuovi serramenti sul fronte sud Approvato nei giorni scorsi in sede di Giunta il progetto esecutivo per il completamento dei lavori ai Palazzetti Bovio-Da Romagno, conosciuti come<br \/>\nPalazzetti Cingolani.<\/p>\n<p>Due gli interventi previsti, per un valore complessivo di 76 mila euro di cui 31.300 euro finanziati nell\u2019ambito del bando \u201cFondo Sviluppo e Coesione (FSC) 2021-2027. Accordo per la coesione tra il Governo e la Regione del Veneto &#8211; Area tematica n. 06 Cultura &#8211; Linea di intervento n 06.01 Patrimonio e Paesaggio\u201d. Si prevede il consolidamento della colonna numero 5 del porticato sul fronte nord e la realizzazione dei serramenti esterni al piano seminterrato sul fronte sud, opere che consentiranno di completare il percorso di miglioramento strutturale e recupero dell\u2019edificio e di arrivare a una pi\u00f9 completa fruibilit\u00e0 degli spazi. \u201cCon questo progetto andiamo a completare un percorso importante che negli ultimi anni ha interessato in maniera profonda uno degli edifici storici pi\u00f9 riconoscibili del centro \u2013 commenta il sindaco Viviana Fusaro \u2013. Interveniamo oggi su due aspetti puntuali, ma necessari per portare a compimento il lavoro gi\u00e0 realizzato e per continuare a garantire sicurezza, tutela e funzionalit\u00e0 a un immobile di grande valore per la Citt\u00e0\u201d.<\/p>\n<p>I PROSSIMI INTERVENTI<br \/>\nIl primo intervento riguarda la colonna numero 5 del porticato nord, sulla quale, durante l\u2019esecuzione degli ultimi lavori, era emerso un quadro fessurativo pi\u00f9 grave rispetto a quello rilevato nelle precedenti indagini. In attesa dell\u2019intervento definitivo sono state mantenute le puntellazioni lignee sugli archi che inquadrano la colonna ed \u00e8 stato predisposto un sistema di cerchiature aggiuntivo, cos\u00ec da garantirne la sicurezza statica e sismica.<br \/>\nIl consolidamento sar\u00e0 realizzato con la stessa tecnica gi\u00e0 utilizzata sulle colonne 2, 3 e 4: la colonna verr\u00e0 smontata, previa puntellazione, sar\u00e0 inserito al suo interno un profilo metallico mediante carotaggio e l\u2019elemento verr\u00e0 quindi rimontato, preservando le cornici in pietra dell\u2019arco. Sono previsti inoltre ilripristino delle murature e dei tiranti esistenti e il restauro degli elementi lapidei della colonna, dal basamento al capitello. Al termine dell\u2019intervento sar\u00e0 possibile rimuovere le puntellazioni lignee oggi ancora presenti.<br \/>\nLa seconda parte del progetto interessa invece il piano seminterrato sul fronte sud, affacciato su via Lusa. Alcuni accessi ai vani tecnici e agli ambienti accessori risultano infatti ancora privi di serramenti definitivi o dotati di soluzioni provvisorie. Il progetto prevede quindi il completamento del fronte attraverso la posa dei nuovi serramenti, con l\u2019obiettivo di proteggere gli accessi e rendere nuovamente utilizzabili gli spazi del piano seminterrato oggi inutilizzati.<\/p>\n<p>\u201cIl consolidamento della colonna 5 \u00e8 un intervento particolarmente delicato dal punto di vista tecnico, perch\u00e9 riguarda un elemento storico del porticato e richiede di coniugare esigenze strutturali e conservazione \u2013 aggiunge l\u2019assessore ai Lavori pubblici Andrea Bona \u2013. La tecnica individuata \u00e8 la stessa gi\u00e0 utilizzata con successo sulle altre colonne interessate dai precedenti lavori.<br \/>\nContestualmente completeremo anche i serramenti sul fronte sud, rendendo pi\u00f9 funzionali gli spazi del piano seminterrato\u201d.<\/p>\n<p>GLI ALTRI INTERVENTI<br \/>\nIl progetto approvato rappresenta il completamento di un intervento pi\u00f9 ampio avviato negli anni scorsi. Tra gennaio 2024 e aprile 2025, infatti, i Palazzetti Cingolani erano stati interessati da un articolato programma di miglioramento strutturale e sismico che aveva coinvolto l\u2019intero edificio, dal piano seminterrato fino alla copertura.<br \/>\nGli interventi hanno riguardato, tra gli altri, la realizzazione di setti e contropareti di rinforzo, nuovi portali e strutture in acciaio, il consolidamento di murature, solai e travi, il rinforzo delle colonne del porticato nord e dei pilastri sul prospetto sud, il restauro del poggiolo sul fronte sud e gli interventi sulla copertura. Sul tetto sono stati eseguiti la posa della membrana semi<br \/>\ntraspirante, il rifacimento del manto con recupero dei coppi esistenti dove possibile, la manutenzione delle lattonerie e l\u2019installazione di fermaneve e linea vita.<\/p>","protected":false},"excerpt":{"rendered":"<p>Feltre, 04\/09\/2026 &#8211; Previsti il consolidamento di una colonna e nuovi serramenti sul fronte sud Approvato nei giorni scorsi in sede di Giunta il progetto esecutivo per il completamento dei lavori ai Palazzetti Bovio-Da Romagno, conosciuti come Palazzetti Cingolani. Due gli interventi previsti, per un valore complessivo di 76 mila euro di cui 31.300 euro [&hellip;]<\/p>\n","protected":false},"author":2,"featured_media":146819,"comment_status":"closed","ping_status":"open","sticky":false,"template":"","format":"standard","meta":{"footnotes":""},"categories":[5,26],"tags":[],"class_list":["post-173138","post","type-post","status-publish","format-standard","has-post-thumbnail","category-cronaca","category-prima-pagina"],"yoast_head":"<!-- This site is optimized with the Yoast SEO plugin v28.4 - https:\/\/yoast.com\/product\/yoast-seo-wordpress\/ -->\n<title>Feltre. Approvato il progetto di completamento dei Palazzetti Cingolani - Bellunopress - Dolomiti<\/title>\n<meta name=\"robots\" content=\"index, follow, max-snippet:-1, max-image-preview:large, max-video-preview:-1\" \/>\n<link rel=\"canonical\" href=\"https:\/\/www.bellunopress.it\/fr\/2026\/09\/04\/feltre-approvato-il-progetto-di-completamento-dei-palazzetti-cingolani\/\" \/>\n<meta property=\"og:locale\" content=\"fr_FR\" \/>\n<meta property=\"og:type\" content=\"article\" \/>\n<meta property=\"og:title\" content=\"Feltre. Approvato il progetto di completamento dei Palazzetti Cingolani - Bellunopress - Dolomiti\" \/>\n<meta property=\"og:description\" content=\"Feltre, 04\/09\/2026 &#8211; Previsti il consolidamento di una colonna e nuovi serramenti sul fronte sud Approvato nei giorni scorsi in sede di Giunta il progetto esecutivo per il completamento dei lavori ai Palazzetti Bovio-Da Romagno, conosciuti come Palazzetti Cingolani. Due gli interventi previsti, per un valore complessivo di 76 mila euro di cui 31.300 euro [&hellip;]\" \/>\n<meta property=\"og:url\" content=\"https:\/\/www.bellunopress.it\/fr\/2026\/09\/04\/feltre-approvato-il-progetto-di-completamento-dei-palazzetti-cingolani\/\" \/>\n<meta property=\"og:site_name\" content=\"Bellunopress - Dolomiti\" \/>\n<meta property=\"article:publisher\" content=\"https:\/\/www.facebook.com\/profile.php?id=100008943462799\" \/>\n<meta property=\"article:published_time\" content=\"2026-09-04T14:32:51+00:00\" \/>\n<meta property=\"article:modified_time\" content=\"2026-09-04T14:33:12+00:00\" \/>\n<meta property=\"og:image\" content=\"https:\/\/www.bellunopress.it\/wp-content\/uploads\/2023\/12\/Palazzetti-Cingolani_edited.jpg\" \/>\n\t<meta property=\"og:image:width\" content=\"1000\" \/>\n\t<meta property=\"og:image:height\" content=\"563\" \/>\n\t<meta property=\"og:image:type\" content=\"image\/jpeg\" \/>\n<meta name=\"author\" content=\"redazione\" \/>\n<meta name=\"twitter:card\" content=\"summary_large_image\" \/>\n<meta name=\"twitter:creator\" content=\"@bellunopress\" \/>\n<meta name=\"twitter:site\" content=\"@bellunopress\" \/>\n<meta name=\"twitter:label1\" content=\"Written by\" \/>\n\t<meta name=\"twitter:data1\" content=\"redazione\" \/>\n\t<meta name=\"twitter:label2\" content=\"Est. reading time\" \/>\n\t<meta name=\"twitter:data2\" content=\"4 minutes\" \/>\n<script type=\"application\/ld+json\" class=\"yoast-schema-graph\">{\"@context\":\"https:\\\/\\\/schema.org\",\"@graph\":[{\"@type\":\"Article\",\"@id\":\"https:\\\/\\\/www.bellunopress.it\\\/2026\\\/09\\\/04\\\/feltre-approvato-il-progetto-di-completamento-dei-palazzetti-cingolani\\\/#article\",\"isPartOf\":{\"@id\":\"https:\\\/\\\/www.bellunopress.it\\\/2026\\\/09\\\/04\\\/feltre-approvato-il-progetto-di-completamento-dei-palazzetti-cingolani\\\/\"},\"author\":{\"name\":\"redazione\",\"@id\":\"https:\\\/\\\/www.bellunopress.it\\\/#\\\/schema\\\/person\\\/79bb06722b37ece1c03d3e94beb30d73\"},\"headline\":\"Feltre. Approvato il progetto di completamento dei Palazzetti Cingolani\",\"datePublished\":\"2026-09-04T14:32:51+00:00\",\"dateModified\":\"2026-09-04T14:33:12+00:00\",\"mainEntityOfPage\":{\"@id\":\"https:\\\/\\\/www.bellunopress.it\\\/2026\\\/09\\\/04\\\/feltre-approvato-il-progetto-di-completamento-dei-palazzetti-cingolani\\\/\"},\"wordCount\":630,\"publisher\":{\"@id\":\"https:\\\/\\\/www.bellunopress.it\\\/#organization\"},\"image\":{\"@id\":\"https:\\\/\\\/www.bellunopress.it\\\/2026\\\/09\\\/04\\\/feltre-approvato-il-progetto-di-completamento-dei-palazzetti-cingolani\\\/#primaryimage\"},\"thumbnailUrl\":\"https:\\\/\\\/www.bellunopress.it\\\/wp-content\\\/uploads\\\/2023\\\/12\\\/Palazzetti-Cingolani_edited.jpg\",\"articleSection\":[\"Cronaca\\\/Politica\",\"Prima Pagina\"],\"inLanguage\":\"fr-FR\"},{\"@type\":\"WebPage\",\"@id\":\"https:\\\/\\\/www.bellunopress.it\\\/2026\\\/09\\\/04\\\/feltre-approvato-il-progetto-di-completamento-dei-palazzetti-cingolani\\\/\",\"url\":\"https:\\\/\\\/www.bellunopress.it\\\/2026\\\/09\\\/04\\\/feltre-approvato-il-progetto-di-completamento-dei-palazzetti-cingolani\\\/\",\"name\":\"Feltre. Approvato il progetto di completamento dei Palazzetti Cingolani - Bellunopress - Dolomiti\",\"isPartOf\":{\"@id\":\"https:\\\/\\\/www.bellunopress.it\\\/#website\"},\"primaryImageOfPage\":{\"@id\":\"https:\\\/\\\/www.bellunopress.it\\\/2026\\\/09\\\/04\\\/feltre-approvato-il-progetto-di-completamento-dei-palazzetti-cingolani\\\/#primaryimage\"},\"image\":{\"@id\":\"https:\\\/\\\/www.bellunopress.it\\\/2026\\\/09\\\/04\\\/feltre-approvato-il-progetto-di-completamento-dei-palazzetti-cingolani\\\/#primaryimage\"},\"thumbnailUrl\":\"https:\\\/\\\/www.bellunopress.it\\\/wp-content\\\/uploads\\\/2023\\\/12\\\/Palazzetti-Cingolani_edited.jpg\",\"datePublished\":\"2026-09-04T14:32:51+00:00\",\"dateModified\":\"2026-09-04T14:33:12+00:00\",\"breadcrumb\":{\"@id\":\"https:\\\/\\\/www.bellunopress.it\\\/2026\\\/09\\\/04\\\/feltre-approvato-il-progetto-di-completamento-dei-palazzetti-cingolani\\\/#breadcrumb\"},\"inLanguage\":\"fr-FR\",\"potentialAction\":[{\"@type\":\"ReadAction\",\"target\":[\"https:\\\/\\\/www.bellunopress.it\\\/2026\\\/09\\\/04\\\/feltre-approvato-il-progetto-di-completamento-dei-palazzetti-cingolani\\\/\"]}]},{\"@type\":\"ImageObject\",\"inLanguage\":\"fr-FR\",\"@id\":\"https:\\\/\\\/www.bellunopress.it\\\/2026\\\/09\\\/04\\\/feltre-approvato-il-progetto-di-completamento-dei-palazzetti-cingolani\\\/#primaryimage\",\"url\":\"https:\\\/\\\/www.bellunopress.it\\\/wp-content\\\/uploads\\\/2023\\\/12\\\/Palazzetti-Cingolani_edited.jpg\",\"contentUrl\":\"https:\\\/\\\/www.bellunopress.it\\\/wp-content\\\/uploads\\\/2023\\\/12\\\/Palazzetti-Cingolani_edited.jpg\",\"width\":1000,\"height\":563,\"caption\":\"Palazzetti Cingolani, Bovio-Da Romagno\"},{\"@type\":\"BreadcrumbList\",\"@id\":\"https:\\\/\\\/www.bellunopress.it\\\/2026\\\/09\\\/04\\\/feltre-approvato-il-progetto-di-completamento-dei-palazzetti-cingolani\\\/#breadcrumb\",\"itemListElement\":[{\"@type\":\"ListItem\",\"position\":1,\"name\":\"Home\",\"item\":\"https:\\\/\\\/www.bellunopress.it\\\/\"},{\"@type\":\"ListItem\",\"position\":2,\"name\":\"Feltre. Approvato il progetto di completamento dei Palazzetti Cingolani\"}]},{\"@type\":\"WebSite\",\"@id\":\"https:\\\/\\\/www.bellunopress.it\\\/#website\",\"url\":\"https:\\\/\\\/www.bellunopress.it\\\/\",\"name\":\"Bellunopress - Dolomiti\",\"description\":\"e-mail: redazione@bellunopress.it\",\"publisher\":{\"@id\":\"https:\\\/\\\/www.bellunopress.it\\\/#organization\"},\"potentialAction\":[{\"@type\":\"SearchAction\",\"target\":{\"@type\":\"EntryPoint\",\"urlTemplate\":\"https:\\\/\\\/www.bellunopress.it\\\/?s={search_term_string}\"},\"query-input\":{\"@type\":\"PropertyValueSpecification\",\"valueRequired\":true,\"valueName\":\"search_term_string\"}}],\"inLanguage\":\"fr-FR\"},{\"@type\":\"Organization\",\"@id\":\"https:\\\/\\\/www.bellunopress.it\\\/#organization\",\"name\":\"Bellunopress\",\"url\":\"https:\\\/\\\/www.bellunopress.it\\\/\",\"logo\":{\"@type\":\"ImageObject\",\"inLanguage\":\"fr-FR\",\"@id\":\"https:\\\/\\\/www.bellunopress.it\\\/#\\\/schema\\\/logo\\\/image\\\/\",\"url\":\"https:\\\/\\\/www.bellunopress.it\\\/wp-content\\\/uploads\\\/2011\\\/05\\\/cropped-logo-bellunopress-.jpg\",\"contentUrl\":\"https:\\\/\\\/www.bellunopress.it\\\/wp-content\\\/uploads\\\/2011\\\/05\\\/cropped-logo-bellunopress-.jpg\",\"width\":512,\"height\":512,\"caption\":\"Bellunopress\"},\"image\":{\"@id\":\"https:\\\/\\\/www.bellunopress.it\\\/#\\\/schema\\\/logo\\\/image\\\/\"},\"sameAs\":[\"https:\\\/\\\/www.facebook.com\\\/profile.php?id=100008943462799\",\"https:\\\/\\\/x.com\\\/bellunopress\",\"https:\\\/\\\/www.linkedin.com\\\/hp\\\/?dnr=JBzUWaJfMUw8vbXJJ2tVW5-I3jZKvC4wsoxE&amp;amp;amp;amp;amp;amp;trk=nav_responsive_tab_home\",\"https:\\\/\\\/www.youtube.com\\\/channel\\\/UCxL0wu1uN0_3_7hGG0306cw\"]},{\"@type\":\"Person\",\"@id\":\"https:\\\/\\\/www.bellunopress.it\\\/#\\\/schema\\\/person\\\/79bb06722b37ece1c03d3e94beb30d73\",\"name\":\"redazione\",\"image\":{\"@type\":\"ImageObject\",\"inLanguage\":\"fr-FR\",\"@id\":\"https:\\\/\\\/secure.gravatar.com\\\/avatar\\\/37d968a2e67a6fd04c169c4bdef102d0bc5d31b2546345219e348575eb80e9a0?s=96&d=mm&r=g\",\"url\":\"https:\\\/\\\/secure.gravatar.com\\\/avatar\\\/37d968a2e67a6fd04c169c4bdef102d0bc5d31b2546345219e348575eb80e9a0?s=96&d=mm&r=g\",\"contentUrl\":\"https:\\\/\\\/secure.gravatar.com\\\/avatar\\\/37d968a2e67a6fd04c169c4bdef102d0bc5d31b2546345219e348575eb80e9a0?s=96&d=mm&r=g\",\"caption\":\"redazione\"},\"sameAs\":[\"http:\\\/\\\/www.bellunopress.it\",\"https:\\\/\\\/x.com\\\/bellunopress\"],\"url\":\"https:\\\/\\\/www.bellunopress.it\\\/fr\\\/author\\\/redazione\\\/\"}]}<\/script>\n<!-- \/ Yoast SEO plugin. -->","yoast_head_json":{"title":"Feltre. Approvato il progetto di completamento dei Palazzetti Cingolani - Bellunopress - Dolomiti","robots":{"index":"index","follow":"follow","max-snippet":"max-snippet:-1","max-image-preview":"max-image-preview:large","max-video-preview":"max-video-preview:-1"},"canonical":"https:\/\/www.bellunopress.it\/fr\/2026\/09\/04\/feltre-approvato-il-progetto-di-completamento-dei-palazzetti-cingolani\/","og_locale":"fr_FR","og_type":"article","og_title":"Feltre. Approvato il progetto di completamento dei Palazzetti Cingolani - Bellunopress - Dolomiti","og_description":"Feltre, 04\/09\/2026 &#8211; Previsti il consolidamento di una colonna e nuovi serramenti sul fronte sud Approvato nei giorni scorsi in sede di Giunta il progetto esecutivo per il completamento dei lavori ai Palazzetti Bovio-Da Romagno, conosciuti come Palazzetti Cingolani. Due gli interventi previsti, per un valore complessivo di 76 mila euro di cui 31.300 euro [&hellip;]","og_url":"https:\/\/www.bellunopress.it\/fr\/2026\/09\/04\/feltre-approvato-il-progetto-di-completamento-dei-palazzetti-cingolani\/","og_site_name":"Bellunopress - Dolomiti","article_publisher":"https:\/\/www.facebook.com\/profile.php?id=100008943462799","article_published_time":"2026-09-04T14:32:51+00:00","article_modified_time":"2026-09-04T14:33:12+00:00","og_image":[{"width":1000,"height":563,"url":"https:\/\/www.bellunopress.it\/wp-content\/uploads\/2023\/12\/Palazzetti-Cingolani_edited.jpg","type":"image\/jpeg"}],"author":"redazione","twitter_card":"summary_large_image","twitter_creator":"@bellunopress","twitter_site":"@bellunopress","twitter_misc":{"Written by":"redazione","Est. reading time":"4 minutes"},"schema":{"@context":"https:\/\/schema.org","@graph":[{"@type":"Article","@id":"https:\/\/www.bellunopress.it\/2026\/09\/04\/feltre-approvato-il-progetto-di-completamento-dei-palazzetti-cingolani\/#article","isPartOf":{"@id":"https:\/\/www.bellunopress.it\/2026\/09\/04\/feltre-approvato-il-progetto-di-completamento-dei-palazzetti-cingolani\/"},"author":{"name":"redazione","@id":"https:\/\/www.bellunopress.it\/#\/schema\/person\/79bb06722b37ece1c03d3e94beb30d73"},"headline":"Feltre. Approvato il progetto di completamento dei Palazzetti Cingolani","datePublished":"2026-09-04T14:32:51+00:00","dateModified":"2026-09-04T14:33:12+00:00","mainEntityOfPage":{"@id":"https:\/\/www.bellunopress.it\/2026\/09\/04\/feltre-approvato-il-progetto-di-completamento-dei-palazzetti-cingolani\/"},"wordCount":630,"publisher":{"@id":"https:\/\/www.bellunopress.it\/#organization"},"image":{"@id":"https:\/\/www.bellunopress.it\/2026\/09\/04\/feltre-approvato-il-progetto-di-completamento-dei-palazzetti-cingolani\/#primaryimage"},"thumbnailUrl":"https:\/\/www.bellunopress.it\/wp-content\/uploads\/2023\/12\/Palazzetti-Cingolani_edited.jpg","articleSection":["Cronaca\/Politica","Prima Pagina"],"inLanguage":"fr-FR"},{"@type":"WebPage","@id":"https:\/\/www.bellunopress.it\/2026\/09\/04\/feltre-approvato-il-progetto-di-completamento-dei-palazzetti-cingolani\/","url":"https:\/\/www.bellunopress.it\/2026\/09\/04\/feltre-approvato-il-progetto-di-completamento-dei-palazzetti-cingolani\/","name":"Feltre. Approvato il progetto di completamento dei Palazzetti Cingolani - Bellunopress - Dolomiti","isPartOf":{"@id":"https:\/\/www.bellunopress.it\/#website"},"primaryImageOfPage":{"@id":"https:\/\/www.bellunopress.it\/2026\/09\/04\/feltre-approvato-il-progetto-di-completamento-dei-palazzetti-cingolani\/#primaryimage"},"image":{"@id":"https:\/\/www.bellunopress.it\/2026\/09\/04\/feltre-approvato-il-progetto-di-completamento-dei-palazzetti-cingolani\/#primaryimage"},"thumbnailUrl":"https:\/\/www.bellunopress.it\/wp-content\/uploads\/2023\/12\/Palazzetti-Cingolani_edited.jpg","datePublished":"2026-09-04T14:32:51+00:00","dateModified":"2026-09-04T14:33:12+00:00","breadcrumb":{"@id":"https:\/\/www.bellunopress.it\/2026\/09\/04\/feltre-approvato-il-progetto-di-completamento-dei-palazzetti-cingolani\/#breadcrumb"},"inLanguage":"fr-FR","potentialAction":[{"@type":"ReadAction","target":["https:\/\/www.bellunopress.it\/2026\/09\/04\/feltre-approvato-il-progetto-di-completamento-dei-palazzetti-cingolani\/"]}]},{"@type":"ImageObject","inLanguage":"fr-FR","@id":"https:\/\/www.bellunopress.it\/2026\/09\/04\/feltre-approvato-il-progetto-di-completamento-dei-palazzetti-cingolani\/#primaryimage","url":"https:\/\/www.bellunopress.it\/wp-content\/uploads\/2023\/12\/Palazzetti-Cingolani_edited.jpg","contentUrl":"https:\/\/www.bellunopress.it\/wp-content\/uploads\/2023\/12\/Palazzetti-Cingolani_edited.jpg","width":1000,"height":563,"caption":"Palazzetti Cingolani, Bovio-Da Romagno"},{"@type":"BreadcrumbList","@id":"https:\/\/www.bellunopress.it\/2026\/09\/04\/feltre-approvato-il-progetto-di-completamento-dei-palazzetti-cingolani\/#breadcrumb","itemListElement":[{"@type":"ListItem","position":1,"name":"Home","item":"https:\/\/www.bellunopress.it\/"},{"@type":"ListItem","position":2,"name":"Feltre. Approvato il progetto di completamento dei Palazzetti Cingolani"}]},{"@type":"WebSite","@id":"https:\/\/www.bellunopress.it\/#website","url":"https:\/\/www.bellunopress.it\/","name":"Bellunopress - Dolomiti","description":"e-mail: redazione@bellunopress.it","publisher":{"@id":"https:\/\/www.bellunopress.it\/#organization"},"potentialAction":[{"@type":"SearchAction","target":{"@type":"EntryPoint","urlTemplate":"https:\/\/www.bellunopress.it\/?s={search_term_string}"},"query-input":{"@type":"PropertyValueSpecification","valueRequired":true,"valueName":"search_term_string"}}],"inLanguage":"fr-FR"},{"@type":"Organization","@id":"https:\/\/www.bellunopress.it\/#organization","name":"Bellunopress","url":"https:\/\/www.bellunopress.it\/","logo":{"@type":"ImageObject","inLanguage":"fr-FR","@id":"https:\/\/www.bellunopress.it\/#\/schema\/logo\/image\/","url":"https:\/\/www.bellunopress.it\/wp-content\/uploads\/2011\/05\/cropped-logo-bellunopress-.jpg","contentUrl":"https:\/\/www.bellunopress.it\/wp-content\/uploads\/2011\/05\/cropped-logo-bellunopress-.jpg","width":512,"height":512,"caption":"Bellunopress"},"image":{"@id":"https:\/\/www.bellunopress.it\/#\/schema\/logo\/image\/"},"sameAs":["https:\/\/www.facebook.com\/profile.php?id=100008943462799","https:\/\/x.com\/bellunopress","https:\/\/www.linkedin.com\/hp\/?dnr=JBzUWaJfMUw8vbXJJ2tVW5-I3jZKvC4wsoxE&amp;amp;amp;amp;amp;amp;trk=nav_responsive_tab_home","https:\/\/www.youtube.com\/channel\/UCxL0wu1uN0_3_7hGG0306cw"]},{"@type":"Person","@id":"https:\/\/www.bellunopress.it\/#\/schema\/person\/79bb06722b37ece1c03d3e94beb30d73","name":"r\u00e9daction","image":{"@type":"ImageObject","inLanguage":"fr-FR","@id":"https:\/\/secure.gravatar.com\/avatar\/37d968a2e67a6fd04c169c4bdef102d0bc5d31b2546345219e348575eb80e9a0?s=96&d=mm&r=g","url":"https:\/\/secure.gravatar.com\/avatar\/37d968a2e67a6fd04c169c4bdef102d0bc5d31b2546345219e348575eb80e9a0?s=96&d=mm&r=g","contentUrl":"https:\/\/secure.gravatar.com\/avatar\/37d968a2e67a6fd04c169c4bdef102d0bc5d31b2546345219e348575eb80e9a0?s=96&d=mm&r=g","caption":"redazione"},"sameAs":["http:\/\/www.bellunopress.it","https:\/\/x.com\/bellunopress"],"url":"https:\/\/www.bellunopress.it\/fr\/author\/redazione\/"}]}},"_links":{"self":[{"href":"https:\/\/www.bellunopress.it\/fr\/wp-json\/wp\/v2\/posts\/173138","targetHints":{"allow":["GET"]}}],"collection":[{"href":"https:\/\/www.bellunopress.it\/fr\/wp-json\/wp\/v2\/posts"}],"about":[{"href":"https:\/\/www.bellunopress.it\/fr\/wp-json\/wp\/v2\/types\/post"}],"author":[{"embeddable":true,"href":"https:\/\/www.bellunopress.it\/fr\/wp-json\/wp\/v2\/users\/2"}],"replies":[{"embeddable":true,"href":"https:\/\/www.bellunopress.it\/fr\/wp-json\/wp\/v2\/comments?post=173138"}],"version-history":[{"count":2,"href":"https:\/\/www.bellunopress.it\/fr\/wp-json\/wp\/v2\/posts\/173138\/revisions"}],"predecessor-version":[{"id":173140,"href":"https:\/\/www.bellunopress.it\/fr\/wp-json\/wp\/v2\/posts\/173138\/revisions\/173140"}],"wp:featuredmedia":[{"embeddable":true,"href":"https:\/\/www.bellunopress.it\/fr\/wp-json\/wp\/v2\/media\/146819"}],"wp:attachment":[{"href":"https:\/\/www.bellunopress.it\/fr\/wp-json\/wp\/v2\/media?parent=173138"}],"wp:term":[{"taxonomy":"category","embeddable":true,"href":"https:\/\/www.bellunopress.it\/fr\/wp-json\/wp\/v2\/categories?post=173138"},{"taxonomy":"post_tag","embeddable":true,"href":"https:\/\/www.bellunopress.it\/fr\/wp-json\/wp\/v2\/tags?post=173138"}],"curies":[{"name":"wp","href":"https:\/\/api.w.org\/{rel}","templated":true}]}}