{"id":173136,"date":"2026-09-04T16:13:45","date_gmt":"2026-09-04T14:13:45","guid":{"rendered":"https:\/\/www.bellunopress.it\/?p=173136"},"modified":"2026-09-04T16:13:45","modified_gmt":"2026-09-04T14:13:45","slug":"grave-alpinista-precipitato-sulla-tofana-di-rozes-altri-interventi","status":"publish","type":"post","link":"https:\/\/www.bellunopress.it\/fr\/2026\/09\/04\/grave-alpinista-precipitato-sulla-tofana-di-rozes-altri-interventi\/","title":{"rendered":"Grave alpiniste pr\u00e9cipit\u00e9 sur la Tofana di Rozes. Autres interventions"},"content":{"rendered":"<p>Cortina d&#8217;Ampezzo (BL), 04 &#8211; 09 &#8211; 2026\u00a0 \u00a0Sono gravi le condizioni di un alpinista di Biella precipitato una ventina di metri dallo Spigolo Zero, via di arrampicata sul primo Pilastro della Tofana di Rozes.<br \/>\nVerso mezzogiorno \u00e8 dieci la Centrale del 118 \u00e8 stata contattata da una guida alpina, che si trovava sullo stesso itinerario e che aveva lanciato l&#8217;allarme, giunto anche da una persona, che dal ghiaione sottostante sentiva provenire urla di aiuto dalla parete.<\/p>\n<p>Primo di cordata, il 68enne di Occhieppo Inferiore era volato per una ventina di metri impattando sulla roccia, rompendo il caschetto nell&#8217;urto e rimanendo a testa in gi\u00f9 privo di coscienza. Raggiunto dalla Guida alpina, che lo ha sollevato e raddrizzato, l&#8217;alpinista \u00e8 stato preso in carico dal medico di Falco 1, calato sull&#8217;infortunato dal tecnico di elisoccorso, che aveva attrezzato un apposito ancoraggio dopo essere sceso poco sopra. Prestate le prime cure e stabilizzato, il rocciatore \u00e8 stato issato a bordo con un verricello di 60 metri. Anche la compagna \u00e8 stata poi recuperata con la stessa modalit\u00e0. Il ferito, con un possibile grave trauma cranico, \u00e8 stato trasportato all&#8217;ospedale di Treviso.<\/p>\n<p>&nbsp;<\/p>\n<p><strong>Recuperate due cordate in Tofana e sulle Tre Cime di Lavaredo<\/strong><\/p>\n<p>Belluno, 04 &#8211; 09 &#8211; 2026\u00a0 \u00a0 Ieri sera poco prima delle 20 due alpinisti polacchi hanno contattato la Centrale del 118, poiche erano in difficolt\u00e0 sulla Grande delle Tre Cime di Lavaredo. L&#8217;elicottero di Treviso emergenza, fatto intervenire in loro aiuto, ha tentato di avvicinarsi, ma le forti raffiche di vento ne hanno precluso l&#8217;operativit\u00e0. In contatto telefonico con gli scalatori, il tecnico di Centrale ha spiegato la situazione, verificando la loro possibilit\u00e0 di bivaccare in parete e suggerendo un punto dove potersi riparare durante la notte, per poi appurare alle prime luci se potevano rientrare autonomamente o se necessitassero ancora di supporto. Questa mattina, quando la risposta \u00e8 stata che avevano ancora bisogno, alle 7.30 \u00e8 decollato Falco 2, che li ha individuati sulla Cengia circolare poco sotto la cima. I due alpinisti sono stati issati a bordo dal tecnico di elisoccorso con un verricello di 40 metri. Una volta sbarcati al Rifugio Lavaredo per un controllo sanitario, uno dei due ha detto all&#8217;equipaggio che ieri, durante la scalata dello Spigolo Dibona, era volato 25 metri. Avendo riportato probabili contusioni alla schiena, l&#8217;infortunato \u00e8 stato quindi trasportato per i controlli del caso all&#8217;ospedale di Belluno.<\/p>\n<p>Attorno alle 21 la Centrale del 118 aveva inoltre iniziato a ricevere delle segnalazioni di luci provenienti dalla Tofana, dal gestore del Rifugio Dibona e da altri testimoni, che temevano trattarsi di richieste di aiuto. Il Soccorso alpino di Cortina si era recato sul posto senza pi\u00f9 vederle, salvo poi ricevere ulteriore conferma verso le 21.45, quando i Vigili del fuoco avevano informato il Suem della ricezione di un messaggio d&#8217;allarme Garmin, con coordinate posizionate in quota. Di rientro da Auronzo, l&#8217;eliambulanza di Treviso \u00e8 quindi volata verso la cima, trovando tre alpinisti canadesi bloccati sugli ultimi tiri del Primo Spigolo alla Tofana di Rozes. I tre ragazzi sono quindi stati issati a bordo dal tecnico di elisoccorso con un verricello di 30 metri. Due scalatori erano illesi, la terza, una ragazza, si era invece fatta male a una caviglia. Verso l&#8217;una meno un quarto, tutti e tre sono stati lasciati in piazzola al Codivilla, dove si trovava pronto in supporto il Soccorso alpino, una cui squadra era salita poco prima a recuperare un&#8217;escursionista polacca che si era fatta male a un piede scendendo dal Rifugio Vandelli. I soccorritori l&#8217;avevano raggiunta in fondo alle scalette, le avevano immobilizzato l&#8217;arto e l&#8217;avevano caricata in barella, per poi trasportarla a valle assieme al compagno e condurla, alle 23, in ospedale.<\/p>","protected":false},"excerpt":{"rendered":"<p>Cortina d&#8217;Ampezzo (BL), 04 &#8211; 09 &#8211; 2026\u00a0 \u00a0Sono gravi le condizioni di un alpinista di Biella precipitato una ventina di metri dallo Spigolo Zero, via di arrampicata sul primo Pilastro della Tofana di Rozes. Verso mezzogiorno \u00e8 dieci la Centrale del 118 \u00e8 stata contattata da una guida alpina, che si trovava sullo stesso [&hellip;]<\/p>\n","protected":false},"author":2,"featured_media":143364,"comment_status":"closed","ping_status":"open","sticky":false,"template":"","format":"standard","meta":{"footnotes":""},"categories":[5,26],"tags":[],"class_list":["post-173136","post","type-post","status-publish","format-standard","has-post-thumbnail","category-cronaca","category-prima-pagina"],"yoast_head":"<!-- This site is optimized with the Yoast SEO plugin v28.4 - https:\/\/yoast.com\/product\/yoast-seo-wordpress\/ -->\n<title>Grave alpinista precipitato sulla Tofana di Rozes. Altri interventi - Bellunopress - Dolomiti<\/title>\n<meta name=\"robots\" content=\"index, follow, max-snippet:-1, max-image-preview:large, max-video-preview:-1\" \/>\n<link rel=\"canonical\" href=\"https:\/\/www.bellunopress.it\/fr\/2026\/09\/04\/grave-alpinista-precipitato-sulla-tofana-di-rozes-altri-interventi\/\" \/>\n<meta property=\"og:locale\" content=\"fr_FR\" \/>\n<meta property=\"og:type\" content=\"article\" \/>\n<meta property=\"og:title\" content=\"Grave alpinista precipitato sulla Tofana di Rozes. Altri interventi - Bellunopress - Dolomiti\" \/>\n<meta property=\"og:description\" content=\"Cortina d&#8217;Ampezzo (BL), 04 &#8211; 09 &#8211; 2026\u00a0 \u00a0Sono gravi le condizioni di un alpinista di Biella precipitato una ventina di metri dallo Spigolo Zero, via di arrampicata sul primo Pilastro della Tofana di Rozes. Verso mezzogiorno \u00e8 dieci la Centrale del 118 \u00e8 stata contattata da una guida alpina, che si trovava sullo stesso [&hellip;]\" \/>\n<meta property=\"og:url\" content=\"https:\/\/www.bellunopress.it\/fr\/2026\/09\/04\/grave-alpinista-precipitato-sulla-tofana-di-rozes-altri-interventi\/\" \/>\n<meta property=\"og:site_name\" content=\"Bellunopress - Dolomiti\" \/>\n<meta property=\"article:publisher\" content=\"https:\/\/www.facebook.com\/profile.php?id=100008943462799\" \/>\n<meta property=\"article:published_time\" content=\"2026-09-04T14:13:45+00:00\" \/>\n<meta property=\"og:image\" content=\"https:\/\/www.bellunopress.it\/wp-content\/uploads\/2023\/08\/118-Falco-1_edited.jpg\" \/>\n\t<meta property=\"og:image:width\" content=\"750\" \/>\n\t<meta property=\"og:image:height\" content=\"1000\" \/>\n\t<meta property=\"og:image:type\" content=\"image\/jpeg\" \/>\n<meta name=\"author\" content=\"redazione\" \/>\n<meta name=\"twitter:card\" content=\"summary_large_image\" \/>\n<meta name=\"twitter:creator\" content=\"@bellunopress\" \/>\n<meta name=\"twitter:site\" content=\"@bellunopress\" \/>\n<meta name=\"twitter:label1\" content=\"Written by\" \/>\n\t<meta name=\"twitter:data1\" content=\"redazione\" \/>\n\t<meta name=\"twitter:label2\" content=\"Est. reading time\" \/>\n\t<meta name=\"twitter:data2\" content=\"4 minutes\" \/>\n<script type=\"application\/ld+json\" class=\"yoast-schema-graph\">{\"@context\":\"https:\\\/\\\/schema.org\",\"@graph\":[{\"@type\":\"Article\",\"@id\":\"https:\\\/\\\/www.bellunopress.it\\\/2026\\\/09\\\/04\\\/grave-alpinista-precipitato-sulla-tofana-di-rozes-altri-interventi\\\/#article\",\"isPartOf\":{\"@id\":\"https:\\\/\\\/www.bellunopress.it\\\/2026\\\/09\\\/04\\\/grave-alpinista-precipitato-sulla-tofana-di-rozes-altri-interventi\\\/\"},\"author\":{\"name\":\"redazione\",\"@id\":\"https:\\\/\\\/www.bellunopress.it\\\/#\\\/schema\\\/person\\\/79bb06722b37ece1c03d3e94beb30d73\"},\"headline\":\"Grave alpinista precipitato sulla Tofana di Rozes. Altri interventi\",\"datePublished\":\"2026-09-04T14:13:45+00:00\",\"mainEntityOfPage\":{\"@id\":\"https:\\\/\\\/www.bellunopress.it\\\/2026\\\/09\\\/04\\\/grave-alpinista-precipitato-sulla-tofana-di-rozes-altri-interventi\\\/\"},\"wordCount\":613,\"publisher\":{\"@id\":\"https:\\\/\\\/www.bellunopress.it\\\/#organization\"},\"image\":{\"@id\":\"https:\\\/\\\/www.bellunopress.it\\\/2026\\\/09\\\/04\\\/grave-alpinista-precipitato-sulla-tofana-di-rozes-altri-interventi\\\/#primaryimage\"},\"thumbnailUrl\":\"https:\\\/\\\/www.bellunopress.it\\\/wp-content\\\/uploads\\\/2023\\\/08\\\/118-Falco-1_edited.jpg\",\"articleSection\":[\"Cronaca\\\/Politica\",\"Prima Pagina\"],\"inLanguage\":\"fr-FR\"},{\"@type\":\"WebPage\",\"@id\":\"https:\\\/\\\/www.bellunopress.it\\\/2026\\\/09\\\/04\\\/grave-alpinista-precipitato-sulla-tofana-di-rozes-altri-interventi\\\/\",\"url\":\"https:\\\/\\\/www.bellunopress.it\\\/2026\\\/09\\\/04\\\/grave-alpinista-precipitato-sulla-tofana-di-rozes-altri-interventi\\\/\",\"name\":\"Grave alpinista precipitato sulla Tofana di Rozes. Altri interventi - Bellunopress - Dolomiti\",\"isPartOf\":{\"@id\":\"https:\\\/\\\/www.bellunopress.it\\\/#website\"},\"primaryImageOfPage\":{\"@id\":\"https:\\\/\\\/www.bellunopress.it\\\/2026\\\/09\\\/04\\\/grave-alpinista-precipitato-sulla-tofana-di-rozes-altri-interventi\\\/#primaryimage\"},\"image\":{\"@id\":\"https:\\\/\\\/www.bellunopress.it\\\/2026\\\/09\\\/04\\\/grave-alpinista-precipitato-sulla-tofana-di-rozes-altri-interventi\\\/#primaryimage\"},\"thumbnailUrl\":\"https:\\\/\\\/www.bellunopress.it\\\/wp-content\\\/uploads\\\/2023\\\/08\\\/118-Falco-1_edited.jpg\",\"datePublished\":\"2026-09-04T14:13:45+00:00\",\"breadcrumb\":{\"@id\":\"https:\\\/\\\/www.bellunopress.it\\\/2026\\\/09\\\/04\\\/grave-alpinista-precipitato-sulla-tofana-di-rozes-altri-interventi\\\/#breadcrumb\"},\"inLanguage\":\"fr-FR\",\"potentialAction\":[{\"@type\":\"ReadAction\",\"target\":[\"https:\\\/\\\/www.bellunopress.it\\\/2026\\\/09\\\/04\\\/grave-alpinista-precipitato-sulla-tofana-di-rozes-altri-interventi\\\/\"]}]},{\"@type\":\"ImageObject\",\"inLanguage\":\"fr-FR\",\"@id\":\"https:\\\/\\\/www.bellunopress.it\\\/2026\\\/09\\\/04\\\/grave-alpinista-precipitato-sulla-tofana-di-rozes-altri-interventi\\\/#primaryimage\",\"url\":\"https:\\\/\\\/www.bellunopress.it\\\/wp-content\\\/uploads\\\/2023\\\/08\\\/118-Falco-1_edited.jpg\",\"contentUrl\":\"https:\\\/\\\/www.bellunopress.it\\\/wp-content\\\/uploads\\\/2023\\\/08\\\/118-Falco-1_edited.jpg\",\"width\":750,\"height\":1000},{\"@type\":\"BreadcrumbList\",\"@id\":\"https:\\\/\\\/www.bellunopress.it\\\/2026\\\/09\\\/04\\\/grave-alpinista-precipitato-sulla-tofana-di-rozes-altri-interventi\\\/#breadcrumb\",\"itemListElement\":[{\"@type\":\"ListItem\",\"position\":1,\"name\":\"Home\",\"item\":\"https:\\\/\\\/www.bellunopress.it\\\/\"},{\"@type\":\"ListItem\",\"position\":2,\"name\":\"Grave alpinista precipitato sulla Tofana di Rozes. Altri interventi\"}]},{\"@type\":\"WebSite\",\"@id\":\"https:\\\/\\\/www.bellunopress.it\\\/#website\",\"url\":\"https:\\\/\\\/www.bellunopress.it\\\/\",\"name\":\"Bellunopress - Dolomiti\",\"description\":\"e-mail: redazione@bellunopress.it\",\"publisher\":{\"@id\":\"https:\\\/\\\/www.bellunopress.it\\\/#organization\"},\"potentialAction\":[{\"@type\":\"SearchAction\",\"target\":{\"@type\":\"EntryPoint\",\"urlTemplate\":\"https:\\\/\\\/www.bellunopress.it\\\/?s={search_term_string}\"},\"query-input\":{\"@type\":\"PropertyValueSpecification\",\"valueRequired\":true,\"valueName\":\"search_term_string\"}}],\"inLanguage\":\"fr-FR\"},{\"@type\":\"Organization\",\"@id\":\"https:\\\/\\\/www.bellunopress.it\\\/#organization\",\"name\":\"Bellunopress\",\"url\":\"https:\\\/\\\/www.bellunopress.it\\\/\",\"logo\":{\"@type\":\"ImageObject\",\"inLanguage\":\"fr-FR\",\"@id\":\"https:\\\/\\\/www.bellunopress.it\\\/#\\\/schema\\\/logo\\\/image\\\/\",\"url\":\"https:\\\/\\\/www.bellunopress.it\\\/wp-content\\\/uploads\\\/2011\\\/05\\\/cropped-logo-bellunopress-.jpg\",\"contentUrl\":\"https:\\\/\\\/www.bellunopress.it\\\/wp-content\\\/uploads\\\/2011\\\/05\\\/cropped-logo-bellunopress-.jpg\",\"width\":512,\"height\":512,\"caption\":\"Bellunopress\"},\"image\":{\"@id\":\"https:\\\/\\\/www.bellunopress.it\\\/#\\\/schema\\\/logo\\\/image\\\/\"},\"sameAs\":[\"https:\\\/\\\/www.facebook.com\\\/profile.php?id=100008943462799\",\"https:\\\/\\\/x.com\\\/bellunopress\",\"https:\\\/\\\/www.linkedin.com\\\/hp\\\/?dnr=JBzUWaJfMUw8vbXJJ2tVW5-I3jZKvC4wsoxE&amp;amp;amp;amp;amp;amp;trk=nav_responsive_tab_home\",\"https:\\\/\\\/www.youtube.com\\\/channel\\\/UCxL0wu1uN0_3_7hGG0306cw\"]},{\"@type\":\"Person\",\"@id\":\"https:\\\/\\\/www.bellunopress.it\\\/#\\\/schema\\\/person\\\/79bb06722b37ece1c03d3e94beb30d73\",\"name\":\"redazione\",\"image\":{\"@type\":\"ImageObject\",\"inLanguage\":\"fr-FR\",\"@id\":\"https:\\\/\\\/secure.gravatar.com\\\/avatar\\\/37d968a2e67a6fd04c169c4bdef102d0bc5d31b2546345219e348575eb80e9a0?s=96&d=mm&r=g\",\"url\":\"https:\\\/\\\/secure.gravatar.com\\\/avatar\\\/37d968a2e67a6fd04c169c4bdef102d0bc5d31b2546345219e348575eb80e9a0?s=96&d=mm&r=g\",\"contentUrl\":\"https:\\\/\\\/secure.gravatar.com\\\/avatar\\\/37d968a2e67a6fd04c169c4bdef102d0bc5d31b2546345219e348575eb80e9a0?s=96&d=mm&r=g\",\"caption\":\"redazione\"},\"sameAs\":[\"http:\\\/\\\/www.bellunopress.it\",\"https:\\\/\\\/x.com\\\/bellunopress\"],\"url\":\"https:\\\/\\\/www.bellunopress.it\\\/fr\\\/author\\\/redazione\\\/\"}]}<\/script>\n<!-- \/ Yoast SEO plugin. -->","yoast_head_json":{"title":"Grave alpinista precipitato sulla Tofana di Rozes. Altri interventi - Bellunopress - Dolomiti","robots":{"index":"index","follow":"follow","max-snippet":"max-snippet:-1","max-image-preview":"max-image-preview:large","max-video-preview":"max-video-preview:-1"},"canonical":"https:\/\/www.bellunopress.it\/fr\/2026\/09\/04\/grave-alpinista-precipitato-sulla-tofana-di-rozes-altri-interventi\/","og_locale":"fr_FR","og_type":"article","og_title":"Grave alpinista precipitato sulla Tofana di Rozes. Altri interventi - Bellunopress - Dolomiti","og_description":"Cortina d&#8217;Ampezzo (BL), 04 &#8211; 09 &#8211; 2026\u00a0 \u00a0Sono gravi le condizioni di un alpinista di Biella precipitato una ventina di metri dallo Spigolo Zero, via di arrampicata sul primo Pilastro della Tofana di Rozes. Verso mezzogiorno \u00e8 dieci la Centrale del 118 \u00e8 stata contattata da una guida alpina, che si trovava sullo stesso [&hellip;]","og_url":"https:\/\/www.bellunopress.it\/fr\/2026\/09\/04\/grave-alpinista-precipitato-sulla-tofana-di-rozes-altri-interventi\/","og_site_name":"Bellunopress - Dolomiti","article_publisher":"https:\/\/www.facebook.com\/profile.php?id=100008943462799","article_published_time":"2026-09-04T14:13:45+00:00","og_image":[{"width":750,"height":1000,"url":"https:\/\/www.bellunopress.it\/wp-content\/uploads\/2023\/08\/118-Falco-1_edited.jpg","type":"image\/jpeg"}],"author":"redazione","twitter_card":"summary_large_image","twitter_creator":"@bellunopress","twitter_site":"@bellunopress","twitter_misc":{"Written by":"redazione","Est. reading time":"4 minutes"},"schema":{"@context":"https:\/\/schema.org","@graph":[{"@type":"Article","@id":"https:\/\/www.bellunopress.it\/2026\/09\/04\/grave-alpinista-precipitato-sulla-tofana-di-rozes-altri-interventi\/#article","isPartOf":{"@id":"https:\/\/www.bellunopress.it\/2026\/09\/04\/grave-alpinista-precipitato-sulla-tofana-di-rozes-altri-interventi\/"},"author":{"name":"redazione","@id":"https:\/\/www.bellunopress.it\/#\/schema\/person\/79bb06722b37ece1c03d3e94beb30d73"},"headline":"Grave alpinista precipitato sulla Tofana di Rozes. Altri interventi","datePublished":"2026-09-04T14:13:45+00:00","mainEntityOfPage":{"@id":"https:\/\/www.bellunopress.it\/2026\/09\/04\/grave-alpinista-precipitato-sulla-tofana-di-rozes-altri-interventi\/"},"wordCount":613,"publisher":{"@id":"https:\/\/www.bellunopress.it\/#organization"},"image":{"@id":"https:\/\/www.bellunopress.it\/2026\/09\/04\/grave-alpinista-precipitato-sulla-tofana-di-rozes-altri-interventi\/#primaryimage"},"thumbnailUrl":"https:\/\/www.bellunopress.it\/wp-content\/uploads\/2023\/08\/118-Falco-1_edited.jpg","articleSection":["Cronaca\/Politica","Prima Pagina"],"inLanguage":"fr-FR"},{"@type":"WebPage","@id":"https:\/\/www.bellunopress.it\/2026\/09\/04\/grave-alpinista-precipitato-sulla-tofana-di-rozes-altri-interventi\/","url":"https:\/\/www.bellunopress.it\/2026\/09\/04\/grave-alpinista-precipitato-sulla-tofana-di-rozes-altri-interventi\/","name":"Grave alpinista precipitato sulla Tofana di Rozes. Altri interventi - Bellunopress - Dolomiti","isPartOf":{"@id":"https:\/\/www.bellunopress.it\/#website"},"primaryImageOfPage":{"@id":"https:\/\/www.bellunopress.it\/2026\/09\/04\/grave-alpinista-precipitato-sulla-tofana-di-rozes-altri-interventi\/#primaryimage"},"image":{"@id":"https:\/\/www.bellunopress.it\/2026\/09\/04\/grave-alpinista-precipitato-sulla-tofana-di-rozes-altri-interventi\/#primaryimage"},"thumbnailUrl":"https:\/\/www.bellunopress.it\/wp-content\/uploads\/2023\/08\/118-Falco-1_edited.jpg","datePublished":"2026-09-04T14:13:45+00:00","breadcrumb":{"@id":"https:\/\/www.bellunopress.it\/2026\/09\/04\/grave-alpinista-precipitato-sulla-tofana-di-rozes-altri-interventi\/#breadcrumb"},"inLanguage":"fr-FR","potentialAction":[{"@type":"ReadAction","target":["https:\/\/www.bellunopress.it\/2026\/09\/04\/grave-alpinista-precipitato-sulla-tofana-di-rozes-altri-interventi\/"]}]},{"@type":"ImageObject","inLanguage":"fr-FR","@id":"https:\/\/www.bellunopress.it\/2026\/09\/04\/grave-alpinista-precipitato-sulla-tofana-di-rozes-altri-interventi\/#primaryimage","url":"https:\/\/www.bellunopress.it\/wp-content\/uploads\/2023\/08\/118-Falco-1_edited.jpg","contentUrl":"https:\/\/www.bellunopress.it\/wp-content\/uploads\/2023\/08\/118-Falco-1_edited.jpg","width":750,"height":1000},{"@type":"BreadcrumbList","@id":"https:\/\/www.bellunopress.it\/2026\/09\/04\/grave-alpinista-precipitato-sulla-tofana-di-rozes-altri-interventi\/#breadcrumb","itemListElement":[{"@type":"ListItem","position":1,"name":"Home","item":"https:\/\/www.bellunopress.it\/"},{"@type":"ListItem","position":2,"name":"Grave alpinista precipitato sulla Tofana di Rozes. Altri interventi"}]},{"@type":"WebSite","@id":"https:\/\/www.bellunopress.it\/#website","url":"https:\/\/www.bellunopress.it\/","name":"Bellunopress - Dolomiti","description":"e-mail: redazione@bellunopress.it","publisher":{"@id":"https:\/\/www.bellunopress.it\/#organization"},"potentialAction":[{"@type":"SearchAction","target":{"@type":"EntryPoint","urlTemplate":"https:\/\/www.bellunopress.it\/?s={search_term_string}"},"query-input":{"@type":"PropertyValueSpecification","valueRequired":true,"valueName":"search_term_string"}}],"inLanguage":"fr-FR"},{"@type":"Organization","@id":"https:\/\/www.bellunopress.it\/#organization","name":"Bellunopress","url":"https:\/\/www.bellunopress.it\/","logo":{"@type":"ImageObject","inLanguage":"fr-FR","@id":"https:\/\/www.bellunopress.it\/#\/schema\/logo\/image\/","url":"https:\/\/www.bellunopress.it\/wp-content\/uploads\/2011\/05\/cropped-logo-bellunopress-.jpg","contentUrl":"https:\/\/www.bellunopress.it\/wp-content\/uploads\/2011\/05\/cropped-logo-bellunopress-.jpg","width":512,"height":512,"caption":"Bellunopress"},"image":{"@id":"https:\/\/www.bellunopress.it\/#\/schema\/logo\/image\/"},"sameAs":["https:\/\/www.facebook.com\/profile.php?id=100008943462799","https:\/\/x.com\/bellunopress","https:\/\/www.linkedin.com\/hp\/?dnr=JBzUWaJfMUw8vbXJJ2tVW5-I3jZKvC4wsoxE&amp;amp;amp;amp;amp;amp;trk=nav_responsive_tab_home","https:\/\/www.youtube.com\/channel\/UCxL0wu1uN0_3_7hGG0306cw"]},{"@type":"Person","@id":"https:\/\/www.bellunopress.it\/#\/schema\/person\/79bb06722b37ece1c03d3e94beb30d73","name":"r\u00e9daction","image":{"@type":"ImageObject","inLanguage":"fr-FR","@id":"https:\/\/secure.gravatar.com\/avatar\/37d968a2e67a6fd04c169c4bdef102d0bc5d31b2546345219e348575eb80e9a0?s=96&d=mm&r=g","url":"https:\/\/secure.gravatar.com\/avatar\/37d968a2e67a6fd04c169c4bdef102d0bc5d31b2546345219e348575eb80e9a0?s=96&d=mm&r=g","contentUrl":"https:\/\/secure.gravatar.com\/avatar\/37d968a2e67a6fd04c169c4bdef102d0bc5d31b2546345219e348575eb80e9a0?s=96&d=mm&r=g","caption":"redazione"},"sameAs":["http:\/\/www.bellunopress.it","https:\/\/x.com\/bellunopress"],"url":"https:\/\/www.bellunopress.it\/fr\/author\/redazione\/"}]}},"_links":{"self":[{"href":"https:\/\/www.bellunopress.it\/fr\/wp-json\/wp\/v2\/posts\/173136","targetHints":{"allow":["GET"]}}],"collection":[{"href":"https:\/\/www.bellunopress.it\/fr\/wp-json\/wp\/v2\/posts"}],"about":[{"href":"https:\/\/www.bellunopress.it\/fr\/wp-json\/wp\/v2\/types\/post"}],"author":[{"embeddable":true,"href":"https:\/\/www.bellunopress.it\/fr\/wp-json\/wp\/v2\/users\/2"}],"replies":[{"embeddable":true,"href":"https:\/\/www.bellunopress.it\/fr\/wp-json\/wp\/v2\/comments?post=173136"}],"version-history":[{"count":1,"href":"https:\/\/www.bellunopress.it\/fr\/wp-json\/wp\/v2\/posts\/173136\/revisions"}],"predecessor-version":[{"id":173137,"href":"https:\/\/www.bellunopress.it\/fr\/wp-json\/wp\/v2\/posts\/173136\/revisions\/173137"}],"wp:featuredmedia":[{"embeddable":true,"href":"https:\/\/www.bellunopress.it\/fr\/wp-json\/wp\/v2\/media\/143364"}],"wp:attachment":[{"href":"https:\/\/www.bellunopress.it\/fr\/wp-json\/wp\/v2\/media?parent=173136"}],"wp:term":[{"taxonomy":"category","embeddable":true,"href":"https:\/\/www.bellunopress.it\/fr\/wp-json\/wp\/v2\/categories?post=173136"},{"taxonomy":"post_tag","embeddable":true,"href":"https:\/\/www.bellunopress.it\/fr\/wp-json\/wp\/v2\/tags?post=173136"}],"curies":[{"name":"wp","href":"https:\/\/api.w.org\/{rel}","templated":true}]}}