{"id":173133,"date":"2026-09-04T15:32:48","date_gmt":"2026-09-04T13:32:48","guid":{"rendered":"https:\/\/www.bellunopress.it\/?p=173133"},"modified":"2026-09-04T15:32:48","modified_gmt":"2026-09-04T13:32:48","slug":"abitare-la-musica-al-grand-hotel-savoia-cortina-dampezzo","status":"publish","type":"post","link":"https:\/\/www.bellunopress.it\/fr\/2026\/09\/04\/abitare-la-musica-al-grand-hotel-savoia-cortina-dampezzo\/","title":{"rendered":"Abitare la Musica al Grand Hotel Savoia Cortina d\u2019Ampezzo"},"content":{"rendered":"<p><strong>Dal maltempo nasce un incontro inatteso. La storica struttura cinque stelle di Cortina ha aperto la Sala Dolomia al pianoforte a coda e agli artisti Fiamma Velo e Christian DeLord<\/strong><\/p>\n<p>Cortina d\u2019Ampezzo, 4 settembre 2026 \u2013 Ci sono imprevisti che interrompono un percorso e altri che, inaspettatamente, ne aprono uno nuovo. \u00c8 quanto accaduto mercoled\u00ec 2 settembre ad Abitare la Musica: le intense piogge del giorno precedente, l\u2019elevata umidit\u00e0 e l\u2019abbassamento delle temperature avevano reso impossibile ospitare all\u2019aperto, nel giardino della residenza artistica di via Ruoiba 21, un pianoforte a coda in condizioni adeguate per lo strumento e per gli esecutori.<\/p>\n<p>Dopo un rapido confronto con l\u2019Associazione Albergatori Cortina, realt\u00e0 territoriale del sistema Federalberghi, \u00e8 arrivata la sorprendente e generosa disponibilit\u00e0 del Grand Hotel Savoia Cortina d\u2019Ampezzo, A Radisson Collection Hotel \u2013 DHOM Collection. La prestigiosa struttura ha messo a disposizione la Sala Dolomia, accogliendo in tempi rapidissimi il pianoforte, gli artisti e il pubblico e trasformando una difficolt\u00e0 organizzativa in una nuova occasione di incontro fra musica e ospitalit\u00e0.<\/p>\n<p>Il pianoforte a coda \u00e8 cos\u00ec entrato in uno dei luoghi simbolo dell\u2019ospitalit\u00e0 ampezzana. L\u2019hotel cinque stelle, gestito da DHOM Collection, rappresenta da oltre un secolo una delle espressioni pi\u00f9 riconoscibili dell\u2019eleganza di Cortina d\u2019Ampezzo.<\/p>","protected":false},"excerpt":{"rendered":"<p>Dal maltempo nasce un incontro inatteso. La storica struttura cinque stelle di Cortina ha aperto la Sala Dolomia al pianoforte a coda e agli artisti Fiamma Velo e Christian DeLord Cortina d\u2019Ampezzo, 4 settembre 2026 \u2013 Ci sono imprevisti che interrompono un percorso e altri che, inaspettatamente, ne aprono uno nuovo. \u00c8 quanto accaduto mercoled\u00ec [&hellip;]<\/p>\n","protected":false},"author":2,"featured_media":173134,"comment_status":"closed","ping_status":"open","sticky":false,"template":"","format":"standard","meta":{"footnotes":""},"categories":[3,25],"tags":[],"class_list":["post-173133","post","type-post","status-publish","format-standard","has-post-thumbnail","category-arte-cultura-spettacoli-scienza-archivi","category-pausa-caffe"],"yoast_head":"<!-- This site is optimized with the Yoast SEO plugin v28.4 - https:\/\/yoast.com\/product\/yoast-seo-wordpress\/ -->\n<title>Abitare la Musica al Grand Hotel Savoia Cortina d\u2019Ampezzo - Bellunopress - Dolomiti<\/title>\n<meta name=\"robots\" content=\"index, follow, max-snippet:-1, max-image-preview:large, max-video-preview:-1\" \/>\n<link rel=\"canonical\" href=\"https:\/\/www.bellunopress.it\/fr\/2026\/09\/04\/abitare-la-musica-al-grand-hotel-savoia-cortina-dampezzo\/\" \/>\n<meta property=\"og:locale\" content=\"fr_FR\" \/>\n<meta property=\"og:type\" content=\"article\" \/>\n<meta property=\"og:title\" content=\"Abitare la Musica al Grand Hotel Savoia Cortina d\u2019Ampezzo - Bellunopress - Dolomiti\" \/>\n<meta property=\"og:description\" content=\"Dal maltempo nasce un incontro inatteso. La storica struttura cinque stelle di Cortina ha aperto la Sala Dolomia al pianoforte a coda e agli artisti Fiamma Velo e Christian DeLord Cortina d\u2019Ampezzo, 4 settembre 2026 \u2013 Ci sono imprevisti che interrompono un percorso e altri che, inaspettatamente, ne aprono uno nuovo. \u00c8 quanto accaduto mercoled\u00ec [&hellip;]\" \/>\n<meta property=\"og:url\" content=\"https:\/\/www.bellunopress.it\/fr\/2026\/09\/04\/abitare-la-musica-al-grand-hotel-savoia-cortina-dampezzo\/\" \/>\n<meta property=\"og:site_name\" content=\"Bellunopress - Dolomiti\" \/>\n<meta property=\"article:publisher\" content=\"https:\/\/www.facebook.com\/profile.php?id=100008943462799\" \/>\n<meta property=\"article:published_time\" content=\"2026-09-04T13:32:48+00:00\" \/>\n<meta property=\"og:image\" content=\"https:\/\/www.bellunopress.it\/wp-content\/uploads\/2026\/09\/Fiamma-Velo-e-Christian-DeLord-al-Grand-Hotel-Savoia-Cortina.jpg\" \/>\n\t<meta property=\"og:image:width\" content=\"593\" \/>\n\t<meta property=\"og:image:height\" content=\"403\" \/>\n\t<meta property=\"og:image:type\" content=\"image\/jpeg\" \/>\n<meta name=\"author\" content=\"redazione\" \/>\n<meta name=\"twitter:card\" content=\"summary_large_image\" \/>\n<meta name=\"twitter:creator\" content=\"@bellunopress\" \/>\n<meta name=\"twitter:site\" content=\"@bellunopress\" \/>\n<meta name=\"twitter:label1\" content=\"Written by\" \/>\n\t<meta name=\"twitter:data1\" content=\"redazione\" \/>\n\t<meta name=\"twitter:label2\" content=\"Est. reading time\" \/>\n\t<meta name=\"twitter:data2\" content=\"2 minutes\" \/>\n<script type=\"application\/ld+json\" class=\"yoast-schema-graph\">{\"@context\":\"https:\\\/\\\/schema.org\",\"@graph\":[{\"@type\":\"Article\",\"@id\":\"https:\\\/\\\/www.bellunopress.it\\\/2026\\\/09\\\/04\\\/abitare-la-musica-al-grand-hotel-savoia-cortina-dampezzo\\\/#article\",\"isPartOf\":{\"@id\":\"https:\\\/\\\/www.bellunopress.it\\\/2026\\\/09\\\/04\\\/abitare-la-musica-al-grand-hotel-savoia-cortina-dampezzo\\\/\"},\"author\":{\"name\":\"redazione\",\"@id\":\"https:\\\/\\\/www.bellunopress.it\\\/#\\\/schema\\\/person\\\/79bb06722b37ece1c03d3e94beb30d73\"},\"headline\":\"Abitare la Musica al Grand Hotel Savoia Cortina d\u2019Ampezzo\",\"datePublished\":\"2026-09-04T13:32:48+00:00\",\"mainEntityOfPage\":{\"@id\":\"https:\\\/\\\/www.bellunopress.it\\\/2026\\\/09\\\/04\\\/abitare-la-musica-al-grand-hotel-savoia-cortina-dampezzo\\\/\"},\"wordCount\":216,\"publisher\":{\"@id\":\"https:\\\/\\\/www.bellunopress.it\\\/#organization\"},\"image\":{\"@id\":\"https:\\\/\\\/www.bellunopress.it\\\/2026\\\/09\\\/04\\\/abitare-la-musica-al-grand-hotel-savoia-cortina-dampezzo\\\/#primaryimage\"},\"thumbnailUrl\":\"https:\\\/\\\/www.bellunopress.it\\\/wp-content\\\/uploads\\\/2026\\\/09\\\/Fiamma-Velo-e-Christian-DeLord-al-Grand-Hotel-Savoia-Cortina.jpg\",\"articleSection\":[\"Arte, Cultura, Spettacoli, Scienza\",\"Pausa Caff\u00e8\"],\"inLanguage\":\"fr-FR\"},{\"@type\":\"WebPage\",\"@id\":\"https:\\\/\\\/www.bellunopress.it\\\/2026\\\/09\\\/04\\\/abitare-la-musica-al-grand-hotel-savoia-cortina-dampezzo\\\/\",\"url\":\"https:\\\/\\\/www.bellunopress.it\\\/2026\\\/09\\\/04\\\/abitare-la-musica-al-grand-hotel-savoia-cortina-dampezzo\\\/\",\"name\":\"Abitare la Musica al Grand Hotel Savoia Cortina d\u2019Ampezzo - Bellunopress - Dolomiti\",\"isPartOf\":{\"@id\":\"https:\\\/\\\/www.bellunopress.it\\\/#website\"},\"primaryImageOfPage\":{\"@id\":\"https:\\\/\\\/www.bellunopress.it\\\/2026\\\/09\\\/04\\\/abitare-la-musica-al-grand-hotel-savoia-cortina-dampezzo\\\/#primaryimage\"},\"image\":{\"@id\":\"https:\\\/\\\/www.bellunopress.it\\\/2026\\\/09\\\/04\\\/abitare-la-musica-al-grand-hotel-savoia-cortina-dampezzo\\\/#primaryimage\"},\"thumbnailUrl\":\"https:\\\/\\\/www.bellunopress.it\\\/wp-content\\\/uploads\\\/2026\\\/09\\\/Fiamma-Velo-e-Christian-DeLord-al-Grand-Hotel-Savoia-Cortina.jpg\",\"datePublished\":\"2026-09-04T13:32:48+00:00\",\"breadcrumb\":{\"@id\":\"https:\\\/\\\/www.bellunopress.it\\\/2026\\\/09\\\/04\\\/abitare-la-musica-al-grand-hotel-savoia-cortina-dampezzo\\\/#breadcrumb\"},\"inLanguage\":\"fr-FR\",\"potentialAction\":[{\"@type\":\"ReadAction\",\"target\":[\"https:\\\/\\\/www.bellunopress.it\\\/2026\\\/09\\\/04\\\/abitare-la-musica-al-grand-hotel-savoia-cortina-dampezzo\\\/\"]}]},{\"@type\":\"ImageObject\",\"inLanguage\":\"fr-FR\",\"@id\":\"https:\\\/\\\/www.bellunopress.it\\\/2026\\\/09\\\/04\\\/abitare-la-musica-al-grand-hotel-savoia-cortina-dampezzo\\\/#primaryimage\",\"url\":\"https:\\\/\\\/www.bellunopress.it\\\/wp-content\\\/uploads\\\/2026\\\/09\\\/Fiamma-Velo-e-Christian-DeLord-al-Grand-Hotel-Savoia-Cortina.jpg\",\"contentUrl\":\"https:\\\/\\\/www.bellunopress.it\\\/wp-content\\\/uploads\\\/2026\\\/09\\\/Fiamma-Velo-e-Christian-DeLord-al-Grand-Hotel-Savoia-Cortina.jpg\",\"width\":593,\"height\":403,\"caption\":\"Fiamma Velo e Christian DeLord al Grand Hotel Savoia Cortina\"},{\"@type\":\"BreadcrumbList\",\"@id\":\"https:\\\/\\\/www.bellunopress.it\\\/2026\\\/09\\\/04\\\/abitare-la-musica-al-grand-hotel-savoia-cortina-dampezzo\\\/#breadcrumb\",\"itemListElement\":[{\"@type\":\"ListItem\",\"position\":1,\"name\":\"Home\",\"item\":\"https:\\\/\\\/www.bellunopress.it\\\/\"},{\"@type\":\"ListItem\",\"position\":2,\"name\":\"Abitare la Musica al Grand Hotel Savoia Cortina d\u2019Ampezzo\"}]},{\"@type\":\"WebSite\",\"@id\":\"https:\\\/\\\/www.bellunopress.it\\\/#website\",\"url\":\"https:\\\/\\\/www.bellunopress.it\\\/\",\"name\":\"Bellunopress - Dolomiti\",\"description\":\"e-mail: redazione@bellunopress.it\",\"publisher\":{\"@id\":\"https:\\\/\\\/www.bellunopress.it\\\/#organization\"},\"potentialAction\":[{\"@type\":\"SearchAction\",\"target\":{\"@type\":\"EntryPoint\",\"urlTemplate\":\"https:\\\/\\\/www.bellunopress.it\\\/?s={search_term_string}\"},\"query-input\":{\"@type\":\"PropertyValueSpecification\",\"valueRequired\":true,\"valueName\":\"search_term_string\"}}],\"inLanguage\":\"fr-FR\"},{\"@type\":\"Organization\",\"@id\":\"https:\\\/\\\/www.bellunopress.it\\\/#organization\",\"name\":\"Bellunopress\",\"url\":\"https:\\\/\\\/www.bellunopress.it\\\/\",\"logo\":{\"@type\":\"ImageObject\",\"inLanguage\":\"fr-FR\",\"@id\":\"https:\\\/\\\/www.bellunopress.it\\\/#\\\/schema\\\/logo\\\/image\\\/\",\"url\":\"https:\\\/\\\/www.bellunopress.it\\\/wp-content\\\/uploads\\\/2011\\\/05\\\/cropped-logo-bellunopress-.jpg\",\"contentUrl\":\"https:\\\/\\\/www.bellunopress.it\\\/wp-content\\\/uploads\\\/2011\\\/05\\\/cropped-logo-bellunopress-.jpg\",\"width\":512,\"height\":512,\"caption\":\"Bellunopress\"},\"image\":{\"@id\":\"https:\\\/\\\/www.bellunopress.it\\\/#\\\/schema\\\/logo\\\/image\\\/\"},\"sameAs\":[\"https:\\\/\\\/www.facebook.com\\\/profile.php?id=100008943462799\",\"https:\\\/\\\/x.com\\\/bellunopress\",\"https:\\\/\\\/www.linkedin.com\\\/hp\\\/?dnr=JBzUWaJfMUw8vbXJJ2tVW5-I3jZKvC4wsoxE&amp;amp;amp;amp;amp;amp;trk=nav_responsive_tab_home\",\"https:\\\/\\\/www.youtube.com\\\/channel\\\/UCxL0wu1uN0_3_7hGG0306cw\"]},{\"@type\":\"Person\",\"@id\":\"https:\\\/\\\/www.bellunopress.it\\\/#\\\/schema\\\/person\\\/79bb06722b37ece1c03d3e94beb30d73\",\"name\":\"redazione\",\"image\":{\"@type\":\"ImageObject\",\"inLanguage\":\"fr-FR\",\"@id\":\"https:\\\/\\\/secure.gravatar.com\\\/avatar\\\/37d968a2e67a6fd04c169c4bdef102d0bc5d31b2546345219e348575eb80e9a0?s=96&d=mm&r=g\",\"url\":\"https:\\\/\\\/secure.gravatar.com\\\/avatar\\\/37d968a2e67a6fd04c169c4bdef102d0bc5d31b2546345219e348575eb80e9a0?s=96&d=mm&r=g\",\"contentUrl\":\"https:\\\/\\\/secure.gravatar.com\\\/avatar\\\/37d968a2e67a6fd04c169c4bdef102d0bc5d31b2546345219e348575eb80e9a0?s=96&d=mm&r=g\",\"caption\":\"redazione\"},\"sameAs\":[\"http:\\\/\\\/www.bellunopress.it\",\"https:\\\/\\\/x.com\\\/bellunopress\"],\"url\":\"https:\\\/\\\/www.bellunopress.it\\\/fr\\\/author\\\/redazione\\\/\"}]}<\/script>\n<!-- \/ Yoast SEO plugin. -->","yoast_head_json":{"title":"Abitare la Musica al Grand Hotel Savoia Cortina d\u2019Ampezzo - Bellunopress - Dolomiti","robots":{"index":"index","follow":"follow","max-snippet":"max-snippet:-1","max-image-preview":"max-image-preview:large","max-video-preview":"max-video-preview:-1"},"canonical":"https:\/\/www.bellunopress.it\/fr\/2026\/09\/04\/abitare-la-musica-al-grand-hotel-savoia-cortina-dampezzo\/","og_locale":"fr_FR","og_type":"article","og_title":"Abitare la Musica al Grand Hotel Savoia Cortina d\u2019Ampezzo - Bellunopress - Dolomiti","og_description":"Dal maltempo nasce un incontro inatteso. La storica struttura cinque stelle di Cortina ha aperto la Sala Dolomia al pianoforte a coda e agli artisti Fiamma Velo e Christian DeLord Cortina d\u2019Ampezzo, 4 settembre 2026 \u2013 Ci sono imprevisti che interrompono un percorso e altri che, inaspettatamente, ne aprono uno nuovo. \u00c8 quanto accaduto mercoled\u00ec [&hellip;]","og_url":"https:\/\/www.bellunopress.it\/fr\/2026\/09\/04\/abitare-la-musica-al-grand-hotel-savoia-cortina-dampezzo\/","og_site_name":"Bellunopress - Dolomiti","article_publisher":"https:\/\/www.facebook.com\/profile.php?id=100008943462799","article_published_time":"2026-09-04T13:32:48+00:00","og_image":[{"width":593,"height":403,"url":"https:\/\/www.bellunopress.it\/wp-content\/uploads\/2026\/09\/Fiamma-Velo-e-Christian-DeLord-al-Grand-Hotel-Savoia-Cortina.jpg","type":"image\/jpeg"}],"author":"redazione","twitter_card":"summary_large_image","twitter_creator":"@bellunopress","twitter_site":"@bellunopress","twitter_misc":{"Written by":"redazione","Est. reading time":"2 minutes"},"schema":{"@context":"https:\/\/schema.org","@graph":[{"@type":"Article","@id":"https:\/\/www.bellunopress.it\/2026\/09\/04\/abitare-la-musica-al-grand-hotel-savoia-cortina-dampezzo\/#article","isPartOf":{"@id":"https:\/\/www.bellunopress.it\/2026\/09\/04\/abitare-la-musica-al-grand-hotel-savoia-cortina-dampezzo\/"},"author":{"name":"redazione","@id":"https:\/\/www.bellunopress.it\/#\/schema\/person\/79bb06722b37ece1c03d3e94beb30d73"},"headline":"Abitare la Musica al Grand Hotel Savoia Cortina d\u2019Ampezzo","datePublished":"2026-09-04T13:32:48+00:00","mainEntityOfPage":{"@id":"https:\/\/www.bellunopress.it\/2026\/09\/04\/abitare-la-musica-al-grand-hotel-savoia-cortina-dampezzo\/"},"wordCount":216,"publisher":{"@id":"https:\/\/www.bellunopress.it\/#organization"},"image":{"@id":"https:\/\/www.bellunopress.it\/2026\/09\/04\/abitare-la-musica-al-grand-hotel-savoia-cortina-dampezzo\/#primaryimage"},"thumbnailUrl":"https:\/\/www.bellunopress.it\/wp-content\/uploads\/2026\/09\/Fiamma-Velo-e-Christian-DeLord-al-Grand-Hotel-Savoia-Cortina.jpg","articleSection":["Arte, Cultura, Spettacoli, Scienza","Pausa Caff\u00e8"],"inLanguage":"fr-FR"},{"@type":"WebPage","@id":"https:\/\/www.bellunopress.it\/2026\/09\/04\/abitare-la-musica-al-grand-hotel-savoia-cortina-dampezzo\/","url":"https:\/\/www.bellunopress.it\/2026\/09\/04\/abitare-la-musica-al-grand-hotel-savoia-cortina-dampezzo\/","name":"Abitare la Musica al Grand Hotel Savoia Cortina d\u2019Ampezzo - Bellunopress - Dolomiti","isPartOf":{"@id":"https:\/\/www.bellunopress.it\/#website"},"primaryImageOfPage":{"@id":"https:\/\/www.bellunopress.it\/2026\/09\/04\/abitare-la-musica-al-grand-hotel-savoia-cortina-dampezzo\/#primaryimage"},"image":{"@id":"https:\/\/www.bellunopress.it\/2026\/09\/04\/abitare-la-musica-al-grand-hotel-savoia-cortina-dampezzo\/#primaryimage"},"thumbnailUrl":"https:\/\/www.bellunopress.it\/wp-content\/uploads\/2026\/09\/Fiamma-Velo-e-Christian-DeLord-al-Grand-Hotel-Savoia-Cortina.jpg","datePublished":"2026-09-04T13:32:48+00:00","breadcrumb":{"@id":"https:\/\/www.bellunopress.it\/2026\/09\/04\/abitare-la-musica-al-grand-hotel-savoia-cortina-dampezzo\/#breadcrumb"},"inLanguage":"fr-FR","potentialAction":[{"@type":"ReadAction","target":["https:\/\/www.bellunopress.it\/2026\/09\/04\/abitare-la-musica-al-grand-hotel-savoia-cortina-dampezzo\/"]}]},{"@type":"ImageObject","inLanguage":"fr-FR","@id":"https:\/\/www.bellunopress.it\/2026\/09\/04\/abitare-la-musica-al-grand-hotel-savoia-cortina-dampezzo\/#primaryimage","url":"https:\/\/www.bellunopress.it\/wp-content\/uploads\/2026\/09\/Fiamma-Velo-e-Christian-DeLord-al-Grand-Hotel-Savoia-Cortina.jpg","contentUrl":"https:\/\/www.bellunopress.it\/wp-content\/uploads\/2026\/09\/Fiamma-Velo-e-Christian-DeLord-al-Grand-Hotel-Savoia-Cortina.jpg","width":593,"height":403,"caption":"Fiamma Velo e Christian DeLord al Grand Hotel Savoia Cortina"},{"@type":"BreadcrumbList","@id":"https:\/\/www.bellunopress.it\/2026\/09\/04\/abitare-la-musica-al-grand-hotel-savoia-cortina-dampezzo\/#breadcrumb","itemListElement":[{"@type":"ListItem","position":1,"name":"Home","item":"https:\/\/www.bellunopress.it\/"},{"@type":"ListItem","position":2,"name":"Abitare la Musica al Grand Hotel Savoia Cortina d\u2019Ampezzo"}]},{"@type":"WebSite","@id":"https:\/\/www.bellunopress.it\/#website","url":"https:\/\/www.bellunopress.it\/","name":"Bellunopress - Dolomiti","description":"e-mail: redazione@bellunopress.it","publisher":{"@id":"https:\/\/www.bellunopress.it\/#organization"},"potentialAction":[{"@type":"SearchAction","target":{"@type":"EntryPoint","urlTemplate":"https:\/\/www.bellunopress.it\/?s={search_term_string}"},"query-input":{"@type":"PropertyValueSpecification","valueRequired":true,"valueName":"search_term_string"}}],"inLanguage":"fr-FR"},{"@type":"Organization","@id":"https:\/\/www.bellunopress.it\/#organization","name":"Bellunopress","url":"https:\/\/www.bellunopress.it\/","logo":{"@type":"ImageObject","inLanguage":"fr-FR","@id":"https:\/\/www.bellunopress.it\/#\/schema\/logo\/image\/","url":"https:\/\/www.bellunopress.it\/wp-content\/uploads\/2011\/05\/cropped-logo-bellunopress-.jpg","contentUrl":"https:\/\/www.bellunopress.it\/wp-content\/uploads\/2011\/05\/cropped-logo-bellunopress-.jpg","width":512,"height":512,"caption":"Bellunopress"},"image":{"@id":"https:\/\/www.bellunopress.it\/#\/schema\/logo\/image\/"},"sameAs":["https:\/\/www.facebook.com\/profile.php?id=100008943462799","https:\/\/x.com\/bellunopress","https:\/\/www.linkedin.com\/hp\/?dnr=JBzUWaJfMUw8vbXJJ2tVW5-I3jZKvC4wsoxE&amp;amp;amp;amp;amp;amp;trk=nav_responsive_tab_home","https:\/\/www.youtube.com\/channel\/UCxL0wu1uN0_3_7hGG0306cw"]},{"@type":"Person","@id":"https:\/\/www.bellunopress.it\/#\/schema\/person\/79bb06722b37ece1c03d3e94beb30d73","name":"r\u00e9daction","image":{"@type":"ImageObject","inLanguage":"fr-FR","@id":"https:\/\/secure.gravatar.com\/avatar\/37d968a2e67a6fd04c169c4bdef102d0bc5d31b2546345219e348575eb80e9a0?s=96&d=mm&r=g","url":"https:\/\/secure.gravatar.com\/avatar\/37d968a2e67a6fd04c169c4bdef102d0bc5d31b2546345219e348575eb80e9a0?s=96&d=mm&r=g","contentUrl":"https:\/\/secure.gravatar.com\/avatar\/37d968a2e67a6fd04c169c4bdef102d0bc5d31b2546345219e348575eb80e9a0?s=96&d=mm&r=g","caption":"redazione"},"sameAs":["http:\/\/www.bellunopress.it","https:\/\/x.com\/bellunopress"],"url":"https:\/\/www.bellunopress.it\/fr\/author\/redazione\/"}]}},"_links":{"self":[{"href":"https:\/\/www.bellunopress.it\/fr\/wp-json\/wp\/v2\/posts\/173133","targetHints":{"allow":["GET"]}}],"collection":[{"href":"https:\/\/www.bellunopress.it\/fr\/wp-json\/wp\/v2\/posts"}],"about":[{"href":"https:\/\/www.bellunopress.it\/fr\/wp-json\/wp\/v2\/types\/post"}],"author":[{"embeddable":true,"href":"https:\/\/www.bellunopress.it\/fr\/wp-json\/wp\/v2\/users\/2"}],"replies":[{"embeddable":true,"href":"https:\/\/www.bellunopress.it\/fr\/wp-json\/wp\/v2\/comments?post=173133"}],"version-history":[{"count":1,"href":"https:\/\/www.bellunopress.it\/fr\/wp-json\/wp\/v2\/posts\/173133\/revisions"}],"predecessor-version":[{"id":173135,"href":"https:\/\/www.bellunopress.it\/fr\/wp-json\/wp\/v2\/posts\/173133\/revisions\/173135"}],"wp:featuredmedia":[{"embeddable":true,"href":"https:\/\/www.bellunopress.it\/fr\/wp-json\/wp\/v2\/media\/173134"}],"wp:attachment":[{"href":"https:\/\/www.bellunopress.it\/fr\/wp-json\/wp\/v2\/media?parent=173133"}],"wp:term":[{"taxonomy":"category","embeddable":true,"href":"https:\/\/www.bellunopress.it\/fr\/wp-json\/wp\/v2\/categories?post=173133"},{"taxonomy":"post_tag","embeddable":true,"href":"https:\/\/www.bellunopress.it\/fr\/wp-json\/wp\/v2\/tags?post=173133"}],"curies":[{"name":"wp","href":"https:\/\/api.w.org\/{rel}","templated":true}]}}