{"id":173131,"date":"2026-09-04T14:07:08","date_gmt":"2026-09-04T12:07:08","guid":{"rendered":"https:\/\/www.bellunopress.it\/?p=173131"},"modified":"2026-09-04T14:07:08","modified_gmt":"2026-09-04T12:07:08","slug":"fondi-idroelettrici-fatti-non-propaganda-bortoluzzi-la-provincia-si-svegli-e-pretenda-dalla-regione-i-40-milioni-che-spettano-ai-bellunesi","status":"publish","type":"post","link":"https:\/\/www.bellunopress.it\/fr\/2026\/09\/04\/fondi-idroelettrici-fatti-non-propaganda-bortoluzzi-la-provincia-si-svegli-e-pretenda-dalla-regione-i-40-milioni-che-spettano-ai-bellunesi\/","title":{"rendered":"Fondi idroelettrici, fatti, non propaganda. Bortoluzzi: la Provincia si svegli e pretenda dalla Regione i 40 milioni che spettano ai bellunesi"},"content":{"rendered":"<p>Belluno, 04\/09\/2026 &#8211; &#8220;La situazione legata alle risorse dell\u2019energia gratuita idroelettrica sta prendendo una piega inaccettabile. Parliamo della Deliberazione della Giunta Regionale n. 1501 del 16 dicembre 2024 (relativa all\u2019esercizio 2023), una direttiva chiara che riconosce alla Provincia di Belluno il 100% dell\u2019energia gratuita afferente al proprio territorio, trasformata in risorse economiche con norma regionale. Nelle casse della Regione Veneto giacciono oggi circa 40 milioni di euro, versati dai grandi concessionari (in primis Enel) a seguito degli arretrati e delle battaglie legali che anche la Provincia ha scelto di sostenere al fianco di Venezia nel 2025&#8221;.<\/p>\n<p>Lo afferma Massimo Bortoluzzi, gi\u00e0 consigliere provinciale delegato al Demanio Idrico della Provincia di Belluno<\/p>\n<p>&#8220;Questi soldi, che sono cosa diversa e ulteriore rispetto ai canoni idrici che la Provincia gi\u00e0 percepisce e sono stati adeguati al nuovo conteggio del canone binomio, ci spettano di diritto. Le modalit\u00e0 di riparto sono gi\u00e0 tracciate dalla DGR e dai regolamenti predisposti a livello provinciale con gli enti locali:<br \/>\n\u2022 80% (Socio-sanitario): Risorse vitali destinate ai Centri Servizi Residenziali (CSR) e, tramite convenzione con l&#8217;ULSS 1 Dolomiti e la Conferenza dei Sindaci, all&#8217;estensione dei servizi sociali e sanitari territoriali.<br \/>\n\u2022 5% (Unioni Montane): Fondi diretti per la valorizzazione del territorio montano.<br \/>\n\u2022 15% (Interventi specifici): Supporto al polo logistico di Protezione Civile, aiuti alle attivit\u00e0 economiche delle zone lacustri colpite dal secca-bacini, contributi alle famiglie indigenti, efficientamento energetico delle scuole superiori e abbattimento dei costi degli abbonamenti al Trasporto Pubblico Locale (TPL) per gli studenti.<\/p>\n<p>Nonostante il quadro sia definito, in territorio bellunese non \u00e8 ancora arrivato un singolo euro. Ci\u00f2 che sconcerta \u00e8 la passivit\u00e0 dell&#8217;attuale amministrazione provinciale. Com&#8217;\u00e8 possibile che non vi sia alcuna pressione forte e decisa della Provincia nei confronti della Regione per lo sblocco immediato di queste somme?<br \/>\n\u00c8 del tutto inutile riempirsi la bocca con i concetti di autonomia, di specificit\u00e0 o di applicazione della Legge Regionale 25, se poi di fronte a risorse gi\u00e0 stanziate e incassate non si dimostra il coraggio politico di prenderle e redistribuirle a chi ne ha urgente bisogno. La gestione del territorio si fa con la fermezza, non con il silenzio.<\/p>\n<p>Come ex consigliere provinciale con delega al Demanio Idrico \u2014 ruolo che ho ricoperto con dedizione fino all&#8217;inizio del 2026 \u2014, ho condotto insieme all\u2019assessore regionale di riferimento Gianpaolo Bottacin battaglie serrate per affermare il principio che la ricchezza generata dall&#8217;acqua bellunese deve ritornare ai cittadini bellunesi. Quegli accordi e quelle delibere sono stati il frutto di un lavoro duro e rigoroso in primis dalla Regione e sostenute dalla Provincia.<br \/>\nOggi assistiamo a uno stallo ingiustificato. Il rischio reale \u00e8 che certe dinamiche sfuggano di mano, lasciando le nostre case di riposo, le famiglie vulnerabili, gli studenti e la Protezione Civile privi di supporti gi\u00e0 stabiliti per legge, peraltro con risorse disponibili nelle casse regionali.<\/p>\n<p>Oggi non serve rifugiarsi dietro ai proclami sul futuro rinnovo delle grandi concessioni idroelettriche. Il rinnovo \u00e8 un tema strategico che va affrontato, ma nel frattempo dobbiamo portare a casa ci\u00f2 che \u00e8 gi\u00e0 nostro.<br \/>\n\u00c8 giunto il momento di fare squadra, superare le timidezze istituzionali e chiedere con fermezza che la Regione trasferisca senza ulteriori rinvii i 40 milioni spettanti al Bellunese. Serve uno scatto d&#8217;orgoglio e un&#8217;azione decisa: il nostro territorio e le sue fasce pi\u00f9 deboli non possono pi\u00f9 attendere&#8221;.<\/p>\n<p>&nbsp;<\/p>","protected":false},"excerpt":{"rendered":"<p>Belluno, 04\/09\/2026 &#8211; &#8220;La situazione legata alle risorse dell\u2019energia gratuita idroelettrica sta prendendo una piega inaccettabile. Parliamo della Deliberazione della Giunta Regionale n. 1501 del 16 dicembre 2024 (relativa all\u2019esercizio 2023), una direttiva chiara che riconosce alla Provincia di Belluno il 100% dell\u2019energia gratuita afferente al proprio territorio, trasformata in risorse economiche con norma regionale. [&hellip;]<\/p>\n","protected":false},"author":2,"featured_media":152663,"comment_status":"closed","ping_status":"open","sticky":false,"template":"","format":"standard","meta":{"footnotes":""},"categories":[1],"tags":[],"class_list":["post-173131","post","type-post","status-publish","format-standard","has-post-thumbnail","category-leo"],"yoast_head":"<!-- This site is optimized with the Yoast SEO plugin v28.4 - https:\/\/yoast.com\/product\/yoast-seo-wordpress\/ -->\n<title>Fondi idroelettrici, fatti, non propaganda. Bortoluzzi: la Provincia si svegli e pretenda dalla Regione i 40 milioni che spettano ai bellunesi - Bellunopress - Dolomiti<\/title>\n<meta name=\"robots\" content=\"index, follow, max-snippet:-1, max-image-preview:large, max-video-preview:-1\" \/>\n<link rel=\"canonical\" href=\"https:\/\/www.bellunopress.it\/fr\/2026\/09\/04\/fondi-idroelettrici-fatti-non-propaganda-bortoluzzi-la-provincia-si-svegli-e-pretenda-dalla-regione-i-40-milioni-che-spettano-ai-bellunesi\/\" \/>\n<meta property=\"og:locale\" content=\"fr_FR\" \/>\n<meta property=\"og:type\" content=\"article\" \/>\n<meta property=\"og:title\" content=\"Fondi idroelettrici, fatti, non propaganda. Bortoluzzi: la Provincia si svegli e pretenda dalla Regione i 40 milioni che spettano ai bellunesi - Bellunopress - Dolomiti\" \/>\n<meta property=\"og:description\" content=\"Belluno, 04\/09\/2026 &#8211; &#8220;La situazione legata alle risorse dell\u2019energia gratuita idroelettrica sta prendendo una piega inaccettabile. Parliamo della Deliberazione della Giunta Regionale n. 1501 del 16 dicembre 2024 (relativa all\u2019esercizio 2023), una direttiva chiara che riconosce alla Provincia di Belluno il 100% dell\u2019energia gratuita afferente al proprio territorio, trasformata in risorse economiche con norma regionale. [&hellip;]\" \/>\n<meta property=\"og:url\" content=\"https:\/\/www.bellunopress.it\/fr\/2026\/09\/04\/fondi-idroelettrici-fatti-non-propaganda-bortoluzzi-la-provincia-si-svegli-e-pretenda-dalla-regione-i-40-milioni-che-spettano-ai-bellunesi\/\" \/>\n<meta property=\"og:site_name\" content=\"Bellunopress - Dolomiti\" \/>\n<meta property=\"article:publisher\" content=\"https:\/\/www.facebook.com\/profile.php?id=100008943462799\" \/>\n<meta property=\"article:published_time\" content=\"2026-09-04T12:07:08+00:00\" \/>\n<meta property=\"og:image\" content=\"https:\/\/www.bellunopress.it\/wp-content\/uploads\/2024\/07\/Massimo-Bortoluzzi-consigloiere-provinciale.jpg\" \/>\n\t<meta property=\"og:image:width\" content=\"643\" \/>\n\t<meta property=\"og:image:height\" content=\"491\" \/>\n\t<meta property=\"og:image:type\" content=\"image\/jpeg\" \/>\n<meta name=\"author\" content=\"redazione\" \/>\n<meta name=\"twitter:card\" content=\"summary_large_image\" \/>\n<meta name=\"twitter:creator\" content=\"@bellunopress\" \/>\n<meta name=\"twitter:site\" content=\"@bellunopress\" \/>\n<meta name=\"twitter:label1\" content=\"Written by\" \/>\n\t<meta name=\"twitter:data1\" content=\"redazione\" \/>\n\t<meta name=\"twitter:label2\" content=\"Est. reading time\" \/>\n\t<meta name=\"twitter:data2\" content=\"4 minutes\" \/>\n<script type=\"application\/ld+json\" class=\"yoast-schema-graph\">{\"@context\":\"https:\\\/\\\/schema.org\",\"@graph\":[{\"@type\":\"Article\",\"@id\":\"https:\\\/\\\/www.bellunopress.it\\\/2026\\\/09\\\/04\\\/fondi-idroelettrici-fatti-non-propaganda-bortoluzzi-la-provincia-si-svegli-e-pretenda-dalla-regione-i-40-milioni-che-spettano-ai-bellunesi\\\/#article\",\"isPartOf\":{\"@id\":\"https:\\\/\\\/www.bellunopress.it\\\/2026\\\/09\\\/04\\\/fondi-idroelettrici-fatti-non-propaganda-bortoluzzi-la-provincia-si-svegli-e-pretenda-dalla-regione-i-40-milioni-che-spettano-ai-bellunesi\\\/\"},\"author\":{\"name\":\"redazione\",\"@id\":\"https:\\\/\\\/www.bellunopress.it\\\/#\\\/schema\\\/person\\\/79bb06722b37ece1c03d3e94beb30d73\"},\"headline\":\"Fondi idroelettrici, fatti, non propaganda. Bortoluzzi: la Provincia si svegli e pretenda dalla Regione i 40 milioni che spettano ai bellunesi\",\"datePublished\":\"2026-09-04T12:07:08+00:00\",\"mainEntityOfPage\":{\"@id\":\"https:\\\/\\\/www.bellunopress.it\\\/2026\\\/09\\\/04\\\/fondi-idroelettrici-fatti-non-propaganda-bortoluzzi-la-provincia-si-svegli-e-pretenda-dalla-regione-i-40-milioni-che-spettano-ai-bellunesi\\\/\"},\"wordCount\":559,\"publisher\":{\"@id\":\"https:\\\/\\\/www.bellunopress.it\\\/#organization\"},\"image\":{\"@id\":\"https:\\\/\\\/www.bellunopress.it\\\/2026\\\/09\\\/04\\\/fondi-idroelettrici-fatti-non-propaganda-bortoluzzi-la-provincia-si-svegli-e-pretenda-dalla-regione-i-40-milioni-che-spettano-ai-bellunesi\\\/#primaryimage\"},\"thumbnailUrl\":\"https:\\\/\\\/www.bellunopress.it\\\/wp-content\\\/uploads\\\/2024\\\/07\\\/Massimo-Bortoluzzi-consigloiere-provinciale.jpg\",\"articleSection\":[\"Lettere Opinioni\"],\"inLanguage\":\"fr-FR\"},{\"@type\":\"WebPage\",\"@id\":\"https:\\\/\\\/www.bellunopress.it\\\/2026\\\/09\\\/04\\\/fondi-idroelettrici-fatti-non-propaganda-bortoluzzi-la-provincia-si-svegli-e-pretenda-dalla-regione-i-40-milioni-che-spettano-ai-bellunesi\\\/\",\"url\":\"https:\\\/\\\/www.bellunopress.it\\\/2026\\\/09\\\/04\\\/fondi-idroelettrici-fatti-non-propaganda-bortoluzzi-la-provincia-si-svegli-e-pretenda-dalla-regione-i-40-milioni-che-spettano-ai-bellunesi\\\/\",\"name\":\"Fondi idroelettrici, fatti, non propaganda. Bortoluzzi: la Provincia si svegli e pretenda dalla Regione i 40 milioni che spettano ai bellunesi - Bellunopress - Dolomiti\",\"isPartOf\":{\"@id\":\"https:\\\/\\\/www.bellunopress.it\\\/#website\"},\"primaryImageOfPage\":{\"@id\":\"https:\\\/\\\/www.bellunopress.it\\\/2026\\\/09\\\/04\\\/fondi-idroelettrici-fatti-non-propaganda-bortoluzzi-la-provincia-si-svegli-e-pretenda-dalla-regione-i-40-milioni-che-spettano-ai-bellunesi\\\/#primaryimage\"},\"image\":{\"@id\":\"https:\\\/\\\/www.bellunopress.it\\\/2026\\\/09\\\/04\\\/fondi-idroelettrici-fatti-non-propaganda-bortoluzzi-la-provincia-si-svegli-e-pretenda-dalla-regione-i-40-milioni-che-spettano-ai-bellunesi\\\/#primaryimage\"},\"thumbnailUrl\":\"https:\\\/\\\/www.bellunopress.it\\\/wp-content\\\/uploads\\\/2024\\\/07\\\/Massimo-Bortoluzzi-consigloiere-provinciale.jpg\",\"datePublished\":\"2026-09-04T12:07:08+00:00\",\"breadcrumb\":{\"@id\":\"https:\\\/\\\/www.bellunopress.it\\\/2026\\\/09\\\/04\\\/fondi-idroelettrici-fatti-non-propaganda-bortoluzzi-la-provincia-si-svegli-e-pretenda-dalla-regione-i-40-milioni-che-spettano-ai-bellunesi\\\/#breadcrumb\"},\"inLanguage\":\"fr-FR\",\"potentialAction\":[{\"@type\":\"ReadAction\",\"target\":[\"https:\\\/\\\/www.bellunopress.it\\\/2026\\\/09\\\/04\\\/fondi-idroelettrici-fatti-non-propaganda-bortoluzzi-la-provincia-si-svegli-e-pretenda-dalla-regione-i-40-milioni-che-spettano-ai-bellunesi\\\/\"]}]},{\"@type\":\"ImageObject\",\"inLanguage\":\"fr-FR\",\"@id\":\"https:\\\/\\\/www.bellunopress.it\\\/2026\\\/09\\\/04\\\/fondi-idroelettrici-fatti-non-propaganda-bortoluzzi-la-provincia-si-svegli-e-pretenda-dalla-regione-i-40-milioni-che-spettano-ai-bellunesi\\\/#primaryimage\",\"url\":\"https:\\\/\\\/www.bellunopress.it\\\/wp-content\\\/uploads\\\/2024\\\/07\\\/Massimo-Bortoluzzi-consigloiere-provinciale.jpg\",\"contentUrl\":\"https:\\\/\\\/www.bellunopress.it\\\/wp-content\\\/uploads\\\/2024\\\/07\\\/Massimo-Bortoluzzi-consigloiere-provinciale.jpg\",\"width\":643,\"height\":491,\"caption\":\"Massimo Bortoluzzi, gi\u00e0 consigliere provinciale delegato al Demanio idrico e Trasporti, Protezione civile e Difesa del suolo\"},{\"@type\":\"BreadcrumbList\",\"@id\":\"https:\\\/\\\/www.bellunopress.it\\\/2026\\\/09\\\/04\\\/fondi-idroelettrici-fatti-non-propaganda-bortoluzzi-la-provincia-si-svegli-e-pretenda-dalla-regione-i-40-milioni-che-spettano-ai-bellunesi\\\/#breadcrumb\",\"itemListElement\":[{\"@type\":\"ListItem\",\"position\":1,\"name\":\"Home\",\"item\":\"https:\\\/\\\/www.bellunopress.it\\\/\"},{\"@type\":\"ListItem\",\"position\":2,\"name\":\"Fondi idroelettrici, fatti, non propaganda. Bortoluzzi: la Provincia si svegli e pretenda dalla Regione i 40 milioni che spettano ai bellunesi\"}]},{\"@type\":\"WebSite\",\"@id\":\"https:\\\/\\\/www.bellunopress.it\\\/#website\",\"url\":\"https:\\\/\\\/www.bellunopress.it\\\/\",\"name\":\"Bellunopress - Dolomiti\",\"description\":\"e-mail: redazione@bellunopress.it\",\"publisher\":{\"@id\":\"https:\\\/\\\/www.bellunopress.it\\\/#organization\"},\"potentialAction\":[{\"@type\":\"SearchAction\",\"target\":{\"@type\":\"EntryPoint\",\"urlTemplate\":\"https:\\\/\\\/www.bellunopress.it\\\/?s={search_term_string}\"},\"query-input\":{\"@type\":\"PropertyValueSpecification\",\"valueRequired\":true,\"valueName\":\"search_term_string\"}}],\"inLanguage\":\"fr-FR\"},{\"@type\":\"Organization\",\"@id\":\"https:\\\/\\\/www.bellunopress.it\\\/#organization\",\"name\":\"Bellunopress\",\"url\":\"https:\\\/\\\/www.bellunopress.it\\\/\",\"logo\":{\"@type\":\"ImageObject\",\"inLanguage\":\"fr-FR\",\"@id\":\"https:\\\/\\\/www.bellunopress.it\\\/#\\\/schema\\\/logo\\\/image\\\/\",\"url\":\"https:\\\/\\\/www.bellunopress.it\\\/wp-content\\\/uploads\\\/2011\\\/05\\\/cropped-logo-bellunopress-.jpg\",\"contentUrl\":\"https:\\\/\\\/www.bellunopress.it\\\/wp-content\\\/uploads\\\/2011\\\/05\\\/cropped-logo-bellunopress-.jpg\",\"width\":512,\"height\":512,\"caption\":\"Bellunopress\"},\"image\":{\"@id\":\"https:\\\/\\\/www.bellunopress.it\\\/#\\\/schema\\\/logo\\\/image\\\/\"},\"sameAs\":[\"https:\\\/\\\/www.facebook.com\\\/profile.php?id=100008943462799\",\"https:\\\/\\\/x.com\\\/bellunopress\",\"https:\\\/\\\/www.linkedin.com\\\/hp\\\/?dnr=JBzUWaJfMUw8vbXJJ2tVW5-I3jZKvC4wsoxE&amp;amp;amp;amp;amp;amp;trk=nav_responsive_tab_home\",\"https:\\\/\\\/www.youtube.com\\\/channel\\\/UCxL0wu1uN0_3_7hGG0306cw\"]},{\"@type\":\"Person\",\"@id\":\"https:\\\/\\\/www.bellunopress.it\\\/#\\\/schema\\\/person\\\/79bb06722b37ece1c03d3e94beb30d73\",\"name\":\"redazione\",\"image\":{\"@type\":\"ImageObject\",\"inLanguage\":\"fr-FR\",\"@id\":\"https:\\\/\\\/secure.gravatar.com\\\/avatar\\\/37d968a2e67a6fd04c169c4bdef102d0bc5d31b2546345219e348575eb80e9a0?s=96&d=mm&r=g\",\"url\":\"https:\\\/\\\/secure.gravatar.com\\\/avatar\\\/37d968a2e67a6fd04c169c4bdef102d0bc5d31b2546345219e348575eb80e9a0?s=96&d=mm&r=g\",\"contentUrl\":\"https:\\\/\\\/secure.gravatar.com\\\/avatar\\\/37d968a2e67a6fd04c169c4bdef102d0bc5d31b2546345219e348575eb80e9a0?s=96&d=mm&r=g\",\"caption\":\"redazione\"},\"sameAs\":[\"http:\\\/\\\/www.bellunopress.it\",\"https:\\\/\\\/x.com\\\/bellunopress\"],\"url\":\"https:\\\/\\\/www.bellunopress.it\\\/fr\\\/author\\\/redazione\\\/\"}]}<\/script>\n<!-- \/ Yoast SEO plugin. -->","yoast_head_json":{"title":"Fondi idroelettrici, fatti, non propaganda. Bortoluzzi: la Provincia si svegli e pretenda dalla Regione i 40 milioni che spettano ai bellunesi - Bellunopress - Dolomiti","robots":{"index":"index","follow":"follow","max-snippet":"max-snippet:-1","max-image-preview":"max-image-preview:large","max-video-preview":"max-video-preview:-1"},"canonical":"https:\/\/www.bellunopress.it\/fr\/2026\/09\/04\/fondi-idroelettrici-fatti-non-propaganda-bortoluzzi-la-provincia-si-svegli-e-pretenda-dalla-regione-i-40-milioni-che-spettano-ai-bellunesi\/","og_locale":"fr_FR","og_type":"article","og_title":"Fondi idroelettrici, fatti, non propaganda. Bortoluzzi: la Provincia si svegli e pretenda dalla Regione i 40 milioni che spettano ai bellunesi - Bellunopress - Dolomiti","og_description":"Belluno, 04\/09\/2026 &#8211; &#8220;La situazione legata alle risorse dell\u2019energia gratuita idroelettrica sta prendendo una piega inaccettabile. Parliamo della Deliberazione della Giunta Regionale n. 1501 del 16 dicembre 2024 (relativa all\u2019esercizio 2023), una direttiva chiara che riconosce alla Provincia di Belluno il 100% dell\u2019energia gratuita afferente al proprio territorio, trasformata in risorse economiche con norma regionale. [&hellip;]","og_url":"https:\/\/www.bellunopress.it\/fr\/2026\/09\/04\/fondi-idroelettrici-fatti-non-propaganda-bortoluzzi-la-provincia-si-svegli-e-pretenda-dalla-regione-i-40-milioni-che-spettano-ai-bellunesi\/","og_site_name":"Bellunopress - Dolomiti","article_publisher":"https:\/\/www.facebook.com\/profile.php?id=100008943462799","article_published_time":"2026-09-04T12:07:08+00:00","og_image":[{"width":643,"height":491,"url":"https:\/\/www.bellunopress.it\/wp-content\/uploads\/2024\/07\/Massimo-Bortoluzzi-consigloiere-provinciale.jpg","type":"image\/jpeg"}],"author":"redazione","twitter_card":"summary_large_image","twitter_creator":"@bellunopress","twitter_site":"@bellunopress","twitter_misc":{"Written by":"redazione","Est. reading time":"4 minutes"},"schema":{"@context":"https:\/\/schema.org","@graph":[{"@type":"Article","@id":"https:\/\/www.bellunopress.it\/2026\/09\/04\/fondi-idroelettrici-fatti-non-propaganda-bortoluzzi-la-provincia-si-svegli-e-pretenda-dalla-regione-i-40-milioni-che-spettano-ai-bellunesi\/#article","isPartOf":{"@id":"https:\/\/www.bellunopress.it\/2026\/09\/04\/fondi-idroelettrici-fatti-non-propaganda-bortoluzzi-la-provincia-si-svegli-e-pretenda-dalla-regione-i-40-milioni-che-spettano-ai-bellunesi\/"},"author":{"name":"redazione","@id":"https:\/\/www.bellunopress.it\/#\/schema\/person\/79bb06722b37ece1c03d3e94beb30d73"},"headline":"Fondi idroelettrici, fatti, non propaganda. Bortoluzzi: la Provincia si svegli e pretenda dalla Regione i 40 milioni che spettano ai bellunesi","datePublished":"2026-09-04T12:07:08+00:00","mainEntityOfPage":{"@id":"https:\/\/www.bellunopress.it\/2026\/09\/04\/fondi-idroelettrici-fatti-non-propaganda-bortoluzzi-la-provincia-si-svegli-e-pretenda-dalla-regione-i-40-milioni-che-spettano-ai-bellunesi\/"},"wordCount":559,"publisher":{"@id":"https:\/\/www.bellunopress.it\/#organization"},"image":{"@id":"https:\/\/www.bellunopress.it\/2026\/09\/04\/fondi-idroelettrici-fatti-non-propaganda-bortoluzzi-la-provincia-si-svegli-e-pretenda-dalla-regione-i-40-milioni-che-spettano-ai-bellunesi\/#primaryimage"},"thumbnailUrl":"https:\/\/www.bellunopress.it\/wp-content\/uploads\/2024\/07\/Massimo-Bortoluzzi-consigloiere-provinciale.jpg","articleSection":["Lettere Opinioni"],"inLanguage":"fr-FR"},{"@type":"WebPage","@id":"https:\/\/www.bellunopress.it\/2026\/09\/04\/fondi-idroelettrici-fatti-non-propaganda-bortoluzzi-la-provincia-si-svegli-e-pretenda-dalla-regione-i-40-milioni-che-spettano-ai-bellunesi\/","url":"https:\/\/www.bellunopress.it\/2026\/09\/04\/fondi-idroelettrici-fatti-non-propaganda-bortoluzzi-la-provincia-si-svegli-e-pretenda-dalla-regione-i-40-milioni-che-spettano-ai-bellunesi\/","name":"Fondi idroelettrici, fatti, non propaganda. Bortoluzzi: la Provincia si svegli e pretenda dalla Regione i 40 milioni che spettano ai bellunesi - Bellunopress - Dolomiti","isPartOf":{"@id":"https:\/\/www.bellunopress.it\/#website"},"primaryImageOfPage":{"@id":"https:\/\/www.bellunopress.it\/2026\/09\/04\/fondi-idroelettrici-fatti-non-propaganda-bortoluzzi-la-provincia-si-svegli-e-pretenda-dalla-regione-i-40-milioni-che-spettano-ai-bellunesi\/#primaryimage"},"image":{"@id":"https:\/\/www.bellunopress.it\/2026\/09\/04\/fondi-idroelettrici-fatti-non-propaganda-bortoluzzi-la-provincia-si-svegli-e-pretenda-dalla-regione-i-40-milioni-che-spettano-ai-bellunesi\/#primaryimage"},"thumbnailUrl":"https:\/\/www.bellunopress.it\/wp-content\/uploads\/2024\/07\/Massimo-Bortoluzzi-consigloiere-provinciale.jpg","datePublished":"2026-09-04T12:07:08+00:00","breadcrumb":{"@id":"https:\/\/www.bellunopress.it\/2026\/09\/04\/fondi-idroelettrici-fatti-non-propaganda-bortoluzzi-la-provincia-si-svegli-e-pretenda-dalla-regione-i-40-milioni-che-spettano-ai-bellunesi\/#breadcrumb"},"inLanguage":"fr-FR","potentialAction":[{"@type":"ReadAction","target":["https:\/\/www.bellunopress.it\/2026\/09\/04\/fondi-idroelettrici-fatti-non-propaganda-bortoluzzi-la-provincia-si-svegli-e-pretenda-dalla-regione-i-40-milioni-che-spettano-ai-bellunesi\/"]}]},{"@type":"ImageObject","inLanguage":"fr-FR","@id":"https:\/\/www.bellunopress.it\/2026\/09\/04\/fondi-idroelettrici-fatti-non-propaganda-bortoluzzi-la-provincia-si-svegli-e-pretenda-dalla-regione-i-40-milioni-che-spettano-ai-bellunesi\/#primaryimage","url":"https:\/\/www.bellunopress.it\/wp-content\/uploads\/2024\/07\/Massimo-Bortoluzzi-consigloiere-provinciale.jpg","contentUrl":"https:\/\/www.bellunopress.it\/wp-content\/uploads\/2024\/07\/Massimo-Bortoluzzi-consigloiere-provinciale.jpg","width":643,"height":491,"caption":"Massimo Bortoluzzi, gi\u00e0 consigliere provinciale delegato al Demanio idrico e Trasporti, Protezione civile e Difesa del suolo"},{"@type":"BreadcrumbList","@id":"https:\/\/www.bellunopress.it\/2026\/09\/04\/fondi-idroelettrici-fatti-non-propaganda-bortoluzzi-la-provincia-si-svegli-e-pretenda-dalla-regione-i-40-milioni-che-spettano-ai-bellunesi\/#breadcrumb","itemListElement":[{"@type":"ListItem","position":1,"name":"Home","item":"https:\/\/www.bellunopress.it\/"},{"@type":"ListItem","position":2,"name":"Fondi idroelettrici, fatti, non propaganda. Bortoluzzi: la Provincia si svegli e pretenda dalla Regione i 40 milioni che spettano ai bellunesi"}]},{"@type":"WebSite","@id":"https:\/\/www.bellunopress.it\/#website","url":"https:\/\/www.bellunopress.it\/","name":"Bellunopress - Dolomiti","description":"e-mail: redazione@bellunopress.it","publisher":{"@id":"https:\/\/www.bellunopress.it\/#organization"},"potentialAction":[{"@type":"SearchAction","target":{"@type":"EntryPoint","urlTemplate":"https:\/\/www.bellunopress.it\/?s={search_term_string}"},"query-input":{"@type":"PropertyValueSpecification","valueRequired":true,"valueName":"search_term_string"}}],"inLanguage":"fr-FR"},{"@type":"Organization","@id":"https:\/\/www.bellunopress.it\/#organization","name":"Bellunopress","url":"https:\/\/www.bellunopress.it\/","logo":{"@type":"ImageObject","inLanguage":"fr-FR","@id":"https:\/\/www.bellunopress.it\/#\/schema\/logo\/image\/","url":"https:\/\/www.bellunopress.it\/wp-content\/uploads\/2011\/05\/cropped-logo-bellunopress-.jpg","contentUrl":"https:\/\/www.bellunopress.it\/wp-content\/uploads\/2011\/05\/cropped-logo-bellunopress-.jpg","width":512,"height":512,"caption":"Bellunopress"},"image":{"@id":"https:\/\/www.bellunopress.it\/#\/schema\/logo\/image\/"},"sameAs":["https:\/\/www.facebook.com\/profile.php?id=100008943462799","https:\/\/x.com\/bellunopress","https:\/\/www.linkedin.com\/hp\/?dnr=JBzUWaJfMUw8vbXJJ2tVW5-I3jZKvC4wsoxE&amp;amp;amp;amp;amp;amp;trk=nav_responsive_tab_home","https:\/\/www.youtube.com\/channel\/UCxL0wu1uN0_3_7hGG0306cw"]},{"@type":"Person","@id":"https:\/\/www.bellunopress.it\/#\/schema\/person\/79bb06722b37ece1c03d3e94beb30d73","name":"r\u00e9daction","image":{"@type":"ImageObject","inLanguage":"fr-FR","@id":"https:\/\/secure.gravatar.com\/avatar\/37d968a2e67a6fd04c169c4bdef102d0bc5d31b2546345219e348575eb80e9a0?s=96&d=mm&r=g","url":"https:\/\/secure.gravatar.com\/avatar\/37d968a2e67a6fd04c169c4bdef102d0bc5d31b2546345219e348575eb80e9a0?s=96&d=mm&r=g","contentUrl":"https:\/\/secure.gravatar.com\/avatar\/37d968a2e67a6fd04c169c4bdef102d0bc5d31b2546345219e348575eb80e9a0?s=96&d=mm&r=g","caption":"redazione"},"sameAs":["http:\/\/www.bellunopress.it","https:\/\/x.com\/bellunopress"],"url":"https:\/\/www.bellunopress.it\/fr\/author\/redazione\/"}]}},"_links":{"self":[{"href":"https:\/\/www.bellunopress.it\/fr\/wp-json\/wp\/v2\/posts\/173131","targetHints":{"allow":["GET"]}}],"collection":[{"href":"https:\/\/www.bellunopress.it\/fr\/wp-json\/wp\/v2\/posts"}],"about":[{"href":"https:\/\/www.bellunopress.it\/fr\/wp-json\/wp\/v2\/types\/post"}],"author":[{"embeddable":true,"href":"https:\/\/www.bellunopress.it\/fr\/wp-json\/wp\/v2\/users\/2"}],"replies":[{"embeddable":true,"href":"https:\/\/www.bellunopress.it\/fr\/wp-json\/wp\/v2\/comments?post=173131"}],"version-history":[{"count":1,"href":"https:\/\/www.bellunopress.it\/fr\/wp-json\/wp\/v2\/posts\/173131\/revisions"}],"predecessor-version":[{"id":173132,"href":"https:\/\/www.bellunopress.it\/fr\/wp-json\/wp\/v2\/posts\/173131\/revisions\/173132"}],"wp:featuredmedia":[{"embeddable":true,"href":"https:\/\/www.bellunopress.it\/fr\/wp-json\/wp\/v2\/media\/152663"}],"wp:attachment":[{"href":"https:\/\/www.bellunopress.it\/fr\/wp-json\/wp\/v2\/media?parent=173131"}],"wp:term":[{"taxonomy":"category","embeddable":true,"href":"https:\/\/www.bellunopress.it\/fr\/wp-json\/wp\/v2\/categories?post=173131"},{"taxonomy":"post_tag","embeddable":true,"href":"https:\/\/www.bellunopress.it\/fr\/wp-json\/wp\/v2\/tags?post=173131"}],"curies":[{"name":"wp","href":"https:\/\/api.w.org\/{rel}","templated":true}]}}