{"id":173128,"date":"2026-09-04T13:56:40","date_gmt":"2026-09-04T11:56:40","guid":{"rendered":"https:\/\/www.bellunopress.it\/?p=173128"},"modified":"2026-09-04T13:56:40","modified_gmt":"2026-09-04T11:56:40","slug":"la-veduta-di-belluno-di-ippolito-caffi-esposta-al-museo-civico-di-belluno","status":"publish","type":"post","link":"https:\/\/www.bellunopress.it\/fr\/2026\/09\/04\/la-veduta-di-belluno-di-ippolito-caffi-esposta-al-museo-civico-di-belluno\/","title":{"rendered":"La Veduta di Belluno di Ippolito Caffi esposta al Museo Civico di Belluno"},"content":{"rendered":"<p><strong>Da oggi l\u2019opera esposta nella sala dedicata all\u2019artista. Il Sindaco: \u201cLe collezioni civiche crescono anche grazie alla generosit\u00e0 dei cittadini\u201d<\/strong><\/p>\n<p>Belluno, 04\/09\/2026 &#8211; Una nuova opera di Ippolito Caffi entra, seppure temporaneamente, nel percorso espositivo del Museo Civico di Belluno. Da oggi \u00e8 infatti visibile al pubblico nella sala dedicata al pittore bellunese la \u201cVeduta di Belluno\u201d, olio su tela di propriet\u00e0 privata concesso in comodato gratuito al Comune per sei mesi. Il prestito consentir\u00e0 di arricchire, in occasione anche del 160\u00b0 anniversario della morte di Ippolito Caffi, il nucleo di opere dedi-cate a uno dei maggiori interpreti del vedutismo ottocentesco e tra gli arti-sti pi\u00f9 strettamente legati alla Citt\u00e0. \u201cQuesto prestito \u2013 sottolinea il sinda-co Oscar De Pellegrin \u2013. Racconta ancora una volta il rapporto profondo che esiste tra il nostro museo e la Citt\u00e0. Le collezioni civiche non sono qualcosa di distante dalla comunit\u00e0, ma sono cresciute nel tempo anche grazie alle persone, alle famiglie e ai cittadini che hanno scelto di donare, affidare o mettere temporaneamente a disposizione beni di loro propriet\u00e0. \u00c8 un patrimonio costruito insieme, nel quale Belluno pu\u00f2 riconoscere an-che una parte della propria storia\u201d.<\/p>\n<p>Il dipinto, delle dimensioni di 37,5 per 56,5 centimetri compresa la cornice, era stato mostrato per la prima volta al pubblico il 15 luglio scorso, in oc-casione della conferenza \u201cIppolito Caffi e Belluno: dalle collezioni al mu-seo\u201d, tenuta al Museo Civico dal professor Massimo De Grassi dell\u2019Universit\u00e0 degli Studi di Trieste. Proprio l\u2019interesse suscitato dall\u2019opera durante quell\u2019occasione ha portato il proprietario a proporne successivamente il comodato gratuito al Comune. A partire da oggi e per i prossimi sei mesi la \u201cVeduta di Belluno\u201d pu\u00f2 quindi essere ammirata all\u2019interno della sala del Museo Civico dedicata a Caffi, dove sono gi\u00e0 conservate ed esposte diverse opere dell\u2019artista, tra cui altre due vedute della Citt\u00e0 e alcuni lavori dedicati a Venezia. Ulteriori testimonianze, in particolare disegni, fanno parte delle collezioni civiche e vengono custo-dite nei depositi per ragioni conservative.<\/p>\n<p>Non si tratta del primo caso in cui un privato cittadino mette a disposizio-ne del Museo Civico un\u2019opera appartenente alla propria collezione. Do-nazioni, lasciti e prestiti hanno contribuito nel tempo ad arricchire il patri-monio culturale conservato e valorizzato dal Comune e rappresentano ancora oggi una possibilit\u00e0 concreta per chi custodisce opere o materiali di interesse storico e artistico e desidera renderli fruibili dalla collettivit\u00e0.<br \/>\nChi possiede beni che ritiene possano avere un interesse per la storia e la cultura del territorio pu\u00f2 rivolgersi al Museo Civico: ogni proposta viene valutata sotto il profilo scientifico e conservativo.<\/p>","protected":false},"excerpt":{"rendered":"<p>Da oggi l\u2019opera esposta nella sala dedicata all\u2019artista. Il Sindaco: \u201cLe collezioni civiche crescono anche grazie alla generosit\u00e0 dei cittadini\u201d Belluno, 04\/09\/2026 &#8211; Una nuova opera di Ippolito Caffi entra, seppure temporaneamente, nel percorso espositivo del Museo Civico di Belluno. Da oggi \u00e8 infatti visibile al pubblico nella sala dedicata al pittore bellunese la \u201cVeduta [&hellip;]<\/p>\n","protected":false},"author":2,"featured_media":173129,"comment_status":"closed","ping_status":"open","sticky":false,"template":"","format":"standard","meta":{"footnotes":""},"categories":[3,25],"tags":[],"class_list":["post-173128","post","type-post","status-publish","format-standard","has-post-thumbnail","category-arte-cultura-spettacoli-scienza-archivi","category-pausa-caffe"],"yoast_head":"<!-- This site is optimized with the Yoast SEO plugin v28.4 - https:\/\/yoast.com\/product\/yoast-seo-wordpress\/ -->\n<title>La Veduta di Belluno di Ippolito Caffi esposta al Museo Civico di Belluno - Bellunopress - Dolomiti<\/title>\n<meta name=\"robots\" content=\"index, follow, max-snippet:-1, max-image-preview:large, max-video-preview:-1\" \/>\n<link rel=\"canonical\" href=\"https:\/\/www.bellunopress.it\/fr\/2026\/09\/04\/la-veduta-di-belluno-di-ippolito-caffi-esposta-al-museo-civico-di-belluno\/\" \/>\n<meta property=\"og:locale\" content=\"fr_FR\" \/>\n<meta property=\"og:type\" content=\"article\" \/>\n<meta property=\"og:title\" content=\"La Veduta di Belluno di Ippolito Caffi esposta al Museo Civico di Belluno - Bellunopress - Dolomiti\" \/>\n<meta property=\"og:description\" content=\"Da oggi l\u2019opera esposta nella sala dedicata all\u2019artista. Il Sindaco: \u201cLe collezioni civiche crescono anche grazie alla generosit\u00e0 dei cittadini\u201d Belluno, 04\/09\/2026 &#8211; Una nuova opera di Ippolito Caffi entra, seppure temporaneamente, nel percorso espositivo del Museo Civico di Belluno. Da oggi \u00e8 infatti visibile al pubblico nella sala dedicata al pittore bellunese la \u201cVeduta [&hellip;]\" \/>\n<meta property=\"og:url\" content=\"https:\/\/www.bellunopress.it\/fr\/2026\/09\/04\/la-veduta-di-belluno-di-ippolito-caffi-esposta-al-museo-civico-di-belluno\/\" \/>\n<meta property=\"og:site_name\" content=\"Bellunopress - Dolomiti\" \/>\n<meta property=\"article:publisher\" content=\"https:\/\/www.facebook.com\/profile.php?id=100008943462799\" \/>\n<meta property=\"article:published_time\" content=\"2026-09-04T11:56:40+00:00\" \/>\n<meta property=\"og:image\" content=\"https:\/\/www.bellunopress.it\/wp-content\/uploads\/2026\/09\/Veduta-di-Belluno-Ippolito-Caffi.jpeg\" \/>\n\t<meta property=\"og:image:width\" content=\"600\" \/>\n\t<meta property=\"og:image:height\" content=\"394\" \/>\n\t<meta property=\"og:image:type\" content=\"image\/jpeg\" \/>\n<meta name=\"author\" content=\"redazione\" \/>\n<meta name=\"twitter:card\" content=\"summary_large_image\" \/>\n<meta name=\"twitter:creator\" content=\"@bellunopress\" \/>\n<meta name=\"twitter:site\" content=\"@bellunopress\" \/>\n<meta name=\"twitter:label1\" content=\"Written by\" \/>\n\t<meta name=\"twitter:data1\" content=\"redazione\" \/>\n\t<meta name=\"twitter:label2\" content=\"Est. reading time\" \/>\n\t<meta name=\"twitter:data2\" content=\"3 minutes\" \/>\n<script type=\"application\/ld+json\" class=\"yoast-schema-graph\">{\"@context\":\"https:\\\/\\\/schema.org\",\"@graph\":[{\"@type\":\"Article\",\"@id\":\"https:\\\/\\\/www.bellunopress.it\\\/2026\\\/09\\\/04\\\/la-veduta-di-belluno-di-ippolito-caffi-esposta-al-museo-civico-di-belluno\\\/#article\",\"isPartOf\":{\"@id\":\"https:\\\/\\\/www.bellunopress.it\\\/2026\\\/09\\\/04\\\/la-veduta-di-belluno-di-ippolito-caffi-esposta-al-museo-civico-di-belluno\\\/\"},\"author\":{\"name\":\"redazione\",\"@id\":\"https:\\\/\\\/www.bellunopress.it\\\/#\\\/schema\\\/person\\\/79bb06722b37ece1c03d3e94beb30d73\"},\"headline\":\"La Veduta di Belluno di Ippolito Caffi esposta al Museo Civico di Belluno\",\"datePublished\":\"2026-09-04T11:56:40+00:00\",\"mainEntityOfPage\":{\"@id\":\"https:\\\/\\\/www.bellunopress.it\\\/2026\\\/09\\\/04\\\/la-veduta-di-belluno-di-ippolito-caffi-esposta-al-museo-civico-di-belluno\\\/\"},\"wordCount\":436,\"publisher\":{\"@id\":\"https:\\\/\\\/www.bellunopress.it\\\/#organization\"},\"image\":{\"@id\":\"https:\\\/\\\/www.bellunopress.it\\\/2026\\\/09\\\/04\\\/la-veduta-di-belluno-di-ippolito-caffi-esposta-al-museo-civico-di-belluno\\\/#primaryimage\"},\"thumbnailUrl\":\"https:\\\/\\\/www.bellunopress.it\\\/wp-content\\\/uploads\\\/2026\\\/09\\\/Veduta-di-Belluno-Ippolito-Caffi.jpeg\",\"articleSection\":[\"Arte, Cultura, Spettacoli, Scienza\",\"Pausa Caff\u00e8\"],\"inLanguage\":\"fr-FR\"},{\"@type\":\"WebPage\",\"@id\":\"https:\\\/\\\/www.bellunopress.it\\\/2026\\\/09\\\/04\\\/la-veduta-di-belluno-di-ippolito-caffi-esposta-al-museo-civico-di-belluno\\\/\",\"url\":\"https:\\\/\\\/www.bellunopress.it\\\/2026\\\/09\\\/04\\\/la-veduta-di-belluno-di-ippolito-caffi-esposta-al-museo-civico-di-belluno\\\/\",\"name\":\"La Veduta di Belluno di Ippolito Caffi esposta al Museo Civico di Belluno - Bellunopress - Dolomiti\",\"isPartOf\":{\"@id\":\"https:\\\/\\\/www.bellunopress.it\\\/#website\"},\"primaryImageOfPage\":{\"@id\":\"https:\\\/\\\/www.bellunopress.it\\\/2026\\\/09\\\/04\\\/la-veduta-di-belluno-di-ippolito-caffi-esposta-al-museo-civico-di-belluno\\\/#primaryimage\"},\"image\":{\"@id\":\"https:\\\/\\\/www.bellunopress.it\\\/2026\\\/09\\\/04\\\/la-veduta-di-belluno-di-ippolito-caffi-esposta-al-museo-civico-di-belluno\\\/#primaryimage\"},\"thumbnailUrl\":\"https:\\\/\\\/www.bellunopress.it\\\/wp-content\\\/uploads\\\/2026\\\/09\\\/Veduta-di-Belluno-Ippolito-Caffi.jpeg\",\"datePublished\":\"2026-09-04T11:56:40+00:00\",\"breadcrumb\":{\"@id\":\"https:\\\/\\\/www.bellunopress.it\\\/2026\\\/09\\\/04\\\/la-veduta-di-belluno-di-ippolito-caffi-esposta-al-museo-civico-di-belluno\\\/#breadcrumb\"},\"inLanguage\":\"fr-FR\",\"potentialAction\":[{\"@type\":\"ReadAction\",\"target\":[\"https:\\\/\\\/www.bellunopress.it\\\/2026\\\/09\\\/04\\\/la-veduta-di-belluno-di-ippolito-caffi-esposta-al-museo-civico-di-belluno\\\/\"]}]},{\"@type\":\"ImageObject\",\"inLanguage\":\"fr-FR\",\"@id\":\"https:\\\/\\\/www.bellunopress.it\\\/2026\\\/09\\\/04\\\/la-veduta-di-belluno-di-ippolito-caffi-esposta-al-museo-civico-di-belluno\\\/#primaryimage\",\"url\":\"https:\\\/\\\/www.bellunopress.it\\\/wp-content\\\/uploads\\\/2026\\\/09\\\/Veduta-di-Belluno-Ippolito-Caffi.jpeg\",\"contentUrl\":\"https:\\\/\\\/www.bellunopress.it\\\/wp-content\\\/uploads\\\/2026\\\/09\\\/Veduta-di-Belluno-Ippolito-Caffi.jpeg\",\"width\":600,\"height\":394,\"caption\":\"Veduta di Belluno - Ippolito Caffi\"},{\"@type\":\"BreadcrumbList\",\"@id\":\"https:\\\/\\\/www.bellunopress.it\\\/2026\\\/09\\\/04\\\/la-veduta-di-belluno-di-ippolito-caffi-esposta-al-museo-civico-di-belluno\\\/#breadcrumb\",\"itemListElement\":[{\"@type\":\"ListItem\",\"position\":1,\"name\":\"Home\",\"item\":\"https:\\\/\\\/www.bellunopress.it\\\/\"},{\"@type\":\"ListItem\",\"position\":2,\"name\":\"La Veduta di Belluno di Ippolito Caffi esposta al Museo Civico di Belluno\"}]},{\"@type\":\"WebSite\",\"@id\":\"https:\\\/\\\/www.bellunopress.it\\\/#website\",\"url\":\"https:\\\/\\\/www.bellunopress.it\\\/\",\"name\":\"Bellunopress - Dolomiti\",\"description\":\"e-mail: redazione@bellunopress.it\",\"publisher\":{\"@id\":\"https:\\\/\\\/www.bellunopress.it\\\/#organization\"},\"potentialAction\":[{\"@type\":\"SearchAction\",\"target\":{\"@type\":\"EntryPoint\",\"urlTemplate\":\"https:\\\/\\\/www.bellunopress.it\\\/?s={search_term_string}\"},\"query-input\":{\"@type\":\"PropertyValueSpecification\",\"valueRequired\":true,\"valueName\":\"search_term_string\"}}],\"inLanguage\":\"fr-FR\"},{\"@type\":\"Organization\",\"@id\":\"https:\\\/\\\/www.bellunopress.it\\\/#organization\",\"name\":\"Bellunopress\",\"url\":\"https:\\\/\\\/www.bellunopress.it\\\/\",\"logo\":{\"@type\":\"ImageObject\",\"inLanguage\":\"fr-FR\",\"@id\":\"https:\\\/\\\/www.bellunopress.it\\\/#\\\/schema\\\/logo\\\/image\\\/\",\"url\":\"https:\\\/\\\/www.bellunopress.it\\\/wp-content\\\/uploads\\\/2011\\\/05\\\/cropped-logo-bellunopress-.jpg\",\"contentUrl\":\"https:\\\/\\\/www.bellunopress.it\\\/wp-content\\\/uploads\\\/2011\\\/05\\\/cropped-logo-bellunopress-.jpg\",\"width\":512,\"height\":512,\"caption\":\"Bellunopress\"},\"image\":{\"@id\":\"https:\\\/\\\/www.bellunopress.it\\\/#\\\/schema\\\/logo\\\/image\\\/\"},\"sameAs\":[\"https:\\\/\\\/www.facebook.com\\\/profile.php?id=100008943462799\",\"https:\\\/\\\/x.com\\\/bellunopress\",\"https:\\\/\\\/www.linkedin.com\\\/hp\\\/?dnr=JBzUWaJfMUw8vbXJJ2tVW5-I3jZKvC4wsoxE&amp;amp;amp;amp;amp;amp;trk=nav_responsive_tab_home\",\"https:\\\/\\\/www.youtube.com\\\/channel\\\/UCxL0wu1uN0_3_7hGG0306cw\"]},{\"@type\":\"Person\",\"@id\":\"https:\\\/\\\/www.bellunopress.it\\\/#\\\/schema\\\/person\\\/79bb06722b37ece1c03d3e94beb30d73\",\"name\":\"redazione\",\"image\":{\"@type\":\"ImageObject\",\"inLanguage\":\"fr-FR\",\"@id\":\"https:\\\/\\\/secure.gravatar.com\\\/avatar\\\/37d968a2e67a6fd04c169c4bdef102d0bc5d31b2546345219e348575eb80e9a0?s=96&d=mm&r=g\",\"url\":\"https:\\\/\\\/secure.gravatar.com\\\/avatar\\\/37d968a2e67a6fd04c169c4bdef102d0bc5d31b2546345219e348575eb80e9a0?s=96&d=mm&r=g\",\"contentUrl\":\"https:\\\/\\\/secure.gravatar.com\\\/avatar\\\/37d968a2e67a6fd04c169c4bdef102d0bc5d31b2546345219e348575eb80e9a0?s=96&d=mm&r=g\",\"caption\":\"redazione\"},\"sameAs\":[\"http:\\\/\\\/www.bellunopress.it\",\"https:\\\/\\\/x.com\\\/bellunopress\"],\"url\":\"https:\\\/\\\/www.bellunopress.it\\\/fr\\\/author\\\/redazione\\\/\"}]}<\/script>\n<!-- \/ Yoast SEO plugin. -->","yoast_head_json":{"title":"La Veduta di Belluno di Ippolito Caffi esposta al Museo Civico di Belluno - Bellunopress - Dolomiti","robots":{"index":"index","follow":"follow","max-snippet":"max-snippet:-1","max-image-preview":"max-image-preview:large","max-video-preview":"max-video-preview:-1"},"canonical":"https:\/\/www.bellunopress.it\/fr\/2026\/09\/04\/la-veduta-di-belluno-di-ippolito-caffi-esposta-al-museo-civico-di-belluno\/","og_locale":"fr_FR","og_type":"article","og_title":"La Veduta di Belluno di Ippolito Caffi esposta al Museo Civico di Belluno - Bellunopress - Dolomiti","og_description":"Da oggi l\u2019opera esposta nella sala dedicata all\u2019artista. Il Sindaco: \u201cLe collezioni civiche crescono anche grazie alla generosit\u00e0 dei cittadini\u201d Belluno, 04\/09\/2026 &#8211; Una nuova opera di Ippolito Caffi entra, seppure temporaneamente, nel percorso espositivo del Museo Civico di Belluno. Da oggi \u00e8 infatti visibile al pubblico nella sala dedicata al pittore bellunese la \u201cVeduta [&hellip;]","og_url":"https:\/\/www.bellunopress.it\/fr\/2026\/09\/04\/la-veduta-di-belluno-di-ippolito-caffi-esposta-al-museo-civico-di-belluno\/","og_site_name":"Bellunopress - Dolomiti","article_publisher":"https:\/\/www.facebook.com\/profile.php?id=100008943462799","article_published_time":"2026-09-04T11:56:40+00:00","og_image":[{"width":600,"height":394,"url":"https:\/\/www.bellunopress.it\/wp-content\/uploads\/2026\/09\/Veduta-di-Belluno-Ippolito-Caffi.jpeg","type":"image\/jpeg"}],"author":"redazione","twitter_card":"summary_large_image","twitter_creator":"@bellunopress","twitter_site":"@bellunopress","twitter_misc":{"Written by":"redazione","Est. reading time":"3 minutes"},"schema":{"@context":"https:\/\/schema.org","@graph":[{"@type":"Article","@id":"https:\/\/www.bellunopress.it\/2026\/09\/04\/la-veduta-di-belluno-di-ippolito-caffi-esposta-al-museo-civico-di-belluno\/#article","isPartOf":{"@id":"https:\/\/www.bellunopress.it\/2026\/09\/04\/la-veduta-di-belluno-di-ippolito-caffi-esposta-al-museo-civico-di-belluno\/"},"author":{"name":"redazione","@id":"https:\/\/www.bellunopress.it\/#\/schema\/person\/79bb06722b37ece1c03d3e94beb30d73"},"headline":"La Veduta di Belluno di Ippolito Caffi esposta al Museo Civico di Belluno","datePublished":"2026-09-04T11:56:40+00:00","mainEntityOfPage":{"@id":"https:\/\/www.bellunopress.it\/2026\/09\/04\/la-veduta-di-belluno-di-ippolito-caffi-esposta-al-museo-civico-di-belluno\/"},"wordCount":436,"publisher":{"@id":"https:\/\/www.bellunopress.it\/#organization"},"image":{"@id":"https:\/\/www.bellunopress.it\/2026\/09\/04\/la-veduta-di-belluno-di-ippolito-caffi-esposta-al-museo-civico-di-belluno\/#primaryimage"},"thumbnailUrl":"https:\/\/www.bellunopress.it\/wp-content\/uploads\/2026\/09\/Veduta-di-Belluno-Ippolito-Caffi.jpeg","articleSection":["Arte, Cultura, Spettacoli, Scienza","Pausa Caff\u00e8"],"inLanguage":"fr-FR"},{"@type":"WebPage","@id":"https:\/\/www.bellunopress.it\/2026\/09\/04\/la-veduta-di-belluno-di-ippolito-caffi-esposta-al-museo-civico-di-belluno\/","url":"https:\/\/www.bellunopress.it\/2026\/09\/04\/la-veduta-di-belluno-di-ippolito-caffi-esposta-al-museo-civico-di-belluno\/","name":"La Veduta di Belluno di Ippolito Caffi esposta al Museo Civico di Belluno - Bellunopress - Dolomiti","isPartOf":{"@id":"https:\/\/www.bellunopress.it\/#website"},"primaryImageOfPage":{"@id":"https:\/\/www.bellunopress.it\/2026\/09\/04\/la-veduta-di-belluno-di-ippolito-caffi-esposta-al-museo-civico-di-belluno\/#primaryimage"},"image":{"@id":"https:\/\/www.bellunopress.it\/2026\/09\/04\/la-veduta-di-belluno-di-ippolito-caffi-esposta-al-museo-civico-di-belluno\/#primaryimage"},"thumbnailUrl":"https:\/\/www.bellunopress.it\/wp-content\/uploads\/2026\/09\/Veduta-di-Belluno-Ippolito-Caffi.jpeg","datePublished":"2026-09-04T11:56:40+00:00","breadcrumb":{"@id":"https:\/\/www.bellunopress.it\/2026\/09\/04\/la-veduta-di-belluno-di-ippolito-caffi-esposta-al-museo-civico-di-belluno\/#breadcrumb"},"inLanguage":"fr-FR","potentialAction":[{"@type":"ReadAction","target":["https:\/\/www.bellunopress.it\/2026\/09\/04\/la-veduta-di-belluno-di-ippolito-caffi-esposta-al-museo-civico-di-belluno\/"]}]},{"@type":"ImageObject","inLanguage":"fr-FR","@id":"https:\/\/www.bellunopress.it\/2026\/09\/04\/la-veduta-di-belluno-di-ippolito-caffi-esposta-al-museo-civico-di-belluno\/#primaryimage","url":"https:\/\/www.bellunopress.it\/wp-content\/uploads\/2026\/09\/Veduta-di-Belluno-Ippolito-Caffi.jpeg","contentUrl":"https:\/\/www.bellunopress.it\/wp-content\/uploads\/2026\/09\/Veduta-di-Belluno-Ippolito-Caffi.jpeg","width":600,"height":394,"caption":"Veduta di Belluno - Ippolito Caffi"},{"@type":"BreadcrumbList","@id":"https:\/\/www.bellunopress.it\/2026\/09\/04\/la-veduta-di-belluno-di-ippolito-caffi-esposta-al-museo-civico-di-belluno\/#breadcrumb","itemListElement":[{"@type":"ListItem","position":1,"name":"Home","item":"https:\/\/www.bellunopress.it\/"},{"@type":"ListItem","position":2,"name":"La Veduta di Belluno di Ippolito Caffi esposta al Museo Civico di Belluno"}]},{"@type":"WebSite","@id":"https:\/\/www.bellunopress.it\/#website","url":"https:\/\/www.bellunopress.it\/","name":"Bellunopress - Dolomiti","description":"e-mail: redazione@bellunopress.it","publisher":{"@id":"https:\/\/www.bellunopress.it\/#organization"},"potentialAction":[{"@type":"SearchAction","target":{"@type":"EntryPoint","urlTemplate":"https:\/\/www.bellunopress.it\/?s={search_term_string}"},"query-input":{"@type":"PropertyValueSpecification","valueRequired":true,"valueName":"search_term_string"}}],"inLanguage":"fr-FR"},{"@type":"Organization","@id":"https:\/\/www.bellunopress.it\/#organization","name":"Bellunopress","url":"https:\/\/www.bellunopress.it\/","logo":{"@type":"ImageObject","inLanguage":"fr-FR","@id":"https:\/\/www.bellunopress.it\/#\/schema\/logo\/image\/","url":"https:\/\/www.bellunopress.it\/wp-content\/uploads\/2011\/05\/cropped-logo-bellunopress-.jpg","contentUrl":"https:\/\/www.bellunopress.it\/wp-content\/uploads\/2011\/05\/cropped-logo-bellunopress-.jpg","width":512,"height":512,"caption":"Bellunopress"},"image":{"@id":"https:\/\/www.bellunopress.it\/#\/schema\/logo\/image\/"},"sameAs":["https:\/\/www.facebook.com\/profile.php?id=100008943462799","https:\/\/x.com\/bellunopress","https:\/\/www.linkedin.com\/hp\/?dnr=JBzUWaJfMUw8vbXJJ2tVW5-I3jZKvC4wsoxE&amp;amp;amp;amp;amp;amp;trk=nav_responsive_tab_home","https:\/\/www.youtube.com\/channel\/UCxL0wu1uN0_3_7hGG0306cw"]},{"@type":"Person","@id":"https:\/\/www.bellunopress.it\/#\/schema\/person\/79bb06722b37ece1c03d3e94beb30d73","name":"r\u00e9daction","image":{"@type":"ImageObject","inLanguage":"fr-FR","@id":"https:\/\/secure.gravatar.com\/avatar\/37d968a2e67a6fd04c169c4bdef102d0bc5d31b2546345219e348575eb80e9a0?s=96&d=mm&r=g","url":"https:\/\/secure.gravatar.com\/avatar\/37d968a2e67a6fd04c169c4bdef102d0bc5d31b2546345219e348575eb80e9a0?s=96&d=mm&r=g","contentUrl":"https:\/\/secure.gravatar.com\/avatar\/37d968a2e67a6fd04c169c4bdef102d0bc5d31b2546345219e348575eb80e9a0?s=96&d=mm&r=g","caption":"redazione"},"sameAs":["http:\/\/www.bellunopress.it","https:\/\/x.com\/bellunopress"],"url":"https:\/\/www.bellunopress.it\/fr\/author\/redazione\/"}]}},"_links":{"self":[{"href":"https:\/\/www.bellunopress.it\/fr\/wp-json\/wp\/v2\/posts\/173128","targetHints":{"allow":["GET"]}}],"collection":[{"href":"https:\/\/www.bellunopress.it\/fr\/wp-json\/wp\/v2\/posts"}],"about":[{"href":"https:\/\/www.bellunopress.it\/fr\/wp-json\/wp\/v2\/types\/post"}],"author":[{"embeddable":true,"href":"https:\/\/www.bellunopress.it\/fr\/wp-json\/wp\/v2\/users\/2"}],"replies":[{"embeddable":true,"href":"https:\/\/www.bellunopress.it\/fr\/wp-json\/wp\/v2\/comments?post=173128"}],"version-history":[{"count":1,"href":"https:\/\/www.bellunopress.it\/fr\/wp-json\/wp\/v2\/posts\/173128\/revisions"}],"predecessor-version":[{"id":173130,"href":"https:\/\/www.bellunopress.it\/fr\/wp-json\/wp\/v2\/posts\/173128\/revisions\/173130"}],"wp:featuredmedia":[{"embeddable":true,"href":"https:\/\/www.bellunopress.it\/fr\/wp-json\/wp\/v2\/media\/173129"}],"wp:attachment":[{"href":"https:\/\/www.bellunopress.it\/fr\/wp-json\/wp\/v2\/media?parent=173128"}],"wp:term":[{"taxonomy":"category","embeddable":true,"href":"https:\/\/www.bellunopress.it\/fr\/wp-json\/wp\/v2\/categories?post=173128"},{"taxonomy":"post_tag","embeddable":true,"href":"https:\/\/www.bellunopress.it\/fr\/wp-json\/wp\/v2\/tags?post=173128"}],"curies":[{"name":"wp","href":"https:\/\/api.w.org\/{rel}","templated":true}]}}