{"id":173126,"date":"2026-09-04T10:58:16","date_gmt":"2026-09-04T08:58:16","guid":{"rendered":"https:\/\/www.bellunopress.it\/?p=173126"},"modified":"2026-09-04T10:58:16","modified_gmt":"2026-09-04T08:58:16","slug":"la-piscina-di-belluno-riapre-le-porte-dal-7-settembre-una-nuova-stagione-di-sport-benessere-e-passione-per-lacqua","status":"publish","type":"post","link":"https:\/\/www.bellunopress.it\/fr\/2026\/09\/04\/la-piscina-di-belluno-riapre-le-porte-dal-7-settembre-una-nuova-stagione-di-sport-benessere-e-passione-per-lacqua\/","title":{"rendered":"La Piscine de Belluno rouvre ses portes : \u00e0 partir du 7 septembre, une nouvelle saison de sport, de bien-\u00eatre et de passion pour l'eau"},"content":{"rendered":"<p>Belluno, 04\/09\/2026 &#8211; La Piscina di Belluno \u00e8 pronta a ripartire con una nuova stagione sportiva, nel segno dell\u2019entusiasmo, dell\u2019energia e con una proposta sempre pi\u00f9 ampia, dedicata a tutti coloro che amano l\u2019acqua e desiderano vivere l\u2019impianto come luogo di sport, benessere, socialit\u00e0 e crescita.<\/p>\n<p>Dopo la consueta pausa estiva, dal 7 settembre la struttura riaprir\u00e0 al pubblico al termine degli interventi di manutenzione straordinaria e di igienizzazione dell\u2019impianto e delle vasche, necessari per garantire ambienti sempre pi\u00f9 sicuri, puliti e accoglienti. La prima settimana sar\u00e0 gi\u00e0 ricca di attivit\u00e0, grazie alle proposte didattiche rivolte al mondo adulto e alle attivit\u00e0 di acquafitness, unite alle prove di nuoto artistico.<\/p>\n<p>&nbsp;<\/p>\n<p><strong>A pieno regime<\/strong><\/p>\n<p>Ma il vero, grande appuntamento \u00e8 in calendario luned\u00ec 14 settembre, quando prender\u00e0 il via l\u2019intera attivit\u00e0 didattica, con tutti i corsi e le iniziative dedicate alle diverse fasce d\u2019et\u00e0 e ai differenti livelli di preparazione. Una ripartenza pensata con un obiettivo preciso: aprire le porte della piscina al maggior numero di persone, superando il pi\u00f9 possibile il meccanismo delle liste d\u2019attesa e consentendo a chiunque di trovare una proposta adatta alle proprie esigenze. Bambini che imparano a nuotare, ragazzi che vogliono migliorare la propria tecnica, adulti che desiderano mantenersi in forma, persone che cercano nell\u2019acqua un\u2019opportunit\u00e0 di benessere e movimento: la piscina intende essere una casa dello sport aperta a tutti. La nuova stagione nasce quindi con una forte attenzione alla partecipazione e all\u2019accessibilit\u00e0, con l\u2019ambizione di accompagnare ogni utente nel proprio percorso: dal primo approccio con l\u2019acqua fino alla pratica sportiva pi\u00f9 strutturata.<\/p>\n<p>&nbsp;<\/p>\n<p><strong>Per l\u2019intera comunit\u00e0<\/strong><\/p>\n<p>La ripartenza della stagione rappresenta anche un momento importante per la citt\u00e0 di Belluno. Perch\u00e9 la piscina non \u00e8 soltanto un impianto sportivo, bens\u00ec un luogo che coinvolge quotidianamente famiglie, scuole, associazioni, societ\u00e0 sportive, bambini, giovani e adulti, diventando uno spazio di incontro e di comunit\u00e0. \u00abRipartiamo con grande entusiasmo e con la volont\u00e0 di rendere la piscina sempre pi\u00f9 aperta, accessibile e vicina alle esigenze della cittadinanza \u2013 \u00e8 il messaggio della gestione dell\u2019impianto \u2013. L\u2019obiettivo? Permettere a quante pi\u00f9 persone di vivere l\u2019acqua, imparare a nuotare, fare sport, mantenersi in forma e stare bene. La stagione che sta per iniziare vuole essere di ripartenza, ma soprattutto di partecipazione\u00bb. Dal 7 settembre, quindi, si torna in vasca con le prime attivit\u00e0, mentre dal 14 settembre la programmazione entrer\u00e0 nel vivo. La Piscina di Belluno \u00e8 pronta.<\/p>","protected":false},"excerpt":{"rendered":"<p>Belluno, 04\/09\/2026 &#8211; La Piscina di Belluno \u00e8 pronta a ripartire con una nuova stagione sportiva, nel segno dell\u2019entusiasmo, dell\u2019energia e con una proposta sempre pi\u00f9 ampia, dedicata a tutti coloro che amano l\u2019acqua e desiderano vivere l\u2019impianto come luogo di sport, benessere, socialit\u00e0 e crescita. Dopo la consueta pausa estiva, dal 7 settembre la [&hellip;]<\/p>\n","protected":false},"author":2,"featured_media":160653,"comment_status":"closed","ping_status":"open","sticky":false,"template":"","format":"standard","meta":{"footnotes":""},"categories":[25,4],"tags":[],"class_list":["post-173126","post","type-post","status-publish","format-standard","has-post-thumbnail","category-pausa-caffe","category-sport"],"yoast_head":"<!-- This site is optimized with the Yoast SEO plugin v28.4 - https:\/\/yoast.com\/product\/yoast-seo-wordpress\/ -->\n<title>La Piscina di Belluno riapre le porte: dal 7 settembre una nuova stagione di sport, benessere e passione per l\u2019acqua - Bellunopress - Dolomiti<\/title>\n<meta name=\"robots\" content=\"index, follow, max-snippet:-1, max-image-preview:large, max-video-preview:-1\" \/>\n<link rel=\"canonical\" href=\"https:\/\/www.bellunopress.it\/fr\/2026\/09\/04\/la-piscina-di-belluno-riapre-le-porte-dal-7-settembre-una-nuova-stagione-di-sport-benessere-e-passione-per-lacqua\/\" \/>\n<meta property=\"og:locale\" content=\"fr_FR\" \/>\n<meta property=\"og:type\" content=\"article\" \/>\n<meta property=\"og:title\" content=\"La Piscina di Belluno riapre le porte: dal 7 settembre una nuova stagione di sport, benessere e passione per l\u2019acqua - Bellunopress - Dolomiti\" \/>\n<meta property=\"og:description\" content=\"Belluno, 04\/09\/2026 &#8211; La Piscina di Belluno \u00e8 pronta a ripartire con una nuova stagione sportiva, nel segno dell\u2019entusiasmo, dell\u2019energia e con una proposta sempre pi\u00f9 ampia, dedicata a tutti coloro che amano l\u2019acqua e desiderano vivere l\u2019impianto come luogo di sport, benessere, socialit\u00e0 e crescita. Dopo la consueta pausa estiva, dal 7 settembre la [&hellip;]\" \/>\n<meta property=\"og:url\" content=\"https:\/\/www.bellunopress.it\/fr\/2026\/09\/04\/la-piscina-di-belluno-riapre-le-porte-dal-7-settembre-una-nuova-stagione-di-sport-benessere-e-passione-per-lacqua\/\" \/>\n<meta property=\"og:site_name\" content=\"Bellunopress - Dolomiti\" \/>\n<meta property=\"article:publisher\" content=\"https:\/\/www.facebook.com\/profile.php?id=100008943462799\" \/>\n<meta property=\"article:published_time\" content=\"2026-09-04T08:58:16+00:00\" \/>\n<meta property=\"og:image\" content=\"https:\/\/www.bellunopress.it\/wp-content\/uploads\/2025\/06\/piscina-belluno-sportivamente-belluno.jpg\" \/>\n\t<meta property=\"og:image:width\" content=\"1000\" \/>\n\t<meta property=\"og:image:height\" content=\"667\" \/>\n\t<meta property=\"og:image:type\" content=\"image\/jpeg\" \/>\n<meta name=\"author\" content=\"redazione\" \/>\n<meta name=\"twitter:card\" content=\"summary_large_image\" \/>\n<meta name=\"twitter:creator\" content=\"@bellunopress\" \/>\n<meta name=\"twitter:site\" content=\"@bellunopress\" \/>\n<meta name=\"twitter:label1\" content=\"\u00c9crit par\" \/>\n\t<meta name=\"twitter:data1\" content=\"redazione\" \/>\n\t<meta name=\"twitter:label2\" content=\"Dur\u00e9e de lecture estim\u00e9e\" \/>\n\t<meta name=\"twitter:data2\" content=\"3 minutes\" \/>\n<script type=\"application\/ld+json\" class=\"yoast-schema-graph\">{\"@context\":\"https:\\\/\\\/schema.org\",\"@graph\":[{\"@type\":\"Article\",\"@id\":\"https:\\\/\\\/www.bellunopress.it\\\/2026\\\/09\\\/04\\\/la-piscina-di-belluno-riapre-le-porte-dal-7-settembre-una-nuova-stagione-di-sport-benessere-e-passione-per-lacqua\\\/#article\",\"isPartOf\":{\"@id\":\"https:\\\/\\\/www.bellunopress.it\\\/2026\\\/09\\\/04\\\/la-piscina-di-belluno-riapre-le-porte-dal-7-settembre-una-nuova-stagione-di-sport-benessere-e-passione-per-lacqua\\\/\"},\"author\":{\"name\":\"redazione\",\"@id\":\"https:\\\/\\\/www.bellunopress.it\\\/#\\\/schema\\\/person\\\/79bb06722b37ece1c03d3e94beb30d73\"},\"headline\":\"La Piscina di Belluno riapre le porte: dal 7 settembre una nuova stagione di sport, benessere e passione per l\u2019acqua\",\"datePublished\":\"2026-09-04T08:58:16+00:00\",\"mainEntityOfPage\":{\"@id\":\"https:\\\/\\\/www.bellunopress.it\\\/2026\\\/09\\\/04\\\/la-piscina-di-belluno-riapre-le-porte-dal-7-settembre-una-nuova-stagione-di-sport-benessere-e-passione-per-lacqua\\\/\"},\"wordCount\":425,\"publisher\":{\"@id\":\"https:\\\/\\\/www.bellunopress.it\\\/#organization\"},\"image\":{\"@id\":\"https:\\\/\\\/www.bellunopress.it\\\/2026\\\/09\\\/04\\\/la-piscina-di-belluno-riapre-le-porte-dal-7-settembre-una-nuova-stagione-di-sport-benessere-e-passione-per-lacqua\\\/#primaryimage\"},\"thumbnailUrl\":\"https:\\\/\\\/www.bellunopress.it\\\/wp-content\\\/uploads\\\/2025\\\/06\\\/piscina-belluno-sportivamente-belluno.jpg\",\"articleSection\":[\"Pausa Caff\u00e8\",\"Sport, tempo libero\"],\"inLanguage\":\"fr-FR\"},{\"@type\":\"WebPage\",\"@id\":\"https:\\\/\\\/www.bellunopress.it\\\/2026\\\/09\\\/04\\\/la-piscina-di-belluno-riapre-le-porte-dal-7-settembre-una-nuova-stagione-di-sport-benessere-e-passione-per-lacqua\\\/\",\"url\":\"https:\\\/\\\/www.bellunopress.it\\\/2026\\\/09\\\/04\\\/la-piscina-di-belluno-riapre-le-porte-dal-7-settembre-una-nuova-stagione-di-sport-benessere-e-passione-per-lacqua\\\/\",\"name\":\"La Piscina di Belluno riapre le porte: dal 7 settembre una nuova stagione di sport, benessere e passione per l\u2019acqua - Bellunopress - Dolomiti\",\"isPartOf\":{\"@id\":\"https:\\\/\\\/www.bellunopress.it\\\/#website\"},\"primaryImageOfPage\":{\"@id\":\"https:\\\/\\\/www.bellunopress.it\\\/2026\\\/09\\\/04\\\/la-piscina-di-belluno-riapre-le-porte-dal-7-settembre-una-nuova-stagione-di-sport-benessere-e-passione-per-lacqua\\\/#primaryimage\"},\"image\":{\"@id\":\"https:\\\/\\\/www.bellunopress.it\\\/2026\\\/09\\\/04\\\/la-piscina-di-belluno-riapre-le-porte-dal-7-settembre-una-nuova-stagione-di-sport-benessere-e-passione-per-lacqua\\\/#primaryimage\"},\"thumbnailUrl\":\"https:\\\/\\\/www.bellunopress.it\\\/wp-content\\\/uploads\\\/2025\\\/06\\\/piscina-belluno-sportivamente-belluno.jpg\",\"datePublished\":\"2026-09-04T08:58:16+00:00\",\"breadcrumb\":{\"@id\":\"https:\\\/\\\/www.bellunopress.it\\\/2026\\\/09\\\/04\\\/la-piscina-di-belluno-riapre-le-porte-dal-7-settembre-una-nuova-stagione-di-sport-benessere-e-passione-per-lacqua\\\/#breadcrumb\"},\"inLanguage\":\"fr-FR\",\"potentialAction\":[{\"@type\":\"ReadAction\",\"target\":[\"https:\\\/\\\/www.bellunopress.it\\\/2026\\\/09\\\/04\\\/la-piscina-di-belluno-riapre-le-porte-dal-7-settembre-una-nuova-stagione-di-sport-benessere-e-passione-per-lacqua\\\/\"]}]},{\"@type\":\"ImageObject\",\"inLanguage\":\"fr-FR\",\"@id\":\"https:\\\/\\\/www.bellunopress.it\\\/2026\\\/09\\\/04\\\/la-piscina-di-belluno-riapre-le-porte-dal-7-settembre-una-nuova-stagione-di-sport-benessere-e-passione-per-lacqua\\\/#primaryimage\",\"url\":\"https:\\\/\\\/www.bellunopress.it\\\/wp-content\\\/uploads\\\/2025\\\/06\\\/piscina-belluno-sportivamente-belluno.jpg\",\"contentUrl\":\"https:\\\/\\\/www.bellunopress.it\\\/wp-content\\\/uploads\\\/2025\\\/06\\\/piscina-belluno-sportivamente-belluno.jpg\",\"width\":1000,\"height\":667,\"caption\":\"Piscina di Belluno\"},{\"@type\":\"BreadcrumbList\",\"@id\":\"https:\\\/\\\/www.bellunopress.it\\\/2026\\\/09\\\/04\\\/la-piscina-di-belluno-riapre-le-porte-dal-7-settembre-una-nuova-stagione-di-sport-benessere-e-passione-per-lacqua\\\/#breadcrumb\",\"itemListElement\":[{\"@type\":\"ListItem\",\"position\":1,\"name\":\"Home\",\"item\":\"https:\\\/\\\/www.bellunopress.it\\\/\"},{\"@type\":\"ListItem\",\"position\":2,\"name\":\"La Piscina di Belluno riapre le porte: dal 7 settembre una nuova stagione di sport, benessere e passione per l\u2019acqua\"}]},{\"@type\":\"WebSite\",\"@id\":\"https:\\\/\\\/www.bellunopress.it\\\/#website\",\"url\":\"https:\\\/\\\/www.bellunopress.it\\\/\",\"name\":\"Bellunopress - Dolomiti\",\"description\":\"e-mail: redazione@bellunopress.it\",\"publisher\":{\"@id\":\"https:\\\/\\\/www.bellunopress.it\\\/#organization\"},\"potentialAction\":[{\"@type\":\"SearchAction\",\"target\":{\"@type\":\"EntryPoint\",\"urlTemplate\":\"https:\\\/\\\/www.bellunopress.it\\\/?s={search_term_string}\"},\"query-input\":{\"@type\":\"PropertyValueSpecification\",\"valueRequired\":true,\"valueName\":\"search_term_string\"}}],\"inLanguage\":\"fr-FR\"},{\"@type\":\"Organization\",\"@id\":\"https:\\\/\\\/www.bellunopress.it\\\/#organization\",\"name\":\"Bellunopress\",\"url\":\"https:\\\/\\\/www.bellunopress.it\\\/\",\"logo\":{\"@type\":\"ImageObject\",\"inLanguage\":\"fr-FR\",\"@id\":\"https:\\\/\\\/www.bellunopress.it\\\/#\\\/schema\\\/logo\\\/image\\\/\",\"url\":\"https:\\\/\\\/www.bellunopress.it\\\/wp-content\\\/uploads\\\/2011\\\/05\\\/cropped-logo-bellunopress-.jpg\",\"contentUrl\":\"https:\\\/\\\/www.bellunopress.it\\\/wp-content\\\/uploads\\\/2011\\\/05\\\/cropped-logo-bellunopress-.jpg\",\"width\":512,\"height\":512,\"caption\":\"Bellunopress\"},\"image\":{\"@id\":\"https:\\\/\\\/www.bellunopress.it\\\/#\\\/schema\\\/logo\\\/image\\\/\"},\"sameAs\":[\"https:\\\/\\\/www.facebook.com\\\/profile.php?id=100008943462799\",\"https:\\\/\\\/x.com\\\/bellunopress\",\"https:\\\/\\\/www.linkedin.com\\\/hp\\\/?dnr=JBzUWaJfMUw8vbXJJ2tVW5-I3jZKvC4wsoxE&amp;amp;amp;amp;amp;amp;trk=nav_responsive_tab_home\",\"https:\\\/\\\/www.youtube.com\\\/channel\\\/UCxL0wu1uN0_3_7hGG0306cw\"]},{\"@type\":\"Person\",\"@id\":\"https:\\\/\\\/www.bellunopress.it\\\/#\\\/schema\\\/person\\\/79bb06722b37ece1c03d3e94beb30d73\",\"name\":\"redazione\",\"image\":{\"@type\":\"ImageObject\",\"inLanguage\":\"fr-FR\",\"@id\":\"https:\\\/\\\/secure.gravatar.com\\\/avatar\\\/37d968a2e67a6fd04c169c4bdef102d0bc5d31b2546345219e348575eb80e9a0?s=96&d=mm&r=g\",\"url\":\"https:\\\/\\\/secure.gravatar.com\\\/avatar\\\/37d968a2e67a6fd04c169c4bdef102d0bc5d31b2546345219e348575eb80e9a0?s=96&d=mm&r=g\",\"contentUrl\":\"https:\\\/\\\/secure.gravatar.com\\\/avatar\\\/37d968a2e67a6fd04c169c4bdef102d0bc5d31b2546345219e348575eb80e9a0?s=96&d=mm&r=g\",\"caption\":\"redazione\"},\"sameAs\":[\"http:\\\/\\\/www.bellunopress.it\",\"https:\\\/\\\/x.com\\\/bellunopress\"],\"url\":\"https:\\\/\\\/www.bellunopress.it\\\/fr\\\/author\\\/redazione\\\/\"}]}<\/script>\n<!-- \/ Yoast SEO plugin. -->","yoast_head_json":{"title":"La Piscina di Belluno riapre le porte: dal 7 settembre una nuova stagione di sport, benessere e passione per l\u2019acqua - Bellunopress - Dolomiti","robots":{"index":"index","follow":"follow","max-snippet":"max-snippet:-1","max-image-preview":"max-image-preview:large","max-video-preview":"max-video-preview:-1"},"canonical":"https:\/\/www.bellunopress.it\/fr\/2026\/09\/04\/la-piscina-di-belluno-riapre-le-porte-dal-7-settembre-una-nuova-stagione-di-sport-benessere-e-passione-per-lacqua\/","og_locale":"fr_FR","og_type":"article","og_title":"La Piscina di Belluno riapre le porte: dal 7 settembre una nuova stagione di sport, benessere e passione per l\u2019acqua - Bellunopress - Dolomiti","og_description":"Belluno, 04\/09\/2026 &#8211; La Piscina di Belluno \u00e8 pronta a ripartire con una nuova stagione sportiva, nel segno dell\u2019entusiasmo, dell\u2019energia e con una proposta sempre pi\u00f9 ampia, dedicata a tutti coloro che amano l\u2019acqua e desiderano vivere l\u2019impianto come luogo di sport, benessere, socialit\u00e0 e crescita. Dopo la consueta pausa estiva, dal 7 settembre la [&hellip;]","og_url":"https:\/\/www.bellunopress.it\/fr\/2026\/09\/04\/la-piscina-di-belluno-riapre-le-porte-dal-7-settembre-una-nuova-stagione-di-sport-benessere-e-passione-per-lacqua\/","og_site_name":"Bellunopress - Dolomiti","article_publisher":"https:\/\/www.facebook.com\/profile.php?id=100008943462799","article_published_time":"2026-09-04T08:58:16+00:00","og_image":[{"width":1000,"height":667,"url":"https:\/\/www.bellunopress.it\/wp-content\/uploads\/2025\/06\/piscina-belluno-sportivamente-belluno.jpg","type":"image\/jpeg"}],"author":"redazione","twitter_card":"summary_large_image","twitter_creator":"@bellunopress","twitter_site":"@bellunopress","twitter_misc":{"\u00c9crit par":"redazione","Dur\u00e9e de lecture estim\u00e9e":"3 minutes"},"schema":{"@context":"https:\/\/schema.org","@graph":[{"@type":"Article","@id":"https:\/\/www.bellunopress.it\/2026\/09\/04\/la-piscina-di-belluno-riapre-le-porte-dal-7-settembre-una-nuova-stagione-di-sport-benessere-e-passione-per-lacqua\/#article","isPartOf":{"@id":"https:\/\/www.bellunopress.it\/2026\/09\/04\/la-piscina-di-belluno-riapre-le-porte-dal-7-settembre-una-nuova-stagione-di-sport-benessere-e-passione-per-lacqua\/"},"author":{"name":"redazione","@id":"https:\/\/www.bellunopress.it\/#\/schema\/person\/79bb06722b37ece1c03d3e94beb30d73"},"headline":"La Piscina di Belluno riapre le porte: dal 7 settembre una nuova stagione di sport, benessere e passione per l\u2019acqua","datePublished":"2026-09-04T08:58:16+00:00","mainEntityOfPage":{"@id":"https:\/\/www.bellunopress.it\/2026\/09\/04\/la-piscina-di-belluno-riapre-le-porte-dal-7-settembre-una-nuova-stagione-di-sport-benessere-e-passione-per-lacqua\/"},"wordCount":425,"publisher":{"@id":"https:\/\/www.bellunopress.it\/#organization"},"image":{"@id":"https:\/\/www.bellunopress.it\/2026\/09\/04\/la-piscina-di-belluno-riapre-le-porte-dal-7-settembre-una-nuova-stagione-di-sport-benessere-e-passione-per-lacqua\/#primaryimage"},"thumbnailUrl":"https:\/\/www.bellunopress.it\/wp-content\/uploads\/2025\/06\/piscina-belluno-sportivamente-belluno.jpg","articleSection":["Pausa Caff\u00e8","Sport, tempo libero"],"inLanguage":"fr-FR"},{"@type":"WebPage","@id":"https:\/\/www.bellunopress.it\/2026\/09\/04\/la-piscina-di-belluno-riapre-le-porte-dal-7-settembre-una-nuova-stagione-di-sport-benessere-e-passione-per-lacqua\/","url":"https:\/\/www.bellunopress.it\/2026\/09\/04\/la-piscina-di-belluno-riapre-le-porte-dal-7-settembre-una-nuova-stagione-di-sport-benessere-e-passione-per-lacqua\/","name":"La Piscina di Belluno riapre le porte: dal 7 settembre una nuova stagione di sport, benessere e passione per l\u2019acqua - Bellunopress - Dolomiti","isPartOf":{"@id":"https:\/\/www.bellunopress.it\/#website"},"primaryImageOfPage":{"@id":"https:\/\/www.bellunopress.it\/2026\/09\/04\/la-piscina-di-belluno-riapre-le-porte-dal-7-settembre-una-nuova-stagione-di-sport-benessere-e-passione-per-lacqua\/#primaryimage"},"image":{"@id":"https:\/\/www.bellunopress.it\/2026\/09\/04\/la-piscina-di-belluno-riapre-le-porte-dal-7-settembre-una-nuova-stagione-di-sport-benessere-e-passione-per-lacqua\/#primaryimage"},"thumbnailUrl":"https:\/\/www.bellunopress.it\/wp-content\/uploads\/2025\/06\/piscina-belluno-sportivamente-belluno.jpg","datePublished":"2026-09-04T08:58:16+00:00","breadcrumb":{"@id":"https:\/\/www.bellunopress.it\/2026\/09\/04\/la-piscina-di-belluno-riapre-le-porte-dal-7-settembre-una-nuova-stagione-di-sport-benessere-e-passione-per-lacqua\/#breadcrumb"},"inLanguage":"fr-FR","potentialAction":[{"@type":"ReadAction","target":["https:\/\/www.bellunopress.it\/2026\/09\/04\/la-piscina-di-belluno-riapre-le-porte-dal-7-settembre-una-nuova-stagione-di-sport-benessere-e-passione-per-lacqua\/"]}]},{"@type":"ImageObject","inLanguage":"fr-FR","@id":"https:\/\/www.bellunopress.it\/2026\/09\/04\/la-piscina-di-belluno-riapre-le-porte-dal-7-settembre-una-nuova-stagione-di-sport-benessere-e-passione-per-lacqua\/#primaryimage","url":"https:\/\/www.bellunopress.it\/wp-content\/uploads\/2025\/06\/piscina-belluno-sportivamente-belluno.jpg","contentUrl":"https:\/\/www.bellunopress.it\/wp-content\/uploads\/2025\/06\/piscina-belluno-sportivamente-belluno.jpg","width":1000,"height":667,"caption":"Piscina di Belluno"},{"@type":"BreadcrumbList","@id":"https:\/\/www.bellunopress.it\/2026\/09\/04\/la-piscina-di-belluno-riapre-le-porte-dal-7-settembre-una-nuova-stagione-di-sport-benessere-e-passione-per-lacqua\/#breadcrumb","itemListElement":[{"@type":"ListItem","position":1,"name":"Home","item":"https:\/\/www.bellunopress.it\/"},{"@type":"ListItem","position":2,"name":"La Piscina di Belluno riapre le porte: dal 7 settembre una nuova stagione di sport, benessere e passione per l\u2019acqua"}]},{"@type":"WebSite","@id":"https:\/\/www.bellunopress.it\/#website","url":"https:\/\/www.bellunopress.it\/","name":"Bellunopress - Dolomiti","description":"e-mail: redazione@bellunopress.it","publisher":{"@id":"https:\/\/www.bellunopress.it\/#organization"},"potentialAction":[{"@type":"SearchAction","target":{"@type":"EntryPoint","urlTemplate":"https:\/\/www.bellunopress.it\/?s={search_term_string}"},"query-input":{"@type":"PropertyValueSpecification","valueRequired":true,"valueName":"search_term_string"}}],"inLanguage":"fr-FR"},{"@type":"Organization","@id":"https:\/\/www.bellunopress.it\/#organization","name":"Bellunopress","url":"https:\/\/www.bellunopress.it\/","logo":{"@type":"ImageObject","inLanguage":"fr-FR","@id":"https:\/\/www.bellunopress.it\/#\/schema\/logo\/image\/","url":"https:\/\/www.bellunopress.it\/wp-content\/uploads\/2011\/05\/cropped-logo-bellunopress-.jpg","contentUrl":"https:\/\/www.bellunopress.it\/wp-content\/uploads\/2011\/05\/cropped-logo-bellunopress-.jpg","width":512,"height":512,"caption":"Bellunopress"},"image":{"@id":"https:\/\/www.bellunopress.it\/#\/schema\/logo\/image\/"},"sameAs":["https:\/\/www.facebook.com\/profile.php?id=100008943462799","https:\/\/x.com\/bellunopress","https:\/\/www.linkedin.com\/hp\/?dnr=JBzUWaJfMUw8vbXJJ2tVW5-I3jZKvC4wsoxE&amp;amp;amp;amp;amp;amp;trk=nav_responsive_tab_home","https:\/\/www.youtube.com\/channel\/UCxL0wu1uN0_3_7hGG0306cw"]},{"@type":"Person","@id":"https:\/\/www.bellunopress.it\/#\/schema\/person\/79bb06722b37ece1c03d3e94beb30d73","name":"r\u00e9daction","image":{"@type":"ImageObject","inLanguage":"fr-FR","@id":"https:\/\/secure.gravatar.com\/avatar\/37d968a2e67a6fd04c169c4bdef102d0bc5d31b2546345219e348575eb80e9a0?s=96&d=mm&r=g","url":"https:\/\/secure.gravatar.com\/avatar\/37d968a2e67a6fd04c169c4bdef102d0bc5d31b2546345219e348575eb80e9a0?s=96&d=mm&r=g","contentUrl":"https:\/\/secure.gravatar.com\/avatar\/37d968a2e67a6fd04c169c4bdef102d0bc5d31b2546345219e348575eb80e9a0?s=96&d=mm&r=g","caption":"redazione"},"sameAs":["http:\/\/www.bellunopress.it","https:\/\/x.com\/bellunopress"],"url":"https:\/\/www.bellunopress.it\/fr\/author\/redazione\/"}]}},"_links":{"self":[{"href":"https:\/\/www.bellunopress.it\/fr\/wp-json\/wp\/v2\/posts\/173126","targetHints":{"allow":["GET"]}}],"collection":[{"href":"https:\/\/www.bellunopress.it\/fr\/wp-json\/wp\/v2\/posts"}],"about":[{"href":"https:\/\/www.bellunopress.it\/fr\/wp-json\/wp\/v2\/types\/post"}],"author":[{"embeddable":true,"href":"https:\/\/www.bellunopress.it\/fr\/wp-json\/wp\/v2\/users\/2"}],"replies":[{"embeddable":true,"href":"https:\/\/www.bellunopress.it\/fr\/wp-json\/wp\/v2\/comments?post=173126"}],"version-history":[{"count":1,"href":"https:\/\/www.bellunopress.it\/fr\/wp-json\/wp\/v2\/posts\/173126\/revisions"}],"predecessor-version":[{"id":173127,"href":"https:\/\/www.bellunopress.it\/fr\/wp-json\/wp\/v2\/posts\/173126\/revisions\/173127"}],"wp:featuredmedia":[{"embeddable":true,"href":"https:\/\/www.bellunopress.it\/fr\/wp-json\/wp\/v2\/media\/160653"}],"wp:attachment":[{"href":"https:\/\/www.bellunopress.it\/fr\/wp-json\/wp\/v2\/media?parent=173126"}],"wp:term":[{"taxonomy":"category","embeddable":true,"href":"https:\/\/www.bellunopress.it\/fr\/wp-json\/wp\/v2\/categories?post=173126"},{"taxonomy":"post_tag","embeddable":true,"href":"https:\/\/www.bellunopress.it\/fr\/wp-json\/wp\/v2\/tags?post=173126"}],"curies":[{"name":"wp","href":"https:\/\/api.w.org\/{rel}","templated":true}]}}