{"id":173124,"date":"2026-09-04T10:31:32","date_gmt":"2026-09-04T08:31:32","guid":{"rendered":"https:\/\/www.bellunopress.it\/?p=173124"},"modified":"2026-09-04T10:31:32","modified_gmt":"2026-09-04T08:31:32","slug":"controesodo-tutti-a-casa-oltre-27-milioni-di-spostamenti-per-il-primo-weekend-di-settembre-bollino-rosso-sabato-e-domenica","status":"publish","type":"post","link":"https:\/\/www.bellunopress.it\/fr\/2026\/09\/04\/controesodo-tutti-a-casa-oltre-27-milioni-di-spostamenti-per-il-primo-weekend-di-settembre-bollino-rosso-sabato-e-domenica\/","title":{"rendered":"Fin des vacances, tout le monde rentre : plus de 27 millions de d\u00e9placements pour le premier weekend de septembre. Drapeau rouge samedi et dimanche"},"content":{"rendered":"<p data-path-to-node=\"1\"><i data-path-to-node=\"1\" data-index-in-node=\"0\">L&#8217;Amministratore Delegato di Anas, Claudio Andrea Gemme: \u00abLa sicurezza sia la priorit\u00e0, massima attenzione e mai il cellulare alla guida\u00bb. Sospesi oltre l&#8217;80% dei cantieri lungo la rete.<\/i><\/p>\n<p data-path-to-node=\"2\">Roma, 04\/09\/2026\u00a0\u2014 Si chiude ufficialmente l&#8217;esodo estivo e milioni di italiani si mettono in viaggio per fare ritorno nei grandi centri urbani, in vista della riapertura delle scuole e della ripresa delle attivit\u00e0 lavorative. Secondo le stime dell&#8217;Osservatorio Mobilit\u00e0 Stradale di Anas, tra oggi e domenica 6 settembre si registrano<strong> oltre 27 milioni di spostamenti lungo<\/strong> le strade e le autostrade della societ\u00e0 del Gruppo FS.<\/p>\n<h3 data-path-to-node=\"3\">L&#8217;appello dell&#8217;Ad di Anas: \u00abPrudenza e responsabilit\u00e0\u00bb<\/h3>\n<p data-path-to-node=\"4\">A fare il punto sulla situazione \u00e8 l&#8217;Amministratore Delegato di Anas, Claudio Andrea Gemme, che sottolinea l&#8217;importanza di affrontare questa delicata fase di rientro con la massima consapevolezza: \u00ab<i data-path-to-node=\"4\" data-index-in-node=\"198\">La volont\u00e0 di rientrare rapidamente a casa o di riprendere le proprie attivit\u00e0 non deve tradursi in comportamenti frettolosi o imprudenti. La sicurezza deve restare la priorit\u00e0 assoluta<\/i>\u00bb, ha dichiarato Gemme, invitando gli automobilisti a pianificare gli spostamenti, informarsi in anticipo e rispettare i limiti di velocit\u00e0.<\/p>\n<p data-path-to-node=\"5\">Un monito particolare viene rivolto contro le distrazioni al volante: \u00ab<i data-path-to-node=\"5\" data-index-in-node=\"71\">Desidero ribadire un messaggio che resta fondamentale in ogni periodo dell&#8217;anno: non utilizzare mai il cellulare mentre si guida. Bastano pochi secondi di distrazione per mettere a rischio la propria vita e quella degli altri<\/i>\u00bb.<\/p>\n<h3 data-path-to-node=\"6\">Previsioni del traffico e bollini rossi<\/h3>\n<p data-path-to-node=\"7\">Per quanto riguarda le previsioni della circolazione, Viabilit\u00e0 Italia ha proclamato bollino rosso nel pomeriggio di sabato 5 settembre e in quello di domenica 6 settembre, evidenziando flussi di traffico in netta crescita dalle localit\u00e0 di villeggiatura verso le grandi citt\u00e0.<\/p>\n<p data-path-to-node=\"8\">Per agevolare il flusso dei veicoli, Anas ha fortemente ridimensionato la presenza dei cantieri lungo la rete: fino al prossimo 7 settembre restano chiusi o sospesi ben 1.175 cantieri, pari all&#8217;83% di quelli attivi (1.414). Sul territorio sono inoltre operativi circa 2.500 tra tecnici e personale di esercizio, affiancati dagli operatori delle Sale Operative Territoriali per garantire un presidio costante e assistenza alla mobilit\u00e0.<\/p>\n<p data-path-to-node=\"9\">Ricordiamo inoltre che per la giornata di domenica 6 settembre, dalle ore 7:00 alle ore 22:00, \u00e8 in vigore il divieto di transito per i veicoli pesanti.<\/p>\n<h3 data-path-to-node=\"10\">Le direttrici pi\u00f9 calde<\/h3>\n<p data-path-to-node=\"11\">I flussi intensi interessano l&#8217;intero territorio nazionale. Al centro-sud le maggiori criticit\u00e0 si registreranno sulla A2 &#8220;Autostrada del Mediterraneo&#8221; (Campania, Basilicata e Calabria), sulle statali 106 Jonica e 18 Tirrena Inferiore in Calabria, sulle autostrade A19 Palermo-Catania e A29 Palermo-Mazara del Vallo in Sicilia, e sulla SS131 Carlo Felice in Sardegna. Sotto osservazione anche la SS148 Pontina e la SS7 Appia nel Lazio, l&#8217;itinerario E45 (SS675 e SS3 bis), la SS1 Aurelia e la SS16 Adriatica.<\/p>\n<p data-path-to-node=\"12\">Nei settori del nord Italia, traffico sostenuto sui Raccordi Autostradali RA13 ed RA14 in Friuli-Venezia Giulia (provenienti dai valichi di confine), sulla SS36 del Lago di Como e dello Spluga in Lombardia, sulla SS45 di Val Trebbia in Liguria, sulla SS26 della Valle d&#8217;Aosta, sulla SS309 Romea (tra Emilia-Romagna e Veneto) e sulla SS51 di Alemagna in Veneto.<\/p>\n<p data-path-to-node=\"13\">Prima di mettersi in viaggio, Anas consiglia di consultare la pagina dedicata all&#8217;esodo estivo sul sito ufficiale (<i data-path-to-node=\"13\" data-index-in-node=\"115\">stradeanas.it<\/i>) per verificare la situazione dei cantieri inamovibili e l&#8217;aggiornamento in tempo reale sulla viabilit\u00e0.<\/p>","protected":false},"excerpt":{"rendered":"<p>L&#8217;Amministratore Delegato di Anas, Claudio Andrea Gemme: \u00abLa sicurezza sia la priorit\u00e0, massima attenzione e mai il cellulare alla guida\u00bb. Sospesi oltre l&#8217;80% dei cantieri lungo la rete. Roma, 04\/09\/2026\u00a0\u2014 Si chiude ufficialmente l&#8217;esodo estivo e milioni di italiani si mettono in viaggio per fare ritorno nei grandi centri urbani, in vista della riapertura delle [&hellip;]<\/p>\n","protected":false},"author":2,"featured_media":143131,"comment_status":"closed","ping_status":"open","sticky":false,"template":"","format":"standard","meta":{"footnotes":""},"categories":[5,26,8],"tags":[],"class_list":["post-173124","post","type-post","status-publish","format-standard","has-post-thumbnail","category-cronaca","category-prima-pagina","category-societa-istituzioni"],"yoast_head":"<!-- This site is optimized with the Yoast SEO plugin v28.4 - https:\/\/yoast.com\/product\/yoast-seo-wordpress\/ -->\n<title>Controesodo, tutti a casa: oltre 27 milioni di spostamenti per il primo weekend di settembre. Bollino rosso sabato e domenica - Bellunopress - Dolomiti<\/title>\n<meta name=\"robots\" content=\"index, follow, max-snippet:-1, max-image-preview:large, max-video-preview:-1\" \/>\n<link rel=\"canonical\" href=\"https:\/\/www.bellunopress.it\/fr\/2026\/09\/04\/controesodo-tutti-a-casa-oltre-27-milioni-di-spostamenti-per-il-primo-weekend-di-settembre-bollino-rosso-sabato-e-domenica\/\" \/>\n<meta property=\"og:locale\" content=\"fr_FR\" \/>\n<meta property=\"og:type\" content=\"article\" \/>\n<meta property=\"og:title\" content=\"Controesodo, tutti a casa: oltre 27 milioni di spostamenti per il primo weekend di settembre. Bollino rosso sabato e domenica - Bellunopress - Dolomiti\" \/>\n<meta property=\"og:description\" content=\"L&#8217;Amministratore Delegato di Anas, Claudio Andrea Gemme: \u00abLa sicurezza sia la priorit\u00e0, massima attenzione e mai il cellulare alla guida\u00bb. Sospesi oltre l&#8217;80% dei cantieri lungo la rete. Roma, 04\/09\/2026\u00a0\u2014 Si chiude ufficialmente l&#8217;esodo estivo e milioni di italiani si mettono in viaggio per fare ritorno nei grandi centri urbani, in vista della riapertura delle [&hellip;]\" \/>\n<meta property=\"og:url\" content=\"https:\/\/www.bellunopress.it\/fr\/2026\/09\/04\/controesodo-tutti-a-casa-oltre-27-milioni-di-spostamenti-per-il-primo-weekend-di-settembre-bollino-rosso-sabato-e-domenica\/\" \/>\n<meta property=\"og:site_name\" content=\"Bellunopress - Dolomiti\" \/>\n<meta property=\"article:publisher\" content=\"https:\/\/www.facebook.com\/profile.php?id=100008943462799\" \/>\n<meta property=\"article:published_time\" content=\"2026-09-04T08:31:32+00:00\" \/>\n<meta property=\"og:image\" content=\"https:\/\/www.bellunopress.it\/wp-content\/uploads\/2023\/07\/traffico-strade-Anas_edited.jpg\" \/>\n\t<meta property=\"og:image:width\" content=\"1000\" \/>\n\t<meta property=\"og:image:height\" content=\"486\" \/>\n\t<meta property=\"og:image:type\" content=\"image\/jpeg\" \/>\n<meta name=\"author\" content=\"redazione\" \/>\n<meta name=\"twitter:card\" content=\"summary_large_image\" \/>\n<meta name=\"twitter:creator\" content=\"@bellunopress\" \/>\n<meta name=\"twitter:site\" content=\"@bellunopress\" \/>\n<meta name=\"twitter:label1\" content=\"Written by\" \/>\n\t<meta name=\"twitter:data1\" content=\"redazione\" \/>\n\t<meta name=\"twitter:label2\" content=\"Est. reading time\" \/>\n\t<meta name=\"twitter:data2\" content=\"4 minutes\" \/>\n<script type=\"application\/ld+json\" class=\"yoast-schema-graph\">{\"@context\":\"https:\\\/\\\/schema.org\",\"@graph\":[{\"@type\":\"Article\",\"@id\":\"https:\\\/\\\/www.bellunopress.it\\\/2026\\\/09\\\/04\\\/controesodo-tutti-a-casa-oltre-27-milioni-di-spostamenti-per-il-primo-weekend-di-settembre-bollino-rosso-sabato-e-domenica\\\/#article\",\"isPartOf\":{\"@id\":\"https:\\\/\\\/www.bellunopress.it\\\/2026\\\/09\\\/04\\\/controesodo-tutti-a-casa-oltre-27-milioni-di-spostamenti-per-il-primo-weekend-di-settembre-bollino-rosso-sabato-e-domenica\\\/\"},\"author\":{\"name\":\"redazione\",\"@id\":\"https:\\\/\\\/www.bellunopress.it\\\/#\\\/schema\\\/person\\\/79bb06722b37ece1c03d3e94beb30d73\"},\"headline\":\"Controesodo, tutti a casa: oltre 27 milioni di spostamenti per il primo weekend di settembre. Bollino rosso sabato e domenica\",\"datePublished\":\"2026-09-04T08:31:32+00:00\",\"mainEntityOfPage\":{\"@id\":\"https:\\\/\\\/www.bellunopress.it\\\/2026\\\/09\\\/04\\\/controesodo-tutti-a-casa-oltre-27-milioni-di-spostamenti-per-il-primo-weekend-di-settembre-bollino-rosso-sabato-e-domenica\\\/\"},\"wordCount\":546,\"publisher\":{\"@id\":\"https:\\\/\\\/www.bellunopress.it\\\/#organization\"},\"image\":{\"@id\":\"https:\\\/\\\/www.bellunopress.it\\\/2026\\\/09\\\/04\\\/controesodo-tutti-a-casa-oltre-27-milioni-di-spostamenti-per-il-primo-weekend-di-settembre-bollino-rosso-sabato-e-domenica\\\/#primaryimage\"},\"thumbnailUrl\":\"https:\\\/\\\/www.bellunopress.it\\\/wp-content\\\/uploads\\\/2023\\\/07\\\/traffico-strade-Anas_edited.jpg\",\"articleSection\":[\"Cronaca\\\/Politica\",\"Prima Pagina\",\"Societ\u00e0, Associazioni, Istituzioni\"],\"inLanguage\":\"fr-FR\"},{\"@type\":\"WebPage\",\"@id\":\"https:\\\/\\\/www.bellunopress.it\\\/2026\\\/09\\\/04\\\/controesodo-tutti-a-casa-oltre-27-milioni-di-spostamenti-per-il-primo-weekend-di-settembre-bollino-rosso-sabato-e-domenica\\\/\",\"url\":\"https:\\\/\\\/www.bellunopress.it\\\/2026\\\/09\\\/04\\\/controesodo-tutti-a-casa-oltre-27-milioni-di-spostamenti-per-il-primo-weekend-di-settembre-bollino-rosso-sabato-e-domenica\\\/\",\"name\":\"Controesodo, tutti a casa: oltre 27 milioni di spostamenti per il primo weekend di settembre. Bollino rosso sabato e domenica - Bellunopress - Dolomiti\",\"isPartOf\":{\"@id\":\"https:\\\/\\\/www.bellunopress.it\\\/#website\"},\"primaryImageOfPage\":{\"@id\":\"https:\\\/\\\/www.bellunopress.it\\\/2026\\\/09\\\/04\\\/controesodo-tutti-a-casa-oltre-27-milioni-di-spostamenti-per-il-primo-weekend-di-settembre-bollino-rosso-sabato-e-domenica\\\/#primaryimage\"},\"image\":{\"@id\":\"https:\\\/\\\/www.bellunopress.it\\\/2026\\\/09\\\/04\\\/controesodo-tutti-a-casa-oltre-27-milioni-di-spostamenti-per-il-primo-weekend-di-settembre-bollino-rosso-sabato-e-domenica\\\/#primaryimage\"},\"thumbnailUrl\":\"https:\\\/\\\/www.bellunopress.it\\\/wp-content\\\/uploads\\\/2023\\\/07\\\/traffico-strade-Anas_edited.jpg\",\"datePublished\":\"2026-09-04T08:31:32+00:00\",\"breadcrumb\":{\"@id\":\"https:\\\/\\\/www.bellunopress.it\\\/2026\\\/09\\\/04\\\/controesodo-tutti-a-casa-oltre-27-milioni-di-spostamenti-per-il-primo-weekend-di-settembre-bollino-rosso-sabato-e-domenica\\\/#breadcrumb\"},\"inLanguage\":\"fr-FR\",\"potentialAction\":[{\"@type\":\"ReadAction\",\"target\":[\"https:\\\/\\\/www.bellunopress.it\\\/2026\\\/09\\\/04\\\/controesodo-tutti-a-casa-oltre-27-milioni-di-spostamenti-per-il-primo-weekend-di-settembre-bollino-rosso-sabato-e-domenica\\\/\"]}]},{\"@type\":\"ImageObject\",\"inLanguage\":\"fr-FR\",\"@id\":\"https:\\\/\\\/www.bellunopress.it\\\/2026\\\/09\\\/04\\\/controesodo-tutti-a-casa-oltre-27-milioni-di-spostamenti-per-il-primo-weekend-di-settembre-bollino-rosso-sabato-e-domenica\\\/#primaryimage\",\"url\":\"https:\\\/\\\/www.bellunopress.it\\\/wp-content\\\/uploads\\\/2023\\\/07\\\/traffico-strade-Anas_edited.jpg\",\"contentUrl\":\"https:\\\/\\\/www.bellunopress.it\\\/wp-content\\\/uploads\\\/2023\\\/07\\\/traffico-strade-Anas_edited.jpg\",\"width\":1000,\"height\":486},{\"@type\":\"BreadcrumbList\",\"@id\":\"https:\\\/\\\/www.bellunopress.it\\\/2026\\\/09\\\/04\\\/controesodo-tutti-a-casa-oltre-27-milioni-di-spostamenti-per-il-primo-weekend-di-settembre-bollino-rosso-sabato-e-domenica\\\/#breadcrumb\",\"itemListElement\":[{\"@type\":\"ListItem\",\"position\":1,\"name\":\"Home\",\"item\":\"https:\\\/\\\/www.bellunopress.it\\\/\"},{\"@type\":\"ListItem\",\"position\":2,\"name\":\"Controesodo, tutti a casa: oltre 27 milioni di spostamenti per il primo weekend di settembre. Bollino rosso sabato e domenica\"}]},{\"@type\":\"WebSite\",\"@id\":\"https:\\\/\\\/www.bellunopress.it\\\/#website\",\"url\":\"https:\\\/\\\/www.bellunopress.it\\\/\",\"name\":\"Bellunopress - Dolomiti\",\"description\":\"e-mail: redazione@bellunopress.it\",\"publisher\":{\"@id\":\"https:\\\/\\\/www.bellunopress.it\\\/#organization\"},\"potentialAction\":[{\"@type\":\"SearchAction\",\"target\":{\"@type\":\"EntryPoint\",\"urlTemplate\":\"https:\\\/\\\/www.bellunopress.it\\\/?s={search_term_string}\"},\"query-input\":{\"@type\":\"PropertyValueSpecification\",\"valueRequired\":true,\"valueName\":\"search_term_string\"}}],\"inLanguage\":\"fr-FR\"},{\"@type\":\"Organization\",\"@id\":\"https:\\\/\\\/www.bellunopress.it\\\/#organization\",\"name\":\"Bellunopress\",\"url\":\"https:\\\/\\\/www.bellunopress.it\\\/\",\"logo\":{\"@type\":\"ImageObject\",\"inLanguage\":\"fr-FR\",\"@id\":\"https:\\\/\\\/www.bellunopress.it\\\/#\\\/schema\\\/logo\\\/image\\\/\",\"url\":\"https:\\\/\\\/www.bellunopress.it\\\/wp-content\\\/uploads\\\/2011\\\/05\\\/cropped-logo-bellunopress-.jpg\",\"contentUrl\":\"https:\\\/\\\/www.bellunopress.it\\\/wp-content\\\/uploads\\\/2011\\\/05\\\/cropped-logo-bellunopress-.jpg\",\"width\":512,\"height\":512,\"caption\":\"Bellunopress\"},\"image\":{\"@id\":\"https:\\\/\\\/www.bellunopress.it\\\/#\\\/schema\\\/logo\\\/image\\\/\"},\"sameAs\":[\"https:\\\/\\\/www.facebook.com\\\/profile.php?id=100008943462799\",\"https:\\\/\\\/x.com\\\/bellunopress\",\"https:\\\/\\\/www.linkedin.com\\\/hp\\\/?dnr=JBzUWaJfMUw8vbXJJ2tVW5-I3jZKvC4wsoxE&amp;amp;amp;amp;amp;amp;trk=nav_responsive_tab_home\",\"https:\\\/\\\/www.youtube.com\\\/channel\\\/UCxL0wu1uN0_3_7hGG0306cw\"]},{\"@type\":\"Person\",\"@id\":\"https:\\\/\\\/www.bellunopress.it\\\/#\\\/schema\\\/person\\\/79bb06722b37ece1c03d3e94beb30d73\",\"name\":\"redazione\",\"image\":{\"@type\":\"ImageObject\",\"inLanguage\":\"fr-FR\",\"@id\":\"https:\\\/\\\/secure.gravatar.com\\\/avatar\\\/37d968a2e67a6fd04c169c4bdef102d0bc5d31b2546345219e348575eb80e9a0?s=96&d=mm&r=g\",\"url\":\"https:\\\/\\\/secure.gravatar.com\\\/avatar\\\/37d968a2e67a6fd04c169c4bdef102d0bc5d31b2546345219e348575eb80e9a0?s=96&d=mm&r=g\",\"contentUrl\":\"https:\\\/\\\/secure.gravatar.com\\\/avatar\\\/37d968a2e67a6fd04c169c4bdef102d0bc5d31b2546345219e348575eb80e9a0?s=96&d=mm&r=g\",\"caption\":\"redazione\"},\"sameAs\":[\"http:\\\/\\\/www.bellunopress.it\",\"https:\\\/\\\/x.com\\\/bellunopress\"],\"url\":\"https:\\\/\\\/www.bellunopress.it\\\/fr\\\/author\\\/redazione\\\/\"}]}<\/script>\n<!-- \/ Yoast SEO plugin. -->","yoast_head_json":{"title":"Controesodo, tutti a casa: oltre 27 milioni di spostamenti per il primo weekend di settembre. Bollino rosso sabato e domenica - Bellunopress - Dolomiti","robots":{"index":"index","follow":"follow","max-snippet":"max-snippet:-1","max-image-preview":"max-image-preview:large","max-video-preview":"max-video-preview:-1"},"canonical":"https:\/\/www.bellunopress.it\/fr\/2026\/09\/04\/controesodo-tutti-a-casa-oltre-27-milioni-di-spostamenti-per-il-primo-weekend-di-settembre-bollino-rosso-sabato-e-domenica\/","og_locale":"fr_FR","og_type":"article","og_title":"Controesodo, tutti a casa: oltre 27 milioni di spostamenti per il primo weekend di settembre. Bollino rosso sabato e domenica - Bellunopress - Dolomiti","og_description":"L&#8217;Amministratore Delegato di Anas, Claudio Andrea Gemme: \u00abLa sicurezza sia la priorit\u00e0, massima attenzione e mai il cellulare alla guida\u00bb. Sospesi oltre l&#8217;80% dei cantieri lungo la rete. Roma, 04\/09\/2026\u00a0\u2014 Si chiude ufficialmente l&#8217;esodo estivo e milioni di italiani si mettono in viaggio per fare ritorno nei grandi centri urbani, in vista della riapertura delle [&hellip;]","og_url":"https:\/\/www.bellunopress.it\/fr\/2026\/09\/04\/controesodo-tutti-a-casa-oltre-27-milioni-di-spostamenti-per-il-primo-weekend-di-settembre-bollino-rosso-sabato-e-domenica\/","og_site_name":"Bellunopress - Dolomiti","article_publisher":"https:\/\/www.facebook.com\/profile.php?id=100008943462799","article_published_time":"2026-09-04T08:31:32+00:00","og_image":[{"width":1000,"height":486,"url":"https:\/\/www.bellunopress.it\/wp-content\/uploads\/2023\/07\/traffico-strade-Anas_edited.jpg","type":"image\/jpeg"}],"author":"redazione","twitter_card":"summary_large_image","twitter_creator":"@bellunopress","twitter_site":"@bellunopress","twitter_misc":{"Written by":"redazione","Est. reading time":"4 minutes"},"schema":{"@context":"https:\/\/schema.org","@graph":[{"@type":"Article","@id":"https:\/\/www.bellunopress.it\/2026\/09\/04\/controesodo-tutti-a-casa-oltre-27-milioni-di-spostamenti-per-il-primo-weekend-di-settembre-bollino-rosso-sabato-e-domenica\/#article","isPartOf":{"@id":"https:\/\/www.bellunopress.it\/2026\/09\/04\/controesodo-tutti-a-casa-oltre-27-milioni-di-spostamenti-per-il-primo-weekend-di-settembre-bollino-rosso-sabato-e-domenica\/"},"author":{"name":"redazione","@id":"https:\/\/www.bellunopress.it\/#\/schema\/person\/79bb06722b37ece1c03d3e94beb30d73"},"headline":"Controesodo, tutti a casa: oltre 27 milioni di spostamenti per il primo weekend di settembre. Bollino rosso sabato e domenica","datePublished":"2026-09-04T08:31:32+00:00","mainEntityOfPage":{"@id":"https:\/\/www.bellunopress.it\/2026\/09\/04\/controesodo-tutti-a-casa-oltre-27-milioni-di-spostamenti-per-il-primo-weekend-di-settembre-bollino-rosso-sabato-e-domenica\/"},"wordCount":546,"publisher":{"@id":"https:\/\/www.bellunopress.it\/#organization"},"image":{"@id":"https:\/\/www.bellunopress.it\/2026\/09\/04\/controesodo-tutti-a-casa-oltre-27-milioni-di-spostamenti-per-il-primo-weekend-di-settembre-bollino-rosso-sabato-e-domenica\/#primaryimage"},"thumbnailUrl":"https:\/\/www.bellunopress.it\/wp-content\/uploads\/2023\/07\/traffico-strade-Anas_edited.jpg","articleSection":["Cronaca\/Politica","Prima Pagina","Societ\u00e0, Associazioni, Istituzioni"],"inLanguage":"fr-FR"},{"@type":"WebPage","@id":"https:\/\/www.bellunopress.it\/2026\/09\/04\/controesodo-tutti-a-casa-oltre-27-milioni-di-spostamenti-per-il-primo-weekend-di-settembre-bollino-rosso-sabato-e-domenica\/","url":"https:\/\/www.bellunopress.it\/2026\/09\/04\/controesodo-tutti-a-casa-oltre-27-milioni-di-spostamenti-per-il-primo-weekend-di-settembre-bollino-rosso-sabato-e-domenica\/","name":"Controesodo, tutti a casa: oltre 27 milioni di spostamenti per il primo weekend di settembre. Bollino rosso sabato e domenica - Bellunopress - Dolomiti","isPartOf":{"@id":"https:\/\/www.bellunopress.it\/#website"},"primaryImageOfPage":{"@id":"https:\/\/www.bellunopress.it\/2026\/09\/04\/controesodo-tutti-a-casa-oltre-27-milioni-di-spostamenti-per-il-primo-weekend-di-settembre-bollino-rosso-sabato-e-domenica\/#primaryimage"},"image":{"@id":"https:\/\/www.bellunopress.it\/2026\/09\/04\/controesodo-tutti-a-casa-oltre-27-milioni-di-spostamenti-per-il-primo-weekend-di-settembre-bollino-rosso-sabato-e-domenica\/#primaryimage"},"thumbnailUrl":"https:\/\/www.bellunopress.it\/wp-content\/uploads\/2023\/07\/traffico-strade-Anas_edited.jpg","datePublished":"2026-09-04T08:31:32+00:00","breadcrumb":{"@id":"https:\/\/www.bellunopress.it\/2026\/09\/04\/controesodo-tutti-a-casa-oltre-27-milioni-di-spostamenti-per-il-primo-weekend-di-settembre-bollino-rosso-sabato-e-domenica\/#breadcrumb"},"inLanguage":"fr-FR","potentialAction":[{"@type":"ReadAction","target":["https:\/\/www.bellunopress.it\/2026\/09\/04\/controesodo-tutti-a-casa-oltre-27-milioni-di-spostamenti-per-il-primo-weekend-di-settembre-bollino-rosso-sabato-e-domenica\/"]}]},{"@type":"ImageObject","inLanguage":"fr-FR","@id":"https:\/\/www.bellunopress.it\/2026\/09\/04\/controesodo-tutti-a-casa-oltre-27-milioni-di-spostamenti-per-il-primo-weekend-di-settembre-bollino-rosso-sabato-e-domenica\/#primaryimage","url":"https:\/\/www.bellunopress.it\/wp-content\/uploads\/2023\/07\/traffico-strade-Anas_edited.jpg","contentUrl":"https:\/\/www.bellunopress.it\/wp-content\/uploads\/2023\/07\/traffico-strade-Anas_edited.jpg","width":1000,"height":486},{"@type":"BreadcrumbList","@id":"https:\/\/www.bellunopress.it\/2026\/09\/04\/controesodo-tutti-a-casa-oltre-27-milioni-di-spostamenti-per-il-primo-weekend-di-settembre-bollino-rosso-sabato-e-domenica\/#breadcrumb","itemListElement":[{"@type":"ListItem","position":1,"name":"Home","item":"https:\/\/www.bellunopress.it\/"},{"@type":"ListItem","position":2,"name":"Controesodo, tutti a casa: oltre 27 milioni di spostamenti per il primo weekend di settembre. Bollino rosso sabato e domenica"}]},{"@type":"WebSite","@id":"https:\/\/www.bellunopress.it\/#website","url":"https:\/\/www.bellunopress.it\/","name":"Bellunopress - Dolomiti","description":"e-mail: redazione@bellunopress.it","publisher":{"@id":"https:\/\/www.bellunopress.it\/#organization"},"potentialAction":[{"@type":"SearchAction","target":{"@type":"EntryPoint","urlTemplate":"https:\/\/www.bellunopress.it\/?s={search_term_string}"},"query-input":{"@type":"PropertyValueSpecification","valueRequired":true,"valueName":"search_term_string"}}],"inLanguage":"fr-FR"},{"@type":"Organization","@id":"https:\/\/www.bellunopress.it\/#organization","name":"Bellunopress","url":"https:\/\/www.bellunopress.it\/","logo":{"@type":"ImageObject","inLanguage":"fr-FR","@id":"https:\/\/www.bellunopress.it\/#\/schema\/logo\/image\/","url":"https:\/\/www.bellunopress.it\/wp-content\/uploads\/2011\/05\/cropped-logo-bellunopress-.jpg","contentUrl":"https:\/\/www.bellunopress.it\/wp-content\/uploads\/2011\/05\/cropped-logo-bellunopress-.jpg","width":512,"height":512,"caption":"Bellunopress"},"image":{"@id":"https:\/\/www.bellunopress.it\/#\/schema\/logo\/image\/"},"sameAs":["https:\/\/www.facebook.com\/profile.php?id=100008943462799","https:\/\/x.com\/bellunopress","https:\/\/www.linkedin.com\/hp\/?dnr=JBzUWaJfMUw8vbXJJ2tVW5-I3jZKvC4wsoxE&amp;amp;amp;amp;amp;amp;trk=nav_responsive_tab_home","https:\/\/www.youtube.com\/channel\/UCxL0wu1uN0_3_7hGG0306cw"]},{"@type":"Person","@id":"https:\/\/www.bellunopress.it\/#\/schema\/person\/79bb06722b37ece1c03d3e94beb30d73","name":"r\u00e9daction","image":{"@type":"ImageObject","inLanguage":"fr-FR","@id":"https:\/\/secure.gravatar.com\/avatar\/37d968a2e67a6fd04c169c4bdef102d0bc5d31b2546345219e348575eb80e9a0?s=96&d=mm&r=g","url":"https:\/\/secure.gravatar.com\/avatar\/37d968a2e67a6fd04c169c4bdef102d0bc5d31b2546345219e348575eb80e9a0?s=96&d=mm&r=g","contentUrl":"https:\/\/secure.gravatar.com\/avatar\/37d968a2e67a6fd04c169c4bdef102d0bc5d31b2546345219e348575eb80e9a0?s=96&d=mm&r=g","caption":"redazione"},"sameAs":["http:\/\/www.bellunopress.it","https:\/\/x.com\/bellunopress"],"url":"https:\/\/www.bellunopress.it\/fr\/author\/redazione\/"}]}},"_links":{"self":[{"href":"https:\/\/www.bellunopress.it\/fr\/wp-json\/wp\/v2\/posts\/173124","targetHints":{"allow":["GET"]}}],"collection":[{"href":"https:\/\/www.bellunopress.it\/fr\/wp-json\/wp\/v2\/posts"}],"about":[{"href":"https:\/\/www.bellunopress.it\/fr\/wp-json\/wp\/v2\/types\/post"}],"author":[{"embeddable":true,"href":"https:\/\/www.bellunopress.it\/fr\/wp-json\/wp\/v2\/users\/2"}],"replies":[{"embeddable":true,"href":"https:\/\/www.bellunopress.it\/fr\/wp-json\/wp\/v2\/comments?post=173124"}],"version-history":[{"count":1,"href":"https:\/\/www.bellunopress.it\/fr\/wp-json\/wp\/v2\/posts\/173124\/revisions"}],"predecessor-version":[{"id":173125,"href":"https:\/\/www.bellunopress.it\/fr\/wp-json\/wp\/v2\/posts\/173124\/revisions\/173125"}],"wp:featuredmedia":[{"embeddable":true,"href":"https:\/\/www.bellunopress.it\/fr\/wp-json\/wp\/v2\/media\/143131"}],"wp:attachment":[{"href":"https:\/\/www.bellunopress.it\/fr\/wp-json\/wp\/v2\/media?parent=173124"}],"wp:term":[{"taxonomy":"category","embeddable":true,"href":"https:\/\/www.bellunopress.it\/fr\/wp-json\/wp\/v2\/categories?post=173124"},{"taxonomy":"post_tag","embeddable":true,"href":"https:\/\/www.bellunopress.it\/fr\/wp-json\/wp\/v2\/tags?post=173124"}],"curies":[{"name":"wp","href":"https:\/\/api.w.org\/{rel}","templated":true}]}}