{"id":173118,"date":"2026-09-04T08:00:40","date_gmt":"2026-09-04T06:00:40","guid":{"rendered":"https:\/\/www.bellunopress.it\/?p=173118"},"modified":"2026-09-04T08:00:40","modified_gmt":"2026-09-04T06:00:40","slug":"quando-il-pallone-prende-quota-la-citta-abbraccia-dolomiti-bellunesi-e-belluno-volley","status":"publish","type":"post","link":"https:\/\/www.bellunopress.it\/fr\/2026\/09\/04\/quando-il-pallone-prende-quota-la-citta-abbraccia-dolomiti-bellunesi-e-belluno-volley\/","title":{"rendered":"Quand le ballon prend de la hauteur : la ville embrasse Dolomiti Bellunesi et Belluno Volley"},"content":{"rendered":"<p>Belluno, 04\/09\/2026 &#8211; C&#8217;\u00e8 un momento, nelle serate di sport, in cui il campo smette di essere soltanto un rettangolo. Diventa una piazza, una citt\u00e0, un pezzo di territorio. E allora non importa pi\u00f9 se il pallone rotola sull&#8217;erba o vola sopra una rete. Conta dove atterra. E, soprattutto, per chi.<\/p>\n<figure id=\"attachment_173119\" aria-describedby=\"caption-attachment-173119\" style=\"width: 500px\" class=\"wp-caption aligncenter\"><img loading=\"lazy\" decoding=\"async\" class=\"size-full wp-image-173119\" src=\"https:\/\/www.bellunopress.it\/wp-content\/uploads\/2026\/09\/Dolomiti_Bellunesi_in_piazza.jpg\" alt=\"\" width=\"500\" height=\"333\" srcset=\"https:\/\/www.bellunopress.it\/wp-content\/uploads\/2026\/09\/Dolomiti_Bellunesi_in_piazza.jpg 500w, https:\/\/www.bellunopress.it\/wp-content\/uploads\/2026\/09\/Dolomiti_Bellunesi_in_piazza-150x100.jpg 150w, https:\/\/www.bellunopress.it\/wp-content\/uploads\/2026\/09\/Dolomiti_Bellunesi_in_piazza-300x200.jpg 300w\" sizes=\"auto, (max-width: 500px) 100vw, 500px\" \/><figcaption id=\"caption-attachment-173119\" class=\"wp-caption-text\">Dolomiti Bellunesi in piazza<\/figcaption><\/figure>\n<p>Piazza dei Martiri, per una sera, \u00e8 diventata il grande campo da gioco dello sport bellunese. Da una parte la Dolomiti Bellunesi, pronta ad affrontare una nuova stagione in Serie C. Dall&#8217;altra, il Belluno Volley, che si prepara al campionato di Serie A2. Calcio e pallavolo, due mondi diversi e una stessa, simbolica maglia: quella di una provincia che si riconosce nelle proprie squadre. Una serata di presentazione, certo. Ma anche qualcosa di pi\u00f9: l&#8217;abbraccio collettivo della gente, dei tifosi, degli appassionati e di chi magari non frequenta abitualmente uno stadio o un palazzetto, ma sa che le squadre raccontano Belluno pure al di fuori dei suoi confini.<\/p>\n<p>Due anche le voci: quella calcistica di Michele Pellegrini e pallavolistica di Nicol\u00f2 Dalla Gasperina, ad accompagnare il pubblico all&#8217;interno di un evento costruito come un ideale palleggio tra le discipline. Il calcio e la pallavolo hanno persino una grammatica comune: attaccare, difendere, costruire. Cambiano gli strumenti, non la necessit\u00e0 di stare insieme. E poi c&#8217;\u00e8 la montagna. Che, da queste parti, non \u00e8 uno sfondo. \u00c8 l&#8217;unit\u00e0 di misura di ogni sfumatura.<\/p>\n<p>L&#8217;entusiasmo \u00e8 deflagrato nel momento in cui sono saliti sul palco i due presidenti: Paolo De Cian per la Dolomiti Bellunesi e Sandro Da Rold per il Belluno Volley. Due societ\u00e0, due percorsi, due progetti che condividono la stessa ambizione: portare il nome di Belluno sempre pi\u00f9 lontano, senza perdere il legame con la propria terra. Poi \u00e8 toccato ai protagonisti sul campo. Ai giocatori che trasformano gli applausi in chilometri percorsi, palloni recuperati, muri, schiacciate, contrasti, parate, gol e punti. Il pubblico ha accolto la prima squadra dei rinoceronti, le due formazioni dolomitiche, maschile e femminile, fino alla squadra Premium, nel segno dell&#8217;inclusione. Volti nuovi e conferme, ragazzi e ragazze che hanno ricevuto dalla collettivit\u00e0 ci\u00f2 che ogni atleta ricerca, prima ancora di una vittoria: il senso di appartenenza.<\/p>\n<p>Dal canto suo, il sindaco Oscar De Pellegrin ha portato il saluto del Comune capoluogo, sottolineando il valore di due realt\u00e0 che rappresentano Belluno attraverso lo sport e che, con il loro percorso, contribuiscono a rafforzare identit\u00e0 e comunit\u00e0. A rappresentare il Comune di Feltre e Sedico, invece, hanno pensato gli assessori Maurizio Zatta e Carlo De Paris. Fondamentale, inoltre, la collaborazione del Consorzio Belluno Centro storico, guidato da Santi Di Noto, mentre il dj set di Tiziano Fabris ha accompagnato musica e festa. Il resto lo hanno fatto gli applausi. Quelli spontanei. Quelli che non si programmano. Gli stessi applausi destinati ora a cambiare luogo: dalla piazza agli spalti, dal cuore della citt\u00e0 allo stadio e al palasport. Perch\u00e9, alla fine, calcio e pallavolo raccontano due modi diversi di inseguire lo stesso traguardo. Partendo, almeno per una sera, da piazza dei Martiri.<\/p>","protected":false},"excerpt":{"rendered":"<p>Belluno, 04\/09\/2026 &#8211; C&#8217;\u00e8 un momento, nelle serate di sport, in cui il campo smette di essere soltanto un rettangolo. Diventa una piazza, una citt\u00e0, un pezzo di territorio. E allora non importa pi\u00f9 se il pallone rotola sull&#8217;erba o vola sopra una rete. Conta dove atterra. E, soprattutto, per chi. Piazza dei Martiri, per [&hellip;]<\/p>\n","protected":false},"author":2,"featured_media":173120,"comment_status":"closed","ping_status":"open","sticky":false,"template":"","format":"standard","meta":{"footnotes":""},"categories":[4],"tags":[],"class_list":["post-173118","post","type-post","status-publish","format-standard","has-post-thumbnail","category-sport"],"yoast_head":"<!-- This site is optimized with the Yoast SEO plugin v28.4 - https:\/\/yoast.com\/product\/yoast-seo-wordpress\/ -->\n<title>Quando il pallone prende quota: la citt\u00e0 abbraccia Dolomiti Bellunesi e Belluno Volley - Bellunopress - Dolomiti<\/title>\n<meta name=\"robots\" content=\"index, follow, max-snippet:-1, max-image-preview:large, max-video-preview:-1\" \/>\n<link rel=\"canonical\" href=\"https:\/\/www.bellunopress.it\/fr\/2026\/09\/04\/quando-il-pallone-prende-quota-la-citta-abbraccia-dolomiti-bellunesi-e-belluno-volley\/\" \/>\n<meta property=\"og:locale\" content=\"fr_FR\" \/>\n<meta property=\"og:type\" content=\"article\" \/>\n<meta property=\"og:title\" content=\"Quando il pallone prende quota: la citt\u00e0 abbraccia Dolomiti Bellunesi e Belluno Volley - Bellunopress - Dolomiti\" \/>\n<meta property=\"og:description\" content=\"Belluno, 04\/09\/2026 &#8211; C&#8217;\u00e8 un momento, nelle serate di sport, in cui il campo smette di essere soltanto un rettangolo. Diventa una piazza, una citt\u00e0, un pezzo di territorio. E allora non importa pi\u00f9 se il pallone rotola sull&#8217;erba o vola sopra una rete. Conta dove atterra. E, soprattutto, per chi. Piazza dei Martiri, per [&hellip;]\" \/>\n<meta property=\"og:url\" content=\"https:\/\/www.bellunopress.it\/fr\/2026\/09\/04\/quando-il-pallone-prende-quota-la-citta-abbraccia-dolomiti-bellunesi-e-belluno-volley\/\" \/>\n<meta property=\"og:site_name\" content=\"Bellunopress - Dolomiti\" \/>\n<meta property=\"article:publisher\" content=\"https:\/\/www.facebook.com\/profile.php?id=100008943462799\" \/>\n<meta property=\"article:published_time\" content=\"2026-09-04T06:00:40+00:00\" \/>\n<meta property=\"og:image\" content=\"https:\/\/www.bellunopress.it\/wp-content\/uploads\/2026\/09\/Belluno_Volley_in_piazza.jpg\" \/>\n\t<meta property=\"og:image:width\" content=\"500\" \/>\n\t<meta property=\"og:image:height\" content=\"316\" \/>\n\t<meta property=\"og:image:type\" content=\"image\/jpeg\" \/>\n<meta name=\"author\" content=\"redazione\" \/>\n<meta name=\"twitter:card\" content=\"summary_large_image\" \/>\n<meta name=\"twitter:creator\" content=\"@bellunopress\" \/>\n<meta name=\"twitter:site\" content=\"@bellunopress\" \/>\n<meta name=\"twitter:label1\" content=\"Written by\" \/>\n\t<meta name=\"twitter:data1\" content=\"redazione\" \/>\n\t<meta name=\"twitter:label2\" content=\"Est. reading time\" \/>\n\t<meta name=\"twitter:data2\" content=\"4 minutes\" \/>\n<script type=\"application\/ld+json\" class=\"yoast-schema-graph\">{\"@context\":\"https:\\\/\\\/schema.org\",\"@graph\":[{\"@type\":\"Article\",\"@id\":\"https:\\\/\\\/www.bellunopress.it\\\/2026\\\/09\\\/04\\\/quando-il-pallone-prende-quota-la-citta-abbraccia-dolomiti-bellunesi-e-belluno-volley\\\/#article\",\"isPartOf\":{\"@id\":\"https:\\\/\\\/www.bellunopress.it\\\/2026\\\/09\\\/04\\\/quando-il-pallone-prende-quota-la-citta-abbraccia-dolomiti-bellunesi-e-belluno-volley\\\/\"},\"author\":{\"name\":\"redazione\",\"@id\":\"https:\\\/\\\/www.bellunopress.it\\\/#\\\/schema\\\/person\\\/79bb06722b37ece1c03d3e94beb30d73\"},\"headline\":\"Quando il pallone prende quota: la citt\u00e0 abbraccia Dolomiti Bellunesi e Belluno Volley\",\"datePublished\":\"2026-09-04T06:00:40+00:00\",\"mainEntityOfPage\":{\"@id\":\"https:\\\/\\\/www.bellunopress.it\\\/2026\\\/09\\\/04\\\/quando-il-pallone-prende-quota-la-citta-abbraccia-dolomiti-bellunesi-e-belluno-volley\\\/\"},\"wordCount\":530,\"publisher\":{\"@id\":\"https:\\\/\\\/www.bellunopress.it\\\/#organization\"},\"image\":{\"@id\":\"https:\\\/\\\/www.bellunopress.it\\\/2026\\\/09\\\/04\\\/quando-il-pallone-prende-quota-la-citta-abbraccia-dolomiti-bellunesi-e-belluno-volley\\\/#primaryimage\"},\"thumbnailUrl\":\"https:\\\/\\\/www.bellunopress.it\\\/wp-content\\\/uploads\\\/2026\\\/09\\\/Belluno_Volley_in_piazza.jpg\",\"articleSection\":[\"Sport, tempo libero\"],\"inLanguage\":\"fr-FR\"},{\"@type\":\"WebPage\",\"@id\":\"https:\\\/\\\/www.bellunopress.it\\\/2026\\\/09\\\/04\\\/quando-il-pallone-prende-quota-la-citta-abbraccia-dolomiti-bellunesi-e-belluno-volley\\\/\",\"url\":\"https:\\\/\\\/www.bellunopress.it\\\/2026\\\/09\\\/04\\\/quando-il-pallone-prende-quota-la-citta-abbraccia-dolomiti-bellunesi-e-belluno-volley\\\/\",\"name\":\"Quando il pallone prende quota: la citt\u00e0 abbraccia Dolomiti Bellunesi e Belluno Volley - Bellunopress - Dolomiti\",\"isPartOf\":{\"@id\":\"https:\\\/\\\/www.bellunopress.it\\\/#website\"},\"primaryImageOfPage\":{\"@id\":\"https:\\\/\\\/www.bellunopress.it\\\/2026\\\/09\\\/04\\\/quando-il-pallone-prende-quota-la-citta-abbraccia-dolomiti-bellunesi-e-belluno-volley\\\/#primaryimage\"},\"image\":{\"@id\":\"https:\\\/\\\/www.bellunopress.it\\\/2026\\\/09\\\/04\\\/quando-il-pallone-prende-quota-la-citta-abbraccia-dolomiti-bellunesi-e-belluno-volley\\\/#primaryimage\"},\"thumbnailUrl\":\"https:\\\/\\\/www.bellunopress.it\\\/wp-content\\\/uploads\\\/2026\\\/09\\\/Belluno_Volley_in_piazza.jpg\",\"datePublished\":\"2026-09-04T06:00:40+00:00\",\"breadcrumb\":{\"@id\":\"https:\\\/\\\/www.bellunopress.it\\\/2026\\\/09\\\/04\\\/quando-il-pallone-prende-quota-la-citta-abbraccia-dolomiti-bellunesi-e-belluno-volley\\\/#breadcrumb\"},\"inLanguage\":\"fr-FR\",\"potentialAction\":[{\"@type\":\"ReadAction\",\"target\":[\"https:\\\/\\\/www.bellunopress.it\\\/2026\\\/09\\\/04\\\/quando-il-pallone-prende-quota-la-citta-abbraccia-dolomiti-bellunesi-e-belluno-volley\\\/\"]}]},{\"@type\":\"ImageObject\",\"inLanguage\":\"fr-FR\",\"@id\":\"https:\\\/\\\/www.bellunopress.it\\\/2026\\\/09\\\/04\\\/quando-il-pallone-prende-quota-la-citta-abbraccia-dolomiti-bellunesi-e-belluno-volley\\\/#primaryimage\",\"url\":\"https:\\\/\\\/www.bellunopress.it\\\/wp-content\\\/uploads\\\/2026\\\/09\\\/Belluno_Volley_in_piazza.jpg\",\"contentUrl\":\"https:\\\/\\\/www.bellunopress.it\\\/wp-content\\\/uploads\\\/2026\\\/09\\\/Belluno_Volley_in_piazza.jpg\",\"width\":500,\"height\":316,\"caption\":\"Belluno Volley in piazza\"},{\"@type\":\"BreadcrumbList\",\"@id\":\"https:\\\/\\\/www.bellunopress.it\\\/2026\\\/09\\\/04\\\/quando-il-pallone-prende-quota-la-citta-abbraccia-dolomiti-bellunesi-e-belluno-volley\\\/#breadcrumb\",\"itemListElement\":[{\"@type\":\"ListItem\",\"position\":1,\"name\":\"Home\",\"item\":\"https:\\\/\\\/www.bellunopress.it\\\/\"},{\"@type\":\"ListItem\",\"position\":2,\"name\":\"Quando il pallone prende quota: la citt\u00e0 abbraccia Dolomiti Bellunesi e Belluno Volley\"}]},{\"@type\":\"WebSite\",\"@id\":\"https:\\\/\\\/www.bellunopress.it\\\/#website\",\"url\":\"https:\\\/\\\/www.bellunopress.it\\\/\",\"name\":\"Bellunopress - Dolomiti\",\"description\":\"e-mail: redazione@bellunopress.it\",\"publisher\":{\"@id\":\"https:\\\/\\\/www.bellunopress.it\\\/#organization\"},\"potentialAction\":[{\"@type\":\"SearchAction\",\"target\":{\"@type\":\"EntryPoint\",\"urlTemplate\":\"https:\\\/\\\/www.bellunopress.it\\\/?s={search_term_string}\"},\"query-input\":{\"@type\":\"PropertyValueSpecification\",\"valueRequired\":true,\"valueName\":\"search_term_string\"}}],\"inLanguage\":\"fr-FR\"},{\"@type\":\"Organization\",\"@id\":\"https:\\\/\\\/www.bellunopress.it\\\/#organization\",\"name\":\"Bellunopress\",\"url\":\"https:\\\/\\\/www.bellunopress.it\\\/\",\"logo\":{\"@type\":\"ImageObject\",\"inLanguage\":\"fr-FR\",\"@id\":\"https:\\\/\\\/www.bellunopress.it\\\/#\\\/schema\\\/logo\\\/image\\\/\",\"url\":\"https:\\\/\\\/www.bellunopress.it\\\/wp-content\\\/uploads\\\/2011\\\/05\\\/cropped-logo-bellunopress-.jpg\",\"contentUrl\":\"https:\\\/\\\/www.bellunopress.it\\\/wp-content\\\/uploads\\\/2011\\\/05\\\/cropped-logo-bellunopress-.jpg\",\"width\":512,\"height\":512,\"caption\":\"Bellunopress\"},\"image\":{\"@id\":\"https:\\\/\\\/www.bellunopress.it\\\/#\\\/schema\\\/logo\\\/image\\\/\"},\"sameAs\":[\"https:\\\/\\\/www.facebook.com\\\/profile.php?id=100008943462799\",\"https:\\\/\\\/x.com\\\/bellunopress\",\"https:\\\/\\\/www.linkedin.com\\\/hp\\\/?dnr=JBzUWaJfMUw8vbXJJ2tVW5-I3jZKvC4wsoxE&amp;amp;amp;amp;amp;amp;trk=nav_responsive_tab_home\",\"https:\\\/\\\/www.youtube.com\\\/channel\\\/UCxL0wu1uN0_3_7hGG0306cw\"]},{\"@type\":\"Person\",\"@id\":\"https:\\\/\\\/www.bellunopress.it\\\/#\\\/schema\\\/person\\\/79bb06722b37ece1c03d3e94beb30d73\",\"name\":\"redazione\",\"image\":{\"@type\":\"ImageObject\",\"inLanguage\":\"fr-FR\",\"@id\":\"https:\\\/\\\/secure.gravatar.com\\\/avatar\\\/37d968a2e67a6fd04c169c4bdef102d0bc5d31b2546345219e348575eb80e9a0?s=96&d=mm&r=g\",\"url\":\"https:\\\/\\\/secure.gravatar.com\\\/avatar\\\/37d968a2e67a6fd04c169c4bdef102d0bc5d31b2546345219e348575eb80e9a0?s=96&d=mm&r=g\",\"contentUrl\":\"https:\\\/\\\/secure.gravatar.com\\\/avatar\\\/37d968a2e67a6fd04c169c4bdef102d0bc5d31b2546345219e348575eb80e9a0?s=96&d=mm&r=g\",\"caption\":\"redazione\"},\"sameAs\":[\"http:\\\/\\\/www.bellunopress.it\",\"https:\\\/\\\/x.com\\\/bellunopress\"],\"url\":\"https:\\\/\\\/www.bellunopress.it\\\/fr\\\/author\\\/redazione\\\/\"}]}<\/script>\n<!-- \/ Yoast SEO plugin. -->","yoast_head_json":{"title":"Quando il pallone prende quota: la citt\u00e0 abbraccia Dolomiti Bellunesi e Belluno Volley - Bellunopress - Dolomiti","robots":{"index":"index","follow":"follow","max-snippet":"max-snippet:-1","max-image-preview":"max-image-preview:large","max-video-preview":"max-video-preview:-1"},"canonical":"https:\/\/www.bellunopress.it\/fr\/2026\/09\/04\/quando-il-pallone-prende-quota-la-citta-abbraccia-dolomiti-bellunesi-e-belluno-volley\/","og_locale":"fr_FR","og_type":"article","og_title":"Quando il pallone prende quota: la citt\u00e0 abbraccia Dolomiti Bellunesi e Belluno Volley - Bellunopress - Dolomiti","og_description":"Belluno, 04\/09\/2026 &#8211; C&#8217;\u00e8 un momento, nelle serate di sport, in cui il campo smette di essere soltanto un rettangolo. Diventa una piazza, una citt\u00e0, un pezzo di territorio. E allora non importa pi\u00f9 se il pallone rotola sull&#8217;erba o vola sopra una rete. Conta dove atterra. E, soprattutto, per chi. Piazza dei Martiri, per [&hellip;]","og_url":"https:\/\/www.bellunopress.it\/fr\/2026\/09\/04\/quando-il-pallone-prende-quota-la-citta-abbraccia-dolomiti-bellunesi-e-belluno-volley\/","og_site_name":"Bellunopress - Dolomiti","article_publisher":"https:\/\/www.facebook.com\/profile.php?id=100008943462799","article_published_time":"2026-09-04T06:00:40+00:00","og_image":[{"width":500,"height":316,"url":"https:\/\/www.bellunopress.it\/wp-content\/uploads\/2026\/09\/Belluno_Volley_in_piazza.jpg","type":"image\/jpeg"}],"author":"redazione","twitter_card":"summary_large_image","twitter_creator":"@bellunopress","twitter_site":"@bellunopress","twitter_misc":{"Written by":"redazione","Est. reading time":"4 minutes"},"schema":{"@context":"https:\/\/schema.org","@graph":[{"@type":"Article","@id":"https:\/\/www.bellunopress.it\/2026\/09\/04\/quando-il-pallone-prende-quota-la-citta-abbraccia-dolomiti-bellunesi-e-belluno-volley\/#article","isPartOf":{"@id":"https:\/\/www.bellunopress.it\/2026\/09\/04\/quando-il-pallone-prende-quota-la-citta-abbraccia-dolomiti-bellunesi-e-belluno-volley\/"},"author":{"name":"redazione","@id":"https:\/\/www.bellunopress.it\/#\/schema\/person\/79bb06722b37ece1c03d3e94beb30d73"},"headline":"Quando il pallone prende quota: la citt\u00e0 abbraccia Dolomiti Bellunesi e Belluno Volley","datePublished":"2026-09-04T06:00:40+00:00","mainEntityOfPage":{"@id":"https:\/\/www.bellunopress.it\/2026\/09\/04\/quando-il-pallone-prende-quota-la-citta-abbraccia-dolomiti-bellunesi-e-belluno-volley\/"},"wordCount":530,"publisher":{"@id":"https:\/\/www.bellunopress.it\/#organization"},"image":{"@id":"https:\/\/www.bellunopress.it\/2026\/09\/04\/quando-il-pallone-prende-quota-la-citta-abbraccia-dolomiti-bellunesi-e-belluno-volley\/#primaryimage"},"thumbnailUrl":"https:\/\/www.bellunopress.it\/wp-content\/uploads\/2026\/09\/Belluno_Volley_in_piazza.jpg","articleSection":["Sport, tempo libero"],"inLanguage":"fr-FR"},{"@type":"WebPage","@id":"https:\/\/www.bellunopress.it\/2026\/09\/04\/quando-il-pallone-prende-quota-la-citta-abbraccia-dolomiti-bellunesi-e-belluno-volley\/","url":"https:\/\/www.bellunopress.it\/2026\/09\/04\/quando-il-pallone-prende-quota-la-citta-abbraccia-dolomiti-bellunesi-e-belluno-volley\/","name":"Quando il pallone prende quota: la citt\u00e0 abbraccia Dolomiti Bellunesi e Belluno Volley - Bellunopress - Dolomiti","isPartOf":{"@id":"https:\/\/www.bellunopress.it\/#website"},"primaryImageOfPage":{"@id":"https:\/\/www.bellunopress.it\/2026\/09\/04\/quando-il-pallone-prende-quota-la-citta-abbraccia-dolomiti-bellunesi-e-belluno-volley\/#primaryimage"},"image":{"@id":"https:\/\/www.bellunopress.it\/2026\/09\/04\/quando-il-pallone-prende-quota-la-citta-abbraccia-dolomiti-bellunesi-e-belluno-volley\/#primaryimage"},"thumbnailUrl":"https:\/\/www.bellunopress.it\/wp-content\/uploads\/2026\/09\/Belluno_Volley_in_piazza.jpg","datePublished":"2026-09-04T06:00:40+00:00","breadcrumb":{"@id":"https:\/\/www.bellunopress.it\/2026\/09\/04\/quando-il-pallone-prende-quota-la-citta-abbraccia-dolomiti-bellunesi-e-belluno-volley\/#breadcrumb"},"inLanguage":"fr-FR","potentialAction":[{"@type":"ReadAction","target":["https:\/\/www.bellunopress.it\/2026\/09\/04\/quando-il-pallone-prende-quota-la-citta-abbraccia-dolomiti-bellunesi-e-belluno-volley\/"]}]},{"@type":"ImageObject","inLanguage":"fr-FR","@id":"https:\/\/www.bellunopress.it\/2026\/09\/04\/quando-il-pallone-prende-quota-la-citta-abbraccia-dolomiti-bellunesi-e-belluno-volley\/#primaryimage","url":"https:\/\/www.bellunopress.it\/wp-content\/uploads\/2026\/09\/Belluno_Volley_in_piazza.jpg","contentUrl":"https:\/\/www.bellunopress.it\/wp-content\/uploads\/2026\/09\/Belluno_Volley_in_piazza.jpg","width":500,"height":316,"caption":"Belluno Volley in piazza"},{"@type":"BreadcrumbList","@id":"https:\/\/www.bellunopress.it\/2026\/09\/04\/quando-il-pallone-prende-quota-la-citta-abbraccia-dolomiti-bellunesi-e-belluno-volley\/#breadcrumb","itemListElement":[{"@type":"ListItem","position":1,"name":"Home","item":"https:\/\/www.bellunopress.it\/"},{"@type":"ListItem","position":2,"name":"Quando il pallone prende quota: la citt\u00e0 abbraccia Dolomiti Bellunesi e Belluno Volley"}]},{"@type":"WebSite","@id":"https:\/\/www.bellunopress.it\/#website","url":"https:\/\/www.bellunopress.it\/","name":"Bellunopress - Dolomiti","description":"e-mail: redazione@bellunopress.it","publisher":{"@id":"https:\/\/www.bellunopress.it\/#organization"},"potentialAction":[{"@type":"SearchAction","target":{"@type":"EntryPoint","urlTemplate":"https:\/\/www.bellunopress.it\/?s={search_term_string}"},"query-input":{"@type":"PropertyValueSpecification","valueRequired":true,"valueName":"search_term_string"}}],"inLanguage":"fr-FR"},{"@type":"Organization","@id":"https:\/\/www.bellunopress.it\/#organization","name":"Bellunopress","url":"https:\/\/www.bellunopress.it\/","logo":{"@type":"ImageObject","inLanguage":"fr-FR","@id":"https:\/\/www.bellunopress.it\/#\/schema\/logo\/image\/","url":"https:\/\/www.bellunopress.it\/wp-content\/uploads\/2011\/05\/cropped-logo-bellunopress-.jpg","contentUrl":"https:\/\/www.bellunopress.it\/wp-content\/uploads\/2011\/05\/cropped-logo-bellunopress-.jpg","width":512,"height":512,"caption":"Bellunopress"},"image":{"@id":"https:\/\/www.bellunopress.it\/#\/schema\/logo\/image\/"},"sameAs":["https:\/\/www.facebook.com\/profile.php?id=100008943462799","https:\/\/x.com\/bellunopress","https:\/\/www.linkedin.com\/hp\/?dnr=JBzUWaJfMUw8vbXJJ2tVW5-I3jZKvC4wsoxE&amp;amp;amp;amp;amp;amp;trk=nav_responsive_tab_home","https:\/\/www.youtube.com\/channel\/UCxL0wu1uN0_3_7hGG0306cw"]},{"@type":"Person","@id":"https:\/\/www.bellunopress.it\/#\/schema\/person\/79bb06722b37ece1c03d3e94beb30d73","name":"r\u00e9daction","image":{"@type":"ImageObject","inLanguage":"fr-FR","@id":"https:\/\/secure.gravatar.com\/avatar\/37d968a2e67a6fd04c169c4bdef102d0bc5d31b2546345219e348575eb80e9a0?s=96&d=mm&r=g","url":"https:\/\/secure.gravatar.com\/avatar\/37d968a2e67a6fd04c169c4bdef102d0bc5d31b2546345219e348575eb80e9a0?s=96&d=mm&r=g","contentUrl":"https:\/\/secure.gravatar.com\/avatar\/37d968a2e67a6fd04c169c4bdef102d0bc5d31b2546345219e348575eb80e9a0?s=96&d=mm&r=g","caption":"redazione"},"sameAs":["http:\/\/www.bellunopress.it","https:\/\/x.com\/bellunopress"],"url":"https:\/\/www.bellunopress.it\/fr\/author\/redazione\/"}]}},"_links":{"self":[{"href":"https:\/\/www.bellunopress.it\/fr\/wp-json\/wp\/v2\/posts\/173118","targetHints":{"allow":["GET"]}}],"collection":[{"href":"https:\/\/www.bellunopress.it\/fr\/wp-json\/wp\/v2\/posts"}],"about":[{"href":"https:\/\/www.bellunopress.it\/fr\/wp-json\/wp\/v2\/types\/post"}],"author":[{"embeddable":true,"href":"https:\/\/www.bellunopress.it\/fr\/wp-json\/wp\/v2\/users\/2"}],"replies":[{"embeddable":true,"href":"https:\/\/www.bellunopress.it\/fr\/wp-json\/wp\/v2\/comments?post=173118"}],"version-history":[{"count":1,"href":"https:\/\/www.bellunopress.it\/fr\/wp-json\/wp\/v2\/posts\/173118\/revisions"}],"predecessor-version":[{"id":173121,"href":"https:\/\/www.bellunopress.it\/fr\/wp-json\/wp\/v2\/posts\/173118\/revisions\/173121"}],"wp:featuredmedia":[{"embeddable":true,"href":"https:\/\/www.bellunopress.it\/fr\/wp-json\/wp\/v2\/media\/173120"}],"wp:attachment":[{"href":"https:\/\/www.bellunopress.it\/fr\/wp-json\/wp\/v2\/media?parent=173118"}],"wp:term":[{"taxonomy":"category","embeddable":true,"href":"https:\/\/www.bellunopress.it\/fr\/wp-json\/wp\/v2\/categories?post=173118"},{"taxonomy":"post_tag","embeddable":true,"href":"https:\/\/www.bellunopress.it\/fr\/wp-json\/wp\/v2\/tags?post=173118"}],"curies":[{"name":"wp","href":"https:\/\/api.w.org\/{rel}","templated":true}]}}